{"id":142525,"date":"2026-04-29T15:22:35","date_gmt":"2026-04-29T19:22:35","guid":{"rendered":"https:\/\/interamerica.org\/?p=142525"},"modified":"2026-05-01T00:18:40","modified_gmt":"2026-05-01T04:18:40","slug":"des-produits-alimentaires-dietetiques-utilises-pour-nourrir-en-mer-des-centaines-de-stagiaires-de-la-marine-argentine","status":"publish","type":"post","link":"https:\/\/interamerica.org\/fr\/2026\/04\/des-produits-alimentaires-dietetiques-utilises-pour-nourrir-en-mer-des-centaines-de-stagiaires-de-la-marine-argentine\/","title":{"rendered":"Des produits alimentaires di\u00e9t\u00e9tiques utilis\u00e9s pour nourrir en mer des centaines de stagiaires de la Marine Argentine"},"content":{"rendered":"<p class=\"c-post-header__subtitle\"><em>Le voyage de six mois inclut un stock de biscuits, de crackers et de c\u00e9r\u00e9ales pour le petit-d\u00e9jeuner issu d\u2019une unit\u00e9 de fabrication adventiste.<\/em><\/p>\n<p>29 avril 2026 | Argentine | Granix Foods, Actualit\u00e9s de la Division de l\u2019Am\u00e9rique du Sud et <em>Adventist Review<\/em><\/p>\n<p>Pour la deuxi\u00e8me ann\u00e9e cons\u00e9cutive, <a href=\"https:\/\/granix.com.ar\/\" target=\"_blank\" rel=\"noopener\">Granix<\/a>, l&rsquo;usine de produits alimentaires adventiste du septi\u00e8me jour en Argentine, a propos\u00e9 des options de nourriture di\u00e9t\u00e9tique \u00e0 des centaines de personnes en formation dans la Marine Argentine. Plus de 280 instructeurs et stagiaires de la Marine, embarqu\u00e9s \u00e0 bord de la fr\u00e9gate ARA <em>Libertad<\/em>,\u00a0ont appareill\u00e9 le 11 avril pour une exp\u00e9dition d&rsquo;entra\u00eenement de six mois. Ce voyage de formation devrait les conduire \u00e0 travers divers ports d&rsquo;Am\u00e9rique du Sud, d&rsquo;Am\u00e9rique Centrale et d&rsquo;Am\u00e9rique du Nord, entre autres au Br\u00e9sil, en Jama\u00efque, \u00e0 Porto Rico et aux \u00c9tats-Unis.<\/p>\n<p>Le groupe comprend des aspirants qui sont en derni\u00e8re ann\u00e9e de formation \u00e0 l&rsquo;Acad\u00e9mie Navale Militaire et se pr\u00e9parent \u00e0 devenir officiers de la Marine Argentine. Dans ce contexte, Granix Foods leur a fourni des produits di\u00e9t\u00e9tiques, notamment des biscuits, des crackers et des c\u00e9r\u00e9ales pour le petit-d\u00e9jeuner, ont r\u00e9cemment indiqu\u00e9 les responsables de l&rsquo;entreprise. \u00ab Au petit-d\u00e9jeuner comme au go\u00fbter, Granix fera partie int\u00e9grante du quotidien de tous les participants \u00e0 cette formation internationale de six mois, \u00bb ont dit les responsables de la soci\u00e9t\u00e9 juste avant le d\u00e9part de la fr\u00e9gate.<\/p>\n<p><div id=\"attachment_142443\" style=\"width: 910px\" class=\"wp-caption aligncenter\"><img fetchpriority=\"high\" decoding=\"async\" aria-describedby=\"caption-attachment-142443\" class=\" wp-image-142443\" src=\"https:\/\/interamerica.org\/wp-content\/uploads\/2026\/04\/granix-1-15-1200x0-c-default-1024x683.jpg\" alt=\"\" width=\"900\" height=\"600\" srcset=\"https:\/\/interamerica.org\/wp-content\/uploads\/2026\/04\/granix-1-15-1200x0-c-default-1024x683.jpg 1024w, https:\/\/interamerica.org\/wp-content\/uploads\/2026\/04\/granix-1-15-1200x0-c-default-300x200.jpg 300w, https:\/\/interamerica.org\/wp-content\/uploads\/2026\/04\/granix-1-15-1200x0-c-default-768x512.jpg 768w, https:\/\/interamerica.org\/wp-content\/uploads\/2026\/04\/granix-1-15-1200x0-c-default.jpg 1200w\" sizes=\"(max-width: 900px) 100vw, 900px\" \/><p id=\"caption-attachment-142443\" class=\"wp-caption-text\">Le voyage d&rsquo;entra\u00eenement de six mois en 2026 \u00e0 bord de la fr\u00e9gate ARA Libertad de la Marine Argentine inclut des options de restauration di\u00e9t\u00e9tiques propos\u00e9es par Granix afin de favoriser la bonne sant\u00e9 des instructeurs et des stagiaires. [Photographie : Granix]<\/p><\/div><strong>De la bonne nourriture et un message<\/strong><\/p>\n<p>La pr\u00e9sence d&rsquo;aliments di\u00e9t\u00e9tiques dans cet environnement s&rsquo;inscrit dans une vision holistique de la sant\u00e9 et du bien-\u00eatre, ont d\u00e9clar\u00e9 les responsables de Granix. \u00ab Conform\u00e9ment aux principes promus par l&rsquo;\u00c9glise adventiste, prendre soin de son corps fait partie d&rsquo;une conception plus large de la vie, o\u00f9 les choix quotidiens refl\u00e8tent des valeurs et des convictions, \u00bb ont-ils expliqu\u00e9.<\/p>\n<p>En plus des repas, des ouvrages spirituels ont \u00e9t\u00e9 distribu\u00e9s aux instructeurs et aux stagiaires dans le cadre de leur exp\u00e9rience \u00e0 bord, dans l&rsquo;espoir qu&rsquo;ils les aident \u00e0 r\u00e9fl\u00e9chir et \u00e0 grandir spirituellement durant ce long d\u00e9ploiement. \u00ab Notre objectif est de prendre soin d&rsquo;eux non seulement physiquement, mais aussi spirituellement, \u00bb ont indiqu\u00e9 les dirigeants.<\/p>\n<p><div id=\"attachment_142444\" style=\"width: 893px\" class=\"wp-caption aligncenter\"><img decoding=\"async\" aria-describedby=\"caption-attachment-142444\" class=\" wp-image-142444\" src=\"https:\/\/interamerica.org\/wp-content\/uploads\/2026\/04\/granix-2-13.jpg\" alt=\"\" width=\"883\" height=\"589\" srcset=\"https:\/\/interamerica.org\/wp-content\/uploads\/2026\/04\/granix-2-13.jpg 1000w, https:\/\/interamerica.org\/wp-content\/uploads\/2026\/04\/granix-2-13-300x200.jpg 300w, https:\/\/interamerica.org\/wp-content\/uploads\/2026\/04\/granix-2-13-768x512.jpg 768w\" sizes=\"(max-width: 883px) 100vw, 883px\" \/><p id=\"caption-attachment-142444\" class=\"wp-caption-text\">Les produits Granix font partie des options alimentaires saines et quotidiennes propos\u00e9es aux stagiaires embarquant \u00e0 bord de la fr\u00e9gate ARA Libertad de la Marine Argentine. [Photographie : Granix]<\/p><\/div>Le lieutenant Vanina Martin, responsable du fret, des services et de l&rsquo;entrep\u00f4t du navire, a d\u00e9clar\u00e9 appr\u00e9cier le partenariat entre la soci\u00e9t\u00e9 de produits alimentaires adventiste et la Marine. \u00ab Cette initiative nous permet de profiter d&rsquo;options saines qui seront int\u00e9gr\u00e9es \u00e0 nos petits-d\u00e9jeuners et go\u00fbters. C&rsquo;est aussi une fa\u00e7on de faire d\u00e9couvrir au monde entier des produits alimentaires argentins de grande qualit\u00e9, \u00bb a-t-elle dit.<\/p>\n<p><strong>Une formation avec un but<\/strong><\/p>\n<p>Les voyages de la\u00a0<em>Libertad<\/em>\u00a0jouent un r\u00f4le central dans la formation navale depuis des d\u00e9cennies. Depuis sa mise en service en 1963 en tant que navire-\u00e9cole \u00e0 trois-m\u00e2ts \u00e0 coque en acier, il a effectu\u00e9 des dizaines de voyages autour du monde.<\/p>\n<p>Le navire est devenu un symbole d&rsquo;apprentissage, de discipline et de pr\u00e9sence nationale dans tous les ports o\u00f9 il fait escale, ont indiqu\u00e9 des repr\u00e9sentants de la Marine. \u00ab Chaque voyage apporte non seulement une formation acad\u00e9mique et professionnelle, mais aussi une exp\u00e9rience humaine qui renforce des valeurs telles que la responsabilit\u00e9, le travail d&rsquo;\u00e9quipe et l&rsquo;engagement au service, \u00bb ont-ils d\u00e9clar\u00e9.<\/p>\n<p><div id=\"attachment_142445\" style=\"width: 862px\" class=\"wp-caption aligncenter\"><img decoding=\"async\" aria-describedby=\"caption-attachment-142445\" class=\" wp-image-142445\" src=\"https:\/\/interamerica.org\/wp-content\/uploads\/2026\/04\/granix-3-9.jpg\" alt=\"\" width=\"852\" height=\"568\" srcset=\"https:\/\/interamerica.org\/wp-content\/uploads\/2026\/04\/granix-3-9.jpg 1000w, https:\/\/interamerica.org\/wp-content\/uploads\/2026\/04\/granix-3-9-300x200.jpg 300w, https:\/\/interamerica.org\/wp-content\/uploads\/2026\/04\/granix-3-9-768x512.jpg 768w\" sizes=\"(max-width: 852px) 100vw, 852px\" \/><p id=\"caption-attachment-142445\" class=\"wp-caption-text\">Une \u00e9quipe de plus de 280 instructeurs et stagiaires appr\u00e9cie les aliments di\u00e9t\u00e9tiques, les biscuits, les crackers et les c\u00e9r\u00e9ales pour petit-d\u00e9jeuner pr\u00e9par\u00e9s par l&rsquo;usine Adventiste, pendant leur mission de six mois. [Photographie : Granix]<\/p><\/div>Selon les responsables de Granix, \u00eatre en mesure d\u2019apporter un soutien \u00e0 ce voyage est un gage d&rsquo;avenir. \u00ab C&rsquo;est aussi une fa\u00e7on d\u2019aborder la sant\u00e9 humaine en consid\u00e9rant l&rsquo;\u00e9quilibre, la responsabilit\u00e9 et le respect de la vie, \u00bb ont-ils confi\u00e9. \u00ab Nous esp\u00e9rons que dans chaque port, \u00e0 bord en mer et dans chaque choix quotidien, les participants appr\u00e9cieront les options d\u2019alimentation saine et de d\u00e9veloppement spirituel, autant d&rsquo;occasions concr\u00e8tes d&rsquo;accompagner, de soutenir et de promouvoir des valeurs. \u00bb<\/p>\n<p><em>La<\/em><a href=\"https:\/\/noticias.adventistas.org\/es\/de-argentina-al-mundo-granix-aporta-alimentos-saludables-en-la-travesia-de-la-fragata-libertad\/\" target=\"_blank\" rel=\"noopener\"><em>version originale<\/em><\/a><em>\u00a0de cet article a \u00e9t\u00e9 publi\u00e9e sur le\u00a0<\/em><a href=\"https:\/\/noticias.adventistas.org\/es\" target=\"_blank\" rel=\"noopener\"><em>site d&rsquo;information en espagnol<\/em><\/a><em>de la Division Sud Am\u00e9ricaine.<\/em><\/p>\n<p>Traduction: Patrick Luciathe<\/p>\n","protected":false},"excerpt":{"rendered":"<p>Le voyage de six mois inclut un stock de biscuits, de crackers et de c\u00e9r\u00e9ales pour le petit-d\u00e9jeuner issu d\u2019une unit\u00e9 de fabrication adventiste. 29 avril 2026 | Argentine |&#8230;<\/p>\n","protected":false},"author":3,"featured_media":142526,"comment_status":"closed","ping_status":"closed","sticky":false,"template":"","format":"standard","meta":{"_acf_changed":false,"footnotes":""},"categories":[18,19],"tags":[],"class_list":["post-142525","post","type-post","status-publish","format-standard","has-post-thumbnail","hentry","category-nouvelles-de-leglise-mondiale","category-rss-francais"],"acf":[],"yoast_head":"<!-- This site is optimized with the Yoast SEO plugin v27.3 - https:\/\/yoast.com\/product\/yoast-seo-wordpress\/ -->\n<title>Des produits alimentaires di\u00e9t\u00e9tiques utilis\u00e9s pour nourrir en mer des centaines de stagiaires de la Marine Argentine - \u00c9glise Adventiste Du Septieme Jour - Inter Am\u00e9rique Division<\/title>\n<meta name=\"robots\" content=\"index, follow, max-snippet:-1, max-image-preview:large, max-video-preview:-1\" \/>\n<link rel=\"canonical\" href=\"https:\/\/interamerica.org\/fr\/2026\/04\/des-produits-alimentaires-dietetiques-utilises-pour-nourrir-en-mer-des-centaines-de-stagiaires-de-la-marine-argentine\/\" \/>\n<meta property=\"og:locale\" content=\"fr_FR\" \/>\n<meta property=\"og:type\" content=\"article\" \/>\n<meta property=\"og:title\" content=\"Des produits alimentaires di\u00e9t\u00e9tiques utilis\u00e9s pour nourrir en mer des centaines de stagiaires de la Marine Argentine - \u00c9glise Adventiste Du Septieme Jour - Inter Am\u00e9rique Division\" \/>\n<meta property=\"og:description\" content=\"Le voyage de six mois inclut un stock de biscuits, de crackers et de c\u00e9r\u00e9ales pour le petit-d\u00e9jeuner issu d\u2019une unit\u00e9 de fabrication adventiste. 29 avril 2026 | Argentine |...\" \/>\n<meta property=\"og:url\" content=\"https:\/\/interamerica.org\/fr\/2026\/04\/des-produits-alimentaires-dietetiques-utilises-pour-nourrir-en-mer-des-centaines-de-stagiaires-de-la-marine-argentine\/\" \/>\n<meta property=\"og:site_name\" content=\"\u00c9glise Adventiste Du Septieme Jour - Inter Am\u00e9rique Division\" \/>\n<meta property=\"article:published_time\" content=\"2026-04-29T19:22:35+00:00\" \/>\n<meta property=\"article:modified_time\" content=\"2026-05-01T04:18:40+00:00\" \/>\n<meta property=\"og:image\" content=\"https:\/\/interamerica.org\/wp-content\/uploads\/2026\/04\/granix-1-15-1200x0-c-default.jpg\" \/>\n\t<meta property=\"og:image:width\" content=\"1200\" \/>\n\t<meta property=\"og:image:height\" content=\"800\" \/>\n\t<meta property=\"og:image:type\" content=\"image\/jpeg\" \/>\n<meta name=\"author\" content=\"libna\" \/>\n<meta name=\"twitter:card\" content=\"summary_large_image\" \/>\n<meta name=\"twitter:label1\" content=\"\u00c9crit par\" \/>\n\t<meta name=\"twitter:data1\" content=\"libna\" \/>\n\t<meta name=\"twitter:label2\" content=\"Dur\u00e9e de lecture estim\u00e9e\" \/>\n\t<meta name=\"twitter:data2\" content=\"5 minutes\" \/>\n<script type=\"application\/ld+json\" class=\"yoast-schema-graph\">{\"@context\":\"https:\\\/\\\/schema.org\",\"@graph\":[{\"@type\":\"Article\",\"@id\":\"https:\\\/\\\/interamerica.org\\\/fr\\\/2026\\\/04\\\/des-produits-alimentaires-dietetiques-utilises-pour-nourrir-en-mer-des-centaines-de-stagiaires-de-la-marine-argentine\\\/#article\",\"isPartOf\":{\"@id\":\"https:\\\/\\\/interamerica.org\\\/fr\\\/2026\\\/04\\\/des-produits-alimentaires-dietetiques-utilises-pour-nourrir-en-mer-des-centaines-de-stagiaires-de-la-marine-argentine\\\/\"},\"author\":{\"name\":\"libna\",\"@id\":\"https:\\\/\\\/interamerica.org\\\/fr\\\/#\\\/schema\\\/person\\\/29998f2bc2d8bd0d38662909289b54f1\"},\"headline\":\"Des produits alimentaires di\u00e9t\u00e9tiques utilis\u00e9s pour nourrir en mer des centaines de stagiaires de la Marine Argentine\",\"datePublished\":\"2026-04-29T19:22:35+00:00\",\"dateModified\":\"2026-05-01T04:18:40+00:00\",\"mainEntityOfPage\":{\"@id\":\"https:\\\/\\\/interamerica.org\\\/fr\\\/2026\\\/04\\\/des-produits-alimentaires-dietetiques-utilises-pour-nourrir-en-mer-des-centaines-de-stagiaires-de-la-marine-argentine\\\/\"},\"wordCount\":860,\"image\":{\"@id\":\"https:\\\/\\\/interamerica.org\\\/fr\\\/2026\\\/04\\\/des-produits-alimentaires-dietetiques-utilises-pour-nourrir-en-mer-des-centaines-de-stagiaires-de-la-marine-argentine\\\/#primaryimage\"},\"thumbnailUrl\":\"https:\\\/\\\/interamerica.org\\\/wp-content\\\/uploads\\\/2026\\\/04\\\/granix-1-15-1200x0-c-default.jpg\",\"articleSection\":[\"Nouvelles de l'\u00c9glise mondiale\",\"RSS Fran\u00e7ais\"],\"inLanguage\":\"fr-FR\"},{\"@type\":\"WebPage\",\"@id\":\"https:\\\/\\\/interamerica.org\\\/fr\\\/2026\\\/04\\\/des-produits-alimentaires-dietetiques-utilises-pour-nourrir-en-mer-des-centaines-de-stagiaires-de-la-marine-argentine\\\/\",\"url\":\"https:\\\/\\\/interamerica.org\\\/fr\\\/2026\\\/04\\\/des-produits-alimentaires-dietetiques-utilises-pour-nourrir-en-mer-des-centaines-de-stagiaires-de-la-marine-argentine\\\/\",\"name\":\"Des produits alimentaires di\u00e9t\u00e9tiques utilis\u00e9s pour nourrir en mer des centaines de stagiaires de la Marine Argentine - \u00c9glise Adventiste Du Septieme Jour - Inter Am\u00e9rique Division\",\"isPartOf\":{\"@id\":\"https:\\\/\\\/interamerica.org\\\/fr\\\/#website\"},\"primaryImageOfPage\":{\"@id\":\"https:\\\/\\\/interamerica.org\\\/fr\\\/2026\\\/04\\\/des-produits-alimentaires-dietetiques-utilises-pour-nourrir-en-mer-des-centaines-de-stagiaires-de-la-marine-argentine\\\/#primaryimage\"},\"image\":{\"@id\":\"https:\\\/\\\/interamerica.org\\\/fr\\\/2026\\\/04\\\/des-produits-alimentaires-dietetiques-utilises-pour-nourrir-en-mer-des-centaines-de-stagiaires-de-la-marine-argentine\\\/#primaryimage\"},\"thumbnailUrl\":\"https:\\\/\\\/interamerica.org\\\/wp-content\\\/uploads\\\/2026\\\/04\\\/granix-1-15-1200x0-c-default.jpg\",\"datePublished\":\"2026-04-29T19:22:35+00:00\",\"dateModified\":\"2026-05-01T04:18:40+00:00\",\"author\":{\"@id\":\"https:\\\/\\\/interamerica.org\\\/fr\\\/#\\\/schema\\\/person\\\/29998f2bc2d8bd0d38662909289b54f1\"},\"breadcrumb\":{\"@id\":\"https:\\\/\\\/interamerica.org\\\/fr\\\/2026\\\/04\\\/des-produits-alimentaires-dietetiques-utilises-pour-nourrir-en-mer-des-centaines-de-stagiaires-de-la-marine-argentine\\\/#breadcrumb\"},\"inLanguage\":\"fr-FR\",\"potentialAction\":[{\"@type\":\"ReadAction\",\"target\":[\"https:\\\/\\\/interamerica.org\\\/fr\\\/2026\\\/04\\\/des-produits-alimentaires-dietetiques-utilises-pour-nourrir-en-mer-des-centaines-de-stagiaires-de-la-marine-argentine\\\/\"]}]},{\"@type\":\"ImageObject\",\"inLanguage\":\"fr-FR\",\"@id\":\"https:\\\/\\\/interamerica.org\\\/fr\\\/2026\\\/04\\\/des-produits-alimentaires-dietetiques-utilises-pour-nourrir-en-mer-des-centaines-de-stagiaires-de-la-marine-argentine\\\/#primaryimage\",\"url\":\"https:\\\/\\\/interamerica.org\\\/wp-content\\\/uploads\\\/2026\\\/04\\\/granix-1-15-1200x0-c-default.jpg\",\"contentUrl\":\"https:\\\/\\\/interamerica.org\\\/wp-content\\\/uploads\\\/2026\\\/04\\\/granix-1-15-1200x0-c-default.jpg\",\"width\":1200,\"height\":800,\"caption\":\"Le voyage d'entra\u00eenement de six mois en 2026 \u00e0 bord de la fr\u00e9gate ARA Libertad de la Marine Argentine inclut des options de restauration di\u00e9t\u00e9tiques propos\u00e9es par Granix afin de favoriser la bonne sant\u00e9 des instructeurs et des stagiaires. [Photographie : Granix]\"},{\"@type\":\"BreadcrumbList\",\"@id\":\"https:\\\/\\\/interamerica.org\\\/fr\\\/2026\\\/04\\\/des-produits-alimentaires-dietetiques-utilises-pour-nourrir-en-mer-des-centaines-de-stagiaires-de-la-marine-argentine\\\/#breadcrumb\",\"itemListElement\":[{\"@type\":\"ListItem\",\"position\":1,\"name\":\"Home\",\"item\":\"https:\\\/\\\/interamerica.org\\\/fr\\\/\"},{\"@type\":\"ListItem\",\"position\":2,\"name\":\"Des produits alimentaires di\u00e9t\u00e9tiques utilis\u00e9s pour nourrir en mer des centaines de stagiaires de la Marine Argentine\"}]},{\"@type\":\"WebSite\",\"@id\":\"https:\\\/\\\/interamerica.org\\\/fr\\\/#website\",\"url\":\"https:\\\/\\\/interamerica.org\\\/fr\\\/\",\"name\":\"\u00c9glise Adventiste Du Septieme Jour - Inter Am\u00e9rique Division\",\"description\":\"\",\"potentialAction\":[{\"@type\":\"SearchAction\",\"target\":{\"@type\":\"EntryPoint\",\"urlTemplate\":\"https:\\\/\\\/interamerica.org\\\/fr\\\/?s={search_term_string}\"},\"query-input\":{\"@type\":\"PropertyValueSpecification\",\"valueRequired\":true,\"valueName\":\"search_term_string\"}}],\"inLanguage\":\"fr-FR\"},{\"@type\":\"Person\",\"@id\":\"https:\\\/\\\/interamerica.org\\\/fr\\\/#\\\/schema\\\/person\\\/29998f2bc2d8bd0d38662909289b54f1\",\"name\":\"libna\",\"image\":{\"@type\":\"ImageObject\",\"inLanguage\":\"fr-FR\",\"@id\":\"https:\\\/\\\/secure.gravatar.com\\\/avatar\\\/7c5bd30ae4b47a9ba3c856590957fd1d96dc588bf3ac05719d247e126840331f?s=96&d=mm&r=g\",\"url\":\"https:\\\/\\\/secure.gravatar.com\\\/avatar\\\/7c5bd30ae4b47a9ba3c856590957fd1d96dc588bf3ac05719d247e126840331f?s=96&d=mm&r=g\",\"contentUrl\":\"https:\\\/\\\/secure.gravatar.com\\\/avatar\\\/7c5bd30ae4b47a9ba3c856590957fd1d96dc588bf3ac05719d247e126840331f?s=96&d=mm&r=g\",\"caption\":\"libna\"}}]}<\/script>\n<!-- \/ Yoast SEO plugin. -->","yoast_head_json":{"title":"Des produits alimentaires di\u00e9t\u00e9tiques utilis\u00e9s pour nourrir en mer des centaines de stagiaires de la Marine Argentine - \u00c9glise Adventiste Du Septieme Jour - Inter Am\u00e9rique Division","robots":{"index":"index","follow":"follow","max-snippet":"max-snippet:-1","max-image-preview":"max-image-preview:large","max-video-preview":"max-video-preview:-1"},"canonical":"https:\/\/interamerica.org\/fr\/2026\/04\/des-produits-alimentaires-dietetiques-utilises-pour-nourrir-en-mer-des-centaines-de-stagiaires-de-la-marine-argentine\/","og_locale":"fr_FR","og_type":"article","og_title":"Des produits alimentaires di\u00e9t\u00e9tiques utilis\u00e9s pour nourrir en mer des centaines de stagiaires de la Marine Argentine - \u00c9glise Adventiste Du Septieme Jour - Inter Am\u00e9rique Division","og_description":"Le voyage de six mois inclut un stock de biscuits, de crackers et de c\u00e9r\u00e9ales pour le petit-d\u00e9jeuner issu d\u2019une unit\u00e9 de fabrication adventiste. 29 avril 2026 | Argentine |...","og_url":"https:\/\/interamerica.org\/fr\/2026\/04\/des-produits-alimentaires-dietetiques-utilises-pour-nourrir-en-mer-des-centaines-de-stagiaires-de-la-marine-argentine\/","og_site_name":"\u00c9glise Adventiste Du Septieme Jour - Inter Am\u00e9rique Division","article_published_time":"2026-04-29T19:22:35+00:00","article_modified_time":"2026-05-01T04:18:40+00:00","og_image":[{"width":1200,"height":800,"url":"https:\/\/interamerica.org\/wp-content\/uploads\/2026\/04\/granix-1-15-1200x0-c-default.jpg","type":"image\/jpeg"}],"author":"libna","twitter_card":"summary_large_image","twitter_misc":{"\u00c9crit par":"libna","Dur\u00e9e de lecture estim\u00e9e":"5 minutes"},"schema":{"@context":"https:\/\/schema.org","@graph":[{"@type":"Article","@id":"https:\/\/interamerica.org\/fr\/2026\/04\/des-produits-alimentaires-dietetiques-utilises-pour-nourrir-en-mer-des-centaines-de-stagiaires-de-la-marine-argentine\/#article","isPartOf":{"@id":"https:\/\/interamerica.org\/fr\/2026\/04\/des-produits-alimentaires-dietetiques-utilises-pour-nourrir-en-mer-des-centaines-de-stagiaires-de-la-marine-argentine\/"},"author":{"name":"libna","@id":"https:\/\/interamerica.org\/fr\/#\/schema\/person\/29998f2bc2d8bd0d38662909289b54f1"},"headline":"Des produits alimentaires di\u00e9t\u00e9tiques utilis\u00e9s pour nourrir en mer des centaines de stagiaires de la Marine Argentine","datePublished":"2026-04-29T19:22:35+00:00","dateModified":"2026-05-01T04:18:40+00:00","mainEntityOfPage":{"@id":"https:\/\/interamerica.org\/fr\/2026\/04\/des-produits-alimentaires-dietetiques-utilises-pour-nourrir-en-mer-des-centaines-de-stagiaires-de-la-marine-argentine\/"},"wordCount":860,"image":{"@id":"https:\/\/interamerica.org\/fr\/2026\/04\/des-produits-alimentaires-dietetiques-utilises-pour-nourrir-en-mer-des-centaines-de-stagiaires-de-la-marine-argentine\/#primaryimage"},"thumbnailUrl":"https:\/\/interamerica.org\/wp-content\/uploads\/2026\/04\/granix-1-15-1200x0-c-default.jpg","articleSection":["Nouvelles de l'\u00c9glise mondiale","RSS Fran\u00e7ais"],"inLanguage":"fr-FR"},{"@type":"WebPage","@id":"https:\/\/interamerica.org\/fr\/2026\/04\/des-produits-alimentaires-dietetiques-utilises-pour-nourrir-en-mer-des-centaines-de-stagiaires-de-la-marine-argentine\/","url":"https:\/\/interamerica.org\/fr\/2026\/04\/des-produits-alimentaires-dietetiques-utilises-pour-nourrir-en-mer-des-centaines-de-stagiaires-de-la-marine-argentine\/","name":"Des produits alimentaires di\u00e9t\u00e9tiques utilis\u00e9s pour nourrir en mer des centaines de stagiaires de la Marine Argentine - \u00c9glise Adventiste Du Septieme Jour - Inter Am\u00e9rique Division","isPartOf":{"@id":"https:\/\/interamerica.org\/fr\/#website"},"primaryImageOfPage":{"@id":"https:\/\/interamerica.org\/fr\/2026\/04\/des-produits-alimentaires-dietetiques-utilises-pour-nourrir-en-mer-des-centaines-de-stagiaires-de-la-marine-argentine\/#primaryimage"},"image":{"@id":"https:\/\/interamerica.org\/fr\/2026\/04\/des-produits-alimentaires-dietetiques-utilises-pour-nourrir-en-mer-des-centaines-de-stagiaires-de-la-marine-argentine\/#primaryimage"},"thumbnailUrl":"https:\/\/interamerica.org\/wp-content\/uploads\/2026\/04\/granix-1-15-1200x0-c-default.jpg","datePublished":"2026-04-29T19:22:35+00:00","dateModified":"2026-05-01T04:18:40+00:00","author":{"@id":"https:\/\/interamerica.org\/fr\/#\/schema\/person\/29998f2bc2d8bd0d38662909289b54f1"},"breadcrumb":{"@id":"https:\/\/interamerica.org\/fr\/2026\/04\/des-produits-alimentaires-dietetiques-utilises-pour-nourrir-en-mer-des-centaines-de-stagiaires-de-la-marine-argentine\/#breadcrumb"},"inLanguage":"fr-FR","potentialAction":[{"@type":"ReadAction","target":["https:\/\/interamerica.org\/fr\/2026\/04\/des-produits-alimentaires-dietetiques-utilises-pour-nourrir-en-mer-des-centaines-de-stagiaires-de-la-marine-argentine\/"]}]},{"@type":"ImageObject","inLanguage":"fr-FR","@id":"https:\/\/interamerica.org\/fr\/2026\/04\/des-produits-alimentaires-dietetiques-utilises-pour-nourrir-en-mer-des-centaines-de-stagiaires-de-la-marine-argentine\/#primaryimage","url":"https:\/\/interamerica.org\/wp-content\/uploads\/2026\/04\/granix-1-15-1200x0-c-default.jpg","contentUrl":"https:\/\/interamerica.org\/wp-content\/uploads\/2026\/04\/granix-1-15-1200x0-c-default.jpg","width":1200,"height":800,"caption":"Le voyage d'entra\u00eenement de six mois en 2026 \u00e0 bord de la fr\u00e9gate ARA Libertad de la Marine Argentine inclut des options de restauration di\u00e9t\u00e9tiques propos\u00e9es par Granix afin de favoriser la bonne sant\u00e9 des instructeurs et des stagiaires. [Photographie : Granix]"},{"@type":"BreadcrumbList","@id":"https:\/\/interamerica.org\/fr\/2026\/04\/des-produits-alimentaires-dietetiques-utilises-pour-nourrir-en-mer-des-centaines-de-stagiaires-de-la-marine-argentine\/#breadcrumb","itemListElement":[{"@type":"ListItem","position":1,"name":"Home","item":"https:\/\/interamerica.org\/fr\/"},{"@type":"ListItem","position":2,"name":"Des produits alimentaires di\u00e9t\u00e9tiques utilis\u00e9s pour nourrir en mer des centaines de stagiaires de la Marine Argentine"}]},{"@type":"WebSite","@id":"https:\/\/interamerica.org\/fr\/#website","url":"https:\/\/interamerica.org\/fr\/","name":"\u00c9glise Adventiste Du Septieme Jour - Inter Am\u00e9rique Division","description":"","potentialAction":[{"@type":"SearchAction","target":{"@type":"EntryPoint","urlTemplate":"https:\/\/interamerica.org\/fr\/?s={search_term_string}"},"query-input":{"@type":"PropertyValueSpecification","valueRequired":true,"valueName":"search_term_string"}}],"inLanguage":"fr-FR"},{"@type":"Person","@id":"https:\/\/interamerica.org\/fr\/#\/schema\/person\/29998f2bc2d8bd0d38662909289b54f1","name":"libna","image":{"@type":"ImageObject","inLanguage":"fr-FR","@id":"https:\/\/secure.gravatar.com\/avatar\/7c5bd30ae4b47a9ba3c856590957fd1d96dc588bf3ac05719d247e126840331f?s=96&d=mm&r=g","url":"https:\/\/secure.gravatar.com\/avatar\/7c5bd30ae4b47a9ba3c856590957fd1d96dc588bf3ac05719d247e126840331f?s=96&d=mm&r=g","contentUrl":"https:\/\/secure.gravatar.com\/avatar\/7c5bd30ae4b47a9ba3c856590957fd1d96dc588bf3ac05719d247e126840331f?s=96&d=mm&r=g","caption":"libna"}}]}},"_links":{"self":[{"href":"https:\/\/interamerica.org\/fr\/wp-json\/wp\/v2\/posts\/142525","targetHints":{"allow":["GET"]}}],"collection":[{"href":"https:\/\/interamerica.org\/fr\/wp-json\/wp\/v2\/posts"}],"about":[{"href":"https:\/\/interamerica.org\/fr\/wp-json\/wp\/v2\/types\/post"}],"author":[{"embeddable":true,"href":"https:\/\/interamerica.org\/fr\/wp-json\/wp\/v2\/users\/3"}],"replies":[{"embeddable":true,"href":"https:\/\/interamerica.org\/fr\/wp-json\/wp\/v2\/comments?post=142525"}],"version-history":[{"count":1,"href":"https:\/\/interamerica.org\/fr\/wp-json\/wp\/v2\/posts\/142525\/revisions"}],"predecessor-version":[{"id":142554,"href":"https:\/\/interamerica.org\/fr\/wp-json\/wp\/v2\/posts\/142525\/revisions\/142554"}],"wp:featuredmedia":[{"embeddable":true,"href":"https:\/\/interamerica.org\/fr\/wp-json\/wp\/v2\/media\/142526"}],"wp:attachment":[{"href":"https:\/\/interamerica.org\/fr\/wp-json\/wp\/v2\/media?parent=142525"}],"wp:term":[{"taxonomy":"category","embeddable":true,"href":"https:\/\/interamerica.org\/fr\/wp-json\/wp\/v2\/categories?post=142525"},{"taxonomy":"post_tag","embeddable":true,"href":"https:\/\/interamerica.org\/fr\/wp-json\/wp\/v2\/tags?post=142525"}],"curies":[{"name":"wp","href":"https:\/\/api.w.org\/{rel}","templated":true}]}}