{"id":142542,"date":"2026-04-29T10:16:51","date_gmt":"2026-04-29T14:16:51","guid":{"rendered":"https:\/\/interamerica.org\/?p=142542"},"modified":"2026-05-01T00:20:11","modified_gmt":"2026-05-01T04:20:11","slug":"des-etudiants-menent-luniversite-de-montemorelos-a-la-victoire-au-championnat-national-de-robotique","status":"publish","type":"post","link":"https:\/\/interamerica.org\/fr\/2026\/04\/des-etudiants-menent-luniversite-de-montemorelos-a-la-victoire-au-championnat-national-de-robotique\/","title":{"rendered":"Des \u00e9tudiants m\u00e8nent l&rsquo;Universit\u00e9 de Montemorelos \u00e0 la victoire au championnat national de robotique"},"content":{"rendered":"<p><strong>\u00a0<\/strong><em>Un robot domestique m\u00fb par l\u2019intelligence artificielle met en lumi\u00e8re l&rsquo;innovation et le travail d&rsquo;\u00e9quipe<\/em><\/p>\n<p>28 avril 2026 | Montemorelos, Nuevo Le\u00f3n, Mexique Laura Marrero et l&rsquo;\u00e9quipe de r\u00e9daction de la DIA<\/p>\n<p>Des \u00e9tudiants et des professeurs de l&rsquo;Universit\u00e9 de Montemorelos, un \u00e9tablissement adventiste supervis\u00e9 par la Division Inter Am\u00e9ricaine, ont remport\u00e9 la premi\u00e8re place nationale dans la cat\u00e9gorie D\u00e9butant du concours RoboCup @Home lors du Tournoi Mexicain de Robotique (TMR) 2026, qui s&rsquo;est tenu du 16 au 18 avril \u00e0 Puebla.<\/p>\n<p>Cette performance repr\u00e9sente une \u00e9tape importante pour l&rsquo;institution, qui remporte la premi\u00e8re place dans cette cat\u00e9gorie pour la premi\u00e8re fois, face \u00e0 des universit\u00e9s jouissant d&rsquo;une excellente r\u00e9putation acad\u00e9mique \u00e0 travers le Mexique, ont d\u00e9clar\u00e9 les dirigeants de l&rsquo;universit\u00e9.<\/p>\n<p><div id=\"attachment_142436\" style=\"width: 938px\" class=\"wp-caption aligncenter\"><img fetchpriority=\"high\" decoding=\"async\" aria-describedby=\"caption-attachment-142436\" class=\" wp-image-142436\" src=\"https:\/\/interamerica.org\/wp-content\/uploads\/2026\/04\/um-robotics-1img-qq2dhn7u5bxyfuwi-1024x576.jpg\" alt=\"\" width=\"928\" height=\"522\" srcset=\"https:\/\/interamerica.org\/wp-content\/uploads\/2026\/04\/um-robotics-1img-qq2dhn7u5bxyfuwi-1024x576.jpg 1024w, https:\/\/interamerica.org\/wp-content\/uploads\/2026\/04\/um-robotics-1img-qq2dhn7u5bxyfuwi-300x169.jpg 300w, https:\/\/interamerica.org\/wp-content\/uploads\/2026\/04\/um-robotics-1img-qq2dhn7u5bxyfuwi-768x432.jpg 768w, https:\/\/interamerica.org\/wp-content\/uploads\/2026\/04\/um-robotics-1img-qq2dhn7u5bxyfuwi-1536x864.jpg 1536w, https:\/\/interamerica.org\/wp-content\/uploads\/2026\/04\/um-robotics-1img-qq2dhn7u5bxyfuwi.jpg 1920w\" sizes=\"(max-width: 928px) 100vw, 928px\" \/><p id=\"caption-attachment-142436\" class=\"wp-caption-text\">Des \u00e9tudiants repr\u00e9sentant la Facult\u00e9 d&rsquo;Ing\u00e9nierie et de Technologie posent pendant le tournoi avec Rub\u00e9n L\u00f3pez (au centre), professeur et mentor dans le domaine de l\u2019\u00e9lectronique. [Photo : Avec l\u2019aimable autorisation de la Facult\u00e9 d&rsquo;Ing\u00e9nierie et de Technologie]<\/p><\/div>L&rsquo;\u00e9quipe a pr\u00e9sent\u00e9 Havva@home, un robot de service domestique dot\u00e9 d&rsquo;intelligence artificielle, capable de navigation autonome, de reconnaissance des commandes vocales, d&rsquo;identification d&rsquo;objets et de manipulation gr\u00e2ce \u00e0 un bras robotis\u00e9.<\/p>\n<p>Le syst\u00e8me int\u00e8gre la navigation autonome, le traitement automatique du langage naturel et la vision par ordinateur, permettant ainsi au robot d&rsquo;effectuer des t\u00e2ches complexes dans des environnements r\u00e9els.<\/p>\n<p>\u00ab J&rsquo;\u00e9tais responsable de toute la logique et de la programmation afin que le robot puisse comprendre ce que le juge ou moi-m\u00eame disions au microphone, traiter ce message, localiser l&rsquo;objet et son emplacement, et donner une r\u00e9ponse \u2013 ce que nous appelons la transcription de la voix en texte et le passage du texte \u00e0 la voix, \u00bb a expliqu\u00e9 Rafael P\u00e9rez, \u00e9tudiant en troisi\u00e8me ann\u00e9e d&rsquo;ing\u00e9nierie des syst\u00e8mes informatiques.<\/p>\n<p>Lanc\u00e9 en octobre 2025, le projet a r\u00e9uni des \u00e9tudiants de diff\u00e9rentes disciplines, qui ont travaill\u00e9 en dehors des heures de cours pendant plusieurs mois.<\/p>\n<p><div id=\"attachment_142437\" style=\"width: 908px\" class=\"wp-caption aligncenter\"><img decoding=\"async\" aria-describedby=\"caption-attachment-142437\" class=\" wp-image-142437\" src=\"https:\/\/interamerica.org\/wp-content\/uploads\/2026\/04\/um2-img-b65jmrft8vac2knz-1024x576.jpg\" alt=\"\" width=\"898\" height=\"505\" srcset=\"https:\/\/interamerica.org\/wp-content\/uploads\/2026\/04\/um2-img-b65jmrft8vac2knz-1024x576.jpg 1024w, https:\/\/interamerica.org\/wp-content\/uploads\/2026\/04\/um2-img-b65jmrft8vac2knz-300x169.jpg 300w, https:\/\/interamerica.org\/wp-content\/uploads\/2026\/04\/um2-img-b65jmrft8vac2knz-768x432.jpg 768w, https:\/\/interamerica.org\/wp-content\/uploads\/2026\/04\/um2-img-b65jmrft8vac2knz-1536x864.jpg 1536w, https:\/\/interamerica.org\/wp-content\/uploads\/2026\/04\/um2-img-b65jmrft8vac2knz.jpg 1920w\" sizes=\"(max-width: 898px) 100vw, 898px\" \/><p id=\"caption-attachment-142437\" class=\"wp-caption-text\">L&rsquo;\u00e9quipe d&rsquo;ing\u00e9nierie pr\u00e9sente Havva@home, un robot de service domestique dot\u00e9 d&rsquo;intelligence artificielle, capable d&rsquo;interagir avec les utilisateurs et d&rsquo;effectuer des t\u00e2ches dans des environnements r\u00e9els. [Photo : Avec l\u2019aimable autorisation de la Facult\u00e9 d&rsquo;Ing\u00e9nierie et de Technologie]<\/p><\/div>\u00ab Nous avons divis\u00e9 les t\u00e2ches en int\u00e9gration syst\u00e8me, navigation, manipulation et apprentissage de la machine, \u00bb a pr\u00e9cis\u00e9 Daniel Neri, membre du personnel enseignant et cr\u00e9ateur du projet.<\/p>\n<p>Le processus de pr\u00e9paration a n\u00e9cessit\u00e9 de surmonter des limitations aux niveaux de la technique et des ressources, il a aussi fallu faire face \u00e0 un parcours d\u2019apprentissage ardu.<\/p>\n<p>\u00ab Le plus grand d\u00e9fi a \u00e9t\u00e9 de se plonger dans l&rsquo;univers de ROS et de Python pour accomplir ce qui \u00e9tait requis, \u00bb a ajout\u00e9 Rafael P\u00e9rez.<\/p>\n<p>Malgr\u00e9 les difficult\u00e9s, l&rsquo;\u00e9quipe a men\u00e9 \u00e0 bien un projet interdisciplinaire solide, o\u00f9 l&rsquo;int\u00e9gration du syst\u00e8me a jou\u00e9 un r\u00f4le cl\u00e9 dans les performances du robot.<\/p>\n<p>Au-del\u00e0 des aspects techniques, l&rsquo;\u00e9quipe a soulign\u00e9 l&rsquo;importance de cette exp\u00e9rience formatrice et les valeurs qu&rsquo;elle a souhait\u00e9 incarner lors de la comp\u00e9tition, ont indiqu\u00e9 les responsables de l&rsquo;\u00e9quipe enseignante.<\/p>\n<p><div id=\"attachment_142438\" style=\"width: 876px\" class=\"wp-caption aligncenter\"><img decoding=\"async\" aria-describedby=\"caption-attachment-142438\" class=\" wp-image-142438\" src=\"https:\/\/interamerica.org\/wp-content\/uploads\/2026\/04\/um-robotic-3-img-gldsb2o0kv8acuiq-1024x576.jpg\" alt=\"\" width=\"866\" height=\"487\" srcset=\"https:\/\/interamerica.org\/wp-content\/uploads\/2026\/04\/um-robotic-3-img-gldsb2o0kv8acuiq-1024x576.jpg 1024w, https:\/\/interamerica.org\/wp-content\/uploads\/2026\/04\/um-robotic-3-img-gldsb2o0kv8acuiq-300x169.jpg 300w, https:\/\/interamerica.org\/wp-content\/uploads\/2026\/04\/um-robotic-3-img-gldsb2o0kv8acuiq-768x432.jpg 768w, https:\/\/interamerica.org\/wp-content\/uploads\/2026\/04\/um-robotic-3-img-gldsb2o0kv8acuiq-1536x864.jpg 1536w, https:\/\/interamerica.org\/wp-content\/uploads\/2026\/04\/um-robotic-3-img-gldsb2o0kv8acuiq.jpg 1920w\" sizes=\"(max-width: 866px) 100vw, 866px\" \/><p id=\"caption-attachment-142438\" class=\"wp-caption-text\">Durant la comp\u00e9tition, l&rsquo;\u00e9quipe a d\u00e9montr\u00e9 \u00e0 la fois des comp\u00e9tences techniques et des valeurs institutionnelles, en concourant en accord avec les principes fondamentaux de son identit\u00e9. [Photo : Avec l&rsquo;aimable autorisation de la Facult\u00e9 d&rsquo;Ing\u00e9nierie et de Technologie]<\/p><\/div>\u00ab Il ne s&rsquo;agit pas seulement de gagner, mais aussi d&rsquo;apprendre et de t\u00e9moigner de ce que nous sommes en tant qu&rsquo;universit\u00e9, \u00bb a d\u00e9clar\u00e9 Rub\u00e9n L\u00f3pez, professeur et mentor dans le domaine de l\u2019\u00e9lectronique.<\/p>\n<p>Cet engagement s&rsquo;est \u00e9galement traduit par une d\u00e9cision importante qui a fa\u00e7onn\u00e9 leur participation. L&rsquo;\u00e9quipe a demand\u00e9 \u00e0 reporter son \u00e9preuve finale au vendredi afin d\u2019observer le sabbat, m\u00eame si cela signifiait concourir dans des conditions moins favorables que les autres \u00e9quipes, ont expliqu\u00e9 les responsables de l&rsquo;\u00e9quipe.<\/p>\n<p>\u00ab Cela nous a d\u00e9savantag\u00e9s, mais ne nous a pas arr\u00eat\u00e9s, \u00bb a d\u00e9clar\u00e9 Bequer Quiroga, \u00e9tudiant de troisi\u00e8me ann\u00e9e en ing\u00e9nierie des syst\u00e8mes informatiques.<\/p>\n<p>Le r\u00e9sultat a non seulement permis \u00e0 l&rsquo;universit\u00e9 de remporter la premi\u00e8re place, mais lui a \u00e9galement donn\u00e9 une certaine visibilit\u00e9 dans un contexte comp\u00e9titif o\u00f9 elle n&rsquo;\u00e9tait pas aussi largement reconnue auparavant, a expliqu\u00e9 Ruben L\u00f3pez.<\/p>\n<p><div id=\"attachment_142439\" style=\"width: 879px\" class=\"wp-caption aligncenter\"><img loading=\"lazy\" decoding=\"async\" aria-describedby=\"caption-attachment-142439\" class=\" wp-image-142439\" src=\"https:\/\/interamerica.org\/wp-content\/uploads\/2026\/04\/um-4img-rneocth5smf92nq0-1024x576.jpg\" alt=\"\" width=\"869\" height=\"489\" srcset=\"https:\/\/interamerica.org\/wp-content\/uploads\/2026\/04\/um-4img-rneocth5smf92nq0-1024x576.jpg 1024w, https:\/\/interamerica.org\/wp-content\/uploads\/2026\/04\/um-4img-rneocth5smf92nq0-300x169.jpg 300w, https:\/\/interamerica.org\/wp-content\/uploads\/2026\/04\/um-4img-rneocth5smf92nq0-768x432.jpg 768w, https:\/\/interamerica.org\/wp-content\/uploads\/2026\/04\/um-4img-rneocth5smf92nq0-1536x864.jpg 1536w, https:\/\/interamerica.org\/wp-content\/uploads\/2026\/04\/um-4img-rneocth5smf92nq0.jpg 1920w\" sizes=\"(max-width: 869px) 100vw, 869px\" \/><p id=\"caption-attachment-142439\" class=\"wp-caption-text\">Des \u00e9tudiants et des professeurs de l&rsquo;Universit\u00e9 de Montemorelos c\u00e9l\u00e8brent leur victoire \u00e0 la premi\u00e8re place nationale dans la cat\u00e9gorie D\u00e9butant de la RoboCup @Home lors du TMR 2026 \u00e0 Puebla. [Photo : Avec l\u2019aimable autorisation de la Facult\u00e9 d&rsquo;Ing\u00e9nierie et de Technologie]<\/p><\/div>Pour les \u00e9tudiants, l\u2019exp\u00e9rience a eu un impact direct sur leur d\u00e9veloppement professionnel ainsi que sur leur d\u00e9veloppement personnel.<\/p>\n<p>Bequer Quiroga a d\u00e9clar\u00e9 que les le\u00e7ons les plus importantes allaient au-del\u00e0 du cadre universitaire. \u00ab J&rsquo;en retire des valeurs qui ne sont pas uniquement universitaires, mais relationnelles, comme le respect mutuel, l&rsquo;\u00e9coute des autres, le fait de reconnaitre qu&rsquo;une autre personne puisse avoir une meilleure id\u00e9e que la mienne, et aussi la d\u00e9fense de son point de vue, mais toujours avec respect. \u00bb<\/p>\n<p>L&rsquo;\u00e9quipe envisage de continuer \u00e0 participer aux prochaines \u00e9ditions du tournoi et de concourir dans des cat\u00e9gories plus exigeantes, dans le but de mettre en place un programme de robotique officiel \u00e0 l&rsquo;universit\u00e9.<\/p>\n<p><em>Lisandra Vicente et Brenda Cer\u00f3n ont apport\u00e9 leur contribution \u00e0 cette article.<\/em><\/p>\n<p>Traduction: Patrick Luciathe<\/p>\n","protected":false},"excerpt":{"rendered":"<p>\u00a0Un robot domestique m\u00fb par l\u2019intelligence artificielle met en lumi\u00e8re l&rsquo;innovation et le travail d&rsquo;\u00e9quipe 28 avril 2026 | Montemorelos, Nuevo Le\u00f3n, Mexique Laura Marrero et l&rsquo;\u00e9quipe de r\u00e9daction de&#8230;<\/p>\n","protected":false},"author":3,"featured_media":142543,"comment_status":"closed","ping_status":"closed","sticky":false,"template":"","format":"standard","meta":{"_acf_changed":false,"footnotes":""},"categories":[20,19],"tags":[],"class_list":["post-142542","post","type-post","status-publish","format-standard","has-post-thumbnail","hentry","category-nouvelles-du-siege-de-la-division","category-rss-francais"],"acf":[],"yoast_head":"<!-- This site is optimized with the Yoast SEO plugin v27.3 - https:\/\/yoast.com\/product\/yoast-seo-wordpress\/ -->\n<title>Des \u00e9tudiants m\u00e8nent l&#039;Universit\u00e9 de Montemorelos \u00e0 la victoire au championnat national de robotique - \u00c9glise Adventiste Du Septieme Jour - Inter Am\u00e9rique Division<\/title>\n<meta name=\"robots\" content=\"index, follow, max-snippet:-1, max-image-preview:large, max-video-preview:-1\" \/>\n<link rel=\"canonical\" href=\"https:\/\/interamerica.org\/fr\/2026\/04\/des-etudiants-menent-luniversite-de-montemorelos-a-la-victoire-au-championnat-national-de-robotique\/\" \/>\n<meta property=\"og:locale\" content=\"fr_FR\" \/>\n<meta property=\"og:type\" content=\"article\" \/>\n<meta property=\"og:title\" content=\"Des \u00e9tudiants m\u00e8nent l&#039;Universit\u00e9 de Montemorelos \u00e0 la victoire au championnat national de robotique - \u00c9glise Adventiste Du Septieme Jour - Inter Am\u00e9rique Division\" \/>\n<meta property=\"og:description\" content=\"\u00a0Un robot domestique m\u00fb par l\u2019intelligence artificielle met en lumi\u00e8re l&rsquo;innovation et le travail d&rsquo;\u00e9quipe 28 avril 2026 | Montemorelos, Nuevo Le\u00f3n, Mexique Laura Marrero et l&rsquo;\u00e9quipe de r\u00e9daction de...\" \/>\n<meta property=\"og:url\" content=\"https:\/\/interamerica.org\/fr\/2026\/04\/des-etudiants-menent-luniversite-de-montemorelos-a-la-victoire-au-championnat-national-de-robotique\/\" \/>\n<meta property=\"og:site_name\" content=\"\u00c9glise Adventiste Du Septieme Jour - Inter Am\u00e9rique Division\" \/>\n<meta property=\"article:published_time\" content=\"2026-04-29T14:16:51+00:00\" \/>\n<meta property=\"article:modified_time\" content=\"2026-05-01T04:20:11+00:00\" \/>\n<meta property=\"og:image\" content=\"https:\/\/interamerica.org\/wp-content\/uploads\/2026\/04\/um-robotics-1img-qq2dhn7u5bxyfuwi.jpg\" \/>\n\t<meta property=\"og:image:width\" content=\"1920\" \/>\n\t<meta property=\"og:image:height\" content=\"1080\" \/>\n\t<meta property=\"og:image:type\" content=\"image\/jpeg\" \/>\n<meta name=\"author\" content=\"libna\" \/>\n<meta name=\"twitter:card\" content=\"summary_large_image\" \/>\n<meta name=\"twitter:label1\" content=\"\u00c9crit par\" \/>\n\t<meta name=\"twitter:data1\" content=\"libna\" \/>\n\t<meta name=\"twitter:label2\" content=\"Dur\u00e9e de lecture estim\u00e9e\" \/>\n\t<meta name=\"twitter:data2\" content=\"5 minutes\" \/>\n<script type=\"application\/ld+json\" class=\"yoast-schema-graph\">{\"@context\":\"https:\\\/\\\/schema.org\",\"@graph\":[{\"@type\":\"Article\",\"@id\":\"https:\\\/\\\/interamerica.org\\\/fr\\\/2026\\\/04\\\/des-etudiants-menent-luniversite-de-montemorelos-a-la-victoire-au-championnat-national-de-robotique\\\/#article\",\"isPartOf\":{\"@id\":\"https:\\\/\\\/interamerica.org\\\/fr\\\/2026\\\/04\\\/des-etudiants-menent-luniversite-de-montemorelos-a-la-victoire-au-championnat-national-de-robotique\\\/\"},\"author\":{\"name\":\"libna\",\"@id\":\"https:\\\/\\\/interamerica.org\\\/fr\\\/#\\\/schema\\\/person\\\/29998f2bc2d8bd0d38662909289b54f1\"},\"headline\":\"Des \u00e9tudiants m\u00e8nent l&rsquo;Universit\u00e9 de Montemorelos \u00e0 la victoire au championnat national de robotique\",\"datePublished\":\"2026-04-29T14:16:51+00:00\",\"dateModified\":\"2026-05-01T04:20:11+00:00\",\"mainEntityOfPage\":{\"@id\":\"https:\\\/\\\/interamerica.org\\\/fr\\\/2026\\\/04\\\/des-etudiants-menent-luniversite-de-montemorelos-a-la-victoire-au-championnat-national-de-robotique\\\/\"},\"wordCount\":1009,\"image\":{\"@id\":\"https:\\\/\\\/interamerica.org\\\/fr\\\/2026\\\/04\\\/des-etudiants-menent-luniversite-de-montemorelos-a-la-victoire-au-championnat-national-de-robotique\\\/#primaryimage\"},\"thumbnailUrl\":\"https:\\\/\\\/interamerica.org\\\/wp-content\\\/uploads\\\/2026\\\/04\\\/um-robotics-1img-qq2dhn7u5bxyfuwi.jpg\",\"articleSection\":[\"Nouvelles du si\u00e8ge de la division\",\"RSS Fran\u00e7ais\"],\"inLanguage\":\"fr-FR\"},{\"@type\":\"WebPage\",\"@id\":\"https:\\\/\\\/interamerica.org\\\/fr\\\/2026\\\/04\\\/des-etudiants-menent-luniversite-de-montemorelos-a-la-victoire-au-championnat-national-de-robotique\\\/\",\"url\":\"https:\\\/\\\/interamerica.org\\\/fr\\\/2026\\\/04\\\/des-etudiants-menent-luniversite-de-montemorelos-a-la-victoire-au-championnat-national-de-robotique\\\/\",\"name\":\"Des \u00e9tudiants m\u00e8nent l'Universit\u00e9 de Montemorelos \u00e0 la victoire au championnat national de robotique - \u00c9glise Adventiste Du Septieme Jour - Inter Am\u00e9rique Division\",\"isPartOf\":{\"@id\":\"https:\\\/\\\/interamerica.org\\\/fr\\\/#website\"},\"primaryImageOfPage\":{\"@id\":\"https:\\\/\\\/interamerica.org\\\/fr\\\/2026\\\/04\\\/des-etudiants-menent-luniversite-de-montemorelos-a-la-victoire-au-championnat-national-de-robotique\\\/#primaryimage\"},\"image\":{\"@id\":\"https:\\\/\\\/interamerica.org\\\/fr\\\/2026\\\/04\\\/des-etudiants-menent-luniversite-de-montemorelos-a-la-victoire-au-championnat-national-de-robotique\\\/#primaryimage\"},\"thumbnailUrl\":\"https:\\\/\\\/interamerica.org\\\/wp-content\\\/uploads\\\/2026\\\/04\\\/um-robotics-1img-qq2dhn7u5bxyfuwi.jpg\",\"datePublished\":\"2026-04-29T14:16:51+00:00\",\"dateModified\":\"2026-05-01T04:20:11+00:00\",\"author\":{\"@id\":\"https:\\\/\\\/interamerica.org\\\/fr\\\/#\\\/schema\\\/person\\\/29998f2bc2d8bd0d38662909289b54f1\"},\"breadcrumb\":{\"@id\":\"https:\\\/\\\/interamerica.org\\\/fr\\\/2026\\\/04\\\/des-etudiants-menent-luniversite-de-montemorelos-a-la-victoire-au-championnat-national-de-robotique\\\/#breadcrumb\"},\"inLanguage\":\"fr-FR\",\"potentialAction\":[{\"@type\":\"ReadAction\",\"target\":[\"https:\\\/\\\/interamerica.org\\\/fr\\\/2026\\\/04\\\/des-etudiants-menent-luniversite-de-montemorelos-a-la-victoire-au-championnat-national-de-robotique\\\/\"]}]},{\"@type\":\"ImageObject\",\"inLanguage\":\"fr-FR\",\"@id\":\"https:\\\/\\\/interamerica.org\\\/fr\\\/2026\\\/04\\\/des-etudiants-menent-luniversite-de-montemorelos-a-la-victoire-au-championnat-national-de-robotique\\\/#primaryimage\",\"url\":\"https:\\\/\\\/interamerica.org\\\/wp-content\\\/uploads\\\/2026\\\/04\\\/um-robotics-1img-qq2dhn7u5bxyfuwi.jpg\",\"contentUrl\":\"https:\\\/\\\/interamerica.org\\\/wp-content\\\/uploads\\\/2026\\\/04\\\/um-robotics-1img-qq2dhn7u5bxyfuwi.jpg\",\"width\":1920,\"height\":1080,\"caption\":\"Des \u00e9tudiants repr\u00e9sentant la Facult\u00e9 d'Ing\u00e9nierie et de Technologie posent pendant le tournoi avec Rub\u00e9n L\u00f3pez (au centre), professeur et mentor dans le domaine de l\u2019\u00e9lectronique. [Photo : Avec l\u2019aimable autorisation de la Facult\u00e9 d'Ing\u00e9nierie et de Technologie]\"},{\"@type\":\"BreadcrumbList\",\"@id\":\"https:\\\/\\\/interamerica.org\\\/fr\\\/2026\\\/04\\\/des-etudiants-menent-luniversite-de-montemorelos-a-la-victoire-au-championnat-national-de-robotique\\\/#breadcrumb\",\"itemListElement\":[{\"@type\":\"ListItem\",\"position\":1,\"name\":\"Home\",\"item\":\"https:\\\/\\\/interamerica.org\\\/fr\\\/\"},{\"@type\":\"ListItem\",\"position\":2,\"name\":\"Des \u00e9tudiants m\u00e8nent l&#8217;Universit\u00e9 de Montemorelos \u00e0 la victoire au championnat national de robotique\"}]},{\"@type\":\"WebSite\",\"@id\":\"https:\\\/\\\/interamerica.org\\\/fr\\\/#website\",\"url\":\"https:\\\/\\\/interamerica.org\\\/fr\\\/\",\"name\":\"\u00c9glise Adventiste Du Septieme Jour - Inter Am\u00e9rique Division\",\"description\":\"\",\"potentialAction\":[{\"@type\":\"SearchAction\",\"target\":{\"@type\":\"EntryPoint\",\"urlTemplate\":\"https:\\\/\\\/interamerica.org\\\/fr\\\/?s={search_term_string}\"},\"query-input\":{\"@type\":\"PropertyValueSpecification\",\"valueRequired\":true,\"valueName\":\"search_term_string\"}}],\"inLanguage\":\"fr-FR\"},{\"@type\":\"Person\",\"@id\":\"https:\\\/\\\/interamerica.org\\\/fr\\\/#\\\/schema\\\/person\\\/29998f2bc2d8bd0d38662909289b54f1\",\"name\":\"libna\",\"image\":{\"@type\":\"ImageObject\",\"inLanguage\":\"fr-FR\",\"@id\":\"https:\\\/\\\/secure.gravatar.com\\\/avatar\\\/7c5bd30ae4b47a9ba3c856590957fd1d96dc588bf3ac05719d247e126840331f?s=96&d=mm&r=g\",\"url\":\"https:\\\/\\\/secure.gravatar.com\\\/avatar\\\/7c5bd30ae4b47a9ba3c856590957fd1d96dc588bf3ac05719d247e126840331f?s=96&d=mm&r=g\",\"contentUrl\":\"https:\\\/\\\/secure.gravatar.com\\\/avatar\\\/7c5bd30ae4b47a9ba3c856590957fd1d96dc588bf3ac05719d247e126840331f?s=96&d=mm&r=g\",\"caption\":\"libna\"}}]}<\/script>\n<!-- \/ Yoast SEO plugin. -->","yoast_head_json":{"title":"Des \u00e9tudiants m\u00e8nent l'Universit\u00e9 de Montemorelos \u00e0 la victoire au championnat national de robotique - \u00c9glise Adventiste Du Septieme Jour - Inter Am\u00e9rique Division","robots":{"index":"index","follow":"follow","max-snippet":"max-snippet:-1","max-image-preview":"max-image-preview:large","max-video-preview":"max-video-preview:-1"},"canonical":"https:\/\/interamerica.org\/fr\/2026\/04\/des-etudiants-menent-luniversite-de-montemorelos-a-la-victoire-au-championnat-national-de-robotique\/","og_locale":"fr_FR","og_type":"article","og_title":"Des \u00e9tudiants m\u00e8nent l'Universit\u00e9 de Montemorelos \u00e0 la victoire au championnat national de robotique - \u00c9glise Adventiste Du Septieme Jour - Inter Am\u00e9rique Division","og_description":"\u00a0Un robot domestique m\u00fb par l\u2019intelligence artificielle met en lumi\u00e8re l&rsquo;innovation et le travail d&rsquo;\u00e9quipe 28 avril 2026 | Montemorelos, Nuevo Le\u00f3n, Mexique Laura Marrero et l&rsquo;\u00e9quipe de r\u00e9daction de...","og_url":"https:\/\/interamerica.org\/fr\/2026\/04\/des-etudiants-menent-luniversite-de-montemorelos-a-la-victoire-au-championnat-national-de-robotique\/","og_site_name":"\u00c9glise Adventiste Du Septieme Jour - Inter Am\u00e9rique Division","article_published_time":"2026-04-29T14:16:51+00:00","article_modified_time":"2026-05-01T04:20:11+00:00","og_image":[{"width":1920,"height":1080,"url":"https:\/\/interamerica.org\/wp-content\/uploads\/2026\/04\/um-robotics-1img-qq2dhn7u5bxyfuwi.jpg","type":"image\/jpeg"}],"author":"libna","twitter_card":"summary_large_image","twitter_misc":{"\u00c9crit par":"libna","Dur\u00e9e de lecture estim\u00e9e":"5 minutes"},"schema":{"@context":"https:\/\/schema.org","@graph":[{"@type":"Article","@id":"https:\/\/interamerica.org\/fr\/2026\/04\/des-etudiants-menent-luniversite-de-montemorelos-a-la-victoire-au-championnat-national-de-robotique\/#article","isPartOf":{"@id":"https:\/\/interamerica.org\/fr\/2026\/04\/des-etudiants-menent-luniversite-de-montemorelos-a-la-victoire-au-championnat-national-de-robotique\/"},"author":{"name":"libna","@id":"https:\/\/interamerica.org\/fr\/#\/schema\/person\/29998f2bc2d8bd0d38662909289b54f1"},"headline":"Des \u00e9tudiants m\u00e8nent l&rsquo;Universit\u00e9 de Montemorelos \u00e0 la victoire au championnat national de robotique","datePublished":"2026-04-29T14:16:51+00:00","dateModified":"2026-05-01T04:20:11+00:00","mainEntityOfPage":{"@id":"https:\/\/interamerica.org\/fr\/2026\/04\/des-etudiants-menent-luniversite-de-montemorelos-a-la-victoire-au-championnat-national-de-robotique\/"},"wordCount":1009,"image":{"@id":"https:\/\/interamerica.org\/fr\/2026\/04\/des-etudiants-menent-luniversite-de-montemorelos-a-la-victoire-au-championnat-national-de-robotique\/#primaryimage"},"thumbnailUrl":"https:\/\/interamerica.org\/wp-content\/uploads\/2026\/04\/um-robotics-1img-qq2dhn7u5bxyfuwi.jpg","articleSection":["Nouvelles du si\u00e8ge de la division","RSS Fran\u00e7ais"],"inLanguage":"fr-FR"},{"@type":"WebPage","@id":"https:\/\/interamerica.org\/fr\/2026\/04\/des-etudiants-menent-luniversite-de-montemorelos-a-la-victoire-au-championnat-national-de-robotique\/","url":"https:\/\/interamerica.org\/fr\/2026\/04\/des-etudiants-menent-luniversite-de-montemorelos-a-la-victoire-au-championnat-national-de-robotique\/","name":"Des \u00e9tudiants m\u00e8nent l'Universit\u00e9 de Montemorelos \u00e0 la victoire au championnat national de robotique - \u00c9glise Adventiste Du Septieme Jour - Inter Am\u00e9rique Division","isPartOf":{"@id":"https:\/\/interamerica.org\/fr\/#website"},"primaryImageOfPage":{"@id":"https:\/\/interamerica.org\/fr\/2026\/04\/des-etudiants-menent-luniversite-de-montemorelos-a-la-victoire-au-championnat-national-de-robotique\/#primaryimage"},"image":{"@id":"https:\/\/interamerica.org\/fr\/2026\/04\/des-etudiants-menent-luniversite-de-montemorelos-a-la-victoire-au-championnat-national-de-robotique\/#primaryimage"},"thumbnailUrl":"https:\/\/interamerica.org\/wp-content\/uploads\/2026\/04\/um-robotics-1img-qq2dhn7u5bxyfuwi.jpg","datePublished":"2026-04-29T14:16:51+00:00","dateModified":"2026-05-01T04:20:11+00:00","author":{"@id":"https:\/\/interamerica.org\/fr\/#\/schema\/person\/29998f2bc2d8bd0d38662909289b54f1"},"breadcrumb":{"@id":"https:\/\/interamerica.org\/fr\/2026\/04\/des-etudiants-menent-luniversite-de-montemorelos-a-la-victoire-au-championnat-national-de-robotique\/#breadcrumb"},"inLanguage":"fr-FR","potentialAction":[{"@type":"ReadAction","target":["https:\/\/interamerica.org\/fr\/2026\/04\/des-etudiants-menent-luniversite-de-montemorelos-a-la-victoire-au-championnat-national-de-robotique\/"]}]},{"@type":"ImageObject","inLanguage":"fr-FR","@id":"https:\/\/interamerica.org\/fr\/2026\/04\/des-etudiants-menent-luniversite-de-montemorelos-a-la-victoire-au-championnat-national-de-robotique\/#primaryimage","url":"https:\/\/interamerica.org\/wp-content\/uploads\/2026\/04\/um-robotics-1img-qq2dhn7u5bxyfuwi.jpg","contentUrl":"https:\/\/interamerica.org\/wp-content\/uploads\/2026\/04\/um-robotics-1img-qq2dhn7u5bxyfuwi.jpg","width":1920,"height":1080,"caption":"Des \u00e9tudiants repr\u00e9sentant la Facult\u00e9 d'Ing\u00e9nierie et de Technologie posent pendant le tournoi avec Rub\u00e9n L\u00f3pez (au centre), professeur et mentor dans le domaine de l\u2019\u00e9lectronique. [Photo : Avec l\u2019aimable autorisation de la Facult\u00e9 d'Ing\u00e9nierie et de Technologie]"},{"@type":"BreadcrumbList","@id":"https:\/\/interamerica.org\/fr\/2026\/04\/des-etudiants-menent-luniversite-de-montemorelos-a-la-victoire-au-championnat-national-de-robotique\/#breadcrumb","itemListElement":[{"@type":"ListItem","position":1,"name":"Home","item":"https:\/\/interamerica.org\/fr\/"},{"@type":"ListItem","position":2,"name":"Des \u00e9tudiants m\u00e8nent l&#8217;Universit\u00e9 de Montemorelos \u00e0 la victoire au championnat national de robotique"}]},{"@type":"WebSite","@id":"https:\/\/interamerica.org\/fr\/#website","url":"https:\/\/interamerica.org\/fr\/","name":"\u00c9glise Adventiste Du Septieme Jour - Inter Am\u00e9rique Division","description":"","potentialAction":[{"@type":"SearchAction","target":{"@type":"EntryPoint","urlTemplate":"https:\/\/interamerica.org\/fr\/?s={search_term_string}"},"query-input":{"@type":"PropertyValueSpecification","valueRequired":true,"valueName":"search_term_string"}}],"inLanguage":"fr-FR"},{"@type":"Person","@id":"https:\/\/interamerica.org\/fr\/#\/schema\/person\/29998f2bc2d8bd0d38662909289b54f1","name":"libna","image":{"@type":"ImageObject","inLanguage":"fr-FR","@id":"https:\/\/secure.gravatar.com\/avatar\/7c5bd30ae4b47a9ba3c856590957fd1d96dc588bf3ac05719d247e126840331f?s=96&d=mm&r=g","url":"https:\/\/secure.gravatar.com\/avatar\/7c5bd30ae4b47a9ba3c856590957fd1d96dc588bf3ac05719d247e126840331f?s=96&d=mm&r=g","contentUrl":"https:\/\/secure.gravatar.com\/avatar\/7c5bd30ae4b47a9ba3c856590957fd1d96dc588bf3ac05719d247e126840331f?s=96&d=mm&r=g","caption":"libna"}}]}},"_links":{"self":[{"href":"https:\/\/interamerica.org\/fr\/wp-json\/wp\/v2\/posts\/142542","targetHints":{"allow":["GET"]}}],"collection":[{"href":"https:\/\/interamerica.org\/fr\/wp-json\/wp\/v2\/posts"}],"about":[{"href":"https:\/\/interamerica.org\/fr\/wp-json\/wp\/v2\/types\/post"}],"author":[{"embeddable":true,"href":"https:\/\/interamerica.org\/fr\/wp-json\/wp\/v2\/users\/3"}],"replies":[{"embeddable":true,"href":"https:\/\/interamerica.org\/fr\/wp-json\/wp\/v2\/comments?post=142542"}],"version-history":[{"count":1,"href":"https:\/\/interamerica.org\/fr\/wp-json\/wp\/v2\/posts\/142542\/revisions"}],"predecessor-version":[{"id":142558,"href":"https:\/\/interamerica.org\/fr\/wp-json\/wp\/v2\/posts\/142542\/revisions\/142558"}],"wp:featuredmedia":[{"embeddable":true,"href":"https:\/\/interamerica.org\/fr\/wp-json\/wp\/v2\/media\/142543"}],"wp:attachment":[{"href":"https:\/\/interamerica.org\/fr\/wp-json\/wp\/v2\/media?parent=142542"}],"wp:term":[{"taxonomy":"category","embeddable":true,"href":"https:\/\/interamerica.org\/fr\/wp-json\/wp\/v2\/categories?post=142542"},{"taxonomy":"post_tag","embeddable":true,"href":"https:\/\/interamerica.org\/fr\/wp-json\/wp\/v2\/tags?post=142542"}],"curies":[{"name":"wp","href":"https:\/\/api.w.org\/{rel}","templated":true}]}}