{"id":142574,"date":"2026-04-29T21:17:07","date_gmt":"2026-04-30T01:17:07","guid":{"rendered":"https:\/\/interamerica.org\/?p=142574"},"modified":"2026-05-01T18:06:10","modified_gmt":"2026-05-01T22:06:10","slug":"plus-de-20000-personnes-touchees-dans-le-cadre-dune-campagne-de-sante-nationale-au-nicaragua","status":"publish","type":"post","link":"https:\/\/interamerica.org\/fr\/2026\/04\/plus-de-20000-personnes-touchees-dans-le-cadre-dune-campagne-de-sante-nationale-au-nicaragua\/","title":{"rendered":"Plus de 20000 personnes touch\u00e9es dans le cadre d\u2019une campagne de sant\u00e9 nationale au Nicaragua"},"content":{"rendered":"<p><div id=\"attachment_142459\" style=\"width: 989px\" class=\"wp-caption aligncenter\"><img fetchpriority=\"high\" decoding=\"async\" aria-describedby=\"caption-attachment-142459\" class=\" wp-image-142459\" src=\"https:\/\/interamerica.org\/wp-content\/uploads\/2026\/04\/nica-puertocabezas-totalhealthimpact2026-1024x640.jpg\" alt=\"\" width=\"979\" height=\"612\" srcset=\"https:\/\/interamerica.org\/wp-content\/uploads\/2026\/04\/nica-puertocabezas-totalhealthimpact2026-1024x640.jpg 1024w, https:\/\/interamerica.org\/wp-content\/uploads\/2026\/04\/nica-puertocabezas-totalhealthimpact2026-300x188.jpg 300w, https:\/\/interamerica.org\/wp-content\/uploads\/2026\/04\/nica-puertocabezas-totalhealthimpact2026-768x480.jpg 768w, https:\/\/interamerica.org\/wp-content\/uploads\/2026\/04\/nica-puertocabezas-totalhealthimpact2026.jpg 1280w\" sizes=\"(max-width: 979px) 100vw, 979px\" \/><p id=\"caption-attachment-142459\" class=\"wp-caption-text\">Un professionnel de sant\u00e9 prodigue des soins lors de consultations m\u00e9dicales gratuites \u00e0 Puerto Cabezas (Bilwi), dans le nord-est du Nicaragua, le 11 avril 2026. Le personnel et les b\u00e9n\u00e9voles de l\u2019H\u00f4pital Adventiste du Nicaragua ont aid\u00e9 \u00e0 la consultation de plus de 5000 personnes ce jour-l\u00e0, dans le cadre des activit\u00e9s de l\u2019initiative \u00ab Impact Sant\u00e9 Totale \u00bb men\u00e9e dans tout le pays. [Photo : Union du Nicaragua]<\/p><\/div><em>Une initiative de l\u2019\u00c9glise adventiste mobilise les communaut\u00e9s, \u00e9tend l\u2019action missionnaire et promeut des modes de vie sains et durables <\/em><\/p>\n<p>29 avril 2026 | Managua, Nicaragua | Kimberly Sol\u00eds et Libna Stevens, Actualit\u00e9s de la Division Inter Am\u00e9ricaine<\/p>\n<p>Plus de 20000 personnes ont b\u00e9n\u00e9fici\u00e9 d\u2019une campagne de sant\u00e9 \u00e0 grande \u00e9chelle organis\u00e9e dans les \u00e9glises adventistes du septi\u00e8me jour, les centres communautaires et les parcs dans tout le Nicaragua du 5 au 12 avril. Cette initiative d\u2019une semaine comprenait des expos sant\u00e9, des consultations m\u00e9dicales et des collectes de sang, et a mobilis\u00e9 des membres de tous \u00e2ges dans des centaines de communaut\u00e9s.<\/p>\n<p>Cette initiative s&rsquo;inscrivait dans le cadre de <em>Total Health Impact<\/em>, (Impact Sant\u00e9 Totale), une initiative coordonn\u00e9e de l&rsquo;\u00c9glise adventiste du septi\u00e8me jour dans la Division Inter Am\u00e9ricaine (DIA), et lanc\u00e9e cette ann\u00e9e en Am\u00e9rique Centrale. Elle a mobilis\u00e9 les professionnels de sant\u00e9 et les membres d\u2019\u00e9glise qui ont promu des modes de vie sains \u00e0 travers des actions dans la communaut\u00e9.<\/p>\n<div id=\"attachment_142469\" style=\"width: 927px\" class=\"wp-caption aligncenter\"><img decoding=\"async\" aria-describedby=\"caption-attachment-142469\" class=\" wp-image-142469\" src=\"https:\/\/interamerica.org\/wp-content\/uploads\/2026\/04\/nica-puertocabezas-crowd-b42a5632-5f9b-431b-98c6-d04ccc106870.jpg\" alt=\"\" width=\"917\" height=\"627\" srcset=\"https:\/\/interamerica.org\/wp-content\/uploads\/2026\/04\/nica-puertocabezas-crowd-b42a5632-5f9b-431b-98c6-d04ccc106870.jpg 1000w, https:\/\/interamerica.org\/wp-content\/uploads\/2026\/04\/nica-puertocabezas-crowd-b42a5632-5f9b-431b-98c6-d04ccc106870-300x205.jpg 300w, https:\/\/interamerica.org\/wp-content\/uploads\/2026\/04\/nica-puertocabezas-crowd-b42a5632-5f9b-431b-98c6-d04ccc106870-768x525.jpg 768w\" sizes=\"(max-width: 917px) 100vw, 917px\" \/><p id=\"caption-attachment-142469\" class=\"wp-caption-text\">\u00c0 Bilwi, dans la province de Puerto Cabezas, des membres de la communaut\u00e9 re\u00e7oivent des soins m\u00e9dicaux lors d&rsquo;une campagne de sant\u00e9 \u00e0 l&rsquo;\u00c9cole Adventiste de Porte\u00f1o, o\u00f9 les services \u00e9taient assur\u00e9s par l&rsquo;H\u00f4pital Adventiste du Nicaragua. [Photo : Union du Nicaragua]<\/p><\/div>\n<p data-start=\"780\" data-end=\"955\">Cette vaste campagne d\u2019action missionnaire a \u00e9t\u00e9 men\u00e9e en coordination avec des campagnes d&rsquo;\u00e9vang\u00e9lisation organis\u00e9e \u00e0 travers le Nicaragua, contribuant ainsi \u00e0 renforcer plus de 100 centres d&rsquo;influence o\u00f9 les personnes initialement touch\u00e9es gr\u00e2ce aux activit\u00e9s de sant\u00e9 peuvent poursuivre leur participation gr\u00e2ce aux programmes en cours et \u00e0 un accompagnement spirituel.<\/p>\n<p>Dr Franck G\u00e9n\u00e9us, directeur des minist\u00e8res de la sant\u00e9 de la DIA et principal organisateur de l&rsquo;initiative <em>Mouvement Sant\u00e9 Totale<\/em> a qualifi\u00e9 l&rsquo;impact au Nicaragua de significatif. Il \u00e9tait accompagn\u00e9 d&rsquo;une \u00e9quipe du programme Universit\u00e9 Promotrice de Sant\u00e9 \u00e0 l&rsquo;Universit\u00e9 de Montemorelos \u2013 une partie des dirigeants soutenant l&rsquo;initiative \u00ab Je Veux Vivre en Bonne Sant\u00e9 \u00bb mise en place par l&rsquo;\u00c9glise \u2013 et a particip\u00e9 \u00e0 des activit\u00e9s \u00e0 Puerto Cabezas, o\u00f9 plus de 5000 personnes ont \u00e9t\u00e9 touch\u00e9s en une seule journ\u00e9e, le 11 avril.<\/p>\n<p><div id=\"attachment_142468\" style=\"width: 925px\" class=\"wp-caption aligncenter\"><img decoding=\"async\" aria-describedby=\"caption-attachment-142468\" class=\" wp-image-142468\" src=\"https:\/\/interamerica.org\/wp-content\/uploads\/2026\/04\/frank-geneus-nicu-health-impact.jpg\" alt=\"\" width=\"915\" height=\"686\" srcset=\"https:\/\/interamerica.org\/wp-content\/uploads\/2026\/04\/frank-geneus-nicu-health-impact.jpg 1000w, https:\/\/interamerica.org\/wp-content\/uploads\/2026\/04\/frank-geneus-nicu-health-impact-300x225.jpg 300w, https:\/\/interamerica.org\/wp-content\/uploads\/2026\/04\/frank-geneus-nicu-health-impact-768x576.jpg 768w\" sizes=\"(max-width: 915px) 100vw, 915px\" \/><p id=\"caption-attachment-142468\" class=\"wp-caption-text\">Dr Franck G\u00e9n\u00e9us, directeur des minist\u00e8res de la sant\u00e9 de la Division Inter Am\u00e9ricaine, intervient lors d&rsquo;un programme sanitaire \u00e0 Puerto Cabezas, au Nicaragua, le 11 avril 2026, alors que des dirigeants de l&rsquo;\u00c9glise sont debout derri\u00e8re lui. Plus de 5000 personnes ont \u00e9t\u00e9 prises en charge lors de cette action de proximit\u00e9. [Photo : Union du Nicaragua]<\/p><\/div>Des centaines de personnes ont eu une visite m\u00e9dicale et des consultations gratuites lors de cette action \u00e0 grande \u00e9chelle men\u00e9e par le personnel m\u00e9dical et les responsables de l&rsquo;H\u00f4pital Adventiste du Nicaragua, dans le nord-est du pays.<\/p>\n<p><strong>Une initiative men\u00e9e dans l\u2019ensemble de l&rsquo;\u00c9glise renforce le service communautaire.<\/strong><\/p>\n<p>Dr G\u00e9n\u00e9us a d\u00e9clar\u00e9 que cette initiative met l\u2019accent sur le service en tant qu\u2019expression centrale de la mission de l&rsquo;\u00c9glise, refl\u00e9tant ainsi une conception plus large du minist\u00e8re de la sant\u00e9.<\/p>\n<p>\u00ab Cette initiative unit les membres, les d\u00e9partements et les institutions \u2013 et c\u2019est exactement ce que nous avons constat\u00e9. \u00bb<\/p>\n<p><div id=\"attachment_142470\" style=\"width: 563px\" class=\"wp-caption aligncenter\"><img loading=\"lazy\" decoding=\"async\" aria-describedby=\"caption-attachment-142470\" class=\"wp-image-142470\" src=\"https:\/\/interamerica.org\/wp-content\/uploads\/2026\/04\/nicu-toy-gifting-puerto-cabezas.jpg\" alt=\"\" width=\"553\" height=\"737\" srcset=\"https:\/\/interamerica.org\/wp-content\/uploads\/2026\/04\/nicu-toy-gifting-puerto-cabezas.jpg 600w, https:\/\/interamerica.org\/wp-content\/uploads\/2026\/04\/nicu-toy-gifting-puerto-cabezas-225x300.jpg 225w\" sizes=\"(max-width: 553px) 100vw, 553px\" \/><p id=\"caption-attachment-142470\" class=\"wp-caption-text\">Des \u00c9claireurs b\u00e9n\u00e9voles participent \u00e0 une distribution de jouets \u00e0 Bilwi, Puerto Cabezas, o\u00f9 1500 jouets ont \u00e9t\u00e9 offerts \u00e0 des enfants et \u00e0 des adolescents gr\u00e2ce \u00e0 une action men\u00e9e de mani\u00e8re collaborative par les minist\u00e8res de la jeunesse, de la famille, des femmes et de la sant\u00e9. [Photo : Union du Nicaragua]<\/p><\/div>\u00ab L\u2019initiative Impact Sant\u00e9 Totale met l\u2019accent sur la composante service du Mouvement pour une Sant\u00e9 Totale : pratiquer, partager et servir, \u00bb a-t-il d\u00e9clar\u00e9.<\/p>\n<p data-start=\"774\" data-end=\"874\">Le minist\u00e8re de la sant\u00e9 n\u2019est pas r\u00e9serv\u00e9 aux professionnels de la sant\u00e9, mais concerne chaque membre d\u2019\u00e9glise, a expliqu\u00e9 Dr G\u00e9n\u00e9us. \u00ab Nous parlons de sant\u00e9 holistique, qui traite non seulement les besoins physiques, mais aussi toutes les dimensions du bien-\u00eatre. \u00bb Dr G\u00e9n\u00e9us et les dirigeants de l\u2019\u00c9glise, ont visit\u00e9 les stations de radio qui ont relay\u00e9 l\u2019initiative tout au long de la semaine \u00e0 l\u2019\u00e9chelle nationale.<\/p>\n<p>Les dirigeants locaux de l\u2019\u00c9glise ont indiqu\u00e9 que plus de 170000 personnes avaient \u00e9t\u00e9 touch\u00e9es via les plateformes num\u00e9riques, contribuant ainsi \u00e0 diffuser le message promouvant une vie saine dans tout le pays.<\/p>\n<p><div id=\"attachment_142467\" style=\"width: 933px\" class=\"wp-caption aligncenter\"><img loading=\"lazy\" decoding=\"async\" aria-describedby=\"caption-attachment-142467\" class=\" wp-image-142467\" src=\"https:\/\/interamerica.org\/wp-content\/uploads\/2026\/04\/nicu-radio-interviews294bdf02-b231-4eca-ba36-60a3118ae2fc.jpg\" alt=\"\" width=\"923\" height=\"569\" srcset=\"https:\/\/interamerica.org\/wp-content\/uploads\/2026\/04\/nicu-radio-interviews294bdf02-b231-4eca-ba36-60a3118ae2fc.jpg 913w, https:\/\/interamerica.org\/wp-content\/uploads\/2026\/04\/nicu-radio-interviews294bdf02-b231-4eca-ba36-60a3118ae2fc-300x185.jpg 300w, https:\/\/interamerica.org\/wp-content\/uploads\/2026\/04\/nicu-radio-interviews294bdf02-b231-4eca-ba36-60a3118ae2fc-768x474.jpg 768w\" sizes=\"(max-width: 923px) 100vw, 923px\" \/><p id=\"caption-attachment-142467\" class=\"wp-caption-text\">De gauche \u00e0 droite : Roy Forbes, directeur de la radio adventiste \u00e0 Puerto Cabezas ; Adriel Vega, coordinateur op\u00e9rationnel du programme Universit\u00e9 Promotrice de Sant\u00e9 \u00e0 l\u2019Universit\u00e9 de Montemorelos ; H\u00e9ctor Alvarado, tr\u00e9sorier de l\u2019Union du Nicaragua, et Dr Franck G\u00e9neus, directeur des minist\u00e8res de la sant\u00e9 de la DIA, pr\u00e9sentent le Mouvement Sant\u00e9 Totale dans un studio d\u2019enregistrement \u00e9mettant en espagnol, en anglais et en miskito. [Photo : Union du Nicaragua]<\/p><\/div>Elieta Maltez, directrice des minist\u00e8res de la sant\u00e9 de l\u2019Union du Nicaragua, a indiqu\u00e9 que l\u2019initiative s\u2019\u00e9tendait au-del\u00e0 d\u2019une semaine unique.<\/p>\n<p>\u00ab L\u2019initiative Impact Sant\u00e9 Totale au Nicaragua ne s\u2019\u00e9tendait pas juste sur une semaine ; c\u2019\u00e9tait une v\u00e9ritable d\u00e9monstration d\u2019amour en action, \u00bb a-t-elle d\u00e9clar\u00e9. \u00ab Gr\u00e2ce \u00e0 des expos sant\u00e9, des brigades m\u00e9dicales, des s\u00e9minaires, des pr\u00e9sentations dans les \u00e9coles, des collectes de sang et des actions dans la communaut\u00e9, des milliers de personnes ont \u00e9t\u00e9 touch\u00e9es et des communaut\u00e9s ont \u00e9t\u00e9 b\u00e9nies. \u00bb<\/p>\n<p><div id=\"attachment_142463\" style=\"width: 897px\" class=\"wp-caption aligncenter\"><img loading=\"lazy\" decoding=\"async\" aria-describedby=\"caption-attachment-142463\" class=\" wp-image-142463\" src=\"https:\/\/interamerica.org\/wp-content\/uploads\/2026\/04\/nicu-union-leaders-puertocabezas-1166a38c-af2e-4924-b5ee-53242fd7f776.jpg\" alt=\"\" width=\"887\" height=\"527\" srcset=\"https:\/\/interamerica.org\/wp-content\/uploads\/2026\/04\/nicu-union-leaders-puertocabezas-1166a38c-af2e-4924-b5ee-53242fd7f776.jpg 1000w, https:\/\/interamerica.org\/wp-content\/uploads\/2026\/04\/nicu-union-leaders-puertocabezas-1166a38c-af2e-4924-b5ee-53242fd7f776-300x178.jpg 300w, https:\/\/interamerica.org\/wp-content\/uploads\/2026\/04\/nicu-union-leaders-puertocabezas-1166a38c-af2e-4924-b5ee-53242fd7f776-768x456.jpg 768w\" sizes=\"(max-width: 887px) 100vw, 887px\" \/><p id=\"caption-attachment-142463\" class=\"wp-caption-text\">Dr Socorro Mar\u00eda \u00dabeda (au centre), administratrice de l\u2019H\u00f4pital Adventiste du Nicaragua, s\u2019entretient avec des dirigeants lors d\u2019une action communautaire \u00e0 Puerto Cabezas, men\u00e9e par l\u2019\u00c9glise et l\u2019H\u00f4pital Adventiste du Nicaragua. [Photo : Union du Nicaragua]<\/p><\/div><strong>Des initiatives \u00e9ducatives mobilisent les \u00e9l\u00e8ves et les familles<\/strong><\/p>\n<p>L&rsquo;\u00e9ducation a jou\u00e9 un r\u00f4le cl\u00e9 dans l&rsquo;initiative Impact Sant\u00e9 Totale ; elle a touch\u00e9 plus de 1600 \u00e9l\u00e8ves et parents dans les \u00e9coles adventistes \u00e0 travers le Nicaragua \u2013 dont beaucoup ne sont pas membres de l&rsquo;\u00c9glise.<\/p>\n<p>\u00c0 Matagalpa, l&rsquo;\u00c9cole Priv\u00e9e Adventiste a organis\u00e9 une expo sant\u00e9 ax\u00e9e sur les huit rem\u00e8des naturels au cours de laquelle les \u00e9l\u00e8ves ont fait des pr\u00e9sentations et partag\u00e9 des conseils pratiques pour une vie saine avec leurs familles.<\/p>\n<p>\u00ab Nous avons organis\u00e9 une expo sant\u00e9 o\u00f9 les \u00e9l\u00e8ves ont expliqu\u00e9 l&rsquo;importance de chaque rem\u00e8de naturel, \u00bb a dit Mar\u00eda Mercedes Cardoza, directrice de l&rsquo;\u00e9cole. L\u2019objectif \u00e9tait d\u2019aider les familles \u00e0 comprendre comment prendre soin de leur sant\u00e9 et \u00e0 appliquer ces principes \u00e0 la maison. \u00bb<\/p>\n<p><div id=\"attachment_142464\" style=\"width: 884px\" class=\"wp-caption aligncenter\"><img loading=\"lazy\" decoding=\"async\" aria-describedby=\"caption-attachment-142464\" class=\" wp-image-142464\" src=\"https:\/\/interamerica.org\/wp-content\/uploads\/2026\/04\/nicu-health-talk-school-a8397cc4-5a5c-4da2-988a-706523f32e30.jpg\" alt=\"\" width=\"874\" height=\"492\" srcset=\"https:\/\/interamerica.org\/wp-content\/uploads\/2026\/04\/nicu-health-talk-school-a8397cc4-5a5c-4da2-988a-706523f32e30.jpg 1000w, https:\/\/interamerica.org\/wp-content\/uploads\/2026\/04\/nicu-health-talk-school-a8397cc4-5a5c-4da2-988a-706523f32e30-300x169.jpg 300w, https:\/\/interamerica.org\/wp-content\/uploads\/2026\/04\/nicu-health-talk-school-a8397cc4-5a5c-4da2-988a-706523f32e30-768x432.jpg 768w\" sizes=\"(max-width: 874px) 100vw, 874px\" \/><p id=\"caption-attachment-142464\" class=\"wp-caption-text\">Adriel Vega, coordinateur op\u00e9rationnel du programme Universit\u00e9 Promotrice de Sant\u00e9 \u00e0 l&rsquo;Universit\u00e9 de Montemorelos, a prodigu\u00e9 des conseils sur les habitudes de vie saine \u00e0 l&rsquo;\u00c9cole Priv\u00e9e Adventiste de Matagalpa, o\u00f9 environ 300 personnes, dont des \u00e9l\u00e8ves et des parents, \u00e9taient pr\u00e9sentes. [Photo : Union du Nicaragua]<\/p><\/div>Les parents ont constat\u00e9 l\u2019int\u00e9r\u00eat imm\u00e9diat de cette initiative.<\/p>\n<p>\u00ab L\u2019exp\u00e9rience a \u00e9t\u00e9 tr\u00e8s significative \u00e0 la fois pour les enfants et pour les adultes, \u00bb a d\u00e9clar\u00e9 une m\u00e8re participante. \u00ab Nous avons appris \u00e0 pr\u00e9venir les maladies et \u00e0 am\u00e9liorer nos habitudes \u00e0 la maison. \u00bb<\/p>\n<p>Les dirigeants ont soulign\u00e9 que l\u2019initiative va bien au-del\u00e0 d\u2019une seule semaine d\u2019activit\u00e9s. \u00ab Nous voulons insister sur le fait que cette \u0153uvre ne se limite pas \u00e0 une semaine, \u00bb a d\u00e9clar\u00e9 Dr David Caldera, directeur des minist\u00e8res de la sant\u00e9 pour la F\u00e9d\u00e9ration du Centre du Nicaragua. \u00ab Elle se poursuit dans nos \u00e9glises \u00e0 travers des programmes en cours ax\u00e9s sur la communaut\u00e9 qui r\u00e9pondent aux besoins spirituels et physiques et promeuvent une meilleure qualit\u00e9 de vie. \u00bb<\/p>\n<p><div id=\"attachment_142465\" style=\"width: 913px\" class=\"wp-caption aligncenter\"><img loading=\"lazy\" decoding=\"async\" aria-describedby=\"caption-attachment-142465\" class=\" wp-image-142465\" src=\"https:\/\/interamerica.org\/wp-content\/uploads\/2026\/04\/nicu-meals-955560ee-65c9-4941-98cd-d1708db48ee2.jpg\" alt=\"\" width=\"903\" height=\"617\" srcset=\"https:\/\/interamerica.org\/wp-content\/uploads\/2026\/04\/nicu-meals-955560ee-65c9-4941-98cd-d1708db48ee2.jpg 1000w, https:\/\/interamerica.org\/wp-content\/uploads\/2026\/04\/nicu-meals-955560ee-65c9-4941-98cd-d1708db48ee2-300x205.jpg 300w, https:\/\/interamerica.org\/wp-content\/uploads\/2026\/04\/nicu-meals-955560ee-65c9-4941-98cd-d1708db48ee2-768x525.jpg 768w\" sizes=\"(max-width: 903px) 100vw, 903px\" \/><p id=\"caption-attachment-142465\" class=\"wp-caption-text\">[Photo: Nicaragua Union]<\/p><\/div><strong>Des initiatives nationales \u00e9tendent la port\u00e9e et l\u2019impact de l\u2019action<\/strong><\/p>\n<p>Ce mouvement, organis\u00e9 dans le cadre de la Journ\u00e9e Mondiale de la Sant\u00e9, a r\u00e9uni des \u00e9glises, des \u00e9tablissements d\u2019enseignement, des centres d\u2019influence, des b\u00e9n\u00e9voles et des professionnels de la sant\u00e9 autour d\u2019une initiative coordonn\u00e9e ax\u00e9e sur la pr\u00e9vention, l\u2019\u00e9ducation et le service communautaire. Les activit\u00e9s comprenaient \u00e9galement des pr\u00e9sentations \u00e9ducatives, des marches communautaires et la distribution de repas di\u00e9t\u00e9tiques tout au long de la semaine.<\/p>\n<p>Plus de 10000 repas ont \u00e9t\u00e9 distribu\u00e9s dans plus de 100 \u00e9glises et centres d\u2019influence entre le 6 et le 17 avril ; il y a aussi eu des moments d\u2019information sur la nutrition, la pr\u00e9vention des maladies et la sant\u00e9 mentale, ainsi que des collectes de sang organis\u00e9es en collaboration avec les institutions locales.<\/p>\n<p><div id=\"attachment_142471\" style=\"width: 888px\" class=\"wp-caption aligncenter\"><img loading=\"lazy\" decoding=\"async\" aria-describedby=\"caption-attachment-142471\" class=\" wp-image-142471\" src=\"https:\/\/interamerica.org\/wp-content\/uploads\/2026\/04\/nicu-blood-donor-d33bc2e0-7953-4e6c-9715-7f9720d2925b.jpg\" alt=\"\" width=\"878\" height=\"585\" srcset=\"https:\/\/interamerica.org\/wp-content\/uploads\/2026\/04\/nicu-blood-donor-d33bc2e0-7953-4e6c-9715-7f9720d2925b.jpg 1000w, https:\/\/interamerica.org\/wp-content\/uploads\/2026\/04\/nicu-blood-donor-d33bc2e0-7953-4e6c-9715-7f9720d2925b-300x200.jpg 300w, https:\/\/interamerica.org\/wp-content\/uploads\/2026\/04\/nicu-blood-donor-d33bc2e0-7953-4e6c-9715-7f9720d2925b-768x511.jpg 768w\" sizes=\"(max-width: 878px) 100vw, 878px\" \/><p id=\"caption-attachment-142471\" class=\"wp-caption-text\">Un \u00e9claireur en uniforme donne son sang lors d\u2019une initiative communautaire qui a mobilis\u00e9 des centaines de membres, jeunes et moins jeunes, afin qu\u2019ils participent \u00e0 des collectes de sang dans tout le Nicaragua. [Photo : Union du Nicaragua]<\/p><\/div>Des \u00e9quipes de professionnels de la sant\u00e9, de dirigeants et de membres d\u2019\u00e9glises ont \u00e9galement parcouru les territoires des trois f\u00e9d\u00e9rations du pays, apportant leur soutien et participant aux activit\u00e9s d\u2019Impact Sant\u00e9 Totale.<\/p>\n<p>\u00ab Lors de cette visite \u00e0 travers le Nicaragua, nous avons constat\u00e9 un engouement extraordinaire de la part des parents et des \u00e9tudiants, \u00bb a dit Adriel Vega, coordinateur op\u00e9rationnel du programme Universit\u00e9 Promotrice de Sant\u00e9 \u00e0 l\u2019Universit\u00e9 de Montemorelos. \u00ab Cela t\u00e9moigne de l\u2019impact concret obtenu dans les communaut\u00e9s. \u00bb<\/p>\n<p><strong>Emphase sur la sant\u00e9 \u00e0 long terme et sur la transformation de la communaut\u00e9<\/strong><\/p>\n<p>Les dirigeants ont indiqu\u00e9 que l&rsquo;initiative \u00ab Impact Sant\u00e9 Totale \u00bb s&rsquo;inscrit dans une strat\u00e9gie plus vaste visant \u00e0 promouvoir des changements de mode de vie durables par la pr\u00e9vention, l&rsquo;\u00e9ducation et l&rsquo;adoption d\u2019habitudes saines ; Cette strat\u00e9gie comprend des initiatives virtuelles, des actions dans la communaut\u00e9 et des actions cibl\u00e9es pour les enfants, les jeunes et les familles vuln\u00e9rables. Ils ont ajout\u00e9 que son v\u00e9ritable impact se mesurera \u00e0 l&rsquo;aune des changements de comportement \u00e0 long terme et de la transformation des communaut\u00e9s gr\u00e2ce \u00e0 la poursuite des actions de service.<\/p>\n<p><div id=\"attachment_142466\" style=\"width: 874px\" class=\"wp-caption aligncenter\"><img loading=\"lazy\" decoding=\"async\" aria-describedby=\"caption-attachment-142466\" class=\" wp-image-142466\" src=\"https:\/\/interamerica.org\/wp-content\/uploads\/2026\/04\/nicu-healthy-recipies.jpg\" alt=\"\" width=\"864\" height=\"598\" srcset=\"https:\/\/interamerica.org\/wp-content\/uploads\/2026\/04\/nicu-healthy-recipies.jpg 1000w, https:\/\/interamerica.org\/wp-content\/uploads\/2026\/04\/nicu-healthy-recipies-300x208.jpg 300w, https:\/\/interamerica.org\/wp-content\/uploads\/2026\/04\/nicu-healthy-recipies-768x531.jpg 768w\" sizes=\"(max-width: 864px) 100vw, 864px\" \/><p id=\"caption-attachment-142466\" class=\"wp-caption-text\">Une pr\u00e9sentation d&rsquo;aliments di\u00e9t\u00e9tiques est propos\u00e9e lors d&rsquo;un s\u00e9minaire sur la nutrition organis\u00e9 dans un restaurant local. Le personnel du restaurant s&rsquo;est associ\u00e9 \u00e0 un district d\u2019\u00e9glises pour enseigner les principes d&rsquo;une alimentation saine. [Photo : Union du Nicaragua]<\/p><\/div>\u00ab Il s&rsquo;agit d&rsquo;un tournant pour les minist\u00e8res de la sant\u00e9 dans la r\u00e9gion, \u00bb a dit Dr G\u00e9n\u00e9us. \u00ab Nous constatons un regain d&rsquo;engagement et une r\u00e9elle opportunit\u00e9 de consolider le r\u00f4le de l&rsquo;\u00c9glise dans le service aux communaut\u00e9s de mani\u00e8re significative et durable. \u00bb<\/p>\n<p>En Am\u00e9rique Centrale, les adventistes du septi\u00e8me jour au Panama, au Costa Rica, au Honduras, au Salvador et au Guatemala ont \u00e9galement touch\u00e9 des milliers de personnes lors de la semaine r\u00e9gionale d\u2019action missionnaire sanitaire le mois dernier.<\/p>\n<p>Traduction: Patrick Luciathe<\/p>\n","protected":false},"excerpt":{"rendered":"<p>Une initiative de l\u2019\u00c9glise adventiste mobilise les communaut\u00e9s, \u00e9tend l\u2019action missionnaire et promeut des modes de vie sains et durables 29 avril 2026 | Managua, Nicaragua | Kimberly Sol\u00eds et&#8230;<\/p>\n","protected":false},"author":3,"featured_media":142575,"comment_status":"closed","ping_status":"closed","sticky":false,"template":"","format":"standard","meta":{"_acf_changed":false,"footnotes":""},"categories":[21,19],"tags":[],"class_list":["post-142574","post","type-post","status-publish","format-standard","has-post-thumbnail","hentry","category-nouvelles-du-territoire","category-rss-francais"],"acf":[],"yoast_head":"<!-- This site is optimized with the Yoast SEO plugin v27.3 - https:\/\/yoast.com\/product\/yoast-seo-wordpress\/ -->\n<title>Plus de 20000 personnes touch\u00e9es dans le cadre d\u2019une campagne de sant\u00e9 nationale au Nicaragua - \u00c9glise Adventiste Du Septieme Jour - Inter Am\u00e9rique Division<\/title>\n<meta name=\"robots\" content=\"index, follow, max-snippet:-1, max-image-preview:large, max-video-preview:-1\" \/>\n<link rel=\"canonical\" href=\"https:\/\/interamerica.org\/fr\/2026\/04\/plus-de-20000-personnes-touchees-dans-le-cadre-dune-campagne-de-sante-nationale-au-nicaragua\/\" \/>\n<meta property=\"og:locale\" content=\"fr_FR\" \/>\n<meta property=\"og:type\" content=\"article\" \/>\n<meta property=\"og:title\" content=\"Plus de 20000 personnes touch\u00e9es dans le cadre d\u2019une campagne de sant\u00e9 nationale au Nicaragua - \u00c9glise Adventiste Du Septieme Jour - Inter Am\u00e9rique Division\" \/>\n<meta property=\"og:description\" content=\"Une initiative de l\u2019\u00c9glise adventiste mobilise les communaut\u00e9s, \u00e9tend l\u2019action missionnaire et promeut des modes de vie sains et durables 29 avril 2026 | Managua, Nicaragua | Kimberly Sol\u00eds et...\" \/>\n<meta property=\"og:url\" content=\"https:\/\/interamerica.org\/fr\/2026\/04\/plus-de-20000-personnes-touchees-dans-le-cadre-dune-campagne-de-sante-nationale-au-nicaragua\/\" \/>\n<meta property=\"og:site_name\" content=\"\u00c9glise Adventiste Du Septieme Jour - Inter Am\u00e9rique Division\" \/>\n<meta property=\"article:published_time\" content=\"2026-04-30T01:17:07+00:00\" \/>\n<meta property=\"article:modified_time\" content=\"2026-05-01T22:06:10+00:00\" \/>\n<meta property=\"og:image\" content=\"https:\/\/interamerica.org\/wp-content\/uploads\/2026\/04\/nica-puertocabezas-totalhealthimpact2026.jpg\" \/>\n\t<meta property=\"og:image:width\" content=\"1280\" \/>\n\t<meta property=\"og:image:height\" content=\"800\" \/>\n\t<meta property=\"og:image:type\" content=\"image\/jpeg\" \/>\n<meta name=\"author\" content=\"libna\" \/>\n<meta name=\"twitter:card\" content=\"summary_large_image\" \/>\n<meta name=\"twitter:label1\" content=\"\u00c9crit par\" \/>\n\t<meta name=\"twitter:data1\" content=\"libna\" \/>\n\t<meta name=\"twitter:label2\" content=\"Dur\u00e9e de lecture estim\u00e9e\" \/>\n\t<meta name=\"twitter:data2\" content=\"10 minutes\" \/>\n<script type=\"application\/ld+json\" class=\"yoast-schema-graph\">{\"@context\":\"https:\\\/\\\/schema.org\",\"@graph\":[{\"@type\":\"Article\",\"@id\":\"https:\\\/\\\/interamerica.org\\\/fr\\\/2026\\\/04\\\/plus-de-20000-personnes-touchees-dans-le-cadre-dune-campagne-de-sante-nationale-au-nicaragua\\\/#article\",\"isPartOf\":{\"@id\":\"https:\\\/\\\/interamerica.org\\\/fr\\\/2026\\\/04\\\/plus-de-20000-personnes-touchees-dans-le-cadre-dune-campagne-de-sante-nationale-au-nicaragua\\\/\"},\"author\":{\"name\":\"libna\",\"@id\":\"https:\\\/\\\/interamerica.org\\\/fr\\\/#\\\/schema\\\/person\\\/29998f2bc2d8bd0d38662909289b54f1\"},\"headline\":\"Plus de 20000 personnes touch\u00e9es dans le cadre d\u2019une campagne de sant\u00e9 nationale au Nicaragua\",\"datePublished\":\"2026-04-30T01:17:07+00:00\",\"dateModified\":\"2026-05-01T22:06:10+00:00\",\"mainEntityOfPage\":{\"@id\":\"https:\\\/\\\/interamerica.org\\\/fr\\\/2026\\\/04\\\/plus-de-20000-personnes-touchees-dans-le-cadre-dune-campagne-de-sante-nationale-au-nicaragua\\\/\"},\"wordCount\":1974,\"image\":{\"@id\":\"https:\\\/\\\/interamerica.org\\\/fr\\\/2026\\\/04\\\/plus-de-20000-personnes-touchees-dans-le-cadre-dune-campagne-de-sante-nationale-au-nicaragua\\\/#primaryimage\"},\"thumbnailUrl\":\"https:\\\/\\\/interamerica.org\\\/wp-content\\\/uploads\\\/2026\\\/04\\\/nica-puertocabezas-totalhealthimpact2026.jpg\",\"articleSection\":[\"Nouvelles du territoire\",\"RSS Fran\u00e7ais\"],\"inLanguage\":\"fr-FR\"},{\"@type\":\"WebPage\",\"@id\":\"https:\\\/\\\/interamerica.org\\\/fr\\\/2026\\\/04\\\/plus-de-20000-personnes-touchees-dans-le-cadre-dune-campagne-de-sante-nationale-au-nicaragua\\\/\",\"url\":\"https:\\\/\\\/interamerica.org\\\/fr\\\/2026\\\/04\\\/plus-de-20000-personnes-touchees-dans-le-cadre-dune-campagne-de-sante-nationale-au-nicaragua\\\/\",\"name\":\"Plus de 20000 personnes touch\u00e9es dans le cadre d\u2019une campagne de sant\u00e9 nationale au Nicaragua - \u00c9glise Adventiste Du Septieme Jour - Inter Am\u00e9rique Division\",\"isPartOf\":{\"@id\":\"https:\\\/\\\/interamerica.org\\\/fr\\\/#website\"},\"primaryImageOfPage\":{\"@id\":\"https:\\\/\\\/interamerica.org\\\/fr\\\/2026\\\/04\\\/plus-de-20000-personnes-touchees-dans-le-cadre-dune-campagne-de-sante-nationale-au-nicaragua\\\/#primaryimage\"},\"image\":{\"@id\":\"https:\\\/\\\/interamerica.org\\\/fr\\\/2026\\\/04\\\/plus-de-20000-personnes-touchees-dans-le-cadre-dune-campagne-de-sante-nationale-au-nicaragua\\\/#primaryimage\"},\"thumbnailUrl\":\"https:\\\/\\\/interamerica.org\\\/wp-content\\\/uploads\\\/2026\\\/04\\\/nica-puertocabezas-totalhealthimpact2026.jpg\",\"datePublished\":\"2026-04-30T01:17:07+00:00\",\"dateModified\":\"2026-05-01T22:06:10+00:00\",\"author\":{\"@id\":\"https:\\\/\\\/interamerica.org\\\/fr\\\/#\\\/schema\\\/person\\\/29998f2bc2d8bd0d38662909289b54f1\"},\"breadcrumb\":{\"@id\":\"https:\\\/\\\/interamerica.org\\\/fr\\\/2026\\\/04\\\/plus-de-20000-personnes-touchees-dans-le-cadre-dune-campagne-de-sante-nationale-au-nicaragua\\\/#breadcrumb\"},\"inLanguage\":\"fr-FR\",\"potentialAction\":[{\"@type\":\"ReadAction\",\"target\":[\"https:\\\/\\\/interamerica.org\\\/fr\\\/2026\\\/04\\\/plus-de-20000-personnes-touchees-dans-le-cadre-dune-campagne-de-sante-nationale-au-nicaragua\\\/\"]}]},{\"@type\":\"ImageObject\",\"inLanguage\":\"fr-FR\",\"@id\":\"https:\\\/\\\/interamerica.org\\\/fr\\\/2026\\\/04\\\/plus-de-20000-personnes-touchees-dans-le-cadre-dune-campagne-de-sante-nationale-au-nicaragua\\\/#primaryimage\",\"url\":\"https:\\\/\\\/interamerica.org\\\/wp-content\\\/uploads\\\/2026\\\/04\\\/nica-puertocabezas-totalhealthimpact2026.jpg\",\"contentUrl\":\"https:\\\/\\\/interamerica.org\\\/wp-content\\\/uploads\\\/2026\\\/04\\\/nica-puertocabezas-totalhealthimpact2026.jpg\",\"width\":1280,\"height\":800,\"caption\":\"A health professional provides care during free medical services in Puerto Cabezas (Bilwi), northeastern Nicaragua, on April 11, 2026. Staff and volunteers from the Nicaragua Adventist Hospital assisted in serving more than 5,000 people that day as part of Total Health Impact activities across the country. [Photo: Nicaragua Union]\"},{\"@type\":\"BreadcrumbList\",\"@id\":\"https:\\\/\\\/interamerica.org\\\/fr\\\/2026\\\/04\\\/plus-de-20000-personnes-touchees-dans-le-cadre-dune-campagne-de-sante-nationale-au-nicaragua\\\/#breadcrumb\",\"itemListElement\":[{\"@type\":\"ListItem\",\"position\":1,\"name\":\"Home\",\"item\":\"https:\\\/\\\/interamerica.org\\\/fr\\\/\"},{\"@type\":\"ListItem\",\"position\":2,\"name\":\"Plus de 20000 personnes touch\u00e9es dans le cadre d\u2019une campagne de sant\u00e9 nationale au Nicaragua\"}]},{\"@type\":\"WebSite\",\"@id\":\"https:\\\/\\\/interamerica.org\\\/fr\\\/#website\",\"url\":\"https:\\\/\\\/interamerica.org\\\/fr\\\/\",\"name\":\"\u00c9glise Adventiste Du Septieme Jour - Inter Am\u00e9rique Division\",\"description\":\"\",\"potentialAction\":[{\"@type\":\"SearchAction\",\"target\":{\"@type\":\"EntryPoint\",\"urlTemplate\":\"https:\\\/\\\/interamerica.org\\\/fr\\\/?s={search_term_string}\"},\"query-input\":{\"@type\":\"PropertyValueSpecification\",\"valueRequired\":true,\"valueName\":\"search_term_string\"}}],\"inLanguage\":\"fr-FR\"},{\"@type\":\"Person\",\"@id\":\"https:\\\/\\\/interamerica.org\\\/fr\\\/#\\\/schema\\\/person\\\/29998f2bc2d8bd0d38662909289b54f1\",\"name\":\"libna\",\"image\":{\"@type\":\"ImageObject\",\"inLanguage\":\"fr-FR\",\"@id\":\"https:\\\/\\\/secure.gravatar.com\\\/avatar\\\/7c5bd30ae4b47a9ba3c856590957fd1d96dc588bf3ac05719d247e126840331f?s=96&d=mm&r=g\",\"url\":\"https:\\\/\\\/secure.gravatar.com\\\/avatar\\\/7c5bd30ae4b47a9ba3c856590957fd1d96dc588bf3ac05719d247e126840331f?s=96&d=mm&r=g\",\"contentUrl\":\"https:\\\/\\\/secure.gravatar.com\\\/avatar\\\/7c5bd30ae4b47a9ba3c856590957fd1d96dc588bf3ac05719d247e126840331f?s=96&d=mm&r=g\",\"caption\":\"libna\"}}]}<\/script>\n<!-- \/ Yoast SEO plugin. -->","yoast_head_json":{"title":"Plus de 20000 personnes touch\u00e9es dans le cadre d\u2019une campagne de sant\u00e9 nationale au Nicaragua - \u00c9glise Adventiste Du Septieme Jour - Inter Am\u00e9rique Division","robots":{"index":"index","follow":"follow","max-snippet":"max-snippet:-1","max-image-preview":"max-image-preview:large","max-video-preview":"max-video-preview:-1"},"canonical":"https:\/\/interamerica.org\/fr\/2026\/04\/plus-de-20000-personnes-touchees-dans-le-cadre-dune-campagne-de-sante-nationale-au-nicaragua\/","og_locale":"fr_FR","og_type":"article","og_title":"Plus de 20000 personnes touch\u00e9es dans le cadre d\u2019une campagne de sant\u00e9 nationale au Nicaragua - \u00c9glise Adventiste Du Septieme Jour - Inter Am\u00e9rique Division","og_description":"Une initiative de l\u2019\u00c9glise adventiste mobilise les communaut\u00e9s, \u00e9tend l\u2019action missionnaire et promeut des modes de vie sains et durables 29 avril 2026 | Managua, Nicaragua | Kimberly Sol\u00eds et...","og_url":"https:\/\/interamerica.org\/fr\/2026\/04\/plus-de-20000-personnes-touchees-dans-le-cadre-dune-campagne-de-sante-nationale-au-nicaragua\/","og_site_name":"\u00c9glise Adventiste Du Septieme Jour - Inter Am\u00e9rique Division","article_published_time":"2026-04-30T01:17:07+00:00","article_modified_time":"2026-05-01T22:06:10+00:00","og_image":[{"width":1280,"height":800,"url":"https:\/\/interamerica.org\/wp-content\/uploads\/2026\/04\/nica-puertocabezas-totalhealthimpact2026.jpg","type":"image\/jpeg"}],"author":"libna","twitter_card":"summary_large_image","twitter_misc":{"\u00c9crit par":"libna","Dur\u00e9e de lecture estim\u00e9e":"10 minutes"},"schema":{"@context":"https:\/\/schema.org","@graph":[{"@type":"Article","@id":"https:\/\/interamerica.org\/fr\/2026\/04\/plus-de-20000-personnes-touchees-dans-le-cadre-dune-campagne-de-sante-nationale-au-nicaragua\/#article","isPartOf":{"@id":"https:\/\/interamerica.org\/fr\/2026\/04\/plus-de-20000-personnes-touchees-dans-le-cadre-dune-campagne-de-sante-nationale-au-nicaragua\/"},"author":{"name":"libna","@id":"https:\/\/interamerica.org\/fr\/#\/schema\/person\/29998f2bc2d8bd0d38662909289b54f1"},"headline":"Plus de 20000 personnes touch\u00e9es dans le cadre d\u2019une campagne de sant\u00e9 nationale au Nicaragua","datePublished":"2026-04-30T01:17:07+00:00","dateModified":"2026-05-01T22:06:10+00:00","mainEntityOfPage":{"@id":"https:\/\/interamerica.org\/fr\/2026\/04\/plus-de-20000-personnes-touchees-dans-le-cadre-dune-campagne-de-sante-nationale-au-nicaragua\/"},"wordCount":1974,"image":{"@id":"https:\/\/interamerica.org\/fr\/2026\/04\/plus-de-20000-personnes-touchees-dans-le-cadre-dune-campagne-de-sante-nationale-au-nicaragua\/#primaryimage"},"thumbnailUrl":"https:\/\/interamerica.org\/wp-content\/uploads\/2026\/04\/nica-puertocabezas-totalhealthimpact2026.jpg","articleSection":["Nouvelles du territoire","RSS Fran\u00e7ais"],"inLanguage":"fr-FR"},{"@type":"WebPage","@id":"https:\/\/interamerica.org\/fr\/2026\/04\/plus-de-20000-personnes-touchees-dans-le-cadre-dune-campagne-de-sante-nationale-au-nicaragua\/","url":"https:\/\/interamerica.org\/fr\/2026\/04\/plus-de-20000-personnes-touchees-dans-le-cadre-dune-campagne-de-sante-nationale-au-nicaragua\/","name":"Plus de 20000 personnes touch\u00e9es dans le cadre d\u2019une campagne de sant\u00e9 nationale au Nicaragua - \u00c9glise Adventiste Du Septieme Jour - Inter Am\u00e9rique Division","isPartOf":{"@id":"https:\/\/interamerica.org\/fr\/#website"},"primaryImageOfPage":{"@id":"https:\/\/interamerica.org\/fr\/2026\/04\/plus-de-20000-personnes-touchees-dans-le-cadre-dune-campagne-de-sante-nationale-au-nicaragua\/#primaryimage"},"image":{"@id":"https:\/\/interamerica.org\/fr\/2026\/04\/plus-de-20000-personnes-touchees-dans-le-cadre-dune-campagne-de-sante-nationale-au-nicaragua\/#primaryimage"},"thumbnailUrl":"https:\/\/interamerica.org\/wp-content\/uploads\/2026\/04\/nica-puertocabezas-totalhealthimpact2026.jpg","datePublished":"2026-04-30T01:17:07+00:00","dateModified":"2026-05-01T22:06:10+00:00","author":{"@id":"https:\/\/interamerica.org\/fr\/#\/schema\/person\/29998f2bc2d8bd0d38662909289b54f1"},"breadcrumb":{"@id":"https:\/\/interamerica.org\/fr\/2026\/04\/plus-de-20000-personnes-touchees-dans-le-cadre-dune-campagne-de-sante-nationale-au-nicaragua\/#breadcrumb"},"inLanguage":"fr-FR","potentialAction":[{"@type":"ReadAction","target":["https:\/\/interamerica.org\/fr\/2026\/04\/plus-de-20000-personnes-touchees-dans-le-cadre-dune-campagne-de-sante-nationale-au-nicaragua\/"]}]},{"@type":"ImageObject","inLanguage":"fr-FR","@id":"https:\/\/interamerica.org\/fr\/2026\/04\/plus-de-20000-personnes-touchees-dans-le-cadre-dune-campagne-de-sante-nationale-au-nicaragua\/#primaryimage","url":"https:\/\/interamerica.org\/wp-content\/uploads\/2026\/04\/nica-puertocabezas-totalhealthimpact2026.jpg","contentUrl":"https:\/\/interamerica.org\/wp-content\/uploads\/2026\/04\/nica-puertocabezas-totalhealthimpact2026.jpg","width":1280,"height":800,"caption":"A health professional provides care during free medical services in Puerto Cabezas (Bilwi), northeastern Nicaragua, on April 11, 2026. Staff and volunteers from the Nicaragua Adventist Hospital assisted in serving more than 5,000 people that day as part of Total Health Impact activities across the country. [Photo: Nicaragua Union]"},{"@type":"BreadcrumbList","@id":"https:\/\/interamerica.org\/fr\/2026\/04\/plus-de-20000-personnes-touchees-dans-le-cadre-dune-campagne-de-sante-nationale-au-nicaragua\/#breadcrumb","itemListElement":[{"@type":"ListItem","position":1,"name":"Home","item":"https:\/\/interamerica.org\/fr\/"},{"@type":"ListItem","position":2,"name":"Plus de 20000 personnes touch\u00e9es dans le cadre d\u2019une campagne de sant\u00e9 nationale au Nicaragua"}]},{"@type":"WebSite","@id":"https:\/\/interamerica.org\/fr\/#website","url":"https:\/\/interamerica.org\/fr\/","name":"\u00c9glise Adventiste Du Septieme Jour - Inter Am\u00e9rique Division","description":"","potentialAction":[{"@type":"SearchAction","target":{"@type":"EntryPoint","urlTemplate":"https:\/\/interamerica.org\/fr\/?s={search_term_string}"},"query-input":{"@type":"PropertyValueSpecification","valueRequired":true,"valueName":"search_term_string"}}],"inLanguage":"fr-FR"},{"@type":"Person","@id":"https:\/\/interamerica.org\/fr\/#\/schema\/person\/29998f2bc2d8bd0d38662909289b54f1","name":"libna","image":{"@type":"ImageObject","inLanguage":"fr-FR","@id":"https:\/\/secure.gravatar.com\/avatar\/7c5bd30ae4b47a9ba3c856590957fd1d96dc588bf3ac05719d247e126840331f?s=96&d=mm&r=g","url":"https:\/\/secure.gravatar.com\/avatar\/7c5bd30ae4b47a9ba3c856590957fd1d96dc588bf3ac05719d247e126840331f?s=96&d=mm&r=g","contentUrl":"https:\/\/secure.gravatar.com\/avatar\/7c5bd30ae4b47a9ba3c856590957fd1d96dc588bf3ac05719d247e126840331f?s=96&d=mm&r=g","caption":"libna"}}]}},"_links":{"self":[{"href":"https:\/\/interamerica.org\/fr\/wp-json\/wp\/v2\/posts\/142574","targetHints":{"allow":["GET"]}}],"collection":[{"href":"https:\/\/interamerica.org\/fr\/wp-json\/wp\/v2\/posts"}],"about":[{"href":"https:\/\/interamerica.org\/fr\/wp-json\/wp\/v2\/types\/post"}],"author":[{"embeddable":true,"href":"https:\/\/interamerica.org\/fr\/wp-json\/wp\/v2\/users\/3"}],"replies":[{"embeddable":true,"href":"https:\/\/interamerica.org\/fr\/wp-json\/wp\/v2\/comments?post=142574"}],"version-history":[{"count":1,"href":"https:\/\/interamerica.org\/fr\/wp-json\/wp\/v2\/posts\/142574\/revisions"}],"predecessor-version":[{"id":142591,"href":"https:\/\/interamerica.org\/fr\/wp-json\/wp\/v2\/posts\/142574\/revisions\/142591"}],"wp:featuredmedia":[{"embeddable":true,"href":"https:\/\/interamerica.org\/fr\/wp-json\/wp\/v2\/media\/142575"}],"wp:attachment":[{"href":"https:\/\/interamerica.org\/fr\/wp-json\/wp\/v2\/media?parent=142574"}],"wp:term":[{"taxonomy":"category","embeddable":true,"href":"https:\/\/interamerica.org\/fr\/wp-json\/wp\/v2\/categories?post=142574"},{"taxonomy":"post_tag","embeddable":true,"href":"https:\/\/interamerica.org\/fr\/wp-json\/wp\/v2\/tags?post=142574"}],"curies":[{"name":"wp","href":"https:\/\/api.w.org\/{rel}","templated":true}]}}