{"id":142578,"date":"2026-04-30T23:48:19","date_gmt":"2026-05-01T03:48:19","guid":{"rendered":"https:\/\/interamerica.org\/?p=142578"},"modified":"2026-05-01T18:07:07","modified_gmt":"2026-05-01T22:07:07","slug":"des-milliers-de-personnes-prennent-part-a-des-actions-de-prevention-sanitaire-au-honduras-dans-le-cadre-de-linitiative-impact-sante-totale","status":"publish","type":"post","link":"https:\/\/interamerica.org\/fr\/2026\/04\/des-milliers-de-personnes-prennent-part-a-des-actions-de-prevention-sanitaire-au-honduras-dans-le-cadre-de-linitiative-impact-sante-totale\/","title":{"rendered":"Des milliers de personnes prennent part \u00e0 des actions de pr\u00e9vention sanitaire au Honduras dans le cadre de l&rsquo;initiative \u00ab Impact Sant\u00e9 Totale \u00bb"},"content":{"rendered":"<p><em>L\u2019initiative combine des actions aupr\u00e8s du public, la participation des m\u00e9dias et des partenariats communautaires visant \u00e0 promouvoir des modes de vie plus sains.<\/em><\/p>\n<p>30 avril 2026 | Tegucigalpa, Honduras | Service de communication de l&rsquo;Union du Honduras et \u00e9quipe de r\u00e9daction des actualit\u00e9s de la DIA<\/p>\n<p>L&rsquo;\u00c9glise adventiste du septi\u00e8me jour du Honduras a men\u00e9 son initiative <em>Impact Sant\u00e9 Totale<\/em> fdu 6 au 11 avril 2026, touchant plus de 21300 personnes \u00e0 travers une action nationale ax\u00e9e sur la pr\u00e9vention sanitaire et la promotion du bien-\u00eatre physique, mental et spirituel.<\/p>\n<p>Pendant une semaine, l&rsquo;initiative a combin\u00e9 \u00e9ducation \u00e0 la sant\u00e9, services m\u00e9dicaux et soutien spirituel, mobilisant les communaut\u00e9s \u00e0 travers le pays autour de messages ax\u00e9s sur le mode de vie, la pr\u00e9vention et l&rsquo;esp\u00e9rance.<\/p>\n<p><div id=\"attachment_142516\" style=\"width: 908px\" class=\"wp-caption aligncenter\"><img fetchpriority=\"high\" decoding=\"async\" aria-describedby=\"caption-attachment-142516\" class=\" wp-image-142516\" src=\"https:\/\/interamerica.org\/wp-content\/uploads\/2026\/04\/honu-totalhealth-volunteer.png\" alt=\"\" width=\"898\" height=\"501\" srcset=\"https:\/\/interamerica.org\/wp-content\/uploads\/2026\/04\/honu-totalhealth-volunteer.png 1000w, https:\/\/interamerica.org\/wp-content\/uploads\/2026\/04\/honu-totalhealth-volunteer-300x167.png 300w, https:\/\/interamerica.org\/wp-content\/uploads\/2026\/04\/honu-totalhealth-volunteer-768x429.png 768w\" sizes=\"(max-width: 898px) 100vw, 898px\" \/><p id=\"caption-attachment-142516\" class=\"wp-caption-text\">Une b\u00e9n\u00e9vole interroge une participante au Centre Civique Gouvernemental de Tegucigalpa, au Honduras, lors des activit\u00e9s de l&rsquo;initiative \u00ab Impact Sant\u00e9 Totale \u00bb qui se sont d\u00e9roul\u00e9es du 6 au 11 avril 2026 et qui ont permis \u00e0 des centaines de personnes de recevoir des informations sur des modes de vie plus sains ; plus de 21300 personnes ont \u00e9t\u00e9 touch\u00e9es \u00e0 l&rsquo;\u00e9chelle nationale. [Photo : Man\u00fa L\u00f3pez\/Hope Media Honduras]<\/p><\/div>Une composante centrale de l\u2019initiative \u00e9tait une semaine de pri\u00e8re avec une emphase sur la sant\u00e9, organis\u00e9e \u00e0 l&rsquo;\u00e9glise adventiste de Tepeyac et anim\u00e9e par le Dr Elmer L\u00f3pez Lutz, directeur des minist\u00e8res de la sant\u00e9 de la F\u00e9d\u00e9ration du Centre. Le programme a \u00e9t\u00e9 diffus\u00e9 dans tout le pays par Hope Media Honduras, permettant \u00e0 des milliers de personnes d&rsquo;y participer \u00e0 distance.<\/p>\n<p>Tout au long de la semaine, des professionnels de la sant\u00e9 venus de tout le pays ont abord\u00e9 des sujets li\u00e9s \u00e0 la vie saine et \u00e0 la pr\u00e9vention des maladies. Parmi eux on retrouvait Bany Corrales, directeur des minist\u00e8res de la sant\u00e9 de l&rsquo;Union du Honduras, et Dr Luis Aguilar, membre du programme Universit\u00e9 Promotrice de Sant\u00e9 \u00e0 l&rsquo;Universit\u00e9 de Montemorelos au Mexique.<\/p>\n<p><div id=\"attachment_142523\" style=\"width: 900px\" class=\"wp-caption aligncenter\"><img decoding=\"async\" aria-describedby=\"caption-attachment-142523\" class=\" wp-image-142523\" src=\"https:\/\/interamerica.org\/wp-content\/uploads\/2026\/04\/honu-upnfm-tegucigalpa-health.jpg\" alt=\"\" width=\"890\" height=\"501\" srcset=\"https:\/\/interamerica.org\/wp-content\/uploads\/2026\/04\/honu-upnfm-tegucigalpa-health.jpg 1000w, https:\/\/interamerica.org\/wp-content\/uploads\/2026\/04\/honu-upnfm-tegucigalpa-health-300x169.jpg 300w, https:\/\/interamerica.org\/wp-content\/uploads\/2026\/04\/honu-upnfm-tegucigalpa-health-768x432.jpg 768w\" sizes=\"(max-width: 890px) 100vw, 890px\" \/><p id=\"caption-attachment-142523\" class=\"wp-caption-text\">Une professionnelle de la sant\u00e9 mesure la tension art\u00e9rielle d&rsquo;un visiteur \u00e0 un stand de sant\u00e9 \u00e0 l&rsquo;Universit\u00e9 P\u00e9dagogique Nationale Francisco Moraz\u00e1n \u00e0 Tegucigalpa, o\u00f9 le personnel m\u00e9dical et des membres d\u2019\u00e9glise ont offert leurs services aux \u00e9tudiants et aux membres de la communaut\u00e9 pendant cette semaine de sensibilisation. [Photo : F\u00e9d\u00e9ration du Centre du Honduras]<\/p><\/div><strong>Des actions communautaires am\u00e8nent des soins pr\u00e9ventifs dans l&rsquo;espace public <\/strong><\/p>\n<p>Outre les programmes propos\u00e9s \u00e0 l&rsquo;\u00e9glise, les organisateurs ont tenu deux grandes expos sant\u00e9 avec pour objectif d&rsquo;\u00e9largir l&rsquo;acc\u00e8s aux soins pr\u00e9ventifs.<\/p>\n<p>La premi\u00e8re s&rsquo;est d\u00e9roul\u00e9e au Centre Civique Gouvernemental, o\u00f9 la F\u00e9d\u00e9ration du Centre, en partenariat avec l&rsquo;H\u00f4pital Adventiste de Valle de \u00c1ngeles, a offert des services \u00e0 des centaines de personnes se rendant dans les bureaux gouvernementaux.<\/p>\n<p><div id=\"attachment_142517\" style=\"width: 879px\" class=\"wp-caption aligncenter\"><img decoding=\"async\" aria-describedby=\"caption-attachment-142517\" class=\" wp-image-142517\" src=\"https:\/\/interamerica.org\/wp-content\/uploads\/2026\/04\/honu-total-health-1.png\" alt=\"\" width=\"869\" height=\"498\" srcset=\"https:\/\/interamerica.org\/wp-content\/uploads\/2026\/04\/honu-total-health-1.png 983w, https:\/\/interamerica.org\/wp-content\/uploads\/2026\/04\/honu-total-health-1-300x172.png 300w, https:\/\/interamerica.org\/wp-content\/uploads\/2026\/04\/honu-total-health-1-768x440.png 768w\" sizes=\"(max-width: 869px) 100vw, 869px\" \/><p id=\"caption-attachment-142517\" class=\"wp-caption-text\">Des professionnels de la sant\u00e9 s&rsquo;entretiennent avec une patiente lors de sa visite au Centre Civique Gouvernemental \u00e0 Tegucigalpa, au Honduras, dans le cadre de l&rsquo;initiative Impact Sant\u00e9 Totale. [Photo : Man\u00fa L\u00f3pez\/Hope Media Honduras]<\/p><\/div>Une seconde expo sant\u00e9 a eu lieu \u00e0 l&rsquo;Universit\u00e9 P\u00e9dagogique Nationale Francisco Moraz\u00e1n, avec le soutien de la F\u00e9d\u00e9ration Comayag\u00fcela du Honduras et du minist\u00e8re Vida Internacional.<\/p>\n<p>Sur les deux sites, les participants ont pu passer des visites m\u00e9dicales de base, recevoir des conseils personnalis\u00e9s et des informations sur les huit rem\u00e8des naturels promus par l&rsquo;\u00c9glise. Des documents d&rsquo;information ont \u00e9t\u00e9 distribu\u00e9s et les organisateurs ont \u00e9tabli de nombreux contacts pour poursuivre l&rsquo;implication dans la communaut\u00e9, ont indiqu\u00e9 les dirigeants de l&rsquo;\u00c9glise.<\/p>\n<p><div id=\"attachment_142522\" style=\"width: 900px\" class=\"wp-caption aligncenter\"><img loading=\"lazy\" decoding=\"async\" aria-describedby=\"caption-attachment-142522\" class=\" wp-image-142522\" src=\"https:\/\/interamerica.org\/wp-content\/uploads\/2026\/04\/honu-upnfm-8habits-1024x658.jpg\" alt=\"\" width=\"890\" height=\"572\" srcset=\"https:\/\/interamerica.org\/wp-content\/uploads\/2026\/04\/honu-upnfm-8habits-1024x658.jpg 1024w, https:\/\/interamerica.org\/wp-content\/uploads\/2026\/04\/honu-upnfm-8habits-300x193.jpg 300w, https:\/\/interamerica.org\/wp-content\/uploads\/2026\/04\/honu-upnfm-8habits-768x494.jpg 768w, https:\/\/interamerica.org\/wp-content\/uploads\/2026\/04\/honu-upnfm-8habits-1536x987.jpg 1536w, https:\/\/interamerica.org\/wp-content\/uploads\/2026\/04\/honu-upnfm-8habits-2048x1316.jpg 2048w\" sizes=\"(max-width: 890px) 100vw, 890px\" \/><p id=\"caption-attachment-142522\" class=\"wp-caption-text\">Un membre d\u2019\u00e9glise b\u00e9n\u00e9vole explique les bienfaits d&rsquo;une bonne nutrition dans le cadre de l\u2019action sanitaire organis\u00e9e \u00e0 l&rsquo;Universit\u00e9 P\u00e9dagogique Nationale Francisco Moraz\u00e1n \u00e0 Tegucigalpa. [Photo : F\u00e9d\u00e9ration du Centre du Honduras]<\/p><\/div><strong>L&rsquo;\u00e9ducation sanitaire gagne en visibilit\u00e9 gr\u00e2ce \u00e0 l\u2019implication des m\u00e9dias <\/strong><\/p>\n<p>\u00c0 l&rsquo;occasion de la Journ\u00e9e Mondiale de la Sant\u00e9, le 7 avril, les dirigeants de l&rsquo;\u00c9glise ont \u00e9tendu la port\u00e9e de l&rsquo;initiative gr\u00e2ce aux m\u00e9dias nationaux. Bany Corrales et Luis Aguilar ont en effet particip\u00e9 \u00e0 une interview t\u00e9l\u00e9vis\u00e9e sur HCH Televisi\u00f3n Digital, o\u00f9 ils ont soulign\u00e9 l&rsquo;importance de la pr\u00e9vention et des choix de modes de vie sains.<\/p>\n<p>Ils ont fait remarquer que la promotion d\u2019habitudes de vie plus saines peut contribuer \u00e0 r\u00e9duire la pression sur les syst\u00e8mes de sant\u00e9 publique, ce qui profite tant aux individus qu&rsquo;aux institutions gouvernementales.<\/p>\n<p>Dr Aguilar a \u00e9galement mis en lumi\u00e8re l&rsquo;impact plus large des initiatives sanitaires adventistes au sein de la Division Inter Am\u00e9ricaine lors d&rsquo;une apparition dans l&rsquo;\u00e9mission<br \/>\n<em>Conexi\u00f3n Misi\u00f3n<\/em>.<\/p>\n<p><div id=\"attachment_142513\" style=\"width: 904px\" class=\"wp-caption aligncenter\"><img loading=\"lazy\" decoding=\"async\" aria-describedby=\"caption-attachment-142513\" class=\" wp-image-142513\" src=\"https:\/\/interamerica.org\/wp-content\/uploads\/2026\/04\/honu-totalhealth-tv.png\" alt=\"\" width=\"894\" height=\"532\" srcset=\"https:\/\/interamerica.org\/wp-content\/uploads\/2026\/04\/honu-totalhealth-tv.png 1000w, https:\/\/interamerica.org\/wp-content\/uploads\/2026\/04\/honu-totalhealth-tv-300x179.png 300w, https:\/\/interamerica.org\/wp-content\/uploads\/2026\/04\/honu-totalhealth-tv-768x457.png 768w\" sizes=\"(max-width: 894px) 100vw, 894px\" \/><p id=\"caption-attachment-142513\" class=\"wp-caption-text\">Bany Corrales (au centre), directeur des minist\u00e8res de la sant\u00e9 de l&rsquo;Union du Honduras, et Luis Aguilar (\u00e0 gauche), m\u00e9decin et membre du programme Universit\u00e9 Promotrice de Sant\u00e9 \u00e0 l&rsquo;Universit\u00e9 de Montemorelos au Mexique, participent \u00e0 une interview en direct sur HCH Televisi\u00f3n Digital et mettent en lumi\u00e8re l&rsquo;importance de la pr\u00e9vention et des choix de modes de vie sains dans le cadre de l&rsquo;initiative Impact Sant\u00e9 Totale au Honduras. [Photo : Man\u00fa L\u00f3pez\/Hope Media Honduras]<\/p><\/div>L&rsquo;initiative a \u00e9galement touch\u00e9 les enfants et les jeunes gr\u00e2ce \u00e0 des s\u00e9ances de formation dans les \u00e9coles adventistes, o\u00f9 les \u00e9l\u00e8ves ont \u00e9t\u00e9 encourag\u00e9s \u00e0 adopter des habitudes saines d\u00e8s leur plus jeune \u00e2ge.<\/p>\n<p>Les dirigeants ont indiqu\u00e9 que ces initiatives sont particuli\u00e8rement pertinentes dans un contexte national marqu\u00e9 par des d\u00e9fis persistants en mati\u00e8re de sant\u00e9 publique, notamment des taux \u00e9lev\u00e9s de maladies chroniques telles que le diab\u00e8te, l&rsquo;hypertension et les maladies cardiovasculaires, ainsi qu&rsquo;un acc\u00e8s limit\u00e9 aux soins chirurgicaux dans le syst\u00e8me public.<\/p>\n<p><strong>Une partie d\u2019un mouvement r\u00e9gional plus vaste<\/strong><\/p>\n<p>L&rsquo;initiative lanc\u00e9e au Honduras s&rsquo;inscrit dans le cadre d&rsquo;une action plus vaste, le <em>Mouvement Sant\u00e9 Totale<\/em> d\u00e9ploy\u00e9 dans toute la Division Inter Am\u00e9ricaine et qui mobilise les membres d\u2019\u00e9glise, les professionnels de la sant\u00e9 et les institutions dans toute l\u2019Am\u00e9rique Centrale.<\/p>\n<p><div id=\"attachment_142515\" style=\"width: 881px\" class=\"wp-caption aligncenter\"><img loading=\"lazy\" decoding=\"async\" aria-describedby=\"caption-attachment-142515\" class=\" wp-image-142515\" src=\"https:\/\/interamerica.org\/wp-content\/uploads\/2026\/04\/honu-totalhealth-prayer.png\" alt=\"\" width=\"871\" height=\"488\" srcset=\"https:\/\/interamerica.org\/wp-content\/uploads\/2026\/04\/honu-totalhealth-prayer.png 1000w, https:\/\/interamerica.org\/wp-content\/uploads\/2026\/04\/honu-totalhealth-prayer-300x168.png 300w, https:\/\/interamerica.org\/wp-content\/uploads\/2026\/04\/honu-totalhealth-prayer-768x430.png 768w\" sizes=\"(max-width: 871px) 100vw, 871px\" \/><p id=\"caption-attachment-142515\" class=\"wp-caption-text\">Un pasteur prie avec un patient au Centre Civique Gouvernemental \u00e0 Tegucigalpa, au Honduras, lors de l&rsquo;initiative Impact Sant\u00e9 Totale qui s&rsquo;est tenue du 6 au 11 avril 2026. [Photo : Man\u00fa L\u00f3pez\/Hope Media Honduras]<\/p><\/div>L\u2019initiative, men\u00e9e \u00e0 l&rsquo;\u00e9chelle de l&rsquo;\u00e9glise, met l&rsquo;accent sur le service comme expression essentielle de la mission. Elle unit les membres et les minist\u00e8res afin de promouvoir une sant\u00e9 holistique et de r\u00e9pondre aux besoins physiques, mentaux et spirituels des communaut\u00e9s. Le mouvement privil\u00e9gie l&rsquo;implication pratique &#8211; encourager les membres \u00e0 mettre en pratique, \u00e0 partager et \u00e0 servir, alors qu\u2019ils \u00e9tablissent des contacts avec les autres \u00e0 travers les actions men\u00e9es dans le domaine sanitaire.<\/p>\n<p>Pasteur Ad\u00e1n Ramos, pr\u00e9sident de l&rsquo;Union du Honduras, a d\u00e9clar\u00e9 que cette initiative repr\u00e9sentait un effort national d&rsquo;envergure, ayant touch\u00e9 plus de 21300 personnes en une seule semaine.<\/p>\n<p>\u00ab L\u2019initiative refl\u00e8te non seulement le besoin urgent en mati\u00e8re de pr\u00e9vention sanitaire au Honduras, mais aussi la confiance que la population place dans l\u2019action de l&rsquo;\u00c9glise adventiste du septi\u00e8me jour, \u00bb a dit pasteur Ramos.<\/p>\n<p>Il a fait remarquer que, dans un pays confront\u00e9 \u00e0 des d\u00e9fis persistants en mati\u00e8re de sant\u00e9 publique, des initiatives comme celle-ci offrent \u00e0 la fois des soins mais aussi des informations, promouvant ainsi un mode de vie holistique qui prend en compte le bien-\u00eatre physique, mental et spirituel.<\/p>\n<p><div id=\"attachment_142518\" style=\"width: 868px\" class=\"wp-caption aligncenter\"><img loading=\"lazy\" decoding=\"async\" aria-describedby=\"caption-attachment-142518\" class=\" wp-image-142518\" src=\"https:\/\/interamerica.org\/wp-content\/uploads\/2026\/04\/honu-salud-poster.png\" alt=\"\" width=\"858\" height=\"572\" srcset=\"https:\/\/interamerica.org\/wp-content\/uploads\/2026\/04\/honu-salud-poster.png 1000w, https:\/\/interamerica.org\/wp-content\/uploads\/2026\/04\/honu-salud-poster-300x200.png 300w, https:\/\/interamerica.org\/wp-content\/uploads\/2026\/04\/honu-salud-poster-768x512.png 768w\" sizes=\"(max-width: 858px) 100vw, 858px\" \/><p id=\"caption-attachment-142518\" class=\"wp-caption-text\">Une affiche promotionnelle met en lumi\u00e8re les professionnels de la m\u00e9decine et de la sant\u00e9 du Honduras qui font une intervention en ligne lors de la Semaine d&rsquo;Impact Sant\u00e9 Totale. [Image : Facebook]<\/p><\/div>Pasteur Ramos a \u00e9galement \u00e9voqu\u00e9 un moment v\u00e9cu lors d&rsquo;une activit\u00e9 au cours de laquelle les conditions m\u00e9t\u00e9orologiques et des difficult\u00e9s logistiques ont failli contraindre les organisateurs \u00e0 annuler le programme. \u00ab En voyant les personnes qui attendaient d&rsquo;\u00eatre prises en charge, nous avons compris que tous nos efforts en valaient la peine, \u00bb a-t-il d\u00e9clar\u00e9.<\/p>\n<p>Pasteur Ramos a indiqu\u00e9 que l&rsquo;\u00c9glise apportera des ressources, dont le prochain cours sur les huit habitudes saines, afin d&rsquo;aider les congr\u00e9gations locales \u00e0 renforcer leur implication dans la communaut\u00e9 et \u00e0 assurer un suivi r\u00e9gulier dans la promotion de modes de vie sains.<\/p>\n<p>Traduction: Patrick Luciathe<\/p>\n","protected":false},"excerpt":{"rendered":"<p>L\u2019initiative combine des actions aupr\u00e8s du public, la participation des m\u00e9dias et des partenariats communautaires visant \u00e0 promouvoir des modes de vie plus sains. 30 avril 2026 | Tegucigalpa, Honduras&#8230;<\/p>\n","protected":false},"author":3,"featured_media":142579,"comment_status":"closed","ping_status":"closed","sticky":false,"template":"","format":"standard","meta":{"_acf_changed":false,"footnotes":""},"categories":[21,19],"tags":[],"class_list":["post-142578","post","type-post","status-publish","format-standard","has-post-thumbnail","hentry","category-nouvelles-du-territoire","category-rss-francais"],"acf":[],"yoast_head":"<!-- This site is optimized with the Yoast SEO plugin v27.3 - https:\/\/yoast.com\/product\/yoast-seo-wordpress\/ -->\n<title>Des milliers de personnes prennent part \u00e0 des actions de pr\u00e9vention sanitaire au Honduras dans le cadre de l&#039;initiative \u00ab Impact Sant\u00e9 Totale \u00bb - \u00c9glise Adventiste Du Septieme Jour - Inter Am\u00e9rique Division<\/title>\n<meta name=\"robots\" content=\"index, follow, max-snippet:-1, max-image-preview:large, max-video-preview:-1\" \/>\n<link rel=\"canonical\" href=\"https:\/\/interamerica.org\/fr\/2026\/04\/des-milliers-de-personnes-prennent-part-a-des-actions-de-prevention-sanitaire-au-honduras-dans-le-cadre-de-linitiative-impact-sante-totale\/\" \/>\n<meta property=\"og:locale\" content=\"fr_FR\" \/>\n<meta property=\"og:type\" content=\"article\" \/>\n<meta property=\"og:title\" content=\"Des milliers de personnes prennent part \u00e0 des actions de pr\u00e9vention sanitaire au Honduras dans le cadre de l&#039;initiative \u00ab Impact Sant\u00e9 Totale \u00bb - \u00c9glise Adventiste Du Septieme Jour - Inter Am\u00e9rique Division\" \/>\n<meta property=\"og:description\" content=\"L\u2019initiative combine des actions aupr\u00e8s du public, la participation des m\u00e9dias et des partenariats communautaires visant \u00e0 promouvoir des modes de vie plus sains. 30 avril 2026 | Tegucigalpa, Honduras...\" \/>\n<meta property=\"og:url\" content=\"https:\/\/interamerica.org\/fr\/2026\/04\/des-milliers-de-personnes-prennent-part-a-des-actions-de-prevention-sanitaire-au-honduras-dans-le-cadre-de-linitiative-impact-sante-totale\/\" \/>\n<meta property=\"og:site_name\" content=\"\u00c9glise Adventiste Du Septieme Jour - Inter Am\u00e9rique Division\" \/>\n<meta property=\"article:published_time\" content=\"2026-05-01T03:48:19+00:00\" \/>\n<meta property=\"article:modified_time\" content=\"2026-05-01T22:07:07+00:00\" \/>\n<meta property=\"og:image\" content=\"https:\/\/interamerica.org\/wp-content\/uploads\/2026\/04\/honu-totalhealth-volunteer.png\" \/>\n\t<meta property=\"og:image:width\" content=\"1000\" \/>\n\t<meta property=\"og:image:height\" content=\"558\" \/>\n\t<meta property=\"og:image:type\" content=\"image\/png\" \/>\n<meta name=\"author\" content=\"libna\" \/>\n<meta name=\"twitter:card\" content=\"summary_large_image\" \/>\n<meta name=\"twitter:label1\" content=\"\u00c9crit par\" \/>\n\t<meta name=\"twitter:data1\" content=\"libna\" \/>\n\t<meta name=\"twitter:label2\" content=\"Dur\u00e9e de lecture estim\u00e9e\" \/>\n\t<meta name=\"twitter:data2\" content=\"8 minutes\" \/>\n<script type=\"application\/ld+json\" class=\"yoast-schema-graph\">{\"@context\":\"https:\\\/\\\/schema.org\",\"@graph\":[{\"@type\":\"Article\",\"@id\":\"https:\\\/\\\/interamerica.org\\\/fr\\\/2026\\\/04\\\/des-milliers-de-personnes-prennent-part-a-des-actions-de-prevention-sanitaire-au-honduras-dans-le-cadre-de-linitiative-impact-sante-totale\\\/#article\",\"isPartOf\":{\"@id\":\"https:\\\/\\\/interamerica.org\\\/fr\\\/2026\\\/04\\\/des-milliers-de-personnes-prennent-part-a-des-actions-de-prevention-sanitaire-au-honduras-dans-le-cadre-de-linitiative-impact-sante-totale\\\/\"},\"author\":{\"name\":\"libna\",\"@id\":\"https:\\\/\\\/interamerica.org\\\/fr\\\/#\\\/schema\\\/person\\\/29998f2bc2d8bd0d38662909289b54f1\"},\"headline\":\"Des milliers de personnes prennent part \u00e0 des actions de pr\u00e9vention sanitaire au Honduras dans le cadre de l&rsquo;initiative \u00ab Impact Sant\u00e9 Totale \u00bb\",\"datePublished\":\"2026-05-01T03:48:19+00:00\",\"dateModified\":\"2026-05-01T22:07:07+00:00\",\"mainEntityOfPage\":{\"@id\":\"https:\\\/\\\/interamerica.org\\\/fr\\\/2026\\\/04\\\/des-milliers-de-personnes-prennent-part-a-des-actions-de-prevention-sanitaire-au-honduras-dans-le-cadre-de-linitiative-impact-sante-totale\\\/\"},\"wordCount\":1508,\"image\":{\"@id\":\"https:\\\/\\\/interamerica.org\\\/fr\\\/2026\\\/04\\\/des-milliers-de-personnes-prennent-part-a-des-actions-de-prevention-sanitaire-au-honduras-dans-le-cadre-de-linitiative-impact-sante-totale\\\/#primaryimage\"},\"thumbnailUrl\":\"https:\\\/\\\/interamerica.org\\\/wp-content\\\/uploads\\\/2026\\\/04\\\/honu-totalhealth-volunteer.png\",\"articleSection\":[\"Nouvelles du territoire\",\"RSS Fran\u00e7ais\"],\"inLanguage\":\"fr-FR\"},{\"@type\":\"WebPage\",\"@id\":\"https:\\\/\\\/interamerica.org\\\/fr\\\/2026\\\/04\\\/des-milliers-de-personnes-prennent-part-a-des-actions-de-prevention-sanitaire-au-honduras-dans-le-cadre-de-linitiative-impact-sante-totale\\\/\",\"url\":\"https:\\\/\\\/interamerica.org\\\/fr\\\/2026\\\/04\\\/des-milliers-de-personnes-prennent-part-a-des-actions-de-prevention-sanitaire-au-honduras-dans-le-cadre-de-linitiative-impact-sante-totale\\\/\",\"name\":\"Des milliers de personnes prennent part \u00e0 des actions de pr\u00e9vention sanitaire au Honduras dans le cadre de l'initiative \u00ab Impact Sant\u00e9 Totale \u00bb - \u00c9glise Adventiste Du Septieme Jour - Inter Am\u00e9rique Division\",\"isPartOf\":{\"@id\":\"https:\\\/\\\/interamerica.org\\\/fr\\\/#website\"},\"primaryImageOfPage\":{\"@id\":\"https:\\\/\\\/interamerica.org\\\/fr\\\/2026\\\/04\\\/des-milliers-de-personnes-prennent-part-a-des-actions-de-prevention-sanitaire-au-honduras-dans-le-cadre-de-linitiative-impact-sante-totale\\\/#primaryimage\"},\"image\":{\"@id\":\"https:\\\/\\\/interamerica.org\\\/fr\\\/2026\\\/04\\\/des-milliers-de-personnes-prennent-part-a-des-actions-de-prevention-sanitaire-au-honduras-dans-le-cadre-de-linitiative-impact-sante-totale\\\/#primaryimage\"},\"thumbnailUrl\":\"https:\\\/\\\/interamerica.org\\\/wp-content\\\/uploads\\\/2026\\\/04\\\/honu-totalhealth-volunteer.png\",\"datePublished\":\"2026-05-01T03:48:19+00:00\",\"dateModified\":\"2026-05-01T22:07:07+00:00\",\"author\":{\"@id\":\"https:\\\/\\\/interamerica.org\\\/fr\\\/#\\\/schema\\\/person\\\/29998f2bc2d8bd0d38662909289b54f1\"},\"breadcrumb\":{\"@id\":\"https:\\\/\\\/interamerica.org\\\/fr\\\/2026\\\/04\\\/des-milliers-de-personnes-prennent-part-a-des-actions-de-prevention-sanitaire-au-honduras-dans-le-cadre-de-linitiative-impact-sante-totale\\\/#breadcrumb\"},\"inLanguage\":\"fr-FR\",\"potentialAction\":[{\"@type\":\"ReadAction\",\"target\":[\"https:\\\/\\\/interamerica.org\\\/fr\\\/2026\\\/04\\\/des-milliers-de-personnes-prennent-part-a-des-actions-de-prevention-sanitaire-au-honduras-dans-le-cadre-de-linitiative-impact-sante-totale\\\/\"]}]},{\"@type\":\"ImageObject\",\"inLanguage\":\"fr-FR\",\"@id\":\"https:\\\/\\\/interamerica.org\\\/fr\\\/2026\\\/04\\\/des-milliers-de-personnes-prennent-part-a-des-actions-de-prevention-sanitaire-au-honduras-dans-le-cadre-de-linitiative-impact-sante-totale\\\/#primaryimage\",\"url\":\"https:\\\/\\\/interamerica.org\\\/wp-content\\\/uploads\\\/2026\\\/04\\\/honu-totalhealth-volunteer.png\",\"contentUrl\":\"https:\\\/\\\/interamerica.org\\\/wp-content\\\/uploads\\\/2026\\\/04\\\/honu-totalhealth-volunteer.png\",\"width\":1000,\"height\":558,\"caption\":\"[Photo: Man\u00fa L\u00f3pez\\\/ Hope Media Honduras]\"},{\"@type\":\"BreadcrumbList\",\"@id\":\"https:\\\/\\\/interamerica.org\\\/fr\\\/2026\\\/04\\\/des-milliers-de-personnes-prennent-part-a-des-actions-de-prevention-sanitaire-au-honduras-dans-le-cadre-de-linitiative-impact-sante-totale\\\/#breadcrumb\",\"itemListElement\":[{\"@type\":\"ListItem\",\"position\":1,\"name\":\"Home\",\"item\":\"https:\\\/\\\/interamerica.org\\\/fr\\\/\"},{\"@type\":\"ListItem\",\"position\":2,\"name\":\"Des milliers de personnes prennent part \u00e0 des actions de pr\u00e9vention sanitaire au Honduras dans le cadre de l&#8217;initiative \u00ab Impact Sant\u00e9 Totale \u00bb\"}]},{\"@type\":\"WebSite\",\"@id\":\"https:\\\/\\\/interamerica.org\\\/fr\\\/#website\",\"url\":\"https:\\\/\\\/interamerica.org\\\/fr\\\/\",\"name\":\"\u00c9glise Adventiste Du Septieme Jour - Inter Am\u00e9rique Division\",\"description\":\"\",\"potentialAction\":[{\"@type\":\"SearchAction\",\"target\":{\"@type\":\"EntryPoint\",\"urlTemplate\":\"https:\\\/\\\/interamerica.org\\\/fr\\\/?s={search_term_string}\"},\"query-input\":{\"@type\":\"PropertyValueSpecification\",\"valueRequired\":true,\"valueName\":\"search_term_string\"}}],\"inLanguage\":\"fr-FR\"},{\"@type\":\"Person\",\"@id\":\"https:\\\/\\\/interamerica.org\\\/fr\\\/#\\\/schema\\\/person\\\/29998f2bc2d8bd0d38662909289b54f1\",\"name\":\"libna\",\"image\":{\"@type\":\"ImageObject\",\"inLanguage\":\"fr-FR\",\"@id\":\"https:\\\/\\\/secure.gravatar.com\\\/avatar\\\/7c5bd30ae4b47a9ba3c856590957fd1d96dc588bf3ac05719d247e126840331f?s=96&d=mm&r=g\",\"url\":\"https:\\\/\\\/secure.gravatar.com\\\/avatar\\\/7c5bd30ae4b47a9ba3c856590957fd1d96dc588bf3ac05719d247e126840331f?s=96&d=mm&r=g\",\"contentUrl\":\"https:\\\/\\\/secure.gravatar.com\\\/avatar\\\/7c5bd30ae4b47a9ba3c856590957fd1d96dc588bf3ac05719d247e126840331f?s=96&d=mm&r=g\",\"caption\":\"libna\"}}]}<\/script>\n<!-- \/ Yoast SEO plugin. -->","yoast_head_json":{"title":"Des milliers de personnes prennent part \u00e0 des actions de pr\u00e9vention sanitaire au Honduras dans le cadre de l'initiative \u00ab Impact Sant\u00e9 Totale \u00bb - \u00c9glise Adventiste Du Septieme Jour - Inter Am\u00e9rique Division","robots":{"index":"index","follow":"follow","max-snippet":"max-snippet:-1","max-image-preview":"max-image-preview:large","max-video-preview":"max-video-preview:-1"},"canonical":"https:\/\/interamerica.org\/fr\/2026\/04\/des-milliers-de-personnes-prennent-part-a-des-actions-de-prevention-sanitaire-au-honduras-dans-le-cadre-de-linitiative-impact-sante-totale\/","og_locale":"fr_FR","og_type":"article","og_title":"Des milliers de personnes prennent part \u00e0 des actions de pr\u00e9vention sanitaire au Honduras dans le cadre de l'initiative \u00ab Impact Sant\u00e9 Totale \u00bb - \u00c9glise Adventiste Du Septieme Jour - Inter Am\u00e9rique Division","og_description":"L\u2019initiative combine des actions aupr\u00e8s du public, la participation des m\u00e9dias et des partenariats communautaires visant \u00e0 promouvoir des modes de vie plus sains. 30 avril 2026 | Tegucigalpa, Honduras...","og_url":"https:\/\/interamerica.org\/fr\/2026\/04\/des-milliers-de-personnes-prennent-part-a-des-actions-de-prevention-sanitaire-au-honduras-dans-le-cadre-de-linitiative-impact-sante-totale\/","og_site_name":"\u00c9glise Adventiste Du Septieme Jour - Inter Am\u00e9rique Division","article_published_time":"2026-05-01T03:48:19+00:00","article_modified_time":"2026-05-01T22:07:07+00:00","og_image":[{"width":1000,"height":558,"url":"https:\/\/interamerica.org\/wp-content\/uploads\/2026\/04\/honu-totalhealth-volunteer.png","type":"image\/png"}],"author":"libna","twitter_card":"summary_large_image","twitter_misc":{"\u00c9crit par":"libna","Dur\u00e9e de lecture estim\u00e9e":"8 minutes"},"schema":{"@context":"https:\/\/schema.org","@graph":[{"@type":"Article","@id":"https:\/\/interamerica.org\/fr\/2026\/04\/des-milliers-de-personnes-prennent-part-a-des-actions-de-prevention-sanitaire-au-honduras-dans-le-cadre-de-linitiative-impact-sante-totale\/#article","isPartOf":{"@id":"https:\/\/interamerica.org\/fr\/2026\/04\/des-milliers-de-personnes-prennent-part-a-des-actions-de-prevention-sanitaire-au-honduras-dans-le-cadre-de-linitiative-impact-sante-totale\/"},"author":{"name":"libna","@id":"https:\/\/interamerica.org\/fr\/#\/schema\/person\/29998f2bc2d8bd0d38662909289b54f1"},"headline":"Des milliers de personnes prennent part \u00e0 des actions de pr\u00e9vention sanitaire au Honduras dans le cadre de l&rsquo;initiative \u00ab Impact Sant\u00e9 Totale \u00bb","datePublished":"2026-05-01T03:48:19+00:00","dateModified":"2026-05-01T22:07:07+00:00","mainEntityOfPage":{"@id":"https:\/\/interamerica.org\/fr\/2026\/04\/des-milliers-de-personnes-prennent-part-a-des-actions-de-prevention-sanitaire-au-honduras-dans-le-cadre-de-linitiative-impact-sante-totale\/"},"wordCount":1508,"image":{"@id":"https:\/\/interamerica.org\/fr\/2026\/04\/des-milliers-de-personnes-prennent-part-a-des-actions-de-prevention-sanitaire-au-honduras-dans-le-cadre-de-linitiative-impact-sante-totale\/#primaryimage"},"thumbnailUrl":"https:\/\/interamerica.org\/wp-content\/uploads\/2026\/04\/honu-totalhealth-volunteer.png","articleSection":["Nouvelles du territoire","RSS Fran\u00e7ais"],"inLanguage":"fr-FR"},{"@type":"WebPage","@id":"https:\/\/interamerica.org\/fr\/2026\/04\/des-milliers-de-personnes-prennent-part-a-des-actions-de-prevention-sanitaire-au-honduras-dans-le-cadre-de-linitiative-impact-sante-totale\/","url":"https:\/\/interamerica.org\/fr\/2026\/04\/des-milliers-de-personnes-prennent-part-a-des-actions-de-prevention-sanitaire-au-honduras-dans-le-cadre-de-linitiative-impact-sante-totale\/","name":"Des milliers de personnes prennent part \u00e0 des actions de pr\u00e9vention sanitaire au Honduras dans le cadre de l'initiative \u00ab Impact Sant\u00e9 Totale \u00bb - \u00c9glise Adventiste Du Septieme Jour - Inter Am\u00e9rique Division","isPartOf":{"@id":"https:\/\/interamerica.org\/fr\/#website"},"primaryImageOfPage":{"@id":"https:\/\/interamerica.org\/fr\/2026\/04\/des-milliers-de-personnes-prennent-part-a-des-actions-de-prevention-sanitaire-au-honduras-dans-le-cadre-de-linitiative-impact-sante-totale\/#primaryimage"},"image":{"@id":"https:\/\/interamerica.org\/fr\/2026\/04\/des-milliers-de-personnes-prennent-part-a-des-actions-de-prevention-sanitaire-au-honduras-dans-le-cadre-de-linitiative-impact-sante-totale\/#primaryimage"},"thumbnailUrl":"https:\/\/interamerica.org\/wp-content\/uploads\/2026\/04\/honu-totalhealth-volunteer.png","datePublished":"2026-05-01T03:48:19+00:00","dateModified":"2026-05-01T22:07:07+00:00","author":{"@id":"https:\/\/interamerica.org\/fr\/#\/schema\/person\/29998f2bc2d8bd0d38662909289b54f1"},"breadcrumb":{"@id":"https:\/\/interamerica.org\/fr\/2026\/04\/des-milliers-de-personnes-prennent-part-a-des-actions-de-prevention-sanitaire-au-honduras-dans-le-cadre-de-linitiative-impact-sante-totale\/#breadcrumb"},"inLanguage":"fr-FR","potentialAction":[{"@type":"ReadAction","target":["https:\/\/interamerica.org\/fr\/2026\/04\/des-milliers-de-personnes-prennent-part-a-des-actions-de-prevention-sanitaire-au-honduras-dans-le-cadre-de-linitiative-impact-sante-totale\/"]}]},{"@type":"ImageObject","inLanguage":"fr-FR","@id":"https:\/\/interamerica.org\/fr\/2026\/04\/des-milliers-de-personnes-prennent-part-a-des-actions-de-prevention-sanitaire-au-honduras-dans-le-cadre-de-linitiative-impact-sante-totale\/#primaryimage","url":"https:\/\/interamerica.org\/wp-content\/uploads\/2026\/04\/honu-totalhealth-volunteer.png","contentUrl":"https:\/\/interamerica.org\/wp-content\/uploads\/2026\/04\/honu-totalhealth-volunteer.png","width":1000,"height":558,"caption":"[Photo: Man\u00fa L\u00f3pez\/ Hope Media Honduras]"},{"@type":"BreadcrumbList","@id":"https:\/\/interamerica.org\/fr\/2026\/04\/des-milliers-de-personnes-prennent-part-a-des-actions-de-prevention-sanitaire-au-honduras-dans-le-cadre-de-linitiative-impact-sante-totale\/#breadcrumb","itemListElement":[{"@type":"ListItem","position":1,"name":"Home","item":"https:\/\/interamerica.org\/fr\/"},{"@type":"ListItem","position":2,"name":"Des milliers de personnes prennent part \u00e0 des actions de pr\u00e9vention sanitaire au Honduras dans le cadre de l&#8217;initiative \u00ab Impact Sant\u00e9 Totale \u00bb"}]},{"@type":"WebSite","@id":"https:\/\/interamerica.org\/fr\/#website","url":"https:\/\/interamerica.org\/fr\/","name":"\u00c9glise Adventiste Du Septieme Jour - Inter Am\u00e9rique Division","description":"","potentialAction":[{"@type":"SearchAction","target":{"@type":"EntryPoint","urlTemplate":"https:\/\/interamerica.org\/fr\/?s={search_term_string}"},"query-input":{"@type":"PropertyValueSpecification","valueRequired":true,"valueName":"search_term_string"}}],"inLanguage":"fr-FR"},{"@type":"Person","@id":"https:\/\/interamerica.org\/fr\/#\/schema\/person\/29998f2bc2d8bd0d38662909289b54f1","name":"libna","image":{"@type":"ImageObject","inLanguage":"fr-FR","@id":"https:\/\/secure.gravatar.com\/avatar\/7c5bd30ae4b47a9ba3c856590957fd1d96dc588bf3ac05719d247e126840331f?s=96&d=mm&r=g","url":"https:\/\/secure.gravatar.com\/avatar\/7c5bd30ae4b47a9ba3c856590957fd1d96dc588bf3ac05719d247e126840331f?s=96&d=mm&r=g","contentUrl":"https:\/\/secure.gravatar.com\/avatar\/7c5bd30ae4b47a9ba3c856590957fd1d96dc588bf3ac05719d247e126840331f?s=96&d=mm&r=g","caption":"libna"}}]}},"_links":{"self":[{"href":"https:\/\/interamerica.org\/fr\/wp-json\/wp\/v2\/posts\/142578","targetHints":{"allow":["GET"]}}],"collection":[{"href":"https:\/\/interamerica.org\/fr\/wp-json\/wp\/v2\/posts"}],"about":[{"href":"https:\/\/interamerica.org\/fr\/wp-json\/wp\/v2\/types\/post"}],"author":[{"embeddable":true,"href":"https:\/\/interamerica.org\/fr\/wp-json\/wp\/v2\/users\/3"}],"replies":[{"embeddable":true,"href":"https:\/\/interamerica.org\/fr\/wp-json\/wp\/v2\/comments?post=142578"}],"version-history":[{"count":1,"href":"https:\/\/interamerica.org\/fr\/wp-json\/wp\/v2\/posts\/142578\/revisions"}],"predecessor-version":[{"id":142597,"href":"https:\/\/interamerica.org\/fr\/wp-json\/wp\/v2\/posts\/142578\/revisions\/142597"}],"wp:featuredmedia":[{"embeddable":true,"href":"https:\/\/interamerica.org\/fr\/wp-json\/wp\/v2\/media\/142579"}],"wp:attachment":[{"href":"https:\/\/interamerica.org\/fr\/wp-json\/wp\/v2\/media?parent=142578"}],"wp:term":[{"taxonomy":"category","embeddable":true,"href":"https:\/\/interamerica.org\/fr\/wp-json\/wp\/v2\/categories?post=142578"},{"taxonomy":"post_tag","embeddable":true,"href":"https:\/\/interamerica.org\/fr\/wp-json\/wp\/v2\/tags?post=142578"}],"curies":[{"name":"wp","href":"https:\/\/api.w.org\/{rel}","templated":true}]}}