{"id":147903,"date":"2026-09-02T12:05:32","date_gmt":"2026-09-02T16:05:32","guid":{"rendered":"https:\/\/interamerica.org\/?p=147903"},"modified":"2026-08-28T10:22:02","modified_gmt":"2026-08-28T14:22:02","slug":"les-createurs-de-contenu-doivent-placer-les-personnes-avant-les-statistiques","status":"publish","type":"post","link":"https:\/\/interamerica.org\/fr\/2026\/09\/les-createurs-de-contenu-doivent-placer-les-personnes-avant-les-statistiques\/","title":{"rendered":"Les cr\u00e9ateurs de contenu doivent placer les personnes avant les statistiques"},"content":{"rendered":"<p><em>Cristel Romero, du Mexique, invite les cr\u00e9ateurs \u00e0 transformer la confiance qu&rsquo;ils \u00e9tablissent en ligne en relations authentiques qui r\u00e9pondent aux besoins et conduisent les gens \u00e0 J\u00e9sus.<\/em><\/p>\n<p>26 juillet 2026 | Maryland, \u00c9tats-Unis | Libna Stevens, Actualit\u00e9s de la Division Inter Am\u00e9ricaine<\/p>\n<p>Aux cr\u00e9ateurs de contenu habitu\u00e9s \u00e0 mesurer leur impact par le nombre de vues, d&rsquo;abonn\u00e9s, de mentions \u00ab J&rsquo;aime \u00bb et d&rsquo;interactions, Cristel Romero, sp\u00e9cialiste en marketing de contenu et productrice audiovisuelle de l&rsquo;Union Mexicaine Inter Oc\u00e9anique, a propos\u00e9 une autre mesure du succ\u00e8s : la personne derri\u00e8re les chiffres.<\/p>\n<p>S&rsquo;adressant \u00e0 pr\u00e8s de 200 cr\u00e9ateurs de contenu et influenceurs lors du Sommet des Cr\u00e9ateurs de l&rsquo;\u00c9glise adventiste du septi\u00e8me jour \u00e0 Silver Spring, dans le Maryland, le 23 juillet, Cristel Romero a invit\u00e9 les participants \u00e0 repenser la fa\u00e7on dont ils utilisent les r\u00e9seaux sociaux pour la mission, en commen\u00e7ant par la confiance que leur public leur accorde et les besoins des personnes qu&rsquo;ils esp\u00e8rent atteindre.<\/p>\n<p><div id=\"attachment_147719\" style=\"width: 887px\" class=\"wp-caption aligncenter\"><img fetchpriority=\"high\" decoding=\"async\" aria-describedby=\"caption-attachment-147719\" class=\" wp-image-147719\" src=\"https:\/\/interamerica.org\/wp-content\/uploads\/2026\/08\/cristel-romero-header-georgenelson-creatorsummitthu-24.jpg\" alt=\"\" width=\"877\" height=\"584\" srcset=\"https:\/\/interamerica.org\/wp-content\/uploads\/2026\/08\/cristel-romero-header-georgenelson-creatorsummitthu-24.jpg 1000w, https:\/\/interamerica.org\/wp-content\/uploads\/2026\/08\/cristel-romero-header-georgenelson-creatorsummitthu-24-300x200.jpg 300w, https:\/\/interamerica.org\/wp-content\/uploads\/2026\/08\/cristel-romero-header-georgenelson-creatorsummitthu-24-768x511.jpg 768w\" sizes=\"(max-width: 877px) 100vw, 877px\" \/><p id=\"caption-attachment-147719\" class=\"wp-caption-text\">Cristel Romero, sp\u00e9cialiste en marketing de contenu et productrice audiovisuelle pour l&rsquo;Union Mexicaine Inter Oc\u00e9anique, pr\u00e9sente un cadre en sept \u00e9tapes pour faire passer les publics num\u00e9riques, du premier contact \u00e0 la formation de disciples et \u00e0 la multiplication lors du Sommet des Cr\u00e9ateurs Adventistes qui s&rsquo;est tenu dans le Maryland, aux \u00c9tats-Unis, le 23 juillet 2026. [Photo : George Nelson\/ANN]<\/p><\/div>\u00ab Chaque jour, vous amenez un parfait inconnu \u00e0 vous laisser entrer dans \u2013 son domicile, son \u00e9cran, son d\u00e9filement d\u2019\u00e9cran \u00e0 2 heures du matin, parce qu\u2019il ne peut pas dormir, \u00bb a dit Cristel Romero aux participants. \u00ab Il vous fait confiance. Or, la confiance est aujourd&rsquo;hui la ressource la plus rare au monde. Nous devons faire quelque chose de cette confiance. \u00bb<\/p>\n<p>Cette confiance, a-t-elle sugg\u00e9r\u00e9, offre aux cr\u00e9ateurs chr\u00e9tiens une opportunit\u00e9 qui va bien au-del\u00e0 de la simple production de contenu \u00e0 succ\u00e8s. Elle peut offrir une opportunit\u00e9 de comprendre les gens, de r\u00e9pondre \u00e0 leurs besoins, d\u2019\u00e9tablir des relations et, en fin de compte, de leur pr\u00e9senter J\u00e9sus.<\/p>\n<p><strong>Reconsid\u00e9rer le succ\u00e8s en ligne<\/strong><\/p>\n<p>Cristel Romero, dont le travail englobe le marketing et le minist\u00e8re, a expliqu\u00e9 aux participants qu&rsquo;une action missionnaire efficace commence par d\u00e9tourner l\u2019attention de ce qu&rsquo;une organisation ou un cr\u00e9ateur souhaite promouvoir, pour la diriger vers les personnes qu&rsquo;ils cherchent \u00e0 servir.<\/p>\n<p>Elle a \u00e9tabli un contraste entre cette approche \u00e0 une mentalit\u00e9 ax\u00e9e sur les chiffres, centr\u00e9e principalement sur l&rsquo;id\u00e9e d\u2019avoir plus d&rsquo;abonn\u00e9s, de vues, de port\u00e9e ou d&rsquo;autres r\u00e9sultats mesurables.<\/p>\n<p>\u00ab Vous pouvez cr\u00e9er du contenu chr\u00e9tien avec une mentalit\u00e9 de commercial, \u00bb a dit Cristel Romero. \u00ab Vous pouvez utiliser J\u00e9sus comme votre produit et les \u00e2mes comme votre march\u00e9. Et \u00e7a, je ne le souhaite pas. \u00bb<\/p>\n<p>Elle a plut\u00f4t encourag\u00e9 les cr\u00e9ateurs \u00e0 commencer avec leur public \u2013 ses besoins, ses craintes, ses luttes et les obstacles qu&rsquo;il rencontre \u2013 et \u00e0 se poser une question fondamentalement diff\u00e9rente.<\/p>\n<p>\u00ab Que traverse cette personne ? \u00bb a demand\u00e9 Cristel Romero. \u00ab Et comment puis-je la servir si bien qu&rsquo;elle me fasse suffisamment confiance pour me laisser parler de l&rsquo;\u00e9ternit\u00e9 ? \u00bb<\/p>\n<p><div id=\"attachment_147720\" style=\"width: 883px\" class=\"wp-caption aligncenter\"><img decoding=\"async\" aria-describedby=\"caption-attachment-147720\" class=\" wp-image-147720\" src=\"https:\/\/interamerica.org\/wp-content\/uploads\/2026\/08\/cristel-romero-1georgenelson-creatorsummitthu-22.jpg\" alt=\"\" width=\"873\" height=\"555\" srcset=\"https:\/\/interamerica.org\/wp-content\/uploads\/2026\/08\/cristel-romero-1georgenelson-creatorsummitthu-22.jpg 1000w, https:\/\/interamerica.org\/wp-content\/uploads\/2026\/08\/cristel-romero-1georgenelson-creatorsummitthu-22-300x191.jpg 300w, https:\/\/interamerica.org\/wp-content\/uploads\/2026\/08\/cristel-romero-1georgenelson-creatorsummitthu-22-768x488.jpg 768w\" sizes=\"(max-width: 873px) 100vw, 873px\" \/><p id=\"caption-attachment-147720\" class=\"wp-caption-text\">Cristel Romero invite les cr\u00e9ateurs de contenu \u00e0 regarder au-del\u00e0 du nombre d\u2019abonn\u00e9s et de vues en comprenant les besoins, les motivations et les obstacles rencontr\u00e9s par les personnes qu&rsquo;ils touchent via les r\u00e9seaux sociaux. [Photo : George Nelson\/ANN]<\/p><\/div>Pour Cristel Romero, cette approche refl\u00e8te la mani\u00e8re dont J\u00e9sus s&rsquo;adressait aux gens. S&rsquo;appuyant sur le concept adventiste bien connu de la m\u00e9thode du minist\u00e8re du Christ, elle a fait r\u00e9f\u00e9rence \u00e0 une progression \u00e0 travers laquelle J\u00e9sus se m\u00ealait aux gens, leur t\u00e9moignait sa sympathie, r\u00e9pondait \u00e0 leurs besoins, gagnait leur confiance, puis les invitait \u00e0 le suivre.<\/p>\n<p>L&rsquo;ordre est important, a-t-elle affirm\u00e9.<\/p>\n<p>\u00ab Il t\u00e9moignait de sa sympathie. Il r\u00e9pondait \u00e0 leurs besoins. Il gagnait leur confiance. Et seulement ensuite, il disait : \u2018Suivez-moi\u2019. Seulement ensuite, \u00bb a insist\u00e9 Cristel Romero.<br \/>\n\u00ab C&rsquo;est une m\u00e9thode. C&rsquo;est une s\u00e9quence. C&rsquo;est un ordre d\u00e9lib\u00e9r\u00e9. \u00bb<\/p>\n<p><strong>Au-del\u00e0 du contenu viral<\/strong><\/p>\n<p>Cristel Romero a propos\u00e9 aux cr\u00e9ateurs un cadre en sept \u00e9tapes pour transformer le contact num\u00e9rique en discipulat, reliant les principes du marketing de contenu \u00e0 la m\u00e9thode du Christ pour atteindre les gens. On d\u00e9bute le processus en se m\u00ealant aux gens, en t\u00e9moignant de la sympathie, en r\u00e9pondant aux besoins et en gagnant la confiance avant d&rsquo;aboutir \u00e0 une invitation \u00e0 suivre le Christ et, finalement, au discipulat et \u00e0 la multiplication.<\/p>\n<p>Pour Cristel Romero, ce cadre invite les cr\u00e9ateurs \u00e0 consid\u00e9rer le contenu viral comme un point de d\u00e9part plut\u00f4t que comme l\u2019objectif \u00e0 atteindre. Une vid\u00e9o peut faire d\u00e9couvrir un cr\u00e9ateur ou un minist\u00e8re \u00e0 quelqu&rsquo;un, a-t-elle expliqu\u00e9, mais une mission num\u00e9rique significative demande qu\u2019on aide les gens, de mani\u00e8re d\u00e9lib\u00e9r\u00e9e, \u00e0 passer d&rsquo;une prise de conscience initiale \u00e0 la confiance, \u00e0 la relation et \u00e0 la croissance spirituelle.<\/p>\n<p>\u00ab Vos vid\u00e9os virales sont excellentes, \u00bb a dit Cristel Romero, en faisant r\u00e9f\u00e9rence \u00e0 la premi\u00e8re \u00e9tape du processus. \u00ab Nous devons atteindre tout le monde \u00e0 toutes ces \u00e9tapes. \u00bb<\/p>\n<p>Cette progression exige \u00e9galement des cr\u00e9ateurs qu&rsquo;ils aillent au-del\u00e0 de la simple production de contenu et qu&rsquo;ils s&rsquo;investissent personnellement aupr\u00e8s des personnes qu&rsquo;ils atteignent.<\/p>\n<p><div id=\"attachment_147717\" style=\"width: 909px\" class=\"wp-caption aligncenter\"><img decoding=\"async\" aria-describedby=\"caption-attachment-147717\" class=\" wp-image-147717\" src=\"https:\/\/interamerica.org\/wp-content\/uploads\/2026\/08\/cristel-romero-iad-delegates-georgenelson-creatorsummitthu-32.jpg\" alt=\"\" width=\"899\" height=\"599\" srcset=\"https:\/\/interamerica.org\/wp-content\/uploads\/2026\/08\/cristel-romero-iad-delegates-georgenelson-creatorsummitthu-32.jpg 1000w, https:\/\/interamerica.org\/wp-content\/uploads\/2026\/08\/cristel-romero-iad-delegates-georgenelson-creatorsummitthu-32-300x200.jpg 300w, https:\/\/interamerica.org\/wp-content\/uploads\/2026\/08\/cristel-romero-iad-delegates-georgenelson-creatorsummitthu-32-768x512.jpg 768w\" sizes=\"(max-width: 899px) 100vw, 899px\" \/><p id=\"caption-attachment-147717\" class=\"wp-caption-text\">Lilibeth Hern\u00e1ndez, cr\u00e9atrice de contenu de Monterrey, au Mexique, prend une photo pendant la pr\u00e9sentation de Cristel Romero au r\u00e9cent Sommet des Cr\u00e9ateurs. [Photo : George Nelson\/ANN]<\/p><\/div>\u00ab Se soucier des autres a un co\u00fbt, \u00bb a dit Cristel Romero. \u00ab Se soucier des autres vous co\u00fbtera du temps. Se soucier des autres vous co\u00fbtera de l&rsquo;argent. Se soucier des autres vous co\u00fbtera de l\u2019\u00e9nergie. \u00bb<\/p>\n<p>Cet investissement, a-t-elle dit, refl\u00e8te la volont\u00e9 m\u00eame du Christ de partager la souffrance humaine et de tout donner pour les autres.<\/p>\n<p><strong>Quand une connexion num\u00e9rique devient personnelle<\/strong><\/p>\n<p>Cristel Romero a illustr\u00e9 ce principe par une exp\u00e9rience v\u00e9cue dans sa propre \u00e9glise locale.<\/p>\n<p>Alors qu&rsquo;elle faisait la promotion d&rsquo;un programme d&rsquo;\u00e9glise via une publicit\u00e9 cibl\u00e9e sur les r\u00e9seaux sociaux, Cristel Romero et son \u00e9quipe ont re\u00e7u un message d&rsquo;une femme qui habitait \u00e0 deux p\u00e2t\u00e9s de maisons de la congr\u00e9gation. Une conversation en ligne l&rsquo;a aid\u00e9e \u00e0 prendre la d\u00e9cision de participer au programme.<\/p>\n<p>Cette femme, Lupita, avait emm\u00e9nag\u00e9 en ville quatre ans plus t\u00f4t et n&rsquo;avait ni famille ni amis proches \u00e0 proximit\u00e9, a expliqu\u00e9 Cristel Romero. Lorsqu&rsquo;un membre d&rsquo;\u00e9glise l&rsquo;a accueillie en la serrant dans ses bras, elle s&rsquo;est mise \u00e0 pleurer.<\/p>\n<p>\u00ab Personne ne l&rsquo;avait prise dans ses bras depuis quatre ans, \u00bb a dit Cristel Romero.<\/p>\n<p>Ce qui avait commenc\u00e9 par une publicit\u00e9 en ligne s&rsquo;est transform\u00e9 en une relation. Lupita a finalement \u00e9t\u00e9 baptis\u00e9e, a rejoint un groupe de femmes dirig\u00e9 par Cristel Romero et a entam\u00e9 une relation de mentorat avec elle.<\/p>\n<p><div id=\"attachment_147723\" style=\"width: 879px\" class=\"wp-caption aligncenter\"><img loading=\"lazy\" decoding=\"async\" aria-describedby=\"caption-attachment-147723\" class=\" wp-image-147723\" src=\"https:\/\/interamerica.org\/wp-content\/uploads\/2026\/08\/cristel-romero-july23-libna-stevens.png\" alt=\"\" width=\"869\" height=\"579\" srcset=\"https:\/\/interamerica.org\/wp-content\/uploads\/2026\/08\/cristel-romero-july23-libna-stevens.png 1000w, https:\/\/interamerica.org\/wp-content\/uploads\/2026\/08\/cristel-romero-july23-libna-stevens-300x200.png 300w, https:\/\/interamerica.org\/wp-content\/uploads\/2026\/08\/cristel-romero-july23-libna-stevens-768x512.png 768w\" sizes=\"(max-width: 869px) 100vw, 869px\" \/><p id=\"caption-attachment-147723\" class=\"wp-caption-text\">Lors de sa pr\u00e9sentation au Sommet des Cr\u00e9ateurs Adventistes, Cristel Romero a \u00e9tabli un contraste entre un \u00e9tat d\u2019esprit ax\u00e9 sur les ventes et une approche marketing centr\u00e9e sur la compr\u00e9hension des besoins, des craintes et des obstacles rencontr\u00e9s par le public. [Photo : Libna Stevens\/DIA]<\/p><\/div>Mais Cristel Romero a pr\u00e9cis\u00e9 que l&rsquo;histoire ne s&rsquo;est pas arr\u00eat\u00e9e au bapt\u00eame de Lupita.<\/p>\n<p>Lors d&rsquo;un rassemblement dans un parc, Lupita a remarqu\u00e9 une autre femme assise seule et qui semblait en d\u00e9tresse. Elle a abord\u00e9 l&rsquo;inconnue et l&rsquo;a invit\u00e9e \u00e0 rejoindre le groupe. La femme traversait un divorce difficile alors qu\u2019elle \u00e9levait ses deux enfants, et Lupita a commenc\u00e9 \u00e0 lui parler de J\u00e9sus.<\/p>\n<p>Pour Cristel Romero, ce moment a illustr\u00e9 ce que la mission num\u00e9rique est cens\u00e9e accomplir de fa\u00e7on ultime : non pas simplement susciter de l&rsquo;interaction, mais aider les disciples \u00e0 devenir des faiseurs de disciples.<\/p>\n<p><strong>Un visage derri\u00e8re chaque chiffre<\/strong><\/p>\n<p>Cristel Romero a reconnu que passer de l&rsquo;interaction num\u00e9rique \u00e0 des relations authentiques peut exiger beaucoup de temps, d&rsquo;\u00e9nergie et d&rsquo;investissement personnel. Mais elle a rappel\u00e9 aux cr\u00e9ateurs que le service chr\u00e9tien est enracin\u00e9 dans l&rsquo;exemple du Christ. \u00ab J\u00e9sus l&rsquo;a fait pour vous, \u00bb a-t-elle dit. \u00ab Prendre part \u00e0 nos souffrances, venir dans notre monde, lui a tout co\u00fbt\u00e9. \u00bb<\/p>\n<p>Cette perspective, a-t-elle dit, devrait \u00e9galement influencer la mani\u00e8re dont les cr\u00e9ateurs de contenu mesurent l&rsquo;impact de leur travail. Si les analyses peuvent aider \u00e0 d\u00e9terminer si un contenu atteint son public, les chiffres seuls ne peuvent d\u00e9finir la raison d\u2019\u00eatre du minist\u00e8re.<\/p>\n<p>Voir Lupita aller vers une autre femme et commencer \u00e0 lui parler de J\u00e9sus a permis \u00e0 Cristel Romero de voir encore plus clairement cette distinction.<\/p>\n<p><div id=\"attachment_147721\" style=\"width: 887px\" class=\"wp-caption aligncenter\"><img loading=\"lazy\" decoding=\"async\" aria-describedby=\"caption-attachment-147721\" class=\" wp-image-147721\" src=\"https:\/\/interamerica.org\/wp-content\/uploads\/2026\/08\/cristel-romero4-georgenelson-creatorsummitthu-27.jpg\" alt=\"\" width=\"877\" height=\"585\" srcset=\"https:\/\/interamerica.org\/wp-content\/uploads\/2026\/08\/cristel-romero4-georgenelson-creatorsummitthu-27.jpg 1000w, https:\/\/interamerica.org\/wp-content\/uploads\/2026\/08\/cristel-romero4-georgenelson-creatorsummitthu-27-300x200.jpg 300w, https:\/\/interamerica.org\/wp-content\/uploads\/2026\/08\/cristel-romero4-georgenelson-creatorsummitthu-27-768x512.jpg 768w\" sizes=\"(max-width: 877px) 100vw, 877px\" \/><p id=\"caption-attachment-147721\" class=\"wp-caption-text\">Cristel Romero rappelle aux cr\u00e9ateurs de contenu l&rsquo;exemple de service sacrificiel du Christ lors de sa pr\u00e9sentation du 23 juillet au Sommet des Cr\u00e9ateurs Adventistes dans le Maryland, aux \u00c9tats-Unis. [Photo : George Nelson\/ANN]<\/p><\/div>\u00ab J&rsquo;ai r\u00e9alis\u00e9 que, dans toute ma carri\u00e8re, aucune mesure, aucun tableau de bord, aucun chiffre n&rsquo;avait de sens sans un visage et un nom derri\u00e8re, \u00bb a dit Cristel Romero. \u00ab Parce que ce sont les personnes qui comptent. C&rsquo;est le c\u0153ur m\u00eame de ce que nous faisons ici et de ce que nous faisons sur les r\u00e9seaux sociaux. \u00bb<\/p>\n<p>Elle a conclu en invitant les cr\u00e9ateurs \u00e0 mesurer leur influence non pas simplement par le nombre de leurs abonn\u00e9s, mais par leur volont\u00e9 d&rsquo;investir aupr\u00e8s des personnes que leurs plateformes leur permettent d&rsquo;atteindre.<\/p>\n<p>\u00ab Je prie que nous soyons\u2026 la g\u00e9n\u00e9ration pr\u00eate \u00e0 payer le prix pour aimer les gens, \u00bb a dit Cristel Romero. \u00ab J\u00e9sus ne se soucie pas de vos chiffres. Il ne se soucie pas de votre nombre d\u2019abonn\u00e9s, \u00bb a-t-elle ajout\u00e9. \u00ab Ce qui compte pour lui, ce sont les personnes. \u00bb<\/p>\n<p>\u00ab Je prie pour que nous soyons\u2026 la g\u00e9n\u00e9ration pr\u00eate \u00e0 payer le prix pour aimer les gens. \u00bb<\/p>\n<p>Traduction: Patrick Luciathe<\/p>\n","protected":false},"excerpt":{"rendered":"<p>Cristel Romero, du Mexique, invite les cr\u00e9ateurs \u00e0 transformer la confiance qu&rsquo;ils \u00e9tablissent en ligne en relations authentiques qui r\u00e9pondent aux besoins et conduisent les gens \u00e0 J\u00e9sus. 26 juillet&#8230;<\/p>\n","protected":false},"author":3,"featured_media":148077,"comment_status":"closed","ping_status":"closed","sticky":false,"template":"","format":"standard","meta":{"_acf_changed":false,"footnotes":""},"categories":[20,19],"tags":[],"class_list":["post-147903","post","type-post","status-publish","format-standard","has-post-thumbnail","hentry","category-nouvelles-du-siege-de-la-division","category-rss-francais"],"acf":[],"yoast_head":"<!-- This site is optimized with the Yoast SEO plugin v28.1 - https:\/\/yoast.com\/product\/yoast-seo-wordpress\/ -->\n<title>Les cr\u00e9ateurs de contenu doivent placer les personnes avant les statistiques - \u00c9glise Adventiste Du Septieme Jour - Inter Am\u00e9rique Division<\/title>\n<meta name=\"robots\" content=\"index, follow, max-snippet:-1, max-image-preview:large, max-video-preview:-1\" \/>\n<link rel=\"canonical\" href=\"https:\/\/interamerica.org\/fr\/2026\/09\/les-createurs-de-contenu-doivent-placer-les-personnes-avant-les-statistiques\/\" \/>\n<meta property=\"og:locale\" content=\"fr_FR\" \/>\n<meta property=\"og:type\" content=\"article\" \/>\n<meta property=\"og:title\" content=\"Les cr\u00e9ateurs de contenu doivent placer les personnes avant les statistiques - \u00c9glise Adventiste Du Septieme Jour - Inter Am\u00e9rique Division\" \/>\n<meta property=\"og:description\" content=\"Cristel Romero, du Mexique, invite les cr\u00e9ateurs \u00e0 transformer la confiance qu&rsquo;ils \u00e9tablissent en ligne en relations authentiques qui r\u00e9pondent aux besoins et conduisent les gens \u00e0 J\u00e9sus. 26 juillet...\" \/>\n<meta property=\"og:url\" content=\"https:\/\/interamerica.org\/fr\/2026\/09\/les-createurs-de-contenu-doivent-placer-les-personnes-avant-les-statistiques\/\" \/>\n<meta property=\"og:site_name\" content=\"\u00c9glise Adventiste Du Septieme Jour - Inter Am\u00e9rique Division\" \/>\n<meta property=\"article:published_time\" content=\"2026-09-02T16:05:32+00:00\" \/>\n<meta property=\"og:image\" content=\"https:\/\/interamerica.org\/wp-content\/uploads\/2026\/08\/cristel-romero-header-georgenelson-creatorsummitthu-24.jpg\" \/>\n\t<meta property=\"og:image:width\" content=\"1000\" \/>\n\t<meta property=\"og:image:height\" content=\"666\" \/>\n\t<meta property=\"og:image:type\" content=\"image\/jpeg\" \/>\n<meta name=\"author\" content=\"libna\" \/>\n<meta name=\"twitter:card\" content=\"summary_large_image\" \/>\n<meta name=\"twitter:label1\" content=\"\u00c9crit par\" \/>\n\t<meta name=\"twitter:data1\" content=\"libna\" \/>\n\t<meta name=\"twitter:label2\" content=\"Dur\u00e9e de lecture estim\u00e9e\" \/>\n\t<meta name=\"twitter:data2\" content=\"8 minutes\" \/>\n<script type=\"application\/ld+json\" class=\"yoast-schema-graph\">{\"@context\":\"https:\\\/\\\/schema.org\",\"@graph\":[{\"@type\":\"Article\",\"@id\":\"https:\\\/\\\/interamerica.org\\\/fr\\\/2026\\\/09\\\/les-createurs-de-contenu-doivent-placer-les-personnes-avant-les-statistiques\\\/#article\",\"isPartOf\":{\"@id\":\"https:\\\/\\\/interamerica.org\\\/fr\\\/2026\\\/09\\\/les-createurs-de-contenu-doivent-placer-les-personnes-avant-les-statistiques\\\/\"},\"author\":{\"name\":\"libna\",\"@id\":\"https:\\\/\\\/interamerica.org\\\/fr\\\/#\\\/schema\\\/person\\\/29998f2bc2d8bd0d38662909289b54f1\"},\"headline\":\"Les cr\u00e9ateurs de contenu doivent placer les personnes avant les statistiques\",\"datePublished\":\"2026-09-02T16:05:32+00:00\",\"mainEntityOfPage\":{\"@id\":\"https:\\\/\\\/interamerica.org\\\/fr\\\/2026\\\/09\\\/les-createurs-de-contenu-doivent-placer-les-personnes-avant-les-statistiques\\\/\"},\"wordCount\":1785,\"image\":{\"@id\":\"https:\\\/\\\/interamerica.org\\\/fr\\\/2026\\\/09\\\/les-createurs-de-contenu-doivent-placer-les-personnes-avant-les-statistiques\\\/#primaryimage\"},\"thumbnailUrl\":\"https:\\\/\\\/interamerica.org\\\/wp-content\\\/uploads\\\/2026\\\/08\\\/cristel-romero-header-georgenelson-creatorsummitthu-24.jpg\",\"articleSection\":[\"Nouvelles du si\u00e8ge de la division\",\"RSS Fran\u00e7ais\"],\"inLanguage\":\"fr-FR\"},{\"@type\":\"WebPage\",\"@id\":\"https:\\\/\\\/interamerica.org\\\/fr\\\/2026\\\/09\\\/les-createurs-de-contenu-doivent-placer-les-personnes-avant-les-statistiques\\\/\",\"url\":\"https:\\\/\\\/interamerica.org\\\/fr\\\/2026\\\/09\\\/les-createurs-de-contenu-doivent-placer-les-personnes-avant-les-statistiques\\\/\",\"name\":\"Les cr\u00e9ateurs de contenu doivent placer les personnes avant les statistiques - \u00c9glise Adventiste Du Septieme Jour - Inter Am\u00e9rique Division\",\"isPartOf\":{\"@id\":\"https:\\\/\\\/interamerica.org\\\/fr\\\/#website\"},\"primaryImageOfPage\":{\"@id\":\"https:\\\/\\\/interamerica.org\\\/fr\\\/2026\\\/09\\\/les-createurs-de-contenu-doivent-placer-les-personnes-avant-les-statistiques\\\/#primaryimage\"},\"image\":{\"@id\":\"https:\\\/\\\/interamerica.org\\\/fr\\\/2026\\\/09\\\/les-createurs-de-contenu-doivent-placer-les-personnes-avant-les-statistiques\\\/#primaryimage\"},\"thumbnailUrl\":\"https:\\\/\\\/interamerica.org\\\/wp-content\\\/uploads\\\/2026\\\/08\\\/cristel-romero-header-georgenelson-creatorsummitthu-24.jpg\",\"datePublished\":\"2026-09-02T16:05:32+00:00\",\"author\":{\"@id\":\"https:\\\/\\\/interamerica.org\\\/fr\\\/#\\\/schema\\\/person\\\/29998f2bc2d8bd0d38662909289b54f1\"},\"breadcrumb\":{\"@id\":\"https:\\\/\\\/interamerica.org\\\/fr\\\/2026\\\/09\\\/les-createurs-de-contenu-doivent-placer-les-personnes-avant-les-statistiques\\\/#breadcrumb\"},\"inLanguage\":\"fr-FR\",\"potentialAction\":[{\"@type\":\"ReadAction\",\"target\":[\"https:\\\/\\\/interamerica.org\\\/fr\\\/2026\\\/09\\\/les-createurs-de-contenu-doivent-placer-les-personnes-avant-les-statistiques\\\/\"]}]},{\"@type\":\"ImageObject\",\"inLanguage\":\"fr-FR\",\"@id\":\"https:\\\/\\\/interamerica.org\\\/fr\\\/2026\\\/09\\\/les-createurs-de-contenu-doivent-placer-les-personnes-avant-les-statistiques\\\/#primaryimage\",\"url\":\"https:\\\/\\\/interamerica.org\\\/wp-content\\\/uploads\\\/2026\\\/08\\\/cristel-romero-header-georgenelson-creatorsummitthu-24.jpg\",\"contentUrl\":\"https:\\\/\\\/interamerica.org\\\/wp-content\\\/uploads\\\/2026\\\/08\\\/cristel-romero-header-georgenelson-creatorsummitthu-24.jpg\",\"width\":1000,\"height\":666,\"caption\":\"[Photo: George Nelson\\\/ANN]\"},{\"@type\":\"BreadcrumbList\",\"@id\":\"https:\\\/\\\/interamerica.org\\\/fr\\\/2026\\\/09\\\/les-createurs-de-contenu-doivent-placer-les-personnes-avant-les-statistiques\\\/#breadcrumb\",\"itemListElement\":[{\"@type\":\"ListItem\",\"position\":1,\"name\":\"Home\",\"item\":\"https:\\\/\\\/interamerica.org\\\/fr\\\/\"},{\"@type\":\"ListItem\",\"position\":2,\"name\":\"Les cr\u00e9ateurs de contenu doivent placer les personnes avant les statistiques\"}]},{\"@type\":\"WebSite\",\"@id\":\"https:\\\/\\\/interamerica.org\\\/fr\\\/#website\",\"url\":\"https:\\\/\\\/interamerica.org\\\/fr\\\/\",\"name\":\"\u00c9glise Adventiste Du Septieme Jour - Inter Am\u00e9rique Division\",\"description\":\"\",\"potentialAction\":[{\"@type\":\"SearchAction\",\"target\":{\"@type\":\"EntryPoint\",\"urlTemplate\":\"https:\\\/\\\/interamerica.org\\\/fr\\\/?s={search_term_string}\"},\"query-input\":{\"@type\":\"PropertyValueSpecification\",\"valueRequired\":true,\"valueName\":\"search_term_string\"}}],\"inLanguage\":\"fr-FR\"},{\"@type\":\"Person\",\"@id\":\"https:\\\/\\\/interamerica.org\\\/fr\\\/#\\\/schema\\\/person\\\/29998f2bc2d8bd0d38662909289b54f1\",\"name\":\"libna\",\"image\":{\"@type\":\"ImageObject\",\"inLanguage\":\"fr-FR\",\"@id\":\"https:\\\/\\\/secure.gravatar.com\\\/avatar\\\/7c5bd30ae4b47a9ba3c856590957fd1d96dc588bf3ac05719d247e126840331f?s=96&d=mm&r=g\",\"url\":\"https:\\\/\\\/secure.gravatar.com\\\/avatar\\\/7c5bd30ae4b47a9ba3c856590957fd1d96dc588bf3ac05719d247e126840331f?s=96&d=mm&r=g\",\"contentUrl\":\"https:\\\/\\\/secure.gravatar.com\\\/avatar\\\/7c5bd30ae4b47a9ba3c856590957fd1d96dc588bf3ac05719d247e126840331f?s=96&d=mm&r=g\",\"caption\":\"libna\"}}]}<\/script>\n<!-- \/ Yoast SEO plugin. -->","yoast_head_json":{"title":"Les cr\u00e9ateurs de contenu doivent placer les personnes avant les statistiques - \u00c9glise Adventiste Du Septieme Jour - Inter Am\u00e9rique Division","robots":{"index":"index","follow":"follow","max-snippet":"max-snippet:-1","max-image-preview":"max-image-preview:large","max-video-preview":"max-video-preview:-1"},"canonical":"https:\/\/interamerica.org\/fr\/2026\/09\/les-createurs-de-contenu-doivent-placer-les-personnes-avant-les-statistiques\/","og_locale":"fr_FR","og_type":"article","og_title":"Les cr\u00e9ateurs de contenu doivent placer les personnes avant les statistiques - \u00c9glise Adventiste Du Septieme Jour - Inter Am\u00e9rique Division","og_description":"Cristel Romero, du Mexique, invite les cr\u00e9ateurs \u00e0 transformer la confiance qu&rsquo;ils \u00e9tablissent en ligne en relations authentiques qui r\u00e9pondent aux besoins et conduisent les gens \u00e0 J\u00e9sus. 26 juillet...","og_url":"https:\/\/interamerica.org\/fr\/2026\/09\/les-createurs-de-contenu-doivent-placer-les-personnes-avant-les-statistiques\/","og_site_name":"\u00c9glise Adventiste Du Septieme Jour - Inter Am\u00e9rique Division","article_published_time":"2026-09-02T16:05:32+00:00","og_image":[{"width":1000,"height":666,"url":"https:\/\/interamerica.org\/wp-content\/uploads\/2026\/08\/cristel-romero-header-georgenelson-creatorsummitthu-24.jpg","type":"image\/jpeg"}],"author":"libna","twitter_card":"summary_large_image","twitter_misc":{"\u00c9crit par":"libna","Dur\u00e9e de lecture estim\u00e9e":"8 minutes"},"schema":{"@context":"https:\/\/schema.org","@graph":[{"@type":"Article","@id":"https:\/\/interamerica.org\/fr\/2026\/09\/les-createurs-de-contenu-doivent-placer-les-personnes-avant-les-statistiques\/#article","isPartOf":{"@id":"https:\/\/interamerica.org\/fr\/2026\/09\/les-createurs-de-contenu-doivent-placer-les-personnes-avant-les-statistiques\/"},"author":{"name":"libna","@id":"https:\/\/interamerica.org\/fr\/#\/schema\/person\/29998f2bc2d8bd0d38662909289b54f1"},"headline":"Les cr\u00e9ateurs de contenu doivent placer les personnes avant les statistiques","datePublished":"2026-09-02T16:05:32+00:00","mainEntityOfPage":{"@id":"https:\/\/interamerica.org\/fr\/2026\/09\/les-createurs-de-contenu-doivent-placer-les-personnes-avant-les-statistiques\/"},"wordCount":1785,"image":{"@id":"https:\/\/interamerica.org\/fr\/2026\/09\/les-createurs-de-contenu-doivent-placer-les-personnes-avant-les-statistiques\/#primaryimage"},"thumbnailUrl":"https:\/\/interamerica.org\/wp-content\/uploads\/2026\/08\/cristel-romero-header-georgenelson-creatorsummitthu-24.jpg","articleSection":["Nouvelles du si\u00e8ge de la division","RSS Fran\u00e7ais"],"inLanguage":"fr-FR"},{"@type":"WebPage","@id":"https:\/\/interamerica.org\/fr\/2026\/09\/les-createurs-de-contenu-doivent-placer-les-personnes-avant-les-statistiques\/","url":"https:\/\/interamerica.org\/fr\/2026\/09\/les-createurs-de-contenu-doivent-placer-les-personnes-avant-les-statistiques\/","name":"Les cr\u00e9ateurs de contenu doivent placer les personnes avant les statistiques - \u00c9glise Adventiste Du Septieme Jour - Inter Am\u00e9rique Division","isPartOf":{"@id":"https:\/\/interamerica.org\/fr\/#website"},"primaryImageOfPage":{"@id":"https:\/\/interamerica.org\/fr\/2026\/09\/les-createurs-de-contenu-doivent-placer-les-personnes-avant-les-statistiques\/#primaryimage"},"image":{"@id":"https:\/\/interamerica.org\/fr\/2026\/09\/les-createurs-de-contenu-doivent-placer-les-personnes-avant-les-statistiques\/#primaryimage"},"thumbnailUrl":"https:\/\/interamerica.org\/wp-content\/uploads\/2026\/08\/cristel-romero-header-georgenelson-creatorsummitthu-24.jpg","datePublished":"2026-09-02T16:05:32+00:00","author":{"@id":"https:\/\/interamerica.org\/fr\/#\/schema\/person\/29998f2bc2d8bd0d38662909289b54f1"},"breadcrumb":{"@id":"https:\/\/interamerica.org\/fr\/2026\/09\/les-createurs-de-contenu-doivent-placer-les-personnes-avant-les-statistiques\/#breadcrumb"},"inLanguage":"fr-FR","potentialAction":[{"@type":"ReadAction","target":["https:\/\/interamerica.org\/fr\/2026\/09\/les-createurs-de-contenu-doivent-placer-les-personnes-avant-les-statistiques\/"]}]},{"@type":"ImageObject","inLanguage":"fr-FR","@id":"https:\/\/interamerica.org\/fr\/2026\/09\/les-createurs-de-contenu-doivent-placer-les-personnes-avant-les-statistiques\/#primaryimage","url":"https:\/\/interamerica.org\/wp-content\/uploads\/2026\/08\/cristel-romero-header-georgenelson-creatorsummitthu-24.jpg","contentUrl":"https:\/\/interamerica.org\/wp-content\/uploads\/2026\/08\/cristel-romero-header-georgenelson-creatorsummitthu-24.jpg","width":1000,"height":666,"caption":"[Photo: George Nelson\/ANN]"},{"@type":"BreadcrumbList","@id":"https:\/\/interamerica.org\/fr\/2026\/09\/les-createurs-de-contenu-doivent-placer-les-personnes-avant-les-statistiques\/#breadcrumb","itemListElement":[{"@type":"ListItem","position":1,"name":"Home","item":"https:\/\/interamerica.org\/fr\/"},{"@type":"ListItem","position":2,"name":"Les cr\u00e9ateurs de contenu doivent placer les personnes avant les statistiques"}]},{"@type":"WebSite","@id":"https:\/\/interamerica.org\/fr\/#website","url":"https:\/\/interamerica.org\/fr\/","name":"\u00c9glise Adventiste Du Septieme Jour - Inter Am\u00e9rique Division","description":"","potentialAction":[{"@type":"SearchAction","target":{"@type":"EntryPoint","urlTemplate":"https:\/\/interamerica.org\/fr\/?s={search_term_string}"},"query-input":{"@type":"PropertyValueSpecification","valueRequired":true,"valueName":"search_term_string"}}],"inLanguage":"fr-FR"},{"@type":"Person","@id":"https:\/\/interamerica.org\/fr\/#\/schema\/person\/29998f2bc2d8bd0d38662909289b54f1","name":"libna","image":{"@type":"ImageObject","inLanguage":"fr-FR","@id":"https:\/\/secure.gravatar.com\/avatar\/7c5bd30ae4b47a9ba3c856590957fd1d96dc588bf3ac05719d247e126840331f?s=96&d=mm&r=g","url":"https:\/\/secure.gravatar.com\/avatar\/7c5bd30ae4b47a9ba3c856590957fd1d96dc588bf3ac05719d247e126840331f?s=96&d=mm&r=g","contentUrl":"https:\/\/secure.gravatar.com\/avatar\/7c5bd30ae4b47a9ba3c856590957fd1d96dc588bf3ac05719d247e126840331f?s=96&d=mm&r=g","caption":"libna"}}]}},"_links":{"self":[{"href":"https:\/\/interamerica.org\/fr\/wp-json\/wp\/v2\/posts\/147903","targetHints":{"allow":["GET"]}}],"collection":[{"href":"https:\/\/interamerica.org\/fr\/wp-json\/wp\/v2\/posts"}],"about":[{"href":"https:\/\/interamerica.org\/fr\/wp-json\/wp\/v2\/types\/post"}],"author":[{"embeddable":true,"href":"https:\/\/interamerica.org\/fr\/wp-json\/wp\/v2\/users\/3"}],"replies":[{"embeddable":true,"href":"https:\/\/interamerica.org\/fr\/wp-json\/wp\/v2\/comments?post=147903"}],"version-history":[{"count":3,"href":"https:\/\/interamerica.org\/fr\/wp-json\/wp\/v2\/posts\/147903\/revisions"}],"predecessor-version":[{"id":148090,"href":"https:\/\/interamerica.org\/fr\/wp-json\/wp\/v2\/posts\/147903\/revisions\/148090"}],"wp:featuredmedia":[{"embeddable":true,"href":"https:\/\/interamerica.org\/fr\/wp-json\/wp\/v2\/media\/148077"}],"wp:attachment":[{"href":"https:\/\/interamerica.org\/fr\/wp-json\/wp\/v2\/media?parent=147903"}],"wp:term":[{"taxonomy":"category","embeddable":true,"href":"https:\/\/interamerica.org\/fr\/wp-json\/wp\/v2\/categories?post=147903"},{"taxonomy":"post_tag","embeddable":true,"href":"https:\/\/interamerica.org\/fr\/wp-json\/wp\/v2\/tags?post=147903"}],"curies":[{"name":"wp","href":"https:\/\/api.w.org\/{rel}","templated":true}]}}