{"id":147973,"date":"2026-08-23T21:03:10","date_gmt":"2026-08-24T01:03:10","guid":{"rendered":"https:\/\/interamerica.org\/?p=147973"},"modified":"2026-08-27T19:17:36","modified_gmt":"2026-08-27T23:17:36","slug":"au-zimbabwe-un-camp-meeting-se-transforme-en-intervention-durgence-apres-la-tragedie-du-ferry-de-kariba","status":"publish","type":"post","link":"https:\/\/interamerica.org\/fr\/2026\/08\/au-zimbabwe-un-camp-meeting-se-transforme-en-intervention-durgence-apres-la-tragedie-du-ferry-de-kariba\/","title":{"rendered":"Au Zimbabwe, un camp-meeting se transforme en intervention d\u2019urgence apr\u00e8s la trag\u00e9die du ferry de Kariba"},"content":{"rendered":"<p><i><span style=\"font-weight: 400;\">Le 11 ao\u00fbt 2026, un ferry a chavir\u00e9 sur le lac Kariba.<\/span><\/i><\/p>\n<p><span style=\"font-weight: 400;\">Le 23 ao\u00fbt 2026 | Kariba, Mashonaland West, Zimbabwe | Malvern Makichi, SIDMedia<\/span><\/p>\n<p><span style=\"font-weight: 400;\">Des adventistes du septi\u00e8me jour \u00e9taient rassembl\u00e9s au camp de Kariba, au Zimbabwe, pour ce qui devait \u00eatre une semaine de renouvellement spirituel quand ils ont entendu une triste nouvelle\u00a0: le ferry <\/span><i><span style=\"font-weight: 400;\">Mbuya Nehanda<\/span><\/i><span style=\"font-weight: 400;\"> avait chavir\u00e9 sur le lac Kariba.<\/span><\/p>\n<p><span style=\"font-weight: 400;\">De nombreuses personnes pr\u00e9sentes au camp avaient des proches \u00e0 bord.<\/span><\/p>\n<p><span style=\"font-weight: 400;\">\u00ab\u00a0Les m\u00e9dias sociaux \u00e9tant inond\u00e9s de vid\u00e9os et d\u2019images de l\u2019accident, la plupart des participants ont \u00e9t\u00e9 pris de panique\u00a0\u00bb, a racont\u00e9 Rich Isaac Ketani, pasteur local. Les participants ont quitt\u00e9 le site en qu\u00eate d\u2019informations sur les membres de leur famille.<\/span><\/p>\n<div><div id=\"attachment_147710\" style=\"width: 916px\" class=\"wp-caption aligncenter\"><img fetchpriority=\"high\" decoding=\"async\" aria-describedby=\"caption-attachment-147710\" class=\" wp-image-147710\" src=\"https:\/\/interamerica.org\/wp-content\/uploads\/2026\/08\/zimbabwe-camp-meetingc2x1787243155457-1024x685.avif\" alt=\"\" width=\"906\" height=\"606\" srcset=\"https:\/\/interamerica.org\/wp-content\/uploads\/2026\/08\/zimbabwe-camp-meetingc2x1787243155457-1024x685.avif 1024w, https:\/\/interamerica.org\/wp-content\/uploads\/2026\/08\/zimbabwe-camp-meetingc2x1787243155457-300x201.avif 300w, https:\/\/interamerica.org\/wp-content\/uploads\/2026\/08\/zimbabwe-camp-meetingc2x1787243155457-768x514.avif 768w, https:\/\/interamerica.org\/wp-content\/uploads\/2026\/08\/zimbabwe-camp-meetingc2x1787243155457.avif 1280w\" sizes=\"(max-width: 906px) 100vw, 906px\" \/><p id=\"caption-attachment-147710\" class=\"wp-caption-text\"><span style=\"font-weight: 400;\">Des membres adventistes du septi\u00e8me jour au lac Kariba offrent leur aide aux familles pr\u00e9sentes sur le ferry chavir\u00e9. [Une photo de la Division du sud de l\u2019Afrique et de l\u2019oc\u00e9an Indien]<\/span><\/p><\/div><\/div>\n<div><\/div>\n<div>\n<p><span style=\"font-weight: 400;\">Le <\/span><i><span style=\"font-weight: 400;\">Mbuya Nehanda<\/span><\/i><span style=\"font-weight: 400;\">, exploit\u00e9 par l\u2019Agence de d\u00e9veloppement des infrastructures rurales du Zimbabwe, a chavir\u00e9 en transportant des passagers et des denr\u00e9es vers les communaut\u00e9s \u00e9loign\u00e9es de p\u00eacheurs le long de la route Kariba-Chalala. Emmerson Mnangagwa, pr\u00e9sident du Zimbabwe, a appel\u00e9 l\u2019accident une catastrophe nationale, et le gouvernement \u00e0 lanc\u00e9 une enqu\u00eate \u00e0 grande \u00e9chelle. Le d\u00e9c\u00e8s de 97 personnes a \u00e9t\u00e9 confirm\u00e9, faisant de cet \u00e9v\u00e9nement la catastrophe par bateau la plus mortelle de l\u2019histoire du Zimbabwe. Les enqu\u00eates pr\u00e9liminaires indiquent que le ferry transportait environ 180 passagers plus denr\u00e9es, exc\u00e9dant la capacit\u00e9 autoris\u00e9e.<\/span><span style=\"font-weight: 400;\">Au moins 18 enfants sont parmi les personnes ayant perdu la vie, dont 16 avaient moins de 10 ans. Le capitaine du bateau, Sign Patsikadova, 59 ans, est \u00e9galement d\u00e9c\u00e9d\u00e9.<\/span><span style=\"font-weight: 400;\">Le ferry \u00e9tait une bou\u00e9e pour les communaut\u00e9s vivant aux abords du lac, a dit le pasteur Ketani. \u00ab\u00a0Sur le bord du lac, nous avons des villages et des camps de p\u00eache. Les villageois et les r\u00e9sidents de ces camps viennent \u00e0 Kariba pour acheter des denr\u00e9es et d\u2019autres services, et, m\u00eame lorsqu\u2019ils vont \u00e0 la capitale, Harare, ils passent par Kariba et prennent ce ferry, source importante de transport.\u00a0\u00bb<\/span><\/p>\n<p><div id=\"attachment_147711\" style=\"width: 934px\" class=\"wp-caption aligncenter\"><img decoding=\"async\" aria-describedby=\"caption-attachment-147711\" class=\" wp-image-147711\" src=\"https:\/\/interamerica.org\/wp-content\/uploads\/2026\/08\/zimbabwe-mog1787243020537-1024x685.avif\" alt=\"\" width=\"924\" height=\"618\" srcset=\"https:\/\/interamerica.org\/wp-content\/uploads\/2026\/08\/zimbabwe-mog1787243020537-1024x685.avif 1024w, https:\/\/interamerica.org\/wp-content\/uploads\/2026\/08\/zimbabwe-mog1787243020537-300x201.avif 300w, https:\/\/interamerica.org\/wp-content\/uploads\/2026\/08\/zimbabwe-mog1787243020537-768x514.avif 768w, https:\/\/interamerica.org\/wp-content\/uploads\/2026\/08\/zimbabwe-mog1787243020537.avif 1280w\" sizes=\"(max-width: 924px) 100vw, 924px\" \/><p id=\"caption-attachment-147711\" class=\"wp-caption-text\"><span style=\"font-weight: 400;\">Les dames du minist\u00e8re adventiste Dorcas pr\u00e9parent de la nourriture pour les familles affect\u00e9es du lac Kariba. [Un photo de la Division du sud de l\u2019Afrique et de l\u2019oc\u00e9an Indien]<\/span><\/p><\/div><span style=\"font-weight: 400;\">Les survivants ont \u00e9t\u00e9 emmen\u00e9s \u00e0 l\u2019\u00e9cole primaire Mahombekombe de Kariba, l\u00e0 o\u00f9 ils ont re\u00e7u des soins m\u00e9dicaux et psychologiques. Les dirigeants adventistes \u00e9taient parmi les premiers \u00e0 arriver.<\/span><span style=\"font-weight: 400;\">\u00ab\u00a0Beaucoup de survivants sont encore sous le choc et ont d\u00e9sesp\u00e9r\u00e9ment besoin de soutien alors qu\u2019ils demandent \u00e0 Dieu pourquoi ils ont d\u00fb vivre une chose pareille\u00a0\u00bb, a dit Morris Mlambo, un pasteur adventiste du septi\u00e8me jour pr\u00e9sent sur place.<\/span><span style=\"font-weight: 400;\">D\u2019apr\u00e8s le pasteur Ketani, la communaut\u00e9 de Kariba a \u00e9t\u00e9 profond\u00e9ment affect\u00e9e par les \u00e9v\u00e9nements. \u00ab\u00a0Les gens sont tr\u00e8s d\u00e9prim\u00e9s et stress\u00e9s, car beaucoup ne savent pas encore ce qui s\u2019est pass\u00e9. Nous devons aussi comprendre que certains d\u2019entre eux n\u2019ont jamais mis les pieds dans une \u00e9glise, alors, quand ils vivent de telles difficult\u00e9s, ils ne savent pas o\u00f9 aller.\u00a0\u00bb<\/span><span style=\"font-weight: 400;\">Dans les jours suivants, les dirigeants de l\u2019\u00c9glise ont re\u00e7u la permission d\u2019offrir aux survivants des s\u00e9ances th\u00e9rapeutiques structur\u00e9es. Selon le pasteur Mlambo, ce soutien est important \u00e0 la suite d\u2019une catastrophe de cette ampleur, quand les survivants se posent \u00e9norm\u00e9ment de questions et qu\u2019ils vivent une grande tristesse<\/span><\/p>\n<p><div id=\"attachment_147712\" style=\"width: 908px\" class=\"wp-caption aligncenter\"><img decoding=\"async\" aria-describedby=\"caption-attachment-147712\" class=\" wp-image-147712\" src=\"https:\/\/interamerica.org\/wp-content\/uploads\/2026\/08\/zimbabwe-30hk1787243135372-1024x685.avif\" alt=\"\" width=\"898\" height=\"601\" srcset=\"https:\/\/interamerica.org\/wp-content\/uploads\/2026\/08\/zimbabwe-30hk1787243135372-1024x685.avif 1024w, https:\/\/interamerica.org\/wp-content\/uploads\/2026\/08\/zimbabwe-30hk1787243135372-300x201.avif 300w, https:\/\/interamerica.org\/wp-content\/uploads\/2026\/08\/zimbabwe-30hk1787243135372-768x514.avif 768w, https:\/\/interamerica.org\/wp-content\/uploads\/2026\/08\/zimbabwe-30hk1787243135372.avif 1280w\" sizes=\"(max-width: 898px) 100vw, 898px\" \/><p id=\"caption-attachment-147712\" class=\"wp-caption-text\"><span style=\"font-weight: 400;\">Les dames du minist\u00e8re adventiste Dorcas pr\u00e9parent de la nourriture pour les familles affect\u00e9es du lac Kariba. [Un photo de la Division du sud de l\u2019Afrique et de l\u2019oc\u00e9an Indien]<\/span><\/p><\/div><\/div>\n<div><\/div>\n<div><span style=\"font-weight: 400;\">L\u2019\u00c9glise adventiste du septi\u00e8me jour, avec le leadership de l\u2019<\/span><a href=\"https:\/\/zeuc.adventist.org\/\"><span style=\"font-weight: 400;\">Union des f\u00e9d\u00e9rations de l\u2019est du Zimbabwe<\/span><\/a><span style=\"font-weight: 400;\">, de la <\/span><a href=\"http:\/\/nzc.adventist.org\/\"><span style=\"font-weight: 400;\">F\u00e9d\u00e9ration du nord du Zimbabwe<\/span><\/a><span style=\"font-weight: 400;\">, du district d\u2019\u00e9glises de Kariba et des membres locaux, s\u2019est jointe \u00e0 l\u2019intervention communautaire, offrant support moral et nourriture aux survivants \u00e0 l\u2019\u00e9cole Mahombekombe.<\/span><span style=\"font-weight: 400;\">\u00ab\u00a0Comme vous le savez, nous \u00e9tions en camp-meeting, a dit le pasteur Mlambo. Mais notre camp-meeting s\u2019est d\u00e9plac\u00e9 ici \u00e0 Mahombekombe.\u00a0\u00bb<\/span><span style=\"font-weight: 400;\">Des op\u00e9rations de recherche et de secours impliquant des policiers plongeurs, du personnel militaire et des p\u00eacheurs locaux se sont poursuivies sur le lac Kariba.<\/span><span style=\"font-weight: 400;\">En offrant ses condol\u00e9ances \u00e0 la population de Kariba et du Zimbabwe, le pasteur Ketani a dit, \u00ab\u00a0Il y a de l\u2019espoir, m\u00eame dans la mort.\u00a0\u00bb<\/span><i><span style=\"font-weight: 400;\">La <\/span><\/i><a href=\"https:\/\/news.sid.adventist.africa\/all-news\/camp-meeting-becomes-disaster-response-as-kariba-ferry-tragedy-unfolds\"><i><span style=\"font-weight: 400;\">version originale<\/span><\/i><\/a><i><span style=\"font-weight: 400;\"> de cet article a \u00e9t\u00e9 publi\u00e9e sur le <\/span><\/i><a href=\"https:\/\/news.sid.adventist.africa\/all-news\"><i><span style=\"font-weight: 400;\">site des actualit\u00e9s<\/span><\/i><\/a><i><span style=\"font-weight: 400;\"> de la Division du sud de l\u2019Afrique et de l\u2019oc\u00e9an Indien.<\/span><\/i><\/p>\n<\/div>\n<div>Traduction : Marie-Mich\u00e8le Robitaille<\/div>\n","protected":false},"excerpt":{"rendered":"<p>Le 11 ao\u00fbt 2026, un ferry a chavir\u00e9 sur le lac Kariba. Le 23 ao\u00fbt 2026 | Kariba, Mashonaland West, Zimbabwe | Malvern Makichi, SIDMedia Des adventistes du septi\u00e8me jour&#8230;<\/p>\n","protected":false},"author":3,"featured_media":147974,"comment_status":"closed","ping_status":"closed","sticky":false,"template":"","format":"standard","meta":{"_acf_changed":false,"footnotes":""},"categories":[18,19],"tags":[],"class_list":["post-147973","post","type-post","status-publish","format-standard","has-post-thumbnail","hentry","category-nouvelles-de-leglise-mondiale","category-rss-francais"],"acf":[],"yoast_head":"<!-- This site is optimized with the Yoast SEO plugin v28.1 - https:\/\/yoast.com\/product\/yoast-seo-wordpress\/ -->\n<title>Au Zimbabwe, un camp-meeting se transforme en intervention d\u2019urgence apr\u00e8s la trag\u00e9die du ferry de Kariba - \u00c9glise Adventiste Du Septieme Jour - Inter Am\u00e9rique Division<\/title>\n<meta name=\"robots\" content=\"index, follow, max-snippet:-1, max-image-preview:large, max-video-preview:-1\" \/>\n<link rel=\"canonical\" href=\"https:\/\/interamerica.org\/fr\/2026\/08\/au-zimbabwe-un-camp-meeting-se-transforme-en-intervention-durgence-apres-la-tragedie-du-ferry-de-kariba\/\" \/>\n<meta property=\"og:locale\" content=\"fr_FR\" \/>\n<meta property=\"og:type\" content=\"article\" \/>\n<meta property=\"og:title\" content=\"Au Zimbabwe, un camp-meeting se transforme en intervention d\u2019urgence apr\u00e8s la trag\u00e9die du ferry de Kariba - \u00c9glise Adventiste Du Septieme Jour - Inter Am\u00e9rique Division\" \/>\n<meta property=\"og:description\" content=\"Le 11 ao\u00fbt 2026, un ferry a chavir\u00e9 sur le lac Kariba. Le 23 ao\u00fbt 2026 | Kariba, Mashonaland West, Zimbabwe | Malvern Makichi, SIDMedia Des adventistes du septi\u00e8me jour...\" \/>\n<meta property=\"og:url\" content=\"https:\/\/interamerica.org\/fr\/2026\/08\/au-zimbabwe-un-camp-meeting-se-transforme-en-intervention-durgence-apres-la-tragedie-du-ferry-de-kariba\/\" \/>\n<meta property=\"og:site_name\" content=\"\u00c9glise Adventiste Du Septieme Jour - Inter Am\u00e9rique Division\" \/>\n<meta property=\"article:published_time\" content=\"2026-08-24T01:03:10+00:00\" \/>\n<meta property=\"article:modified_time\" content=\"2026-08-27T23:17:36+00:00\" \/>\n<meta name=\"author\" content=\"libna\" \/>\n<meta name=\"twitter:card\" content=\"summary_large_image\" \/>\n<meta name=\"twitter:label1\" content=\"\u00c9crit par\" \/>\n\t<meta name=\"twitter:data1\" content=\"libna\" \/>\n\t<meta name=\"twitter:label2\" content=\"Dur\u00e9e de lecture estim\u00e9e\" \/>\n\t<meta name=\"twitter:data2\" content=\"5 minutes\" \/>\n<script type=\"application\/ld+json\" class=\"yoast-schema-graph\">{\"@context\":\"https:\\\/\\\/schema.org\",\"@graph\":[{\"@type\":\"Article\",\"@id\":\"https:\\\/\\\/interamerica.org\\\/fr\\\/2026\\\/08\\\/au-zimbabwe-un-camp-meeting-se-transforme-en-intervention-durgence-apres-la-tragedie-du-ferry-de-kariba\\\/#article\",\"isPartOf\":{\"@id\":\"https:\\\/\\\/interamerica.org\\\/fr\\\/2026\\\/08\\\/au-zimbabwe-un-camp-meeting-se-transforme-en-intervention-durgence-apres-la-tragedie-du-ferry-de-kariba\\\/\"},\"author\":{\"name\":\"libna\",\"@id\":\"https:\\\/\\\/interamerica.org\\\/fr\\\/#\\\/schema\\\/person\\\/29998f2bc2d8bd0d38662909289b54f1\"},\"headline\":\"Au Zimbabwe, un camp-meeting se transforme en intervention d\u2019urgence apr\u00e8s la trag\u00e9die du ferry de Kariba\",\"datePublished\":\"2026-08-24T01:03:10+00:00\",\"dateModified\":\"2026-08-27T23:17:36+00:00\",\"mainEntityOfPage\":{\"@id\":\"https:\\\/\\\/interamerica.org\\\/fr\\\/2026\\\/08\\\/au-zimbabwe-un-camp-meeting-se-transforme-en-intervention-durgence-apres-la-tragedie-du-ferry-de-kariba\\\/\"},\"wordCount\":861,\"image\":{\"@id\":\"https:\\\/\\\/interamerica.org\\\/fr\\\/2026\\\/08\\\/au-zimbabwe-un-camp-meeting-se-transforme-en-intervention-durgence-apres-la-tragedie-du-ferry-de-kariba\\\/#primaryimage\"},\"thumbnailUrl\":\"https:\\\/\\\/interamerica.org\\\/wp-content\\\/uploads\\\/2026\\\/08\\\/zimbabwe-camp-meetingc2x1787243155457.avif\",\"articleSection\":[\"Nouvelles de l'\u00c9glise mondiale\",\"RSS Fran\u00e7ais\"],\"inLanguage\":\"fr-FR\"},{\"@type\":\"WebPage\",\"@id\":\"https:\\\/\\\/interamerica.org\\\/fr\\\/2026\\\/08\\\/au-zimbabwe-un-camp-meeting-se-transforme-en-intervention-durgence-apres-la-tragedie-du-ferry-de-kariba\\\/\",\"url\":\"https:\\\/\\\/interamerica.org\\\/fr\\\/2026\\\/08\\\/au-zimbabwe-un-camp-meeting-se-transforme-en-intervention-durgence-apres-la-tragedie-du-ferry-de-kariba\\\/\",\"name\":\"Au Zimbabwe, un camp-meeting se transforme en intervention d\u2019urgence apr\u00e8s la trag\u00e9die du ferry de Kariba - \u00c9glise Adventiste Du Septieme Jour - Inter Am\u00e9rique Division\",\"isPartOf\":{\"@id\":\"https:\\\/\\\/interamerica.org\\\/fr\\\/#website\"},\"primaryImageOfPage\":{\"@id\":\"https:\\\/\\\/interamerica.org\\\/fr\\\/2026\\\/08\\\/au-zimbabwe-un-camp-meeting-se-transforme-en-intervention-durgence-apres-la-tragedie-du-ferry-de-kariba\\\/#primaryimage\"},\"image\":{\"@id\":\"https:\\\/\\\/interamerica.org\\\/fr\\\/2026\\\/08\\\/au-zimbabwe-un-camp-meeting-se-transforme-en-intervention-durgence-apres-la-tragedie-du-ferry-de-kariba\\\/#primaryimage\"},\"thumbnailUrl\":\"https:\\\/\\\/interamerica.org\\\/wp-content\\\/uploads\\\/2026\\\/08\\\/zimbabwe-camp-meetingc2x1787243155457.avif\",\"datePublished\":\"2026-08-24T01:03:10+00:00\",\"dateModified\":\"2026-08-27T23:17:36+00:00\",\"author\":{\"@id\":\"https:\\\/\\\/interamerica.org\\\/fr\\\/#\\\/schema\\\/person\\\/29998f2bc2d8bd0d38662909289b54f1\"},\"breadcrumb\":{\"@id\":\"https:\\\/\\\/interamerica.org\\\/fr\\\/2026\\\/08\\\/au-zimbabwe-un-camp-meeting-se-transforme-en-intervention-durgence-apres-la-tragedie-du-ferry-de-kariba\\\/#breadcrumb\"},\"inLanguage\":\"fr-FR\",\"potentialAction\":[{\"@type\":\"ReadAction\",\"target\":[\"https:\\\/\\\/interamerica.org\\\/fr\\\/2026\\\/08\\\/au-zimbabwe-un-camp-meeting-se-transforme-en-intervention-durgence-apres-la-tragedie-du-ferry-de-kariba\\\/\"]}]},{\"@type\":\"ImageObject\",\"inLanguage\":\"fr-FR\",\"@id\":\"https:\\\/\\\/interamerica.org\\\/fr\\\/2026\\\/08\\\/au-zimbabwe-un-camp-meeting-se-transforme-en-intervention-durgence-apres-la-tragedie-du-ferry-de-kariba\\\/#primaryimage\",\"url\":\"https:\\\/\\\/interamerica.org\\\/wp-content\\\/uploads\\\/2026\\\/08\\\/zimbabwe-camp-meetingc2x1787243155457.avif\",\"contentUrl\":\"https:\\\/\\\/interamerica.org\\\/wp-content\\\/uploads\\\/2026\\\/08\\\/zimbabwe-camp-meetingc2x1787243155457.avif\",\"width\":1280,\"height\":856,\"caption\":\"Des membres adventistes du septi\u00e8me jour au lac Kariba offrent leur aide aux familles pr\u00e9sentes sur le ferry chavir\u00e9. [Une photo de la Division du sud de l\u2019Afrique et de l\u2019oc\u00e9an Indien]\"},{\"@type\":\"BreadcrumbList\",\"@id\":\"https:\\\/\\\/interamerica.org\\\/fr\\\/2026\\\/08\\\/au-zimbabwe-un-camp-meeting-se-transforme-en-intervention-durgence-apres-la-tragedie-du-ferry-de-kariba\\\/#breadcrumb\",\"itemListElement\":[{\"@type\":\"ListItem\",\"position\":1,\"name\":\"Home\",\"item\":\"https:\\\/\\\/interamerica.org\\\/fr\\\/\"},{\"@type\":\"ListItem\",\"position\":2,\"name\":\"Au Zimbabwe, un camp-meeting se transforme en intervention d\u2019urgence apr\u00e8s la trag\u00e9die du ferry de Kariba\"}]},{\"@type\":\"WebSite\",\"@id\":\"https:\\\/\\\/interamerica.org\\\/fr\\\/#website\",\"url\":\"https:\\\/\\\/interamerica.org\\\/fr\\\/\",\"name\":\"\u00c9glise Adventiste Du Septieme Jour - Inter Am\u00e9rique Division\",\"description\":\"\",\"potentialAction\":[{\"@type\":\"SearchAction\",\"target\":{\"@type\":\"EntryPoint\",\"urlTemplate\":\"https:\\\/\\\/interamerica.org\\\/fr\\\/?s={search_term_string}\"},\"query-input\":{\"@type\":\"PropertyValueSpecification\",\"valueRequired\":true,\"valueName\":\"search_term_string\"}}],\"inLanguage\":\"fr-FR\"},{\"@type\":\"Person\",\"@id\":\"https:\\\/\\\/interamerica.org\\\/fr\\\/#\\\/schema\\\/person\\\/29998f2bc2d8bd0d38662909289b54f1\",\"name\":\"libna\",\"image\":{\"@type\":\"ImageObject\",\"inLanguage\":\"fr-FR\",\"@id\":\"https:\\\/\\\/secure.gravatar.com\\\/avatar\\\/7c5bd30ae4b47a9ba3c856590957fd1d96dc588bf3ac05719d247e126840331f?s=96&d=mm&r=g\",\"url\":\"https:\\\/\\\/secure.gravatar.com\\\/avatar\\\/7c5bd30ae4b47a9ba3c856590957fd1d96dc588bf3ac05719d247e126840331f?s=96&d=mm&r=g\",\"contentUrl\":\"https:\\\/\\\/secure.gravatar.com\\\/avatar\\\/7c5bd30ae4b47a9ba3c856590957fd1d96dc588bf3ac05719d247e126840331f?s=96&d=mm&r=g\",\"caption\":\"libna\"}}]}<\/script>\n<!-- \/ Yoast SEO plugin. -->","yoast_head_json":{"title":"Au Zimbabwe, un camp-meeting se transforme en intervention d\u2019urgence apr\u00e8s la trag\u00e9die du ferry de Kariba - \u00c9glise Adventiste Du Septieme Jour - Inter Am\u00e9rique Division","robots":{"index":"index","follow":"follow","max-snippet":"max-snippet:-1","max-image-preview":"max-image-preview:large","max-video-preview":"max-video-preview:-1"},"canonical":"https:\/\/interamerica.org\/fr\/2026\/08\/au-zimbabwe-un-camp-meeting-se-transforme-en-intervention-durgence-apres-la-tragedie-du-ferry-de-kariba\/","og_locale":"fr_FR","og_type":"article","og_title":"Au Zimbabwe, un camp-meeting se transforme en intervention d\u2019urgence apr\u00e8s la trag\u00e9die du ferry de Kariba - \u00c9glise Adventiste Du Septieme Jour - Inter Am\u00e9rique Division","og_description":"Le 11 ao\u00fbt 2026, un ferry a chavir\u00e9 sur le lac Kariba. Le 23 ao\u00fbt 2026 | Kariba, Mashonaland West, Zimbabwe | Malvern Makichi, SIDMedia Des adventistes du septi\u00e8me jour...","og_url":"https:\/\/interamerica.org\/fr\/2026\/08\/au-zimbabwe-un-camp-meeting-se-transforme-en-intervention-durgence-apres-la-tragedie-du-ferry-de-kariba\/","og_site_name":"\u00c9glise Adventiste Du Septieme Jour - Inter Am\u00e9rique Division","article_published_time":"2026-08-24T01:03:10+00:00","article_modified_time":"2026-08-27T23:17:36+00:00","author":"libna","twitter_card":"summary_large_image","twitter_misc":{"\u00c9crit par":"libna","Dur\u00e9e de lecture estim\u00e9e":"5 minutes"},"schema":{"@context":"https:\/\/schema.org","@graph":[{"@type":"Article","@id":"https:\/\/interamerica.org\/fr\/2026\/08\/au-zimbabwe-un-camp-meeting-se-transforme-en-intervention-durgence-apres-la-tragedie-du-ferry-de-kariba\/#article","isPartOf":{"@id":"https:\/\/interamerica.org\/fr\/2026\/08\/au-zimbabwe-un-camp-meeting-se-transforme-en-intervention-durgence-apres-la-tragedie-du-ferry-de-kariba\/"},"author":{"name":"libna","@id":"https:\/\/interamerica.org\/fr\/#\/schema\/person\/29998f2bc2d8bd0d38662909289b54f1"},"headline":"Au Zimbabwe, un camp-meeting se transforme en intervention d\u2019urgence apr\u00e8s la trag\u00e9die du ferry de Kariba","datePublished":"2026-08-24T01:03:10+00:00","dateModified":"2026-08-27T23:17:36+00:00","mainEntityOfPage":{"@id":"https:\/\/interamerica.org\/fr\/2026\/08\/au-zimbabwe-un-camp-meeting-se-transforme-en-intervention-durgence-apres-la-tragedie-du-ferry-de-kariba\/"},"wordCount":861,"image":{"@id":"https:\/\/interamerica.org\/fr\/2026\/08\/au-zimbabwe-un-camp-meeting-se-transforme-en-intervention-durgence-apres-la-tragedie-du-ferry-de-kariba\/#primaryimage"},"thumbnailUrl":"https:\/\/interamerica.org\/wp-content\/uploads\/2026\/08\/zimbabwe-camp-meetingc2x1787243155457.avif","articleSection":["Nouvelles de l'\u00c9glise mondiale","RSS Fran\u00e7ais"],"inLanguage":"fr-FR"},{"@type":"WebPage","@id":"https:\/\/interamerica.org\/fr\/2026\/08\/au-zimbabwe-un-camp-meeting-se-transforme-en-intervention-durgence-apres-la-tragedie-du-ferry-de-kariba\/","url":"https:\/\/interamerica.org\/fr\/2026\/08\/au-zimbabwe-un-camp-meeting-se-transforme-en-intervention-durgence-apres-la-tragedie-du-ferry-de-kariba\/","name":"Au Zimbabwe, un camp-meeting se transforme en intervention d\u2019urgence apr\u00e8s la trag\u00e9die du ferry de Kariba - \u00c9glise Adventiste Du Septieme Jour - Inter Am\u00e9rique Division","isPartOf":{"@id":"https:\/\/interamerica.org\/fr\/#website"},"primaryImageOfPage":{"@id":"https:\/\/interamerica.org\/fr\/2026\/08\/au-zimbabwe-un-camp-meeting-se-transforme-en-intervention-durgence-apres-la-tragedie-du-ferry-de-kariba\/#primaryimage"},"image":{"@id":"https:\/\/interamerica.org\/fr\/2026\/08\/au-zimbabwe-un-camp-meeting-se-transforme-en-intervention-durgence-apres-la-tragedie-du-ferry-de-kariba\/#primaryimage"},"thumbnailUrl":"https:\/\/interamerica.org\/wp-content\/uploads\/2026\/08\/zimbabwe-camp-meetingc2x1787243155457.avif","datePublished":"2026-08-24T01:03:10+00:00","dateModified":"2026-08-27T23:17:36+00:00","author":{"@id":"https:\/\/interamerica.org\/fr\/#\/schema\/person\/29998f2bc2d8bd0d38662909289b54f1"},"breadcrumb":{"@id":"https:\/\/interamerica.org\/fr\/2026\/08\/au-zimbabwe-un-camp-meeting-se-transforme-en-intervention-durgence-apres-la-tragedie-du-ferry-de-kariba\/#breadcrumb"},"inLanguage":"fr-FR","potentialAction":[{"@type":"ReadAction","target":["https:\/\/interamerica.org\/fr\/2026\/08\/au-zimbabwe-un-camp-meeting-se-transforme-en-intervention-durgence-apres-la-tragedie-du-ferry-de-kariba\/"]}]},{"@type":"ImageObject","inLanguage":"fr-FR","@id":"https:\/\/interamerica.org\/fr\/2026\/08\/au-zimbabwe-un-camp-meeting-se-transforme-en-intervention-durgence-apres-la-tragedie-du-ferry-de-kariba\/#primaryimage","url":"https:\/\/interamerica.org\/wp-content\/uploads\/2026\/08\/zimbabwe-camp-meetingc2x1787243155457.avif","contentUrl":"https:\/\/interamerica.org\/wp-content\/uploads\/2026\/08\/zimbabwe-camp-meetingc2x1787243155457.avif","width":1280,"height":856,"caption":"Des membres adventistes du septi\u00e8me jour au lac Kariba offrent leur aide aux familles pr\u00e9sentes sur le ferry chavir\u00e9. [Une photo de la Division du sud de l\u2019Afrique et de l\u2019oc\u00e9an Indien]"},{"@type":"BreadcrumbList","@id":"https:\/\/interamerica.org\/fr\/2026\/08\/au-zimbabwe-un-camp-meeting-se-transforme-en-intervention-durgence-apres-la-tragedie-du-ferry-de-kariba\/#breadcrumb","itemListElement":[{"@type":"ListItem","position":1,"name":"Home","item":"https:\/\/interamerica.org\/fr\/"},{"@type":"ListItem","position":2,"name":"Au Zimbabwe, un camp-meeting se transforme en intervention d\u2019urgence apr\u00e8s la trag\u00e9die du ferry de Kariba"}]},{"@type":"WebSite","@id":"https:\/\/interamerica.org\/fr\/#website","url":"https:\/\/interamerica.org\/fr\/","name":"\u00c9glise Adventiste Du Septieme Jour - Inter Am\u00e9rique Division","description":"","potentialAction":[{"@type":"SearchAction","target":{"@type":"EntryPoint","urlTemplate":"https:\/\/interamerica.org\/fr\/?s={search_term_string}"},"query-input":{"@type":"PropertyValueSpecification","valueRequired":true,"valueName":"search_term_string"}}],"inLanguage":"fr-FR"},{"@type":"Person","@id":"https:\/\/interamerica.org\/fr\/#\/schema\/person\/29998f2bc2d8bd0d38662909289b54f1","name":"libna","image":{"@type":"ImageObject","inLanguage":"fr-FR","@id":"https:\/\/secure.gravatar.com\/avatar\/7c5bd30ae4b47a9ba3c856590957fd1d96dc588bf3ac05719d247e126840331f?s=96&d=mm&r=g","url":"https:\/\/secure.gravatar.com\/avatar\/7c5bd30ae4b47a9ba3c856590957fd1d96dc588bf3ac05719d247e126840331f?s=96&d=mm&r=g","contentUrl":"https:\/\/secure.gravatar.com\/avatar\/7c5bd30ae4b47a9ba3c856590957fd1d96dc588bf3ac05719d247e126840331f?s=96&d=mm&r=g","caption":"libna"}}]}},"_links":{"self":[{"href":"https:\/\/interamerica.org\/fr\/wp-json\/wp\/v2\/posts\/147973","targetHints":{"allow":["GET"]}}],"collection":[{"href":"https:\/\/interamerica.org\/fr\/wp-json\/wp\/v2\/posts"}],"about":[{"href":"https:\/\/interamerica.org\/fr\/wp-json\/wp\/v2\/types\/post"}],"author":[{"embeddable":true,"href":"https:\/\/interamerica.org\/fr\/wp-json\/wp\/v2\/users\/3"}],"replies":[{"embeddable":true,"href":"https:\/\/interamerica.org\/fr\/wp-json\/wp\/v2\/comments?post=147973"}],"version-history":[{"count":3,"href":"https:\/\/interamerica.org\/fr\/wp-json\/wp\/v2\/posts\/147973\/revisions"}],"predecessor-version":[{"id":148017,"href":"https:\/\/interamerica.org\/fr\/wp-json\/wp\/v2\/posts\/147973\/revisions\/148017"}],"wp:featuredmedia":[{"embeddable":true,"href":"https:\/\/interamerica.org\/fr\/wp-json\/wp\/v2\/media\/147974"}],"wp:attachment":[{"href":"https:\/\/interamerica.org\/fr\/wp-json\/wp\/v2\/media?parent=147973"}],"wp:term":[{"taxonomy":"category","embeddable":true,"href":"https:\/\/interamerica.org\/fr\/wp-json\/wp\/v2\/categories?post=147973"},{"taxonomy":"post_tag","embeddable":true,"href":"https:\/\/interamerica.org\/fr\/wp-json\/wp\/v2\/tags?post=147973"}],"curies":[{"name":"wp","href":"https:\/\/api.w.org\/{rel}","templated":true}]}}