{"id":147976,"date":"2026-08-30T18:11:50","date_gmt":"2026-08-30T22:11:50","guid":{"rendered":"https:\/\/interamerica.org\/?p=147976"},"modified":"2026-08-30T18:40:59","modified_gmt":"2026-08-30T22:40:59","slug":"au-venezuela-un-psychologue-adventiste-aide-les-survivants-du-seisme-a-survivre-a-leur-perte","status":"publish","type":"post","link":"https:\/\/interamerica.org\/fr\/2026\/08\/au-venezuela-un-psychologue-adventiste-aide-les-survivants-du-seisme-a-survivre-a-leur-perte\/","title":{"rendered":"Au Venezuela, un psychologue adventiste aide les survivants du s\u00e9isme \u00e0 survivre \u00e0 leur perte"},"content":{"rendered":"<p><i><span style=\"font-weight: 400;\">Un professeur de l\u2019Universit\u00e9 de Montemorelos offre des premiers soins psychologiques aux familles en deuil et aux r\u00e9pondants d\u2019urgence dans la r\u00e9gion durement secou\u00e9e de La Guaira.<\/span><\/i><\/p>\n<p><span style=\"font-weight: 400;\">Le 30 ao\u00fbt 2026 | Montemorelos, Nuevo Le\u00f3n, Mexique | Laura Marrero et Libna Stevens, Actualit\u00e9s de la Division interam\u00e9ricaine<\/span><\/p>\n<p><span style=\"font-weight: 400;\">\u00ab\u00a0Ah, cher Mexicain, le Mexique a perdu!\u00a0\u00bb a dit un survivant \u00e0 Mois\u00e9s Manzano alors qu\u2019ils regardaient ensemble un match de la Coupe du monde.\u00a0<\/span><\/p>\n<p><span style=\"font-weight: 400;\">L\u2019homme venait de subi une terrible perte dans le s\u00e9isme qui a secou\u00e9 le Venezuela le 24 juin dernier. Plut\u00f4t que de rediriger la conversation vers la trag\u00e9die, le psychologue form\u00e9 en premiers soins psychologiques, a simplement discut\u00e9 de football avec lui.<\/span><\/p>\n<p><div id=\"attachment_147892\" style=\"width: 927px\" class=\"wp-caption aligncenter\"><img fetchpriority=\"high\" decoding=\"async\" aria-describedby=\"caption-attachment-147892\" class=\" wp-image-147892\" src=\"https:\/\/interamerica.org\/wp-content\/uploads\/2026\/08\/um-img-05xi1xgeop4ckfmq-1024x576.jpg\" alt=\"\" width=\"917\" height=\"516\" srcset=\"https:\/\/interamerica.org\/wp-content\/uploads\/2026\/08\/um-img-05xi1xgeop4ckfmq-1024x576.jpg 1024w, https:\/\/interamerica.org\/wp-content\/uploads\/2026\/08\/um-img-05xi1xgeop4ckfmq-300x169.jpg 300w, https:\/\/interamerica.org\/wp-content\/uploads\/2026\/08\/um-img-05xi1xgeop4ckfmq-768x432.jpg 768w, https:\/\/interamerica.org\/wp-content\/uploads\/2026\/08\/um-img-05xi1xgeop4ckfmq-1536x864.jpg 1536w, https:\/\/interamerica.org\/wp-content\/uploads\/2026\/08\/um-img-05xi1xgeop4ckfmq.jpg 1920w\" sizes=\"(max-width: 917px) 100vw, 917px\" \/><p id=\"caption-attachment-147892\" class=\"wp-caption-text\">Mois\u00e9s Manzano, professeur \u00e0 l\u2019Universit\u00e9 de Montemorelos et b\u00e9n\u00e9vole pour CADENA, accompagne des survivants du s\u00e9isme \u00e0 La Guaira, au Venezuela, lors de sa premi\u00e8re mission humanitaire internationale. [Une photo offerte par CADENA]<\/p><\/div><span style=\"font-weight: 400;\">Pendant quelques minutes, le survivant a v\u00e9cu quelque chose d\u2019ordinaire durant son bouleversement. Plus tard, il a remerci\u00e9 M. Manzano pour le bon moment.\u00a0<\/span><\/p>\n<p><span style=\"font-weight: 400;\">Pour lui, qui est professeur \u00e0 l\u2019Universit\u00e9 de Montemorelos, au Mexique, la rencontre a illustr\u00e9 une partie importante du soutien psychologique apr\u00e8s la catastrophe\u00a0: parfois, aider commence par l\u2019\u00e9coute, la pr\u00e9sence et le simple fait de laisser la personne vivre un moment de normalit\u00e9.<\/span><\/p>\n<p><span style=\"font-weight: 400;\">Ce moment fut l\u2019un parmi tant d\u2019autres durant son travail dans la r\u00e9gion durement secou\u00e9e de La Guaira, o\u00f9 il a offert des premiers soins psychologiques du 30 juin au 8 juillet dans le cadre de sa premi\u00e8re mission internationale avec CADENA, un organisme humanitaire d\u2019intervention d\u2019urgence. En effet, le 24 juin dernier, deux puissants tremblements de terre ont secou\u00e9 la r\u00e9gion \u00e0 moins d\u2019une minute d\u2019intervalle.<\/span><\/p>\n<p><b>Besoin d\u2019\u00e9valuations sur le terrain<\/b><\/p>\n<p><span style=\"font-weight: 400;\">Au cours des premiers jours de l\u2019intervention, M. Manzano et l\u2019\u00e9quipe de CADENA ont visit\u00e9 des refuges traditionnels et improvis\u00e9s, ont travers\u00e9 les communaut\u00e9s affect\u00e9es et rencontr\u00e9 des organismes humanitaires afin de d\u00e9terminer les endroits o\u00f9 le besoin d\u2019aide \u00e9tait le plus criant.<\/span><\/p>\n<p><span style=\"font-weight: 400;\">En effet, il s\u2019est concentr\u00e9 sur l\u2019identification des besoins \u00e9motionnels et a offert des premiers soins psychologiques aux survivants et \u00e0 leur famille ainsi qu\u2019aux sauveteurs, aux param\u00e9dicaux, aux b\u00e9n\u00e9voles ainsi qu\u2019au reste du personnel d\u2019urgence.<\/span><\/p>\n<p><span style=\"font-weight: 400;\">\u00ab\u00a0La sant\u00e9 mentale est une composante fondamentale dans de telles situations\u00a0\u00bb, a-t-il soulign\u00e9.<\/span><\/p>\n<p><span style=\"font-weight: 400;\">Il lui a \u00e9t\u00e9 particuli\u00e8rement difficile d\u2019accompagner des gens \u00e0 la morgue pour identifier des proches et des familles demeur\u00e9es pr\u00e8s d\u2019un b\u00e2timent effondr\u00e9 en attente de nouvelles ou de r\u00e9cup\u00e9ration des corps pour commencer leur processus de deuil. <\/span><\/p>\n<p><div id=\"attachment_147893\" style=\"width: 926px\" class=\"wp-caption aligncenter\"><img decoding=\"async\" aria-describedby=\"caption-attachment-147893\" class=\" wp-image-147893\" src=\"https:\/\/interamerica.org\/wp-content\/uploads\/2026\/08\/um-img-tpsz7wnou8uqriog-1024x576.jpg\" alt=\"\" width=\"916\" height=\"515\" srcset=\"https:\/\/interamerica.org\/wp-content\/uploads\/2026\/08\/um-img-tpsz7wnou8uqriog-1024x576.jpg 1024w, https:\/\/interamerica.org\/wp-content\/uploads\/2026\/08\/um-img-tpsz7wnou8uqriog-300x169.jpg 300w, https:\/\/interamerica.org\/wp-content\/uploads\/2026\/08\/um-img-tpsz7wnou8uqriog-768x432.jpg 768w, https:\/\/interamerica.org\/wp-content\/uploads\/2026\/08\/um-img-tpsz7wnou8uqriog-1536x864.jpg 1536w, https:\/\/interamerica.org\/wp-content\/uploads\/2026\/08\/um-img-tpsz7wnou8uqriog.jpg 1920w\" sizes=\"(max-width: 916px) 100vw, 916px\" \/><p id=\"caption-attachment-147893\" class=\"wp-caption-text\"><span style=\"font-weight: 400;\">Mois\u00e9s Manzano (au bout \u00e0 droite), membre de l\u2019\u00e9quipe d\u2019intervention humanitaire de CADENA, offre des premiers soins psychologique aux survivants du s\u00e9isme \u00e0 La Guaira, au Venezuela. [Une photo offerte par CADENA]<\/span><\/p><\/div><span style=\"font-weight: 400;\">\u00ab\u00a0Notre travail consiste \u00e0 rester aupr\u00e8s d\u2019eux, \u00e0 les \u00e9couter et \u00e0 les accompagner dans l\u2019incertitude\u00a0\u00bb, a-t-il dit.<\/span><\/p>\n<p><b>\u00c9couter avant de demander<\/b><\/p>\n<p><span style=\"font-weight: 400;\">Les premiers soins psychologiques n\u00e9cessitent une \u00e9coute attentive sans revictimiser les survivants, a-t-il expliqu\u00e9. Tout en r\u00e9pondant aussi \u00e0 leurs besoins imm\u00e9diats, les r\u00e9pondants ont laiss\u00e9 les survivants choisir quand parler et la quantit\u00e9 d\u2019informations \u00e0 partager.<\/span><\/p>\n<p><span style=\"font-weight: 400;\">Certains survivants avaient pass\u00e9 plusieurs jours sans pouvoir se laver, faisant des petites trousses d\u2019hygi\u00e8ne une forme d\u2019aide importante.<\/span><\/p>\n<p><span style=\"font-weight: 400;\">\u00ab\u00a0Les premiers soins psychologiques commencent par l\u2019\u00e9coute active, a dit M. Manzano. Nous respectons le rythme de chaque personne et attendons qu\u2019ils d\u00e9cident de parler de leur exp\u00e9rience.\u00a0\u00bb<\/span><\/p>\n<p><span style=\"font-weight: 400;\">L\u2019\u00e9quipe a aussi offert du soutien psychologique, particuli\u00e8rement aux enfants. CADENA con\u00e7oit du mat\u00e9riel pour am\u00e9liorer la r\u00e9silience des enfants affect\u00e9s par les catastrophes, reconnaissant que le r\u00e9tablissement \u00e9motionnel peut se poursuivre bien apr\u00e8s la fin des op\u00e9rations de secours.<\/span><\/p>\n<p><span style=\"font-weight: 400;\">Les familles en attente pr\u00e8s des b\u00e2timents effondr\u00e9s avaient aussi des d\u00e9cisions difficiles \u00e0 prendre. M. Manzano a rencontr\u00e9 des familles en d\u00e9saccord sur l\u2019utilisation ou non de machinerie lourde pour acc\u00e9l\u00e9rer les efforts de recherche, comparant la possibilit\u00e9 de trouver des survivants aux risques encourus.<\/span><\/p>\n<p><span style=\"font-weight: 400;\">Pour lui, ces situations soulignent l\u2019importance d\u2019offrir du soutien aux familles faisant face \u00e0 une incertitude extraordinaire.<\/span><\/p>\n<p><div id=\"attachment_147894\" style=\"width: 910px\" class=\"wp-caption aligncenter\"><img decoding=\"async\" aria-describedby=\"caption-attachment-147894\" class=\" wp-image-147894\" src=\"https:\/\/interamerica.org\/wp-content\/uploads\/2026\/08\/umimg-uh2gfoqsbs3punai-1024x576.jpg\" alt=\"\" width=\"900\" height=\"506\" srcset=\"https:\/\/interamerica.org\/wp-content\/uploads\/2026\/08\/umimg-uh2gfoqsbs3punai-1024x576.jpg 1024w, https:\/\/interamerica.org\/wp-content\/uploads\/2026\/08\/umimg-uh2gfoqsbs3punai-300x169.jpg 300w, https:\/\/interamerica.org\/wp-content\/uploads\/2026\/08\/umimg-uh2gfoqsbs3punai-768x432.jpg 768w, https:\/\/interamerica.org\/wp-content\/uploads\/2026\/08\/umimg-uh2gfoqsbs3punai-1536x864.jpg 1536w, https:\/\/interamerica.org\/wp-content\/uploads\/2026\/08\/umimg-uh2gfoqsbs3punai.jpg 1920w\" sizes=\"(max-width: 900px) 100vw, 900px\" \/><p id=\"caption-attachment-147894\" class=\"wp-caption-text\"><span style=\"font-weight: 400;\">Mois\u00e9s Manzano accompagne une famille affect\u00e9e par le tremblement de terre \u00e0 La Guaira, au Venezuela. [Une photo offerte par CADENA]<\/span><\/p><\/div><b>L\u2019exp\u00e9rience par le service<\/b><\/p>\n<p>M. Manzano a commenc\u00e9 \u00e0 travailler avec CADENA en 2021 lors d\u2019une intervention d\u2019urgence \u00e0 Puebla, au Mexique. Apr\u00e8s ce d\u00e9ploiement, il a \u00e9t\u00e9 invit\u00e9 \u00e0 se joindre \u00e0 l\u2019\u00e9quipe de psychologues de l\u2019organisme et a, depuis, re\u00e7u une formation continue en premiers soins psychologiques et en intervention d\u2019urgence.<\/p>\n<p><span style=\"font-weight: 400;\">Il a notamment particip\u00e9, au Mexique, \u00e0 des interventions \u00e0 la suite de l\u2019ouragan Otis ayant caus\u00e9 des inondations \u00e0 Puebla, puis apr\u00e8s la catastrophe mini\u00e8re de Coahuila.<\/span><\/p>\n<p><span style=\"font-weight: 400;\">Le d\u00e9ploiement au Venezuela a renforc\u00e9 sa conviction que les soins \u00e9motionnels forment une partie essentielle de l\u2019intervention en situation de catastrophe.<\/span><\/p>\n<p><b>La foi dans la crise<\/b><\/p>\n<p>M. Manzano a dit que sa foi chr\u00e9tienne a fa\u00e7onn\u00e9 sa fa\u00e7on d\u2019approcher les gens qui vivent une grande perte.<\/p>\n<p><span style=\"font-weight: 400;\">\u00ab\u00a0Ma foi donne un sens \u00e0 chacune de mes actions, a-t-il dit. Elle me rappelle que chaque personne est pr\u00e9cieuse et qu\u2019elle m\u00e9rite d\u2019\u00eatre trait\u00e9e avec dignit\u00e9, respect et compassion.\u00a0\u00bb<\/span><\/p>\n<p><span style=\"font-weight: 400;\">Pendant qu\u2019il \u00e9tait au Venezuela, son fr\u00e8re lui a parl\u00e9 de l\u2019histoire biblique de Job et de r\u00e9silience. Il a aussi remarqu\u00e9 que les survivants exprimaient leur foi dans la perte.\u00a0<\/span><\/p>\n<p><span style=\"font-weight: 400;\">\u00ab\u00a0Bien des gens remerciaient Dieu pour une nouvelle occasion de vivre, a-t-il dit. Leur capacit\u00e9 \u00e0 trouver de l\u2019espoir dans l\u2019adversit\u00e9 a aussi fortifi\u00e9 ma confiance en Dieu.\u00a0\u00bb<\/span><\/p>\n<p><div id=\"attachment_147895\" style=\"width: 881px\" class=\"wp-caption aligncenter\"><img loading=\"lazy\" decoding=\"async\" aria-describedby=\"caption-attachment-147895\" class=\" wp-image-147895\" src=\"https:\/\/interamerica.org\/wp-content\/uploads\/2026\/08\/um-img-9fpgsj5nxy8cei1j-1024x576.jpg\" alt=\"\" width=\"871\" height=\"490\" srcset=\"https:\/\/interamerica.org\/wp-content\/uploads\/2026\/08\/um-img-9fpgsj5nxy8cei1j-1024x576.jpg 1024w, https:\/\/interamerica.org\/wp-content\/uploads\/2026\/08\/um-img-9fpgsj5nxy8cei1j-300x169.jpg 300w, https:\/\/interamerica.org\/wp-content\/uploads\/2026\/08\/um-img-9fpgsj5nxy8cei1j-768x432.jpg 768w, https:\/\/interamerica.org\/wp-content\/uploads\/2026\/08\/um-img-9fpgsj5nxy8cei1j-1536x864.jpg 1536w, https:\/\/interamerica.org\/wp-content\/uploads\/2026\/08\/um-img-9fpgsj5nxy8cei1j.jpg 1920w\" sizes=\"(max-width: 871px) 100vw, 871px\" \/><p id=\"caption-attachment-147895\" class=\"wp-caption-text\"><span style=\"font-weight: 400;\">Durant sa mission au Venezuela, l\u2019\u00e9quipe de CADENA a visit\u00e9 des refuges et des communaut\u00e9s affect\u00e9es par le s\u00e9isme pour \u00e9valuer les besoins et offrir de l\u2019aide aux survivants. [Une photo offerte par CADENA]<\/span><\/p><\/div><span style=\"font-weight: 400;\">L\u2019exp\u00e9rience a aussi approfondi sa compr\u00e9hension du service.<\/span><\/p>\n<p><span style=\"font-weight: 400;\">\u00ab\u00a0J\u2019ai compris que le service, c\u2019\u00e9tait aussi \u00eatre disponible et marcher avec quelqu\u2019un qui passe par des moments difficiles\u00a0\u00bb, a-t-il dit.<\/span><\/p>\n<p><b>Du terrain \u00e0 la salle de classe<\/b><\/p>\n<p><span style=\"font-weight: 400;\">Depuis, M. Manzano est retourn\u00e9 \u00e0 l\u2019Universit\u00e9 de Montemorelos, o\u00f9 il donne des cours li\u00e9s \u00e0 l\u2019intervention en situation de crise et o\u00f9 il peut enseigner des le\u00e7ons tir\u00e9es du terrain.<\/span><\/p>\n<p><span style=\"font-weight: 400;\">\u00ab\u00a0Chaque intervention solidifie mon travail en classe, a-t-il expliqu\u00e9. Quand je donne des cours li\u00e9s \u00e0 l\u2019intervention en situation de crise, je peux partager des outils que j\u2019ai d\u00e9couverts sur le terrain.<\/span><\/p>\n<p><span style=\"font-weight: 400;\">Et malgr\u00e9 les sc\u00e8nes difficiles dont il a \u00e9t\u00e9 t\u00e9moin, la gratitude exprim\u00e9e par les survivants demeure parmi ses plus beaux souvenirs. Dans les refuges, \u00e0 l\u2019a\u00e9roport et au moment o\u00f9 l\u2019\u00e9quipe humanitaire se pr\u00e9parait \u00e0 quitter le Venezuela, les gens remerciaient les r\u00e9pondants d\u2019\u00eatre venus les aider.<\/span><\/p>\n<p><span style=\"font-weight: 400;\">\u00c0 son avis, leurs paroles ont exprim\u00e9 l\u2019importance d\u2019\u00eatre simplement pr\u00e9sents\u00a0: \u00ab\u00a0Merci. Merci d\u2019\u00eatre venus jusqu\u2019ici pour nous aider.\u00a0\u00bb<\/span><\/p>\n<p>Traduction : Marie-Mich\u00e8le Robitaille<\/p>\n","protected":false},"excerpt":{"rendered":"<p>Un professeur de l\u2019Universit\u00e9 de Montemorelos offre des premiers soins psychologiques aux familles en deuil et aux r\u00e9pondants d\u2019urgence dans la r\u00e9gion durement secou\u00e9e de La Guaira. Le 30 ao\u00fbt&#8230;<\/p>\n","protected":false},"author":3,"featured_media":147977,"comment_status":"closed","ping_status":"closed","sticky":false,"template":"","format":"standard","meta":{"_acf_changed":false,"footnotes":""},"categories":[20,19],"tags":[],"class_list":["post-147976","post","type-post","status-publish","format-standard","has-post-thumbnail","hentry","category-nouvelles-du-siege-de-la-division","category-rss-francais"],"acf":[],"yoast_head":"<!-- This site is optimized with the Yoast SEO plugin v28.1 - https:\/\/yoast.com\/product\/yoast-seo-wordpress\/ -->\n<title>Au Venezuela, un psychologue adventiste aide les survivants du s\u00e9isme \u00e0 survivre \u00e0 leur perte - \u00c9glise Adventiste Du Septieme Jour - Inter Am\u00e9rique Division<\/title>\n<meta name=\"robots\" content=\"index, follow, max-snippet:-1, max-image-preview:large, max-video-preview:-1\" \/>\n<link rel=\"canonical\" href=\"https:\/\/interamerica.org\/fr\/2026\/08\/au-venezuela-un-psychologue-adventiste-aide-les-survivants-du-seisme-a-survivre-a-leur-perte\/\" \/>\n<meta property=\"og:locale\" content=\"fr_FR\" \/>\n<meta property=\"og:type\" content=\"article\" \/>\n<meta property=\"og:title\" content=\"Au Venezuela, un psychologue adventiste aide les survivants du s\u00e9isme \u00e0 survivre \u00e0 leur perte - \u00c9glise Adventiste Du Septieme Jour - Inter Am\u00e9rique Division\" \/>\n<meta property=\"og:description\" content=\"Un professeur de l\u2019Universit\u00e9 de Montemorelos offre des premiers soins psychologiques aux familles en deuil et aux r\u00e9pondants d\u2019urgence dans la r\u00e9gion durement secou\u00e9e de La Guaira. Le 30 ao\u00fbt...\" \/>\n<meta property=\"og:url\" content=\"https:\/\/interamerica.org\/fr\/2026\/08\/au-venezuela-un-psychologue-adventiste-aide-les-survivants-du-seisme-a-survivre-a-leur-perte\/\" \/>\n<meta property=\"og:site_name\" content=\"\u00c9glise Adventiste Du Septieme Jour - Inter Am\u00e9rique Division\" \/>\n<meta property=\"article:published_time\" content=\"2026-08-30T22:11:50+00:00\" \/>\n<meta property=\"article:modified_time\" content=\"2026-08-30T22:40:59+00:00\" \/>\n<meta property=\"og:image\" content=\"https:\/\/interamerica.org\/wp-content\/uploads\/2026\/08\/um-img-05xi1xgeop4ckfmq.jpg\" \/>\n\t<meta property=\"og:image:width\" content=\"1920\" \/>\n\t<meta property=\"og:image:height\" content=\"1080\" \/>\n\t<meta property=\"og:image:type\" content=\"image\/jpeg\" \/>\n<meta name=\"author\" content=\"libna\" \/>\n<meta name=\"twitter:card\" content=\"summary_large_image\" \/>\n<meta name=\"twitter:label1\" content=\"\u00c9crit par\" \/>\n\t<meta name=\"twitter:data1\" content=\"libna\" \/>\n\t<meta name=\"twitter:label2\" content=\"Dur\u00e9e de lecture estim\u00e9e\" \/>\n\t<meta name=\"twitter:data2\" content=\"6 minutes\" \/>\n<script type=\"application\/ld+json\" class=\"yoast-schema-graph\">{\"@context\":\"https:\\\/\\\/schema.org\",\"@graph\":[{\"@type\":\"Article\",\"@id\":\"https:\\\/\\\/interamerica.org\\\/fr\\\/2026\\\/08\\\/au-venezuela-un-psychologue-adventiste-aide-les-survivants-du-seisme-a-survivre-a-leur-perte\\\/#article\",\"isPartOf\":{\"@id\":\"https:\\\/\\\/interamerica.org\\\/fr\\\/2026\\\/08\\\/au-venezuela-un-psychologue-adventiste-aide-les-survivants-du-seisme-a-survivre-a-leur-perte\\\/\"},\"author\":{\"name\":\"libna\",\"@id\":\"https:\\\/\\\/interamerica.org\\\/fr\\\/#\\\/schema\\\/person\\\/29998f2bc2d8bd0d38662909289b54f1\"},\"headline\":\"Au Venezuela, un psychologue adventiste aide les survivants du s\u00e9isme \u00e0 survivre \u00e0 leur perte\",\"datePublished\":\"2026-08-30T22:11:50+00:00\",\"dateModified\":\"2026-08-30T22:40:59+00:00\",\"mainEntityOfPage\":{\"@id\":\"https:\\\/\\\/interamerica.org\\\/fr\\\/2026\\\/08\\\/au-venezuela-un-psychologue-adventiste-aide-les-survivants-du-seisme-a-survivre-a-leur-perte\\\/\"},\"wordCount\":1267,\"image\":{\"@id\":\"https:\\\/\\\/interamerica.org\\\/fr\\\/2026\\\/08\\\/au-venezuela-un-psychologue-adventiste-aide-les-survivants-du-seisme-a-survivre-a-leur-perte\\\/#primaryimage\"},\"thumbnailUrl\":\"https:\\\/\\\/interamerica.org\\\/wp-content\\\/uploads\\\/2026\\\/08\\\/um-img-05xi1xgeop4ckfmq.jpg\",\"articleSection\":[\"Nouvelles du si\u00e8ge de la division\",\"RSS Fran\u00e7ais\"],\"inLanguage\":\"fr-FR\"},{\"@type\":\"WebPage\",\"@id\":\"https:\\\/\\\/interamerica.org\\\/fr\\\/2026\\\/08\\\/au-venezuela-un-psychologue-adventiste-aide-les-survivants-du-seisme-a-survivre-a-leur-perte\\\/\",\"url\":\"https:\\\/\\\/interamerica.org\\\/fr\\\/2026\\\/08\\\/au-venezuela-un-psychologue-adventiste-aide-les-survivants-du-seisme-a-survivre-a-leur-perte\\\/\",\"name\":\"Au Venezuela, un psychologue adventiste aide les survivants du s\u00e9isme \u00e0 survivre \u00e0 leur perte - \u00c9glise Adventiste Du Septieme Jour - Inter Am\u00e9rique Division\",\"isPartOf\":{\"@id\":\"https:\\\/\\\/interamerica.org\\\/fr\\\/#website\"},\"primaryImageOfPage\":{\"@id\":\"https:\\\/\\\/interamerica.org\\\/fr\\\/2026\\\/08\\\/au-venezuela-un-psychologue-adventiste-aide-les-survivants-du-seisme-a-survivre-a-leur-perte\\\/#primaryimage\"},\"image\":{\"@id\":\"https:\\\/\\\/interamerica.org\\\/fr\\\/2026\\\/08\\\/au-venezuela-un-psychologue-adventiste-aide-les-survivants-du-seisme-a-survivre-a-leur-perte\\\/#primaryimage\"},\"thumbnailUrl\":\"https:\\\/\\\/interamerica.org\\\/wp-content\\\/uploads\\\/2026\\\/08\\\/um-img-05xi1xgeop4ckfmq.jpg\",\"datePublished\":\"2026-08-30T22:11:50+00:00\",\"dateModified\":\"2026-08-30T22:40:59+00:00\",\"author\":{\"@id\":\"https:\\\/\\\/interamerica.org\\\/fr\\\/#\\\/schema\\\/person\\\/29998f2bc2d8bd0d38662909289b54f1\"},\"breadcrumb\":{\"@id\":\"https:\\\/\\\/interamerica.org\\\/fr\\\/2026\\\/08\\\/au-venezuela-un-psychologue-adventiste-aide-les-survivants-du-seisme-a-survivre-a-leur-perte\\\/#breadcrumb\"},\"inLanguage\":\"fr-FR\",\"potentialAction\":[{\"@type\":\"ReadAction\",\"target\":[\"https:\\\/\\\/interamerica.org\\\/fr\\\/2026\\\/08\\\/au-venezuela-un-psychologue-adventiste-aide-les-survivants-du-seisme-a-survivre-a-leur-perte\\\/\"]}]},{\"@type\":\"ImageObject\",\"inLanguage\":\"fr-FR\",\"@id\":\"https:\\\/\\\/interamerica.org\\\/fr\\\/2026\\\/08\\\/au-venezuela-un-psychologue-adventiste-aide-les-survivants-du-seisme-a-survivre-a-leur-perte\\\/#primaryimage\",\"url\":\"https:\\\/\\\/interamerica.org\\\/wp-content\\\/uploads\\\/2026\\\/08\\\/um-img-05xi1xgeop4ckfmq.jpg\",\"contentUrl\":\"https:\\\/\\\/interamerica.org\\\/wp-content\\\/uploads\\\/2026\\\/08\\\/um-img-05xi1xgeop4ckfmq.jpg\",\"width\":1920,\"height\":1080,\"caption\":\"Mois\u00e9s Manzano, professeur \u00e0 l\u2019Universit\u00e9 de Montemorelos et b\u00e9n\u00e9vole pour CADENA, accompagne des survivants du s\u00e9isme \u00e0 La Guaira, au Venezuela, lors de sa premi\u00e8re mission humanitaire internationale. [Une photo offerte par CADENA]\"},{\"@type\":\"BreadcrumbList\",\"@id\":\"https:\\\/\\\/interamerica.org\\\/fr\\\/2026\\\/08\\\/au-venezuela-un-psychologue-adventiste-aide-les-survivants-du-seisme-a-survivre-a-leur-perte\\\/#breadcrumb\",\"itemListElement\":[{\"@type\":\"ListItem\",\"position\":1,\"name\":\"Home\",\"item\":\"https:\\\/\\\/interamerica.org\\\/fr\\\/\"},{\"@type\":\"ListItem\",\"position\":2,\"name\":\"Au Venezuela, un psychologue adventiste aide les survivants du s\u00e9isme \u00e0 survivre \u00e0 leur perte\"}]},{\"@type\":\"WebSite\",\"@id\":\"https:\\\/\\\/interamerica.org\\\/fr\\\/#website\",\"url\":\"https:\\\/\\\/interamerica.org\\\/fr\\\/\",\"name\":\"\u00c9glise Adventiste Du Septieme Jour - Inter Am\u00e9rique Division\",\"description\":\"\",\"potentialAction\":[{\"@type\":\"SearchAction\",\"target\":{\"@type\":\"EntryPoint\",\"urlTemplate\":\"https:\\\/\\\/interamerica.org\\\/fr\\\/?s={search_term_string}\"},\"query-input\":{\"@type\":\"PropertyValueSpecification\",\"valueRequired\":true,\"valueName\":\"search_term_string\"}}],\"inLanguage\":\"fr-FR\"},{\"@type\":\"Person\",\"@id\":\"https:\\\/\\\/interamerica.org\\\/fr\\\/#\\\/schema\\\/person\\\/29998f2bc2d8bd0d38662909289b54f1\",\"name\":\"libna\",\"image\":{\"@type\":\"ImageObject\",\"inLanguage\":\"fr-FR\",\"@id\":\"https:\\\/\\\/secure.gravatar.com\\\/avatar\\\/7c5bd30ae4b47a9ba3c856590957fd1d96dc588bf3ac05719d247e126840331f?s=96&d=mm&r=g\",\"url\":\"https:\\\/\\\/secure.gravatar.com\\\/avatar\\\/7c5bd30ae4b47a9ba3c856590957fd1d96dc588bf3ac05719d247e126840331f?s=96&d=mm&r=g\",\"contentUrl\":\"https:\\\/\\\/secure.gravatar.com\\\/avatar\\\/7c5bd30ae4b47a9ba3c856590957fd1d96dc588bf3ac05719d247e126840331f?s=96&d=mm&r=g\",\"caption\":\"libna\"}}]}<\/script>\n<!-- \/ Yoast SEO plugin. -->","yoast_head_json":{"title":"Au Venezuela, un psychologue adventiste aide les survivants du s\u00e9isme \u00e0 survivre \u00e0 leur perte - \u00c9glise Adventiste Du Septieme Jour - Inter Am\u00e9rique Division","robots":{"index":"index","follow":"follow","max-snippet":"max-snippet:-1","max-image-preview":"max-image-preview:large","max-video-preview":"max-video-preview:-1"},"canonical":"https:\/\/interamerica.org\/fr\/2026\/08\/au-venezuela-un-psychologue-adventiste-aide-les-survivants-du-seisme-a-survivre-a-leur-perte\/","og_locale":"fr_FR","og_type":"article","og_title":"Au Venezuela, un psychologue adventiste aide les survivants du s\u00e9isme \u00e0 survivre \u00e0 leur perte - \u00c9glise Adventiste Du Septieme Jour - Inter Am\u00e9rique Division","og_description":"Un professeur de l\u2019Universit\u00e9 de Montemorelos offre des premiers soins psychologiques aux familles en deuil et aux r\u00e9pondants d\u2019urgence dans la r\u00e9gion durement secou\u00e9e de La Guaira. Le 30 ao\u00fbt...","og_url":"https:\/\/interamerica.org\/fr\/2026\/08\/au-venezuela-un-psychologue-adventiste-aide-les-survivants-du-seisme-a-survivre-a-leur-perte\/","og_site_name":"\u00c9glise Adventiste Du Septieme Jour - Inter Am\u00e9rique Division","article_published_time":"2026-08-30T22:11:50+00:00","article_modified_time":"2026-08-30T22:40:59+00:00","og_image":[{"width":1920,"height":1080,"url":"https:\/\/interamerica.org\/wp-content\/uploads\/2026\/08\/um-img-05xi1xgeop4ckfmq.jpg","type":"image\/jpeg"}],"author":"libna","twitter_card":"summary_large_image","twitter_misc":{"\u00c9crit par":"libna","Dur\u00e9e de lecture estim\u00e9e":"6 minutes"},"schema":{"@context":"https:\/\/schema.org","@graph":[{"@type":"Article","@id":"https:\/\/interamerica.org\/fr\/2026\/08\/au-venezuela-un-psychologue-adventiste-aide-les-survivants-du-seisme-a-survivre-a-leur-perte\/#article","isPartOf":{"@id":"https:\/\/interamerica.org\/fr\/2026\/08\/au-venezuela-un-psychologue-adventiste-aide-les-survivants-du-seisme-a-survivre-a-leur-perte\/"},"author":{"name":"libna","@id":"https:\/\/interamerica.org\/fr\/#\/schema\/person\/29998f2bc2d8bd0d38662909289b54f1"},"headline":"Au Venezuela, un psychologue adventiste aide les survivants du s\u00e9isme \u00e0 survivre \u00e0 leur perte","datePublished":"2026-08-30T22:11:50+00:00","dateModified":"2026-08-30T22:40:59+00:00","mainEntityOfPage":{"@id":"https:\/\/interamerica.org\/fr\/2026\/08\/au-venezuela-un-psychologue-adventiste-aide-les-survivants-du-seisme-a-survivre-a-leur-perte\/"},"wordCount":1267,"image":{"@id":"https:\/\/interamerica.org\/fr\/2026\/08\/au-venezuela-un-psychologue-adventiste-aide-les-survivants-du-seisme-a-survivre-a-leur-perte\/#primaryimage"},"thumbnailUrl":"https:\/\/interamerica.org\/wp-content\/uploads\/2026\/08\/um-img-05xi1xgeop4ckfmq.jpg","articleSection":["Nouvelles du si\u00e8ge de la division","RSS Fran\u00e7ais"],"inLanguage":"fr-FR"},{"@type":"WebPage","@id":"https:\/\/interamerica.org\/fr\/2026\/08\/au-venezuela-un-psychologue-adventiste-aide-les-survivants-du-seisme-a-survivre-a-leur-perte\/","url":"https:\/\/interamerica.org\/fr\/2026\/08\/au-venezuela-un-psychologue-adventiste-aide-les-survivants-du-seisme-a-survivre-a-leur-perte\/","name":"Au Venezuela, un psychologue adventiste aide les survivants du s\u00e9isme \u00e0 survivre \u00e0 leur perte - \u00c9glise Adventiste Du Septieme Jour - Inter Am\u00e9rique Division","isPartOf":{"@id":"https:\/\/interamerica.org\/fr\/#website"},"primaryImageOfPage":{"@id":"https:\/\/interamerica.org\/fr\/2026\/08\/au-venezuela-un-psychologue-adventiste-aide-les-survivants-du-seisme-a-survivre-a-leur-perte\/#primaryimage"},"image":{"@id":"https:\/\/interamerica.org\/fr\/2026\/08\/au-venezuela-un-psychologue-adventiste-aide-les-survivants-du-seisme-a-survivre-a-leur-perte\/#primaryimage"},"thumbnailUrl":"https:\/\/interamerica.org\/wp-content\/uploads\/2026\/08\/um-img-05xi1xgeop4ckfmq.jpg","datePublished":"2026-08-30T22:11:50+00:00","dateModified":"2026-08-30T22:40:59+00:00","author":{"@id":"https:\/\/interamerica.org\/fr\/#\/schema\/person\/29998f2bc2d8bd0d38662909289b54f1"},"breadcrumb":{"@id":"https:\/\/interamerica.org\/fr\/2026\/08\/au-venezuela-un-psychologue-adventiste-aide-les-survivants-du-seisme-a-survivre-a-leur-perte\/#breadcrumb"},"inLanguage":"fr-FR","potentialAction":[{"@type":"ReadAction","target":["https:\/\/interamerica.org\/fr\/2026\/08\/au-venezuela-un-psychologue-adventiste-aide-les-survivants-du-seisme-a-survivre-a-leur-perte\/"]}]},{"@type":"ImageObject","inLanguage":"fr-FR","@id":"https:\/\/interamerica.org\/fr\/2026\/08\/au-venezuela-un-psychologue-adventiste-aide-les-survivants-du-seisme-a-survivre-a-leur-perte\/#primaryimage","url":"https:\/\/interamerica.org\/wp-content\/uploads\/2026\/08\/um-img-05xi1xgeop4ckfmq.jpg","contentUrl":"https:\/\/interamerica.org\/wp-content\/uploads\/2026\/08\/um-img-05xi1xgeop4ckfmq.jpg","width":1920,"height":1080,"caption":"Mois\u00e9s Manzano, professeur \u00e0 l\u2019Universit\u00e9 de Montemorelos et b\u00e9n\u00e9vole pour CADENA, accompagne des survivants du s\u00e9isme \u00e0 La Guaira, au Venezuela, lors de sa premi\u00e8re mission humanitaire internationale. [Une photo offerte par CADENA]"},{"@type":"BreadcrumbList","@id":"https:\/\/interamerica.org\/fr\/2026\/08\/au-venezuela-un-psychologue-adventiste-aide-les-survivants-du-seisme-a-survivre-a-leur-perte\/#breadcrumb","itemListElement":[{"@type":"ListItem","position":1,"name":"Home","item":"https:\/\/interamerica.org\/fr\/"},{"@type":"ListItem","position":2,"name":"Au Venezuela, un psychologue adventiste aide les survivants du s\u00e9isme \u00e0 survivre \u00e0 leur perte"}]},{"@type":"WebSite","@id":"https:\/\/interamerica.org\/fr\/#website","url":"https:\/\/interamerica.org\/fr\/","name":"\u00c9glise Adventiste Du Septieme Jour - Inter Am\u00e9rique Division","description":"","potentialAction":[{"@type":"SearchAction","target":{"@type":"EntryPoint","urlTemplate":"https:\/\/interamerica.org\/fr\/?s={search_term_string}"},"query-input":{"@type":"PropertyValueSpecification","valueRequired":true,"valueName":"search_term_string"}}],"inLanguage":"fr-FR"},{"@type":"Person","@id":"https:\/\/interamerica.org\/fr\/#\/schema\/person\/29998f2bc2d8bd0d38662909289b54f1","name":"libna","image":{"@type":"ImageObject","inLanguage":"fr-FR","@id":"https:\/\/secure.gravatar.com\/avatar\/7c5bd30ae4b47a9ba3c856590957fd1d96dc588bf3ac05719d247e126840331f?s=96&d=mm&r=g","url":"https:\/\/secure.gravatar.com\/avatar\/7c5bd30ae4b47a9ba3c856590957fd1d96dc588bf3ac05719d247e126840331f?s=96&d=mm&r=g","contentUrl":"https:\/\/secure.gravatar.com\/avatar\/7c5bd30ae4b47a9ba3c856590957fd1d96dc588bf3ac05719d247e126840331f?s=96&d=mm&r=g","caption":"libna"}}]}},"_links":{"self":[{"href":"https:\/\/interamerica.org\/fr\/wp-json\/wp\/v2\/posts\/147976","targetHints":{"allow":["GET"]}}],"collection":[{"href":"https:\/\/interamerica.org\/fr\/wp-json\/wp\/v2\/posts"}],"about":[{"href":"https:\/\/interamerica.org\/fr\/wp-json\/wp\/v2\/types\/post"}],"author":[{"embeddable":true,"href":"https:\/\/interamerica.org\/fr\/wp-json\/wp\/v2\/users\/3"}],"replies":[{"embeddable":true,"href":"https:\/\/interamerica.org\/fr\/wp-json\/wp\/v2\/comments?post=147976"}],"version-history":[{"count":1,"href":"https:\/\/interamerica.org\/fr\/wp-json\/wp\/v2\/posts\/147976\/revisions"}],"predecessor-version":[{"id":148023,"href":"https:\/\/interamerica.org\/fr\/wp-json\/wp\/v2\/posts\/147976\/revisions\/148023"}],"wp:featuredmedia":[{"embeddable":true,"href":"https:\/\/interamerica.org\/fr\/wp-json\/wp\/v2\/media\/147977"}],"wp:attachment":[{"href":"https:\/\/interamerica.org\/fr\/wp-json\/wp\/v2\/media?parent=147976"}],"wp:term":[{"taxonomy":"category","embeddable":true,"href":"https:\/\/interamerica.org\/fr\/wp-json\/wp\/v2\/categories?post=147976"},{"taxonomy":"post_tag","embeddable":true,"href":"https:\/\/interamerica.org\/fr\/wp-json\/wp\/v2\/tags?post=147976"}],"curies":[{"name":"wp","href":"https:\/\/api.w.org\/{rel}","templated":true}]}}