{"id":148188,"date":"2026-09-04T09:00:48","date_gmt":"2026-09-04T13:00:48","guid":{"rendered":"https:\/\/interamerica.org\/?p=148188"},"modified":"2026-09-01T15:02:53","modified_gmt":"2026-09-01T19:02:53","slug":"lancement-de-unevoix27","status":"publish","type":"post","link":"https:\/\/interamerica.org\/fr\/2026\/09\/lancement-de-unevoix27\/","title":{"rendered":"Lancement de UneVoix27"},"content":{"rendered":"<p data-start=\"39\" data-end=\"245\"><em>Le message suivant est adress\u00e9 \u00e0 l\u2019\u00c9glise adventiste du septi\u00e8me jour en Inter-Am\u00e9rique par Abner De los Santos, pr\u00e9sident de la Division Interam\u00e9ricaine. \u2014 \u00c9quipe de r\u00e9daction des Nouvelles de la DIA<\/em><\/p>\n<p data-start=\"247\" data-end=\"404\" data-is-last-node=\"\" data-is-only-node=\"\">4 septembre 2026 | Miami, Floride, \u00c9tats-Unis | Par Abner De los Santos, pr\u00e9sident de l\u2019\u00c9glise adventiste du septi\u00e8me jour dans la Division Interam\u00e9ricaine<\/p>\n<p><span style=\"font-weight: 400;\">Bonjour, ch\u00e8re famille de l\u2019Inter-Am\u00e9rique. Je vous invite \u00e0 ouvrir votre Bible avec moi aujourd\u2019hui dans 1 Corinthiens 1.10. Le texte d\u00e9clare :<\/span><\/p>\n<p><span style=\"font-weight: 400;\">\u00ab Je vous exhorte, fr\u00e8res, par le nom de notre Seigneur J\u00e9sus-Christ, \u00e0 tenir tous un m\u00eame langage, et \u00e0 ne point avoir de divisions parmi vous, mais \u00e0 \u00eatre parfaitement unis dans un m\u00eame esprit et dans un m\u00eame sentiment. \u00bb<\/span><\/p>\n<p><span style=\"font-weight: 400;\">L\u2019\u00c9glise adventiste du septi\u00e8me jour de la Division interam\u00e9ricaine est une grande famille r\u00e9partie dans de nombreux pays. Nous parlons diff\u00e9rentes langues, mais nous partageons la m\u00eame foi. Nous repr\u00e9sentons de nombreuses cultures et g\u00e9n\u00e9rations, et chacun de nous poss\u00e8de des talents et des fa\u00e7ons de servir diff\u00e9rents. Mais le plus important, c\u2019est que nous avons \u00e9t\u00e9 appel\u00e9s par le m\u00eame Seigneur et que nous participons \u00e0 la m\u00eame mission.<\/span><\/p>\n<p><span style=\"font-weight: 400;\">Lorsque l\u2019ap\u00f4tre Paul a invit\u00e9 les croyants \u00e0 tenir un m\u00eame langage, il ne voulait pas dire que nous devions tous \u00eatre identiques ou penser de la m\u00eame mani\u00e8re dans les moindres d\u00e9tails. Il les appelait \u00e0 demeurer unis en Christ, \u00e0 partager un m\u00eame objectif et \u00e0 avancer dans la m\u00eame direction.<\/span><\/p>\n<p><span style=\"font-weight: 400;\">C\u2019est pr\u00e9cis\u00e9ment le but de l\u2019initiative OneVoice27. C\u2019est un appel \u00e0 pr\u00e9parer nos c\u0153urs et \u00e0 recevoir la formation qui nous aidera \u00e0 d\u00e9velopper nos dons et \u00e0 mieux utiliser nos ressources afin qu\u2019ensemble, nous puissions accomplir la mission que Dieu nous a confi\u00e9e.<\/span><\/p>\n<p><span style=\"font-weight: 400;\">Je nous invite \u00e0 commencer \u00e0 nous pr\u00e9parer d\u00e8s maintenant. Que chaque membre, chaque \u00e9glise, chaque institution et chaque minist\u00e8re s\u2019unisse dans la pri\u00e8re, l\u2019engagement et un esprit de disponibilit\u00e9. Travaillons ensemble avec un m\u00eame esprit, un m\u00eame objectif et une m\u00eame volont\u00e9.<\/span><\/p>\n<p><span style=\"font-weight: 400;\">\u00cates-vous pr\u00eats ?<\/span><\/p>\n<p><span style=\"font-weight: 400;\">Que Dieu b\u00e9nisse Son \u00c9glise dans toute l\u2019Inter-Am\u00e9rique.<\/span><\/p>\n<p><iframe title=\"OneVoice27 | Une seule voix, une m\u00eame mission | \u00c9glise adventiste en Inter-Am\u00e9rique\" width=\"500\" height=\"281\" src=\"https:\/\/www.youtube.com\/embed\/hRKTXUXgQXM?feature=oembed\" frameborder=\"0\" allow=\"accelerometer; autoplay; clipboard-write; encrypted-media; gyroscope; picture-in-picture; web-share\" referrerpolicy=\"strict-origin-when-cross-origin\" allowfullscreen><\/iframe><\/p>\n","protected":false},"excerpt":{"rendered":"<p>Le message suivant est adress\u00e9 \u00e0 l\u2019\u00c9glise adventiste du septi\u00e8me jour en Inter-Am\u00e9rique par Abner De los Santos, pr\u00e9sident de la Division Interam\u00e9ricaine. \u2014 \u00c9quipe de r\u00e9daction des Nouvelles de&#8230;<\/p>\n","protected":false},"author":3,"featured_media":148278,"comment_status":"closed","ping_status":"closed","sticky":false,"template":"","format":"standard","meta":{"_acf_changed":false,"footnotes":""},"categories":[20,19],"tags":[],"class_list":["post-148188","post","type-post","status-publish","format-standard","has-post-thumbnail","hentry","category-nouvelles-du-siege-de-la-division","category-rss-francais"],"acf":[],"yoast_head":"<!-- This site is optimized with the Yoast SEO plugin v28.4 - https:\/\/yoast.com\/product\/yoast-seo-wordpress\/ -->\n<title>Lancement de UneVoix27 - \u00c9glise Adventiste Du Septieme Jour - Inter Am\u00e9rique Division<\/title>\n<meta name=\"robots\" content=\"index, follow, max-snippet:-1, max-image-preview:large, max-video-preview:-1\" \/>\n<link rel=\"canonical\" href=\"https:\/\/interamerica.org\/fr\/2026\/09\/lancement-de-unevoix27\/\" \/>\n<meta property=\"og:locale\" content=\"fr_FR\" \/>\n<meta property=\"og:type\" content=\"article\" \/>\n<meta property=\"og:title\" content=\"Lancement de UneVoix27 - \u00c9glise Adventiste Du Septieme Jour - Inter Am\u00e9rique Division\" \/>\n<meta property=\"og:description\" content=\"Le message suivant est adress\u00e9 \u00e0 l\u2019\u00c9glise adventiste du septi\u00e8me jour en Inter-Am\u00e9rique par Abner De los Santos, pr\u00e9sident de la Division Interam\u00e9ricaine. \u2014 \u00c9quipe de r\u00e9daction des Nouvelles de...\" \/>\n<meta property=\"og:url\" content=\"https:\/\/interamerica.org\/fr\/2026\/09\/lancement-de-unevoix27\/\" \/>\n<meta property=\"og:site_name\" content=\"\u00c9glise Adventiste Du Septieme Jour - Inter Am\u00e9rique Division\" \/>\n<meta property=\"article:published_time\" content=\"2026-09-04T13:00:48+00:00\" \/>\n<meta property=\"og:image\" content=\"https:\/\/interamerica.org\/wp-content\/uploads\/2026\/09\/thumb-adls-sep5-ov27-fr-1024x574.png\" \/>\n\t<meta property=\"og:image:width\" content=\"1024\" \/>\n\t<meta property=\"og:image:height\" content=\"574\" \/>\n\t<meta property=\"og:image:type\" content=\"image\/png\" \/>\n<meta name=\"author\" content=\"libna\" \/>\n<meta name=\"twitter:card\" content=\"summary_large_image\" \/>\n<meta name=\"twitter:label1\" content=\"\u00c9crit par\" \/>\n\t<meta name=\"twitter:data1\" content=\"libna\" \/>\n\t<meta name=\"twitter:label2\" content=\"Dur\u00e9e de lecture estim\u00e9e\" \/>\n\t<meta name=\"twitter:data2\" content=\"2 minutes\" \/>\n<script type=\"application\/ld+json\" class=\"yoast-schema-graph\">{\"@context\":\"https:\\\/\\\/schema.org\",\"@graph\":[{\"@type\":\"Article\",\"@id\":\"https:\\\/\\\/interamerica.org\\\/fr\\\/2026\\\/09\\\/lancement-de-unevoix27\\\/#article\",\"isPartOf\":{\"@id\":\"https:\\\/\\\/interamerica.org\\\/fr\\\/2026\\\/09\\\/lancement-de-unevoix27\\\/\"},\"author\":{\"name\":\"libna\",\"@id\":\"https:\\\/\\\/interamerica.org\\\/fr\\\/#\\\/schema\\\/person\\\/29998f2bc2d8bd0d38662909289b54f1\"},\"headline\":\"Lancement de UneVoix27\",\"datePublished\":\"2026-09-04T13:00:48+00:00\",\"mainEntityOfPage\":{\"@id\":\"https:\\\/\\\/interamerica.org\\\/fr\\\/2026\\\/09\\\/lancement-de-unevoix27\\\/\"},\"wordCount\":389,\"image\":{\"@id\":\"https:\\\/\\\/interamerica.org\\\/fr\\\/2026\\\/09\\\/lancement-de-unevoix27\\\/#primaryimage\"},\"thumbnailUrl\":\"https:\\\/\\\/interamerica.org\\\/wp-content\\\/uploads\\\/2026\\\/09\\\/thumb-adls-sep5-ov27-fr.png\",\"articleSection\":[\"Nouvelles du si\u00e8ge de la division\",\"RSS Fran\u00e7ais\"],\"inLanguage\":\"fr-FR\"},{\"@type\":\"WebPage\",\"@id\":\"https:\\\/\\\/interamerica.org\\\/fr\\\/2026\\\/09\\\/lancement-de-unevoix27\\\/\",\"url\":\"https:\\\/\\\/interamerica.org\\\/fr\\\/2026\\\/09\\\/lancement-de-unevoix27\\\/\",\"name\":\"Lancement de UneVoix27 - \u00c9glise Adventiste Du Septieme Jour - Inter Am\u00e9rique Division\",\"isPartOf\":{\"@id\":\"https:\\\/\\\/interamerica.org\\\/fr\\\/#website\"},\"primaryImageOfPage\":{\"@id\":\"https:\\\/\\\/interamerica.org\\\/fr\\\/2026\\\/09\\\/lancement-de-unevoix27\\\/#primaryimage\"},\"image\":{\"@id\":\"https:\\\/\\\/interamerica.org\\\/fr\\\/2026\\\/09\\\/lancement-de-unevoix27\\\/#primaryimage\"},\"thumbnailUrl\":\"https:\\\/\\\/interamerica.org\\\/wp-content\\\/uploads\\\/2026\\\/09\\\/thumb-adls-sep5-ov27-fr.png\",\"datePublished\":\"2026-09-04T13:00:48+00:00\",\"author\":{\"@id\":\"https:\\\/\\\/interamerica.org\\\/fr\\\/#\\\/schema\\\/person\\\/29998f2bc2d8bd0d38662909289b54f1\"},\"breadcrumb\":{\"@id\":\"https:\\\/\\\/interamerica.org\\\/fr\\\/2026\\\/09\\\/lancement-de-unevoix27\\\/#breadcrumb\"},\"inLanguage\":\"fr-FR\",\"potentialAction\":[{\"@type\":\"ReadAction\",\"target\":[\"https:\\\/\\\/interamerica.org\\\/fr\\\/2026\\\/09\\\/lancement-de-unevoix27\\\/\"]}]},{\"@type\":\"ImageObject\",\"inLanguage\":\"fr-FR\",\"@id\":\"https:\\\/\\\/interamerica.org\\\/fr\\\/2026\\\/09\\\/lancement-de-unevoix27\\\/#primaryimage\",\"url\":\"https:\\\/\\\/interamerica.org\\\/wp-content\\\/uploads\\\/2026\\\/09\\\/thumb-adls-sep5-ov27-fr.png\",\"contentUrl\":\"https:\\\/\\\/interamerica.org\\\/wp-content\\\/uploads\\\/2026\\\/09\\\/thumb-adls-sep5-ov27-fr.png\",\"width\":2555,\"height\":1433},{\"@type\":\"BreadcrumbList\",\"@id\":\"https:\\\/\\\/interamerica.org\\\/fr\\\/2026\\\/09\\\/lancement-de-unevoix27\\\/#breadcrumb\",\"itemListElement\":[{\"@type\":\"ListItem\",\"position\":1,\"name\":\"Home\",\"item\":\"https:\\\/\\\/interamerica.org\\\/fr\\\/\"},{\"@type\":\"ListItem\",\"position\":2,\"name\":\"Lancement de UneVoix27\"}]},{\"@type\":\"WebSite\",\"@id\":\"https:\\\/\\\/interamerica.org\\\/fr\\\/#website\",\"url\":\"https:\\\/\\\/interamerica.org\\\/fr\\\/\",\"name\":\"\u00c9glise Adventiste Du Septieme Jour - Inter Am\u00e9rique Division\",\"description\":\"\",\"potentialAction\":[{\"@type\":\"SearchAction\",\"target\":{\"@type\":\"EntryPoint\",\"urlTemplate\":\"https:\\\/\\\/interamerica.org\\\/fr\\\/?s={search_term_string}\"},\"query-input\":{\"@type\":\"PropertyValueSpecification\",\"valueRequired\":true,\"valueName\":\"search_term_string\"}}],\"inLanguage\":\"fr-FR\"},{\"@type\":\"Person\",\"@id\":\"https:\\\/\\\/interamerica.org\\\/fr\\\/#\\\/schema\\\/person\\\/29998f2bc2d8bd0d38662909289b54f1\",\"name\":\"libna\",\"image\":{\"@type\":\"ImageObject\",\"inLanguage\":\"fr-FR\",\"@id\":\"https:\\\/\\\/secure.gravatar.com\\\/avatar\\\/7c5bd30ae4b47a9ba3c856590957fd1d96dc588bf3ac05719d247e126840331f?s=96&d=mm&r=g\",\"url\":\"https:\\\/\\\/secure.gravatar.com\\\/avatar\\\/7c5bd30ae4b47a9ba3c856590957fd1d96dc588bf3ac05719d247e126840331f?s=96&d=mm&r=g\",\"contentUrl\":\"https:\\\/\\\/secure.gravatar.com\\\/avatar\\\/7c5bd30ae4b47a9ba3c856590957fd1d96dc588bf3ac05719d247e126840331f?s=96&d=mm&r=g\",\"caption\":\"libna\"}}]}<\/script>\n<!-- \/ Yoast SEO plugin. -->","yoast_head_json":{"title":"Lancement de UneVoix27 - \u00c9glise Adventiste Du Septieme Jour - Inter Am\u00e9rique Division","robots":{"index":"index","follow":"follow","max-snippet":"max-snippet:-1","max-image-preview":"max-image-preview:large","max-video-preview":"max-video-preview:-1"},"canonical":"https:\/\/interamerica.org\/fr\/2026\/09\/lancement-de-unevoix27\/","og_locale":"fr_FR","og_type":"article","og_title":"Lancement de UneVoix27 - \u00c9glise Adventiste Du Septieme Jour - Inter Am\u00e9rique Division","og_description":"Le message suivant est adress\u00e9 \u00e0 l\u2019\u00c9glise adventiste du septi\u00e8me jour en Inter-Am\u00e9rique par Abner De los Santos, pr\u00e9sident de la Division Interam\u00e9ricaine. \u2014 \u00c9quipe de r\u00e9daction des Nouvelles de...","og_url":"https:\/\/interamerica.org\/fr\/2026\/09\/lancement-de-unevoix27\/","og_site_name":"\u00c9glise Adventiste Du Septieme Jour - Inter Am\u00e9rique Division","article_published_time":"2026-09-04T13:00:48+00:00","og_image":[{"width":1024,"height":574,"url":"https:\/\/interamerica.org\/wp-content\/uploads\/2026\/09\/thumb-adls-sep5-ov27-fr-1024x574.png","type":"image\/png"}],"author":"libna","twitter_card":"summary_large_image","twitter_misc":{"\u00c9crit par":"libna","Dur\u00e9e de lecture estim\u00e9e":"2 minutes"},"schema":{"@context":"https:\/\/schema.org","@graph":[{"@type":"Article","@id":"https:\/\/interamerica.org\/fr\/2026\/09\/lancement-de-unevoix27\/#article","isPartOf":{"@id":"https:\/\/interamerica.org\/fr\/2026\/09\/lancement-de-unevoix27\/"},"author":{"name":"libna","@id":"https:\/\/interamerica.org\/fr\/#\/schema\/person\/29998f2bc2d8bd0d38662909289b54f1"},"headline":"Lancement de UneVoix27","datePublished":"2026-09-04T13:00:48+00:00","mainEntityOfPage":{"@id":"https:\/\/interamerica.org\/fr\/2026\/09\/lancement-de-unevoix27\/"},"wordCount":389,"image":{"@id":"https:\/\/interamerica.org\/fr\/2026\/09\/lancement-de-unevoix27\/#primaryimage"},"thumbnailUrl":"https:\/\/interamerica.org\/wp-content\/uploads\/2026\/09\/thumb-adls-sep5-ov27-fr.png","articleSection":["Nouvelles du si\u00e8ge de la division","RSS Fran\u00e7ais"],"inLanguage":"fr-FR"},{"@type":"WebPage","@id":"https:\/\/interamerica.org\/fr\/2026\/09\/lancement-de-unevoix27\/","url":"https:\/\/interamerica.org\/fr\/2026\/09\/lancement-de-unevoix27\/","name":"Lancement de UneVoix27 - \u00c9glise Adventiste Du Septieme Jour - Inter Am\u00e9rique Division","isPartOf":{"@id":"https:\/\/interamerica.org\/fr\/#website"},"primaryImageOfPage":{"@id":"https:\/\/interamerica.org\/fr\/2026\/09\/lancement-de-unevoix27\/#primaryimage"},"image":{"@id":"https:\/\/interamerica.org\/fr\/2026\/09\/lancement-de-unevoix27\/#primaryimage"},"thumbnailUrl":"https:\/\/interamerica.org\/wp-content\/uploads\/2026\/09\/thumb-adls-sep5-ov27-fr.png","datePublished":"2026-09-04T13:00:48+00:00","author":{"@id":"https:\/\/interamerica.org\/fr\/#\/schema\/person\/29998f2bc2d8bd0d38662909289b54f1"},"breadcrumb":{"@id":"https:\/\/interamerica.org\/fr\/2026\/09\/lancement-de-unevoix27\/#breadcrumb"},"inLanguage":"fr-FR","potentialAction":[{"@type":"ReadAction","target":["https:\/\/interamerica.org\/fr\/2026\/09\/lancement-de-unevoix27\/"]}]},{"@type":"ImageObject","inLanguage":"fr-FR","@id":"https:\/\/interamerica.org\/fr\/2026\/09\/lancement-de-unevoix27\/#primaryimage","url":"https:\/\/interamerica.org\/wp-content\/uploads\/2026\/09\/thumb-adls-sep5-ov27-fr.png","contentUrl":"https:\/\/interamerica.org\/wp-content\/uploads\/2026\/09\/thumb-adls-sep5-ov27-fr.png","width":2555,"height":1433},{"@type":"BreadcrumbList","@id":"https:\/\/interamerica.org\/fr\/2026\/09\/lancement-de-unevoix27\/#breadcrumb","itemListElement":[{"@type":"ListItem","position":1,"name":"Home","item":"https:\/\/interamerica.org\/fr\/"},{"@type":"ListItem","position":2,"name":"Lancement de UneVoix27"}]},{"@type":"WebSite","@id":"https:\/\/interamerica.org\/fr\/#website","url":"https:\/\/interamerica.org\/fr\/","name":"\u00c9glise Adventiste Du Septieme Jour - Inter Am\u00e9rique Division","description":"","potentialAction":[{"@type":"SearchAction","target":{"@type":"EntryPoint","urlTemplate":"https:\/\/interamerica.org\/fr\/?s={search_term_string}"},"query-input":{"@type":"PropertyValueSpecification","valueRequired":true,"valueName":"search_term_string"}}],"inLanguage":"fr-FR"},{"@type":"Person","@id":"https:\/\/interamerica.org\/fr\/#\/schema\/person\/29998f2bc2d8bd0d38662909289b54f1","name":"libna","image":{"@type":"ImageObject","inLanguage":"fr-FR","@id":"https:\/\/secure.gravatar.com\/avatar\/7c5bd30ae4b47a9ba3c856590957fd1d96dc588bf3ac05719d247e126840331f?s=96&d=mm&r=g","url":"https:\/\/secure.gravatar.com\/avatar\/7c5bd30ae4b47a9ba3c856590957fd1d96dc588bf3ac05719d247e126840331f?s=96&d=mm&r=g","contentUrl":"https:\/\/secure.gravatar.com\/avatar\/7c5bd30ae4b47a9ba3c856590957fd1d96dc588bf3ac05719d247e126840331f?s=96&d=mm&r=g","caption":"libna"}}]}},"_links":{"self":[{"href":"https:\/\/interamerica.org\/fr\/wp-json\/wp\/v2\/posts\/148188","targetHints":{"allow":["GET"]}}],"collection":[{"href":"https:\/\/interamerica.org\/fr\/wp-json\/wp\/v2\/posts"}],"about":[{"href":"https:\/\/interamerica.org\/fr\/wp-json\/wp\/v2\/types\/post"}],"author":[{"embeddable":true,"href":"https:\/\/interamerica.org\/fr\/wp-json\/wp\/v2\/users\/3"}],"replies":[{"embeddable":true,"href":"https:\/\/interamerica.org\/fr\/wp-json\/wp\/v2\/comments?post=148188"}],"version-history":[{"count":4,"href":"https:\/\/interamerica.org\/fr\/wp-json\/wp\/v2\/posts\/148188\/revisions"}],"predecessor-version":[{"id":148341,"href":"https:\/\/interamerica.org\/fr\/wp-json\/wp\/v2\/posts\/148188\/revisions\/148341"}],"wp:featuredmedia":[{"embeddable":true,"href":"https:\/\/interamerica.org\/fr\/wp-json\/wp\/v2\/media\/148278"}],"wp:attachment":[{"href":"https:\/\/interamerica.org\/fr\/wp-json\/wp\/v2\/media?parent=148188"}],"wp:term":[{"taxonomy":"category","embeddable":true,"href":"https:\/\/interamerica.org\/fr\/wp-json\/wp\/v2\/categories?post=148188"},{"taxonomy":"post_tag","embeddable":true,"href":"https:\/\/interamerica.org\/fr\/wp-json\/wp\/v2\/tags?post=148188"}],"curies":[{"name":"wp","href":"https:\/\/api.w.org\/{rel}","templated":true}]}}