{"id":148215,"date":"2026-09-01T17:34:16","date_gmt":"2026-09-01T21:34:16","guid":{"rendered":"https:\/\/interamerica.org\/?p=148215"},"modified":"2026-08-30T18:42:14","modified_gmt":"2026-08-30T22:42:14","slug":"au-mexique-les-dirigeants-adventistes-lancent-une-nouvelle-strategie-pour-faire-du-discipulat-une-culture-de-leglise","status":"publish","type":"post","link":"https:\/\/interamerica.org\/fr\/2026\/09\/au-mexique-les-dirigeants-adventistes-lancent-une-nouvelle-strategie-pour-faire-du-discipulat-une-culture-de-leglise\/","title":{"rendered":"Au Mexique, les dirigeants adventistes lancent une nouvelle strat\u00e9gie pour faire du discipulat une culture de l&rsquo;\u00c9glise"},"content":{"rendered":"<p><em>Cette initiative \u00e0 long terme, men\u00e9e par l&rsquo;Union du Sud-Est du Mexique, cherche \u00e0 consolider la croissance spirituelle et \u00e0 s\u2019assurer que les nouveaux membres soient accompagn\u00e9s de mani\u00e8re d\u00e9lib\u00e9r\u00e9e apr\u00e8s leur bapt\u00eame.<\/em><\/p>\n<p>1er septembre 2026 | M\u00e9rida, Yucat\u00e1n, Mexique | V\u00edctor Mart\u00ednez et Actualit\u00e9s de la Division Inter Am\u00e9ricaine<\/p>\n<p>Les dirigeants adventistes du septi\u00e8me jour de l&rsquo;Union du Sud-Est du Mexique consolident leur approche du discipulat, avec une emphase renouvel\u00e9e sur la p\u00e9riode pr\u00e9c\u00e9dant et suivant le bapt\u00eame, et sur l&rsquo;accompagnement des membres alors qu\u2019ils grandissent spirituellement, s\u2019impliquent dans la vie de l&rsquo;\u00c9glise et apprennent \u00e0 faire des disciples.<\/p>\n<p>Baptis\u00e9e \u00ab S\u00edgueme \u00bb (Suis-Moi), cette nouvelle strat\u00e9gie a \u00e9t\u00e9 pr\u00e9sent\u00e9e \u00e0 185 pasteurs de district, directeurs de d\u00e9partement et administrateurs lors d&rsquo;une rencontre pastorale qui s&rsquo;est tenue du 9 au 12 ao\u00fbt \u00e0 Rio de Janeiro, le site de camp de l\u2019union.<\/p>\n<p><div id=\"attachment_148153\" style=\"width: 888px\" class=\"wp-caption aligncenter\"><img fetchpriority=\"high\" decoding=\"async\" aria-describedby=\"caption-attachment-148153\" class=\" wp-image-148153\" src=\"https:\/\/interamerica.org\/wp-content\/uploads\/2026\/08\/david-celis-semu-img-5626jpg-1.jpg\" alt=\"\" width=\"878\" height=\"540\" srcset=\"https:\/\/interamerica.org\/wp-content\/uploads\/2026\/08\/david-celis-semu-img-5626jpg-1.jpg 1000w, https:\/\/interamerica.org\/wp-content\/uploads\/2026\/08\/david-celis-semu-img-5626jpg-1-300x185.jpg 300w, https:\/\/interamerica.org\/wp-content\/uploads\/2026\/08\/david-celis-semu-img-5626jpg-1-768x472.jpg 768w\" sizes=\"(max-width: 878px) 100vw, 878px\" \/><p id=\"caption-attachment-148153\" class=\"wp-caption-text\">Pasteur David Celis Aguilar, pr\u00e9sident de l&rsquo;Union du Sud-Est du Mexique, s&rsquo;adresse aux pasteurs de district au sujet d\u2019UneVoix27, une initiative de l&rsquo;\u00c9glise mondiale, lors d&rsquo;une rencontre pastorale consacr\u00e9e \u00e0 la nouvelle strat\u00e9gie de formation de disciples lanc\u00e9e par l\u2019union. Cette r\u00e9union s&rsquo;est tenue du 9 au 12 ao\u00fbt 2026 au site de camp de l&rsquo;union, Rio de Janeiro, dans le sud du Mexique. [Photo : Avec l\u2019aimable autorisation de l&rsquo;Union du Sud-Est du Mexique]<\/p><\/div>Cette initiative est n\u00e9e de discussions entre les dirigeants de l&rsquo;union et des champs locaux, entam\u00e9es durant l&rsquo;\u00e9t\u00e9 2025, lorsque les administrateurs ont examin\u00e9 les registres de membres et compar\u00e9 les tendances observ\u00e9es sur leur territoire avec celles de l&rsquo;\u00c9glise mondiale. Au cours de la d\u00e9cennie pr\u00e9c\u00e9dente, ils ont constat\u00e9 qu&rsquo;entre 40 et 45 pour cent des personnes qui avaient int\u00e9gr\u00e9 l\u2019\u00e9glise par le bapt\u00eame n&rsquo;\u00e9taient plus membres, selon le pasteur David Celis Aguilar, pr\u00e9sident de l&rsquo;Union du Sud-Est du Mexique.<\/p>\n<p>Ces constats ont incit\u00e9 les dirigeants \u00e0 examiner de plus pr\u00e8s ce qui se passe une fois les campagnes d&rsquo;\u00e9vang\u00e9lisation termin\u00e9es et comment les \u00e9glises peuvent accompagner de mani\u00e8re plus intentionnelle les nouveaux membres apr\u00e8s leur bapt\u00eame.<\/p>\n<p>\u00ab La formation de disciples est un processus qui dure toute la vie, \u00bb a dit pasteur Celis.<\/p>\n<p>Plut\u00f4t qu&rsquo;un simple programme d&rsquo;\u00e9glise \u00e0 court terme, les dirigeants ont d\u00e9crit \u00ab Suis-Moi \u00bb comme \u00e9tant une strat\u00e9gie \u00e0 long terme visant \u00e0 faire en sorte que la d\u00e9marche d\u00e9lib\u00e9r\u00e9e de formation de disciples fasse partie de la culture de chaque congr\u00e9gation du territoire de l&rsquo;union.<\/p>\n<p>Pour pasteur Celis, l&rsquo;enjeu d\u00e9passe le simple recensement des membres ou le fait d\u2019atteindre un objectif de chiffres. L&rsquo;\u00e9vang\u00e9lisation ne peut s&rsquo;arr\u00eater au bapt\u00eame, a-t-il affirm\u00e9. Les nouveaux membres ont besoin d&rsquo;un accompagnement spirituel continu, de relations authentiques, d&rsquo;opportunit\u00e9s de servir et d&rsquo;une pr\u00e9paration pour, \u00e0 leur tour, former d&rsquo;autres disciples.<\/p>\n<p><div id=\"attachment_148152\" style=\"width: 887px\" class=\"wp-caption aligncenter\"><img decoding=\"async\" aria-describedby=\"caption-attachment-148152\" class=\" wp-image-148152\" src=\"https:\/\/interamerica.org\/wp-content\/uploads\/2026\/08\/semu-churchimg-6070jpg.jpg\" alt=\"\" width=\"877\" height=\"585\" srcset=\"https:\/\/interamerica.org\/wp-content\/uploads\/2026\/08\/semu-churchimg-6070jpg.jpg 1000w, https:\/\/interamerica.org\/wp-content\/uploads\/2026\/08\/semu-churchimg-6070jpg-300x200.jpg 300w, https:\/\/interamerica.org\/wp-content\/uploads\/2026\/08\/semu-churchimg-6070jpg-768x512.jpg 768w\" sizes=\"(max-width: 877px) 100vw, 877px\" \/><p id=\"caption-attachment-148152\" class=\"wp-caption-text\">Les pasteurs de district, les directeurs de d\u00e9partement et les administrateurs de l&rsquo;Union du Sud-Est du Mexique se sont retrouv\u00e9s lors d\u2019une rencontre pastorale o\u00f9 la nouvelle strat\u00e9gie de formation de disciples \u00ab Suis-Moi \u00bb a \u00e9t\u00e9 pr\u00e9sent\u00e9e. [Photo : Avec l\u2019aimable autorisation de l&rsquo;Union du Sud-Est du Mexique]<\/p><\/div><strong>Suivre J\u00e9sus \u00e0 chaque \u00e9tape<\/strong><\/p>\n<p>\u00ab Suis-Moi \u00bb s&rsquo;articule autour de trois \u00e9tapes : conna\u00eetre J\u00e9sus, grandir en J\u00e9sus et servir comme J\u00e9sus.<\/p>\n<p>La premi\u00e8re commence lorsque la personne \u00e9tudie la Bible, fait l\u2019exp\u00e9rience de la conversion et se pr\u00e9pare au bapt\u00eame. La deuxi\u00e8me met l\u2019accent sur la croissance spirituelle et un accompagnement intentionnel apr\u00e8s le bapt\u00eame. La troisi\u00e8me \u00e9tape cherche \u00e0 \u00e9tablir les membres plus profond\u00e9ment dans leur foi en les impliquant dans le service et en les pr\u00e9parant \u00e0 partager leurs croyances avec les autres.<\/p>\n<p>Pasteur Celis a expliqu\u00e9 que cette strat\u00e9gie ne remplace pas le processus d&rsquo;\u00e9vang\u00e9lisation existant de l&rsquo;\u00c9glise. Elle renforce plut\u00f4t un aspect qui, d\u2019apr\u00e8s les dirigeants, n\u00e9cessite une plus grande attention : le d\u00e9veloppement spirituel continu et l&rsquo;int\u00e9gration des croyants apr\u00e8s leur bapt\u00eame.<\/p>\n<p>Les \u00e9glises de tout le territoire sont d\u00e9j\u00e0 engag\u00e9es dans des actions missionnaires dans la communaut\u00e9, dans des missions m\u00e9dicales, dans des \u00e9tudes bibliques et dans des campagnes d&rsquo;\u00e9vang\u00e9lisation publique. \u00ab Suis-Moi \u00bb a pour objectif de s&rsquo;appuyer sur ces efforts en aidant les personnes touch\u00e9es \u00e0 travers l&rsquo;\u00e9vang\u00e9lisation \u00e0 devenir des disciples actifs qui croissent, et qui sont connect\u00e9s \u00e0 la vie et \u00e0 la mission de l&rsquo;\u00c9glise.<\/p>\n<p>La strat\u00e9gie suit le cycle d&rsquo;\u00e9vang\u00e9lisation \u00e9tabli de l&rsquo;\u00c9glise : pr\u00e9parer le terrain, semer, cultiver, r\u00e9colter et pr\u00e9server. Pasteur Celis a indiqu\u00e9 que l&rsquo;accent est d\u00e9sormais mis sur cette derni\u00e8re \u00e9tape : aider les croyants \u00e0 rester connect\u00e9s, \u00e0 atteindre la maturit\u00e9 spirituelle et \u00e0 devenir eux-m\u00eames des faiseurs de disciples.<\/p>\n<p><div id=\"attachment_148150\" style=\"width: 895px\" class=\"wp-caption aligncenter\"><img decoding=\"async\" aria-describedby=\"caption-attachment-148150\" class=\" wp-image-148150\" src=\"https:\/\/interamerica.org\/wp-content\/uploads\/2026\/08\/semu-leaders-stage-img-5996jpg.jpg\" alt=\"\" width=\"885\" height=\"590\" srcset=\"https:\/\/interamerica.org\/wp-content\/uploads\/2026\/08\/semu-leaders-stage-img-5996jpg.jpg 1000w, https:\/\/interamerica.org\/wp-content\/uploads\/2026\/08\/semu-leaders-stage-img-5996jpg-300x200.jpg 300w, https:\/\/interamerica.org\/wp-content\/uploads\/2026\/08\/semu-leaders-stage-img-5996jpg-768x512.jpg 768w\" sizes=\"(max-width: 885px) 100vw, 885px\" \/><p id=\"caption-attachment-148150\" class=\"wp-caption-text\">Les dirigeants de l&rsquo;\u00c9glise discutent des fa\u00e7ons d&rsquo;accompagner et de former intentionnellement les nouveaux membres apr\u00e8s leur bapt\u00eame, dans le cadre de la nouvelle strat\u00e9gie \u00ab Suis-Moi. \u00bb [Photo : Avec l&rsquo;aimable autorisation de l&rsquo;Union du Sud-Est du Mexique]<\/p><\/div><strong>Outils pour les \u00e9glises locales<\/strong><\/p>\n<p>Lors de la rencontre du mois d\u2019ao\u00fbt, les pasteurs ont examin\u00e9 la strat\u00e9gie en groupes de discussion, donn\u00e9 leur avis et se sont familiaris\u00e9s avec les ressources con\u00e7ues pour accompagner chaque \u00e9tape du processus de formation de disciples. Adapt\u00e9s \u00e0 partir de mat\u00e9riel existant d\u00e9j\u00e0 pour les \u00e9glises et des ressources \u00e9labor\u00e9es par un comit\u00e9 de pasteurs de l&rsquo;union et de directeurs de d\u00e9partement, ces outils comprennent des manuels d&rsquo;\u00e9tude biblique, des supports pour l&rsquo;accompagnement des nouveaux membres et des conseils pratiques pour la mise en \u0153uvre de la strat\u00e9gie dans les \u00e9glises locales et les petits groupes.<\/p>\n<p>Les pr\u00e9sidents des champs locaux superviseront la mise en \u0153uvre sur leurs territoires respectifs, tandis que les pasteurs de district seront responsables de la mise en \u0153uvre de la strat\u00e9gie dans leurs congr\u00e9gations locales. Chaque \u00e9glise d\u00e9signera un ancien et un responsable de la formation de disciples pour coordonner le processus, tandis que des bin\u00f4mes de mentorat seront organis\u00e9s au sein de petits groupes pour accompagner les membres \u00e0 travers les diff\u00e9rentes \u00e9tapes.<\/p>\n<p>L&rsquo;union pr\u00e9voit d&rsquo;\u00e9valuer les progr\u00e8s r\u00e9alis\u00e9s lors des r\u00e9unions mensuelles des pasteurs. Les administrateurs de l&rsquo;union se rendront \u00e9galement dans les champs locaux deux fois par an pour des \u00e9valuations. La formation et la mise en \u0153uvre se poursuivront champ apr\u00e8s champ, et district apr\u00e8s district, y compris pendant le premier trimestre 2027.<\/p>\n<p><div id=\"attachment_148149\" style=\"width: 871px\" class=\"wp-caption aligncenter\"><img loading=\"lazy\" decoding=\"async\" aria-describedby=\"caption-attachment-148149\" class=\" wp-image-148149\" src=\"https:\/\/interamerica.org\/wp-content\/uploads\/2026\/08\/semu-meetings-img-5880jpg.jpg\" alt=\"\" width=\"861\" height=\"559\" srcset=\"https:\/\/interamerica.org\/wp-content\/uploads\/2026\/08\/semu-meetings-img-5880jpg.jpg 1000w, https:\/\/interamerica.org\/wp-content\/uploads\/2026\/08\/semu-meetings-img-5880jpg-300x195.jpg 300w, https:\/\/interamerica.org\/wp-content\/uploads\/2026\/08\/semu-meetings-img-5880jpg-768x498.jpg 768w\" sizes=\"(max-width: 861px) 100vw, 861px\" \/><p id=\"caption-attachment-148149\" class=\"wp-caption-text\">Gabriel Estrada, tr\u00e9sorier de l&rsquo;Union du Sud-Est du Mexique, souligne \u00e0 quel point il est important d&rsquo;aligner les ressources financi\u00e8res sur les priorit\u00e9s de la mission afin de soutenir la nouvelle strat\u00e9gie de formation de disciples. [Photo : Avec l\u2019aimable autorisation de l&rsquo;Union du Sud-Est du Mexique]<\/p><\/div><strong>Chaque personne compte <\/strong><\/p>\n<p>Pour Otoniel L\u00f3pez, secr\u00e9taire ex\u00e9cutif de l&rsquo;Union du Sud-Est du Mexique, les tendances en mati\u00e8re d\u2019effectifs de membres qui ont contribu\u00e9 \u00e0 l&rsquo;\u00e9laboration de cette strat\u00e9gie repr\u00e9sentent en fin de compte des individus qui ont besoin d&rsquo;une attention et d&rsquo;un soutien constants.<\/p>\n<p>\u00ab Chaque chiffre repr\u00e9sente une personne, et chaque personne est une \u00e2me pour le royaume des cieux, \u00bb a d\u00e9clar\u00e9 Otoniel L\u00f3pez.<\/p>\n<p>Le Secr\u00e9tariat soutient la strat\u00e9gie par le biais de son processus de v\u00e9rification des registres de membres, qui aide les pasteurs \u00e0 identifier les membres actifs, ceux qui pourraient avoir besoin d&rsquo;un transfert et ceux qui se sont \u00e9loign\u00e9s de l&rsquo;\u00e9glise et pourraient avoir besoin d\u2019un nouvel accompagnement pastoral.<\/p>\n<p>Ce travail, a d\u00e9clar\u00e9 Otoniel L\u00f3pez, va au-del\u00e0 de la simple tenue de registres \u00e0 jour. Il peut aider \u00e0 identifier les personnes qui ont besoin qu\u2019on les contacte, qu\u2019on les \u00e9coute et qu\u2019on les aide \u00e0 renouer avec une communaut\u00e9 religieuse.<\/p>\n<p><strong>Les ressources suivent la mission <\/strong><\/p>\n<p>Le tr\u00e9sorier de l&rsquo;union, Gabriel Estrada, a d\u00e9clar\u00e9 que la nouvelle strat\u00e9gie se traduira \u00e9galement par une planification financi\u00e8re ad\u00e9quate.<\/p>\n<p><div id=\"attachment_148151\" style=\"width: 864px\" class=\"wp-caption aligncenter\"><img loading=\"lazy\" decoding=\"async\" aria-describedby=\"caption-attachment-148151\" class=\" wp-image-148151\" src=\"https:\/\/interamerica.org\/wp-content\/uploads\/2026\/08\/semu-sigueme-book-img-5851jpg-1024x505.jpg\" alt=\"\" width=\"854\" height=\"421\" srcset=\"https:\/\/interamerica.org\/wp-content\/uploads\/2026\/08\/semu-sigueme-book-img-5851jpg-1024x505.jpg 1024w, https:\/\/interamerica.org\/wp-content\/uploads\/2026\/08\/semu-sigueme-book-img-5851jpg-300x148.jpg 300w, https:\/\/interamerica.org\/wp-content\/uploads\/2026\/08\/semu-sigueme-book-img-5851jpg-768x378.jpg 768w, https:\/\/interamerica.org\/wp-content\/uploads\/2026\/08\/semu-sigueme-book-img-5851jpg.jpg 1100w\" sizes=\"(max-width: 854px) 100vw, 854px\" \/><p id=\"caption-attachment-148151\" class=\"wp-caption-text\">Les pasteurs et les directeurs de d\u00e9partement tiennent le manuel de la strat\u00e9gie du projet \u00ab Suis-moi \u00bb qu&rsquo;ils utiliseront pour mettre en place la nouvelle strat\u00e9gie de formation de disciples dans les \u00e9glises de l&rsquo;Union du Sud-Est du Mexique. [Photo : Avec l\u2019aimable autorisation de l&rsquo;Union du Sud-Est du Mexique]<\/p><\/div>\u00ab Pour la Tr\u00e9sorerie, le plan de formation de disciples \u2018Suis-moi\u2019 est une priorit\u00e9 absolue, \u00bb a dit Gabriel Estrada.<\/p>\n<p>Les \u00e9glises, les champs locaux et l&rsquo;union seront encourag\u00e9s \u00e0 aligner leurs ressources financi\u00e8res sur les priorit\u00e9s de la mission afin que la formation de disciples soit soutenue non pas comme une simple initiative, mais comme une partie int\u00e9grante de la vie de l&rsquo;\u00c9glise, a-t-il expliqu\u00e9. Pour Gabriel Estrada, ce lien va bien au-del\u00e0 des budgets. La gestion chr\u00e9tienne et le discipulat, a-t-il d\u00e9clar\u00e9, sont deux expressions d\u2019une vie orient\u00e9e vers la mission.<\/p>\n<p><strong>De la strat\u00e9gie \u00e0 la culture de l\u2019\u00c9glise<\/strong><\/p>\n<p>Le vrai test pour le programme \u00ab Suis-Moi \u00bb se fera au sein des congr\u00e9gations locales, o\u00f9 les pasteurs et les dirigeants la\u00efcs mettront la strat\u00e9gie en pratique.<\/p>\n<p>Le pasteur Rigoberto Reyes Gonz\u00e1lez, qui a la charge d\u2019un district de trois \u00e9glises avec un total de 350 membres \u00e0 Villahermosa, dans l\u2019\u00e9tat de Tabasco, a d\u00e9clar\u00e9 que la rencontre pastorale l\u2019avait pouss\u00e9 \u00e0 privil\u00e9gier les personnes plut\u00f4t que les activit\u00e9s et \u00e0 s\u2019investir de mani\u00e8re plus intentionnelle dans la formation des disciples.<\/p>\n<p>\u00ab Je souhaite que ce programme devienne la nouvelle culture de mon \u00e9glise dans les ann\u00e9es \u00e0 venir, \u00bb a dit pasteur Reyes Gonz\u00e1lez.<\/p>\n<p>Cela implique d\u2019aller au-del\u00e0 de la simple gestion des activit\u00e9s de l\u2019\u00e9glise, a-t-il ajout\u00e9, et de former de mani\u00e8re intentionnelle des personnes qui sont engag\u00e9es envers le Christ, le discipulat et la mission.<\/p>\n<p>Pasteur Joel G\u00f3mez Alvarado, responsable du district de Yaxkukul, compos\u00e9 de six \u00e9glises et qui compte 440 membres dans la F\u00e9d\u00e9ration de Mayab, est reparti de la rencontre avec un objectif similaire.<\/p>\n<p>\u00ab Je repars motiv\u00e9 \u00e0 faire de la formation de disciples un mode de vie, non seulement pour moi, mais aussi pour mon \u00e9glise, \u00bb a dit pasteur Joel G\u00f3mez.<\/p>\n<p><div id=\"attachment_148155\" style=\"width: 955px\" class=\"wp-caption aligncenter\"><img loading=\"lazy\" decoding=\"async\" aria-describedby=\"caption-attachment-148155\" class=\" wp-image-148155\" src=\"https:\/\/interamerica.org\/wp-content\/uploads\/2026\/08\/semu-group-photo-2-better-img-6017-2jpg-1024x339.jpg\" alt=\"\" width=\"945\" height=\"313\" srcset=\"https:\/\/interamerica.org\/wp-content\/uploads\/2026\/08\/semu-group-photo-2-better-img-6017-2jpg-1024x339.jpg 1024w, https:\/\/interamerica.org\/wp-content\/uploads\/2026\/08\/semu-group-photo-2-better-img-6017-2jpg-300x99.jpg 300w, https:\/\/interamerica.org\/wp-content\/uploads\/2026\/08\/semu-group-photo-2-better-img-6017-2jpg-768x254.jpg 768w, https:\/\/interamerica.org\/wp-content\/uploads\/2026\/08\/semu-group-photo-2-better-img-6017-2jpg.jpg 1500w\" sizes=\"(max-width: 945px) 100vw, 945px\" \/><p id=\"caption-attachment-148155\" class=\"wp-caption-text\">Des pasteurs et des dirigeants de l&rsquo;Union du Sud-Est du Mexique sont r\u00e9unis pour une photo de groupe lors de la rencontre pastorale. [Photo : Avec l\u2019aimable autorisation de l&rsquo;Union du Sud-Est du Mexique]<\/p><\/div>Pasteur Joel G\u00f3mez pr\u00e9voit de commencer par former les anciens, les membres des comit\u00e9s d\u2019\u00e9glise et les responsables de petits groupes afin qu&rsquo;ils fassent d&rsquo;abord l&rsquo;exp\u00e9rience du discipulat eux-m\u00eames et soient ensuite \u00e9quip\u00e9s pour guider et motiver les autres.<\/p>\n<p><strong>La mission continue apr\u00e8s le bapt\u00eame<\/strong><\/p>\n<p>Avec 728 \u00c9glises et 605 groupes dans toute l&rsquo;Union du Sud-Est du Mexique, les dirigeants reconnaissent qu&rsquo;\u00e9tablir une culture commune du discipulat sur l&rsquo;ensemble du territoire prendra du temps.<\/p>\n<p>C&rsquo;est pr\u00e9cis\u00e9ment pourquoi pasteur Celis a soulign\u00e9 que \u00ab Suis-moi \u00bb n&rsquo;est pas pr\u00e9sent\u00e9 comme une campagne temporaire. Son succ\u00e8s, a-t-il dit, d\u00e9pendra du fait que les pasteurs, les anciens, les responsables de minist\u00e8re et les membres d\u2019\u00e9glise consid\u00e8rent la formation de disciples comme une responsabilit\u00e9 continue.<\/p>\n<p>La rencontre qui a eu lieu au mois d&rsquo;ao\u00fbt s&rsquo;est conclue sur des moments d\u2019\u00e9tude et de pri\u00e8re et avec un engagement des pasteurs \u00e0 commencer \u00e0 mettre en \u0153uvre cette strat\u00e9gie dans leurs districts et leurs congr\u00e9gations.<\/p>\n<p>Pour les dirigeants de l\u2019union, l&rsquo;objectif est de faire en sorte que l&rsquo;\u00e9vang\u00e9lisation conduise non seulement \u00e0 une d\u00e9cision de se faire baptiser, mais aussi \u00e0 un cheminement continu \u00e0 travers lequel les membres sont accompagn\u00e9s, fortifi\u00e9s dans leur foi, impliqu\u00e9s dans le service et, finalement, \u00e9quip\u00e9s pour amener d&rsquo;autres personnes \u00e0 J\u00e9sus.<\/p>\n<p>\u00ab Le discipulat est un processus qui dure toute la vie, \u00bb a d\u00e9clar\u00e9 pasteur Celis.<\/p>\n<p>Traduction: Patrick Luciathe<\/p>\n","protected":false},"excerpt":{"rendered":"<p>Cette initiative \u00e0 long terme, men\u00e9e par l&rsquo;Union du Sud-Est du Mexique, cherche \u00e0 consolider la croissance spirituelle et \u00e0 s\u2019assurer que les nouveaux membres soient accompagn\u00e9s de mani\u00e8re d\u00e9lib\u00e9r\u00e9e&#8230;<\/p>\n","protected":false},"author":3,"featured_media":148218,"comment_status":"closed","ping_status":"closed","sticky":false,"template":"","format":"standard","meta":{"_acf_changed":false,"footnotes":""},"categories":[21,19],"tags":[],"class_list":["post-148215","post","type-post","status-publish","format-standard","has-post-thumbnail","hentry","category-nouvelles-du-territoire","category-rss-francais"],"acf":[],"yoast_head":"<!-- This site is optimized with the Yoast SEO plugin v28.1 - https:\/\/yoast.com\/product\/yoast-seo-wordpress\/ -->\n<title>Au Mexique, les dirigeants adventistes lancent une nouvelle strat\u00e9gie pour faire du discipulat une culture de l&#039;\u00c9glise - \u00c9glise Adventiste Du Septieme Jour - Inter Am\u00e9rique Division<\/title>\n<meta name=\"robots\" content=\"index, follow, max-snippet:-1, max-image-preview:large, max-video-preview:-1\" \/>\n<link rel=\"canonical\" href=\"https:\/\/interamerica.org\/fr\/2026\/09\/au-mexique-les-dirigeants-adventistes-lancent-une-nouvelle-strategie-pour-faire-du-discipulat-une-culture-de-leglise\/\" \/>\n<meta property=\"og:locale\" content=\"fr_FR\" \/>\n<meta property=\"og:type\" content=\"article\" \/>\n<meta property=\"og:title\" content=\"Au Mexique, les dirigeants adventistes lancent une nouvelle strat\u00e9gie pour faire du discipulat une culture de l&#039;\u00c9glise - \u00c9glise Adventiste Du Septieme Jour - Inter Am\u00e9rique Division\" \/>\n<meta property=\"og:description\" content=\"Cette initiative \u00e0 long terme, men\u00e9e par l&rsquo;Union du Sud-Est du Mexique, cherche \u00e0 consolider la croissance spirituelle et \u00e0 s\u2019assurer que les nouveaux membres soient accompagn\u00e9s de mani\u00e8re d\u00e9lib\u00e9r\u00e9e...\" \/>\n<meta property=\"og:url\" content=\"https:\/\/interamerica.org\/fr\/2026\/09\/au-mexique-les-dirigeants-adventistes-lancent-une-nouvelle-strategie-pour-faire-du-discipulat-une-culture-de-leglise\/\" \/>\n<meta property=\"og:site_name\" content=\"\u00c9glise Adventiste Du Septieme Jour - Inter Am\u00e9rique Division\" \/>\n<meta property=\"article:published_time\" content=\"2026-09-01T21:34:16+00:00\" \/>\n<meta property=\"og:image\" content=\"https:\/\/interamerica.org\/wp-content\/uploads\/2026\/09\/semu-guide-leaders-thumbnail-img-5851jpg.jpg\" \/>\n\t<meta property=\"og:image:width\" content=\"1280\" \/>\n\t<meta property=\"og:image:height\" content=\"800\" \/>\n\t<meta property=\"og:image:type\" content=\"image\/jpeg\" \/>\n<meta name=\"author\" content=\"libna\" \/>\n<meta name=\"twitter:card\" content=\"summary_large_image\" \/>\n<meta name=\"twitter:label1\" content=\"\u00c9crit par\" \/>\n\t<meta name=\"twitter:data1\" content=\"libna\" \/>\n\t<meta name=\"twitter:label2\" content=\"Dur\u00e9e de lecture estim\u00e9e\" \/>\n\t<meta name=\"twitter:data2\" content=\"10 minutes\" \/>\n<script type=\"application\/ld+json\" class=\"yoast-schema-graph\">{\"@context\":\"https:\\\/\\\/schema.org\",\"@graph\":[{\"@type\":\"Article\",\"@id\":\"https:\\\/\\\/interamerica.org\\\/fr\\\/2026\\\/09\\\/au-mexique-les-dirigeants-adventistes-lancent-une-nouvelle-strategie-pour-faire-du-discipulat-une-culture-de-leglise\\\/#article\",\"isPartOf\":{\"@id\":\"https:\\\/\\\/interamerica.org\\\/fr\\\/2026\\\/09\\\/au-mexique-les-dirigeants-adventistes-lancent-une-nouvelle-strategie-pour-faire-du-discipulat-une-culture-de-leglise\\\/\"},\"author\":{\"name\":\"libna\",\"@id\":\"https:\\\/\\\/interamerica.org\\\/fr\\\/#\\\/schema\\\/person\\\/29998f2bc2d8bd0d38662909289b54f1\"},\"headline\":\"Au Mexique, les dirigeants adventistes lancent une nouvelle strat\u00e9gie pour faire du discipulat une culture de l&rsquo;\u00c9glise\",\"datePublished\":\"2026-09-01T21:34:16+00:00\",\"mainEntityOfPage\":{\"@id\":\"https:\\\/\\\/interamerica.org\\\/fr\\\/2026\\\/09\\\/au-mexique-les-dirigeants-adventistes-lancent-une-nouvelle-strategie-pour-faire-du-discipulat-une-culture-de-leglise\\\/\"},\"wordCount\":2162,\"image\":{\"@id\":\"https:\\\/\\\/interamerica.org\\\/fr\\\/2026\\\/09\\\/au-mexique-les-dirigeants-adventistes-lancent-une-nouvelle-strategie-pour-faire-du-discipulat-une-culture-de-leglise\\\/#primaryimage\"},\"thumbnailUrl\":\"https:\\\/\\\/interamerica.org\\\/wp-content\\\/uploads\\\/2026\\\/09\\\/semu-guide-leaders-thumbnail-img-5851jpg.jpg\",\"articleSection\":[\"Nouvelles du territoire\",\"RSS Fran\u00e7ais\"],\"inLanguage\":\"fr-FR\"},{\"@type\":\"WebPage\",\"@id\":\"https:\\\/\\\/interamerica.org\\\/fr\\\/2026\\\/09\\\/au-mexique-les-dirigeants-adventistes-lancent-une-nouvelle-strategie-pour-faire-du-discipulat-une-culture-de-leglise\\\/\",\"url\":\"https:\\\/\\\/interamerica.org\\\/fr\\\/2026\\\/09\\\/au-mexique-les-dirigeants-adventistes-lancent-une-nouvelle-strategie-pour-faire-du-discipulat-une-culture-de-leglise\\\/\",\"name\":\"Au Mexique, les dirigeants adventistes lancent une nouvelle strat\u00e9gie pour faire du discipulat une culture de l'\u00c9glise - \u00c9glise Adventiste Du Septieme Jour - Inter Am\u00e9rique Division\",\"isPartOf\":{\"@id\":\"https:\\\/\\\/interamerica.org\\\/fr\\\/#website\"},\"primaryImageOfPage\":{\"@id\":\"https:\\\/\\\/interamerica.org\\\/fr\\\/2026\\\/09\\\/au-mexique-les-dirigeants-adventistes-lancent-une-nouvelle-strategie-pour-faire-du-discipulat-une-culture-de-leglise\\\/#primaryimage\"},\"image\":{\"@id\":\"https:\\\/\\\/interamerica.org\\\/fr\\\/2026\\\/09\\\/au-mexique-les-dirigeants-adventistes-lancent-une-nouvelle-strategie-pour-faire-du-discipulat-une-culture-de-leglise\\\/#primaryimage\"},\"thumbnailUrl\":\"https:\\\/\\\/interamerica.org\\\/wp-content\\\/uploads\\\/2026\\\/09\\\/semu-guide-leaders-thumbnail-img-5851jpg.jpg\",\"datePublished\":\"2026-09-01T21:34:16+00:00\",\"author\":{\"@id\":\"https:\\\/\\\/interamerica.org\\\/fr\\\/#\\\/schema\\\/person\\\/29998f2bc2d8bd0d38662909289b54f1\"},\"breadcrumb\":{\"@id\":\"https:\\\/\\\/interamerica.org\\\/fr\\\/2026\\\/09\\\/au-mexique-les-dirigeants-adventistes-lancent-une-nouvelle-strategie-pour-faire-du-discipulat-une-culture-de-leglise\\\/#breadcrumb\"},\"inLanguage\":\"fr-FR\",\"potentialAction\":[{\"@type\":\"ReadAction\",\"target\":[\"https:\\\/\\\/interamerica.org\\\/fr\\\/2026\\\/09\\\/au-mexique-les-dirigeants-adventistes-lancent-une-nouvelle-strategie-pour-faire-du-discipulat-une-culture-de-leglise\\\/\"]}]},{\"@type\":\"ImageObject\",\"inLanguage\":\"fr-FR\",\"@id\":\"https:\\\/\\\/interamerica.org\\\/fr\\\/2026\\\/09\\\/au-mexique-les-dirigeants-adventistes-lancent-une-nouvelle-strategie-pour-faire-du-discipulat-une-culture-de-leglise\\\/#primaryimage\",\"url\":\"https:\\\/\\\/interamerica.org\\\/wp-content\\\/uploads\\\/2026\\\/09\\\/semu-guide-leaders-thumbnail-img-5851jpg.jpg\",\"contentUrl\":\"https:\\\/\\\/interamerica.org\\\/wp-content\\\/uploads\\\/2026\\\/09\\\/semu-guide-leaders-thumbnail-img-5851jpg.jpg\",\"width\":1280,\"height\":800},{\"@type\":\"BreadcrumbList\",\"@id\":\"https:\\\/\\\/interamerica.org\\\/fr\\\/2026\\\/09\\\/au-mexique-les-dirigeants-adventistes-lancent-une-nouvelle-strategie-pour-faire-du-discipulat-une-culture-de-leglise\\\/#breadcrumb\",\"itemListElement\":[{\"@type\":\"ListItem\",\"position\":1,\"name\":\"Home\",\"item\":\"https:\\\/\\\/interamerica.org\\\/fr\\\/\"},{\"@type\":\"ListItem\",\"position\":2,\"name\":\"Au Mexique, les dirigeants adventistes lancent une nouvelle strat\u00e9gie pour faire du discipulat une culture de l&#8217;\u00c9glise\"}]},{\"@type\":\"WebSite\",\"@id\":\"https:\\\/\\\/interamerica.org\\\/fr\\\/#website\",\"url\":\"https:\\\/\\\/interamerica.org\\\/fr\\\/\",\"name\":\"\u00c9glise Adventiste Du Septieme Jour - Inter Am\u00e9rique Division\",\"description\":\"\",\"potentialAction\":[{\"@type\":\"SearchAction\",\"target\":{\"@type\":\"EntryPoint\",\"urlTemplate\":\"https:\\\/\\\/interamerica.org\\\/fr\\\/?s={search_term_string}\"},\"query-input\":{\"@type\":\"PropertyValueSpecification\",\"valueRequired\":true,\"valueName\":\"search_term_string\"}}],\"inLanguage\":\"fr-FR\"},{\"@type\":\"Person\",\"@id\":\"https:\\\/\\\/interamerica.org\\\/fr\\\/#\\\/schema\\\/person\\\/29998f2bc2d8bd0d38662909289b54f1\",\"name\":\"libna\",\"image\":{\"@type\":\"ImageObject\",\"inLanguage\":\"fr-FR\",\"@id\":\"https:\\\/\\\/secure.gravatar.com\\\/avatar\\\/7c5bd30ae4b47a9ba3c856590957fd1d96dc588bf3ac05719d247e126840331f?s=96&d=mm&r=g\",\"url\":\"https:\\\/\\\/secure.gravatar.com\\\/avatar\\\/7c5bd30ae4b47a9ba3c856590957fd1d96dc588bf3ac05719d247e126840331f?s=96&d=mm&r=g\",\"contentUrl\":\"https:\\\/\\\/secure.gravatar.com\\\/avatar\\\/7c5bd30ae4b47a9ba3c856590957fd1d96dc588bf3ac05719d247e126840331f?s=96&d=mm&r=g\",\"caption\":\"libna\"}}]}<\/script>\n<!-- \/ Yoast SEO plugin. -->","yoast_head_json":{"title":"Au Mexique, les dirigeants adventistes lancent une nouvelle strat\u00e9gie pour faire du discipulat une culture de l'\u00c9glise - \u00c9glise Adventiste Du Septieme Jour - Inter Am\u00e9rique Division","robots":{"index":"index","follow":"follow","max-snippet":"max-snippet:-1","max-image-preview":"max-image-preview:large","max-video-preview":"max-video-preview:-1"},"canonical":"https:\/\/interamerica.org\/fr\/2026\/09\/au-mexique-les-dirigeants-adventistes-lancent-une-nouvelle-strategie-pour-faire-du-discipulat-une-culture-de-leglise\/","og_locale":"fr_FR","og_type":"article","og_title":"Au Mexique, les dirigeants adventistes lancent une nouvelle strat\u00e9gie pour faire du discipulat une culture de l'\u00c9glise - \u00c9glise Adventiste Du Septieme Jour - Inter Am\u00e9rique Division","og_description":"Cette initiative \u00e0 long terme, men\u00e9e par l&rsquo;Union du Sud-Est du Mexique, cherche \u00e0 consolider la croissance spirituelle et \u00e0 s\u2019assurer que les nouveaux membres soient accompagn\u00e9s de mani\u00e8re d\u00e9lib\u00e9r\u00e9e...","og_url":"https:\/\/interamerica.org\/fr\/2026\/09\/au-mexique-les-dirigeants-adventistes-lancent-une-nouvelle-strategie-pour-faire-du-discipulat-une-culture-de-leglise\/","og_site_name":"\u00c9glise Adventiste Du Septieme Jour - Inter Am\u00e9rique Division","article_published_time":"2026-09-01T21:34:16+00:00","og_image":[{"width":1280,"height":800,"url":"https:\/\/interamerica.org\/wp-content\/uploads\/2026\/09\/semu-guide-leaders-thumbnail-img-5851jpg.jpg","type":"image\/jpeg"}],"author":"libna","twitter_card":"summary_large_image","twitter_misc":{"\u00c9crit par":"libna","Dur\u00e9e de lecture estim\u00e9e":"10 minutes"},"schema":{"@context":"https:\/\/schema.org","@graph":[{"@type":"Article","@id":"https:\/\/interamerica.org\/fr\/2026\/09\/au-mexique-les-dirigeants-adventistes-lancent-une-nouvelle-strategie-pour-faire-du-discipulat-une-culture-de-leglise\/#article","isPartOf":{"@id":"https:\/\/interamerica.org\/fr\/2026\/09\/au-mexique-les-dirigeants-adventistes-lancent-une-nouvelle-strategie-pour-faire-du-discipulat-une-culture-de-leglise\/"},"author":{"name":"libna","@id":"https:\/\/interamerica.org\/fr\/#\/schema\/person\/29998f2bc2d8bd0d38662909289b54f1"},"headline":"Au Mexique, les dirigeants adventistes lancent une nouvelle strat\u00e9gie pour faire du discipulat une culture de l&rsquo;\u00c9glise","datePublished":"2026-09-01T21:34:16+00:00","mainEntityOfPage":{"@id":"https:\/\/interamerica.org\/fr\/2026\/09\/au-mexique-les-dirigeants-adventistes-lancent-une-nouvelle-strategie-pour-faire-du-discipulat-une-culture-de-leglise\/"},"wordCount":2162,"image":{"@id":"https:\/\/interamerica.org\/fr\/2026\/09\/au-mexique-les-dirigeants-adventistes-lancent-une-nouvelle-strategie-pour-faire-du-discipulat-une-culture-de-leglise\/#primaryimage"},"thumbnailUrl":"https:\/\/interamerica.org\/wp-content\/uploads\/2026\/09\/semu-guide-leaders-thumbnail-img-5851jpg.jpg","articleSection":["Nouvelles du territoire","RSS Fran\u00e7ais"],"inLanguage":"fr-FR"},{"@type":"WebPage","@id":"https:\/\/interamerica.org\/fr\/2026\/09\/au-mexique-les-dirigeants-adventistes-lancent-une-nouvelle-strategie-pour-faire-du-discipulat-une-culture-de-leglise\/","url":"https:\/\/interamerica.org\/fr\/2026\/09\/au-mexique-les-dirigeants-adventistes-lancent-une-nouvelle-strategie-pour-faire-du-discipulat-une-culture-de-leglise\/","name":"Au Mexique, les dirigeants adventistes lancent une nouvelle strat\u00e9gie pour faire du discipulat une culture de l'\u00c9glise - \u00c9glise Adventiste Du Septieme Jour - Inter Am\u00e9rique Division","isPartOf":{"@id":"https:\/\/interamerica.org\/fr\/#website"},"primaryImageOfPage":{"@id":"https:\/\/interamerica.org\/fr\/2026\/09\/au-mexique-les-dirigeants-adventistes-lancent-une-nouvelle-strategie-pour-faire-du-discipulat-une-culture-de-leglise\/#primaryimage"},"image":{"@id":"https:\/\/interamerica.org\/fr\/2026\/09\/au-mexique-les-dirigeants-adventistes-lancent-une-nouvelle-strategie-pour-faire-du-discipulat-une-culture-de-leglise\/#primaryimage"},"thumbnailUrl":"https:\/\/interamerica.org\/wp-content\/uploads\/2026\/09\/semu-guide-leaders-thumbnail-img-5851jpg.jpg","datePublished":"2026-09-01T21:34:16+00:00","author":{"@id":"https:\/\/interamerica.org\/fr\/#\/schema\/person\/29998f2bc2d8bd0d38662909289b54f1"},"breadcrumb":{"@id":"https:\/\/interamerica.org\/fr\/2026\/09\/au-mexique-les-dirigeants-adventistes-lancent-une-nouvelle-strategie-pour-faire-du-discipulat-une-culture-de-leglise\/#breadcrumb"},"inLanguage":"fr-FR","potentialAction":[{"@type":"ReadAction","target":["https:\/\/interamerica.org\/fr\/2026\/09\/au-mexique-les-dirigeants-adventistes-lancent-une-nouvelle-strategie-pour-faire-du-discipulat-une-culture-de-leglise\/"]}]},{"@type":"ImageObject","inLanguage":"fr-FR","@id":"https:\/\/interamerica.org\/fr\/2026\/09\/au-mexique-les-dirigeants-adventistes-lancent-une-nouvelle-strategie-pour-faire-du-discipulat-une-culture-de-leglise\/#primaryimage","url":"https:\/\/interamerica.org\/wp-content\/uploads\/2026\/09\/semu-guide-leaders-thumbnail-img-5851jpg.jpg","contentUrl":"https:\/\/interamerica.org\/wp-content\/uploads\/2026\/09\/semu-guide-leaders-thumbnail-img-5851jpg.jpg","width":1280,"height":800},{"@type":"BreadcrumbList","@id":"https:\/\/interamerica.org\/fr\/2026\/09\/au-mexique-les-dirigeants-adventistes-lancent-une-nouvelle-strategie-pour-faire-du-discipulat-une-culture-de-leglise\/#breadcrumb","itemListElement":[{"@type":"ListItem","position":1,"name":"Home","item":"https:\/\/interamerica.org\/fr\/"},{"@type":"ListItem","position":2,"name":"Au Mexique, les dirigeants adventistes lancent une nouvelle strat\u00e9gie pour faire du discipulat une culture de l&#8217;\u00c9glise"}]},{"@type":"WebSite","@id":"https:\/\/interamerica.org\/fr\/#website","url":"https:\/\/interamerica.org\/fr\/","name":"\u00c9glise Adventiste Du Septieme Jour - Inter Am\u00e9rique Division","description":"","potentialAction":[{"@type":"SearchAction","target":{"@type":"EntryPoint","urlTemplate":"https:\/\/interamerica.org\/fr\/?s={search_term_string}"},"query-input":{"@type":"PropertyValueSpecification","valueRequired":true,"valueName":"search_term_string"}}],"inLanguage":"fr-FR"},{"@type":"Person","@id":"https:\/\/interamerica.org\/fr\/#\/schema\/person\/29998f2bc2d8bd0d38662909289b54f1","name":"libna","image":{"@type":"ImageObject","inLanguage":"fr-FR","@id":"https:\/\/secure.gravatar.com\/avatar\/7c5bd30ae4b47a9ba3c856590957fd1d96dc588bf3ac05719d247e126840331f?s=96&d=mm&r=g","url":"https:\/\/secure.gravatar.com\/avatar\/7c5bd30ae4b47a9ba3c856590957fd1d96dc588bf3ac05719d247e126840331f?s=96&d=mm&r=g","contentUrl":"https:\/\/secure.gravatar.com\/avatar\/7c5bd30ae4b47a9ba3c856590957fd1d96dc588bf3ac05719d247e126840331f?s=96&d=mm&r=g","caption":"libna"}}]}},"_links":{"self":[{"href":"https:\/\/interamerica.org\/fr\/wp-json\/wp\/v2\/posts\/148215","targetHints":{"allow":["GET"]}}],"collection":[{"href":"https:\/\/interamerica.org\/fr\/wp-json\/wp\/v2\/posts"}],"about":[{"href":"https:\/\/interamerica.org\/fr\/wp-json\/wp\/v2\/types\/post"}],"author":[{"embeddable":true,"href":"https:\/\/interamerica.org\/fr\/wp-json\/wp\/v2\/users\/3"}],"replies":[{"embeddable":true,"href":"https:\/\/interamerica.org\/fr\/wp-json\/wp\/v2\/comments?post=148215"}],"version-history":[{"count":1,"href":"https:\/\/interamerica.org\/fr\/wp-json\/wp\/v2\/posts\/148215\/revisions"}],"predecessor-version":[{"id":148248,"href":"https:\/\/interamerica.org\/fr\/wp-json\/wp\/v2\/posts\/148215\/revisions\/148248"}],"wp:featuredmedia":[{"embeddable":true,"href":"https:\/\/interamerica.org\/fr\/wp-json\/wp\/v2\/media\/148218"}],"wp:attachment":[{"href":"https:\/\/interamerica.org\/fr\/wp-json\/wp\/v2\/media?parent=148215"}],"wp:term":[{"taxonomy":"category","embeddable":true,"href":"https:\/\/interamerica.org\/fr\/wp-json\/wp\/v2\/categories?post=148215"},{"taxonomy":"post_tag","embeddable":true,"href":"https:\/\/interamerica.org\/fr\/wp-json\/wp\/v2\/tags?post=148215"}],"curies":[{"name":"wp","href":"https:\/\/api.w.org\/{rel}","templated":true}]}}