{"id":148258,"date":"2026-08-31T10:30:00","date_gmt":"2026-08-31T14:30:00","guid":{"rendered":"https:\/\/interamerica.org\/?p=148258"},"modified":"2026-08-31T10:52:53","modified_gmt":"2026-08-31T14:52:53","slug":"le-soleil-brille-toujours","status":"publish","type":"post","link":"https:\/\/interamerica.org\/fr\/2026\/08\/le-soleil-brille-toujours\/","title":{"rendered":"Le soleil brille toujours"},"content":{"rendered":"<p><i><span style=\"font-weight: 400;\">La foi, la science et l\u2019\u00e9merveillement se rencontrent sous le ciel espagnol.<\/span><\/i><\/p>\n<p><span style=\"font-weight: 400;\">Le 31 ao\u00fbt 2026 | Sagunto, Valencia, Espagne | Vanesa Pizzuto, Actualit\u00e9s de la Division transeurop\u00e9enne<\/span><\/p>\n<p><span style=\"font-weight: 400;\">Du 10 au 13 ao\u00fbt, plus de 30 scientifiques et passionn\u00e9s de science \u00e9taient rassembl\u00e9s \u00e0 Sagunto, en Espagne, pour la Conf\u00e9rence sur la foi et la science organis\u00e9e par le GRI (Geoscience Research Institute). Mais cette conf\u00e9rence \u00e9tait tout sauf ordinaire. L\u2019\u00e9v\u00e9nement a \u00e9t\u00e9 organis\u00e9 de mani\u00e8re \u00e0 co\u00efncider avec l\u2019\u00e9clipse solaire totale du 12 ao\u00fbt, l\u2019un des plus beaux spectacles de la nature et \u00e9v\u00e9nement ayant attir\u00e9 l\u2019attention de toute l\u2019Europe. Pour les participants, la conf\u00e9rence fut une rare occasion de voir la science se d\u00e9ployer au-dessus de leur t\u00eate lorsque la lune s\u2019appr\u00eatait \u00e0 passer devant le soleil.\u00a0<\/span><\/p>\n<p><span style=\"font-weight: 400;\">Sous le th\u00e8me \u00ab\u00a0Le soleil brille toujours\u00a0\u00bb et les pr\u00e9sentations des deux orateurs invit\u00e9s internationaux, soit Josue Cardoso Dos Santos et Daniel Blanco, des repr\u00e9sentants de plus de dix pays ont explor\u00e9 la relation entre la science et la cr\u00e9ation.<\/span><\/p>\n<p><div id=\"attachment_148158\" style=\"width: 895px\" class=\"wp-caption aligncenter\"><img fetchpriority=\"high\" decoding=\"async\" aria-describedby=\"caption-attachment-148158\" class=\" wp-image-148158\" src=\"https:\/\/interamerica.org\/wp-content\/uploads\/2026\/08\/faith-science-1-16-1200x0-c-default-1024x575.jpg\" alt=\"\" width=\"885\" height=\"497\" srcset=\"https:\/\/interamerica.org\/wp-content\/uploads\/2026\/08\/faith-science-1-16-1200x0-c-default-1024x575.jpg 1024w, https:\/\/interamerica.org\/wp-content\/uploads\/2026\/08\/faith-science-1-16-1200x0-c-default-300x169.jpg 300w, https:\/\/interamerica.org\/wp-content\/uploads\/2026\/08\/faith-science-1-16-1200x0-c-default-768x431.jpg 768w, https:\/\/interamerica.org\/wp-content\/uploads\/2026\/08\/faith-science-1-16-1200x0-c-default.jpg 1200w\" sizes=\"(max-width: 885px) 100vw, 885px\" \/><p id=\"caption-attachment-148158\" class=\"wp-caption-text\">La Conf\u00e9rence sur la foi et la science \u00e0 Sagunto, en Espagne, a \u00e9t\u00e9 organis\u00e9e par l\u2019Institut de recherche sur la g\u00e9oscience et co\u00efncidait avec l\u2019\u00e9clipse solaire totale du 12 ao\u00fbt. [Des photos de Marti Szyd\u0142owska, Mitchell Cordero et Vanesa Pizzuto]<\/p><\/div><span style=\"font-weight: 400;\">Josue Cardoso Dos Santos, un scientifique br\u00e9silien maintenant bas\u00e9 aux \u00c9tats-Unis, est professeur adjoint \u00e0 l\u2019Universit\u00e9 du Colorado, \u00e0 Colorado Springs, o\u00f9 il se sp\u00e9cialise en m\u00e9canique c\u00e9leste. Daniel Blanco, professeur argentin et chercheur \u00e0 l\u2019Universit\u00e9 National del Litoral, se sp\u00e9cialise en \u00e9pist\u00e9mologie et en histoire de la science.<\/span><\/p>\n<p><span style=\"font-weight: 400;\">Issus de diff\u00e9rents milieux universitaires, les deux orateurs ont abord\u00e9 la relation entre la foi et la science de deux points de vue compl\u00e9mentaires. Dans leurs pr\u00e9sentations, ils ont explor\u00e9 des questions allant des rem\u00e8des math\u00e9matiques de Ptol\u00e9m\u00e9e pour un cosmos \u00ab\u00a0rebelle\u00a0\u00bb au r\u00e9glage pr\u00e9cis de l\u2019univers en passant par la vitesse de la lumi\u00e8re et le d\u00e9fi d\u2019enseigner la physique et l\u2019astronomie d\u2019un point de vue biblique.<\/span><\/p>\n<p><b>L\u2019\u00e9clipse solaire totale<\/b><\/p>\n<p><span style=\"font-weight: 400;\">Ni la vague de chaleur ni le soleil espagnol impitoyable n\u2019ont r\u00e9ussi \u00e0 emp\u00eacher les participants et les invit\u00e9s \u00e0 gravir lentement la colline derri\u00e8re le campus adventiste de Sagunto au moment d\u2019observer l\u2019\u00e9clipse. Arm\u00e9s de chapeaux, de chasse-moustiques, de lunettes protectrices certifi\u00e9es ISO pour regarder l\u2019\u00e9clipse, ils se sont rassembl\u00e9s sur le flanc et ont attendu le spectacle de la nature qu\u2019un invit\u00e9 allait plus tard d\u00e9crire comme \u00ab\u00a0vraiment pas surestim\u00e9\u00a0\u00bb.<\/span><\/p>\n<p><div id=\"attachment_148159\" style=\"width: 836px\" class=\"wp-caption aligncenter\"><img decoding=\"async\" aria-describedby=\"caption-attachment-148159\" class=\" wp-image-148159\" src=\"https:\/\/interamerica.org\/wp-content\/uploads\/2026\/08\/faith-science-2-14.jpg\" alt=\"\" width=\"826\" height=\"464\" srcset=\"https:\/\/interamerica.org\/wp-content\/uploads\/2026\/08\/faith-science-2-14.jpg 630w, https:\/\/interamerica.org\/wp-content\/uploads\/2026\/08\/faith-science-2-14-300x169.jpg 300w\" sizes=\"(max-width: 826px) 100vw, 826px\" \/><p id=\"caption-attachment-148159\" class=\"wp-caption-text\"><span style=\"font-weight: 400;\">Durant la Conf\u00e9rence sur la foi et la science, les participants ont visit\u00e9 une exposition de science sur Galil\u00e9e dirig\u00e9e par Daniel Blanco. [Des photos de Marti Szyd\u0142owska, Mitchell Cordero et Vanesa Pizzuto]<\/span><\/p><\/div><span style=\"font-weight: 400;\">Ayant commenc\u00e9 autour de 19h30 pour devenir totale vers 20h30, l\u2019\u00e9clipse solaire s\u2019est graduellement d\u00e9ploy\u00e9e au-dessus d\u2019eux, suscitant les applaudissements spontan\u00e9s de joie du groupe. La plupart des participants voyaient une \u00e9clipse solaire totale pour la premi\u00e8re fois de leur vie, transformant ces quelques minutes en moment m\u00e9morable.<\/span><\/p>\n<p><span style=\"font-weight: 400;\">\u00ab\u00a0Pour moi, regarder l\u2019\u00e9clipse ensemble a \u00e9t\u00e9 l\u2019une des plus belles parties [de la conf\u00e9rence], a dit Noem\u00ed Dur\u00e1n, directrice du GRI Europe et organisatrice de l\u2019\u00e9v\u00e9nement. Le sentiment que nous avons eu lorsque nous avons pu enlever nos lunettes et voir le soleil totalement recouvert, et la couronne, et le fait de savoir que tous les autres membres du groupe ressentaient la m\u00eame chose furent indescriptibles.\u00a0\u00bb\u00a0<\/span><\/p>\n<p><span style=\"font-weight: 400;\">\u00ab\u00a0Tout le monde a commenc\u00e9 \u00e0 applaudir, et on pouvait entendre les gens crier, \u201cGloire \u00e0 Dieu!\u201d et \u201cMerci, Seigneur!\u201d Ce fut un cadeau pour tout le groupe\u00a0\u00bb, a dit Mme Dur\u00e1n en repensant \u00e0 la fa\u00e7on dont cette exp\u00e9rience commune d\u2019\u00e9merveillement a occasionn\u00e9 l\u2019adoration.<\/span><\/p>\n<p><b>L\u2019importance de tels \u00e9v\u00e9nements<\/b><\/p>\n<p><span style=\"font-weight: 400;\">La conf\u00e9rence a rassembl\u00e9 une vari\u00e9t\u00e9 de professionnels et d\u2019\u00e9tudiants europ\u00e9ens, dont des physiciens, des pharmaciens, des ing\u00e9nieurs et m\u00eame des influenceurs sur les m\u00e9dias sociaux int\u00e9ress\u00e9s \u00e0 publier du contenu sur la foi et la science. Ils viennent de milieux diff\u00e9rents, mais beaucoup ont le m\u00eame d\u00e9sir\u00a0: explorer les questions de foi et de science avec d\u2019autres qui prennent les deux au s\u00e9rieux. <\/span><\/p>\n<p><div id=\"attachment_148160\" style=\"width: 795px\" class=\"wp-caption aligncenter\"><img decoding=\"async\" aria-describedby=\"caption-attachment-148160\" class=\" wp-image-148160\" src=\"https:\/\/interamerica.org\/wp-content\/uploads\/2026\/08\/sagunto-valencia-3-12.jpg\" alt=\"\" width=\"785\" height=\"441\" srcset=\"https:\/\/interamerica.org\/wp-content\/uploads\/2026\/08\/sagunto-valencia-3-12.jpg 630w, https:\/\/interamerica.org\/wp-content\/uploads\/2026\/08\/sagunto-valencia-3-12-300x169.jpg 300w\" sizes=\"(max-width: 785px) 100vw, 785px\" \/><p id=\"caption-attachment-148160\" class=\"wp-caption-text\"><span style=\"font-weight: 400;\">Juste avant l\u2019\u00e9clipse solaire totale du 12 ao\u00fbt, les participants se sont rassembl\u00e9s pour une photo de groupe sur le flanc de la colline pr\u00e8s du campus adventiste de Sagunto. [Des photos de Marti Szyd\u0142owska, Mitchell Cordero et Vanesa Pizzuto]<\/span><\/p><\/div><span style=\"font-weight: 400;\">Claudio Gargano, ambassadeur du GRI en Italie, a commenc\u00e9 \u00e0 assister \u00e0 ces \u00e9v\u00e9nements, parce que, en tant que biologiste marin, il voulait explorer \u00ab\u00a0la fa\u00e7on dont ma croyance en Christ est en accord avec le monde dans lequel je vis. Alors je cherchais un groupe de personnes qui partagent ce point de vue.\u00a0\u00bb<\/span><\/p>\n<p><span style=\"font-weight: 400;\">Maintenant, \u00e0 titre d\u2019ambassadeur, il y voit l\u2019occasion de faire sortir ces conversations de la conf\u00e9rence. \u00ab\u00a0Il nous manque encore beaucoup de connaissances scientifiques sur le fonctionnement de la cr\u00e9ation. [\u2026] Nous tentons de combler ce manque dans des activit\u00e9s locales et des \u00e9v\u00e9nements internationaux. Voil\u00e0 pourquoi je suis heureux de partager ce que le GRI fait\u00a0\u00bb, a-t-il expliqu\u00e9.<\/span><\/p>\n<p><span style=\"font-weight: 400;\">Pour le physicien et pasteur allemand Martin Borm, combler le manque commence par la compr\u00e9hension. \u00ab\u00a0Il est important de comprendre comment les choses fonctionnent; dans la nature et dans les \u00c9critures. [\u2026] L\u2019ignorance est dangereuse. L\u2019humain a d\u00e9truit beaucoup de choses par manque de compr\u00e9hension et donc, d\u2019appr\u00e9ciation\u00a0\u00bb, a-t-il dit.<\/span><\/p>\n<p><span style=\"font-weight: 400;\">\u00ab\u00a0Nous n\u2019avons pas \u00e9t\u00e9 projet\u00e9s ici par accident chaotique, mais vivons dans un univers qui suit les lois de son Cr\u00e9ateur, a-t-il poursuivi. Par cons\u00e9quent, l\u2019ignorance des choses spirituelles est tout aussi destructrice. Si l\u2019humain n\u2019utilise pas sa capacit\u00e9 de comprendre, il ignore les moyens que Dieu lui a donn\u00e9s pour son propre salut. Il ne doit pas exister de chr\u00e9tiens paresseux et indiff\u00e9rents.\u00a0\u00bb<\/span><\/p>\n<p><div id=\"attachment_148161\" style=\"width: 759px\" class=\"wp-caption aligncenter\"><img loading=\"lazy\" decoding=\"async\" aria-describedby=\"caption-attachment-148161\" class=\" wp-image-148161\" src=\"https:\/\/interamerica.org\/wp-content\/uploads\/2026\/08\/sagunto-valencia-4-11.jpg\" alt=\"\" width=\"749\" height=\"421\" srcset=\"https:\/\/interamerica.org\/wp-content\/uploads\/2026\/08\/sagunto-valencia-4-11.jpg 630w, https:\/\/interamerica.org\/wp-content\/uploads\/2026\/08\/sagunto-valencia-4-11-300x169.jpg 300w\" sizes=\"(max-width: 749px) 100vw, 749px\" \/><p id=\"caption-attachment-148161\" class=\"wp-caption-text\"><span style=\"font-weight: 400;\">Les participants assistent \u00e0 une s\u00e9ance interactive dirig\u00e9e par Noem\u00ed Dur\u00e1n, qui a reconstitu\u00e9 l\u2019\u00e9clipse lors de la Conf\u00e9rence sur la foi et la science \u00e0 Sagunto, en Espagne. [Des photos de Marti Szyd\u0142owska, Mitchell Cordero et Vanesa Pizzuto]<\/span><\/p><\/div><span style=\"font-weight: 400;\">Pour Hector Postigo, un participant espagnol en voie d\u2019obtenir un dipl\u00f4me en physique, le processus d\u2019apprentissage a \u00e9t\u00e9 personnel. Il voit l\u2019\u00e9ducation et la communication scientifique comme des raisons cl\u00e9s d\u2019assister \u00e0 des \u00e9v\u00e9nements comme celui-ci, et comme moyen d\u2019\u00e9viter le mauvais choix entre la foi et la recherche scientifique.<\/span><\/p>\n<p><span style=\"font-weight: 400;\">\u00ab\u00a0Quand j\u2019\u00e9tais enfant, j\u2019avais une conception tr\u00e8s simpliste de la th\u00e9orie du Big Bang (principalement des roches entrant en collision et formant ainsi des plan\u00e8tes). J\u2019allais donc \u00e0 l\u2019\u00e9cole et je disais\u00a0: \u00ab\u00a0Non, non, toutes ces id\u00e9es sont fausses.\u00a0\u00bb Avec le temps, par contre, sa compr\u00e9hension a chang\u00e9.<\/span><\/p>\n<p><span style=\"font-weight: 400;\">\u00ab\u00a0Ce que je ne comprenais pas, a poursuivi M. Postigo, c\u2019est que le Big Bang est une th\u00e9orie qui peut nous aider \u00e0 voir que l\u2019univers a eu un commencement*. Et, \u00e0 partir de l\u00e0, \u00e0 voir notre besoin de Dieu. La th\u00e9orie n\u2019a pas ferm\u00e9 la porte \u00e0 Dieu, mais, d\u2019une certaine mani\u00e8re, quoique pas cat\u00e9goriquement, a entam\u00e9 une conversation sur le commencement dans les sph\u00e8res scientifiques.\u00a0\u00bb<\/span><\/p>\n<p><span style=\"font-weight: 400;\">\u00c0 son avis, il est tout aussi important d\u2019apprendre \u00e0 entretenir cette conversation que d\u2019obtenir une r\u00e9ponse.\u00a0\u00ab\u00a0Si nous la comprenons ad\u00e9quatement, nous [chr\u00e9tiens] pouvons parler [aux non-croyants] \u00e0 titre de groupe de personnes qui s\u2019int\u00e9ressent \u00e0 la d\u00e9couverte de la v\u00e9rit\u00e9 plut\u00f4t qu\u2019\u00e0 son imposition, et qui r\u00e9fl\u00e9chissent de mani\u00e8re s\u00e9rieuse.\u00a0\u00bb<\/span><\/p>\n<p><div id=\"attachment_148162\" style=\"width: 743px\" class=\"wp-caption aligncenter\"><img loading=\"lazy\" decoding=\"async\" aria-describedby=\"caption-attachment-148162\" class=\" wp-image-148162\" src=\"https:\/\/interamerica.org\/wp-content\/uploads\/2026\/08\/sagunto-valencia-5-9.jpg\" alt=\"\" width=\"733\" height=\"412\" srcset=\"https:\/\/interamerica.org\/wp-content\/uploads\/2026\/08\/sagunto-valencia-5-9.jpg 630w, https:\/\/interamerica.org\/wp-content\/uploads\/2026\/08\/sagunto-valencia-5-9-300x169.jpg 300w\" sizes=\"(max-width: 733px) 100vw, 733px\" \/><p id=\"caption-attachment-148162\" class=\"wp-caption-text\"><span style=\"font-weight: 400;\">Le 12 ao\u00fbt dernier, les participants s\u2019\u00e9taient rassembl\u00e9s sur la colline derri\u00e8re le campus adventiste de Sagunto pour observer l\u2019\u00e9clipse solaire totale. [Des photos de Marti Szyd\u0142owska, Mitchell Cordero et Vanesa Pizzuto]<\/span><\/p><\/div><b>\u00ab\u00a0Je vous vois\u00a0\u00bb<\/b><\/p>\n<p><span style=\"font-weight: 400;\">Chaque journ\u00e9e de l\u2019\u00e9v\u00e9nement, qui avait une forte composante spirituelle, commen\u00e7ait par une m\u00e9ditation le matin et des chants d\u2019adoration bien choisis. La chanson-th\u00e8me, <\/span><i><span style=\"font-weight: 400;\">Je vous vois<\/span><\/i><span style=\"font-weight: 400;\">, est une douce ballade du chanteur-compositeur am\u00e9ricain J.\u00a0J. Heller qui saisit bien l\u2019esprit de la conf\u00e9rence, soulignant la merveille de la cr\u00e9ation.<\/span><\/p>\n<p><span style=\"font-weight: 400;\">Chaque matin, les participants chantaient ce chant ensemble, ses paroles les invitant \u00e0 regarder au-del\u00e0 de l\u2019ordinaire et \u00e0 reconna\u00eetre la nature comme l\u2019un des moyens par lesquels Dieu a r\u00e9v\u00e9l\u00e9 sa puissance et son caract\u00e8re.<\/span><\/p>\n<p><span style=\"font-weight: 400;\">\u00ab\u00a0Dieu a utilis\u00e9 deux livres pour se r\u00e9v\u00e9ler\u00a0: la Bible et la nature, a expliqu\u00e9 Antonio Cremades lors des derni\u00e8res remarques. En tant que chr\u00e9tiens, nous avons mis l\u2019un d\u2019eux de c\u00f4t\u00e9\u2026 Par cons\u00e9quent, les \u00e9volutionnistes s\u2019en sont empar\u00e9s. Nous tentons de d\u00e9fendre notre point de vue et de leur r\u00e9pondre, mais nous ne sommes plus les pionniers de cette discipline.\u00a0\u00bb<\/span><\/p>\n<p><span style=\"font-weight: 400;\">\u00ab\u00a0En tant que chr\u00e9tiens, nous avons beaucoup \u00e0 dire sur la nature. Nous la connaissons comme le produit d\u2019un Cr\u00e9ateur intelligent, a poursuivi M. Cremades, professeur de biologie \u00e0 la retraite et th\u00e9ologien dont le soutien au GRI s\u2019est \u00e9tendu sur des d\u00e9cennies. Comme la nature r\u00e9v\u00e8le son caract\u00e8re, nous devons reprendre possession du livre de la nature et de son message\u00a0\u00bb, a-t-il conclu.<\/span><\/p>\n<p><div id=\"attachment_148163\" style=\"width: 741px\" class=\"wp-caption aligncenter\"><img loading=\"lazy\" decoding=\"async\" aria-describedby=\"caption-attachment-148163\" class=\" wp-image-148163\" src=\"https:\/\/interamerica.org\/wp-content\/uploads\/2026\/08\/sagunto-valencia-6-6.jpg\" alt=\"\" width=\"731\" height=\"411\" srcset=\"https:\/\/interamerica.org\/wp-content\/uploads\/2026\/08\/sagunto-valencia-6-6.jpg 630w, https:\/\/interamerica.org\/wp-content\/uploads\/2026\/08\/sagunto-valencia-6-6-300x169.jpg 300w\" sizes=\"(max-width: 731px) 100vw, 731px\" \/><p id=\"caption-attachment-148163\" class=\"wp-caption-text\"><span style=\"font-weight: 400;\">Vue de Sagunto, en Espagne, le 12 ao\u00fbt dernier, lorsque la lune est pass\u00e9e devant le soleil. L\u2019\u00e9clipse est devenue totale vers 20h30. [Des photos de Marti Szyd\u0142owska, Mitchell Cordero et Vanesa Pizzuto]<\/span><\/p><\/div><span style=\"font-weight: 400;\">*Remarque\u00a0: Durant la Conf\u00e9rence sur la foi et la science, M. Dos Santos a fait une pr\u00e9sentation intitul\u00e9e \u00ab\u00a0Ce que le mod\u00e8le du Big Bang n\u2019est pas\u00a0\u00bb, o\u00f9 il a expliqu\u00e9, parmi d\u2019autres points, la distinction entre le mod\u00e8le du Big Bang et la th\u00e9orie biologique de l\u2019\u00e9volution. Le mod\u00e8le du Big Bang porte sur l\u2019origine de l\u2019univers (il n\u2019est pas une th\u00e9orie d\u2019\u00e9volution biologique). Il a aussi explor\u00e9 la fa\u00e7on dont les mod\u00e8les scientifiques qui cherchent \u00e0 expliquer le commencement de l\u2019univers peuvent constituer des points de d\u00e9part pour des conversations liant la foi et la science. Pour de plus amples renseignements et un contexte plus d\u00e9taill\u00e9, voir Aleksei Popov dans <\/span><a href=\"https:\/\/adventistreview.org\/magazine-article\/the-big-bang-standard-cosmological-model-and-the-bible\/\"><i><span style=\"font-weight: 400;\">The Big Bang, Standard Cosmological Model, and the Bible<\/span><\/i><span style=\"font-weight: 400;\">.<\/span><\/a><\/p>\n<p><i><span style=\"font-weight: 400;\">La<\/span><\/i> <a href=\"https:\/\/ted.adventist.org\/news\/the-sun-still-shines\/\"><i><span style=\"font-weight: 400;\">version originale<\/span><\/i><\/a> <i><span style=\"font-weight: 400;\">de cet article a \u00e9t\u00e9 publi\u00e9e sur le <\/span><\/i><a href=\"https:\/\/ted.adventist.org\/news\"><i><span style=\"font-weight: 400;\">site des actualit\u00e9s<\/span><\/i><\/a><i><span style=\"font-weight: 400;\"> de la Division transeurop\u00e9enne.<\/span><\/i><\/p>\n<p>Traduction : Marie-Mich\u00e8le Robitaille<\/p>\n","protected":false},"excerpt":{"rendered":"<p>La foi, la science et l\u2019\u00e9merveillement se rencontrent sous le ciel espagnol. Le 31 ao\u00fbt 2026 | Sagunto, Valencia, Espagne | Vanesa Pizzuto, Actualit\u00e9s de la Division transeurop\u00e9enne Du 10&#8230;<\/p>\n","protected":false},"author":3,"featured_media":148259,"comment_status":"closed","ping_status":"closed","sticky":false,"template":"","format":"standard","meta":{"_acf_changed":false,"footnotes":""},"categories":[18,19],"tags":[],"class_list":["post-148258","post","type-post","status-publish","format-standard","has-post-thumbnail","hentry","category-nouvelles-de-leglise-mondiale","category-rss-francais"],"acf":[],"yoast_head":"<!-- This site is optimized with the Yoast SEO plugin v28.1 - https:\/\/yoast.com\/product\/yoast-seo-wordpress\/ -->\n<title>Le soleil brille toujours - \u00c9glise Adventiste Du Septieme Jour - Inter Am\u00e9rique Division<\/title>\n<meta name=\"robots\" content=\"index, follow, max-snippet:-1, max-image-preview:large, max-video-preview:-1\" \/>\n<link rel=\"canonical\" href=\"https:\/\/interamerica.org\/fr\/2026\/08\/le-soleil-brille-toujours\/\" \/>\n<meta property=\"og:locale\" content=\"fr_FR\" \/>\n<meta property=\"og:type\" content=\"article\" \/>\n<meta property=\"og:title\" content=\"Le soleil brille toujours - \u00c9glise Adventiste Du Septieme Jour - Inter Am\u00e9rique Division\" \/>\n<meta property=\"og:description\" content=\"La foi, la science et l\u2019\u00e9merveillement se rencontrent sous le ciel espagnol. Le 31 ao\u00fbt 2026 | Sagunto, Valencia, Espagne | Vanesa Pizzuto, Actualit\u00e9s de la Division transeurop\u00e9enne Du 10...\" \/>\n<meta property=\"og:url\" content=\"https:\/\/interamerica.org\/fr\/2026\/08\/le-soleil-brille-toujours\/\" \/>\n<meta property=\"og:site_name\" content=\"\u00c9glise Adventiste Du Septieme Jour - Inter Am\u00e9rique Division\" \/>\n<meta property=\"article:published_time\" content=\"2026-08-31T14:30:00+00:00\" \/>\n<meta property=\"article:modified_time\" content=\"2026-08-31T14:52:53+00:00\" \/>\n<meta property=\"og:image\" content=\"https:\/\/interamerica.org\/wp-content\/uploads\/2026\/08\/faith-science-1-16-1200x0-c-default.jpg\" \/>\n\t<meta property=\"og:image:width\" content=\"1200\" \/>\n\t<meta property=\"og:image:height\" content=\"674\" \/>\n\t<meta property=\"og:image:type\" content=\"image\/jpeg\" \/>\n<meta name=\"author\" content=\"libna\" \/>\n<meta name=\"twitter:card\" content=\"summary_large_image\" \/>\n<meta name=\"twitter:label1\" content=\"\u00c9crit par\" \/>\n\t<meta name=\"twitter:data1\" content=\"libna\" \/>\n\t<meta name=\"twitter:label2\" content=\"Dur\u00e9e de lecture estim\u00e9e\" \/>\n\t<meta name=\"twitter:data2\" content=\"9 minutes\" \/>\n<script type=\"application\/ld+json\" class=\"yoast-schema-graph\">{\"@context\":\"https:\\\/\\\/schema.org\",\"@graph\":[{\"@type\":\"Article\",\"@id\":\"https:\\\/\\\/interamerica.org\\\/fr\\\/2026\\\/08\\\/le-soleil-brille-toujours\\\/#article\",\"isPartOf\":{\"@id\":\"https:\\\/\\\/interamerica.org\\\/fr\\\/2026\\\/08\\\/le-soleil-brille-toujours\\\/\"},\"author\":{\"name\":\"libna\",\"@id\":\"https:\\\/\\\/interamerica.org\\\/fr\\\/#\\\/schema\\\/person\\\/29998f2bc2d8bd0d38662909289b54f1\"},\"headline\":\"Le soleil brille toujours\",\"datePublished\":\"2026-08-31T14:30:00+00:00\",\"dateModified\":\"2026-08-31T14:52:53+00:00\",\"mainEntityOfPage\":{\"@id\":\"https:\\\/\\\/interamerica.org\\\/fr\\\/2026\\\/08\\\/le-soleil-brille-toujours\\\/\"},\"wordCount\":1870,\"image\":{\"@id\":\"https:\\\/\\\/interamerica.org\\\/fr\\\/2026\\\/08\\\/le-soleil-brille-toujours\\\/#primaryimage\"},\"thumbnailUrl\":\"https:\\\/\\\/interamerica.org\\\/wp-content\\\/uploads\\\/2026\\\/08\\\/faith-science-1-16-1200x0-c-default.jpg\",\"articleSection\":[\"Nouvelles de l'\u00c9glise mondiale\",\"RSS Fran\u00e7ais\"],\"inLanguage\":\"fr-FR\"},{\"@type\":\"WebPage\",\"@id\":\"https:\\\/\\\/interamerica.org\\\/fr\\\/2026\\\/08\\\/le-soleil-brille-toujours\\\/\",\"url\":\"https:\\\/\\\/interamerica.org\\\/fr\\\/2026\\\/08\\\/le-soleil-brille-toujours\\\/\",\"name\":\"Le soleil brille toujours - \u00c9glise Adventiste Du Septieme Jour - Inter Am\u00e9rique Division\",\"isPartOf\":{\"@id\":\"https:\\\/\\\/interamerica.org\\\/fr\\\/#website\"},\"primaryImageOfPage\":{\"@id\":\"https:\\\/\\\/interamerica.org\\\/fr\\\/2026\\\/08\\\/le-soleil-brille-toujours\\\/#primaryimage\"},\"image\":{\"@id\":\"https:\\\/\\\/interamerica.org\\\/fr\\\/2026\\\/08\\\/le-soleil-brille-toujours\\\/#primaryimage\"},\"thumbnailUrl\":\"https:\\\/\\\/interamerica.org\\\/wp-content\\\/uploads\\\/2026\\\/08\\\/faith-science-1-16-1200x0-c-default.jpg\",\"datePublished\":\"2026-08-31T14:30:00+00:00\",\"dateModified\":\"2026-08-31T14:52:53+00:00\",\"author\":{\"@id\":\"https:\\\/\\\/interamerica.org\\\/fr\\\/#\\\/schema\\\/person\\\/29998f2bc2d8bd0d38662909289b54f1\"},\"breadcrumb\":{\"@id\":\"https:\\\/\\\/interamerica.org\\\/fr\\\/2026\\\/08\\\/le-soleil-brille-toujours\\\/#breadcrumb\"},\"inLanguage\":\"fr-FR\",\"potentialAction\":[{\"@type\":\"ReadAction\",\"target\":[\"https:\\\/\\\/interamerica.org\\\/fr\\\/2026\\\/08\\\/le-soleil-brille-toujours\\\/\"]}]},{\"@type\":\"ImageObject\",\"inLanguage\":\"fr-FR\",\"@id\":\"https:\\\/\\\/interamerica.org\\\/fr\\\/2026\\\/08\\\/le-soleil-brille-toujours\\\/#primaryimage\",\"url\":\"https:\\\/\\\/interamerica.org\\\/wp-content\\\/uploads\\\/2026\\\/08\\\/faith-science-1-16-1200x0-c-default.jpg\",\"contentUrl\":\"https:\\\/\\\/interamerica.org\\\/wp-content\\\/uploads\\\/2026\\\/08\\\/faith-science-1-16-1200x0-c-default.jpg\",\"width\":1200,\"height\":674,\"caption\":\"La Conf\u00e9rence sur la foi et la science \u00e0 Sagunto, en Espagne, a \u00e9t\u00e9 organis\u00e9e par l\u2019Institut de recherche sur la g\u00e9oscience et co\u00efncidait avec l\u2019\u00e9clipse solaire totale du 12 ao\u00fbt. [Des photos de Marti Szyd\u0142owska, Mitchell Cordero et Vanesa Pizzuto]\"},{\"@type\":\"BreadcrumbList\",\"@id\":\"https:\\\/\\\/interamerica.org\\\/fr\\\/2026\\\/08\\\/le-soleil-brille-toujours\\\/#breadcrumb\",\"itemListElement\":[{\"@type\":\"ListItem\",\"position\":1,\"name\":\"Home\",\"item\":\"https:\\\/\\\/interamerica.org\\\/fr\\\/\"},{\"@type\":\"ListItem\",\"position\":2,\"name\":\"Le soleil brille toujours\"}]},{\"@type\":\"WebSite\",\"@id\":\"https:\\\/\\\/interamerica.org\\\/fr\\\/#website\",\"url\":\"https:\\\/\\\/interamerica.org\\\/fr\\\/\",\"name\":\"\u00c9glise Adventiste Du Septieme Jour - Inter Am\u00e9rique Division\",\"description\":\"\",\"potentialAction\":[{\"@type\":\"SearchAction\",\"target\":{\"@type\":\"EntryPoint\",\"urlTemplate\":\"https:\\\/\\\/interamerica.org\\\/fr\\\/?s={search_term_string}\"},\"query-input\":{\"@type\":\"PropertyValueSpecification\",\"valueRequired\":true,\"valueName\":\"search_term_string\"}}],\"inLanguage\":\"fr-FR\"},{\"@type\":\"Person\",\"@id\":\"https:\\\/\\\/interamerica.org\\\/fr\\\/#\\\/schema\\\/person\\\/29998f2bc2d8bd0d38662909289b54f1\",\"name\":\"libna\",\"image\":{\"@type\":\"ImageObject\",\"inLanguage\":\"fr-FR\",\"@id\":\"https:\\\/\\\/secure.gravatar.com\\\/avatar\\\/7c5bd30ae4b47a9ba3c856590957fd1d96dc588bf3ac05719d247e126840331f?s=96&d=mm&r=g\",\"url\":\"https:\\\/\\\/secure.gravatar.com\\\/avatar\\\/7c5bd30ae4b47a9ba3c856590957fd1d96dc588bf3ac05719d247e126840331f?s=96&d=mm&r=g\",\"contentUrl\":\"https:\\\/\\\/secure.gravatar.com\\\/avatar\\\/7c5bd30ae4b47a9ba3c856590957fd1d96dc588bf3ac05719d247e126840331f?s=96&d=mm&r=g\",\"caption\":\"libna\"}}]}<\/script>\n<!-- \/ Yoast SEO plugin. -->","yoast_head_json":{"title":"Le soleil brille toujours - \u00c9glise Adventiste Du Septieme Jour - Inter Am\u00e9rique Division","robots":{"index":"index","follow":"follow","max-snippet":"max-snippet:-1","max-image-preview":"max-image-preview:large","max-video-preview":"max-video-preview:-1"},"canonical":"https:\/\/interamerica.org\/fr\/2026\/08\/le-soleil-brille-toujours\/","og_locale":"fr_FR","og_type":"article","og_title":"Le soleil brille toujours - \u00c9glise Adventiste Du Septieme Jour - Inter Am\u00e9rique Division","og_description":"La foi, la science et l\u2019\u00e9merveillement se rencontrent sous le ciel espagnol. Le 31 ao\u00fbt 2026 | Sagunto, Valencia, Espagne | Vanesa Pizzuto, Actualit\u00e9s de la Division transeurop\u00e9enne Du 10...","og_url":"https:\/\/interamerica.org\/fr\/2026\/08\/le-soleil-brille-toujours\/","og_site_name":"\u00c9glise Adventiste Du Septieme Jour - Inter Am\u00e9rique Division","article_published_time":"2026-08-31T14:30:00+00:00","article_modified_time":"2026-08-31T14:52:53+00:00","og_image":[{"width":1200,"height":674,"url":"https:\/\/interamerica.org\/wp-content\/uploads\/2026\/08\/faith-science-1-16-1200x0-c-default.jpg","type":"image\/jpeg"}],"author":"libna","twitter_card":"summary_large_image","twitter_misc":{"\u00c9crit par":"libna","Dur\u00e9e de lecture estim\u00e9e":"9 minutes"},"schema":{"@context":"https:\/\/schema.org","@graph":[{"@type":"Article","@id":"https:\/\/interamerica.org\/fr\/2026\/08\/le-soleil-brille-toujours\/#article","isPartOf":{"@id":"https:\/\/interamerica.org\/fr\/2026\/08\/le-soleil-brille-toujours\/"},"author":{"name":"libna","@id":"https:\/\/interamerica.org\/fr\/#\/schema\/person\/29998f2bc2d8bd0d38662909289b54f1"},"headline":"Le soleil brille toujours","datePublished":"2026-08-31T14:30:00+00:00","dateModified":"2026-08-31T14:52:53+00:00","mainEntityOfPage":{"@id":"https:\/\/interamerica.org\/fr\/2026\/08\/le-soleil-brille-toujours\/"},"wordCount":1870,"image":{"@id":"https:\/\/interamerica.org\/fr\/2026\/08\/le-soleil-brille-toujours\/#primaryimage"},"thumbnailUrl":"https:\/\/interamerica.org\/wp-content\/uploads\/2026\/08\/faith-science-1-16-1200x0-c-default.jpg","articleSection":["Nouvelles de l'\u00c9glise mondiale","RSS Fran\u00e7ais"],"inLanguage":"fr-FR"},{"@type":"WebPage","@id":"https:\/\/interamerica.org\/fr\/2026\/08\/le-soleil-brille-toujours\/","url":"https:\/\/interamerica.org\/fr\/2026\/08\/le-soleil-brille-toujours\/","name":"Le soleil brille toujours - \u00c9glise Adventiste Du Septieme Jour - Inter Am\u00e9rique Division","isPartOf":{"@id":"https:\/\/interamerica.org\/fr\/#website"},"primaryImageOfPage":{"@id":"https:\/\/interamerica.org\/fr\/2026\/08\/le-soleil-brille-toujours\/#primaryimage"},"image":{"@id":"https:\/\/interamerica.org\/fr\/2026\/08\/le-soleil-brille-toujours\/#primaryimage"},"thumbnailUrl":"https:\/\/interamerica.org\/wp-content\/uploads\/2026\/08\/faith-science-1-16-1200x0-c-default.jpg","datePublished":"2026-08-31T14:30:00+00:00","dateModified":"2026-08-31T14:52:53+00:00","author":{"@id":"https:\/\/interamerica.org\/fr\/#\/schema\/person\/29998f2bc2d8bd0d38662909289b54f1"},"breadcrumb":{"@id":"https:\/\/interamerica.org\/fr\/2026\/08\/le-soleil-brille-toujours\/#breadcrumb"},"inLanguage":"fr-FR","potentialAction":[{"@type":"ReadAction","target":["https:\/\/interamerica.org\/fr\/2026\/08\/le-soleil-brille-toujours\/"]}]},{"@type":"ImageObject","inLanguage":"fr-FR","@id":"https:\/\/interamerica.org\/fr\/2026\/08\/le-soleil-brille-toujours\/#primaryimage","url":"https:\/\/interamerica.org\/wp-content\/uploads\/2026\/08\/faith-science-1-16-1200x0-c-default.jpg","contentUrl":"https:\/\/interamerica.org\/wp-content\/uploads\/2026\/08\/faith-science-1-16-1200x0-c-default.jpg","width":1200,"height":674,"caption":"La Conf\u00e9rence sur la foi et la science \u00e0 Sagunto, en Espagne, a \u00e9t\u00e9 organis\u00e9e par l\u2019Institut de recherche sur la g\u00e9oscience et co\u00efncidait avec l\u2019\u00e9clipse solaire totale du 12 ao\u00fbt. [Des photos de Marti Szyd\u0142owska, Mitchell Cordero et Vanesa Pizzuto]"},{"@type":"BreadcrumbList","@id":"https:\/\/interamerica.org\/fr\/2026\/08\/le-soleil-brille-toujours\/#breadcrumb","itemListElement":[{"@type":"ListItem","position":1,"name":"Home","item":"https:\/\/interamerica.org\/fr\/"},{"@type":"ListItem","position":2,"name":"Le soleil brille toujours"}]},{"@type":"WebSite","@id":"https:\/\/interamerica.org\/fr\/#website","url":"https:\/\/interamerica.org\/fr\/","name":"\u00c9glise Adventiste Du Septieme Jour - Inter Am\u00e9rique Division","description":"","potentialAction":[{"@type":"SearchAction","target":{"@type":"EntryPoint","urlTemplate":"https:\/\/interamerica.org\/fr\/?s={search_term_string}"},"query-input":{"@type":"PropertyValueSpecification","valueRequired":true,"valueName":"search_term_string"}}],"inLanguage":"fr-FR"},{"@type":"Person","@id":"https:\/\/interamerica.org\/fr\/#\/schema\/person\/29998f2bc2d8bd0d38662909289b54f1","name":"libna","image":{"@type":"ImageObject","inLanguage":"fr-FR","@id":"https:\/\/secure.gravatar.com\/avatar\/7c5bd30ae4b47a9ba3c856590957fd1d96dc588bf3ac05719d247e126840331f?s=96&d=mm&r=g","url":"https:\/\/secure.gravatar.com\/avatar\/7c5bd30ae4b47a9ba3c856590957fd1d96dc588bf3ac05719d247e126840331f?s=96&d=mm&r=g","contentUrl":"https:\/\/secure.gravatar.com\/avatar\/7c5bd30ae4b47a9ba3c856590957fd1d96dc588bf3ac05719d247e126840331f?s=96&d=mm&r=g","caption":"libna"}}]}},"_links":{"self":[{"href":"https:\/\/interamerica.org\/fr\/wp-json\/wp\/v2\/posts\/148258","targetHints":{"allow":["GET"]}}],"collection":[{"href":"https:\/\/interamerica.org\/fr\/wp-json\/wp\/v2\/posts"}],"about":[{"href":"https:\/\/interamerica.org\/fr\/wp-json\/wp\/v2\/types\/post"}],"author":[{"embeddable":true,"href":"https:\/\/interamerica.org\/fr\/wp-json\/wp\/v2\/users\/3"}],"replies":[{"embeddable":true,"href":"https:\/\/interamerica.org\/fr\/wp-json\/wp\/v2\/comments?post=148258"}],"version-history":[{"count":1,"href":"https:\/\/interamerica.org\/fr\/wp-json\/wp\/v2\/posts\/148258\/revisions"}],"predecessor-version":[{"id":148267,"href":"https:\/\/interamerica.org\/fr\/wp-json\/wp\/v2\/posts\/148258\/revisions\/148267"}],"wp:featuredmedia":[{"embeddable":true,"href":"https:\/\/interamerica.org\/fr\/wp-json\/wp\/v2\/media\/148259"}],"wp:attachment":[{"href":"https:\/\/interamerica.org\/fr\/wp-json\/wp\/v2\/media?parent=148258"}],"wp:term":[{"taxonomy":"category","embeddable":true,"href":"https:\/\/interamerica.org\/fr\/wp-json\/wp\/v2\/categories?post=148258"},{"taxonomy":"post_tag","embeddable":true,"href":"https:\/\/interamerica.org\/fr\/wp-json\/wp\/v2\/tags?post=148258"}],"curies":[{"name":"wp","href":"https:\/\/api.w.org\/{rel}","templated":true}]}}