{"id":148268,"date":"2026-09-01T14:44:30","date_gmt":"2026-09-01T18:44:30","guid":{"rendered":"https:\/\/interamerica.org\/?p=148268"},"modified":"2026-08-31T13:33:28","modified_gmt":"2026-08-31T17:33:28","slug":"luniversite-adventiste-southern-preserve-des-decennies-dhistoires-missionnaires","status":"publish","type":"post","link":"https:\/\/interamerica.org\/fr\/2026\/09\/luniversite-adventiste-southern-preserve-des-decennies-dhistoires-missionnaires\/","title":{"rendered":"L\u2019Universit\u00e9 adventiste Southern pr\u00e9serve des d\u00e9cennies d\u2019histoires missionnaires"},"content":{"rendered":"<p><i><span style=\"font-weight: 400;\">Les souvenirs vivants de Southern sont racont\u00e9s aux g\u00e9n\u00e9rations suivantes.\u00a0<\/span><\/i><\/p>\n<p><span style=\"font-weight: 400;\">Le 31 ao\u00fbt 2026 | Collegedale, Tennessee, \u00c9tats-Unis\u00a0 | Chehalis Eno, Universit\u00e9 adventiste Southern<\/span><\/p>\n<p><span style=\"font-weight: 400;\">Pendant pr\u00e8s de six d\u00e9cennies, les \u00e9tudiants de l\u2019Universit\u00e9 adventiste Southern ont r\u00e9pondu \u00e0 des appels de missionnaires \u00e9tudiants et ont \u00e9t\u00e9 d\u00e9ploy\u00e9s partout dans le monde. Maintenant, gr\u00e2ce \u00e0 un r\u00e9cent projet de la biblioth\u00e8que McKee du nom de <\/span><i><span style=\"font-weight: 400;\">Living Memoirs: An Oral History Collection<\/span><\/i><span style=\"font-weight: 400;\"> (\u00ab\u00a0Souvenirs vivants\u00a0: une compilation orale de l\u2019histoire), leurs histoires sont pr\u00e9serv\u00e9es pour les g\u00e9n\u00e9rations \u00e0 venir.<\/span><\/p>\n<p><span style=\"font-weight: 400;\">L\u2019initiative consiste \u00e0 r\u00e9colter des t\u00e9moignages directs d\u2019anciens missionnaires \u00e9tudiants de Southern remontant au d\u00e9but du programme en 1967. Elle pr\u00e9sente les joies, les d\u00e9fis et la croissance spirituelle que produit le partage de l\u2019amour de Christ dans diverses cultures.<\/span><\/p>\n<p><div id=\"attachment_148169\" style=\"width: 944px\" class=\"wp-caption aligncenter\"><img fetchpriority=\"high\" decoding=\"async\" aria-describedby=\"caption-attachment-148169\" class=\"wp-image-148169\" src=\"https:\/\/interamerica.org\/wp-content\/uploads\/2026\/08\/sau-1-17-1200x0-c-default-1024x683.jpg\" alt=\"\" width=\"934\" height=\"623\" srcset=\"https:\/\/interamerica.org\/wp-content\/uploads\/2026\/08\/sau-1-17-1200x0-c-default-1024x683.jpg 1024w, https:\/\/interamerica.org\/wp-content\/uploads\/2026\/08\/sau-1-17-1200x0-c-default-300x200.jpg 300w, https:\/\/interamerica.org\/wp-content\/uploads\/2026\/08\/sau-1-17-1200x0-c-default-768x512.jpg 768w, https:\/\/interamerica.org\/wp-content\/uploads\/2026\/08\/sau-1-17-1200x0-c-default.jpg 1200w\" sizes=\"(max-width: 934px) 100vw, 934px\" \/><p id=\"caption-attachment-148169\" class=\"wp-caption-text\">V\u00eapres des Missions \u00e9tudiantes \u00e0 Southern Adventist University. [Photo : Southern Adventist University]<\/p><\/div><span style=\"font-weight: 400;\">\u00ab\u00a0Nous voulions laisser nos \u00e9tudiants actuels et nos anciens \u00e9tudiants raconter leurs exp\u00e9riences du champ missionnaire de mani\u00e8re authentique et dans leurs propres mots\u00a0\u00bb, a dit Bethany Thornton Howard, biblioth\u00e9caire des services publics et directrice du projet.<\/span><\/p>\n<p><span style=\"font-weight: 400;\">Sous sa direction et avec le soutien technique de Jessica Spears, biblioth\u00e9caire des services de recherche, des dizaines de missionnaires ont \u00e9t\u00e9 interview\u00e9s par les assistants de recherches aux \u00e9tudes sup\u00e9rieures Ali Leonor et Savanna Gregory Stowell dans un effort de cr\u00e9er une compilation mettant l\u2019accent sur la fa\u00e7on dont le service missionnaire fa\u00e7onne la vie, la foi et les appels de ceux qui y participent.<\/span><\/p>\n<p><b>\u00catre transform\u00e9s<\/b><\/p>\n<p><span style=\"font-weight: 400;\">Les entrevues ont suscit\u00e9 le r\u00e9cit d\u2019histoires tr\u00e8s personnelles d\u2019anciens missionnaires, qui ont expliqu\u00e9 la fa\u00e7on dont ces exp\u00e9riences ont approfondi leur foi tout en les inspirant \u00e0 devenir des missionnaires \u00e0 vie ou \u00e0 opter pour une carri\u00e8re ax\u00e9e sur le service.<\/span><\/p>\n<p><span style=\"font-weight: 400;\">Selon Harry Nelson, qui a termin\u00e9 ses \u00e9tudes \u00e0 Southern en 1970 et dont l\u2019histoire est parmi les plus anciennes de la compilation, sa mission sur l\u2019\u00eele de Born\u00e9o a influenc\u00e9 la direction de sa vie enti\u00e8re.<\/span><\/p>\n<p><span style=\"font-weight: 400;\">\u00ab\u00a0La riche exp\u00e9rience que j\u2019ai v\u00e9cue\u2026 n\u2019a \u00e9t\u00e9 qu\u2019un tremplin vers une carri\u00e8re de missionnaire m\u00e9dical professionnel \u00e9panouissante. En plus, je suis devenu un supporter de l\u2019\u0153uvre mondiale de l\u2019\u00c9glise adventiste du septi\u00e8me jour, a-t-il dit. Je consid\u00e8re mes exp\u00e9riences missionnaires alors que j\u2019\u00e9tais \u00e9tudiant comme fondamentales.\u00a0\u00bb<\/span><\/p>\n<p><span style=\"font-weight: 400;\">Marty Miller, qui a termin\u00e9 ses \u00e9tudes en 1983, avait accept\u00e9 un appel \u00e0 enseigner sur l\u2019\u00eele de Majuro, dans les \u00eeles Marshall, durant les ann\u00e9es 1980. Il se souvient de la diversit\u00e9 d\u2019aptitudes d\u2019apprentissage \u00e0 l\u2019int\u00e9rieur d\u2019une seule classe. \u00ab\u00a0C\u2019\u00e9tait stup\u00e9fiant, a-t-il dit. Il n\u2019\u00e9tait pas facile d\u2019enseigner, mais c\u2019est l\u2019une des plus belles exp\u00e9riences de ma vie.\u00a0\u00bb Il explique sa carri\u00e8re en \u00e9ducation par son exp\u00e9rience formatrice \u00e0 Majuro.<\/span><\/p>\n<p><div id=\"attachment_148170\" style=\"width: 906px\" class=\"wp-caption aligncenter\"><img decoding=\"async\" aria-describedby=\"caption-attachment-148170\" class=\" wp-image-148170\" src=\"https:\/\/interamerica.org\/wp-content\/uploads\/2026\/08\/sau-kasey-castellanos-1024x681.png\" alt=\"\" width=\"896\" height=\"596\" srcset=\"https:\/\/interamerica.org\/wp-content\/uploads\/2026\/08\/sau-kasey-castellanos-1024x681.png 1024w, https:\/\/interamerica.org\/wp-content\/uploads\/2026\/08\/sau-kasey-castellanos-300x200.png 300w, https:\/\/interamerica.org\/wp-content\/uploads\/2026\/08\/sau-kasey-castellanos-768x511.png 768w, https:\/\/interamerica.org\/wp-content\/uploads\/2026\/08\/sau-kasey-castellanos-1536x1022.png 1536w, https:\/\/interamerica.org\/wp-content\/uploads\/2026\/08\/sau-kasey-castellanos.png 1855w\" sizes=\"(max-width: 896px) 100vw, 896px\" \/><p id=\"caption-attachment-148170\" class=\"wp-caption-text\"><span style=\"font-weight: 400;\">Kasey Castellanos (\u00e0 droite) en Bolivie. [Une photo de l\u2019Universit\u00e9 adventiste Southern]<\/span><\/p><\/div><span style=\"font-weight: 400;\">Pr\u00e8s de dix ans plus tard, Lori Pettibone Futcher a enseign\u00e9 \u00e0 la m\u00eame \u00e9cole que M. Miller, et son exp\u00e9rience sur cette \u00eele lui a aussi appris des le\u00e7ons de vie. \u00ab\u00a0Ce fut l\u2019occasion pour moi de grandir r\u00e9ellement et de prendre de la maturit\u00e9, a-t-elle expliqu\u00e9. Elle a solidifi\u00e9 ma compr\u00e9hension du fait que Dieu a un plan pour moi, et j\u2019ai commenc\u00e9 \u00e0 apprendre \u00e0 \u00e9couter le Saint-Esprit.\u00a0\u00bb\u00a0<\/span><\/p>\n<p><b>Changer des vies aujourd\u2019hui<\/b><\/p>\n<p><span style=\"font-weight: 400;\">La compilation inclut \u00e9galement des voix plus r\u00e9centes, comme celle de Kasey Castellanos, qui a termin\u00e9 ses \u00e9tudes en 2026. Quand elle \u00e9tait plus jeune, son fr\u00e8re est d\u00e9c\u00e9d\u00e9 \u00e0 cause de complications m\u00e9dicales, ce qui a affect\u00e9 sa vie spirituelle. Bien qu\u2019elle ait r\u00e9tabli sa relation avec Dieu au secondaire, elle sentait qu\u2019il lui manquait encore quelque chose. Une ann\u00e9e missionnaire au d\u00e9but de son parcours universitaire \u00e0 tout chang\u00e9. Au service de Familia Feliz, un pensionnat pour les enfants orphelins ou maltrait\u00e9s en Bolivie, elle a appris \u00e0 s\u2019appuyer plus enti\u00e8rement sur Dieu.<\/span><\/p>\n<p><span style=\"font-weight: 400;\">\u00ab\u00a0Il y a des jours o\u00f9 j\u2019\u00e9tais tellement \u00e9puis\u00e9e sur les plans physique, \u00e9motionnel et mental que je devais demander \u00e0 Dieu de me donner la force d\u2019aller jouer avec de jeunes enfants pendant des heures, a-t-elle racont\u00e9. C\u2019est beaucoup plus facile maintenant de lui demander de l\u2019aide et de la force qu\u2019avant mon exp\u00e9rience \u00e0 l\u2019\u00e9tranger.\u00a0\u00bb<\/span><\/p>\n<p><span style=\"font-weight: 400;\">Pour Mme Castellanos, certains des moments les plus significatifs sont venus des liens r\u00e9els qu\u2019elle a tiss\u00e9s avec les enfants. \u00a0\u00ab\u00a0Une \u00e9l\u00e8ve m\u2019a dit qu\u2019elle ne s\u2019\u00e9tait jamais sentie proche d\u2019un membre du personnel avant de me rencontrer, a-t-elle dit. C\u2019est alors que j\u2019ai compris que le temps que j\u2019ai pass\u00e9 en Bolivie n\u2019a pas \u00e9t\u00e9 en vain. Mes larmes et mes rires font tous deux partie du fait que Dieu m\u2019a utilis\u00e9 pour b\u00e9nir ces enfants.\u00a0\u00bb<\/span><\/p>\n<p><b>Pr\u00e9server un pouls spirituel<\/b><\/p>\n<p><span style=\"font-weight: 400;\">Les entrevues pr\u00e9sent\u00e9es dans <\/span><i><span style=\"font-weight: 400;\">Living Memoirs: An Oral History Collection<\/span><\/i><span style=\"font-weight: 400;\"> sont pr\u00e9serv\u00e9es dans des enregistrements audio et des transcriptions, offrant un aper\u00e7u inspirant de la tradition missionnaire de Southern et assurant que ces exp\u00e9riences continuent d\u2019avoir un impact sur les futures g\u00e9n\u00e9rations.<\/span><\/p>\n<p><i><span style=\"font-weight: 400;\">La<\/span><\/i> <a href=\"https:\/\/www.southern.edu\/news\/2026-08-05-livingmemoirs.html\"><i><span style=\"font-weight: 400;\">version originale<\/span><\/i><\/a> <i><span style=\"font-weight: 400;\">de cet article a \u00e9t\u00e9 publi\u00e9e sur le site des actualit\u00e9s de l\u2019Universit\u00e9 adventiste Southern.<\/span><\/i><\/p>\n<p>Traduction : Marie-Mich\u00e8le Robitaille<\/p>\n","protected":false},"excerpt":{"rendered":"<p>Les souvenirs vivants de Southern sont racont\u00e9s aux g\u00e9n\u00e9rations suivantes.\u00a0 Le 31 ao\u00fbt 2026 | Collegedale, Tennessee, \u00c9tats-Unis\u00a0 | Chehalis Eno, Universit\u00e9 adventiste Southern Pendant pr\u00e8s de six d\u00e9cennies, les&#8230;<\/p>\n","protected":false},"author":3,"featured_media":148269,"comment_status":"closed","ping_status":"closed","sticky":false,"template":"","format":"standard","meta":{"_acf_changed":false,"footnotes":""},"categories":[18,19],"tags":[],"class_list":["post-148268","post","type-post","status-publish","format-standard","has-post-thumbnail","hentry","category-nouvelles-de-leglise-mondiale","category-rss-francais"],"acf":[],"yoast_head":"<!-- This site is optimized with the Yoast SEO plugin v28.1 - https:\/\/yoast.com\/product\/yoast-seo-wordpress\/ -->\n<title>L\u2019Universit\u00e9 adventiste Southern pr\u00e9serve des d\u00e9cennies d\u2019histoires missionnaires - \u00c9glise Adventiste Du Septieme Jour - Inter Am\u00e9rique Division<\/title>\n<meta name=\"robots\" content=\"index, follow, max-snippet:-1, max-image-preview:large, max-video-preview:-1\" \/>\n<link rel=\"canonical\" href=\"https:\/\/interamerica.org\/fr\/2026\/09\/luniversite-adventiste-southern-preserve-des-decennies-dhistoires-missionnaires\/\" \/>\n<meta property=\"og:locale\" content=\"fr_FR\" \/>\n<meta property=\"og:type\" content=\"article\" \/>\n<meta property=\"og:title\" content=\"L\u2019Universit\u00e9 adventiste Southern pr\u00e9serve des d\u00e9cennies d\u2019histoires missionnaires - \u00c9glise Adventiste Du Septieme Jour - Inter Am\u00e9rique Division\" \/>\n<meta property=\"og:description\" content=\"Les souvenirs vivants de Southern sont racont\u00e9s aux g\u00e9n\u00e9rations suivantes.\u00a0 Le 31 ao\u00fbt 2026 | Collegedale, Tennessee, \u00c9tats-Unis\u00a0 | Chehalis Eno, Universit\u00e9 adventiste Southern Pendant pr\u00e8s de six d\u00e9cennies, les...\" \/>\n<meta property=\"og:url\" content=\"https:\/\/interamerica.org\/fr\/2026\/09\/luniversite-adventiste-southern-preserve-des-decennies-dhistoires-missionnaires\/\" \/>\n<meta property=\"og:site_name\" content=\"\u00c9glise Adventiste Du Septieme Jour - Inter Am\u00e9rique Division\" \/>\n<meta property=\"article:published_time\" content=\"2026-09-01T18:44:30+00:00\" \/>\n<meta property=\"og:image\" content=\"https:\/\/interamerica.org\/wp-content\/uploads\/2026\/08\/sau-1-17-1200x0-c-default.jpg\" \/>\n\t<meta property=\"og:image:width\" content=\"1200\" \/>\n\t<meta property=\"og:image:height\" content=\"800\" \/>\n\t<meta property=\"og:image:type\" content=\"image\/jpeg\" \/>\n<meta name=\"author\" content=\"libna\" \/>\n<meta name=\"twitter:card\" content=\"summary_large_image\" \/>\n<meta name=\"twitter:label1\" content=\"\u00c9crit par\" \/>\n\t<meta name=\"twitter:data1\" content=\"libna\" \/>\n\t<meta name=\"twitter:label2\" content=\"Dur\u00e9e de lecture estim\u00e9e\" \/>\n\t<meta name=\"twitter:data2\" content=\"5 minutes\" \/>\n<script type=\"application\/ld+json\" class=\"yoast-schema-graph\">{\"@context\":\"https:\\\/\\\/schema.org\",\"@graph\":[{\"@type\":\"Article\",\"@id\":\"https:\\\/\\\/interamerica.org\\\/fr\\\/2026\\\/09\\\/luniversite-adventiste-southern-preserve-des-decennies-dhistoires-missionnaires\\\/#article\",\"isPartOf\":{\"@id\":\"https:\\\/\\\/interamerica.org\\\/fr\\\/2026\\\/09\\\/luniversite-adventiste-southern-preserve-des-decennies-dhistoires-missionnaires\\\/\"},\"author\":{\"name\":\"libna\",\"@id\":\"https:\\\/\\\/interamerica.org\\\/fr\\\/#\\\/schema\\\/person\\\/29998f2bc2d8bd0d38662909289b54f1\"},\"headline\":\"L\u2019Universit\u00e9 adventiste Southern pr\u00e9serve des d\u00e9cennies d\u2019histoires missionnaires\",\"datePublished\":\"2026-09-01T18:44:30+00:00\",\"mainEntityOfPage\":{\"@id\":\"https:\\\/\\\/interamerica.org\\\/fr\\\/2026\\\/09\\\/luniversite-adventiste-southern-preserve-des-decennies-dhistoires-missionnaires\\\/\"},\"wordCount\":958,\"image\":{\"@id\":\"https:\\\/\\\/interamerica.org\\\/fr\\\/2026\\\/09\\\/luniversite-adventiste-southern-preserve-des-decennies-dhistoires-missionnaires\\\/#primaryimage\"},\"thumbnailUrl\":\"https:\\\/\\\/interamerica.org\\\/wp-content\\\/uploads\\\/2026\\\/08\\\/sau-1-17-1200x0-c-default.jpg\",\"articleSection\":[\"Nouvelles de l'\u00c9glise mondiale\",\"RSS Fran\u00e7ais\"],\"inLanguage\":\"fr-FR\"},{\"@type\":\"WebPage\",\"@id\":\"https:\\\/\\\/interamerica.org\\\/fr\\\/2026\\\/09\\\/luniversite-adventiste-southern-preserve-des-decennies-dhistoires-missionnaires\\\/\",\"url\":\"https:\\\/\\\/interamerica.org\\\/fr\\\/2026\\\/09\\\/luniversite-adventiste-southern-preserve-des-decennies-dhistoires-missionnaires\\\/\",\"name\":\"L\u2019Universit\u00e9 adventiste Southern pr\u00e9serve des d\u00e9cennies d\u2019histoires missionnaires - \u00c9glise Adventiste Du Septieme Jour - Inter Am\u00e9rique Division\",\"isPartOf\":{\"@id\":\"https:\\\/\\\/interamerica.org\\\/fr\\\/#website\"},\"primaryImageOfPage\":{\"@id\":\"https:\\\/\\\/interamerica.org\\\/fr\\\/2026\\\/09\\\/luniversite-adventiste-southern-preserve-des-decennies-dhistoires-missionnaires\\\/#primaryimage\"},\"image\":{\"@id\":\"https:\\\/\\\/interamerica.org\\\/fr\\\/2026\\\/09\\\/luniversite-adventiste-southern-preserve-des-decennies-dhistoires-missionnaires\\\/#primaryimage\"},\"thumbnailUrl\":\"https:\\\/\\\/interamerica.org\\\/wp-content\\\/uploads\\\/2026\\\/08\\\/sau-1-17-1200x0-c-default.jpg\",\"datePublished\":\"2026-09-01T18:44:30+00:00\",\"author\":{\"@id\":\"https:\\\/\\\/interamerica.org\\\/fr\\\/#\\\/schema\\\/person\\\/29998f2bc2d8bd0d38662909289b54f1\"},\"breadcrumb\":{\"@id\":\"https:\\\/\\\/interamerica.org\\\/fr\\\/2026\\\/09\\\/luniversite-adventiste-southern-preserve-des-decennies-dhistoires-missionnaires\\\/#breadcrumb\"},\"inLanguage\":\"fr-FR\",\"potentialAction\":[{\"@type\":\"ReadAction\",\"target\":[\"https:\\\/\\\/interamerica.org\\\/fr\\\/2026\\\/09\\\/luniversite-adventiste-southern-preserve-des-decennies-dhistoires-missionnaires\\\/\"]}]},{\"@type\":\"ImageObject\",\"inLanguage\":\"fr-FR\",\"@id\":\"https:\\\/\\\/interamerica.org\\\/fr\\\/2026\\\/09\\\/luniversite-adventiste-southern-preserve-des-decennies-dhistoires-missionnaires\\\/#primaryimage\",\"url\":\"https:\\\/\\\/interamerica.org\\\/wp-content\\\/uploads\\\/2026\\\/08\\\/sau-1-17-1200x0-c-default.jpg\",\"contentUrl\":\"https:\\\/\\\/interamerica.org\\\/wp-content\\\/uploads\\\/2026\\\/08\\\/sau-1-17-1200x0-c-default.jpg\",\"width\":1200,\"height\":800,\"caption\":\"Un rassemblement \u00e9tudiant du vendredi soir portant sur les missions de l\u2019Universit\u00e9 adventiste Southern. [Une photo de l\u2019Universit\u00e9 adventiste Southern]\"},{\"@type\":\"BreadcrumbList\",\"@id\":\"https:\\\/\\\/interamerica.org\\\/fr\\\/2026\\\/09\\\/luniversite-adventiste-southern-preserve-des-decennies-dhistoires-missionnaires\\\/#breadcrumb\",\"itemListElement\":[{\"@type\":\"ListItem\",\"position\":1,\"name\":\"Home\",\"item\":\"https:\\\/\\\/interamerica.org\\\/fr\\\/\"},{\"@type\":\"ListItem\",\"position\":2,\"name\":\"L\u2019Universit\u00e9 adventiste Southern pr\u00e9serve des d\u00e9cennies d\u2019histoires missionnaires\"}]},{\"@type\":\"WebSite\",\"@id\":\"https:\\\/\\\/interamerica.org\\\/fr\\\/#website\",\"url\":\"https:\\\/\\\/interamerica.org\\\/fr\\\/\",\"name\":\"\u00c9glise Adventiste Du Septieme Jour - Inter Am\u00e9rique Division\",\"description\":\"\",\"potentialAction\":[{\"@type\":\"SearchAction\",\"target\":{\"@type\":\"EntryPoint\",\"urlTemplate\":\"https:\\\/\\\/interamerica.org\\\/fr\\\/?s={search_term_string}\"},\"query-input\":{\"@type\":\"PropertyValueSpecification\",\"valueRequired\":true,\"valueName\":\"search_term_string\"}}],\"inLanguage\":\"fr-FR\"},{\"@type\":\"Person\",\"@id\":\"https:\\\/\\\/interamerica.org\\\/fr\\\/#\\\/schema\\\/person\\\/29998f2bc2d8bd0d38662909289b54f1\",\"name\":\"libna\",\"image\":{\"@type\":\"ImageObject\",\"inLanguage\":\"fr-FR\",\"@id\":\"https:\\\/\\\/secure.gravatar.com\\\/avatar\\\/7c5bd30ae4b47a9ba3c856590957fd1d96dc588bf3ac05719d247e126840331f?s=96&d=mm&r=g\",\"url\":\"https:\\\/\\\/secure.gravatar.com\\\/avatar\\\/7c5bd30ae4b47a9ba3c856590957fd1d96dc588bf3ac05719d247e126840331f?s=96&d=mm&r=g\",\"contentUrl\":\"https:\\\/\\\/secure.gravatar.com\\\/avatar\\\/7c5bd30ae4b47a9ba3c856590957fd1d96dc588bf3ac05719d247e126840331f?s=96&d=mm&r=g\",\"caption\":\"libna\"}}]}<\/script>\n<!-- \/ Yoast SEO plugin. -->","yoast_head_json":{"title":"L\u2019Universit\u00e9 adventiste Southern pr\u00e9serve des d\u00e9cennies d\u2019histoires missionnaires - \u00c9glise Adventiste Du Septieme Jour - Inter Am\u00e9rique Division","robots":{"index":"index","follow":"follow","max-snippet":"max-snippet:-1","max-image-preview":"max-image-preview:large","max-video-preview":"max-video-preview:-1"},"canonical":"https:\/\/interamerica.org\/fr\/2026\/09\/luniversite-adventiste-southern-preserve-des-decennies-dhistoires-missionnaires\/","og_locale":"fr_FR","og_type":"article","og_title":"L\u2019Universit\u00e9 adventiste Southern pr\u00e9serve des d\u00e9cennies d\u2019histoires missionnaires - \u00c9glise Adventiste Du Septieme Jour - Inter Am\u00e9rique Division","og_description":"Les souvenirs vivants de Southern sont racont\u00e9s aux g\u00e9n\u00e9rations suivantes.\u00a0 Le 31 ao\u00fbt 2026 | Collegedale, Tennessee, \u00c9tats-Unis\u00a0 | Chehalis Eno, Universit\u00e9 adventiste Southern Pendant pr\u00e8s de six d\u00e9cennies, les...","og_url":"https:\/\/interamerica.org\/fr\/2026\/09\/luniversite-adventiste-southern-preserve-des-decennies-dhistoires-missionnaires\/","og_site_name":"\u00c9glise Adventiste Du Septieme Jour - Inter Am\u00e9rique Division","article_published_time":"2026-09-01T18:44:30+00:00","og_image":[{"width":1200,"height":800,"url":"https:\/\/interamerica.org\/wp-content\/uploads\/2026\/08\/sau-1-17-1200x0-c-default.jpg","type":"image\/jpeg"}],"author":"libna","twitter_card":"summary_large_image","twitter_misc":{"\u00c9crit par":"libna","Dur\u00e9e de lecture estim\u00e9e":"5 minutes"},"schema":{"@context":"https:\/\/schema.org","@graph":[{"@type":"Article","@id":"https:\/\/interamerica.org\/fr\/2026\/09\/luniversite-adventiste-southern-preserve-des-decennies-dhistoires-missionnaires\/#article","isPartOf":{"@id":"https:\/\/interamerica.org\/fr\/2026\/09\/luniversite-adventiste-southern-preserve-des-decennies-dhistoires-missionnaires\/"},"author":{"name":"libna","@id":"https:\/\/interamerica.org\/fr\/#\/schema\/person\/29998f2bc2d8bd0d38662909289b54f1"},"headline":"L\u2019Universit\u00e9 adventiste Southern pr\u00e9serve des d\u00e9cennies d\u2019histoires missionnaires","datePublished":"2026-09-01T18:44:30+00:00","mainEntityOfPage":{"@id":"https:\/\/interamerica.org\/fr\/2026\/09\/luniversite-adventiste-southern-preserve-des-decennies-dhistoires-missionnaires\/"},"wordCount":958,"image":{"@id":"https:\/\/interamerica.org\/fr\/2026\/09\/luniversite-adventiste-southern-preserve-des-decennies-dhistoires-missionnaires\/#primaryimage"},"thumbnailUrl":"https:\/\/interamerica.org\/wp-content\/uploads\/2026\/08\/sau-1-17-1200x0-c-default.jpg","articleSection":["Nouvelles de l'\u00c9glise mondiale","RSS Fran\u00e7ais"],"inLanguage":"fr-FR"},{"@type":"WebPage","@id":"https:\/\/interamerica.org\/fr\/2026\/09\/luniversite-adventiste-southern-preserve-des-decennies-dhistoires-missionnaires\/","url":"https:\/\/interamerica.org\/fr\/2026\/09\/luniversite-adventiste-southern-preserve-des-decennies-dhistoires-missionnaires\/","name":"L\u2019Universit\u00e9 adventiste Southern pr\u00e9serve des d\u00e9cennies d\u2019histoires missionnaires - \u00c9glise Adventiste Du Septieme Jour - Inter Am\u00e9rique Division","isPartOf":{"@id":"https:\/\/interamerica.org\/fr\/#website"},"primaryImageOfPage":{"@id":"https:\/\/interamerica.org\/fr\/2026\/09\/luniversite-adventiste-southern-preserve-des-decennies-dhistoires-missionnaires\/#primaryimage"},"image":{"@id":"https:\/\/interamerica.org\/fr\/2026\/09\/luniversite-adventiste-southern-preserve-des-decennies-dhistoires-missionnaires\/#primaryimage"},"thumbnailUrl":"https:\/\/interamerica.org\/wp-content\/uploads\/2026\/08\/sau-1-17-1200x0-c-default.jpg","datePublished":"2026-09-01T18:44:30+00:00","author":{"@id":"https:\/\/interamerica.org\/fr\/#\/schema\/person\/29998f2bc2d8bd0d38662909289b54f1"},"breadcrumb":{"@id":"https:\/\/interamerica.org\/fr\/2026\/09\/luniversite-adventiste-southern-preserve-des-decennies-dhistoires-missionnaires\/#breadcrumb"},"inLanguage":"fr-FR","potentialAction":[{"@type":"ReadAction","target":["https:\/\/interamerica.org\/fr\/2026\/09\/luniversite-adventiste-southern-preserve-des-decennies-dhistoires-missionnaires\/"]}]},{"@type":"ImageObject","inLanguage":"fr-FR","@id":"https:\/\/interamerica.org\/fr\/2026\/09\/luniversite-adventiste-southern-preserve-des-decennies-dhistoires-missionnaires\/#primaryimage","url":"https:\/\/interamerica.org\/wp-content\/uploads\/2026\/08\/sau-1-17-1200x0-c-default.jpg","contentUrl":"https:\/\/interamerica.org\/wp-content\/uploads\/2026\/08\/sau-1-17-1200x0-c-default.jpg","width":1200,"height":800,"caption":"Un rassemblement \u00e9tudiant du vendredi soir portant sur les missions de l\u2019Universit\u00e9 adventiste Southern. [Une photo de l\u2019Universit\u00e9 adventiste Southern]"},{"@type":"BreadcrumbList","@id":"https:\/\/interamerica.org\/fr\/2026\/09\/luniversite-adventiste-southern-preserve-des-decennies-dhistoires-missionnaires\/#breadcrumb","itemListElement":[{"@type":"ListItem","position":1,"name":"Home","item":"https:\/\/interamerica.org\/fr\/"},{"@type":"ListItem","position":2,"name":"L\u2019Universit\u00e9 adventiste Southern pr\u00e9serve des d\u00e9cennies d\u2019histoires missionnaires"}]},{"@type":"WebSite","@id":"https:\/\/interamerica.org\/fr\/#website","url":"https:\/\/interamerica.org\/fr\/","name":"\u00c9glise Adventiste Du Septieme Jour - Inter Am\u00e9rique Division","description":"","potentialAction":[{"@type":"SearchAction","target":{"@type":"EntryPoint","urlTemplate":"https:\/\/interamerica.org\/fr\/?s={search_term_string}"},"query-input":{"@type":"PropertyValueSpecification","valueRequired":true,"valueName":"search_term_string"}}],"inLanguage":"fr-FR"},{"@type":"Person","@id":"https:\/\/interamerica.org\/fr\/#\/schema\/person\/29998f2bc2d8bd0d38662909289b54f1","name":"libna","image":{"@type":"ImageObject","inLanguage":"fr-FR","@id":"https:\/\/secure.gravatar.com\/avatar\/7c5bd30ae4b47a9ba3c856590957fd1d96dc588bf3ac05719d247e126840331f?s=96&d=mm&r=g","url":"https:\/\/secure.gravatar.com\/avatar\/7c5bd30ae4b47a9ba3c856590957fd1d96dc588bf3ac05719d247e126840331f?s=96&d=mm&r=g","contentUrl":"https:\/\/secure.gravatar.com\/avatar\/7c5bd30ae4b47a9ba3c856590957fd1d96dc588bf3ac05719d247e126840331f?s=96&d=mm&r=g","caption":"libna"}}]}},"_links":{"self":[{"href":"https:\/\/interamerica.org\/fr\/wp-json\/wp\/v2\/posts\/148268","targetHints":{"allow":["GET"]}}],"collection":[{"href":"https:\/\/interamerica.org\/fr\/wp-json\/wp\/v2\/posts"}],"about":[{"href":"https:\/\/interamerica.org\/fr\/wp-json\/wp\/v2\/types\/post"}],"author":[{"embeddable":true,"href":"https:\/\/interamerica.org\/fr\/wp-json\/wp\/v2\/users\/3"}],"replies":[{"embeddable":true,"href":"https:\/\/interamerica.org\/fr\/wp-json\/wp\/v2\/comments?post=148268"}],"version-history":[{"count":3,"href":"https:\/\/interamerica.org\/fr\/wp-json\/wp\/v2\/posts\/148268\/revisions"}],"predecessor-version":[{"id":148273,"href":"https:\/\/interamerica.org\/fr\/wp-json\/wp\/v2\/posts\/148268\/revisions\/148273"}],"wp:featuredmedia":[{"embeddable":true,"href":"https:\/\/interamerica.org\/fr\/wp-json\/wp\/v2\/media\/148269"}],"wp:attachment":[{"href":"https:\/\/interamerica.org\/fr\/wp-json\/wp\/v2\/media?parent=148268"}],"wp:term":[{"taxonomy":"category","embeddable":true,"href":"https:\/\/interamerica.org\/fr\/wp-json\/wp\/v2\/categories?post=148268"},{"taxonomy":"post_tag","embeddable":true,"href":"https:\/\/interamerica.org\/fr\/wp-json\/wp\/v2\/tags?post=148268"}],"curies":[{"name":"wp","href":"https:\/\/api.w.org\/{rel}","templated":true}]}}