{"id":31575,"date":"2012-12-06T00:00:00","date_gmt":"2012-12-06T04:00:00","guid":{"rendered":"http:\/\/192.81.217.108\/interamerica\/2012\/12\/annonce-des-noms-des-membres-du-comite-pour-letude-sur-la-theologie-de-lordination\/"},"modified":"2012-12-06T00:00:00","modified_gmt":"2012-12-06T04:00:00","slug":"annonce-des-noms-des-membres-du-comite-pour-letude-sur-la-theologie-de-lordination","status":"publish","type":"post","link":"https:\/\/interamerica.org\/fr\/2012\/12\/annonce-des-noms-des-membres-du-comite-pour-letude-sur-la-theologie-de-lordination\/","title":{"rendered":"Annonce des noms des membres du comit\u00e9 pour l\u2019\u00e9tude sur la th\u00e9ologie de l\u2019ordination"},"content":{"rendered":"<p>6 D\u00e9cembre 2012 Silver Spring, Maryland, Etats Unis\u2026ANN<\/p>\n<p>Le pr\u00e9sident du Comit\u00e9 d\u2019Etude sur la Th\u00e9ologie de l\u2019Ordination mis en place par l\u2019Eglise Adventiste du Septi\u00e8me jour a annonc\u00e9 cette semaine les noms des membres du comit\u00e9, ce qui constitue la derni\u00e8re \u00e9tape dans la formation du groupe. (<a href=\"http:\/\/news.adventist.org\/archive\/articles\/2012\/12\/06\/committee-members-identified-for-study-of-theology-of-ordination\">cliquez ICI<\/a> pour voir un PDF des instructions du comit\u00e9 et la liste des membres)<\/p>\n<div id=\"attachment_6167\" style=\"width: 310px\" class=\"wp-caption alignleft\"><a href=\"\/interamerica\/wp-content\/uploads\/2017\/06\/stele-4x3-315x2371.jpg\" rel=\"fancybox\" title=\"Annonce des noms des membres du comit\u00e9 pour l\u2019\u00e9tude sur la th\u00e9ologie de l\u2019ordination\"><img fetchpriority=\"high\" decoding=\"async\" aria-describedby=\"caption-attachment-6167\" class=\"size-medium wp-image-6167\" src=\"\/interamerica\/wp-content\/uploads\/2017\/06\/stele-4x3-315x2371-300x224.jpg\" alt=\"\" width=\"300\" height=\"224\" \/><\/a><p id=\"caption-attachment-6167\" class=\"wp-caption-text\">Artur Stele, l\u2019un des vice-pr\u00e9sidents de l\u2019Eglise Adventiste mondiale et directeur de l\u2019Institut de Recherche Biblique, s\u2019adresse au Comit\u00e9 Ex\u00e9cutif de l\u2019\u00e9glise en 2011, annon\u00e7ant un agenda et un mode op\u00e9ratoire sur la mani\u00e8re dont la d\u00e9nomination \u00e9tudiera la question de l\u2019ordination. Cette semaine, il a annonc\u00e9 les noms des membres qui constitueront le comit\u00e9 d\u2019\u00e9tude. Photo d\u2019Archives ANN.<\/p><\/div>\n<p>Les responsables de l\u2019\u00e9glise ont indiqu\u00e9 que les membres du comit\u00e9 \u00ab repr\u00e9sentent un large \u00e9ventail de pens\u00e9e et d\u2019opinions \u00bb sur le sujet.<\/p>\n<p>Le pr\u00e9sident du comit\u00e9 a d\u00e9clar\u00e9 que la raison principale pour laquelle les noms ont \u00e9t\u00e9 annonc\u00e9s est d\u2019inviter les membres de l\u2019Eglise Adventiste \u00e0 prier pour les membres du comit\u00e9.<\/p>\n<p>\u00ab Nous avons besoin de la direction divine dans ce processus d\u2019\u00e9tude, \u00bb a dit Artur Stele qui sert en tant que vice-pr\u00e9sident de l\u2019Eglise Adventiste mondiale et est aussi \u00e0 la t\u00eate de l\u2019Institut de Recherche Biblique.<\/p>\n<p>Le comit\u00e9 a \u00e9t\u00e9 mis en place en septembre, suite \u00e0 un engagement pris par les responsables de l\u2019\u00e9glise lors de la Session de la Conf\u00e9rence G\u00e9n\u00e9rale en 2010 d\u2019examiner la th\u00e9ologie de l\u2019ordination. L\u2019Eglise Adventiste mondiale autorise les femmes \u00e0 \u00eatre commissionn\u00e9es comme ministres dans certains champs du monde, mais n\u2019autorise ou ne reconnait pas la cons\u00e9cration des femmes.<\/p>\n<p>Artur Stele a indiqu\u00e9 que des mesures sont prises pour \u00ab s\u2019assurer que le processus sera ouvert, juste et transparent. \u00bb Il a pr\u00e9cis\u00e9 les quatre t\u00e2ches assign\u00e9es au comit\u00e9 :<\/p>\n<p>Examiner l\u2019histoire de l\u2019\u00e9tude de l\u2019ordination dans l\u2019Eglise Adventiste du Septi\u00e8me jour.<br \/>\nD\u00e9velopper une th\u00e9ologie Adventiste de l\u2019ordination.<br \/>\nEtudier le sujet de l\u2019ordination des femmes au minist\u00e8re pastoral.<br \/>\nSur les points de d\u00e9saccord, se concentrer sur les solutions potentielles qui soutiennent le message, la mission et l\u2019unit\u00e9 de l\u2019Eglise Adventiste du Septi\u00e8me jour.<\/p>\n<p>Le comit\u00e9 directeur de ce comit\u00e9 s\u2019est d\u00e9j\u00e0 r\u00e9uni \u00e0 deux reprises et la premi\u00e8re rencontre du groupe au complet est pr\u00e9vue pour le mois prochain, a dit Artur Stele.<\/p>\n<p>Les esquisses de documents produits par le comit\u00e9 pour chacune des t\u00e2ches assign\u00e9es seront envoy\u00e9es aux comit\u00e9s locaux de Recherche Biblique dans chacune des 13 divisions de la d\u00e9nomination. Chaque comit\u00e9 local de division fera des recommandations et retourneront leurs suggestions.<\/p>\n<p>Le comit\u00e9 ach\u00e8vera vraisemblablement son travail pendant l\u2019\u00e9t\u00e9 2014, a dit Artur Stele.<br \/>\nLe Comit\u00e9 Ex\u00e9cutif de la d\u00e9nomination lors du Concile Annuel de 2014 pourra d\u00e9cider de recommander une d\u00e9cision \u00e0 la Session 2015 de la Conf\u00e9rence G\u00e9n\u00e9rale.<\/p>\n<p>Le Comit\u00e9 d\u2019Etude sur la Th\u00e9ologie de l\u2019Ordination d\u00e9bute ses travaux en comptant totalement sur la direction divine, \u00bb a dit Artur Stele. \u00ab Priez s\u2019il vous plait pour qu\u2019un bon esprit soit pr\u00e9sent et pour que l\u2019on soit ouvert \u00e0 la direction divine. \u00bb<\/p>\n<p>Traduction : Patrick Luciathe<\/p>\n","protected":false},"excerpt":{"rendered":"<p>Le pr\u00e9sident du Comit\u00e9 d\u2019Etude sur la Th\u00e9ologie de l\u2019Ordination mis en place par l\u2019Eglise Adventiste du Septi\u00e8me jour a annonc\u00e9 cette semaine les noms des membres du comit\u00e9, ce qui constitue la derni\u00e8re \u00e9tape dans la formation du groupe.<\/p>\n","protected":false},"author":1,"featured_media":20645,"comment_status":"closed","ping_status":"closed","sticky":false,"template":"","format":"standard","meta":{"_acf_changed":false,"footnotes":""},"categories":[18],"tags":[],"class_list":["post-31575","post","type-post","status-publish","format-standard","has-post-thumbnail","hentry","category-nouvelles-de-leglise-mondiale"],"acf":[],"yoast_head":"<!-- This site is optimized with the Yoast SEO plugin v27.3 - https:\/\/yoast.com\/product\/yoast-seo-wordpress\/ -->\n<title>Annonce des noms des membres du comit\u00e9 pour l\u2019\u00e9tude sur la th\u00e9ologie de l\u2019ordination - \u00c9glise Adventiste Du Septieme Jour - Inter Am\u00e9rique Division<\/title>\n<meta name=\"robots\" content=\"index, follow, max-snippet:-1, max-image-preview:large, max-video-preview:-1\" \/>\n<link rel=\"canonical\" href=\"https:\/\/interamerica.org\/fr\/2012\/12\/annonce-des-noms-des-membres-du-comite-pour-letude-sur-la-theologie-de-lordination\/\" \/>\n<meta property=\"og:locale\" content=\"fr_FR\" \/>\n<meta property=\"og:type\" content=\"article\" \/>\n<meta property=\"og:title\" content=\"Annonce des noms des membres du comit\u00e9 pour l\u2019\u00e9tude sur la th\u00e9ologie de l\u2019ordination - \u00c9glise Adventiste Du Septieme Jour - Inter Am\u00e9rique Division\" \/>\n<meta property=\"og:description\" content=\"Le pr\u00e9sident du Comit\u00e9 d\u2019Etude sur la Th\u00e9ologie de l\u2019Ordination mis en place par l\u2019Eglise Adventiste du Septi\u00e8me jour a annonc\u00e9 cette semaine les noms des membres du comit\u00e9, ce qui constitue la derni\u00e8re \u00e9tape dans la formation du groupe.\" \/>\n<meta property=\"og:url\" content=\"https:\/\/interamerica.org\/fr\/2012\/12\/annonce-des-noms-des-membres-du-comite-pour-letude-sur-la-theologie-de-lordination\/\" \/>\n<meta property=\"og:site_name\" content=\"\u00c9glise Adventiste Du Septieme Jour - Inter Am\u00e9rique Division\" \/>\n<meta property=\"article:published_time\" content=\"2012-12-06T04:00:00+00:00\" \/>\n<meta property=\"og:image\" content=\"https:\/\/interamerica.org\/wp-content\/uploads\/2017\/06\/stele-4x3-315x2371.jpg\" \/>\n\t<meta property=\"og:image:width\" content=\"315\" \/>\n\t<meta property=\"og:image:height\" content=\"236\" \/>\n\t<meta property=\"og:image:type\" content=\"image\/jpeg\" \/>\n<meta name=\"author\" content=\"Lorenzo Verduzco\" \/>\n<meta name=\"twitter:card\" content=\"summary_large_image\" \/>\n<meta name=\"twitter:label1\" content=\"\u00c9crit par\" \/>\n\t<meta name=\"twitter:data1\" content=\"Lorenzo Verduzco\" \/>\n\t<meta name=\"twitter:label2\" content=\"Dur\u00e9e de lecture estim\u00e9e\" \/>\n\t<meta name=\"twitter:data2\" content=\"3 minutes\" \/>\n<script type=\"application\/ld+json\" class=\"yoast-schema-graph\">{\"@context\":\"https:\\\/\\\/schema.org\",\"@graph\":[{\"@type\":\"Article\",\"@id\":\"https:\\\/\\\/interamerica.org\\\/fr\\\/2012\\\/12\\\/annonce-des-noms-des-membres-du-comite-pour-letude-sur-la-theologie-de-lordination\\\/#article\",\"isPartOf\":{\"@id\":\"https:\\\/\\\/interamerica.org\\\/fr\\\/2012\\\/12\\\/annonce-des-noms-des-membres-du-comite-pour-letude-sur-la-theologie-de-lordination\\\/\"},\"author\":{\"name\":\"Lorenzo Verduzco\",\"@id\":\"https:\\\/\\\/interamerica.org\\\/fr\\\/#\\\/schema\\\/person\\\/68ede8bdc292885bb76c1e3810e73c39\"},\"headline\":\"Annonce des noms des membres du comit\u00e9 pour l\u2019\u00e9tude sur la th\u00e9ologie de l\u2019ordination\",\"datePublished\":\"2012-12-06T04:00:00+00:00\",\"mainEntityOfPage\":{\"@id\":\"https:\\\/\\\/interamerica.org\\\/fr\\\/2012\\\/12\\\/annonce-des-noms-des-membres-du-comite-pour-letude-sur-la-theologie-de-lordination\\\/\"},\"wordCount\":609,\"image\":{\"@id\":\"https:\\\/\\\/interamerica.org\\\/fr\\\/2012\\\/12\\\/annonce-des-noms-des-membres-du-comite-pour-letude-sur-la-theologie-de-lordination\\\/#primaryimage\"},\"thumbnailUrl\":\"https:\\\/\\\/interamerica.org\\\/wp-content\\\/uploads\\\/2017\\\/06\\\/stele-4x3-315x2371.jpg\",\"articleSection\":[\"Nouvelles de l'\u00c9glise mondiale\"],\"inLanguage\":\"fr-FR\"},{\"@type\":\"WebPage\",\"@id\":\"https:\\\/\\\/interamerica.org\\\/fr\\\/2012\\\/12\\\/annonce-des-noms-des-membres-du-comite-pour-letude-sur-la-theologie-de-lordination\\\/\",\"url\":\"https:\\\/\\\/interamerica.org\\\/fr\\\/2012\\\/12\\\/annonce-des-noms-des-membres-du-comite-pour-letude-sur-la-theologie-de-lordination\\\/\",\"name\":\"Annonce des noms des membres du comit\u00e9 pour l\u2019\u00e9tude sur la th\u00e9ologie de l\u2019ordination - \u00c9glise Adventiste Du Septieme Jour - Inter Am\u00e9rique Division\",\"isPartOf\":{\"@id\":\"https:\\\/\\\/interamerica.org\\\/fr\\\/#website\"},\"primaryImageOfPage\":{\"@id\":\"https:\\\/\\\/interamerica.org\\\/fr\\\/2012\\\/12\\\/annonce-des-noms-des-membres-du-comite-pour-letude-sur-la-theologie-de-lordination\\\/#primaryimage\"},\"image\":{\"@id\":\"https:\\\/\\\/interamerica.org\\\/fr\\\/2012\\\/12\\\/annonce-des-noms-des-membres-du-comite-pour-letude-sur-la-theologie-de-lordination\\\/#primaryimage\"},\"thumbnailUrl\":\"https:\\\/\\\/interamerica.org\\\/wp-content\\\/uploads\\\/2017\\\/06\\\/stele-4x3-315x2371.jpg\",\"datePublished\":\"2012-12-06T04:00:00+00:00\",\"author\":{\"@id\":\"https:\\\/\\\/interamerica.org\\\/fr\\\/#\\\/schema\\\/person\\\/68ede8bdc292885bb76c1e3810e73c39\"},\"breadcrumb\":{\"@id\":\"https:\\\/\\\/interamerica.org\\\/fr\\\/2012\\\/12\\\/annonce-des-noms-des-membres-du-comite-pour-letude-sur-la-theologie-de-lordination\\\/#breadcrumb\"},\"inLanguage\":\"fr-FR\",\"potentialAction\":[{\"@type\":\"ReadAction\",\"target\":[\"https:\\\/\\\/interamerica.org\\\/fr\\\/2012\\\/12\\\/annonce-des-noms-des-membres-du-comite-pour-letude-sur-la-theologie-de-lordination\\\/\"]}]},{\"@type\":\"ImageObject\",\"inLanguage\":\"fr-FR\",\"@id\":\"https:\\\/\\\/interamerica.org\\\/fr\\\/2012\\\/12\\\/annonce-des-noms-des-membres-du-comite-pour-letude-sur-la-theologie-de-lordination\\\/#primaryimage\",\"url\":\"https:\\\/\\\/interamerica.org\\\/wp-content\\\/uploads\\\/2017\\\/06\\\/stele-4x3-315x2371.jpg\",\"contentUrl\":\"https:\\\/\\\/interamerica.org\\\/wp-content\\\/uploads\\\/2017\\\/06\\\/stele-4x3-315x2371.jpg\",\"width\":315,\"height\":236},{\"@type\":\"BreadcrumbList\",\"@id\":\"https:\\\/\\\/interamerica.org\\\/fr\\\/2012\\\/12\\\/annonce-des-noms-des-membres-du-comite-pour-letude-sur-la-theologie-de-lordination\\\/#breadcrumb\",\"itemListElement\":[{\"@type\":\"ListItem\",\"position\":1,\"name\":\"Home\",\"item\":\"https:\\\/\\\/interamerica.org\\\/fr\\\/\"},{\"@type\":\"ListItem\",\"position\":2,\"name\":\"Annonce des noms des membres du comit\u00e9 pour l\u2019\u00e9tude sur la th\u00e9ologie de l\u2019ordination\"}]},{\"@type\":\"WebSite\",\"@id\":\"https:\\\/\\\/interamerica.org\\\/fr\\\/#website\",\"url\":\"https:\\\/\\\/interamerica.org\\\/fr\\\/\",\"name\":\"\u00c9glise Adventiste Du Septieme Jour - Inter Am\u00e9rique Division\",\"description\":\"\",\"potentialAction\":[{\"@type\":\"SearchAction\",\"target\":{\"@type\":\"EntryPoint\",\"urlTemplate\":\"https:\\\/\\\/interamerica.org\\\/fr\\\/?s={search_term_string}\"},\"query-input\":{\"@type\":\"PropertyValueSpecification\",\"valueRequired\":true,\"valueName\":\"search_term_string\"}}],\"inLanguage\":\"fr-FR\"},{\"@type\":\"Person\",\"@id\":\"https:\\\/\\\/interamerica.org\\\/fr\\\/#\\\/schema\\\/person\\\/68ede8bdc292885bb76c1e3810e73c39\",\"name\":\"Lorenzo Verduzco\",\"image\":{\"@type\":\"ImageObject\",\"inLanguage\":\"fr-FR\",\"@id\":\"https:\\\/\\\/secure.gravatar.com\\\/avatar\\\/fb81a55b6218459490a9c1dc841a34909185b81904c5337b4b27f7a6fd60c49e?s=96&d=mm&r=g\",\"url\":\"https:\\\/\\\/secure.gravatar.com\\\/avatar\\\/fb81a55b6218459490a9c1dc841a34909185b81904c5337b4b27f7a6fd60c49e?s=96&d=mm&r=g\",\"contentUrl\":\"https:\\\/\\\/secure.gravatar.com\\\/avatar\\\/fb81a55b6218459490a9c1dc841a34909185b81904c5337b4b27f7a6fd60c49e?s=96&d=mm&r=g\",\"caption\":\"Lorenzo Verduzco\"}}]}<\/script>\n<!-- \/ Yoast SEO plugin. -->","yoast_head_json":{"title":"Annonce des noms des membres du comit\u00e9 pour l\u2019\u00e9tude sur la th\u00e9ologie de l\u2019ordination - \u00c9glise Adventiste Du Septieme Jour - Inter Am\u00e9rique Division","robots":{"index":"index","follow":"follow","max-snippet":"max-snippet:-1","max-image-preview":"max-image-preview:large","max-video-preview":"max-video-preview:-1"},"canonical":"https:\/\/interamerica.org\/fr\/2012\/12\/annonce-des-noms-des-membres-du-comite-pour-letude-sur-la-theologie-de-lordination\/","og_locale":"fr_FR","og_type":"article","og_title":"Annonce des noms des membres du comit\u00e9 pour l\u2019\u00e9tude sur la th\u00e9ologie de l\u2019ordination - \u00c9glise Adventiste Du Septieme Jour - Inter Am\u00e9rique Division","og_description":"Le pr\u00e9sident du Comit\u00e9 d\u2019Etude sur la Th\u00e9ologie de l\u2019Ordination mis en place par l\u2019Eglise Adventiste du Septi\u00e8me jour a annonc\u00e9 cette semaine les noms des membres du comit\u00e9, ce qui constitue la derni\u00e8re \u00e9tape dans la formation du groupe.","og_url":"https:\/\/interamerica.org\/fr\/2012\/12\/annonce-des-noms-des-membres-du-comite-pour-letude-sur-la-theologie-de-lordination\/","og_site_name":"\u00c9glise Adventiste Du Septieme Jour - Inter Am\u00e9rique Division","article_published_time":"2012-12-06T04:00:00+00:00","og_image":[{"width":315,"height":236,"url":"https:\/\/interamerica.org\/wp-content\/uploads\/2017\/06\/stele-4x3-315x2371.jpg","type":"image\/jpeg"}],"author":"Lorenzo Verduzco","twitter_card":"summary_large_image","twitter_misc":{"\u00c9crit par":"Lorenzo Verduzco","Dur\u00e9e de lecture estim\u00e9e":"3 minutes"},"schema":{"@context":"https:\/\/schema.org","@graph":[{"@type":"Article","@id":"https:\/\/interamerica.org\/fr\/2012\/12\/annonce-des-noms-des-membres-du-comite-pour-letude-sur-la-theologie-de-lordination\/#article","isPartOf":{"@id":"https:\/\/interamerica.org\/fr\/2012\/12\/annonce-des-noms-des-membres-du-comite-pour-letude-sur-la-theologie-de-lordination\/"},"author":{"name":"Lorenzo Verduzco","@id":"https:\/\/interamerica.org\/fr\/#\/schema\/person\/68ede8bdc292885bb76c1e3810e73c39"},"headline":"Annonce des noms des membres du comit\u00e9 pour l\u2019\u00e9tude sur la th\u00e9ologie de l\u2019ordination","datePublished":"2012-12-06T04:00:00+00:00","mainEntityOfPage":{"@id":"https:\/\/interamerica.org\/fr\/2012\/12\/annonce-des-noms-des-membres-du-comite-pour-letude-sur-la-theologie-de-lordination\/"},"wordCount":609,"image":{"@id":"https:\/\/interamerica.org\/fr\/2012\/12\/annonce-des-noms-des-membres-du-comite-pour-letude-sur-la-theologie-de-lordination\/#primaryimage"},"thumbnailUrl":"https:\/\/interamerica.org\/wp-content\/uploads\/2017\/06\/stele-4x3-315x2371.jpg","articleSection":["Nouvelles de l'\u00c9glise mondiale"],"inLanguage":"fr-FR"},{"@type":"WebPage","@id":"https:\/\/interamerica.org\/fr\/2012\/12\/annonce-des-noms-des-membres-du-comite-pour-letude-sur-la-theologie-de-lordination\/","url":"https:\/\/interamerica.org\/fr\/2012\/12\/annonce-des-noms-des-membres-du-comite-pour-letude-sur-la-theologie-de-lordination\/","name":"Annonce des noms des membres du comit\u00e9 pour l\u2019\u00e9tude sur la th\u00e9ologie de l\u2019ordination - \u00c9glise Adventiste Du Septieme Jour - Inter Am\u00e9rique Division","isPartOf":{"@id":"https:\/\/interamerica.org\/fr\/#website"},"primaryImageOfPage":{"@id":"https:\/\/interamerica.org\/fr\/2012\/12\/annonce-des-noms-des-membres-du-comite-pour-letude-sur-la-theologie-de-lordination\/#primaryimage"},"image":{"@id":"https:\/\/interamerica.org\/fr\/2012\/12\/annonce-des-noms-des-membres-du-comite-pour-letude-sur-la-theologie-de-lordination\/#primaryimage"},"thumbnailUrl":"https:\/\/interamerica.org\/wp-content\/uploads\/2017\/06\/stele-4x3-315x2371.jpg","datePublished":"2012-12-06T04:00:00+00:00","author":{"@id":"https:\/\/interamerica.org\/fr\/#\/schema\/person\/68ede8bdc292885bb76c1e3810e73c39"},"breadcrumb":{"@id":"https:\/\/interamerica.org\/fr\/2012\/12\/annonce-des-noms-des-membres-du-comite-pour-letude-sur-la-theologie-de-lordination\/#breadcrumb"},"inLanguage":"fr-FR","potentialAction":[{"@type":"ReadAction","target":["https:\/\/interamerica.org\/fr\/2012\/12\/annonce-des-noms-des-membres-du-comite-pour-letude-sur-la-theologie-de-lordination\/"]}]},{"@type":"ImageObject","inLanguage":"fr-FR","@id":"https:\/\/interamerica.org\/fr\/2012\/12\/annonce-des-noms-des-membres-du-comite-pour-letude-sur-la-theologie-de-lordination\/#primaryimage","url":"https:\/\/interamerica.org\/wp-content\/uploads\/2017\/06\/stele-4x3-315x2371.jpg","contentUrl":"https:\/\/interamerica.org\/wp-content\/uploads\/2017\/06\/stele-4x3-315x2371.jpg","width":315,"height":236},{"@type":"BreadcrumbList","@id":"https:\/\/interamerica.org\/fr\/2012\/12\/annonce-des-noms-des-membres-du-comite-pour-letude-sur-la-theologie-de-lordination\/#breadcrumb","itemListElement":[{"@type":"ListItem","position":1,"name":"Home","item":"https:\/\/interamerica.org\/fr\/"},{"@type":"ListItem","position":2,"name":"Annonce des noms des membres du comit\u00e9 pour l\u2019\u00e9tude sur la th\u00e9ologie de l\u2019ordination"}]},{"@type":"WebSite","@id":"https:\/\/interamerica.org\/fr\/#website","url":"https:\/\/interamerica.org\/fr\/","name":"\u00c9glise Adventiste Du Septieme Jour - Inter Am\u00e9rique Division","description":"","potentialAction":[{"@type":"SearchAction","target":{"@type":"EntryPoint","urlTemplate":"https:\/\/interamerica.org\/fr\/?s={search_term_string}"},"query-input":{"@type":"PropertyValueSpecification","valueRequired":true,"valueName":"search_term_string"}}],"inLanguage":"fr-FR"},{"@type":"Person","@id":"https:\/\/interamerica.org\/fr\/#\/schema\/person\/68ede8bdc292885bb76c1e3810e73c39","name":"Lorenzo Verduzco","image":{"@type":"ImageObject","inLanguage":"fr-FR","@id":"https:\/\/secure.gravatar.com\/avatar\/fb81a55b6218459490a9c1dc841a34909185b81904c5337b4b27f7a6fd60c49e?s=96&d=mm&r=g","url":"https:\/\/secure.gravatar.com\/avatar\/fb81a55b6218459490a9c1dc841a34909185b81904c5337b4b27f7a6fd60c49e?s=96&d=mm&r=g","contentUrl":"https:\/\/secure.gravatar.com\/avatar\/fb81a55b6218459490a9c1dc841a34909185b81904c5337b4b27f7a6fd60c49e?s=96&d=mm&r=g","caption":"Lorenzo Verduzco"}}]}},"_links":{"self":[{"href":"https:\/\/interamerica.org\/fr\/wp-json\/wp\/v2\/posts\/31575","targetHints":{"allow":["GET"]}}],"collection":[{"href":"https:\/\/interamerica.org\/fr\/wp-json\/wp\/v2\/posts"}],"about":[{"href":"https:\/\/interamerica.org\/fr\/wp-json\/wp\/v2\/types\/post"}],"author":[{"embeddable":true,"href":"https:\/\/interamerica.org\/fr\/wp-json\/wp\/v2\/users\/1"}],"replies":[{"embeddable":true,"href":"https:\/\/interamerica.org\/fr\/wp-json\/wp\/v2\/comments?post=31575"}],"version-history":[{"count":0,"href":"https:\/\/interamerica.org\/fr\/wp-json\/wp\/v2\/posts\/31575\/revisions"}],"wp:featuredmedia":[{"embeddable":true,"href":"https:\/\/interamerica.org\/fr\/wp-json\/wp\/v2\/media\/20645"}],"wp:attachment":[{"href":"https:\/\/interamerica.org\/fr\/wp-json\/wp\/v2\/media?parent=31575"}],"wp:term":[{"taxonomy":"category","embeddable":true,"href":"https:\/\/interamerica.org\/fr\/wp-json\/wp\/v2\/categories?post=31575"},{"taxonomy":"post_tag","embeddable":true,"href":"https:\/\/interamerica.org\/fr\/wp-json\/wp\/v2\/tags?post=31575"}],"curies":[{"name":"wp","href":"https:\/\/api.w.org\/{rel}","templated":true}]}}