{"id":31579,"date":"2012-12-08T00:00:00","date_gmt":"2012-12-08T04:00:00","guid":{"rendered":"http:\/\/192.81.217.108\/interamerica\/2012\/12\/le-programme-du-boom-biblique-de-linter-amerique-debute-dans-quelques-heures\/"},"modified":"2012-12-08T00:00:00","modified_gmt":"2012-12-08T04:00:00","slug":"le-programme-du-boom-biblique-de-linter-amerique-debute-dans-quelques-heures","status":"publish","type":"post","link":"https:\/\/interamerica.org\/fr\/2012\/12\/le-programme-du-boom-biblique-de-linter-amerique-debute-dans-quelques-heures\/","title":{"rendered":"Le programme du Boom Biblique de l\u2019Inter Am\u00e9rique d\u00e9bute dans quelques heures"},"content":{"rendered":"<p>8 D\u00e9cembre 2012 \u2013 Champ Fleurs, Trinidad\u2026Libna Stevens\/DIA<\/p>\n<div id=\"attachment_6233\" style=\"width: 315px\" class=\"wp-caption alignleft\"><a href=\"\/interamerica\/wp-content\/uploads\/2017\/06\/boomfra4.jpg\" rel=\"fancybox\" title=\"Le programme du Boom Biblique de l\u2019Inter Am\u00e9rique d\u00e9bute dans quelques heures\"><img fetchpriority=\"high\" decoding=\"async\" aria-describedby=\"caption-attachment-6233\" class=\"alignleft size-full wp-image-6225\" title=\"boomfra4\" src=\"\/interamerica\/wp-content\/uploads\/2017\/06\/boomfra4.jpg\" alt=\"\" width=\"305\" height=\"256\" \/><\/a><p id=\"caption-attachment-6233\" class=\"wp-caption-text\">Image de Matheus Nascimento<\/p><\/div>\n<p>Connectez vous pour suivre en direct cet apr\u00e8s midi la grande finale du Boom Biblique 2012 de l\u2019Inter Am\u00e9rique. Le programme de deux heures se d\u00e9roulera depuis l\u2019\u00e9glise Adventiste du Septi\u00e8me jour de Mt Dor \u00e0 Champ Fleurs, \u00e0 Trinidad \u00e0 partir de 14h30, heure de Trinidad (13h30, heure de Miami). Vingt deux finalistes venant de tout le territoire de la Division Inter Am\u00e9ricaine participeront \u00e0 la comp\u00e9tition biblique de cette ann\u00e9e.<\/p>\n<p>La diffusion en direct sera faite en anglais et une traduction en fran\u00e7ais et en espagnol sera propos\u00e9e.<\/p>\n<p>Avant la retransmission de la comp\u00e9tition du Boom Biblique, il y aura un programme sp\u00e9cial de sabbat qui d\u00e9butera \u00e0 9h00, heure de Trinidad (8h00, heure de Miami).<\/p>\n<p>Pour voir ces programmes en direct, rendez vous sur <a href=\"https:\/\/sites.google.com\/a\/interamerica.org\/channel\/fr\">webcast.interamerica.org<\/a> sur Internet Explorer ou sur Firefox (Google Chrome ne fonctionne pas).<\/p>\n","protected":false},"excerpt":{"rendered":"<p>Connectez vous pour suivre en direct cet apr\u00e8s midi la grande finale du Boom Biblique 2012 de l\u2019Inter Am\u00e9rique. Le programme de deux heures se d\u00e9roulera depuis l\u2019\u00e9glise Adventiste du Septi\u00e8me jour de Mt Dor \u00e0 Champ Fleurs, \u00e0 Trinidad \u00e0 partir de 14h30, heure de Trinidad<\/p>\n","protected":false},"author":1,"featured_media":31580,"comment_status":"closed","ping_status":"closed","sticky":false,"template":"","format":"standard","meta":{"_acf_changed":false,"footnotes":""},"categories":[20],"tags":[],"class_list":["post-31579","post","type-post","status-publish","format-standard","has-post-thumbnail","hentry","category-nouvelles-du-siege-de-la-division"],"acf":[],"yoast_head":"<!-- This site is optimized with the Yoast SEO plugin v27.3 - https:\/\/yoast.com\/product\/yoast-seo-wordpress\/ -->\n<title>Le programme du Boom Biblique de l\u2019Inter Am\u00e9rique d\u00e9bute dans quelques heures - \u00c9glise Adventiste Du Septieme Jour - Inter Am\u00e9rique Division<\/title>\n<meta name=\"robots\" content=\"index, follow, max-snippet:-1, max-image-preview:large, max-video-preview:-1\" \/>\n<link rel=\"canonical\" href=\"https:\/\/interamerica.org\/fr\/2012\/12\/le-programme-du-boom-biblique-de-linter-amerique-debute-dans-quelques-heures\/\" \/>\n<meta property=\"og:locale\" content=\"fr_FR\" \/>\n<meta property=\"og:type\" content=\"article\" \/>\n<meta property=\"og:title\" content=\"Le programme du Boom Biblique de l\u2019Inter Am\u00e9rique d\u00e9bute dans quelques heures - \u00c9glise Adventiste Du Septieme Jour - Inter Am\u00e9rique Division\" \/>\n<meta property=\"og:description\" content=\"Connectez vous pour suivre en direct cet apr\u00e8s midi la grande finale du Boom Biblique 2012 de l\u2019Inter Am\u00e9rique. Le programme de deux heures se d\u00e9roulera depuis l\u2019\u00e9glise Adventiste du Septi\u00e8me jour de Mt Dor \u00e0 Champ Fleurs, \u00e0 Trinidad \u00e0 partir de 14h30, heure de Trinidad\" \/>\n<meta property=\"og:url\" content=\"https:\/\/interamerica.org\/fr\/2012\/12\/le-programme-du-boom-biblique-de-linter-amerique-debute-dans-quelques-heures\/\" \/>\n<meta property=\"og:site_name\" content=\"\u00c9glise Adventiste Du Septieme Jour - Inter Am\u00e9rique Division\" \/>\n<meta property=\"article:published_time\" content=\"2012-12-08T04:00:00+00:00\" \/>\n<meta property=\"og:image\" content=\"https:\/\/interamerica.org\/wp-content\/uploads\/2017\/06\/boomfra4.jpg\" \/>\n\t<meta property=\"og:image:width\" content=\"305\" \/>\n\t<meta property=\"og:image:height\" content=\"256\" \/>\n\t<meta property=\"og:image:type\" content=\"image\/jpeg\" \/>\n<meta name=\"author\" content=\"Lorenzo Verduzco\" \/>\n<meta name=\"twitter:card\" content=\"summary_large_image\" \/>\n<meta name=\"twitter:label1\" content=\"\u00c9crit par\" \/>\n\t<meta name=\"twitter:data1\" content=\"Lorenzo Verduzco\" \/>\n\t<meta name=\"twitter:label2\" content=\"Dur\u00e9e de lecture estim\u00e9e\" \/>\n\t<meta name=\"twitter:data2\" content=\"1 minute\" \/>\n<script type=\"application\/ld+json\" class=\"yoast-schema-graph\">{\"@context\":\"https:\\\/\\\/schema.org\",\"@graph\":[{\"@type\":\"Article\",\"@id\":\"https:\\\/\\\/interamerica.org\\\/fr\\\/2012\\\/12\\\/le-programme-du-boom-biblique-de-linter-amerique-debute-dans-quelques-heures\\\/#article\",\"isPartOf\":{\"@id\":\"https:\\\/\\\/interamerica.org\\\/fr\\\/2012\\\/12\\\/le-programme-du-boom-biblique-de-linter-amerique-debute-dans-quelques-heures\\\/\"},\"author\":{\"name\":\"Lorenzo Verduzco\",\"@id\":\"https:\\\/\\\/interamerica.org\\\/fr\\\/#\\\/schema\\\/person\\\/68ede8bdc292885bb76c1e3810e73c39\"},\"headline\":\"Le programme du Boom Biblique de l\u2019Inter Am\u00e9rique d\u00e9bute dans quelques heures\",\"datePublished\":\"2012-12-08T04:00:00+00:00\",\"mainEntityOfPage\":{\"@id\":\"https:\\\/\\\/interamerica.org\\\/fr\\\/2012\\\/12\\\/le-programme-du-boom-biblique-de-linter-amerique-debute-dans-quelques-heures\\\/\"},\"wordCount\":183,\"image\":{\"@id\":\"https:\\\/\\\/interamerica.org\\\/fr\\\/2012\\\/12\\\/le-programme-du-boom-biblique-de-linter-amerique-debute-dans-quelques-heures\\\/#primaryimage\"},\"thumbnailUrl\":\"https:\\\/\\\/interamerica.org\\\/wp-content\\\/uploads\\\/2017\\\/06\\\/boomfra4.jpg\",\"articleSection\":[\"Nouvelles du si\u00e8ge de la division\"],\"inLanguage\":\"fr-FR\"},{\"@type\":\"WebPage\",\"@id\":\"https:\\\/\\\/interamerica.org\\\/fr\\\/2012\\\/12\\\/le-programme-du-boom-biblique-de-linter-amerique-debute-dans-quelques-heures\\\/\",\"url\":\"https:\\\/\\\/interamerica.org\\\/fr\\\/2012\\\/12\\\/le-programme-du-boom-biblique-de-linter-amerique-debute-dans-quelques-heures\\\/\",\"name\":\"Le programme du Boom Biblique de l\u2019Inter Am\u00e9rique d\u00e9bute dans quelques heures - \u00c9glise Adventiste Du Septieme Jour - Inter Am\u00e9rique Division\",\"isPartOf\":{\"@id\":\"https:\\\/\\\/interamerica.org\\\/fr\\\/#website\"},\"primaryImageOfPage\":{\"@id\":\"https:\\\/\\\/interamerica.org\\\/fr\\\/2012\\\/12\\\/le-programme-du-boom-biblique-de-linter-amerique-debute-dans-quelques-heures\\\/#primaryimage\"},\"image\":{\"@id\":\"https:\\\/\\\/interamerica.org\\\/fr\\\/2012\\\/12\\\/le-programme-du-boom-biblique-de-linter-amerique-debute-dans-quelques-heures\\\/#primaryimage\"},\"thumbnailUrl\":\"https:\\\/\\\/interamerica.org\\\/wp-content\\\/uploads\\\/2017\\\/06\\\/boomfra4.jpg\",\"datePublished\":\"2012-12-08T04:00:00+00:00\",\"author\":{\"@id\":\"https:\\\/\\\/interamerica.org\\\/fr\\\/#\\\/schema\\\/person\\\/68ede8bdc292885bb76c1e3810e73c39\"},\"breadcrumb\":{\"@id\":\"https:\\\/\\\/interamerica.org\\\/fr\\\/2012\\\/12\\\/le-programme-du-boom-biblique-de-linter-amerique-debute-dans-quelques-heures\\\/#breadcrumb\"},\"inLanguage\":\"fr-FR\",\"potentialAction\":[{\"@type\":\"ReadAction\",\"target\":[\"https:\\\/\\\/interamerica.org\\\/fr\\\/2012\\\/12\\\/le-programme-du-boom-biblique-de-linter-amerique-debute-dans-quelques-heures\\\/\"]}]},{\"@type\":\"ImageObject\",\"inLanguage\":\"fr-FR\",\"@id\":\"https:\\\/\\\/interamerica.org\\\/fr\\\/2012\\\/12\\\/le-programme-du-boom-biblique-de-linter-amerique-debute-dans-quelques-heures\\\/#primaryimage\",\"url\":\"https:\\\/\\\/interamerica.org\\\/wp-content\\\/uploads\\\/2017\\\/06\\\/boomfra4.jpg\",\"contentUrl\":\"https:\\\/\\\/interamerica.org\\\/wp-content\\\/uploads\\\/2017\\\/06\\\/boomfra4.jpg\",\"width\":305,\"height\":256},{\"@type\":\"BreadcrumbList\",\"@id\":\"https:\\\/\\\/interamerica.org\\\/fr\\\/2012\\\/12\\\/le-programme-du-boom-biblique-de-linter-amerique-debute-dans-quelques-heures\\\/#breadcrumb\",\"itemListElement\":[{\"@type\":\"ListItem\",\"position\":1,\"name\":\"Home\",\"item\":\"https:\\\/\\\/interamerica.org\\\/fr\\\/\"},{\"@type\":\"ListItem\",\"position\":2,\"name\":\"Le programme du Boom Biblique de l\u2019Inter Am\u00e9rique d\u00e9bute dans quelques heures\"}]},{\"@type\":\"WebSite\",\"@id\":\"https:\\\/\\\/interamerica.org\\\/fr\\\/#website\",\"url\":\"https:\\\/\\\/interamerica.org\\\/fr\\\/\",\"name\":\"\u00c9glise Adventiste Du Septieme Jour - Inter Am\u00e9rique Division\",\"description\":\"\",\"potentialAction\":[{\"@type\":\"SearchAction\",\"target\":{\"@type\":\"EntryPoint\",\"urlTemplate\":\"https:\\\/\\\/interamerica.org\\\/fr\\\/?s={search_term_string}\"},\"query-input\":{\"@type\":\"PropertyValueSpecification\",\"valueRequired\":true,\"valueName\":\"search_term_string\"}}],\"inLanguage\":\"fr-FR\"},{\"@type\":\"Person\",\"@id\":\"https:\\\/\\\/interamerica.org\\\/fr\\\/#\\\/schema\\\/person\\\/68ede8bdc292885bb76c1e3810e73c39\",\"name\":\"Lorenzo Verduzco\",\"image\":{\"@type\":\"ImageObject\",\"inLanguage\":\"fr-FR\",\"@id\":\"https:\\\/\\\/secure.gravatar.com\\\/avatar\\\/fb81a55b6218459490a9c1dc841a34909185b81904c5337b4b27f7a6fd60c49e?s=96&d=mm&r=g\",\"url\":\"https:\\\/\\\/secure.gravatar.com\\\/avatar\\\/fb81a55b6218459490a9c1dc841a34909185b81904c5337b4b27f7a6fd60c49e?s=96&d=mm&r=g\",\"contentUrl\":\"https:\\\/\\\/secure.gravatar.com\\\/avatar\\\/fb81a55b6218459490a9c1dc841a34909185b81904c5337b4b27f7a6fd60c49e?s=96&d=mm&r=g\",\"caption\":\"Lorenzo Verduzco\"}}]}<\/script>\n<!-- \/ Yoast SEO plugin. -->","yoast_head_json":{"title":"Le programme du Boom Biblique de l\u2019Inter Am\u00e9rique d\u00e9bute dans quelques heures - \u00c9glise Adventiste Du Septieme Jour - Inter Am\u00e9rique Division","robots":{"index":"index","follow":"follow","max-snippet":"max-snippet:-1","max-image-preview":"max-image-preview:large","max-video-preview":"max-video-preview:-1"},"canonical":"https:\/\/interamerica.org\/fr\/2012\/12\/le-programme-du-boom-biblique-de-linter-amerique-debute-dans-quelques-heures\/","og_locale":"fr_FR","og_type":"article","og_title":"Le programme du Boom Biblique de l\u2019Inter Am\u00e9rique d\u00e9bute dans quelques heures - \u00c9glise Adventiste Du Septieme Jour - Inter Am\u00e9rique Division","og_description":"Connectez vous pour suivre en direct cet apr\u00e8s midi la grande finale du Boom Biblique 2012 de l\u2019Inter Am\u00e9rique. Le programme de deux heures se d\u00e9roulera depuis l\u2019\u00e9glise Adventiste du Septi\u00e8me jour de Mt Dor \u00e0 Champ Fleurs, \u00e0 Trinidad \u00e0 partir de 14h30, heure de Trinidad","og_url":"https:\/\/interamerica.org\/fr\/2012\/12\/le-programme-du-boom-biblique-de-linter-amerique-debute-dans-quelques-heures\/","og_site_name":"\u00c9glise Adventiste Du Septieme Jour - Inter Am\u00e9rique Division","article_published_time":"2012-12-08T04:00:00+00:00","og_image":[{"width":305,"height":256,"url":"https:\/\/interamerica.org\/wp-content\/uploads\/2017\/06\/boomfra4.jpg","type":"image\/jpeg"}],"author":"Lorenzo Verduzco","twitter_card":"summary_large_image","twitter_misc":{"\u00c9crit par":"Lorenzo Verduzco","Dur\u00e9e de lecture estim\u00e9e":"1 minute"},"schema":{"@context":"https:\/\/schema.org","@graph":[{"@type":"Article","@id":"https:\/\/interamerica.org\/fr\/2012\/12\/le-programme-du-boom-biblique-de-linter-amerique-debute-dans-quelques-heures\/#article","isPartOf":{"@id":"https:\/\/interamerica.org\/fr\/2012\/12\/le-programme-du-boom-biblique-de-linter-amerique-debute-dans-quelques-heures\/"},"author":{"name":"Lorenzo Verduzco","@id":"https:\/\/interamerica.org\/fr\/#\/schema\/person\/68ede8bdc292885bb76c1e3810e73c39"},"headline":"Le programme du Boom Biblique de l\u2019Inter Am\u00e9rique d\u00e9bute dans quelques heures","datePublished":"2012-12-08T04:00:00+00:00","mainEntityOfPage":{"@id":"https:\/\/interamerica.org\/fr\/2012\/12\/le-programme-du-boom-biblique-de-linter-amerique-debute-dans-quelques-heures\/"},"wordCount":183,"image":{"@id":"https:\/\/interamerica.org\/fr\/2012\/12\/le-programme-du-boom-biblique-de-linter-amerique-debute-dans-quelques-heures\/#primaryimage"},"thumbnailUrl":"https:\/\/interamerica.org\/wp-content\/uploads\/2017\/06\/boomfra4.jpg","articleSection":["Nouvelles du si\u00e8ge de la division"],"inLanguage":"fr-FR"},{"@type":"WebPage","@id":"https:\/\/interamerica.org\/fr\/2012\/12\/le-programme-du-boom-biblique-de-linter-amerique-debute-dans-quelques-heures\/","url":"https:\/\/interamerica.org\/fr\/2012\/12\/le-programme-du-boom-biblique-de-linter-amerique-debute-dans-quelques-heures\/","name":"Le programme du Boom Biblique de l\u2019Inter Am\u00e9rique d\u00e9bute dans quelques heures - \u00c9glise Adventiste Du Septieme Jour - Inter Am\u00e9rique Division","isPartOf":{"@id":"https:\/\/interamerica.org\/fr\/#website"},"primaryImageOfPage":{"@id":"https:\/\/interamerica.org\/fr\/2012\/12\/le-programme-du-boom-biblique-de-linter-amerique-debute-dans-quelques-heures\/#primaryimage"},"image":{"@id":"https:\/\/interamerica.org\/fr\/2012\/12\/le-programme-du-boom-biblique-de-linter-amerique-debute-dans-quelques-heures\/#primaryimage"},"thumbnailUrl":"https:\/\/interamerica.org\/wp-content\/uploads\/2017\/06\/boomfra4.jpg","datePublished":"2012-12-08T04:00:00+00:00","author":{"@id":"https:\/\/interamerica.org\/fr\/#\/schema\/person\/68ede8bdc292885bb76c1e3810e73c39"},"breadcrumb":{"@id":"https:\/\/interamerica.org\/fr\/2012\/12\/le-programme-du-boom-biblique-de-linter-amerique-debute-dans-quelques-heures\/#breadcrumb"},"inLanguage":"fr-FR","potentialAction":[{"@type":"ReadAction","target":["https:\/\/interamerica.org\/fr\/2012\/12\/le-programme-du-boom-biblique-de-linter-amerique-debute-dans-quelques-heures\/"]}]},{"@type":"ImageObject","inLanguage":"fr-FR","@id":"https:\/\/interamerica.org\/fr\/2012\/12\/le-programme-du-boom-biblique-de-linter-amerique-debute-dans-quelques-heures\/#primaryimage","url":"https:\/\/interamerica.org\/wp-content\/uploads\/2017\/06\/boomfra4.jpg","contentUrl":"https:\/\/interamerica.org\/wp-content\/uploads\/2017\/06\/boomfra4.jpg","width":305,"height":256},{"@type":"BreadcrumbList","@id":"https:\/\/interamerica.org\/fr\/2012\/12\/le-programme-du-boom-biblique-de-linter-amerique-debute-dans-quelques-heures\/#breadcrumb","itemListElement":[{"@type":"ListItem","position":1,"name":"Home","item":"https:\/\/interamerica.org\/fr\/"},{"@type":"ListItem","position":2,"name":"Le programme du Boom Biblique de l\u2019Inter Am\u00e9rique d\u00e9bute dans quelques heures"}]},{"@type":"WebSite","@id":"https:\/\/interamerica.org\/fr\/#website","url":"https:\/\/interamerica.org\/fr\/","name":"\u00c9glise Adventiste Du Septieme Jour - Inter Am\u00e9rique Division","description":"","potentialAction":[{"@type":"SearchAction","target":{"@type":"EntryPoint","urlTemplate":"https:\/\/interamerica.org\/fr\/?s={search_term_string}"},"query-input":{"@type":"PropertyValueSpecification","valueRequired":true,"valueName":"search_term_string"}}],"inLanguage":"fr-FR"},{"@type":"Person","@id":"https:\/\/interamerica.org\/fr\/#\/schema\/person\/68ede8bdc292885bb76c1e3810e73c39","name":"Lorenzo Verduzco","image":{"@type":"ImageObject","inLanguage":"fr-FR","@id":"https:\/\/secure.gravatar.com\/avatar\/fb81a55b6218459490a9c1dc841a34909185b81904c5337b4b27f7a6fd60c49e?s=96&d=mm&r=g","url":"https:\/\/secure.gravatar.com\/avatar\/fb81a55b6218459490a9c1dc841a34909185b81904c5337b4b27f7a6fd60c49e?s=96&d=mm&r=g","contentUrl":"https:\/\/secure.gravatar.com\/avatar\/fb81a55b6218459490a9c1dc841a34909185b81904c5337b4b27f7a6fd60c49e?s=96&d=mm&r=g","caption":"Lorenzo Verduzco"}}]}},"_links":{"self":[{"href":"https:\/\/interamerica.org\/fr\/wp-json\/wp\/v2\/posts\/31579","targetHints":{"allow":["GET"]}}],"collection":[{"href":"https:\/\/interamerica.org\/fr\/wp-json\/wp\/v2\/posts"}],"about":[{"href":"https:\/\/interamerica.org\/fr\/wp-json\/wp\/v2\/types\/post"}],"author":[{"embeddable":true,"href":"https:\/\/interamerica.org\/fr\/wp-json\/wp\/v2\/users\/1"}],"replies":[{"embeddable":true,"href":"https:\/\/interamerica.org\/fr\/wp-json\/wp\/v2\/comments?post=31579"}],"version-history":[{"count":0,"href":"https:\/\/interamerica.org\/fr\/wp-json\/wp\/v2\/posts\/31579\/revisions"}],"wp:featuredmedia":[{"embeddable":true,"href":"https:\/\/interamerica.org\/fr\/wp-json\/wp\/v2\/media\/31580"}],"wp:attachment":[{"href":"https:\/\/interamerica.org\/fr\/wp-json\/wp\/v2\/media?parent=31579"}],"wp:term":[{"taxonomy":"category","embeddable":true,"href":"https:\/\/interamerica.org\/fr\/wp-json\/wp\/v2\/categories?post=31579"},{"taxonomy":"post_tag","embeddable":true,"href":"https:\/\/interamerica.org\/fr\/wp-json\/wp\/v2\/tags?post=31579"}],"curies":[{"name":"wp","href":"https:\/\/api.w.org\/{rel}","templated":true}]}}