{"id":31581,"date":"2012-12-07T00:00:00","date_gmt":"2012-12-07T04:00:00","guid":{"rendered":"http:\/\/192.81.217.108\/interamerica\/2012\/12\/une-campagne-denvoi-de-courriers-marque-le-dernier-effort-en-date-pour-la-liberation-des-adventistes-emprisonnes\/"},"modified":"2012-12-07T00:00:00","modified_gmt":"2012-12-07T04:00:00","slug":"une-campagne-denvoi-de-courriers-marque-le-dernier-effort-en-date-pour-la-liberation-des-adventistes-emprisonnes","status":"publish","type":"post","link":"https:\/\/interamerica.org\/fr\/2012\/12\/une-campagne-denvoi-de-courriers-marque-le-dernier-effort-en-date-pour-la-liberation-des-adventistes-emprisonnes\/","title":{"rendered":"Une campagne d\u2019envoi de courriers marque le dernier effort en date pour la lib\u00e9ration des Adventistes emprisonn\u00e9s"},"content":{"rendered":"<p>7 D\u00e9cembre 2012 Silver Spring, Maryland, Etats Unis\u2026ANN<\/p>\n<p>Les d\u00e9fenseurs Adventistes des droits de l\u2019homme encouragent les membres d\u2019\u00e9glise du monde entier \u00e0 envoyer des cartes de v\u0153ux de no\u00ebl \u00e0 deux Adventistes d\u00e9tenus au Togo, un pays d\u2019Afrique de l\u2019Ouest.<\/p>\n<div id=\"attachment_6245\" style=\"width: 325px\" class=\"wp-caption alignleft\"><a href=\"\/interamerica\/wp-content\/uploads\/2017\/06\/hand-1200-315x210.jpg\" rel=\"fancybox\" title=\"Une campagne d\u2019envoi de courriers marque le dernier effort en date pour la lib\u00e9ration des Adventistes emprisonn\u00e9s\"><img fetchpriority=\"high\" decoding=\"async\" aria-describedby=\"caption-attachment-6245\" class=\"size-full wp-image-6245\" src=\"\/interamerica\/wp-content\/uploads\/2017\/06\/hand-1200-315x210.jpg\" alt=\"\" width=\"315\" height=\"210\" \/><\/a><p id=\"caption-attachment-6245\" class=\"wp-caption-text\">Les dirigeants de l\u2019Eglise Adventiste encouragent les membres d\u2019\u00e9glise \u00e0 travers le monde \u00e0 envoyer des cartes de v\u0153ux de No\u00ebl \u00e0 deux membres d\u2019\u00e9glise d\u00e9tenus au Togo sur la base de ce que l\u2019on consid\u00e8re \u00eatre de fausses accusations. Ils disent que les v\u0153ux en cette saison de l\u2019ann\u00e9e encourageront ces hommes qui s\u2019appr\u00eatent \u00e0 vivre la p\u00e9riode des f\u00eates \u00e0 attendre leur lib\u00e9ration. Photo : Megan Brauner.<\/p><\/div>\n<p>Cette campagne d\u2019envoi de lettres constitue le dernier effort en date fait par l\u2019Eglise Adventiste pour assurer la lib\u00e9ration des deux hommes. Le pasteur Adventiste Antonio Monteiro et le membre d\u2019\u00e9glise Bruno Amah sont incarc\u00e9r\u00e9s depuis le mois de mars, ils sont accus\u00e9s de conspiration dans le but de commettre un meurtre apr\u00e8s qu\u2019un togolais les ait accus\u00e9s d\u2019\u00eatre des conspirateurs dans un pr\u00e9sum\u00e9 r\u00e9seau de trafic de sang.<\/p>\n<p>Depuis ce moment, des millions d\u2019Adventistes \u00e0 travers le monde ont apport\u00e9 leur soutien aux deux hommes en r\u00e9pondant \u00e0 une campagne sur les m\u00e9dias sociaux invitant \u00e0 participer \u00e0 une Journ\u00e9e de Pri\u00e8re en faveur de leur lib\u00e9ration. Les utilisateurs de Facebook ont consult\u00e9 la page d\u00e9di\u00e9e \u00e0 Pray for Togo (Priez pour le Togo) plus de 50000 fois, alors que le hashtag de l\u2019op\u00e9ration a touch\u00e9 plus de 7 millions d\u2019utilisateurs de Twitter.<\/p>\n<p>Dans le m\u00eame temps, pr\u00e8s de 15000 personnes ont sign\u00e9 un engagement en ligne sur change.org, o\u00f9 ils ont promis de participer \u00e0 la Journ\u00e9e de Pri\u00e8re du 1er d\u00e9cembre.<\/p>\n<p>Maintenant les leaders de l\u2019\u00e9glise esp\u00e8rent que les cartes de v\u0153ux de No\u00ebl encourageront les deux hommes alors qu\u2019ils passeront les f\u00eates de fin d\u2019ann\u00e9e \u00e0 esp\u00e9rer leur lib\u00e9ration.<\/p>\n<p>\u00ab Nous souhaiterions voir des cartes arriver du plus grand nombre de pays que possible, \u00bb a dit John Graz, directeur des Affaires Publiques et de la Libert\u00e9 Religieuse pour l\u2019Eglise Adventiste mondiale. John Graz poursuit des efforts diplomatiques pour parvenir \u00e0 la lib\u00e9ration des deux hommes, en m\u00eame temps que se d\u00e9roule une campagne de sensibilisation publique.<\/p>\n<p>\u00ab Imaginez la surprise de nos fr\u00e8res lorsque des centaines voire des milliers de cartes leur seront amen\u00e9es \u00e0 la prison, \u00bb a dit John Graz. \u00ab Cela va certainement illuminer leur No\u00ebl. \u00bb<\/p>\n<p>Antonio Monteiro, natif du Cap Vert, a servi depuis 2009 en tant que directeur de l\u2019Ecole du Sabbat et des Minist\u00e8res Personnels pour l\u2019\u00e9glise dans l\u2019Union Mission du Sahel dont le si\u00e8ge se trouve \u00e0 Lom\u00e9 au Togo. Bruno Amah est un la\u00efc membre de l\u2019Eglise Adventiste et aussi un homme d\u2019affaires \u00e0 Lom\u00e9.<\/p>\n<p>Les dirigeants de l\u2019\u00e9glise demandent que les membres envoient leurs cartes de v\u0153ux au bureau de pasteur Monteiro au si\u00e8ge r\u00e9gional de l\u2019\u00e9glise \u00e0 Lom\u00e9 au Togo:<\/p>\n<p>Pasteur Antonio Dos Anjos Monteiro<br \/>\nUnion du Sahel<br \/>\nB.P. 2157<br \/>\nLom\u00e9, Togo<\/p>\n<p>Les dirigeants de l\u2019\u00e9glise ont pr\u00e9cis\u00e9 qu\u2019il vaudrait mieux que les cartes soient r\u00e9dig\u00e9es en fran\u00e7ais et en anglais pour que Monteiro et Amah les comprennent.<\/p>\n<p>EXEMPLE DE CARTE DE V\u0152UX :<\/p>\n<p>En Anglais:<\/p>\n<p><em>Dear Pastor Monteiro and Brother Amah,<\/em><\/p>\n<p><em>Both of you and your families are in our thoughts and prayers during this Christmas season. We pray God and our Lord Jesus will protect you and give you peace and freedom.<\/em><\/p>\n<p><em>Name &#8230; country<\/em><\/p>\n<p>En Fran\u00e7ais:<\/p>\n<p><em>Cher Pasteur Monteiro et cher fre\u0300re Bruno Amah,<\/em><\/p>\n<p><em>Par cette carte nous voulons vous exprimer toute notre affection fraternelle. Vous e\u0302tes dans nos pense\u0301es et prie\u0300res durant cette pe\u0301riode de Noel.<\/em><\/p>\n<p><em>Que notre Seigneur de paix et de Liberte\u0301 vous donne la paix et la liberte\u0301.<\/em><\/p>\n<p><em>Nom &#8230; Eglise &#8230;<\/em><\/p>\n<p>Traduction: Patrick Luciathe<\/p>\n","protected":false},"excerpt":{"rendered":"<p>Les d\u00e9fenseurs Adventistes des droits de l\u2019homme encouragent les membres d\u2019\u00e9glise du monde entier \u00e0 envoyer des cartes de v\u0153ux de no\u00ebl \u00e0 deux Adventistes d\u00e9tenus au Togo, un pays d\u2019Afrique de l\u2019Ouest.<\/p>\n","protected":false},"author":1,"featured_media":20663,"comment_status":"closed","ping_status":"closed","sticky":false,"template":"","format":"standard","meta":{"_acf_changed":false,"footnotes":""},"categories":[18],"tags":[],"class_list":["post-31581","post","type-post","status-publish","format-standard","has-post-thumbnail","hentry","category-nouvelles-de-leglise-mondiale"],"acf":[],"yoast_head":"<!-- This site is optimized with the Yoast SEO plugin v27.3 - https:\/\/yoast.com\/product\/yoast-seo-wordpress\/ -->\n<title>Une campagne d\u2019envoi de courriers marque le dernier effort en date pour la lib\u00e9ration des Adventistes emprisonn\u00e9s - \u00c9glise Adventiste Du Septieme Jour - Inter Am\u00e9rique Division<\/title>\n<meta name=\"robots\" content=\"index, follow, max-snippet:-1, max-image-preview:large, max-video-preview:-1\" \/>\n<link rel=\"canonical\" href=\"https:\/\/interamerica.org\/fr\/2012\/12\/une-campagne-denvoi-de-courriers-marque-le-dernier-effort-en-date-pour-la-liberation-des-adventistes-emprisonnes\/\" \/>\n<meta property=\"og:locale\" content=\"fr_FR\" \/>\n<meta property=\"og:type\" content=\"article\" \/>\n<meta property=\"og:title\" content=\"Une campagne d\u2019envoi de courriers marque le dernier effort en date pour la lib\u00e9ration des Adventistes emprisonn\u00e9s - \u00c9glise Adventiste Du Septieme Jour - Inter Am\u00e9rique Division\" \/>\n<meta property=\"og:description\" content=\"Les d\u00e9fenseurs Adventistes des droits de l\u2019homme encouragent les membres d\u2019\u00e9glise du monde entier \u00e0 envoyer des cartes de v\u0153ux de no\u00ebl \u00e0 deux Adventistes d\u00e9tenus au Togo, un pays d\u2019Afrique de l\u2019Ouest.\" \/>\n<meta property=\"og:url\" content=\"https:\/\/interamerica.org\/fr\/2012\/12\/une-campagne-denvoi-de-courriers-marque-le-dernier-effort-en-date-pour-la-liberation-des-adventistes-emprisonnes\/\" \/>\n<meta property=\"og:site_name\" content=\"\u00c9glise Adventiste Du Septieme Jour - Inter Am\u00e9rique Division\" \/>\n<meta property=\"article:published_time\" content=\"2012-12-07T04:00:00+00:00\" \/>\n<meta property=\"og:image\" content=\"https:\/\/interamerica.org\/wp-content\/uploads\/2017\/06\/hand-1200-315x210.jpg\" \/>\n\t<meta property=\"og:image:width\" content=\"315\" \/>\n\t<meta property=\"og:image:height\" content=\"210\" \/>\n\t<meta property=\"og:image:type\" content=\"image\/jpeg\" \/>\n<meta name=\"author\" content=\"Lorenzo Verduzco\" \/>\n<meta name=\"twitter:card\" content=\"summary_large_image\" \/>\n<meta name=\"twitter:label1\" content=\"\u00c9crit par\" \/>\n\t<meta name=\"twitter:data1\" content=\"Lorenzo Verduzco\" \/>\n\t<meta name=\"twitter:label2\" content=\"Dur\u00e9e de lecture estim\u00e9e\" \/>\n\t<meta name=\"twitter:data2\" content=\"3 minutes\" \/>\n<script type=\"application\/ld+json\" class=\"yoast-schema-graph\">{\"@context\":\"https:\\\/\\\/schema.org\",\"@graph\":[{\"@type\":\"Article\",\"@id\":\"https:\\\/\\\/interamerica.org\\\/fr\\\/2012\\\/12\\\/une-campagne-denvoi-de-courriers-marque-le-dernier-effort-en-date-pour-la-liberation-des-adventistes-emprisonnes\\\/#article\",\"isPartOf\":{\"@id\":\"https:\\\/\\\/interamerica.org\\\/fr\\\/2012\\\/12\\\/une-campagne-denvoi-de-courriers-marque-le-dernier-effort-en-date-pour-la-liberation-des-adventistes-emprisonnes\\\/\"},\"author\":{\"name\":\"Lorenzo Verduzco\",\"@id\":\"https:\\\/\\\/interamerica.org\\\/fr\\\/#\\\/schema\\\/person\\\/68ede8bdc292885bb76c1e3810e73c39\"},\"headline\":\"Une campagne d\u2019envoi de courriers marque le dernier effort en date pour la lib\u00e9ration des Adventistes emprisonn\u00e9s\",\"datePublished\":\"2012-12-07T04:00:00+00:00\",\"mainEntityOfPage\":{\"@id\":\"https:\\\/\\\/interamerica.org\\\/fr\\\/2012\\\/12\\\/une-campagne-denvoi-de-courriers-marque-le-dernier-effort-en-date-pour-la-liberation-des-adventistes-emprisonnes\\\/\"},\"wordCount\":718,\"image\":{\"@id\":\"https:\\\/\\\/interamerica.org\\\/fr\\\/2012\\\/12\\\/une-campagne-denvoi-de-courriers-marque-le-dernier-effort-en-date-pour-la-liberation-des-adventistes-emprisonnes\\\/#primaryimage\"},\"thumbnailUrl\":\"https:\\\/\\\/interamerica.org\\\/wp-content\\\/uploads\\\/2017\\\/06\\\/hand-1200-315x210.jpg\",\"articleSection\":[\"Nouvelles de l'\u00c9glise mondiale\"],\"inLanguage\":\"fr-FR\"},{\"@type\":\"WebPage\",\"@id\":\"https:\\\/\\\/interamerica.org\\\/fr\\\/2012\\\/12\\\/une-campagne-denvoi-de-courriers-marque-le-dernier-effort-en-date-pour-la-liberation-des-adventistes-emprisonnes\\\/\",\"url\":\"https:\\\/\\\/interamerica.org\\\/fr\\\/2012\\\/12\\\/une-campagne-denvoi-de-courriers-marque-le-dernier-effort-en-date-pour-la-liberation-des-adventistes-emprisonnes\\\/\",\"name\":\"Une campagne d\u2019envoi de courriers marque le dernier effort en date pour la lib\u00e9ration des Adventistes emprisonn\u00e9s - \u00c9glise Adventiste Du Septieme Jour - Inter Am\u00e9rique Division\",\"isPartOf\":{\"@id\":\"https:\\\/\\\/interamerica.org\\\/fr\\\/#website\"},\"primaryImageOfPage\":{\"@id\":\"https:\\\/\\\/interamerica.org\\\/fr\\\/2012\\\/12\\\/une-campagne-denvoi-de-courriers-marque-le-dernier-effort-en-date-pour-la-liberation-des-adventistes-emprisonnes\\\/#primaryimage\"},\"image\":{\"@id\":\"https:\\\/\\\/interamerica.org\\\/fr\\\/2012\\\/12\\\/une-campagne-denvoi-de-courriers-marque-le-dernier-effort-en-date-pour-la-liberation-des-adventistes-emprisonnes\\\/#primaryimage\"},\"thumbnailUrl\":\"https:\\\/\\\/interamerica.org\\\/wp-content\\\/uploads\\\/2017\\\/06\\\/hand-1200-315x210.jpg\",\"datePublished\":\"2012-12-07T04:00:00+00:00\",\"author\":{\"@id\":\"https:\\\/\\\/interamerica.org\\\/fr\\\/#\\\/schema\\\/person\\\/68ede8bdc292885bb76c1e3810e73c39\"},\"breadcrumb\":{\"@id\":\"https:\\\/\\\/interamerica.org\\\/fr\\\/2012\\\/12\\\/une-campagne-denvoi-de-courriers-marque-le-dernier-effort-en-date-pour-la-liberation-des-adventistes-emprisonnes\\\/#breadcrumb\"},\"inLanguage\":\"fr-FR\",\"potentialAction\":[{\"@type\":\"ReadAction\",\"target\":[\"https:\\\/\\\/interamerica.org\\\/fr\\\/2012\\\/12\\\/une-campagne-denvoi-de-courriers-marque-le-dernier-effort-en-date-pour-la-liberation-des-adventistes-emprisonnes\\\/\"]}]},{\"@type\":\"ImageObject\",\"inLanguage\":\"fr-FR\",\"@id\":\"https:\\\/\\\/interamerica.org\\\/fr\\\/2012\\\/12\\\/une-campagne-denvoi-de-courriers-marque-le-dernier-effort-en-date-pour-la-liberation-des-adventistes-emprisonnes\\\/#primaryimage\",\"url\":\"https:\\\/\\\/interamerica.org\\\/wp-content\\\/uploads\\\/2017\\\/06\\\/hand-1200-315x210.jpg\",\"contentUrl\":\"https:\\\/\\\/interamerica.org\\\/wp-content\\\/uploads\\\/2017\\\/06\\\/hand-1200-315x210.jpg\",\"width\":315,\"height\":210},{\"@type\":\"BreadcrumbList\",\"@id\":\"https:\\\/\\\/interamerica.org\\\/fr\\\/2012\\\/12\\\/une-campagne-denvoi-de-courriers-marque-le-dernier-effort-en-date-pour-la-liberation-des-adventistes-emprisonnes\\\/#breadcrumb\",\"itemListElement\":[{\"@type\":\"ListItem\",\"position\":1,\"name\":\"Home\",\"item\":\"https:\\\/\\\/interamerica.org\\\/fr\\\/\"},{\"@type\":\"ListItem\",\"position\":2,\"name\":\"Une campagne d\u2019envoi de courriers marque le dernier effort en date pour la lib\u00e9ration des Adventistes emprisonn\u00e9s\"}]},{\"@type\":\"WebSite\",\"@id\":\"https:\\\/\\\/interamerica.org\\\/fr\\\/#website\",\"url\":\"https:\\\/\\\/interamerica.org\\\/fr\\\/\",\"name\":\"\u00c9glise Adventiste Du Septieme Jour - Inter Am\u00e9rique Division\",\"description\":\"\",\"potentialAction\":[{\"@type\":\"SearchAction\",\"target\":{\"@type\":\"EntryPoint\",\"urlTemplate\":\"https:\\\/\\\/interamerica.org\\\/fr\\\/?s={search_term_string}\"},\"query-input\":{\"@type\":\"PropertyValueSpecification\",\"valueRequired\":true,\"valueName\":\"search_term_string\"}}],\"inLanguage\":\"fr-FR\"},{\"@type\":\"Person\",\"@id\":\"https:\\\/\\\/interamerica.org\\\/fr\\\/#\\\/schema\\\/person\\\/68ede8bdc292885bb76c1e3810e73c39\",\"name\":\"Lorenzo Verduzco\",\"image\":{\"@type\":\"ImageObject\",\"inLanguage\":\"fr-FR\",\"@id\":\"https:\\\/\\\/secure.gravatar.com\\\/avatar\\\/fb81a55b6218459490a9c1dc841a34909185b81904c5337b4b27f7a6fd60c49e?s=96&d=mm&r=g\",\"url\":\"https:\\\/\\\/secure.gravatar.com\\\/avatar\\\/fb81a55b6218459490a9c1dc841a34909185b81904c5337b4b27f7a6fd60c49e?s=96&d=mm&r=g\",\"contentUrl\":\"https:\\\/\\\/secure.gravatar.com\\\/avatar\\\/fb81a55b6218459490a9c1dc841a34909185b81904c5337b4b27f7a6fd60c49e?s=96&d=mm&r=g\",\"caption\":\"Lorenzo Verduzco\"}}]}<\/script>\n<!-- \/ Yoast SEO plugin. -->","yoast_head_json":{"title":"Une campagne d\u2019envoi de courriers marque le dernier effort en date pour la lib\u00e9ration des Adventistes emprisonn\u00e9s - \u00c9glise Adventiste Du Septieme Jour - Inter Am\u00e9rique Division","robots":{"index":"index","follow":"follow","max-snippet":"max-snippet:-1","max-image-preview":"max-image-preview:large","max-video-preview":"max-video-preview:-1"},"canonical":"https:\/\/interamerica.org\/fr\/2012\/12\/une-campagne-denvoi-de-courriers-marque-le-dernier-effort-en-date-pour-la-liberation-des-adventistes-emprisonnes\/","og_locale":"fr_FR","og_type":"article","og_title":"Une campagne d\u2019envoi de courriers marque le dernier effort en date pour la lib\u00e9ration des Adventistes emprisonn\u00e9s - \u00c9glise Adventiste Du Septieme Jour - Inter Am\u00e9rique Division","og_description":"Les d\u00e9fenseurs Adventistes des droits de l\u2019homme encouragent les membres d\u2019\u00e9glise du monde entier \u00e0 envoyer des cartes de v\u0153ux de no\u00ebl \u00e0 deux Adventistes d\u00e9tenus au Togo, un pays d\u2019Afrique de l\u2019Ouest.","og_url":"https:\/\/interamerica.org\/fr\/2012\/12\/une-campagne-denvoi-de-courriers-marque-le-dernier-effort-en-date-pour-la-liberation-des-adventistes-emprisonnes\/","og_site_name":"\u00c9glise Adventiste Du Septieme Jour - Inter Am\u00e9rique Division","article_published_time":"2012-12-07T04:00:00+00:00","og_image":[{"width":315,"height":210,"url":"https:\/\/interamerica.org\/wp-content\/uploads\/2017\/06\/hand-1200-315x210.jpg","type":"image\/jpeg"}],"author":"Lorenzo Verduzco","twitter_card":"summary_large_image","twitter_misc":{"\u00c9crit par":"Lorenzo Verduzco","Dur\u00e9e de lecture estim\u00e9e":"3 minutes"},"schema":{"@context":"https:\/\/schema.org","@graph":[{"@type":"Article","@id":"https:\/\/interamerica.org\/fr\/2012\/12\/une-campagne-denvoi-de-courriers-marque-le-dernier-effort-en-date-pour-la-liberation-des-adventistes-emprisonnes\/#article","isPartOf":{"@id":"https:\/\/interamerica.org\/fr\/2012\/12\/une-campagne-denvoi-de-courriers-marque-le-dernier-effort-en-date-pour-la-liberation-des-adventistes-emprisonnes\/"},"author":{"name":"Lorenzo Verduzco","@id":"https:\/\/interamerica.org\/fr\/#\/schema\/person\/68ede8bdc292885bb76c1e3810e73c39"},"headline":"Une campagne d\u2019envoi de courriers marque le dernier effort en date pour la lib\u00e9ration des Adventistes emprisonn\u00e9s","datePublished":"2012-12-07T04:00:00+00:00","mainEntityOfPage":{"@id":"https:\/\/interamerica.org\/fr\/2012\/12\/une-campagne-denvoi-de-courriers-marque-le-dernier-effort-en-date-pour-la-liberation-des-adventistes-emprisonnes\/"},"wordCount":718,"image":{"@id":"https:\/\/interamerica.org\/fr\/2012\/12\/une-campagne-denvoi-de-courriers-marque-le-dernier-effort-en-date-pour-la-liberation-des-adventistes-emprisonnes\/#primaryimage"},"thumbnailUrl":"https:\/\/interamerica.org\/wp-content\/uploads\/2017\/06\/hand-1200-315x210.jpg","articleSection":["Nouvelles de l'\u00c9glise mondiale"],"inLanguage":"fr-FR"},{"@type":"WebPage","@id":"https:\/\/interamerica.org\/fr\/2012\/12\/une-campagne-denvoi-de-courriers-marque-le-dernier-effort-en-date-pour-la-liberation-des-adventistes-emprisonnes\/","url":"https:\/\/interamerica.org\/fr\/2012\/12\/une-campagne-denvoi-de-courriers-marque-le-dernier-effort-en-date-pour-la-liberation-des-adventistes-emprisonnes\/","name":"Une campagne d\u2019envoi de courriers marque le dernier effort en date pour la lib\u00e9ration des Adventistes emprisonn\u00e9s - \u00c9glise Adventiste Du Septieme Jour - Inter Am\u00e9rique Division","isPartOf":{"@id":"https:\/\/interamerica.org\/fr\/#website"},"primaryImageOfPage":{"@id":"https:\/\/interamerica.org\/fr\/2012\/12\/une-campagne-denvoi-de-courriers-marque-le-dernier-effort-en-date-pour-la-liberation-des-adventistes-emprisonnes\/#primaryimage"},"image":{"@id":"https:\/\/interamerica.org\/fr\/2012\/12\/une-campagne-denvoi-de-courriers-marque-le-dernier-effort-en-date-pour-la-liberation-des-adventistes-emprisonnes\/#primaryimage"},"thumbnailUrl":"https:\/\/interamerica.org\/wp-content\/uploads\/2017\/06\/hand-1200-315x210.jpg","datePublished":"2012-12-07T04:00:00+00:00","author":{"@id":"https:\/\/interamerica.org\/fr\/#\/schema\/person\/68ede8bdc292885bb76c1e3810e73c39"},"breadcrumb":{"@id":"https:\/\/interamerica.org\/fr\/2012\/12\/une-campagne-denvoi-de-courriers-marque-le-dernier-effort-en-date-pour-la-liberation-des-adventistes-emprisonnes\/#breadcrumb"},"inLanguage":"fr-FR","potentialAction":[{"@type":"ReadAction","target":["https:\/\/interamerica.org\/fr\/2012\/12\/une-campagne-denvoi-de-courriers-marque-le-dernier-effort-en-date-pour-la-liberation-des-adventistes-emprisonnes\/"]}]},{"@type":"ImageObject","inLanguage":"fr-FR","@id":"https:\/\/interamerica.org\/fr\/2012\/12\/une-campagne-denvoi-de-courriers-marque-le-dernier-effort-en-date-pour-la-liberation-des-adventistes-emprisonnes\/#primaryimage","url":"https:\/\/interamerica.org\/wp-content\/uploads\/2017\/06\/hand-1200-315x210.jpg","contentUrl":"https:\/\/interamerica.org\/wp-content\/uploads\/2017\/06\/hand-1200-315x210.jpg","width":315,"height":210},{"@type":"BreadcrumbList","@id":"https:\/\/interamerica.org\/fr\/2012\/12\/une-campagne-denvoi-de-courriers-marque-le-dernier-effort-en-date-pour-la-liberation-des-adventistes-emprisonnes\/#breadcrumb","itemListElement":[{"@type":"ListItem","position":1,"name":"Home","item":"https:\/\/interamerica.org\/fr\/"},{"@type":"ListItem","position":2,"name":"Une campagne d\u2019envoi de courriers marque le dernier effort en date pour la lib\u00e9ration des Adventistes emprisonn\u00e9s"}]},{"@type":"WebSite","@id":"https:\/\/interamerica.org\/fr\/#website","url":"https:\/\/interamerica.org\/fr\/","name":"\u00c9glise Adventiste Du Septieme Jour - Inter Am\u00e9rique Division","description":"","potentialAction":[{"@type":"SearchAction","target":{"@type":"EntryPoint","urlTemplate":"https:\/\/interamerica.org\/fr\/?s={search_term_string}"},"query-input":{"@type":"PropertyValueSpecification","valueRequired":true,"valueName":"search_term_string"}}],"inLanguage":"fr-FR"},{"@type":"Person","@id":"https:\/\/interamerica.org\/fr\/#\/schema\/person\/68ede8bdc292885bb76c1e3810e73c39","name":"Lorenzo Verduzco","image":{"@type":"ImageObject","inLanguage":"fr-FR","@id":"https:\/\/secure.gravatar.com\/avatar\/fb81a55b6218459490a9c1dc841a34909185b81904c5337b4b27f7a6fd60c49e?s=96&d=mm&r=g","url":"https:\/\/secure.gravatar.com\/avatar\/fb81a55b6218459490a9c1dc841a34909185b81904c5337b4b27f7a6fd60c49e?s=96&d=mm&r=g","contentUrl":"https:\/\/secure.gravatar.com\/avatar\/fb81a55b6218459490a9c1dc841a34909185b81904c5337b4b27f7a6fd60c49e?s=96&d=mm&r=g","caption":"Lorenzo Verduzco"}}]}},"_links":{"self":[{"href":"https:\/\/interamerica.org\/fr\/wp-json\/wp\/v2\/posts\/31581","targetHints":{"allow":["GET"]}}],"collection":[{"href":"https:\/\/interamerica.org\/fr\/wp-json\/wp\/v2\/posts"}],"about":[{"href":"https:\/\/interamerica.org\/fr\/wp-json\/wp\/v2\/types\/post"}],"author":[{"embeddable":true,"href":"https:\/\/interamerica.org\/fr\/wp-json\/wp\/v2\/users\/1"}],"replies":[{"embeddable":true,"href":"https:\/\/interamerica.org\/fr\/wp-json\/wp\/v2\/comments?post=31581"}],"version-history":[{"count":0,"href":"https:\/\/interamerica.org\/fr\/wp-json\/wp\/v2\/posts\/31581\/revisions"}],"wp:featuredmedia":[{"embeddable":true,"href":"https:\/\/interamerica.org\/fr\/wp-json\/wp\/v2\/media\/20663"}],"wp:attachment":[{"href":"https:\/\/interamerica.org\/fr\/wp-json\/wp\/v2\/media?parent=31581"}],"wp:term":[{"taxonomy":"category","embeddable":true,"href":"https:\/\/interamerica.org\/fr\/wp-json\/wp\/v2\/categories?post=31581"},{"taxonomy":"post_tag","embeddable":true,"href":"https:\/\/interamerica.org\/fr\/wp-json\/wp\/v2\/tags?post=31581"}],"curies":[{"name":"wp","href":"https:\/\/api.w.org\/{rel}","templated":true}]}}