{"id":31583,"date":"2012-12-14T00:00:00","date_gmt":"2012-12-14T04:00:00","guid":{"rendered":"http:\/\/192.81.217.108\/interamerica\/2012\/12\/en-mongolie-les-acquisitions-de-terrains-faites-cette-annee-placent-leglise-sur-la-voie-du-developpement\/"},"modified":"2012-12-14T00:00:00","modified_gmt":"2012-12-14T04:00:00","slug":"en-mongolie-les-acquisitions-de-terrains-faites-cette-annee-placent-leglise-sur-la-voie-du-developpement","status":"publish","type":"post","link":"https:\/\/interamerica.org\/fr\/2012\/12\/en-mongolie-les-acquisitions-de-terrains-faites-cette-annee-placent-leglise-sur-la-voie-du-developpement\/","title":{"rendered":"En Mongolie, les acquisitions de terrains faites cette ann\u00e9e placent l\u2019\u00e9glise sur la voie du d\u00e9veloppement"},"content":{"rendered":"<p>13 d\u00e9cembre 2012 Ulan Bator, Mongolia\u2026Sarah Deblois et Ansel Oliver\/ANN<\/p>\n<p>Le Champ de Mission Adventiste du Septi\u00e8me jour en Mongolie a r\u00e9cemment fait l\u2019acquisition de cinq nouvelles propri\u00e9t\u00e9s cette ann\u00e9e, mettant ainsi cette \u00e9glise encore bourgeonnante dans la r\u00e9gion dans une situation o\u00f9 elle pourrait d\u00e9velopper ses services communautaires et ses infrastructures.<\/p>\n<p>Etablie seulement dans la p\u00e9riode moderne de la Mongolie, au d\u00e9but des ann\u00e9es 1990, la d\u00e9nomination compte 24 congr\u00e9gations et pr\u00e8s de 2000 membres en Mongolie. Gr\u00e2ce au soutien international, aux r\u00e9cents investissements de capital dans des terrains, des \u00e9glises et des plans pour des centres communautaires, l\u2019\u00e9glise est pr\u00eate pour des programmes d\u2019\u00e9vang\u00e9lisation plus importants, et aussi comme le souhaitent les dirigeants, une croissance de l\u2019effectif de membres.<\/p>\n<p>Et ce n\u2019est pas trop t\u00f4t, ont-ils indiqu\u00e9. Le co\u00fbt de la vie commence \u00e0 augmenter alors que la nation s\u2019est embarqu\u00e9e dans le d\u00e9veloppement de l\u2019exploitation mini\u00e8re de ses ressources naturelles inexploit\u00e9es.<\/p>\n<div id=\"attachment_6335\" style=\"width: 325px\" class=\"wp-caption alignleft\"><a href=\"\/interamerica\/wp-content\/uploads\/2017\/06\/mongolia_building_1_full-315x237.jpg\" rel=\"fancybox\" title=\"En Mongolie, les acquisitions de terrains faites cette ann\u00e9e placent l\u2019\u00e9glise sur la voie du d\u00e9veloppement\"><img fetchpriority=\"high\" decoding=\"async\" aria-describedby=\"caption-attachment-6335\" class=\"size-full wp-image-6335 \" src=\"\/interamerica\/wp-content\/uploads\/2017\/06\/mongolia_building_1_full-315x237.jpg\" alt=\"\" width=\"315\" height=\"236\" \/><\/a><p id=\"caption-attachment-6335\" class=\"wp-caption-text\">Le personnel du Champ de Mission de la Mongolie devant un b\u00e2timent r\u00e9cemment achet\u00e9. Les nouvelles propri\u00e9t\u00e9s de l\u2019\u00e9glise permettent \u00e0 la d\u00e9nomination en Mongolie d\u2019avoir plus d\u2019opportunit\u00e9s dans le domaine de l\u2019\u00e9vang\u00e9lisation.<\/p><\/div>\n<p>\u00ab La Mongolie a un brillant avenir, mais nous croyons que si nous ne saisissons pas cette opportunit\u00e9 maintenant d\u2019\u00e9tablir nos \u00e9coles et nos centres sanitaires, plus tard il sera trop tard, \u00bb a d\u00e9clar\u00e9 Elbert Kuhn, directeur du Champ de Mission, bas\u00e9 dans la capitale du pays, Ulan Bator.<\/p>\n<p>Elbert Kuhn a d\u00e9clar\u00e9 que le champ de mission fait des plans pour construire pas moins de 15 centres communautaires dans le pays au cours des quatre prochaines ann\u00e9es.<\/p>\n<p>\u00ab L\u2019\u00e9glise se doit d\u2019\u00eatre utile pour le membre, mais aussi pour la communaut\u00e9, \u00bb a dit Elbert Kuhn. \u00ab Nous voulons faire une diff\u00e9rence l\u00e0 o\u00f9 nous sommes implant\u00e9s. \u00bb<\/p>\n<p>Les actions d\u2019\u00e9vang\u00e9lisation commencent \u00e0 amener des r\u00e9sultats. Une c\u00e9r\u00e9monie de d\u00e9dicace d\u2019une \u00e9glise Adventiste dans la province d\u2019Ovorkhangai en octobre dernier a permis d\u2019avoir pour la premi\u00e8re fois l\u2019organisation officielle d\u2019une \u00e9glise Adventiste dans le pays apr\u00e8s huit ans. Le mois prochain, l\u2019Eglise Adventiste Amazing Grace (Gr\u00e2ce Merveilleuse) sera achev\u00e9e et inaugur\u00e9e \u00e0 Ulan Bator.<\/p>\n<p>Cette ann\u00e9e, l\u2019\u00e9glise a fait l\u2019acquisition d\u2019un terrain de 600 m\u00e8tres carr\u00e9s dans la province de Khentii, \u00e0 l\u2019est de la capitale, ainsi que d\u2019une parcelle de 500 m\u00e8tres carr\u00e9s dans la province d\u2019Arkhangai, \u00e0 l\u2019ouest de la capitale. Le champ de mission a aussi achet\u00e9 un terrain et un b\u00e2timent \u00e0 Erdernet City, la deuxi\u00e8me plus grande ville en terme de population, celle qui compte le pouvoir d\u2019achat le plus \u00e9lev\u00e9 par habitant. La ville h\u00e9berge plusieurs grandes usines et est une plaque tournante de l\u2019exploitation mini\u00e8re du cuivre.<\/p>\n<p>Les Adventistes ont commenc\u00e9 \u00e0 travailler avec les Mongols en 1926 avec des missionnaires russes qui op\u00e9raient depuis la Mandchourie en Chine, d\u2019apr\u00e8s ce qu\u2019indique l\u2019Encyclop\u00e9die Adventiste. Quelques ann\u00e9es plus tard, un missionnaire am\u00e9ricain a travaill\u00e9 pour implanter un QG de mission et une clinique. Il est retourn\u00e9 aux Etats Unis \u00e0 la fin des ann\u00e9es 1930, mais la Seconde Guerre Mondiale a emp\u00each\u00e9 la poursuite de l\u2019\u0153uvre dans la r\u00e9gion.<\/p>\n<p>Ce n\u2019est qu\u2019au d\u00e9but des ann\u00e9es 1990 que l\u2019\u0153uvre Adventiste a \u00e9t\u00e9 r\u00e9tablie en Mongolie avec la fin du r\u00e9gime socialiste, ce qui a permis au pays de s\u2019ouvrir \u00e0 l\u2019expression religieuse. Des b\u00e9n\u00e9voles du minist\u00e8re annexe Adventist Frontier Missions se sont rendus en Mongolie en 1990, et le Champ de Mission de l\u2019Eglise Adventiste en Mongolie a \u00e9t\u00e9 officiellement organis\u00e9e en 1997 sous la supervision de la Division Asie Pacifique Nord.<\/p>\n<p>Le Christianisme est relativement nouveau en Mongolie. Environ la moiti\u00e9 des mongols sont des Bouddhistes et plus d\u2019un quart sont des Ath\u00e9es. Les croyances du chamanisme sont \u00e9galement tr\u00e8s r\u00e9pandues. Aujourd\u2019hui cependant, la soci\u00e9t\u00e9 est en grande partie s\u00e9culi\u00e8re, a dit Kuhn. Auparavant, sous l\u2019influence Sovi\u00e9tique, le gouvernement menait des campagnes pour dissuader les jeunes de la r\u00e9gion de participer \u00e0 des activit\u00e9s religieuses. Cette influence demeure, a t-il dit.<\/p>\n<p>Elbert Kuhn, 43 ans, a travaill\u00e9 pour l\u2019\u00e9glise en Mongolie de 2003 \u00e0 2009 avant de retourner au Br\u00e9sil son pays natal. En janvier, alors qu\u2019il travaillait en tant que secr\u00e9taire adjoint \u00e0 l\u2019Association Pastorale pour la Division Sud Am\u00e9ricaine, il a re\u00e7u un appel pour retourner et servir en tant que directeur de l\u2019Eglise Adventiste en Mongolie.<\/p>\n<p>L\u2019essentiel du r\u00e9cent d\u00e9veloppement du capital, a pr\u00e9cis\u00e9 Kuhn, est le r\u00e9sultat d\u2019un partenariat entre le champ de mission et l\u2019Union Australienne. La nouvelle \u00e9glise Munkhinn Geree a \u00e9t\u00e9 construite en grande partie sur la fondation \u00e9tablie par cinq ann\u00e9es de travail r\u00e9alis\u00e9 par les b\u00e9n\u00e9voles de la F\u00e9d\u00e9ration Australienne de l\u2019Ouest. Depuis 2006, ils ont envoy\u00e9 des groupes qui ont construit des aires de jeu, organis\u00e9 des activit\u00e9s sportives pour les jeunes, et ont pr\u00e9sent\u00e9 des sujets sur la sant\u00e9 et l\u2019\u00e9tude de la Bible.<\/p>\n<p>La fr\u00e9quentation hebdomadaire de l\u2019\u00e9glise Munkhinn Geree est d\u2019environ 60 personnes, et le sanctuaire peut contenir environ 120 personnes.<\/p>\n<p>Elbert Kuhn a indiqu\u00e9 qu\u2019un entrepreneur australien s\u2019est port\u00e9 volontaire pour aider \u00e0 construire les futurs centres communautaires avec un financement additionnel provenant de donateurs.<\/p>\n<p>Une autre \u00e9tape dans le d\u00e9veloppement du champ serait de transf\u00e9rer la direction aux Mongols, a indiqu\u00e9 le dirigeant br\u00e9silien, Elbert Kuhn. Son pr\u00e9d\u00e9cesseur \u00e9tait un australien.<\/p>\n<p>\u00ab Nous voulons faire de notre mieux pour enraciner notre \u00e9glise en formant des leaders locaux qui pourraient prendre soin eux m\u00eames de l\u2019\u00e9glise le plus t\u00f4t possible, \u00bb a t-il dit.<\/p>\n<p>Traduction: Patrick Luciathe<\/p>\n","protected":false},"excerpt":{"rendered":"<p>Le Champ de Mission Adventiste du Septi\u00e8me jour en Mongolie a r\u00e9cemment fait l\u2019acquisition de cinq nouvelles propri\u00e9t\u00e9s cette ann\u00e9e, mettant ainsi cette \u00e9glise encore bourgeonnante dans la r\u00e9gion dans une situation o\u00f9 elle pourrait d\u00e9velopper ses services communautaires et ses infrastructures.<\/p>\n","protected":false},"author":1,"featured_media":20694,"comment_status":"closed","ping_status":"closed","sticky":false,"template":"","format":"standard","meta":{"_acf_changed":false,"footnotes":""},"categories":[18],"tags":[],"class_list":["post-31583","post","type-post","status-publish","format-standard","has-post-thumbnail","hentry","category-nouvelles-de-leglise-mondiale"],"acf":[],"yoast_head":"<!-- This site is optimized with the Yoast SEO plugin v27.3 - https:\/\/yoast.com\/product\/yoast-seo-wordpress\/ -->\n<title>En Mongolie, les acquisitions de terrains faites cette ann\u00e9e placent l\u2019\u00e9glise sur la voie du d\u00e9veloppement - \u00c9glise Adventiste Du Septieme Jour - Inter Am\u00e9rique Division<\/title>\n<meta name=\"robots\" content=\"index, follow, max-snippet:-1, max-image-preview:large, max-video-preview:-1\" \/>\n<link rel=\"canonical\" href=\"https:\/\/interamerica.org\/fr\/2012\/12\/en-mongolie-les-acquisitions-de-terrains-faites-cette-annee-placent-leglise-sur-la-voie-du-developpement\/\" \/>\n<meta property=\"og:locale\" content=\"fr_FR\" \/>\n<meta property=\"og:type\" content=\"article\" \/>\n<meta property=\"og:title\" content=\"En Mongolie, les acquisitions de terrains faites cette ann\u00e9e placent l\u2019\u00e9glise sur la voie du d\u00e9veloppement - \u00c9glise Adventiste Du Septieme Jour - Inter Am\u00e9rique Division\" \/>\n<meta property=\"og:description\" content=\"Le Champ de Mission Adventiste du Septi\u00e8me jour en Mongolie a r\u00e9cemment fait l\u2019acquisition de cinq nouvelles propri\u00e9t\u00e9s cette ann\u00e9e, mettant ainsi cette \u00e9glise encore bourgeonnante dans la r\u00e9gion dans une situation o\u00f9 elle pourrait d\u00e9velopper ses services communautaires et ses infrastructures.\" \/>\n<meta property=\"og:url\" content=\"https:\/\/interamerica.org\/fr\/2012\/12\/en-mongolie-les-acquisitions-de-terrains-faites-cette-annee-placent-leglise-sur-la-voie-du-developpement\/\" \/>\n<meta property=\"og:site_name\" content=\"\u00c9glise Adventiste Du Septieme Jour - Inter Am\u00e9rique Division\" \/>\n<meta property=\"article:published_time\" content=\"2012-12-14T04:00:00+00:00\" \/>\n<meta property=\"og:image\" content=\"https:\/\/interamerica.org\/wp-content\/uploads\/2017\/06\/mongolia_building_1_full-315x237.jpg\" \/>\n\t<meta property=\"og:image:width\" content=\"315\" \/>\n\t<meta property=\"og:image:height\" content=\"236\" \/>\n\t<meta property=\"og:image:type\" content=\"image\/jpeg\" \/>\n<meta name=\"author\" content=\"Lorenzo Verduzco\" \/>\n<meta name=\"twitter:card\" content=\"summary_large_image\" \/>\n<meta name=\"twitter:label1\" content=\"\u00c9crit par\" \/>\n\t<meta name=\"twitter:data1\" content=\"Lorenzo Verduzco\" \/>\n\t<meta name=\"twitter:label2\" content=\"Dur\u00e9e de lecture estim\u00e9e\" \/>\n\t<meta name=\"twitter:data2\" content=\"5 minutes\" \/>\n<script type=\"application\/ld+json\" class=\"yoast-schema-graph\">{\"@context\":\"https:\\\/\\\/schema.org\",\"@graph\":[{\"@type\":\"Article\",\"@id\":\"https:\\\/\\\/interamerica.org\\\/fr\\\/2012\\\/12\\\/en-mongolie-les-acquisitions-de-terrains-faites-cette-annee-placent-leglise-sur-la-voie-du-developpement\\\/#article\",\"isPartOf\":{\"@id\":\"https:\\\/\\\/interamerica.org\\\/fr\\\/2012\\\/12\\\/en-mongolie-les-acquisitions-de-terrains-faites-cette-annee-placent-leglise-sur-la-voie-du-developpement\\\/\"},\"author\":{\"name\":\"Lorenzo Verduzco\",\"@id\":\"https:\\\/\\\/interamerica.org\\\/fr\\\/#\\\/schema\\\/person\\\/68ede8bdc292885bb76c1e3810e73c39\"},\"headline\":\"En Mongolie, les acquisitions de terrains faites cette ann\u00e9e placent l\u2019\u00e9glise sur la voie du d\u00e9veloppement\",\"datePublished\":\"2012-12-14T04:00:00+00:00\",\"mainEntityOfPage\":{\"@id\":\"https:\\\/\\\/interamerica.org\\\/fr\\\/2012\\\/12\\\/en-mongolie-les-acquisitions-de-terrains-faites-cette-annee-placent-leglise-sur-la-voie-du-developpement\\\/\"},\"wordCount\":1054,\"image\":{\"@id\":\"https:\\\/\\\/interamerica.org\\\/fr\\\/2012\\\/12\\\/en-mongolie-les-acquisitions-de-terrains-faites-cette-annee-placent-leglise-sur-la-voie-du-developpement\\\/#primaryimage\"},\"thumbnailUrl\":\"https:\\\/\\\/interamerica.org\\\/wp-content\\\/uploads\\\/2017\\\/06\\\/mongolia_building_1_full-315x237.jpg\",\"articleSection\":[\"Nouvelles de l'\u00c9glise mondiale\"],\"inLanguage\":\"fr-FR\"},{\"@type\":\"WebPage\",\"@id\":\"https:\\\/\\\/interamerica.org\\\/fr\\\/2012\\\/12\\\/en-mongolie-les-acquisitions-de-terrains-faites-cette-annee-placent-leglise-sur-la-voie-du-developpement\\\/\",\"url\":\"https:\\\/\\\/interamerica.org\\\/fr\\\/2012\\\/12\\\/en-mongolie-les-acquisitions-de-terrains-faites-cette-annee-placent-leglise-sur-la-voie-du-developpement\\\/\",\"name\":\"En Mongolie, les acquisitions de terrains faites cette ann\u00e9e placent l\u2019\u00e9glise sur la voie du d\u00e9veloppement - \u00c9glise Adventiste Du Septieme Jour - Inter Am\u00e9rique Division\",\"isPartOf\":{\"@id\":\"https:\\\/\\\/interamerica.org\\\/fr\\\/#website\"},\"primaryImageOfPage\":{\"@id\":\"https:\\\/\\\/interamerica.org\\\/fr\\\/2012\\\/12\\\/en-mongolie-les-acquisitions-de-terrains-faites-cette-annee-placent-leglise-sur-la-voie-du-developpement\\\/#primaryimage\"},\"image\":{\"@id\":\"https:\\\/\\\/interamerica.org\\\/fr\\\/2012\\\/12\\\/en-mongolie-les-acquisitions-de-terrains-faites-cette-annee-placent-leglise-sur-la-voie-du-developpement\\\/#primaryimage\"},\"thumbnailUrl\":\"https:\\\/\\\/interamerica.org\\\/wp-content\\\/uploads\\\/2017\\\/06\\\/mongolia_building_1_full-315x237.jpg\",\"datePublished\":\"2012-12-14T04:00:00+00:00\",\"author\":{\"@id\":\"https:\\\/\\\/interamerica.org\\\/fr\\\/#\\\/schema\\\/person\\\/68ede8bdc292885bb76c1e3810e73c39\"},\"breadcrumb\":{\"@id\":\"https:\\\/\\\/interamerica.org\\\/fr\\\/2012\\\/12\\\/en-mongolie-les-acquisitions-de-terrains-faites-cette-annee-placent-leglise-sur-la-voie-du-developpement\\\/#breadcrumb\"},\"inLanguage\":\"fr-FR\",\"potentialAction\":[{\"@type\":\"ReadAction\",\"target\":[\"https:\\\/\\\/interamerica.org\\\/fr\\\/2012\\\/12\\\/en-mongolie-les-acquisitions-de-terrains-faites-cette-annee-placent-leglise-sur-la-voie-du-developpement\\\/\"]}]},{\"@type\":\"ImageObject\",\"inLanguage\":\"fr-FR\",\"@id\":\"https:\\\/\\\/interamerica.org\\\/fr\\\/2012\\\/12\\\/en-mongolie-les-acquisitions-de-terrains-faites-cette-annee-placent-leglise-sur-la-voie-du-developpement\\\/#primaryimage\",\"url\":\"https:\\\/\\\/interamerica.org\\\/wp-content\\\/uploads\\\/2017\\\/06\\\/mongolia_building_1_full-315x237.jpg\",\"contentUrl\":\"https:\\\/\\\/interamerica.org\\\/wp-content\\\/uploads\\\/2017\\\/06\\\/mongolia_building_1_full-315x237.jpg\",\"width\":315,\"height\":236},{\"@type\":\"BreadcrumbList\",\"@id\":\"https:\\\/\\\/interamerica.org\\\/fr\\\/2012\\\/12\\\/en-mongolie-les-acquisitions-de-terrains-faites-cette-annee-placent-leglise-sur-la-voie-du-developpement\\\/#breadcrumb\",\"itemListElement\":[{\"@type\":\"ListItem\",\"position\":1,\"name\":\"Home\",\"item\":\"https:\\\/\\\/interamerica.org\\\/fr\\\/\"},{\"@type\":\"ListItem\",\"position\":2,\"name\":\"En Mongolie, les acquisitions de terrains faites cette ann\u00e9e placent l\u2019\u00e9glise sur la voie du d\u00e9veloppement\"}]},{\"@type\":\"WebSite\",\"@id\":\"https:\\\/\\\/interamerica.org\\\/fr\\\/#website\",\"url\":\"https:\\\/\\\/interamerica.org\\\/fr\\\/\",\"name\":\"\u00c9glise Adventiste Du Septieme Jour - Inter Am\u00e9rique Division\",\"description\":\"\",\"potentialAction\":[{\"@type\":\"SearchAction\",\"target\":{\"@type\":\"EntryPoint\",\"urlTemplate\":\"https:\\\/\\\/interamerica.org\\\/fr\\\/?s={search_term_string}\"},\"query-input\":{\"@type\":\"PropertyValueSpecification\",\"valueRequired\":true,\"valueName\":\"search_term_string\"}}],\"inLanguage\":\"fr-FR\"},{\"@type\":\"Person\",\"@id\":\"https:\\\/\\\/interamerica.org\\\/fr\\\/#\\\/schema\\\/person\\\/68ede8bdc292885bb76c1e3810e73c39\",\"name\":\"Lorenzo Verduzco\",\"image\":{\"@type\":\"ImageObject\",\"inLanguage\":\"fr-FR\",\"@id\":\"https:\\\/\\\/secure.gravatar.com\\\/avatar\\\/fb81a55b6218459490a9c1dc841a34909185b81904c5337b4b27f7a6fd60c49e?s=96&d=mm&r=g\",\"url\":\"https:\\\/\\\/secure.gravatar.com\\\/avatar\\\/fb81a55b6218459490a9c1dc841a34909185b81904c5337b4b27f7a6fd60c49e?s=96&d=mm&r=g\",\"contentUrl\":\"https:\\\/\\\/secure.gravatar.com\\\/avatar\\\/fb81a55b6218459490a9c1dc841a34909185b81904c5337b4b27f7a6fd60c49e?s=96&d=mm&r=g\",\"caption\":\"Lorenzo Verduzco\"}}]}<\/script>\n<!-- \/ Yoast SEO plugin. -->","yoast_head_json":{"title":"En Mongolie, les acquisitions de terrains faites cette ann\u00e9e placent l\u2019\u00e9glise sur la voie du d\u00e9veloppement - \u00c9glise Adventiste Du Septieme Jour - Inter Am\u00e9rique Division","robots":{"index":"index","follow":"follow","max-snippet":"max-snippet:-1","max-image-preview":"max-image-preview:large","max-video-preview":"max-video-preview:-1"},"canonical":"https:\/\/interamerica.org\/fr\/2012\/12\/en-mongolie-les-acquisitions-de-terrains-faites-cette-annee-placent-leglise-sur-la-voie-du-developpement\/","og_locale":"fr_FR","og_type":"article","og_title":"En Mongolie, les acquisitions de terrains faites cette ann\u00e9e placent l\u2019\u00e9glise sur la voie du d\u00e9veloppement - \u00c9glise Adventiste Du Septieme Jour - Inter Am\u00e9rique Division","og_description":"Le Champ de Mission Adventiste du Septi\u00e8me jour en Mongolie a r\u00e9cemment fait l\u2019acquisition de cinq nouvelles propri\u00e9t\u00e9s cette ann\u00e9e, mettant ainsi cette \u00e9glise encore bourgeonnante dans la r\u00e9gion dans une situation o\u00f9 elle pourrait d\u00e9velopper ses services communautaires et ses infrastructures.","og_url":"https:\/\/interamerica.org\/fr\/2012\/12\/en-mongolie-les-acquisitions-de-terrains-faites-cette-annee-placent-leglise-sur-la-voie-du-developpement\/","og_site_name":"\u00c9glise Adventiste Du Septieme Jour - Inter Am\u00e9rique Division","article_published_time":"2012-12-14T04:00:00+00:00","og_image":[{"width":315,"height":236,"url":"https:\/\/interamerica.org\/wp-content\/uploads\/2017\/06\/mongolia_building_1_full-315x237.jpg","type":"image\/jpeg"}],"author":"Lorenzo Verduzco","twitter_card":"summary_large_image","twitter_misc":{"\u00c9crit par":"Lorenzo Verduzco","Dur\u00e9e de lecture estim\u00e9e":"5 minutes"},"schema":{"@context":"https:\/\/schema.org","@graph":[{"@type":"Article","@id":"https:\/\/interamerica.org\/fr\/2012\/12\/en-mongolie-les-acquisitions-de-terrains-faites-cette-annee-placent-leglise-sur-la-voie-du-developpement\/#article","isPartOf":{"@id":"https:\/\/interamerica.org\/fr\/2012\/12\/en-mongolie-les-acquisitions-de-terrains-faites-cette-annee-placent-leglise-sur-la-voie-du-developpement\/"},"author":{"name":"Lorenzo Verduzco","@id":"https:\/\/interamerica.org\/fr\/#\/schema\/person\/68ede8bdc292885bb76c1e3810e73c39"},"headline":"En Mongolie, les acquisitions de terrains faites cette ann\u00e9e placent l\u2019\u00e9glise sur la voie du d\u00e9veloppement","datePublished":"2012-12-14T04:00:00+00:00","mainEntityOfPage":{"@id":"https:\/\/interamerica.org\/fr\/2012\/12\/en-mongolie-les-acquisitions-de-terrains-faites-cette-annee-placent-leglise-sur-la-voie-du-developpement\/"},"wordCount":1054,"image":{"@id":"https:\/\/interamerica.org\/fr\/2012\/12\/en-mongolie-les-acquisitions-de-terrains-faites-cette-annee-placent-leglise-sur-la-voie-du-developpement\/#primaryimage"},"thumbnailUrl":"https:\/\/interamerica.org\/wp-content\/uploads\/2017\/06\/mongolia_building_1_full-315x237.jpg","articleSection":["Nouvelles de l'\u00c9glise mondiale"],"inLanguage":"fr-FR"},{"@type":"WebPage","@id":"https:\/\/interamerica.org\/fr\/2012\/12\/en-mongolie-les-acquisitions-de-terrains-faites-cette-annee-placent-leglise-sur-la-voie-du-developpement\/","url":"https:\/\/interamerica.org\/fr\/2012\/12\/en-mongolie-les-acquisitions-de-terrains-faites-cette-annee-placent-leglise-sur-la-voie-du-developpement\/","name":"En Mongolie, les acquisitions de terrains faites cette ann\u00e9e placent l\u2019\u00e9glise sur la voie du d\u00e9veloppement - \u00c9glise Adventiste Du Septieme Jour - Inter Am\u00e9rique Division","isPartOf":{"@id":"https:\/\/interamerica.org\/fr\/#website"},"primaryImageOfPage":{"@id":"https:\/\/interamerica.org\/fr\/2012\/12\/en-mongolie-les-acquisitions-de-terrains-faites-cette-annee-placent-leglise-sur-la-voie-du-developpement\/#primaryimage"},"image":{"@id":"https:\/\/interamerica.org\/fr\/2012\/12\/en-mongolie-les-acquisitions-de-terrains-faites-cette-annee-placent-leglise-sur-la-voie-du-developpement\/#primaryimage"},"thumbnailUrl":"https:\/\/interamerica.org\/wp-content\/uploads\/2017\/06\/mongolia_building_1_full-315x237.jpg","datePublished":"2012-12-14T04:00:00+00:00","author":{"@id":"https:\/\/interamerica.org\/fr\/#\/schema\/person\/68ede8bdc292885bb76c1e3810e73c39"},"breadcrumb":{"@id":"https:\/\/interamerica.org\/fr\/2012\/12\/en-mongolie-les-acquisitions-de-terrains-faites-cette-annee-placent-leglise-sur-la-voie-du-developpement\/#breadcrumb"},"inLanguage":"fr-FR","potentialAction":[{"@type":"ReadAction","target":["https:\/\/interamerica.org\/fr\/2012\/12\/en-mongolie-les-acquisitions-de-terrains-faites-cette-annee-placent-leglise-sur-la-voie-du-developpement\/"]}]},{"@type":"ImageObject","inLanguage":"fr-FR","@id":"https:\/\/interamerica.org\/fr\/2012\/12\/en-mongolie-les-acquisitions-de-terrains-faites-cette-annee-placent-leglise-sur-la-voie-du-developpement\/#primaryimage","url":"https:\/\/interamerica.org\/wp-content\/uploads\/2017\/06\/mongolia_building_1_full-315x237.jpg","contentUrl":"https:\/\/interamerica.org\/wp-content\/uploads\/2017\/06\/mongolia_building_1_full-315x237.jpg","width":315,"height":236},{"@type":"BreadcrumbList","@id":"https:\/\/interamerica.org\/fr\/2012\/12\/en-mongolie-les-acquisitions-de-terrains-faites-cette-annee-placent-leglise-sur-la-voie-du-developpement\/#breadcrumb","itemListElement":[{"@type":"ListItem","position":1,"name":"Home","item":"https:\/\/interamerica.org\/fr\/"},{"@type":"ListItem","position":2,"name":"En Mongolie, les acquisitions de terrains faites cette ann\u00e9e placent l\u2019\u00e9glise sur la voie du d\u00e9veloppement"}]},{"@type":"WebSite","@id":"https:\/\/interamerica.org\/fr\/#website","url":"https:\/\/interamerica.org\/fr\/","name":"\u00c9glise Adventiste Du Septieme Jour - Inter Am\u00e9rique Division","description":"","potentialAction":[{"@type":"SearchAction","target":{"@type":"EntryPoint","urlTemplate":"https:\/\/interamerica.org\/fr\/?s={search_term_string}"},"query-input":{"@type":"PropertyValueSpecification","valueRequired":true,"valueName":"search_term_string"}}],"inLanguage":"fr-FR"},{"@type":"Person","@id":"https:\/\/interamerica.org\/fr\/#\/schema\/person\/68ede8bdc292885bb76c1e3810e73c39","name":"Lorenzo Verduzco","image":{"@type":"ImageObject","inLanguage":"fr-FR","@id":"https:\/\/secure.gravatar.com\/avatar\/fb81a55b6218459490a9c1dc841a34909185b81904c5337b4b27f7a6fd60c49e?s=96&d=mm&r=g","url":"https:\/\/secure.gravatar.com\/avatar\/fb81a55b6218459490a9c1dc841a34909185b81904c5337b4b27f7a6fd60c49e?s=96&d=mm&r=g","contentUrl":"https:\/\/secure.gravatar.com\/avatar\/fb81a55b6218459490a9c1dc841a34909185b81904c5337b4b27f7a6fd60c49e?s=96&d=mm&r=g","caption":"Lorenzo Verduzco"}}]}},"_links":{"self":[{"href":"https:\/\/interamerica.org\/fr\/wp-json\/wp\/v2\/posts\/31583","targetHints":{"allow":["GET"]}}],"collection":[{"href":"https:\/\/interamerica.org\/fr\/wp-json\/wp\/v2\/posts"}],"about":[{"href":"https:\/\/interamerica.org\/fr\/wp-json\/wp\/v2\/types\/post"}],"author":[{"embeddable":true,"href":"https:\/\/interamerica.org\/fr\/wp-json\/wp\/v2\/users\/1"}],"replies":[{"embeddable":true,"href":"https:\/\/interamerica.org\/fr\/wp-json\/wp\/v2\/comments?post=31583"}],"version-history":[{"count":0,"href":"https:\/\/interamerica.org\/fr\/wp-json\/wp\/v2\/posts\/31583\/revisions"}],"wp:featuredmedia":[{"embeddable":true,"href":"https:\/\/interamerica.org\/fr\/wp-json\/wp\/v2\/media\/20694"}],"wp:attachment":[{"href":"https:\/\/interamerica.org\/fr\/wp-json\/wp\/v2\/media?parent=31583"}],"wp:term":[{"taxonomy":"category","embeddable":true,"href":"https:\/\/interamerica.org\/fr\/wp-json\/wp\/v2\/categories?post=31583"},{"taxonomy":"post_tag","embeddable":true,"href":"https:\/\/interamerica.org\/fr\/wp-json\/wp\/v2\/tags?post=31583"}],"curies":[{"name":"wp","href":"https:\/\/api.w.org\/{rel}","templated":true}]}}