{"id":31589,"date":"2013-01-02T00:00:00","date_gmt":"2013-01-02T04:00:00","guid":{"rendered":"http:\/\/192.81.217.108\/interamerica\/2013\/01\/le-budget-mondial-2013-de-leglise-adventiste-mission-et-soutien-administratif\/"},"modified":"2013-01-02T00:00:00","modified_gmt":"2013-01-02T04:00:00","slug":"le-budget-mondial-2013-de-leglise-adventiste-mission-et-soutien-administratif","status":"publish","type":"post","link":"https:\/\/interamerica.org\/fr\/2013\/01\/le-budget-mondial-2013-de-leglise-adventiste-mission-et-soutien-administratif\/","title":{"rendered":"Le budget mondial 2013 de l\u2019Eglise Adventiste : mission et soutien administratif"},"content":{"rendered":"<p>27 D\u00e9cembre 2012 Silver Spring, Maryland, Etats Unis\u2026Ansel Oliver\/ANN<\/p>\n<p>Le budget 2013 du si\u00e8ge mondial de l\u2019Eglise Adventiste du Septi\u00e8me jour finance l\u2019\u0153uvre des missions et aussi le soutien administratif apport\u00e9 en dehors de l\u2019Am\u00e9rique du Nord, il assure \u00e9galement le fonctionnement du si\u00e8ge de l\u2019\u00e9glise.<\/p>\n<p>Le budget mondial de l\u2019Eglise Adventiste qui est de pr\u00e8s de 174 millions de dollars US pr\u00e9voit cette ann\u00e9e pr\u00e8s de 42,4 millions de dollars en dotations aux champs se trouvant en dehors de l\u2019Am\u00e9rique du Nord. Une dotation de 28,5 millions de dollars suppl\u00e9mentaires servira au financement des missionnaires et des employ\u00e9s servant dans d\u2019autres divisions.<\/p>\n<p>Les co\u00fbts de fonctionnement du si\u00e8ge de la d\u00e9nomination \u00e0 Silver Spring dans le Maryland aux Etats Unis sont limit\u00e9s \u00e0 2 pourcent du montant total des dimes mondiales, qui pour 2013 devrait se situer aux environs de 44 millions de dollars. Les responsables financiers de l\u2019\u00e9glise ont indiqu\u00e9 qu\u2019ils s\u2019attendent \u00e0 nouveau \u00e0 ce que le si\u00e8ge fonctionne en dessous de ce plafond.<\/p>\n<div id=\"attachment_6419\" style=\"width: 310px\" class=\"wp-caption alignleft\"><a href=\"\/interamerica\/wp-content\/uploads\/2017\/06\/juanprestol.png\" rel=\"fancybox\" title=\"Le budget mondial 2013 de l\u2019Eglise Adventiste : mission et soutien administratif\"><img fetchpriority=\"high\" decoding=\"async\" aria-describedby=\"caption-attachment-6419\" class=\"size-medium wp-image-6419\" src=\"\/interamerica\/wp-content\/uploads\/2017\/06\/juanprestol-300x223.png\" alt=\"\" width=\"300\" height=\"223\" \/><\/a><p id=\"caption-attachment-6419\" class=\"wp-caption-text\">Juan Prestol, sous-tr\u00e9sorier de l\u2019Eglise Adventiste mondiale s\u2019exprime au sujet des fonds budg\u00e9taires mondiaux sp\u00e9cifiques pour 2013. Photo Adventist News Network.<\/p><\/div>\n<p>Depuis des d\u00e9cennies, le si\u00e8ge de l\u2019\u00e9glise a fonctionn\u00e9 substantiellement en dessous de ce plafond, rendant ainsi plus de ressources disponibles pour les champs mondiaux, a d\u00e9clar\u00e9 Juan Prestol, sous-tr\u00e9sorier de l\u2019Eglise Adventiste mondiale.<\/p>\n<p>Juan Prestol a soulign\u00e9 que le budget mondial ne contient que des \u00e9l\u00e9ments en rapport avec le si\u00e8ge mondial de la d\u00e9nomination et n\u2019inclut pas les revenus ou les budgets de ses 13 divisions ou des entit\u00e9s administratives ou congr\u00e9gations locales respectives. Le budget mondial inclut le fonctionnement du si\u00e8ge, les employ\u00e9s Inter-Division ainsi que les dotations aux divisions mondiales et les institutions et programmes de la Conf\u00e9rence G\u00e9n\u00e9rale.<\/p>\n<p>Juan Prestol a soulign\u00e9 la planification r\u00e9guli\u00e8re faite par les dirigeants de l\u2019\u00e9glise et les responsables financiers. \u00ab Certaines organisations fluctuent davantage dans la mani\u00e8re dont elles \u00e9tablissent leurs budgets. L\u2019\u00e9glise ne fonctionne pas ainsi. Nous faisons en sorte de poursuivre sur notre lanc\u00e9e. Une fois que nous entreprenons quelque chose, nous voulons continuer jusqu\u2019\u00e0 ce que le travail soit \u00e9tabli et devienne auto suffisant. Cependant il faut des ann\u00e9es pour y parvenir. \u00bb<\/p>\n<p>Le budget mondial de cette ann\u00e9e inclut l\u2019Union de l\u2019Afrique du Nord et du Moyen Orient nouvellement cr\u00e9\u00e9e, et qui est directement rattach\u00e9e au si\u00e8ge mondial de l\u2019Eglise Adventiste.<\/p>\n<p>Les divisions qui re\u00e7oivent des fonds en dehors de l\u2019Am\u00e9rique du Nord, obtiennent des dotations entre 1,3 millions de dollars et 4,8 millions de dollars. Le budget mondial 2013 inclut \u00e9galement une augmentation de 2 pourcent par rapport au montant des dotations de 2012.<\/p>\n<p>Juan Prestol a indiqu\u00e9 que les budgets mondiaux depuis la crise \u00e9conomique de 2008 ont \u00e9t\u00e9 \u00ab \u00e9labor\u00e9s de mani\u00e8re \u00e0 amener la stabilit\u00e9 et le soutien strat\u00e9gique pour le d\u00e9veloppement dans les r\u00e9gions o\u00f9 c\u2019est n\u00e9cessaire. \u00bb<\/p>\n<p>L\u2019\u00e9glise est tr\u00e8s d\u00e9termin\u00e9e, tr\u00e8s d\u00e9lib\u00e9r\u00e9e, tr\u00e8s persistante et nous continuons de poursuivre les objectifs : avoir une pr\u00e9sence dans chaque pays et dans chaque groupe de population dans la mesure du possible, \u00bb a t-il dit.<\/p>\n<p>Juan Prestol a d\u00e9clar\u00e9 qu\u2019environ 65 pourcent des fonds de la d\u00e9nomination sont re\u00e7us en dollars US, en r\u00e9aux br\u00e9siliens, en euros, en dollars canadiens, en dollars australiens, en pesos mexicains en won cor\u00e9ens et en pesos philippins.<\/p>\n<p>Les Etats Unis demeurent le plus gros contributeur en offrandes des missions parmi tous les pays. En 2011, la Division Nord Am\u00e9ricaine a donn\u00e9 23,4 millions de dollars en offrandes des missions, soit environ 30 pourcent du total des 80 millions de dollars environ re\u00e7us pour les offrandes des missions.<\/p>\n<p>Juan Prestol a \u00e9galement soulign\u00e9 le changement intervenu \u00e0 l\u2019\u00e9poque moderne pour les missionnaires de la d\u00e9nomination qui sont financ\u00e9s par le budget mondial. Les 28,5 millions de dollars pour les missionnaires (les employ\u00e9s Inter Divisions) au cours des d\u00e9cennies pass\u00e9es ont souvent financ\u00e9 les ouvriers de premi\u00e8re ligne. Maintenant a t-il indiqu\u00e9, ils financent plus g\u00e9n\u00e9ralement les missionnaires qui apportent un soutien administratif r\u00e9gulier et forment les ouvriers de premi\u00e8re ligne dans les groupes de population locale.<\/p>\n<p>Les autres principales dotations identifi\u00e9es dans le budget mondial 2013 de la Conf\u00e9rence g\u00e9n\u00e9rale incluent :<\/p>\n<p>8,3 millions de dollars pour l\u2019Universit\u00e9 de Loma Linda<br \/>\n5,5 millions de dollars pour Adventist World Magazine<br \/>\n4,9 millions de dollars pour Andrews University<br \/>\n4,7 millions de dollars pour Hope Channel<br \/>\n2,4 millions de dollars pour Ellen White Estate<br \/>\n2,3 millions de dollars pour la Radio Mondiale Adventiste<br \/>\n1,4 millions de dollars pour la Session 2015 de la Conf\u00e9rence G\u00e9n\u00e9rale<br \/>\n1,2 millions de dollars pour Oakwood University<br \/>\n1,1 millions de dollars pour l\u2019Institut Adventiste International d\u2019Etudes Avanc\u00e9es<br \/>\n1,1 millions de dollars pour le Geoscience Research Institute<br \/>\n1 million de dollars pour l\u2019Universit\u00e9 Adventiste d\u2019Afrique<\/p>\n<p>Pour consulter une copie compl\u00e8te du budget mondial 2013 de la Conf\u00e9rence G\u00e9n\u00e9rale sur une feuille au format Excel, veuillez faire parvenir une demande \u00e0 l\u2019\u00e9diteur d\u2019ANN \u00e0 adventistnews@gc.adventist.org.<\/p>\n<p>Traduction: Patrick Luciathe<\/p>\n","protected":false},"excerpt":{"rendered":"<p>Le budget 2013 du si\u00e8ge mondial de l\u2019Eglise Adventiste du Septi\u00e8me jour finance l\u2019\u0153uvre des missions et aussi le soutien administratif apport\u00e9 en dehors de l\u2019Am\u00e9rique du Nord, il assure \u00e9galement le fonctionnement du si\u00e8ge de l\u2019\u00e9glise.<\/p>\n","protected":false},"author":1,"featured_media":20711,"comment_status":"closed","ping_status":"closed","sticky":false,"template":"","format":"standard","meta":{"_acf_changed":false,"footnotes":""},"categories":[18],"tags":[],"class_list":["post-31589","post","type-post","status-publish","format-standard","has-post-thumbnail","hentry","category-nouvelles-de-leglise-mondiale"],"acf":[],"yoast_head":"<!-- This site is optimized with the Yoast SEO plugin v27.3 - https:\/\/yoast.com\/product\/yoast-seo-wordpress\/ -->\n<title>Le budget mondial 2013 de l\u2019Eglise Adventiste : mission et soutien administratif - \u00c9glise Adventiste Du Septieme Jour - Inter Am\u00e9rique Division<\/title>\n<meta name=\"robots\" content=\"index, follow, max-snippet:-1, max-image-preview:large, max-video-preview:-1\" \/>\n<link rel=\"canonical\" href=\"https:\/\/interamerica.org\/fr\/2013\/01\/le-budget-mondial-2013-de-leglise-adventiste-mission-et-soutien-administratif\/\" \/>\n<meta property=\"og:locale\" content=\"fr_FR\" \/>\n<meta property=\"og:type\" content=\"article\" \/>\n<meta property=\"og:title\" content=\"Le budget mondial 2013 de l\u2019Eglise Adventiste : mission et soutien administratif - \u00c9glise Adventiste Du Septieme Jour - Inter Am\u00e9rique Division\" \/>\n<meta property=\"og:description\" content=\"Le budget 2013 du si\u00e8ge mondial de l\u2019Eglise Adventiste du Septi\u00e8me jour finance l\u2019\u0153uvre des missions et aussi le soutien administratif apport\u00e9 en dehors de l\u2019Am\u00e9rique du Nord, il assure \u00e9galement le fonctionnement du si\u00e8ge de l\u2019\u00e9glise.\" \/>\n<meta property=\"og:url\" content=\"https:\/\/interamerica.org\/fr\/2013\/01\/le-budget-mondial-2013-de-leglise-adventiste-mission-et-soutien-administratif\/\" \/>\n<meta property=\"og:site_name\" content=\"\u00c9glise Adventiste Du Septieme Jour - Inter Am\u00e9rique Division\" \/>\n<meta property=\"article:published_time\" content=\"2013-01-02T04:00:00+00:00\" \/>\n<meta property=\"og:image\" content=\"https:\/\/interamerica.org\/wp-content\/uploads\/2017\/06\/juanprestol.png\" \/>\n\t<meta property=\"og:image:width\" content=\"315\" \/>\n\t<meta property=\"og:image:height\" content=\"235\" \/>\n\t<meta property=\"og:image:type\" content=\"image\/png\" \/>\n<meta name=\"author\" content=\"Lorenzo Verduzco\" \/>\n<meta name=\"twitter:card\" content=\"summary_large_image\" \/>\n<meta name=\"twitter:label1\" content=\"\u00c9crit par\" \/>\n\t<meta name=\"twitter:data1\" content=\"Lorenzo Verduzco\" \/>\n\t<meta name=\"twitter:label2\" content=\"Dur\u00e9e de lecture estim\u00e9e\" \/>\n\t<meta name=\"twitter:data2\" content=\"5 minutes\" \/>\n<script type=\"application\/ld+json\" class=\"yoast-schema-graph\">{\"@context\":\"https:\\\/\\\/schema.org\",\"@graph\":[{\"@type\":\"Article\",\"@id\":\"https:\\\/\\\/interamerica.org\\\/fr\\\/2013\\\/01\\\/le-budget-mondial-2013-de-leglise-adventiste-mission-et-soutien-administratif\\\/#article\",\"isPartOf\":{\"@id\":\"https:\\\/\\\/interamerica.org\\\/fr\\\/2013\\\/01\\\/le-budget-mondial-2013-de-leglise-adventiste-mission-et-soutien-administratif\\\/\"},\"author\":{\"name\":\"Lorenzo Verduzco\",\"@id\":\"https:\\\/\\\/interamerica.org\\\/fr\\\/#\\\/schema\\\/person\\\/68ede8bdc292885bb76c1e3810e73c39\"},\"headline\":\"Le budget mondial 2013 de l\u2019Eglise Adventiste : mission et soutien administratif\",\"datePublished\":\"2013-01-02T04:00:00+00:00\",\"mainEntityOfPage\":{\"@id\":\"https:\\\/\\\/interamerica.org\\\/fr\\\/2013\\\/01\\\/le-budget-mondial-2013-de-leglise-adventiste-mission-et-soutien-administratif\\\/\"},\"wordCount\":914,\"image\":{\"@id\":\"https:\\\/\\\/interamerica.org\\\/fr\\\/2013\\\/01\\\/le-budget-mondial-2013-de-leglise-adventiste-mission-et-soutien-administratif\\\/#primaryimage\"},\"thumbnailUrl\":\"https:\\\/\\\/interamerica.org\\\/wp-content\\\/uploads\\\/2017\\\/06\\\/juanprestol.png\",\"articleSection\":[\"Nouvelles de l'\u00c9glise mondiale\"],\"inLanguage\":\"fr-FR\"},{\"@type\":\"WebPage\",\"@id\":\"https:\\\/\\\/interamerica.org\\\/fr\\\/2013\\\/01\\\/le-budget-mondial-2013-de-leglise-adventiste-mission-et-soutien-administratif\\\/\",\"url\":\"https:\\\/\\\/interamerica.org\\\/fr\\\/2013\\\/01\\\/le-budget-mondial-2013-de-leglise-adventiste-mission-et-soutien-administratif\\\/\",\"name\":\"Le budget mondial 2013 de l\u2019Eglise Adventiste : mission et soutien administratif - \u00c9glise Adventiste Du Septieme Jour - Inter Am\u00e9rique Division\",\"isPartOf\":{\"@id\":\"https:\\\/\\\/interamerica.org\\\/fr\\\/#website\"},\"primaryImageOfPage\":{\"@id\":\"https:\\\/\\\/interamerica.org\\\/fr\\\/2013\\\/01\\\/le-budget-mondial-2013-de-leglise-adventiste-mission-et-soutien-administratif\\\/#primaryimage\"},\"image\":{\"@id\":\"https:\\\/\\\/interamerica.org\\\/fr\\\/2013\\\/01\\\/le-budget-mondial-2013-de-leglise-adventiste-mission-et-soutien-administratif\\\/#primaryimage\"},\"thumbnailUrl\":\"https:\\\/\\\/interamerica.org\\\/wp-content\\\/uploads\\\/2017\\\/06\\\/juanprestol.png\",\"datePublished\":\"2013-01-02T04:00:00+00:00\",\"author\":{\"@id\":\"https:\\\/\\\/interamerica.org\\\/fr\\\/#\\\/schema\\\/person\\\/68ede8bdc292885bb76c1e3810e73c39\"},\"breadcrumb\":{\"@id\":\"https:\\\/\\\/interamerica.org\\\/fr\\\/2013\\\/01\\\/le-budget-mondial-2013-de-leglise-adventiste-mission-et-soutien-administratif\\\/#breadcrumb\"},\"inLanguage\":\"fr-FR\",\"potentialAction\":[{\"@type\":\"ReadAction\",\"target\":[\"https:\\\/\\\/interamerica.org\\\/fr\\\/2013\\\/01\\\/le-budget-mondial-2013-de-leglise-adventiste-mission-et-soutien-administratif\\\/\"]}]},{\"@type\":\"ImageObject\",\"inLanguage\":\"fr-FR\",\"@id\":\"https:\\\/\\\/interamerica.org\\\/fr\\\/2013\\\/01\\\/le-budget-mondial-2013-de-leglise-adventiste-mission-et-soutien-administratif\\\/#primaryimage\",\"url\":\"https:\\\/\\\/interamerica.org\\\/wp-content\\\/uploads\\\/2017\\\/06\\\/juanprestol.png\",\"contentUrl\":\"https:\\\/\\\/interamerica.org\\\/wp-content\\\/uploads\\\/2017\\\/06\\\/juanprestol.png\",\"width\":315,\"height\":235},{\"@type\":\"BreadcrumbList\",\"@id\":\"https:\\\/\\\/interamerica.org\\\/fr\\\/2013\\\/01\\\/le-budget-mondial-2013-de-leglise-adventiste-mission-et-soutien-administratif\\\/#breadcrumb\",\"itemListElement\":[{\"@type\":\"ListItem\",\"position\":1,\"name\":\"Home\",\"item\":\"https:\\\/\\\/interamerica.org\\\/fr\\\/\"},{\"@type\":\"ListItem\",\"position\":2,\"name\":\"Le budget mondial 2013 de l\u2019Eglise Adventiste : mission et soutien administratif\"}]},{\"@type\":\"WebSite\",\"@id\":\"https:\\\/\\\/interamerica.org\\\/fr\\\/#website\",\"url\":\"https:\\\/\\\/interamerica.org\\\/fr\\\/\",\"name\":\"\u00c9glise Adventiste Du Septieme Jour - Inter Am\u00e9rique Division\",\"description\":\"\",\"potentialAction\":[{\"@type\":\"SearchAction\",\"target\":{\"@type\":\"EntryPoint\",\"urlTemplate\":\"https:\\\/\\\/interamerica.org\\\/fr\\\/?s={search_term_string}\"},\"query-input\":{\"@type\":\"PropertyValueSpecification\",\"valueRequired\":true,\"valueName\":\"search_term_string\"}}],\"inLanguage\":\"fr-FR\"},{\"@type\":\"Person\",\"@id\":\"https:\\\/\\\/interamerica.org\\\/fr\\\/#\\\/schema\\\/person\\\/68ede8bdc292885bb76c1e3810e73c39\",\"name\":\"Lorenzo Verduzco\",\"image\":{\"@type\":\"ImageObject\",\"inLanguage\":\"fr-FR\",\"@id\":\"https:\\\/\\\/secure.gravatar.com\\\/avatar\\\/fb81a55b6218459490a9c1dc841a34909185b81904c5337b4b27f7a6fd60c49e?s=96&d=mm&r=g\",\"url\":\"https:\\\/\\\/secure.gravatar.com\\\/avatar\\\/fb81a55b6218459490a9c1dc841a34909185b81904c5337b4b27f7a6fd60c49e?s=96&d=mm&r=g\",\"contentUrl\":\"https:\\\/\\\/secure.gravatar.com\\\/avatar\\\/fb81a55b6218459490a9c1dc841a34909185b81904c5337b4b27f7a6fd60c49e?s=96&d=mm&r=g\",\"caption\":\"Lorenzo Verduzco\"}}]}<\/script>\n<!-- \/ Yoast SEO plugin. -->","yoast_head_json":{"title":"Le budget mondial 2013 de l\u2019Eglise Adventiste : mission et soutien administratif - \u00c9glise Adventiste Du Septieme Jour - Inter Am\u00e9rique Division","robots":{"index":"index","follow":"follow","max-snippet":"max-snippet:-1","max-image-preview":"max-image-preview:large","max-video-preview":"max-video-preview:-1"},"canonical":"https:\/\/interamerica.org\/fr\/2013\/01\/le-budget-mondial-2013-de-leglise-adventiste-mission-et-soutien-administratif\/","og_locale":"fr_FR","og_type":"article","og_title":"Le budget mondial 2013 de l\u2019Eglise Adventiste : mission et soutien administratif - \u00c9glise Adventiste Du Septieme Jour - Inter Am\u00e9rique Division","og_description":"Le budget 2013 du si\u00e8ge mondial de l\u2019Eglise Adventiste du Septi\u00e8me jour finance l\u2019\u0153uvre des missions et aussi le soutien administratif apport\u00e9 en dehors de l\u2019Am\u00e9rique du Nord, il assure \u00e9galement le fonctionnement du si\u00e8ge de l\u2019\u00e9glise.","og_url":"https:\/\/interamerica.org\/fr\/2013\/01\/le-budget-mondial-2013-de-leglise-adventiste-mission-et-soutien-administratif\/","og_site_name":"\u00c9glise Adventiste Du Septieme Jour - Inter Am\u00e9rique Division","article_published_time":"2013-01-02T04:00:00+00:00","og_image":[{"width":315,"height":235,"url":"https:\/\/interamerica.org\/wp-content\/uploads\/2017\/06\/juanprestol.png","type":"image\/png"}],"author":"Lorenzo Verduzco","twitter_card":"summary_large_image","twitter_misc":{"\u00c9crit par":"Lorenzo Verduzco","Dur\u00e9e de lecture estim\u00e9e":"5 minutes"},"schema":{"@context":"https:\/\/schema.org","@graph":[{"@type":"Article","@id":"https:\/\/interamerica.org\/fr\/2013\/01\/le-budget-mondial-2013-de-leglise-adventiste-mission-et-soutien-administratif\/#article","isPartOf":{"@id":"https:\/\/interamerica.org\/fr\/2013\/01\/le-budget-mondial-2013-de-leglise-adventiste-mission-et-soutien-administratif\/"},"author":{"name":"Lorenzo Verduzco","@id":"https:\/\/interamerica.org\/fr\/#\/schema\/person\/68ede8bdc292885bb76c1e3810e73c39"},"headline":"Le budget mondial 2013 de l\u2019Eglise Adventiste : mission et soutien administratif","datePublished":"2013-01-02T04:00:00+00:00","mainEntityOfPage":{"@id":"https:\/\/interamerica.org\/fr\/2013\/01\/le-budget-mondial-2013-de-leglise-adventiste-mission-et-soutien-administratif\/"},"wordCount":914,"image":{"@id":"https:\/\/interamerica.org\/fr\/2013\/01\/le-budget-mondial-2013-de-leglise-adventiste-mission-et-soutien-administratif\/#primaryimage"},"thumbnailUrl":"https:\/\/interamerica.org\/wp-content\/uploads\/2017\/06\/juanprestol.png","articleSection":["Nouvelles de l'\u00c9glise mondiale"],"inLanguage":"fr-FR"},{"@type":"WebPage","@id":"https:\/\/interamerica.org\/fr\/2013\/01\/le-budget-mondial-2013-de-leglise-adventiste-mission-et-soutien-administratif\/","url":"https:\/\/interamerica.org\/fr\/2013\/01\/le-budget-mondial-2013-de-leglise-adventiste-mission-et-soutien-administratif\/","name":"Le budget mondial 2013 de l\u2019Eglise Adventiste : mission et soutien administratif - \u00c9glise Adventiste Du Septieme Jour - Inter Am\u00e9rique Division","isPartOf":{"@id":"https:\/\/interamerica.org\/fr\/#website"},"primaryImageOfPage":{"@id":"https:\/\/interamerica.org\/fr\/2013\/01\/le-budget-mondial-2013-de-leglise-adventiste-mission-et-soutien-administratif\/#primaryimage"},"image":{"@id":"https:\/\/interamerica.org\/fr\/2013\/01\/le-budget-mondial-2013-de-leglise-adventiste-mission-et-soutien-administratif\/#primaryimage"},"thumbnailUrl":"https:\/\/interamerica.org\/wp-content\/uploads\/2017\/06\/juanprestol.png","datePublished":"2013-01-02T04:00:00+00:00","author":{"@id":"https:\/\/interamerica.org\/fr\/#\/schema\/person\/68ede8bdc292885bb76c1e3810e73c39"},"breadcrumb":{"@id":"https:\/\/interamerica.org\/fr\/2013\/01\/le-budget-mondial-2013-de-leglise-adventiste-mission-et-soutien-administratif\/#breadcrumb"},"inLanguage":"fr-FR","potentialAction":[{"@type":"ReadAction","target":["https:\/\/interamerica.org\/fr\/2013\/01\/le-budget-mondial-2013-de-leglise-adventiste-mission-et-soutien-administratif\/"]}]},{"@type":"ImageObject","inLanguage":"fr-FR","@id":"https:\/\/interamerica.org\/fr\/2013\/01\/le-budget-mondial-2013-de-leglise-adventiste-mission-et-soutien-administratif\/#primaryimage","url":"https:\/\/interamerica.org\/wp-content\/uploads\/2017\/06\/juanprestol.png","contentUrl":"https:\/\/interamerica.org\/wp-content\/uploads\/2017\/06\/juanprestol.png","width":315,"height":235},{"@type":"BreadcrumbList","@id":"https:\/\/interamerica.org\/fr\/2013\/01\/le-budget-mondial-2013-de-leglise-adventiste-mission-et-soutien-administratif\/#breadcrumb","itemListElement":[{"@type":"ListItem","position":1,"name":"Home","item":"https:\/\/interamerica.org\/fr\/"},{"@type":"ListItem","position":2,"name":"Le budget mondial 2013 de l\u2019Eglise Adventiste : mission et soutien administratif"}]},{"@type":"WebSite","@id":"https:\/\/interamerica.org\/fr\/#website","url":"https:\/\/interamerica.org\/fr\/","name":"\u00c9glise Adventiste Du Septieme Jour - Inter Am\u00e9rique Division","description":"","potentialAction":[{"@type":"SearchAction","target":{"@type":"EntryPoint","urlTemplate":"https:\/\/interamerica.org\/fr\/?s={search_term_string}"},"query-input":{"@type":"PropertyValueSpecification","valueRequired":true,"valueName":"search_term_string"}}],"inLanguage":"fr-FR"},{"@type":"Person","@id":"https:\/\/interamerica.org\/fr\/#\/schema\/person\/68ede8bdc292885bb76c1e3810e73c39","name":"Lorenzo Verduzco","image":{"@type":"ImageObject","inLanguage":"fr-FR","@id":"https:\/\/secure.gravatar.com\/avatar\/fb81a55b6218459490a9c1dc841a34909185b81904c5337b4b27f7a6fd60c49e?s=96&d=mm&r=g","url":"https:\/\/secure.gravatar.com\/avatar\/fb81a55b6218459490a9c1dc841a34909185b81904c5337b4b27f7a6fd60c49e?s=96&d=mm&r=g","contentUrl":"https:\/\/secure.gravatar.com\/avatar\/fb81a55b6218459490a9c1dc841a34909185b81904c5337b4b27f7a6fd60c49e?s=96&d=mm&r=g","caption":"Lorenzo Verduzco"}}]}},"_links":{"self":[{"href":"https:\/\/interamerica.org\/fr\/wp-json\/wp\/v2\/posts\/31589","targetHints":{"allow":["GET"]}}],"collection":[{"href":"https:\/\/interamerica.org\/fr\/wp-json\/wp\/v2\/posts"}],"about":[{"href":"https:\/\/interamerica.org\/fr\/wp-json\/wp\/v2\/types\/post"}],"author":[{"embeddable":true,"href":"https:\/\/interamerica.org\/fr\/wp-json\/wp\/v2\/users\/1"}],"replies":[{"embeddable":true,"href":"https:\/\/interamerica.org\/fr\/wp-json\/wp\/v2\/comments?post=31589"}],"version-history":[{"count":0,"href":"https:\/\/interamerica.org\/fr\/wp-json\/wp\/v2\/posts\/31589\/revisions"}],"wp:featuredmedia":[{"embeddable":true,"href":"https:\/\/interamerica.org\/fr\/wp-json\/wp\/v2\/media\/20711"}],"wp:attachment":[{"href":"https:\/\/interamerica.org\/fr\/wp-json\/wp\/v2\/media?parent=31589"}],"wp:term":[{"taxonomy":"category","embeddable":true,"href":"https:\/\/interamerica.org\/fr\/wp-json\/wp\/v2\/categories?post=31589"},{"taxonomy":"post_tag","embeddable":true,"href":"https:\/\/interamerica.org\/fr\/wp-json\/wp\/v2\/tags?post=31589"}],"curies":[{"name":"wp","href":"https:\/\/api.w.org\/{rel}","templated":true}]}}