{"id":31593,"date":"2013-01-09T00:00:00","date_gmt":"2013-01-09T04:00:00","guid":{"rendered":"http:\/\/192.81.217.108\/interamerica\/2013\/01\/le-congres-de-jeunesse-du-sud-pacifique-promeut-le-cote-pratique-de-la-foi\/"},"modified":"2013-01-09T00:00:00","modified_gmt":"2013-01-09T04:00:00","slug":"le-congres-de-jeunesse-du-sud-pacifique-promeut-le-cote-pratique-de-la-foi","status":"publish","type":"post","link":"https:\/\/interamerica.org\/fr\/2013\/01\/le-congres-de-jeunesse-du-sud-pacifique-promeut-le-cote-pratique-de-la-foi\/","title":{"rendered":"Le congr\u00e8s de jeunesse du Sud Pacifique promeut le c\u00f4t\u00e9 pratique de la foi"},"content":{"rendered":"<div id=\"attachment_6475\" style=\"width: 600px\" class=\"wp-caption aligncenter\"><a href=\"\/interamerica\/wp-content\/uploads\/2017\/06\/spd-youth-4x3-Big.jpg\" rel=\"fancybox\" title=\"Le congr\u00e8s de jeunesse du Sud Pacifique promeut le c\u00f4t\u00e9 pratique de la foi\"><img fetchpriority=\"high\" decoding=\"async\" aria-describedby=\"caption-attachment-6475\" class=\"size-full wp-image-6475 \" src=\"\/interamerica\/wp-content\/uploads\/2017\/06\/spd-youth-4x3-Big.jpg\" alt=\"\" width=\"590\" height=\"443\" \/><\/a><p id=\"caption-attachment-6475\" class=\"wp-caption-text\">Les participants au congr\u00e8s de jeunesse d\u00e9filent \u00e0 Brisbane le 3 janvier dans le cadre d\u2019un appel \u00e0 aider la lutte contre la faim dans le monde. Au cours du congr\u00e8s, les jeunes ont \u00e9galement collect\u00e9 des boites de nourriture en conserve dans le voisinage. Photo de Vanessa Pereira<\/p><\/div>\n<p>8 Janvier 2013, Brisbane, Queensland, Australie\u2026Nathan Brown\/SPD\/ANN<\/p>\n<p>Les jeunes venant de tout le Pacifique Sud ont re\u00e7u pour ordre de mission de partager leur foi et \u00e0 changer leur monde au cours d\u2019un congr\u00e8s de jeunesse qui s\u2019est tenu la semaine derni\u00e8re. Plus de 1100 jeunes ont r\u00e9pondu vendredi soir \u00e0 un appel les invitant \u00e0 s\u2019engager, \u00e0 se reconsacrer et \u00e0 recentrer leurs vies sur J\u00e9sus et Sa mission ; ce programme a \u00e9t\u00e9 suivi d\u2019une journ\u00e9e d\u2019adoration, de commissionnement et de c\u00e9l\u00e9bration.<\/p>\n<p>\u00ab Le commissionnement \u00e9tait un temps fort, engageant tous nos leaders et nos jeunes dans la mission de l\u2019\u00e9glise, une mission visant \u00e0 transformer le monde, \u00bb a d\u00e9clar\u00e9 Nick Kross, directeur des Minist\u00e8res de la Jeunesse pour l\u2019Eglise Adventiste du Septi\u00e8me jour dans la Division du Pacifique Sud. \u00ab Beaucoup de jeunes ont exprim\u00e9 leur gratitude et leur joie suite \u00e0 ce qu\u2019ils ont v\u00e9cu et int\u00e9gr\u00e9 ici \u2013 et cela a \u00e9t\u00e9 un sujet de joie pour nous en tant que leaders. \u00bb<\/p>\n<p>le congr\u00e8s de jeunesse, qui est organis\u00e9 tous les huit ans, a rassembl\u00e9 des jeunes et des leaders de 14 pays au Centre de Convention Watson Park du 1er au 6 janvier. Les d\u00e9l\u00e9gu\u00e9s ont ador\u00e9 ensemble, ont assist\u00e9 \u00e0 des ateliers et ont particip\u00e9 \u00e0 des activit\u00e9s de service.<\/p>\n<p>L\u2019intervenant principal du programme, Sam Leonor, aum\u00f4nier de La Sierra University aux Etats Unis, une institution \u00e9ducative de l\u2019Eglise Adventiste, a invit\u00e9 les participants au congr\u00e8s \u00e0 \u00eatre non seulement des disciples de J\u00e9sus mais \u00e0 \u00eatre aussi des ap\u00f4tres. \u00ab J\u2019esp\u00e8re que ces jeunes consid\u00e9reront leur contexte local comme un endroit o\u00f9 Dieu les a plac\u00e9s pour accomplir quelque chose de grand, \u00bb a t-il dit. \u00ab Mais j\u2019esp\u00e8re aussi qu\u2019ils r\u00e9aliseront que lorsque nous adorons ensemble et que nous agissons ensemble, nous pouvons changer le monde. \u00bb<\/p>\n<p>\u00ab Ce programme repr\u00e9sente une grande \u2018tranche\u2019 de l\u2019\u00e9glise, \u00bb a ajout\u00e9 Leonor. \u00ab Nous avons eu diff\u00e9rents types de personnes et de cultures repr\u00e9sent\u00e9s et je pense qu\u2019en cela, il y a quelque chose qui rel\u00e8ve de la saintet\u00e9. C\u2019est une bonne chose pour ces jeunes de regarder autour d\u2019eux et de voir vraiment ce qu\u2019est l\u2019\u00e9glise. Vivre ensemble pendant une semaine en tant qu\u2019\u00e9glise est forc\u00e9ment quelque chose qui vous responsabilise. \u00bb<\/p>\n<p>Les 1500 participants au congr\u00e8s ont \u00e0 nouveau travaill\u00e9 ensemble lors du dernier apr\u00e8s midi du congr\u00e8s \u2013 retranscrivant la Bible en entier \u00e0 la main en deux heures environ, les pages ainsi \u00e9crites devraient \u00eatre reli\u00e9es et constituer un m\u00e9morial du congr\u00e8s. \u00ab Les gens se sont vraiment investis et cela a \u00e9t\u00e9 une grande r\u00e9alisation de ce congr\u00e8s, \u00bb a dit Kross. \u00ab Nous avons mis l\u2019accent sur la parole de Dieu et cette activit\u00e9 a \u00e9t\u00e9 une fa\u00e7on de mettre cela en lumi\u00e8re et d\u2019impliquer tout le monde. \u00bb<\/p>\n<p>En plus du commissionnement, il a indiqu\u00e9 que la marche contre la faim a \u00e9t\u00e9 un autre temps fort. Suite \u00e0 un sermon bas\u00e9 sur Amos 5 : 24 pr\u00e9sent\u00e9 par Joanna Derby, cette op\u00e9ration a vu un flot de participants au congr\u00e8s, v\u00eatus de bleu, prendre d\u2019assaut le centre ville de Brisbane, d\u00e9filant depuis le Square du Roi George jusqu\u2019aux Jardins Botaniques de la Ville le 3 janvier dernier, et ce, afin d\u2019appeler \u00e0 davantage d\u2019action pour lutter contre la faim dans le monde.<\/p>\n<p>\u00ab C\u2019est significatif pour nous d\u2019avoir autant de jeunes qui prennent position sur un sujet qui va au del\u00e0 de leur propres personnes, \u00bb a dit Nick Kross. \u00ab Il s\u2019agit de penser comme un contributeur et comme un serviteur des autres, plut\u00f4t que comme un simple consommateur. \u00bb<\/p>\n<p>Les d\u00e9l\u00e9gu\u00e9s ont \u00e9galement eu un \u00ab d\u00e9jeuner du pauvre, \u00bb faisant l\u2019impasse sur leur repas habituel dans le but de s\u2019identifier avec ceux qui souffrent de la faim. Ils ont collect\u00e9 10000 dollars destin\u00e9s \u00e0 soutenir l\u2019action men\u00e9e par l\u2019Agence Adventiste d\u2019Aide et de D\u00e9veloppement (ADRA) dans sa lutte contre la faim. Ils ont remis un ch\u00e8que \u00e0 Jonathan Duffy, pr\u00e9sident d\u2019ADRA International, et aussi une p\u00e9tition en photos affirmant l\u2019action d\u2019ADRA.<\/p>\n<p>Des groupes de jeunes participant au congr\u00e8s ont \u00e9galement travaill\u00e9 dans les banlieues nord de Brisbane afin de collecter plus de 3500 boites de nourriture en conserve pour les actions d\u2019ADRA \u00e0 travers la ville. \u00ab C\u2019est un moment critique de l\u2019ann\u00e9e pour ces agences qui travaillent pour aider les individus et les familles en difficult\u00e9, \u00bb a d\u00e9clar\u00e9 Matthew Siliga, coordinateur des actions communautaires pour le congr\u00e8s.<\/p>\n<p>Escort\u00e9e par la police, la marche des participants au congr\u00e8s a arr\u00eat\u00e9 la circulation et initi\u00e9 de nombreuses conversations avec les passants sur l\u2019identit\u00e9 du groupe de ceux qui d\u00e9filaient et sur l\u2019action qu\u2019ils menaient.<\/p>\n<p>\u00ab A un moment, je me suis arr\u00eat\u00e9 et j\u2019ai jet\u00e9 un regard en arri\u00e8re sur les participants \u00e0 la marche, et en voyant la foule qui s\u2019\u00e9tirait sur pr\u00e8s d\u2019un kilom\u00e8tre avec tous ces jeunes et ces banderoles, j\u2019ai eu un sentiment de fiert\u00e9 dans nos jeunes et dans ce qu\u2019ils faisaient, \u00bb a dit Nick Kross.<\/p>\n<p>Traduction: Patrick Luciathe<\/p>\n","protected":false},"excerpt":{"rendered":"<p>Les jeunes venant de tout le Pacifique Sud ont re\u00e7u pour ordre de mission de partager leur foi et \u00e0 changer leur monde au cours d\u2019un congr\u00e8s de jeunesse qui s\u2019est tenu la semaine derni\u00e8re.<\/p>\n","protected":false},"author":1,"featured_media":20735,"comment_status":"closed","ping_status":"closed","sticky":false,"template":"","format":"standard","meta":{"_acf_changed":false,"footnotes":""},"categories":[18],"tags":[],"class_list":["post-31593","post","type-post","status-publish","format-standard","has-post-thumbnail","hentry","category-nouvelles-de-leglise-mondiale"],"acf":[],"yoast_head":"<!-- This site is optimized with the Yoast SEO plugin v27.3 - https:\/\/yoast.com\/product\/yoast-seo-wordpress\/ -->\n<title>Le congr\u00e8s de jeunesse du Sud Pacifique promeut le c\u00f4t\u00e9 pratique de la foi - \u00c9glise Adventiste Du Septieme Jour - Inter Am\u00e9rique Division<\/title>\n<meta name=\"robots\" content=\"index, follow, max-snippet:-1, max-image-preview:large, max-video-preview:-1\" \/>\n<link rel=\"canonical\" href=\"https:\/\/interamerica.org\/fr\/2013\/01\/le-congres-de-jeunesse-du-sud-pacifique-promeut-le-cote-pratique-de-la-foi\/\" \/>\n<meta property=\"og:locale\" content=\"fr_FR\" \/>\n<meta property=\"og:type\" content=\"article\" \/>\n<meta property=\"og:title\" content=\"Le congr\u00e8s de jeunesse du Sud Pacifique promeut le c\u00f4t\u00e9 pratique de la foi - \u00c9glise Adventiste Du Septieme Jour - Inter Am\u00e9rique Division\" \/>\n<meta property=\"og:description\" content=\"Les jeunes venant de tout le Pacifique Sud ont re\u00e7u pour ordre de mission de partager leur foi et \u00e0 changer leur monde au cours d\u2019un congr\u00e8s de jeunesse qui s\u2019est tenu la semaine derni\u00e8re.\" \/>\n<meta property=\"og:url\" content=\"https:\/\/interamerica.org\/fr\/2013\/01\/le-congres-de-jeunesse-du-sud-pacifique-promeut-le-cote-pratique-de-la-foi\/\" \/>\n<meta property=\"og:site_name\" content=\"\u00c9glise Adventiste Du Septieme Jour - Inter Am\u00e9rique Division\" \/>\n<meta property=\"article:published_time\" content=\"2013-01-09T04:00:00+00:00\" \/>\n<meta property=\"og:image\" content=\"https:\/\/interamerica.org\/wp-content\/uploads\/2017\/06\/spd-youth-4x3-small.jpg\" \/>\n\t<meta property=\"og:image:width\" content=\"315\" \/>\n\t<meta property=\"og:image:height\" content=\"237\" \/>\n\t<meta property=\"og:image:type\" content=\"image\/jpeg\" \/>\n<meta name=\"author\" content=\"Lorenzo Verduzco\" \/>\n<meta name=\"twitter:card\" content=\"summary_large_image\" \/>\n<meta name=\"twitter:label1\" content=\"\u00c9crit par\" \/>\n\t<meta name=\"twitter:data1\" content=\"Lorenzo Verduzco\" \/>\n\t<meta name=\"twitter:label2\" content=\"Dur\u00e9e de lecture estim\u00e9e\" \/>\n\t<meta name=\"twitter:data2\" content=\"5 minutes\" \/>\n<script type=\"application\/ld+json\" class=\"yoast-schema-graph\">{\"@context\":\"https:\\\/\\\/schema.org\",\"@graph\":[{\"@type\":\"Article\",\"@id\":\"https:\\\/\\\/interamerica.org\\\/fr\\\/2013\\\/01\\\/le-congres-de-jeunesse-du-sud-pacifique-promeut-le-cote-pratique-de-la-foi\\\/#article\",\"isPartOf\":{\"@id\":\"https:\\\/\\\/interamerica.org\\\/fr\\\/2013\\\/01\\\/le-congres-de-jeunesse-du-sud-pacifique-promeut-le-cote-pratique-de-la-foi\\\/\"},\"author\":{\"name\":\"Lorenzo Verduzco\",\"@id\":\"https:\\\/\\\/interamerica.org\\\/fr\\\/#\\\/schema\\\/person\\\/68ede8bdc292885bb76c1e3810e73c39\"},\"headline\":\"Le congr\u00e8s de jeunesse du Sud Pacifique promeut le c\u00f4t\u00e9 pratique de la foi\",\"datePublished\":\"2013-01-09T04:00:00+00:00\",\"mainEntityOfPage\":{\"@id\":\"https:\\\/\\\/interamerica.org\\\/fr\\\/2013\\\/01\\\/le-congres-de-jeunesse-du-sud-pacifique-promeut-le-cote-pratique-de-la-foi\\\/\"},\"wordCount\":980,\"image\":{\"@id\":\"https:\\\/\\\/interamerica.org\\\/fr\\\/2013\\\/01\\\/le-congres-de-jeunesse-du-sud-pacifique-promeut-le-cote-pratique-de-la-foi\\\/#primaryimage\"},\"thumbnailUrl\":\"https:\\\/\\\/interamerica.org\\\/wp-content\\\/uploads\\\/2017\\\/06\\\/spd-youth-4x3-small.jpg\",\"articleSection\":[\"Nouvelles de l'\u00c9glise mondiale\"],\"inLanguage\":\"fr-FR\"},{\"@type\":\"WebPage\",\"@id\":\"https:\\\/\\\/interamerica.org\\\/fr\\\/2013\\\/01\\\/le-congres-de-jeunesse-du-sud-pacifique-promeut-le-cote-pratique-de-la-foi\\\/\",\"url\":\"https:\\\/\\\/interamerica.org\\\/fr\\\/2013\\\/01\\\/le-congres-de-jeunesse-du-sud-pacifique-promeut-le-cote-pratique-de-la-foi\\\/\",\"name\":\"Le congr\u00e8s de jeunesse du Sud Pacifique promeut le c\u00f4t\u00e9 pratique de la foi - \u00c9glise Adventiste Du Septieme Jour - Inter Am\u00e9rique Division\",\"isPartOf\":{\"@id\":\"https:\\\/\\\/interamerica.org\\\/fr\\\/#website\"},\"primaryImageOfPage\":{\"@id\":\"https:\\\/\\\/interamerica.org\\\/fr\\\/2013\\\/01\\\/le-congres-de-jeunesse-du-sud-pacifique-promeut-le-cote-pratique-de-la-foi\\\/#primaryimage\"},\"image\":{\"@id\":\"https:\\\/\\\/interamerica.org\\\/fr\\\/2013\\\/01\\\/le-congres-de-jeunesse-du-sud-pacifique-promeut-le-cote-pratique-de-la-foi\\\/#primaryimage\"},\"thumbnailUrl\":\"https:\\\/\\\/interamerica.org\\\/wp-content\\\/uploads\\\/2017\\\/06\\\/spd-youth-4x3-small.jpg\",\"datePublished\":\"2013-01-09T04:00:00+00:00\",\"author\":{\"@id\":\"https:\\\/\\\/interamerica.org\\\/fr\\\/#\\\/schema\\\/person\\\/68ede8bdc292885bb76c1e3810e73c39\"},\"breadcrumb\":{\"@id\":\"https:\\\/\\\/interamerica.org\\\/fr\\\/2013\\\/01\\\/le-congres-de-jeunesse-du-sud-pacifique-promeut-le-cote-pratique-de-la-foi\\\/#breadcrumb\"},\"inLanguage\":\"fr-FR\",\"potentialAction\":[{\"@type\":\"ReadAction\",\"target\":[\"https:\\\/\\\/interamerica.org\\\/fr\\\/2013\\\/01\\\/le-congres-de-jeunesse-du-sud-pacifique-promeut-le-cote-pratique-de-la-foi\\\/\"]}]},{\"@type\":\"ImageObject\",\"inLanguage\":\"fr-FR\",\"@id\":\"https:\\\/\\\/interamerica.org\\\/fr\\\/2013\\\/01\\\/le-congres-de-jeunesse-du-sud-pacifique-promeut-le-cote-pratique-de-la-foi\\\/#primaryimage\",\"url\":\"https:\\\/\\\/interamerica.org\\\/wp-content\\\/uploads\\\/2017\\\/06\\\/spd-youth-4x3-small.jpg\",\"contentUrl\":\"https:\\\/\\\/interamerica.org\\\/wp-content\\\/uploads\\\/2017\\\/06\\\/spd-youth-4x3-small.jpg\",\"width\":315,\"height\":237},{\"@type\":\"BreadcrumbList\",\"@id\":\"https:\\\/\\\/interamerica.org\\\/fr\\\/2013\\\/01\\\/le-congres-de-jeunesse-du-sud-pacifique-promeut-le-cote-pratique-de-la-foi\\\/#breadcrumb\",\"itemListElement\":[{\"@type\":\"ListItem\",\"position\":1,\"name\":\"Home\",\"item\":\"https:\\\/\\\/interamerica.org\\\/fr\\\/\"},{\"@type\":\"ListItem\",\"position\":2,\"name\":\"Le congr\u00e8s de jeunesse du Sud Pacifique promeut le c\u00f4t\u00e9 pratique de la foi\"}]},{\"@type\":\"WebSite\",\"@id\":\"https:\\\/\\\/interamerica.org\\\/fr\\\/#website\",\"url\":\"https:\\\/\\\/interamerica.org\\\/fr\\\/\",\"name\":\"\u00c9glise Adventiste Du Septieme Jour - Inter Am\u00e9rique Division\",\"description\":\"\",\"potentialAction\":[{\"@type\":\"SearchAction\",\"target\":{\"@type\":\"EntryPoint\",\"urlTemplate\":\"https:\\\/\\\/interamerica.org\\\/fr\\\/?s={search_term_string}\"},\"query-input\":{\"@type\":\"PropertyValueSpecification\",\"valueRequired\":true,\"valueName\":\"search_term_string\"}}],\"inLanguage\":\"fr-FR\"},{\"@type\":\"Person\",\"@id\":\"https:\\\/\\\/interamerica.org\\\/fr\\\/#\\\/schema\\\/person\\\/68ede8bdc292885bb76c1e3810e73c39\",\"name\":\"Lorenzo Verduzco\",\"image\":{\"@type\":\"ImageObject\",\"inLanguage\":\"fr-FR\",\"@id\":\"https:\\\/\\\/secure.gravatar.com\\\/avatar\\\/fb81a55b6218459490a9c1dc841a34909185b81904c5337b4b27f7a6fd60c49e?s=96&d=mm&r=g\",\"url\":\"https:\\\/\\\/secure.gravatar.com\\\/avatar\\\/fb81a55b6218459490a9c1dc841a34909185b81904c5337b4b27f7a6fd60c49e?s=96&d=mm&r=g\",\"contentUrl\":\"https:\\\/\\\/secure.gravatar.com\\\/avatar\\\/fb81a55b6218459490a9c1dc841a34909185b81904c5337b4b27f7a6fd60c49e?s=96&d=mm&r=g\",\"caption\":\"Lorenzo Verduzco\"}}]}<\/script>\n<!-- \/ Yoast SEO plugin. -->","yoast_head_json":{"title":"Le congr\u00e8s de jeunesse du Sud Pacifique promeut le c\u00f4t\u00e9 pratique de la foi - \u00c9glise Adventiste Du Septieme Jour - Inter Am\u00e9rique Division","robots":{"index":"index","follow":"follow","max-snippet":"max-snippet:-1","max-image-preview":"max-image-preview:large","max-video-preview":"max-video-preview:-1"},"canonical":"https:\/\/interamerica.org\/fr\/2013\/01\/le-congres-de-jeunesse-du-sud-pacifique-promeut-le-cote-pratique-de-la-foi\/","og_locale":"fr_FR","og_type":"article","og_title":"Le congr\u00e8s de jeunesse du Sud Pacifique promeut le c\u00f4t\u00e9 pratique de la foi - \u00c9glise Adventiste Du Septieme Jour - Inter Am\u00e9rique Division","og_description":"Les jeunes venant de tout le Pacifique Sud ont re\u00e7u pour ordre de mission de partager leur foi et \u00e0 changer leur monde au cours d\u2019un congr\u00e8s de jeunesse qui s\u2019est tenu la semaine derni\u00e8re.","og_url":"https:\/\/interamerica.org\/fr\/2013\/01\/le-congres-de-jeunesse-du-sud-pacifique-promeut-le-cote-pratique-de-la-foi\/","og_site_name":"\u00c9glise Adventiste Du Septieme Jour - Inter Am\u00e9rique Division","article_published_time":"2013-01-09T04:00:00+00:00","og_image":[{"width":315,"height":237,"url":"https:\/\/interamerica.org\/wp-content\/uploads\/2017\/06\/spd-youth-4x3-small.jpg","type":"image\/jpeg"}],"author":"Lorenzo Verduzco","twitter_card":"summary_large_image","twitter_misc":{"\u00c9crit par":"Lorenzo Verduzco","Dur\u00e9e de lecture estim\u00e9e":"5 minutes"},"schema":{"@context":"https:\/\/schema.org","@graph":[{"@type":"Article","@id":"https:\/\/interamerica.org\/fr\/2013\/01\/le-congres-de-jeunesse-du-sud-pacifique-promeut-le-cote-pratique-de-la-foi\/#article","isPartOf":{"@id":"https:\/\/interamerica.org\/fr\/2013\/01\/le-congres-de-jeunesse-du-sud-pacifique-promeut-le-cote-pratique-de-la-foi\/"},"author":{"name":"Lorenzo Verduzco","@id":"https:\/\/interamerica.org\/fr\/#\/schema\/person\/68ede8bdc292885bb76c1e3810e73c39"},"headline":"Le congr\u00e8s de jeunesse du Sud Pacifique promeut le c\u00f4t\u00e9 pratique de la foi","datePublished":"2013-01-09T04:00:00+00:00","mainEntityOfPage":{"@id":"https:\/\/interamerica.org\/fr\/2013\/01\/le-congres-de-jeunesse-du-sud-pacifique-promeut-le-cote-pratique-de-la-foi\/"},"wordCount":980,"image":{"@id":"https:\/\/interamerica.org\/fr\/2013\/01\/le-congres-de-jeunesse-du-sud-pacifique-promeut-le-cote-pratique-de-la-foi\/#primaryimage"},"thumbnailUrl":"https:\/\/interamerica.org\/wp-content\/uploads\/2017\/06\/spd-youth-4x3-small.jpg","articleSection":["Nouvelles de l'\u00c9glise mondiale"],"inLanguage":"fr-FR"},{"@type":"WebPage","@id":"https:\/\/interamerica.org\/fr\/2013\/01\/le-congres-de-jeunesse-du-sud-pacifique-promeut-le-cote-pratique-de-la-foi\/","url":"https:\/\/interamerica.org\/fr\/2013\/01\/le-congres-de-jeunesse-du-sud-pacifique-promeut-le-cote-pratique-de-la-foi\/","name":"Le congr\u00e8s de jeunesse du Sud Pacifique promeut le c\u00f4t\u00e9 pratique de la foi - \u00c9glise Adventiste Du Septieme Jour - Inter Am\u00e9rique Division","isPartOf":{"@id":"https:\/\/interamerica.org\/fr\/#website"},"primaryImageOfPage":{"@id":"https:\/\/interamerica.org\/fr\/2013\/01\/le-congres-de-jeunesse-du-sud-pacifique-promeut-le-cote-pratique-de-la-foi\/#primaryimage"},"image":{"@id":"https:\/\/interamerica.org\/fr\/2013\/01\/le-congres-de-jeunesse-du-sud-pacifique-promeut-le-cote-pratique-de-la-foi\/#primaryimage"},"thumbnailUrl":"https:\/\/interamerica.org\/wp-content\/uploads\/2017\/06\/spd-youth-4x3-small.jpg","datePublished":"2013-01-09T04:00:00+00:00","author":{"@id":"https:\/\/interamerica.org\/fr\/#\/schema\/person\/68ede8bdc292885bb76c1e3810e73c39"},"breadcrumb":{"@id":"https:\/\/interamerica.org\/fr\/2013\/01\/le-congres-de-jeunesse-du-sud-pacifique-promeut-le-cote-pratique-de-la-foi\/#breadcrumb"},"inLanguage":"fr-FR","potentialAction":[{"@type":"ReadAction","target":["https:\/\/interamerica.org\/fr\/2013\/01\/le-congres-de-jeunesse-du-sud-pacifique-promeut-le-cote-pratique-de-la-foi\/"]}]},{"@type":"ImageObject","inLanguage":"fr-FR","@id":"https:\/\/interamerica.org\/fr\/2013\/01\/le-congres-de-jeunesse-du-sud-pacifique-promeut-le-cote-pratique-de-la-foi\/#primaryimage","url":"https:\/\/interamerica.org\/wp-content\/uploads\/2017\/06\/spd-youth-4x3-small.jpg","contentUrl":"https:\/\/interamerica.org\/wp-content\/uploads\/2017\/06\/spd-youth-4x3-small.jpg","width":315,"height":237},{"@type":"BreadcrumbList","@id":"https:\/\/interamerica.org\/fr\/2013\/01\/le-congres-de-jeunesse-du-sud-pacifique-promeut-le-cote-pratique-de-la-foi\/#breadcrumb","itemListElement":[{"@type":"ListItem","position":1,"name":"Home","item":"https:\/\/interamerica.org\/fr\/"},{"@type":"ListItem","position":2,"name":"Le congr\u00e8s de jeunesse du Sud Pacifique promeut le c\u00f4t\u00e9 pratique de la foi"}]},{"@type":"WebSite","@id":"https:\/\/interamerica.org\/fr\/#website","url":"https:\/\/interamerica.org\/fr\/","name":"\u00c9glise Adventiste Du Septieme Jour - Inter Am\u00e9rique Division","description":"","potentialAction":[{"@type":"SearchAction","target":{"@type":"EntryPoint","urlTemplate":"https:\/\/interamerica.org\/fr\/?s={search_term_string}"},"query-input":{"@type":"PropertyValueSpecification","valueRequired":true,"valueName":"search_term_string"}}],"inLanguage":"fr-FR"},{"@type":"Person","@id":"https:\/\/interamerica.org\/fr\/#\/schema\/person\/68ede8bdc292885bb76c1e3810e73c39","name":"Lorenzo Verduzco","image":{"@type":"ImageObject","inLanguage":"fr-FR","@id":"https:\/\/secure.gravatar.com\/avatar\/fb81a55b6218459490a9c1dc841a34909185b81904c5337b4b27f7a6fd60c49e?s=96&d=mm&r=g","url":"https:\/\/secure.gravatar.com\/avatar\/fb81a55b6218459490a9c1dc841a34909185b81904c5337b4b27f7a6fd60c49e?s=96&d=mm&r=g","contentUrl":"https:\/\/secure.gravatar.com\/avatar\/fb81a55b6218459490a9c1dc841a34909185b81904c5337b4b27f7a6fd60c49e?s=96&d=mm&r=g","caption":"Lorenzo Verduzco"}}]}},"_links":{"self":[{"href":"https:\/\/interamerica.org\/fr\/wp-json\/wp\/v2\/posts\/31593","targetHints":{"allow":["GET"]}}],"collection":[{"href":"https:\/\/interamerica.org\/fr\/wp-json\/wp\/v2\/posts"}],"about":[{"href":"https:\/\/interamerica.org\/fr\/wp-json\/wp\/v2\/types\/post"}],"author":[{"embeddable":true,"href":"https:\/\/interamerica.org\/fr\/wp-json\/wp\/v2\/users\/1"}],"replies":[{"embeddable":true,"href":"https:\/\/interamerica.org\/fr\/wp-json\/wp\/v2\/comments?post=31593"}],"version-history":[{"count":0,"href":"https:\/\/interamerica.org\/fr\/wp-json\/wp\/v2\/posts\/31593\/revisions"}],"wp:featuredmedia":[{"embeddable":true,"href":"https:\/\/interamerica.org\/fr\/wp-json\/wp\/v2\/media\/20735"}],"wp:attachment":[{"href":"https:\/\/interamerica.org\/fr\/wp-json\/wp\/v2\/media?parent=31593"}],"wp:term":[{"taxonomy":"category","embeddable":true,"href":"https:\/\/interamerica.org\/fr\/wp-json\/wp\/v2\/categories?post=31593"},{"taxonomy":"post_tag","embeddable":true,"href":"https:\/\/interamerica.org\/fr\/wp-json\/wp\/v2\/tags?post=31593"}],"curies":[{"name":"wp","href":"https:\/\/api.w.org\/{rel}","templated":true}]}}