{"id":31595,"date":"2013-01-19T00:00:00","date_gmt":"2013-01-19T04:00:00","guid":{"rendered":"http:\/\/192.81.217.108\/interamerica\/2013\/01\/le-comite-sur-la-theologie-de-lordination-acheve-sa-premiere-session\/"},"modified":"2013-01-19T00:00:00","modified_gmt":"2013-01-19T04:00:00","slug":"le-comite-sur-la-theologie-de-lordination-acheve-sa-premiere-session","status":"publish","type":"post","link":"https:\/\/interamerica.org\/fr\/2013\/01\/le-comite-sur-la-theologie-de-lordination-acheve-sa-premiere-session\/","title":{"rendered":"Le Comit\u00e9 sur la Th\u00e9ologie de l\u2019Ordination ach\u00e8ve sa premi\u00e8re session"},"content":{"rendered":"<p>18 janvier 2013 Silver Spring, Maryland, Etats Unis\u2026Adventist Review<\/p>\n<p>Les membres du Comit\u00e9 d\u2019Etude sur la Th\u00e9ologie de l\u2019Ordination (TOSC) ont achev\u00e9 leur premi\u00e8re session&#8211; qui s\u2019est tenue du 15 au 17 janvier 2013 dans un lieu proche du si\u00e8ge mondial de l\u2019\u00e9glise \u00e0 Silver Spring dans le Maryland aux Etats Unis\u2014sur une note optimiste.<\/p>\n<p>\u00ab Nous avons vraiment l\u2019espoir que l\u2019\u00e9glise pourra trouver un moyen de r\u00e9soudre les diff\u00e9rences que nous avons sur la question de l\u2019ordination, \u00bb a d\u00e9clar\u00e9 suite \u00e0 la session Artur Stele, pr\u00e9sident du comit\u00e9 et directeur de l\u2019Institut de Recherche Biblique de la Conf\u00e9rence G\u00e9n\u00e9rale, \u00e0 des leaders de l\u2019\u00e9glise venant du monde entier, par le biais d\u2019une conf\u00e9rence t\u00e9l\u00e9phonique. \u00ab Nous avons termin\u00e9 la rencontre avec un fort sentiment d\u2019optimisme et confiants dans le fait que Dieu nous guide. Nous avons de nombreuses raisons de remercier le Seigneur. \u00bb<\/p>\n<div id=\"attachment_6521\" style=\"width: 325px\" class=\"wp-caption alignleft\"><a href=\"\/interamerica\/wp-content\/uploads\/2017\/06\/ordination-1-3x2-315x210.jpg\" rel=\"fancybox\" title=\"Le Comit\u00e9 sur la Th\u00e9ologie de l\u2019Ordination ach\u00e8ve sa premi\u00e8re session\"><img fetchpriority=\"high\" decoding=\"async\" aria-describedby=\"caption-attachment-6521\" class=\"size-full wp-image-6521\" src=\"\/interamerica\/wp-content\/uploads\/2017\/06\/ordination-1-3x2-315x210.jpg\" alt=\"\" width=\"315\" height=\"210\" \/><\/a><p id=\"caption-attachment-6521\" class=\"wp-caption-text\">Des recherches faites sur divers aspects de la cons\u00e9cration ont \u00e9t\u00e9 pr\u00e9sent\u00e9es au comit\u00e9 de 106 personnes. Photos de Michael Porter.<\/p><\/div>\n<p>Le Comit\u00e9 Administratif de la Conf\u00e9rence G\u00e9n\u00e9rale a organis\u00e9 le TOSC en octobre 2012 afin qu\u2019il \u00e9tudie le concept de l\u2019ordination d\u2019un point de vue biblique et d\u00e9termine si l\u2019ordination \u00e9tait pr\u00e9vue pour seulement l\u2019un des deux sexes. Le comit\u00e9 d\u2019\u00e9tude est compos\u00e9 de 106 membres parmi lesquels des th\u00e9ologiens, des la\u00efcs, des pasteurs et des \u00e9tudiants de la Bible venant des 13 divisions mondiales de l\u2019\u00e9glise. La Conf\u00e9rence G\u00e9n\u00e9rale a d\u00e9sign\u00e9 Artur Stele comme pr\u00e9sident, Geoffrey Mbwana comme vice-pr\u00e9sident et Karen Porter comme secr\u00e9taire. 25 pourcent des membres environ sont des femmes.<\/p>\n<p>Kendra Haloviak-Valentine, professeur de religion \u00e0 La Sierra Unversity, Mark Finley, assistant aupr\u00e8s du pr\u00e9sident de la Conf\u00e9rence G\u00e9n\u00e9rale, et Joel Musvosvi, pr\u00e9sident nouvellement nomm\u00e9 de l\u2019Universit\u00e9 de Solusi ont pr\u00e9sent\u00e9 les m\u00e9ditations quotidiennes. Des moments de pri\u00e8re au cours desquels ont \u00e9t\u00e9 invoqu\u00e9es la pr\u00e9sence et la direction du St Esprit ont pr\u00e9c\u00e9d\u00e9 la pr\u00e9sentation d\u2019expos\u00e9s faits par des personnes d\u00e9sign\u00e9es pour \u00e9tudier divers aspects de l\u2019ordination. Ces expos\u00e9s comprenaient des sujets portant sur la mani\u00e8re de g\u00e9rer les probl\u00e8mes doctrinaux dans l\u2019\u00e9glise, l\u2019histoire de l\u2019ordination et l\u2019herm\u00e9neutique.<\/p>\n<p>Apr\u00e8s chaque expos\u00e9, du temps \u00e9tait accord\u00e9 pour discuter du sujet pr\u00e9sent\u00e9 avec l\u2019ensemble du comit\u00e9. Le deuxi\u00e8me jour, de plus petits groupes se sont r\u00e9unis pour la r\u00e9flexion et pour faire des suggestions et des recommandations \u00e0 propos des expos\u00e9s. En se basant sur les suggestions et recommandations des groupes de travail, les intervenants peaufineront leurs expos\u00e9s et des copies d\u2019une deuxi\u00e8me esquisse seront envoy\u00e9s aux Comit\u00e9s de Recherche Biblique des divisions et aux membres du TOSC pour consid\u00e9ration avant la prochaine rencontre.<\/p>\n<div id=\"attachment_6522\" style=\"width: 325px\" class=\"wp-caption alignright\"><a href=\"\/interamerica\/wp-content\/uploads\/2017\/06\/ordain_2-315x238.jpg\" rel=\"fancybox\" title=\"Le Comit\u00e9 sur la Th\u00e9ologie de l\u2019Ordination ach\u00e8ve sa premi\u00e8re session\"><img decoding=\"async\" aria-describedby=\"caption-attachment-6522\" class=\"size-full wp-image-6522\" src=\"\/interamerica\/wp-content\/uploads\/2017\/06\/ordain_2-315x238.jpg\" alt=\"\" width=\"315\" height=\"238\" \/><\/a><p id=\"caption-attachment-6522\" class=\"wp-caption-text\">Les membres du comit\u00e9 ont pass\u00e9 beaucoup de temps \u00e0 rechercher la pr\u00e9sence et la direction de Dieu tout au long des trois jours de session.<\/p><\/div>\n<p>Des divergences d\u2019opinion ont \u00e9t\u00e9 exprim\u00e9es de mani\u00e8re anim\u00e9e lors du deuxi\u00e8me apr\u00e8s midi a indiqu\u00e9 un membre lors d\u2019une interview, \u00ab mais pasteur Stele a interrompu et a dit, \u2018prions\u2019 et l\u2019ambiance a chang\u00e9 totalement. Il y avait un esprit Chr\u00e9tien chaleureux, et nous nous sommes sentis libre de partager nos opinions ouvertement. \u00bb<\/p>\n<p>Un courrier adress\u00e9 au Comit\u00e9 Ex\u00e9cutif de la Conf\u00e9rence G\u00e9n\u00e9rale par le pr\u00e9sident, le vice-pr\u00e9sident et la secr\u00e9taire du TOSC r\u00e9sumait en partie la session en ces termes ; \u00ab les membres du comit\u00e9 ne pouvaient s\u2019emp\u00eacher d\u2019exprimer leur gratitude envers Dieu pour la douce atmosph\u00e8re qui a pr\u00e9valu pendant ces rencontres. Continuez s\u2019il vous plait de prier pour le Comit\u00e9 alors qu\u2019il travaille sous la direction du Saint Esprit dans le cadre de cette \u00e9tude. \u00bb<\/p>\n<p>La deuxi\u00e8me des quatre sessions pr\u00e9vues se tiendra en juillet 2013 dans le Maryland.<\/p>\n<p>Traduction: Patrick Luciathe<\/p>\n","protected":false},"excerpt":{"rendered":"<p>Les membres du Comit\u00e9 d\u2019Etude sur la Th\u00e9ologie de l\u2019Ordination (TOSC) ont achev\u00e9 leur premi\u00e8re session&#8211; qui s\u2019est tenue du 15 au 17 janvier 2013 dans un lieu proche du si\u00e8ge mondial de l\u2019\u00e9glise \u00e0 Silver Spring dans le Maryland aux Etats Unis\u2014sur une note optimiste.<\/p>\n","protected":false},"author":1,"featured_media":20752,"comment_status":"closed","ping_status":"closed","sticky":false,"template":"","format":"standard","meta":{"_acf_changed":false,"footnotes":""},"categories":[18],"tags":[],"class_list":["post-31595","post","type-post","status-publish","format-standard","has-post-thumbnail","hentry","category-nouvelles-de-leglise-mondiale"],"acf":[],"yoast_head":"<!-- This site is optimized with the Yoast SEO plugin v27.3 - https:\/\/yoast.com\/product\/yoast-seo-wordpress\/ -->\n<title>Le Comit\u00e9 sur la Th\u00e9ologie de l\u2019Ordination ach\u00e8ve sa premi\u00e8re session - \u00c9glise Adventiste Du Septieme Jour - Inter Am\u00e9rique Division<\/title>\n<meta name=\"robots\" content=\"index, follow, max-snippet:-1, max-image-preview:large, max-video-preview:-1\" \/>\n<link rel=\"canonical\" href=\"https:\/\/interamerica.org\/fr\/2013\/01\/le-comite-sur-la-theologie-de-lordination-acheve-sa-premiere-session\/\" \/>\n<meta property=\"og:locale\" content=\"fr_FR\" \/>\n<meta property=\"og:type\" content=\"article\" \/>\n<meta property=\"og:title\" content=\"Le Comit\u00e9 sur la Th\u00e9ologie de l\u2019Ordination ach\u00e8ve sa premi\u00e8re session - \u00c9glise Adventiste Du Septieme Jour - Inter Am\u00e9rique Division\" \/>\n<meta property=\"og:description\" content=\"Les membres du Comit\u00e9 d\u2019Etude sur la Th\u00e9ologie de l\u2019Ordination (TOSC) ont achev\u00e9 leur premi\u00e8re session-- qui s\u2019est tenue du 15 au 17 janvier 2013 dans un lieu proche du si\u00e8ge mondial de l\u2019\u00e9glise \u00e0 Silver Spring dans le Maryland aux Etats Unis\u2014sur une note optimiste.\" \/>\n<meta property=\"og:url\" content=\"https:\/\/interamerica.org\/fr\/2013\/01\/le-comite-sur-la-theologie-de-lordination-acheve-sa-premiere-session\/\" \/>\n<meta property=\"og:site_name\" content=\"\u00c9glise Adventiste Du Septieme Jour - Inter Am\u00e9rique Division\" \/>\n<meta property=\"article:published_time\" content=\"2013-01-19T04:00:00+00:00\" \/>\n<meta property=\"og:image\" content=\"https:\/\/interamerica.org\/wp-content\/uploads\/2017\/06\/ordination-1-3x2-315x210.jpg\" \/>\n\t<meta property=\"og:image:width\" content=\"315\" \/>\n\t<meta property=\"og:image:height\" content=\"210\" \/>\n\t<meta property=\"og:image:type\" content=\"image\/jpeg\" \/>\n<meta name=\"author\" content=\"Lorenzo Verduzco\" \/>\n<meta name=\"twitter:card\" content=\"summary_large_image\" \/>\n<meta name=\"twitter:label1\" content=\"\u00c9crit par\" \/>\n\t<meta name=\"twitter:data1\" content=\"Lorenzo Verduzco\" \/>\n\t<meta name=\"twitter:label2\" content=\"Dur\u00e9e de lecture estim\u00e9e\" \/>\n\t<meta name=\"twitter:data2\" content=\"4 minutes\" \/>\n<script type=\"application\/ld+json\" class=\"yoast-schema-graph\">{\"@context\":\"https:\\\/\\\/schema.org\",\"@graph\":[{\"@type\":\"Article\",\"@id\":\"https:\\\/\\\/interamerica.org\\\/fr\\\/2013\\\/01\\\/le-comite-sur-la-theologie-de-lordination-acheve-sa-premiere-session\\\/#article\",\"isPartOf\":{\"@id\":\"https:\\\/\\\/interamerica.org\\\/fr\\\/2013\\\/01\\\/le-comite-sur-la-theologie-de-lordination-acheve-sa-premiere-session\\\/\"},\"author\":{\"name\":\"Lorenzo Verduzco\",\"@id\":\"https:\\\/\\\/interamerica.org\\\/fr\\\/#\\\/schema\\\/person\\\/68ede8bdc292885bb76c1e3810e73c39\"},\"headline\":\"Le Comit\u00e9 sur la Th\u00e9ologie de l\u2019Ordination ach\u00e8ve sa premi\u00e8re session\",\"datePublished\":\"2013-01-19T04:00:00+00:00\",\"mainEntityOfPage\":{\"@id\":\"https:\\\/\\\/interamerica.org\\\/fr\\\/2013\\\/01\\\/le-comite-sur-la-theologie-de-lordination-acheve-sa-premiere-session\\\/\"},\"wordCount\":730,\"image\":{\"@id\":\"https:\\\/\\\/interamerica.org\\\/fr\\\/2013\\\/01\\\/le-comite-sur-la-theologie-de-lordination-acheve-sa-premiere-session\\\/#primaryimage\"},\"thumbnailUrl\":\"https:\\\/\\\/interamerica.org\\\/wp-content\\\/uploads\\\/2017\\\/06\\\/ordination-1-3x2-315x210.jpg\",\"articleSection\":[\"Nouvelles de l'\u00c9glise mondiale\"],\"inLanguage\":\"fr-FR\"},{\"@type\":\"WebPage\",\"@id\":\"https:\\\/\\\/interamerica.org\\\/fr\\\/2013\\\/01\\\/le-comite-sur-la-theologie-de-lordination-acheve-sa-premiere-session\\\/\",\"url\":\"https:\\\/\\\/interamerica.org\\\/fr\\\/2013\\\/01\\\/le-comite-sur-la-theologie-de-lordination-acheve-sa-premiere-session\\\/\",\"name\":\"Le Comit\u00e9 sur la Th\u00e9ologie de l\u2019Ordination ach\u00e8ve sa premi\u00e8re session - \u00c9glise Adventiste Du Septieme Jour - Inter Am\u00e9rique Division\",\"isPartOf\":{\"@id\":\"https:\\\/\\\/interamerica.org\\\/fr\\\/#website\"},\"primaryImageOfPage\":{\"@id\":\"https:\\\/\\\/interamerica.org\\\/fr\\\/2013\\\/01\\\/le-comite-sur-la-theologie-de-lordination-acheve-sa-premiere-session\\\/#primaryimage\"},\"image\":{\"@id\":\"https:\\\/\\\/interamerica.org\\\/fr\\\/2013\\\/01\\\/le-comite-sur-la-theologie-de-lordination-acheve-sa-premiere-session\\\/#primaryimage\"},\"thumbnailUrl\":\"https:\\\/\\\/interamerica.org\\\/wp-content\\\/uploads\\\/2017\\\/06\\\/ordination-1-3x2-315x210.jpg\",\"datePublished\":\"2013-01-19T04:00:00+00:00\",\"author\":{\"@id\":\"https:\\\/\\\/interamerica.org\\\/fr\\\/#\\\/schema\\\/person\\\/68ede8bdc292885bb76c1e3810e73c39\"},\"breadcrumb\":{\"@id\":\"https:\\\/\\\/interamerica.org\\\/fr\\\/2013\\\/01\\\/le-comite-sur-la-theologie-de-lordination-acheve-sa-premiere-session\\\/#breadcrumb\"},\"inLanguage\":\"fr-FR\",\"potentialAction\":[{\"@type\":\"ReadAction\",\"target\":[\"https:\\\/\\\/interamerica.org\\\/fr\\\/2013\\\/01\\\/le-comite-sur-la-theologie-de-lordination-acheve-sa-premiere-session\\\/\"]}]},{\"@type\":\"ImageObject\",\"inLanguage\":\"fr-FR\",\"@id\":\"https:\\\/\\\/interamerica.org\\\/fr\\\/2013\\\/01\\\/le-comite-sur-la-theologie-de-lordination-acheve-sa-premiere-session\\\/#primaryimage\",\"url\":\"https:\\\/\\\/interamerica.org\\\/wp-content\\\/uploads\\\/2017\\\/06\\\/ordination-1-3x2-315x210.jpg\",\"contentUrl\":\"https:\\\/\\\/interamerica.org\\\/wp-content\\\/uploads\\\/2017\\\/06\\\/ordination-1-3x2-315x210.jpg\",\"width\":315,\"height\":210},{\"@type\":\"BreadcrumbList\",\"@id\":\"https:\\\/\\\/interamerica.org\\\/fr\\\/2013\\\/01\\\/le-comite-sur-la-theologie-de-lordination-acheve-sa-premiere-session\\\/#breadcrumb\",\"itemListElement\":[{\"@type\":\"ListItem\",\"position\":1,\"name\":\"Home\",\"item\":\"https:\\\/\\\/interamerica.org\\\/fr\\\/\"},{\"@type\":\"ListItem\",\"position\":2,\"name\":\"Le Comit\u00e9 sur la Th\u00e9ologie de l\u2019Ordination ach\u00e8ve sa premi\u00e8re session\"}]},{\"@type\":\"WebSite\",\"@id\":\"https:\\\/\\\/interamerica.org\\\/fr\\\/#website\",\"url\":\"https:\\\/\\\/interamerica.org\\\/fr\\\/\",\"name\":\"\u00c9glise Adventiste Du Septieme Jour - Inter Am\u00e9rique Division\",\"description\":\"\",\"potentialAction\":[{\"@type\":\"SearchAction\",\"target\":{\"@type\":\"EntryPoint\",\"urlTemplate\":\"https:\\\/\\\/interamerica.org\\\/fr\\\/?s={search_term_string}\"},\"query-input\":{\"@type\":\"PropertyValueSpecification\",\"valueRequired\":true,\"valueName\":\"search_term_string\"}}],\"inLanguage\":\"fr-FR\"},{\"@type\":\"Person\",\"@id\":\"https:\\\/\\\/interamerica.org\\\/fr\\\/#\\\/schema\\\/person\\\/68ede8bdc292885bb76c1e3810e73c39\",\"name\":\"Lorenzo Verduzco\",\"image\":{\"@type\":\"ImageObject\",\"inLanguage\":\"fr-FR\",\"@id\":\"https:\\\/\\\/secure.gravatar.com\\\/avatar\\\/fb81a55b6218459490a9c1dc841a34909185b81904c5337b4b27f7a6fd60c49e?s=96&d=mm&r=g\",\"url\":\"https:\\\/\\\/secure.gravatar.com\\\/avatar\\\/fb81a55b6218459490a9c1dc841a34909185b81904c5337b4b27f7a6fd60c49e?s=96&d=mm&r=g\",\"contentUrl\":\"https:\\\/\\\/secure.gravatar.com\\\/avatar\\\/fb81a55b6218459490a9c1dc841a34909185b81904c5337b4b27f7a6fd60c49e?s=96&d=mm&r=g\",\"caption\":\"Lorenzo Verduzco\"}}]}<\/script>\n<!-- \/ Yoast SEO plugin. -->","yoast_head_json":{"title":"Le Comit\u00e9 sur la Th\u00e9ologie de l\u2019Ordination ach\u00e8ve sa premi\u00e8re session - \u00c9glise Adventiste Du Septieme Jour - Inter Am\u00e9rique Division","robots":{"index":"index","follow":"follow","max-snippet":"max-snippet:-1","max-image-preview":"max-image-preview:large","max-video-preview":"max-video-preview:-1"},"canonical":"https:\/\/interamerica.org\/fr\/2013\/01\/le-comite-sur-la-theologie-de-lordination-acheve-sa-premiere-session\/","og_locale":"fr_FR","og_type":"article","og_title":"Le Comit\u00e9 sur la Th\u00e9ologie de l\u2019Ordination ach\u00e8ve sa premi\u00e8re session - \u00c9glise Adventiste Du Septieme Jour - Inter Am\u00e9rique Division","og_description":"Les membres du Comit\u00e9 d\u2019Etude sur la Th\u00e9ologie de l\u2019Ordination (TOSC) ont achev\u00e9 leur premi\u00e8re session-- qui s\u2019est tenue du 15 au 17 janvier 2013 dans un lieu proche du si\u00e8ge mondial de l\u2019\u00e9glise \u00e0 Silver Spring dans le Maryland aux Etats Unis\u2014sur une note optimiste.","og_url":"https:\/\/interamerica.org\/fr\/2013\/01\/le-comite-sur-la-theologie-de-lordination-acheve-sa-premiere-session\/","og_site_name":"\u00c9glise Adventiste Du Septieme Jour - Inter Am\u00e9rique Division","article_published_time":"2013-01-19T04:00:00+00:00","og_image":[{"width":315,"height":210,"url":"https:\/\/interamerica.org\/wp-content\/uploads\/2017\/06\/ordination-1-3x2-315x210.jpg","type":"image\/jpeg"}],"author":"Lorenzo Verduzco","twitter_card":"summary_large_image","twitter_misc":{"\u00c9crit par":"Lorenzo Verduzco","Dur\u00e9e de lecture estim\u00e9e":"4 minutes"},"schema":{"@context":"https:\/\/schema.org","@graph":[{"@type":"Article","@id":"https:\/\/interamerica.org\/fr\/2013\/01\/le-comite-sur-la-theologie-de-lordination-acheve-sa-premiere-session\/#article","isPartOf":{"@id":"https:\/\/interamerica.org\/fr\/2013\/01\/le-comite-sur-la-theologie-de-lordination-acheve-sa-premiere-session\/"},"author":{"name":"Lorenzo Verduzco","@id":"https:\/\/interamerica.org\/fr\/#\/schema\/person\/68ede8bdc292885bb76c1e3810e73c39"},"headline":"Le Comit\u00e9 sur la Th\u00e9ologie de l\u2019Ordination ach\u00e8ve sa premi\u00e8re session","datePublished":"2013-01-19T04:00:00+00:00","mainEntityOfPage":{"@id":"https:\/\/interamerica.org\/fr\/2013\/01\/le-comite-sur-la-theologie-de-lordination-acheve-sa-premiere-session\/"},"wordCount":730,"image":{"@id":"https:\/\/interamerica.org\/fr\/2013\/01\/le-comite-sur-la-theologie-de-lordination-acheve-sa-premiere-session\/#primaryimage"},"thumbnailUrl":"https:\/\/interamerica.org\/wp-content\/uploads\/2017\/06\/ordination-1-3x2-315x210.jpg","articleSection":["Nouvelles de l'\u00c9glise mondiale"],"inLanguage":"fr-FR"},{"@type":"WebPage","@id":"https:\/\/interamerica.org\/fr\/2013\/01\/le-comite-sur-la-theologie-de-lordination-acheve-sa-premiere-session\/","url":"https:\/\/interamerica.org\/fr\/2013\/01\/le-comite-sur-la-theologie-de-lordination-acheve-sa-premiere-session\/","name":"Le Comit\u00e9 sur la Th\u00e9ologie de l\u2019Ordination ach\u00e8ve sa premi\u00e8re session - \u00c9glise Adventiste Du Septieme Jour - Inter Am\u00e9rique Division","isPartOf":{"@id":"https:\/\/interamerica.org\/fr\/#website"},"primaryImageOfPage":{"@id":"https:\/\/interamerica.org\/fr\/2013\/01\/le-comite-sur-la-theologie-de-lordination-acheve-sa-premiere-session\/#primaryimage"},"image":{"@id":"https:\/\/interamerica.org\/fr\/2013\/01\/le-comite-sur-la-theologie-de-lordination-acheve-sa-premiere-session\/#primaryimage"},"thumbnailUrl":"https:\/\/interamerica.org\/wp-content\/uploads\/2017\/06\/ordination-1-3x2-315x210.jpg","datePublished":"2013-01-19T04:00:00+00:00","author":{"@id":"https:\/\/interamerica.org\/fr\/#\/schema\/person\/68ede8bdc292885bb76c1e3810e73c39"},"breadcrumb":{"@id":"https:\/\/interamerica.org\/fr\/2013\/01\/le-comite-sur-la-theologie-de-lordination-acheve-sa-premiere-session\/#breadcrumb"},"inLanguage":"fr-FR","potentialAction":[{"@type":"ReadAction","target":["https:\/\/interamerica.org\/fr\/2013\/01\/le-comite-sur-la-theologie-de-lordination-acheve-sa-premiere-session\/"]}]},{"@type":"ImageObject","inLanguage":"fr-FR","@id":"https:\/\/interamerica.org\/fr\/2013\/01\/le-comite-sur-la-theologie-de-lordination-acheve-sa-premiere-session\/#primaryimage","url":"https:\/\/interamerica.org\/wp-content\/uploads\/2017\/06\/ordination-1-3x2-315x210.jpg","contentUrl":"https:\/\/interamerica.org\/wp-content\/uploads\/2017\/06\/ordination-1-3x2-315x210.jpg","width":315,"height":210},{"@type":"BreadcrumbList","@id":"https:\/\/interamerica.org\/fr\/2013\/01\/le-comite-sur-la-theologie-de-lordination-acheve-sa-premiere-session\/#breadcrumb","itemListElement":[{"@type":"ListItem","position":1,"name":"Home","item":"https:\/\/interamerica.org\/fr\/"},{"@type":"ListItem","position":2,"name":"Le Comit\u00e9 sur la Th\u00e9ologie de l\u2019Ordination ach\u00e8ve sa premi\u00e8re session"}]},{"@type":"WebSite","@id":"https:\/\/interamerica.org\/fr\/#website","url":"https:\/\/interamerica.org\/fr\/","name":"\u00c9glise Adventiste Du Septieme Jour - Inter Am\u00e9rique Division","description":"","potentialAction":[{"@type":"SearchAction","target":{"@type":"EntryPoint","urlTemplate":"https:\/\/interamerica.org\/fr\/?s={search_term_string}"},"query-input":{"@type":"PropertyValueSpecification","valueRequired":true,"valueName":"search_term_string"}}],"inLanguage":"fr-FR"},{"@type":"Person","@id":"https:\/\/interamerica.org\/fr\/#\/schema\/person\/68ede8bdc292885bb76c1e3810e73c39","name":"Lorenzo Verduzco","image":{"@type":"ImageObject","inLanguage":"fr-FR","@id":"https:\/\/secure.gravatar.com\/avatar\/fb81a55b6218459490a9c1dc841a34909185b81904c5337b4b27f7a6fd60c49e?s=96&d=mm&r=g","url":"https:\/\/secure.gravatar.com\/avatar\/fb81a55b6218459490a9c1dc841a34909185b81904c5337b4b27f7a6fd60c49e?s=96&d=mm&r=g","contentUrl":"https:\/\/secure.gravatar.com\/avatar\/fb81a55b6218459490a9c1dc841a34909185b81904c5337b4b27f7a6fd60c49e?s=96&d=mm&r=g","caption":"Lorenzo Verduzco"}}]}},"_links":{"self":[{"href":"https:\/\/interamerica.org\/fr\/wp-json\/wp\/v2\/posts\/31595","targetHints":{"allow":["GET"]}}],"collection":[{"href":"https:\/\/interamerica.org\/fr\/wp-json\/wp\/v2\/posts"}],"about":[{"href":"https:\/\/interamerica.org\/fr\/wp-json\/wp\/v2\/types\/post"}],"author":[{"embeddable":true,"href":"https:\/\/interamerica.org\/fr\/wp-json\/wp\/v2\/users\/1"}],"replies":[{"embeddable":true,"href":"https:\/\/interamerica.org\/fr\/wp-json\/wp\/v2\/comments?post=31595"}],"version-history":[{"count":0,"href":"https:\/\/interamerica.org\/fr\/wp-json\/wp\/v2\/posts\/31595\/revisions"}],"wp:featuredmedia":[{"embeddable":true,"href":"https:\/\/interamerica.org\/fr\/wp-json\/wp\/v2\/media\/20752"}],"wp:attachment":[{"href":"https:\/\/interamerica.org\/fr\/wp-json\/wp\/v2\/media?parent=31595"}],"wp:term":[{"taxonomy":"category","embeddable":true,"href":"https:\/\/interamerica.org\/fr\/wp-json\/wp\/v2\/categories?post=31595"},{"taxonomy":"post_tag","embeddable":true,"href":"https:\/\/interamerica.org\/fr\/wp-json\/wp\/v2\/tags?post=31595"}],"curies":[{"name":"wp","href":"https:\/\/api.w.org\/{rel}","templated":true}]}}