{"id":31601,"date":"2013-01-29T00:00:00","date_gmt":"2013-01-29T04:00:00","guid":{"rendered":"http:\/\/192.81.217.108\/interamerica\/2013\/01\/au-bresil-les-adventistes-coordonnent-les-dons-de-sang-suite-a-la-tragedie-survenue-dans-un-night-club\/"},"modified":"2013-01-29T00:00:00","modified_gmt":"2013-01-29T04:00:00","slug":"au-bresil-les-adventistes-coordonnent-les-dons-de-sang-suite-a-la-tragedie-survenue-dans-un-night-club","status":"publish","type":"post","link":"https:\/\/interamerica.org\/fr\/2013\/01\/au-bresil-les-adventistes-coordonnent-les-dons-de-sang-suite-a-la-tragedie-survenue-dans-un-night-club\/","title":{"rendered":"Au Br\u00e9sil, les Adventistes coordonnent les dons de sang suite \u00e0 la trag\u00e9die survenue dans un night-club"},"content":{"rendered":"<p>28 janvier 2013 Santa Maria, Rio Grande do Sul, Br\u00e9sil\u2026ASN\/ANN<\/p>\n<p>Les jeunes Adventistes du Septi\u00e8me jour au Br\u00e9sil se sont rassembl\u00e9s cette semaine pour faire don de leur sang au lendemain de l\u2019incendie d\u2019un night-club, le plus mortel depuis plus d\u2019une d\u00e9cennie.<\/p>\n<div id=\"attachment_6658\" style=\"width: 325px\" class=\"wp-caption alignleft\"><a href=\"\/interamerica\/wp-content\/uploads\/2017\/06\/night-club-1200-315x237.jpg\" rel=\"fancybox\" title=\"Au Br\u00e9sil, les Adventistes coordonnent les dons de sang suite \u00e0 la trag\u00e9die survenue dans un night-club\"><img fetchpriority=\"high\" decoding=\"async\" aria-describedby=\"caption-attachment-6658\" class=\"size-full wp-image-6658\" src=\"\/interamerica\/wp-content\/uploads\/2017\/06\/night-club-1200-315x237.jpg\" alt=\"\" width=\"315\" height=\"236\" \/><\/a><p id=\"caption-attachment-6658\" class=\"wp-caption-text\">Un incendie dans un night-club du centre ville de Santa Maria a caus\u00e9 la mort d\u2019au moins 230 personnes cette semaine et a fait plusieurs centaines de bless\u00e9s, ce qui a cr\u00e9\u00e9 une situation de p\u00e9nurie dans les stocks de sang des h\u00f4pitaux de la r\u00e9gion. Photo avec autorisation de ASN.<\/p><\/div>\n<p>Au moins 230 personnes ont trouv\u00e9 la mort et quelques 200 ont \u00e9t\u00e9 bless\u00e9s le 27 janvier lorsque le d\u00e9cor pyrotechnique d\u2019un groupe a caus\u00e9 un d\u00e9part de feu dans l\u2019isolation du plafond dans un club du centre ville de Santa Maria, ce qui a produit des flammes et des fum\u00e9es toxiques dans la foule paniqu\u00e9e.<\/p>\n<p>Alors que les victimes remplissaient les h\u00f4pitaux locaux, le personnel m\u00e9dical a fait appel en urgence \u00e0 l\u2019organisation de don du sang Vida por Vidas (\u00ab Vie pour Vies \u00bb) en Am\u00e9rique du Sud. La d\u00e9nomination est connue pour organiser des collectes de sang \u00e0 grande \u00e9chelle, surtout au Br\u00e9sil o\u00f9 les responsables de la sant\u00e9 estiment que le projet contribue annuellement quelques 3,5 millions de pochettes de sang.<\/p>\n<p>Des donneurs de sang se sont rassembl\u00e9s t\u00f4t dimanche \u00e0 l\u2019Eglise Adventiste Centrale de Santa Maria et se sont imm\u00e9diatement dirig\u00e9s vers le Centre de Don du Sang de la ville, a indiqu\u00e9 le coordinateur de Vida por Vidas, Adriano Luis.<\/p>\n<p>Dans le m\u00eame temps, des membres du personnel m\u00e9dical Adventiste ont propos\u00e9 leurs services b\u00e9n\u00e9voles aux h\u00f4pitaux locaux, parmi eux, Dr Jocemara Fernandes qui a re\u00e7u un appel d\u2019urgence pour venir au secours des victimes t\u00f4t dimanche matin.<\/p>\n<p>\u00ab La sc\u00e8ne d\u2019horreur et de d\u00e9sespoir dont j\u2019ai \u00e9t\u00e9 t\u00e9moin \u00e9tait sans pr\u00e9c\u00e9dent dans mon exp\u00e9rience, \u00bb a dit Fernandes. Elle a travaill\u00e9 dans un service d\u2019urgence local pendant plus d\u2019une d\u00e9cennie.<\/p>\n<div id=\"attachment_6659\" style=\"width: 310px\" class=\"wp-caption alignright\"><a href=\"\/interamerica\/wp-content\/uploads\/2017\/06\/vida-por-vidas-inside1.jpg\" rel=\"fancybox\" title=\"Au Br\u00e9sil, les Adventistes coordonnent les dons de sang suite \u00e0 la trag\u00e9die survenue dans un night-club\"><img decoding=\"async\" aria-describedby=\"caption-attachment-6659\" class=\"size-medium wp-image-6659\" src=\"\/interamerica\/wp-content\/uploads\/2017\/06\/vida-por-vidas-inside1-300x181.jpg\" alt=\"\" width=\"300\" height=\"181\" \/><\/a><p id=\"caption-attachment-6659\" class=\"wp-caption-text\">De jeunes donneurs participent \u00e0 la collecte de sang de Vida por Vidas cette semaine.<\/p><\/div>\n<p>Dr Fernandes a trait\u00e9 au moins 15 victimes entre 4h et 7h dimanche matin. \u00ab La plupart des gens souffraient de probl\u00e8mes li\u00e9s \u00e0 l\u2019inhalation de fum\u00e9e, \u00bb a t-elle pr\u00e9cis\u00e9.<\/p>\n<p>Une autre jeune victime souffrait de brulures au second degr\u00e9 et de difficult\u00e9 \u00e0 respirer, a dit Dr Fernandes. La plupart des victimes \u00e9taient \u00e2g\u00e9es de moins de 30 ans.<\/p>\n<p>\u00ab Ce que nous pouvons faire maintenant est de prier Dieu pour les bless\u00e9s et les familles endeuill\u00e9es afin qu\u2019Il les aide, \u00bb a t-elle dit.<\/p>\n<p>Le maire de Santa Maria, Cezar Schirmer a d\u00e9cr\u00e9t\u00e9 un p\u00e9riode de deuil de 30 jours et les autorit\u00e9s locales continuent leurs investigations pour d\u00e9terminer la cause de l\u2019incendie.<\/p>\n<p>Vida por Vidas a \u00e9t\u00e9 lanc\u00e9 en 2006 et est g\u00e9r\u00e9 par de jeunes Adventistes du br\u00e9sil.<\/p>\n<p>Traduction: Patrick Luciathe<\/p>\n","protected":false},"excerpt":{"rendered":"<p>Les jeunes Adventistes du Septi\u00e8me jour au Br\u00e9sil se sont rassembl\u00e9s cette semaine pour faire don de leur sang au lendemain de l\u2019incendie d\u2019un night-club, le plus mortel depuis plus d\u2019une d\u00e9cennie.<\/p>\n","protected":false},"author":1,"featured_media":20835,"comment_status":"closed","ping_status":"closed","sticky":false,"template":"","format":"standard","meta":{"_acf_changed":false,"footnotes":""},"categories":[18,19],"tags":[],"class_list":["post-31601","post","type-post","status-publish","format-standard","has-post-thumbnail","hentry","category-nouvelles-de-leglise-mondiale","category-rss-francais"],"acf":[],"yoast_head":"<!-- This site is optimized with the Yoast SEO plugin v27.3 - https:\/\/yoast.com\/product\/yoast-seo-wordpress\/ -->\n<title>Au Br\u00e9sil, les Adventistes coordonnent les dons de sang suite \u00e0 la trag\u00e9die survenue dans un night-club - \u00c9glise Adventiste Du Septieme Jour - Inter Am\u00e9rique Division<\/title>\n<meta name=\"robots\" content=\"index, follow, max-snippet:-1, max-image-preview:large, max-video-preview:-1\" \/>\n<link rel=\"canonical\" href=\"https:\/\/interamerica.org\/fr\/2013\/01\/au-bresil-les-adventistes-coordonnent-les-dons-de-sang-suite-a-la-tragedie-survenue-dans-un-night-club\/\" \/>\n<meta property=\"og:locale\" content=\"fr_FR\" \/>\n<meta property=\"og:type\" content=\"article\" \/>\n<meta property=\"og:title\" content=\"Au Br\u00e9sil, les Adventistes coordonnent les dons de sang suite \u00e0 la trag\u00e9die survenue dans un night-club - \u00c9glise Adventiste Du Septieme Jour - Inter Am\u00e9rique Division\" \/>\n<meta property=\"og:description\" content=\"Les jeunes Adventistes du Septi\u00e8me jour au Br\u00e9sil se sont rassembl\u00e9s cette semaine pour faire don de leur sang au lendemain de l\u2019incendie d\u2019un night-club, le plus mortel depuis plus d\u2019une d\u00e9cennie.\" \/>\n<meta property=\"og:url\" content=\"https:\/\/interamerica.org\/fr\/2013\/01\/au-bresil-les-adventistes-coordonnent-les-dons-de-sang-suite-a-la-tragedie-survenue-dans-un-night-club\/\" \/>\n<meta property=\"og:site_name\" content=\"\u00c9glise Adventiste Du Septieme Jour - Inter Am\u00e9rique Division\" \/>\n<meta property=\"article:published_time\" content=\"2013-01-29T04:00:00+00:00\" \/>\n<meta property=\"og:image\" content=\"https:\/\/interamerica.org\/wp-content\/uploads\/2017\/06\/night-club-1200-315x237.jpg\" \/>\n\t<meta property=\"og:image:width\" content=\"315\" \/>\n\t<meta property=\"og:image:height\" content=\"236\" \/>\n\t<meta property=\"og:image:type\" content=\"image\/jpeg\" \/>\n<meta name=\"author\" content=\"Lorenzo Verduzco\" \/>\n<meta name=\"twitter:card\" content=\"summary_large_image\" \/>\n<meta name=\"twitter:label1\" content=\"\u00c9crit par\" \/>\n\t<meta name=\"twitter:data1\" content=\"Lorenzo Verduzco\" \/>\n\t<meta name=\"twitter:label2\" content=\"Dur\u00e9e de lecture estim\u00e9e\" \/>\n\t<meta name=\"twitter:data2\" content=\"3 minutes\" \/>\n<script type=\"application\/ld+json\" class=\"yoast-schema-graph\">{\"@context\":\"https:\\\/\\\/schema.org\",\"@graph\":[{\"@type\":\"Article\",\"@id\":\"https:\\\/\\\/interamerica.org\\\/fr\\\/2013\\\/01\\\/au-bresil-les-adventistes-coordonnent-les-dons-de-sang-suite-a-la-tragedie-survenue-dans-un-night-club\\\/#article\",\"isPartOf\":{\"@id\":\"https:\\\/\\\/interamerica.org\\\/fr\\\/2013\\\/01\\\/au-bresil-les-adventistes-coordonnent-les-dons-de-sang-suite-a-la-tragedie-survenue-dans-un-night-club\\\/\"},\"author\":{\"name\":\"Lorenzo Verduzco\",\"@id\":\"https:\\\/\\\/interamerica.org\\\/fr\\\/#\\\/schema\\\/person\\\/68ede8bdc292885bb76c1e3810e73c39\"},\"headline\":\"Au Br\u00e9sil, les Adventistes coordonnent les dons de sang suite \u00e0 la trag\u00e9die survenue dans un night-club\",\"datePublished\":\"2013-01-29T04:00:00+00:00\",\"mainEntityOfPage\":{\"@id\":\"https:\\\/\\\/interamerica.org\\\/fr\\\/2013\\\/01\\\/au-bresil-les-adventistes-coordonnent-les-dons-de-sang-suite-a-la-tragedie-survenue-dans-un-night-club\\\/\"},\"wordCount\":557,\"image\":{\"@id\":\"https:\\\/\\\/interamerica.org\\\/fr\\\/2013\\\/01\\\/au-bresil-les-adventistes-coordonnent-les-dons-de-sang-suite-a-la-tragedie-survenue-dans-un-night-club\\\/#primaryimage\"},\"thumbnailUrl\":\"https:\\\/\\\/interamerica.org\\\/wp-content\\\/uploads\\\/2017\\\/06\\\/night-club-1200-315x237.jpg\",\"articleSection\":[\"Nouvelles de l'\u00c9glise mondiale\",\"RSS Fran\u00e7ais\"],\"inLanguage\":\"fr-FR\"},{\"@type\":\"WebPage\",\"@id\":\"https:\\\/\\\/interamerica.org\\\/fr\\\/2013\\\/01\\\/au-bresil-les-adventistes-coordonnent-les-dons-de-sang-suite-a-la-tragedie-survenue-dans-un-night-club\\\/\",\"url\":\"https:\\\/\\\/interamerica.org\\\/fr\\\/2013\\\/01\\\/au-bresil-les-adventistes-coordonnent-les-dons-de-sang-suite-a-la-tragedie-survenue-dans-un-night-club\\\/\",\"name\":\"Au Br\u00e9sil, les Adventistes coordonnent les dons de sang suite \u00e0 la trag\u00e9die survenue dans un night-club - \u00c9glise Adventiste Du Septieme Jour - Inter Am\u00e9rique Division\",\"isPartOf\":{\"@id\":\"https:\\\/\\\/interamerica.org\\\/fr\\\/#website\"},\"primaryImageOfPage\":{\"@id\":\"https:\\\/\\\/interamerica.org\\\/fr\\\/2013\\\/01\\\/au-bresil-les-adventistes-coordonnent-les-dons-de-sang-suite-a-la-tragedie-survenue-dans-un-night-club\\\/#primaryimage\"},\"image\":{\"@id\":\"https:\\\/\\\/interamerica.org\\\/fr\\\/2013\\\/01\\\/au-bresil-les-adventistes-coordonnent-les-dons-de-sang-suite-a-la-tragedie-survenue-dans-un-night-club\\\/#primaryimage\"},\"thumbnailUrl\":\"https:\\\/\\\/interamerica.org\\\/wp-content\\\/uploads\\\/2017\\\/06\\\/night-club-1200-315x237.jpg\",\"datePublished\":\"2013-01-29T04:00:00+00:00\",\"author\":{\"@id\":\"https:\\\/\\\/interamerica.org\\\/fr\\\/#\\\/schema\\\/person\\\/68ede8bdc292885bb76c1e3810e73c39\"},\"breadcrumb\":{\"@id\":\"https:\\\/\\\/interamerica.org\\\/fr\\\/2013\\\/01\\\/au-bresil-les-adventistes-coordonnent-les-dons-de-sang-suite-a-la-tragedie-survenue-dans-un-night-club\\\/#breadcrumb\"},\"inLanguage\":\"fr-FR\",\"potentialAction\":[{\"@type\":\"ReadAction\",\"target\":[\"https:\\\/\\\/interamerica.org\\\/fr\\\/2013\\\/01\\\/au-bresil-les-adventistes-coordonnent-les-dons-de-sang-suite-a-la-tragedie-survenue-dans-un-night-club\\\/\"]}]},{\"@type\":\"ImageObject\",\"inLanguage\":\"fr-FR\",\"@id\":\"https:\\\/\\\/interamerica.org\\\/fr\\\/2013\\\/01\\\/au-bresil-les-adventistes-coordonnent-les-dons-de-sang-suite-a-la-tragedie-survenue-dans-un-night-club\\\/#primaryimage\",\"url\":\"https:\\\/\\\/interamerica.org\\\/wp-content\\\/uploads\\\/2017\\\/06\\\/night-club-1200-315x237.jpg\",\"contentUrl\":\"https:\\\/\\\/interamerica.org\\\/wp-content\\\/uploads\\\/2017\\\/06\\\/night-club-1200-315x237.jpg\",\"width\":315,\"height\":236},{\"@type\":\"BreadcrumbList\",\"@id\":\"https:\\\/\\\/interamerica.org\\\/fr\\\/2013\\\/01\\\/au-bresil-les-adventistes-coordonnent-les-dons-de-sang-suite-a-la-tragedie-survenue-dans-un-night-club\\\/#breadcrumb\",\"itemListElement\":[{\"@type\":\"ListItem\",\"position\":1,\"name\":\"Home\",\"item\":\"https:\\\/\\\/interamerica.org\\\/fr\\\/\"},{\"@type\":\"ListItem\",\"position\":2,\"name\":\"Au Br\u00e9sil, les Adventistes coordonnent les dons de sang suite \u00e0 la trag\u00e9die survenue dans un night-club\"}]},{\"@type\":\"WebSite\",\"@id\":\"https:\\\/\\\/interamerica.org\\\/fr\\\/#website\",\"url\":\"https:\\\/\\\/interamerica.org\\\/fr\\\/\",\"name\":\"\u00c9glise Adventiste Du Septieme Jour - Inter Am\u00e9rique Division\",\"description\":\"\",\"potentialAction\":[{\"@type\":\"SearchAction\",\"target\":{\"@type\":\"EntryPoint\",\"urlTemplate\":\"https:\\\/\\\/interamerica.org\\\/fr\\\/?s={search_term_string}\"},\"query-input\":{\"@type\":\"PropertyValueSpecification\",\"valueRequired\":true,\"valueName\":\"search_term_string\"}}],\"inLanguage\":\"fr-FR\"},{\"@type\":\"Person\",\"@id\":\"https:\\\/\\\/interamerica.org\\\/fr\\\/#\\\/schema\\\/person\\\/68ede8bdc292885bb76c1e3810e73c39\",\"name\":\"Lorenzo Verduzco\",\"image\":{\"@type\":\"ImageObject\",\"inLanguage\":\"fr-FR\",\"@id\":\"https:\\\/\\\/secure.gravatar.com\\\/avatar\\\/fb81a55b6218459490a9c1dc841a34909185b81904c5337b4b27f7a6fd60c49e?s=96&d=mm&r=g\",\"url\":\"https:\\\/\\\/secure.gravatar.com\\\/avatar\\\/fb81a55b6218459490a9c1dc841a34909185b81904c5337b4b27f7a6fd60c49e?s=96&d=mm&r=g\",\"contentUrl\":\"https:\\\/\\\/secure.gravatar.com\\\/avatar\\\/fb81a55b6218459490a9c1dc841a34909185b81904c5337b4b27f7a6fd60c49e?s=96&d=mm&r=g\",\"caption\":\"Lorenzo Verduzco\"}}]}<\/script>\n<!-- \/ Yoast SEO plugin. -->","yoast_head_json":{"title":"Au Br\u00e9sil, les Adventistes coordonnent les dons de sang suite \u00e0 la trag\u00e9die survenue dans un night-club - \u00c9glise Adventiste Du Septieme Jour - Inter Am\u00e9rique Division","robots":{"index":"index","follow":"follow","max-snippet":"max-snippet:-1","max-image-preview":"max-image-preview:large","max-video-preview":"max-video-preview:-1"},"canonical":"https:\/\/interamerica.org\/fr\/2013\/01\/au-bresil-les-adventistes-coordonnent-les-dons-de-sang-suite-a-la-tragedie-survenue-dans-un-night-club\/","og_locale":"fr_FR","og_type":"article","og_title":"Au Br\u00e9sil, les Adventistes coordonnent les dons de sang suite \u00e0 la trag\u00e9die survenue dans un night-club - \u00c9glise Adventiste Du Septieme Jour - Inter Am\u00e9rique Division","og_description":"Les jeunes Adventistes du Septi\u00e8me jour au Br\u00e9sil se sont rassembl\u00e9s cette semaine pour faire don de leur sang au lendemain de l\u2019incendie d\u2019un night-club, le plus mortel depuis plus d\u2019une d\u00e9cennie.","og_url":"https:\/\/interamerica.org\/fr\/2013\/01\/au-bresil-les-adventistes-coordonnent-les-dons-de-sang-suite-a-la-tragedie-survenue-dans-un-night-club\/","og_site_name":"\u00c9glise Adventiste Du Septieme Jour - Inter Am\u00e9rique Division","article_published_time":"2013-01-29T04:00:00+00:00","og_image":[{"width":315,"height":236,"url":"https:\/\/interamerica.org\/wp-content\/uploads\/2017\/06\/night-club-1200-315x237.jpg","type":"image\/jpeg"}],"author":"Lorenzo Verduzco","twitter_card":"summary_large_image","twitter_misc":{"\u00c9crit par":"Lorenzo Verduzco","Dur\u00e9e de lecture estim\u00e9e":"3 minutes"},"schema":{"@context":"https:\/\/schema.org","@graph":[{"@type":"Article","@id":"https:\/\/interamerica.org\/fr\/2013\/01\/au-bresil-les-adventistes-coordonnent-les-dons-de-sang-suite-a-la-tragedie-survenue-dans-un-night-club\/#article","isPartOf":{"@id":"https:\/\/interamerica.org\/fr\/2013\/01\/au-bresil-les-adventistes-coordonnent-les-dons-de-sang-suite-a-la-tragedie-survenue-dans-un-night-club\/"},"author":{"name":"Lorenzo Verduzco","@id":"https:\/\/interamerica.org\/fr\/#\/schema\/person\/68ede8bdc292885bb76c1e3810e73c39"},"headline":"Au Br\u00e9sil, les Adventistes coordonnent les dons de sang suite \u00e0 la trag\u00e9die survenue dans un night-club","datePublished":"2013-01-29T04:00:00+00:00","mainEntityOfPage":{"@id":"https:\/\/interamerica.org\/fr\/2013\/01\/au-bresil-les-adventistes-coordonnent-les-dons-de-sang-suite-a-la-tragedie-survenue-dans-un-night-club\/"},"wordCount":557,"image":{"@id":"https:\/\/interamerica.org\/fr\/2013\/01\/au-bresil-les-adventistes-coordonnent-les-dons-de-sang-suite-a-la-tragedie-survenue-dans-un-night-club\/#primaryimage"},"thumbnailUrl":"https:\/\/interamerica.org\/wp-content\/uploads\/2017\/06\/night-club-1200-315x237.jpg","articleSection":["Nouvelles de l'\u00c9glise mondiale","RSS Fran\u00e7ais"],"inLanguage":"fr-FR"},{"@type":"WebPage","@id":"https:\/\/interamerica.org\/fr\/2013\/01\/au-bresil-les-adventistes-coordonnent-les-dons-de-sang-suite-a-la-tragedie-survenue-dans-un-night-club\/","url":"https:\/\/interamerica.org\/fr\/2013\/01\/au-bresil-les-adventistes-coordonnent-les-dons-de-sang-suite-a-la-tragedie-survenue-dans-un-night-club\/","name":"Au Br\u00e9sil, les Adventistes coordonnent les dons de sang suite \u00e0 la trag\u00e9die survenue dans un night-club - \u00c9glise Adventiste Du Septieme Jour - Inter Am\u00e9rique Division","isPartOf":{"@id":"https:\/\/interamerica.org\/fr\/#website"},"primaryImageOfPage":{"@id":"https:\/\/interamerica.org\/fr\/2013\/01\/au-bresil-les-adventistes-coordonnent-les-dons-de-sang-suite-a-la-tragedie-survenue-dans-un-night-club\/#primaryimage"},"image":{"@id":"https:\/\/interamerica.org\/fr\/2013\/01\/au-bresil-les-adventistes-coordonnent-les-dons-de-sang-suite-a-la-tragedie-survenue-dans-un-night-club\/#primaryimage"},"thumbnailUrl":"https:\/\/interamerica.org\/wp-content\/uploads\/2017\/06\/night-club-1200-315x237.jpg","datePublished":"2013-01-29T04:00:00+00:00","author":{"@id":"https:\/\/interamerica.org\/fr\/#\/schema\/person\/68ede8bdc292885bb76c1e3810e73c39"},"breadcrumb":{"@id":"https:\/\/interamerica.org\/fr\/2013\/01\/au-bresil-les-adventistes-coordonnent-les-dons-de-sang-suite-a-la-tragedie-survenue-dans-un-night-club\/#breadcrumb"},"inLanguage":"fr-FR","potentialAction":[{"@type":"ReadAction","target":["https:\/\/interamerica.org\/fr\/2013\/01\/au-bresil-les-adventistes-coordonnent-les-dons-de-sang-suite-a-la-tragedie-survenue-dans-un-night-club\/"]}]},{"@type":"ImageObject","inLanguage":"fr-FR","@id":"https:\/\/interamerica.org\/fr\/2013\/01\/au-bresil-les-adventistes-coordonnent-les-dons-de-sang-suite-a-la-tragedie-survenue-dans-un-night-club\/#primaryimage","url":"https:\/\/interamerica.org\/wp-content\/uploads\/2017\/06\/night-club-1200-315x237.jpg","contentUrl":"https:\/\/interamerica.org\/wp-content\/uploads\/2017\/06\/night-club-1200-315x237.jpg","width":315,"height":236},{"@type":"BreadcrumbList","@id":"https:\/\/interamerica.org\/fr\/2013\/01\/au-bresil-les-adventistes-coordonnent-les-dons-de-sang-suite-a-la-tragedie-survenue-dans-un-night-club\/#breadcrumb","itemListElement":[{"@type":"ListItem","position":1,"name":"Home","item":"https:\/\/interamerica.org\/fr\/"},{"@type":"ListItem","position":2,"name":"Au Br\u00e9sil, les Adventistes coordonnent les dons de sang suite \u00e0 la trag\u00e9die survenue dans un night-club"}]},{"@type":"WebSite","@id":"https:\/\/interamerica.org\/fr\/#website","url":"https:\/\/interamerica.org\/fr\/","name":"\u00c9glise Adventiste Du Septieme Jour - Inter Am\u00e9rique Division","description":"","potentialAction":[{"@type":"SearchAction","target":{"@type":"EntryPoint","urlTemplate":"https:\/\/interamerica.org\/fr\/?s={search_term_string}"},"query-input":{"@type":"PropertyValueSpecification","valueRequired":true,"valueName":"search_term_string"}}],"inLanguage":"fr-FR"},{"@type":"Person","@id":"https:\/\/interamerica.org\/fr\/#\/schema\/person\/68ede8bdc292885bb76c1e3810e73c39","name":"Lorenzo Verduzco","image":{"@type":"ImageObject","inLanguage":"fr-FR","@id":"https:\/\/secure.gravatar.com\/avatar\/fb81a55b6218459490a9c1dc841a34909185b81904c5337b4b27f7a6fd60c49e?s=96&d=mm&r=g","url":"https:\/\/secure.gravatar.com\/avatar\/fb81a55b6218459490a9c1dc841a34909185b81904c5337b4b27f7a6fd60c49e?s=96&d=mm&r=g","contentUrl":"https:\/\/secure.gravatar.com\/avatar\/fb81a55b6218459490a9c1dc841a34909185b81904c5337b4b27f7a6fd60c49e?s=96&d=mm&r=g","caption":"Lorenzo Verduzco"}}]}},"_links":{"self":[{"href":"https:\/\/interamerica.org\/fr\/wp-json\/wp\/v2\/posts\/31601","targetHints":{"allow":["GET"]}}],"collection":[{"href":"https:\/\/interamerica.org\/fr\/wp-json\/wp\/v2\/posts"}],"about":[{"href":"https:\/\/interamerica.org\/fr\/wp-json\/wp\/v2\/types\/post"}],"author":[{"embeddable":true,"href":"https:\/\/interamerica.org\/fr\/wp-json\/wp\/v2\/users\/1"}],"replies":[{"embeddable":true,"href":"https:\/\/interamerica.org\/fr\/wp-json\/wp\/v2\/comments?post=31601"}],"version-history":[{"count":0,"href":"https:\/\/interamerica.org\/fr\/wp-json\/wp\/v2\/posts\/31601\/revisions"}],"wp:featuredmedia":[{"embeddable":true,"href":"https:\/\/interamerica.org\/fr\/wp-json\/wp\/v2\/media\/20835"}],"wp:attachment":[{"href":"https:\/\/interamerica.org\/fr\/wp-json\/wp\/v2\/media?parent=31601"}],"wp:term":[{"taxonomy":"category","embeddable":true,"href":"https:\/\/interamerica.org\/fr\/wp-json\/wp\/v2\/categories?post=31601"},{"taxonomy":"post_tag","embeddable":true,"href":"https:\/\/interamerica.org\/fr\/wp-json\/wp\/v2\/tags?post=31601"}],"curies":[{"name":"wp","href":"https:\/\/api.w.org\/{rel}","templated":true}]}}