{"id":31609,"date":"2013-02-13T00:00:00","date_gmt":"2013-02-13T04:00:00","guid":{"rendered":"http:\/\/192.81.217.108\/interamerica\/2013\/02\/le-reseau-mais-aussi-les-normes-se-developpent-pour-les-adventistes-professionnels-de-la-securite\/"},"modified":"2013-02-13T00:00:00","modified_gmt":"2013-02-13T04:00:00","slug":"le-reseau-mais-aussi-les-normes-se-developpent-pour-les-adventistes-professionnels-de-la-securite","status":"publish","type":"post","link":"https:\/\/interamerica.org\/fr\/2013\/02\/le-reseau-mais-aussi-les-normes-se-developpent-pour-les-adventistes-professionnels-de-la-securite\/","title":{"rendered":"Le r\u00e9seau, mais aussi les normes se d\u00e9veloppent pour les Adventistes professionnels de la s\u00e9curit\u00e9"},"content":{"rendered":"<p>13 F\u00e9vrier 2013 Silver Spring, Maryland, Etats Unis\u2026Ansel Oliver\/ANN<\/p>\n<p>Lorsque Lewis Eakins a appris la nouvelle au sujet de la fusillade qui a eu lieu \u00e0 Virginia Tech en 2006, il a voulu relever le niveau de pr\u00e9paration pour ses officiers attach\u00e9s \u00e0 la s\u00e9curit\u00e9 sur le campus d\u2019Oakwood University.<\/p>\n<p>Lewis Eakins, directeur de la S\u00e9curit\u00e9 Publique \u00e0 l\u2019universit\u00e9 Adventiste situ\u00e9e \u00e0 Huntsville en Alabama, a profit\u00e9 d\u2019une proc\u00e9dure en vigueur dans l\u2019\u00e9tat permettant \u00e0 une universit\u00e9 priv\u00e9e de cr\u00e9er son propre d\u00e9partement de police. La d\u00e9cision, dit-il, a permis de renforcer la formation et permet maintenant \u00e0 plusieurs de ses 15 officiers de porter une arme \u00e0 feu.<\/p>\n<div id=\"attachment_6819\" style=\"width: 310px\" class=\"wp-caption alignleft\"><a href=\"\/interamerica\/wp-content\/uploads\/2017\/06\/lewis-4x3-315x237.jpg\" rel=\"fancybox\" title=\"Le r\u00e9seau, mais aussi les normes se d\u00e9veloppent pour les Adventistes professionnels de la s\u00e9curit\u00e9\"><img fetchpriority=\"high\" decoding=\"async\" aria-describedby=\"caption-attachment-6819\" class=\"size-medium wp-image-6819\" src=\"\/interamerica\/wp-content\/uploads\/2017\/06\/lewis-4x3-315x237-300x224.jpg\" alt=\"\" width=\"300\" height=\"224\" \/><\/a><p id=\"caption-attachment-6819\" class=\"wp-caption-text\">Le directeur de la S\u00e9curit\u00e9 \u00e0 Oakwood University, Lewis Eakins est interview\u00e9 par les m\u00e9dias locaux le 4 f\u00e9vrier au sujet d\u2019une prochaine s\u00e9rie d\u2019ateliers de formation destin\u00e9e au personnel enseignant et non enseignant intitul\u00e9e \u00ab Formation de Survie du Tireur Actif. \u00bb L\u2019\u00e9quipe de s\u00e9curit\u00e9 du campus est devenue un d\u00e9partement de police \u00e0 part enti\u00e8re en 2011. Image de Tim Allston.<\/p><\/div>\n<p>\u00ab Nous n\u2019avons pas de crimes qui justifient le fait d\u2019avoir une agence de police, mais nous voulions nous assurer que nous avons le plus haut niveau de formation afin de pouvoir g\u00e9rer toute menace qui surviendrait sur ce campus, \u00bb a dit Lewis Eakins, un ancien assistant chef de police qui est titulaire d\u2019une maitrise en gestion de la s\u00e9curit\u00e9.<\/p>\n<p>Avec les r\u00e9centes tueries dans le Connecticut et le Colorado, et la multiplication d\u2019incidents similaires \u00e0 travers le monde, les professionnels Adventistes de la s\u00e9curit\u00e9 disent que la question relative au port d\u2019armes \u00e0 feu par les officiers de s\u00e9curit\u00e9 devrait \u00eatre \u00e0 l\u2019ordre du jour. Bien que cela soit une question controvers\u00e9e dans une d\u00e9nomination qui historiquement a promu l\u2019id\u00e9e d\u2019\u00eatre non-combattant et l\u2019objection de conscience, les principaux directeurs de la s\u00e9curit\u00e9 dans de nombreuses institutions Adventistes encouragent \u00e0 avoir un niveau de pr\u00e9paration plus \u00e9lev\u00e9 afin de r\u00e9pondre aux menaces potentielles.<\/p>\n<p>De plus, ils veulent que la d\u00e9nomination sache qu\u2019ils repr\u00e9sentent une ressource pour les leaders de l\u2019\u00e9glise \u2013 il y a une structure de professionnels de la s\u00e9curit\u00e9 \u00e0 l\u2019int\u00e9rieur de l\u2019\u00e9glise qui peut offrir son exp\u00e9rience, du conseil et du personnel pour soutenir les d\u00e9partements de s\u00e9curit\u00e9 publique sur les campus et dans les institutions.<\/p>\n<p>\u00ab Les administrateurs n\u2019ont pas besoin de se tourner vers l\u2019ext\u00e9rieur pour avoir des consultants. La plupart d\u2019entre nous poss\u00e8dent 20 ou 30 ans d\u2019exp\u00e9rience dans le maintien de l\u2019ordre. Nous sommes les missionnaires qui connaissent ce business, \u00bb a d\u00e9clar\u00e9 Paul Muniz, un ancien chef de police et directeur de la s\u00e9curit\u00e9 pour l\u2019Agence Adventiste de D\u00e9veloppement et de Secours.<\/p>\n<p>Paul Muniz est membre du comit\u00e9 et aussi aum\u00f4nier pour les Adventistes Professionnels de la S\u00e9curit\u00e9 et de la Suret\u00e9 (PASS), un groupe qui tiendra sa troisi\u00e8me rencontre du 15 au 16 juillet \u00e0 l\u2019Universit\u00e9 de Loma Linda en Californie.<\/p>\n<p>PASS a \u00e9t\u00e9 organis\u00e9 en 2010 lorsque neuf Adventistes professionnels de la s\u00e9curit\u00e9 se sont r\u00e9unis \u00e0 Andrews University \u00e0 Berrien Spring dans le Michigan. Apr\u00e8s la premi\u00e8re rencontre du groupe, PASS s\u2019est \u00e0 nouveau r\u00e9uni en 2012 \u00e0 Southern Adventist University \u00e0 Collegedale dans le Tennessee avec environ 15 participants.<\/p>\n<p>Le pr\u00e9sident de PASS, Dale Hodges a organis\u00e9 le groupe au d\u00e9part pour offrir l\u2019opportunit\u00e9 de se mettre en r\u00e9seau aux officiers de s\u00e9curit\u00e9 sur les campus afin de partager ce que sont les meilleures pratiques et encourager les crit\u00e8res \u00e0 retenir pour l\u2019embauche de personnel.<\/p>\n<p>La s\u00e9curit\u00e9 du campus, maintenant plus que jamais, implique un travail en \u00e9troite collaboration avec les professionnels de la technologie de l\u2019information afin de mettre en place des syst\u00e8mes de rep\u00e9rage et de notification imm\u00e9diate d\u2019incidents. Les officiers discutent \u00e9galement de m\u00e9thodes de contr\u00f4le et d\u2019interpellation d\u2019individus. Malgr\u00e9 une avanc\u00e9e dans les pratiques de s\u00e9curit\u00e9, plusieurs directeurs de la s\u00e9curit\u00e9 avouent \u00e9changer des conseils sur les d\u00e9fis habituels dans le domaine de l\u2019application des r\u00e8glements relatifs au parking de v\u00e9hicules et celui de l\u2019\u00e9vacuation des \u00e9tudiants d\u2019un b\u00e2timent avant de le fermer pour la nuit.<\/p>\n<p>Dale Hodges, un ancien d\u00e9tective dans le d\u00e9partement des homicides, qui sert maintenant comme directeur du Bureau de la S\u00e9curit\u00e9 du Campus \u00e0 Andrews University, a comme d\u2019autres membres de PASS indiqu\u00e9 que les crit\u00e8res d\u2019embauche de directeurs de la s\u00e9curit\u00e9 se sont beaucoup am\u00e9lior\u00e9s au fil des ann\u00e9es. On ne donne plus un uniforme et un badge a quelqu\u2019un qui n\u2019a ni exp\u00e9rience ni formation.<\/p>\n<p>\u00ab Traditionnellement, dans la communaut\u00e9 Adventiste on n\u2019a pas toujours choisi des professionnels pour ces postes. Je crois que de nos jours, la communaut\u00e9 Adventiste au sens large le reconna\u00eet et fait en sorte de se rattraper sur la question. \u00bb<\/p>\n<p>La rencontre de PASS pr\u00e9vue cette ann\u00e9e est organis\u00e9e par Suzy Douma, directrice de la s\u00e9curit\u00e9 \u00e0 l\u2019Universit\u00e9 de Loma Linda. Elle a \u00e9t\u00e9 officier de police pendant 22 ans et est titulaire d\u2019une maitrise en administration publique.<\/p>\n<p>\u00ab Au fil des ann\u00e9es, les qualifications se sont am\u00e9lior\u00e9es. Nous sommes devenus plus stricts en mati\u00e8re d\u2019embauche, \u00bb a d\u00e9clar\u00e9 Suzy Douma. Elle supervise un personnel comptant plus de 50 membres, y compris trois unit\u00e9s canines.<\/p>\n<p>Suzy Douma a indiqu\u00e9 qu\u2019elle ressent un fort soutien de l\u2019administration de l\u2019universit\u00e9, mais admet que c\u2019est parfois un vrai d\u00e9fi que d\u2019aider les gens \u00e0 comprendre le r\u00f4le d\u2019un officier de s\u00e9curit\u00e9 sur le campus. \u00ab C\u2019est nous qui devons contr\u00f4ler la situation lorsque d\u2019autres n\u2019ont pas pu maitriser la situation, \u00bb a t-elle expliqu\u00e9.<\/p>\n<p>Maintenant que les tueries et les r\u00e9ponses ad\u00e9quates \u00e0 ce type de situation sont l\u2019objet de l\u2019attention publique, elle pr\u00e9cise que l\u2019\u00e9l\u00e9ment cl\u00e9 est la rapidit\u00e9 de la r\u00e9action. \u00ab Les probl\u00e8mes peuvent \u00eatre si urgents que vous ne pouvez attendre. \u00bb<\/p>\n<p>A Oakwood, les trois premiers officiers arriv\u00e9s sur place devraient confronter un tireur. A Loma Linda, le personnel de la s\u00e9curit\u00e9 du campus est form\u00e9 pour r\u00e9agir aux probl\u00e8mes de fusillades en aidant \u00e0 l\u2019\u00e9vacuation des personnes, \u00e0 la localisation d\u2019abris et \u00e0 la mise en place d\u2019un p\u00e9rim\u00e8tre de s\u00e9curit\u00e9 en attendant l\u2019arriv\u00e9e d\u2019officiers arm\u00e9s. Actuellement, cependant, \u00ab nous ne sommes ni pr\u00e9par\u00e9s, ni form\u00e9s ou arm\u00e9s pour r\u00e9duire le danger lors d\u2019une fusillade, \u00bb a indiqu\u00e9 Suzy Douma.<\/p>\n<div id=\"attachment_6820\" style=\"width: 310px\" class=\"wp-caption alignleft\"><a href=\"\/interamerica\/wp-content\/uploads\/2017\/06\/dale-hodges-web-ii-315x224.jpg\" rel=\"fancybox\" title=\"Le r\u00e9seau, mais aussi les normes se d\u00e9veloppent pour les Adventistes professionnels de la s\u00e9curit\u00e9\"><img decoding=\"async\" aria-describedby=\"caption-attachment-6820\" class=\"size-medium wp-image-6820\" src=\"\/interamerica\/wp-content\/uploads\/2017\/06\/dale-hodges-web-ii-315x224-300x212.jpg\" alt=\"\" width=\"300\" height=\"212\" \/><\/a><p id=\"caption-attachment-6820\" class=\"wp-caption-text\">Dale Hodges est directeur de la s\u00e9curit\u00e9 du campus \u00e0 Andrews University. Il est \u00e9galement le fondateur et le pr\u00e9sident des Professionnels Adventistes de la S\u00e9curit\u00e9 et de la Suret\u00e9. Image Andrews University.<\/p><\/div>\n<p>\u00ab Ce n\u2019est \u00e0 moi de d\u00e9cider, mais je pense que notre universit\u00e9 est ouverte \u00e0 ce type de discussion, \u00bb a dit Suzy Douma.<\/p>\n<p>\u00ab Cela fait des ann\u00e9es que je tente de lancer cette discussion, \u00bb a d\u00e9clar\u00e9 Jim Vines, directeur de la s\u00e9curit\u00e9 au si\u00e8ge de l\u2019Eglise Adventiste mondiale \u00e0 Silver Spring dans le Maryland. Il a indiqu\u00e9 que cinq officiers dans son personnel sont habilit\u00e9s \u00e0 porter une arme \u00e0 feu dissimul\u00e9e.<\/p>\n<p>\u00ab La Bible dit que la situation du monde va empirer. Nous voulons \u00eatre proactifs et pr\u00e9par\u00e9s, \u00bb a dit Jim Vines.<\/p>\n<p>Les membres du comit\u00e9 de PASS travaillent tous dans la Division Nord Am\u00e9ricaine de la d\u00e9nomination, mais ils repr\u00e9sentent des organisations de l\u2019\u00e9glise mondiale. Oakwood, Andrews, Loma Linda et ADRA sont toutes des institutions directement affili\u00e9es au si\u00e8ge mondial de l\u2019Eglise Adventiste \u00e0 Silver Spring dans le Maryland.<\/p>\n<p>Muniz, directeur de la s\u00e9curit\u00e9 \u00e0 ADRA, a indiqu\u00e9 que la question se r\u00e9sume \u00e0 savoir comment prot\u00e9ger au mieux les employ\u00e9s. Il \u00e9tablit des protocoles pour les employ\u00e9s de l\u2019humanitaire qui p\u00e9n\u00e8trent dans de nouvelles r\u00e9gions \u00e0 travers le monde. Il est titulaire d\u2019une maitrise en divinit\u00e9 d\u2019Andrews University et dit que l\u2019histoire de N\u00e9h\u00e9mie est un bon exemple du d\u00e9bat actuel.<\/p>\n<p>Les ouvriers accomplissant l\u2019\u0153uvre de Dieu en reconstruisant la muraille, avaient tous leur \u00e9p\u00e9e au cas o\u00f9. Ils ne cherchaient pas \u00e0 tuer des gens, mais ils \u00e9taient pr\u00eats \u00e0 faire face \u00e0 l\u2019ennemi, \u00bb a indiqu\u00e9 Paul Muniz.<\/p>\n<p>\u00ab C\u2019est encore plus valide aujourd\u2019hui que jamais auparavant. Ceux d\u2019entre nous qui sont impliqu\u00e9s dans l\u2019\u00e9ducation de nos enfants ont besoin d\u2019\u00eatre prot\u00e9g\u00e9s. \u00bb<\/p>\n<p>Pour en savoir plus sur PASS et la prochaine rencontre qu\u2019il organise, contacter Dale Hodges soit par email \u00e0 dbho\u2026@andrews.edu ou en appelant son bureau au 1-269-471-3321<\/p>\n<p>Traduction: Patrick Luciathe<\/p>\n","protected":false},"excerpt":{"rendered":"<p>Lorsque Lewis Eakins a appris la nouvelle au sujet de la fusillade qui a eu lieu \u00e0 Virginia Tech en 2006, il a voulu relever le niveau de pr\u00e9paration pour ses officiers attach\u00e9s \u00e0 la s\u00e9curit\u00e9 sur le campus d\u2019Oakwood University.<\/p>\n","protected":false},"author":1,"featured_media":20903,"comment_status":"closed","ping_status":"closed","sticky":false,"template":"","format":"standard","meta":{"_acf_changed":false,"footnotes":""},"categories":[18],"tags":[],"class_list":["post-31609","post","type-post","status-publish","format-standard","has-post-thumbnail","hentry","category-nouvelles-de-leglise-mondiale"],"acf":[],"yoast_head":"<!-- This site is optimized with the Yoast SEO plugin v27.3 - https:\/\/yoast.com\/product\/yoast-seo-wordpress\/ -->\n<title>Le r\u00e9seau, mais aussi les normes se d\u00e9veloppent pour les Adventistes professionnels de la s\u00e9curit\u00e9 - \u00c9glise Adventiste Du Septieme Jour - Inter Am\u00e9rique Division<\/title>\n<meta name=\"robots\" content=\"index, follow, max-snippet:-1, max-image-preview:large, max-video-preview:-1\" \/>\n<link rel=\"canonical\" href=\"https:\/\/interamerica.org\/fr\/2013\/02\/le-reseau-mais-aussi-les-normes-se-developpent-pour-les-adventistes-professionnels-de-la-securite\/\" \/>\n<meta property=\"og:locale\" content=\"fr_FR\" \/>\n<meta property=\"og:type\" content=\"article\" \/>\n<meta property=\"og:title\" content=\"Le r\u00e9seau, mais aussi les normes se d\u00e9veloppent pour les Adventistes professionnels de la s\u00e9curit\u00e9 - \u00c9glise Adventiste Du Septieme Jour - Inter Am\u00e9rique Division\" \/>\n<meta property=\"og:description\" content=\"Lorsque Lewis Eakins a appris la nouvelle au sujet de la fusillade qui a eu lieu \u00e0 Virginia Tech en 2006, il a voulu relever le niveau de pr\u00e9paration pour ses officiers attach\u00e9s \u00e0 la s\u00e9curit\u00e9 sur le campus d\u2019Oakwood University.\" \/>\n<meta property=\"og:url\" content=\"https:\/\/interamerica.org\/fr\/2013\/02\/le-reseau-mais-aussi-les-normes-se-developpent-pour-les-adventistes-professionnels-de-la-securite\/\" \/>\n<meta property=\"og:site_name\" content=\"\u00c9glise Adventiste Du Septieme Jour - Inter Am\u00e9rique Division\" \/>\n<meta property=\"article:published_time\" content=\"2013-02-13T04:00:00+00:00\" \/>\n<meta property=\"og:image\" content=\"https:\/\/interamerica.org\/wp-content\/uploads\/2017\/06\/lewis-4x3-315x237.jpg\" \/>\n\t<meta property=\"og:image:width\" content=\"315\" \/>\n\t<meta property=\"og:image:height\" content=\"236\" \/>\n\t<meta property=\"og:image:type\" content=\"image\/jpeg\" \/>\n<meta name=\"author\" content=\"Lorenzo Verduzco\" \/>\n<meta name=\"twitter:card\" content=\"summary_large_image\" \/>\n<meta name=\"twitter:label1\" content=\"\u00c9crit par\" \/>\n\t<meta name=\"twitter:data1\" content=\"Lorenzo Verduzco\" \/>\n\t<meta name=\"twitter:label2\" content=\"Dur\u00e9e de lecture estim\u00e9e\" \/>\n\t<meta name=\"twitter:data2\" content=\"8 minutes\" \/>\n<script type=\"application\/ld+json\" class=\"yoast-schema-graph\">{\"@context\":\"https:\\\/\\\/schema.org\",\"@graph\":[{\"@type\":\"Article\",\"@id\":\"https:\\\/\\\/interamerica.org\\\/fr\\\/2013\\\/02\\\/le-reseau-mais-aussi-les-normes-se-developpent-pour-les-adventistes-professionnels-de-la-securite\\\/#article\",\"isPartOf\":{\"@id\":\"https:\\\/\\\/interamerica.org\\\/fr\\\/2013\\\/02\\\/le-reseau-mais-aussi-les-normes-se-developpent-pour-les-adventistes-professionnels-de-la-securite\\\/\"},\"author\":{\"name\":\"Lorenzo Verduzco\",\"@id\":\"https:\\\/\\\/interamerica.org\\\/fr\\\/#\\\/schema\\\/person\\\/68ede8bdc292885bb76c1e3810e73c39\"},\"headline\":\"Le r\u00e9seau, mais aussi les normes se d\u00e9veloppent pour les Adventistes professionnels de la s\u00e9curit\u00e9\",\"datePublished\":\"2013-02-13T04:00:00+00:00\",\"mainEntityOfPage\":{\"@id\":\"https:\\\/\\\/interamerica.org\\\/fr\\\/2013\\\/02\\\/le-reseau-mais-aussi-les-normes-se-developpent-pour-les-adventistes-professionnels-de-la-securite\\\/\"},\"wordCount\":1552,\"image\":{\"@id\":\"https:\\\/\\\/interamerica.org\\\/fr\\\/2013\\\/02\\\/le-reseau-mais-aussi-les-normes-se-developpent-pour-les-adventistes-professionnels-de-la-securite\\\/#primaryimage\"},\"thumbnailUrl\":\"https:\\\/\\\/interamerica.org\\\/wp-content\\\/uploads\\\/2017\\\/06\\\/lewis-4x3-315x237.jpg\",\"articleSection\":[\"Nouvelles de l'\u00c9glise mondiale\"],\"inLanguage\":\"fr-FR\"},{\"@type\":\"WebPage\",\"@id\":\"https:\\\/\\\/interamerica.org\\\/fr\\\/2013\\\/02\\\/le-reseau-mais-aussi-les-normes-se-developpent-pour-les-adventistes-professionnels-de-la-securite\\\/\",\"url\":\"https:\\\/\\\/interamerica.org\\\/fr\\\/2013\\\/02\\\/le-reseau-mais-aussi-les-normes-se-developpent-pour-les-adventistes-professionnels-de-la-securite\\\/\",\"name\":\"Le r\u00e9seau, mais aussi les normes se d\u00e9veloppent pour les Adventistes professionnels de la s\u00e9curit\u00e9 - \u00c9glise Adventiste Du Septieme Jour - Inter Am\u00e9rique Division\",\"isPartOf\":{\"@id\":\"https:\\\/\\\/interamerica.org\\\/fr\\\/#website\"},\"primaryImageOfPage\":{\"@id\":\"https:\\\/\\\/interamerica.org\\\/fr\\\/2013\\\/02\\\/le-reseau-mais-aussi-les-normes-se-developpent-pour-les-adventistes-professionnels-de-la-securite\\\/#primaryimage\"},\"image\":{\"@id\":\"https:\\\/\\\/interamerica.org\\\/fr\\\/2013\\\/02\\\/le-reseau-mais-aussi-les-normes-se-developpent-pour-les-adventistes-professionnels-de-la-securite\\\/#primaryimage\"},\"thumbnailUrl\":\"https:\\\/\\\/interamerica.org\\\/wp-content\\\/uploads\\\/2017\\\/06\\\/lewis-4x3-315x237.jpg\",\"datePublished\":\"2013-02-13T04:00:00+00:00\",\"author\":{\"@id\":\"https:\\\/\\\/interamerica.org\\\/fr\\\/#\\\/schema\\\/person\\\/68ede8bdc292885bb76c1e3810e73c39\"},\"breadcrumb\":{\"@id\":\"https:\\\/\\\/interamerica.org\\\/fr\\\/2013\\\/02\\\/le-reseau-mais-aussi-les-normes-se-developpent-pour-les-adventistes-professionnels-de-la-securite\\\/#breadcrumb\"},\"inLanguage\":\"fr-FR\",\"potentialAction\":[{\"@type\":\"ReadAction\",\"target\":[\"https:\\\/\\\/interamerica.org\\\/fr\\\/2013\\\/02\\\/le-reseau-mais-aussi-les-normes-se-developpent-pour-les-adventistes-professionnels-de-la-securite\\\/\"]}]},{\"@type\":\"ImageObject\",\"inLanguage\":\"fr-FR\",\"@id\":\"https:\\\/\\\/interamerica.org\\\/fr\\\/2013\\\/02\\\/le-reseau-mais-aussi-les-normes-se-developpent-pour-les-adventistes-professionnels-de-la-securite\\\/#primaryimage\",\"url\":\"https:\\\/\\\/interamerica.org\\\/wp-content\\\/uploads\\\/2017\\\/06\\\/lewis-4x3-315x237.jpg\",\"contentUrl\":\"https:\\\/\\\/interamerica.org\\\/wp-content\\\/uploads\\\/2017\\\/06\\\/lewis-4x3-315x237.jpg\",\"width\":315,\"height\":236},{\"@type\":\"BreadcrumbList\",\"@id\":\"https:\\\/\\\/interamerica.org\\\/fr\\\/2013\\\/02\\\/le-reseau-mais-aussi-les-normes-se-developpent-pour-les-adventistes-professionnels-de-la-securite\\\/#breadcrumb\",\"itemListElement\":[{\"@type\":\"ListItem\",\"position\":1,\"name\":\"Home\",\"item\":\"https:\\\/\\\/interamerica.org\\\/fr\\\/\"},{\"@type\":\"ListItem\",\"position\":2,\"name\":\"Le r\u00e9seau, mais aussi les normes se d\u00e9veloppent pour les Adventistes professionnels de la s\u00e9curit\u00e9\"}]},{\"@type\":\"WebSite\",\"@id\":\"https:\\\/\\\/interamerica.org\\\/fr\\\/#website\",\"url\":\"https:\\\/\\\/interamerica.org\\\/fr\\\/\",\"name\":\"\u00c9glise Adventiste Du Septieme Jour - Inter Am\u00e9rique Division\",\"description\":\"\",\"potentialAction\":[{\"@type\":\"SearchAction\",\"target\":{\"@type\":\"EntryPoint\",\"urlTemplate\":\"https:\\\/\\\/interamerica.org\\\/fr\\\/?s={search_term_string}\"},\"query-input\":{\"@type\":\"PropertyValueSpecification\",\"valueRequired\":true,\"valueName\":\"search_term_string\"}}],\"inLanguage\":\"fr-FR\"},{\"@type\":\"Person\",\"@id\":\"https:\\\/\\\/interamerica.org\\\/fr\\\/#\\\/schema\\\/person\\\/68ede8bdc292885bb76c1e3810e73c39\",\"name\":\"Lorenzo Verduzco\",\"image\":{\"@type\":\"ImageObject\",\"inLanguage\":\"fr-FR\",\"@id\":\"https:\\\/\\\/secure.gravatar.com\\\/avatar\\\/fb81a55b6218459490a9c1dc841a34909185b81904c5337b4b27f7a6fd60c49e?s=96&d=mm&r=g\",\"url\":\"https:\\\/\\\/secure.gravatar.com\\\/avatar\\\/fb81a55b6218459490a9c1dc841a34909185b81904c5337b4b27f7a6fd60c49e?s=96&d=mm&r=g\",\"contentUrl\":\"https:\\\/\\\/secure.gravatar.com\\\/avatar\\\/fb81a55b6218459490a9c1dc841a34909185b81904c5337b4b27f7a6fd60c49e?s=96&d=mm&r=g\",\"caption\":\"Lorenzo Verduzco\"}}]}<\/script>\n<!-- \/ Yoast SEO plugin. -->","yoast_head_json":{"title":"Le r\u00e9seau, mais aussi les normes se d\u00e9veloppent pour les Adventistes professionnels de la s\u00e9curit\u00e9 - \u00c9glise Adventiste Du Septieme Jour - Inter Am\u00e9rique Division","robots":{"index":"index","follow":"follow","max-snippet":"max-snippet:-1","max-image-preview":"max-image-preview:large","max-video-preview":"max-video-preview:-1"},"canonical":"https:\/\/interamerica.org\/fr\/2013\/02\/le-reseau-mais-aussi-les-normes-se-developpent-pour-les-adventistes-professionnels-de-la-securite\/","og_locale":"fr_FR","og_type":"article","og_title":"Le r\u00e9seau, mais aussi les normes se d\u00e9veloppent pour les Adventistes professionnels de la s\u00e9curit\u00e9 - \u00c9glise Adventiste Du Septieme Jour - Inter Am\u00e9rique Division","og_description":"Lorsque Lewis Eakins a appris la nouvelle au sujet de la fusillade qui a eu lieu \u00e0 Virginia Tech en 2006, il a voulu relever le niveau de pr\u00e9paration pour ses officiers attach\u00e9s \u00e0 la s\u00e9curit\u00e9 sur le campus d\u2019Oakwood University.","og_url":"https:\/\/interamerica.org\/fr\/2013\/02\/le-reseau-mais-aussi-les-normes-se-developpent-pour-les-adventistes-professionnels-de-la-securite\/","og_site_name":"\u00c9glise Adventiste Du Septieme Jour - Inter Am\u00e9rique Division","article_published_time":"2013-02-13T04:00:00+00:00","og_image":[{"width":315,"height":236,"url":"https:\/\/interamerica.org\/wp-content\/uploads\/2017\/06\/lewis-4x3-315x237.jpg","type":"image\/jpeg"}],"author":"Lorenzo Verduzco","twitter_card":"summary_large_image","twitter_misc":{"\u00c9crit par":"Lorenzo Verduzco","Dur\u00e9e de lecture estim\u00e9e":"8 minutes"},"schema":{"@context":"https:\/\/schema.org","@graph":[{"@type":"Article","@id":"https:\/\/interamerica.org\/fr\/2013\/02\/le-reseau-mais-aussi-les-normes-se-developpent-pour-les-adventistes-professionnels-de-la-securite\/#article","isPartOf":{"@id":"https:\/\/interamerica.org\/fr\/2013\/02\/le-reseau-mais-aussi-les-normes-se-developpent-pour-les-adventistes-professionnels-de-la-securite\/"},"author":{"name":"Lorenzo Verduzco","@id":"https:\/\/interamerica.org\/fr\/#\/schema\/person\/68ede8bdc292885bb76c1e3810e73c39"},"headline":"Le r\u00e9seau, mais aussi les normes se d\u00e9veloppent pour les Adventistes professionnels de la s\u00e9curit\u00e9","datePublished":"2013-02-13T04:00:00+00:00","mainEntityOfPage":{"@id":"https:\/\/interamerica.org\/fr\/2013\/02\/le-reseau-mais-aussi-les-normes-se-developpent-pour-les-adventistes-professionnels-de-la-securite\/"},"wordCount":1552,"image":{"@id":"https:\/\/interamerica.org\/fr\/2013\/02\/le-reseau-mais-aussi-les-normes-se-developpent-pour-les-adventistes-professionnels-de-la-securite\/#primaryimage"},"thumbnailUrl":"https:\/\/interamerica.org\/wp-content\/uploads\/2017\/06\/lewis-4x3-315x237.jpg","articleSection":["Nouvelles de l'\u00c9glise mondiale"],"inLanguage":"fr-FR"},{"@type":"WebPage","@id":"https:\/\/interamerica.org\/fr\/2013\/02\/le-reseau-mais-aussi-les-normes-se-developpent-pour-les-adventistes-professionnels-de-la-securite\/","url":"https:\/\/interamerica.org\/fr\/2013\/02\/le-reseau-mais-aussi-les-normes-se-developpent-pour-les-adventistes-professionnels-de-la-securite\/","name":"Le r\u00e9seau, mais aussi les normes se d\u00e9veloppent pour les Adventistes professionnels de la s\u00e9curit\u00e9 - \u00c9glise Adventiste Du Septieme Jour - Inter Am\u00e9rique Division","isPartOf":{"@id":"https:\/\/interamerica.org\/fr\/#website"},"primaryImageOfPage":{"@id":"https:\/\/interamerica.org\/fr\/2013\/02\/le-reseau-mais-aussi-les-normes-se-developpent-pour-les-adventistes-professionnels-de-la-securite\/#primaryimage"},"image":{"@id":"https:\/\/interamerica.org\/fr\/2013\/02\/le-reseau-mais-aussi-les-normes-se-developpent-pour-les-adventistes-professionnels-de-la-securite\/#primaryimage"},"thumbnailUrl":"https:\/\/interamerica.org\/wp-content\/uploads\/2017\/06\/lewis-4x3-315x237.jpg","datePublished":"2013-02-13T04:00:00+00:00","author":{"@id":"https:\/\/interamerica.org\/fr\/#\/schema\/person\/68ede8bdc292885bb76c1e3810e73c39"},"breadcrumb":{"@id":"https:\/\/interamerica.org\/fr\/2013\/02\/le-reseau-mais-aussi-les-normes-se-developpent-pour-les-adventistes-professionnels-de-la-securite\/#breadcrumb"},"inLanguage":"fr-FR","potentialAction":[{"@type":"ReadAction","target":["https:\/\/interamerica.org\/fr\/2013\/02\/le-reseau-mais-aussi-les-normes-se-developpent-pour-les-adventistes-professionnels-de-la-securite\/"]}]},{"@type":"ImageObject","inLanguage":"fr-FR","@id":"https:\/\/interamerica.org\/fr\/2013\/02\/le-reseau-mais-aussi-les-normes-se-developpent-pour-les-adventistes-professionnels-de-la-securite\/#primaryimage","url":"https:\/\/interamerica.org\/wp-content\/uploads\/2017\/06\/lewis-4x3-315x237.jpg","contentUrl":"https:\/\/interamerica.org\/wp-content\/uploads\/2017\/06\/lewis-4x3-315x237.jpg","width":315,"height":236},{"@type":"BreadcrumbList","@id":"https:\/\/interamerica.org\/fr\/2013\/02\/le-reseau-mais-aussi-les-normes-se-developpent-pour-les-adventistes-professionnels-de-la-securite\/#breadcrumb","itemListElement":[{"@type":"ListItem","position":1,"name":"Home","item":"https:\/\/interamerica.org\/fr\/"},{"@type":"ListItem","position":2,"name":"Le r\u00e9seau, mais aussi les normes se d\u00e9veloppent pour les Adventistes professionnels de la s\u00e9curit\u00e9"}]},{"@type":"WebSite","@id":"https:\/\/interamerica.org\/fr\/#website","url":"https:\/\/interamerica.org\/fr\/","name":"\u00c9glise Adventiste Du Septieme Jour - Inter Am\u00e9rique Division","description":"","potentialAction":[{"@type":"SearchAction","target":{"@type":"EntryPoint","urlTemplate":"https:\/\/interamerica.org\/fr\/?s={search_term_string}"},"query-input":{"@type":"PropertyValueSpecification","valueRequired":true,"valueName":"search_term_string"}}],"inLanguage":"fr-FR"},{"@type":"Person","@id":"https:\/\/interamerica.org\/fr\/#\/schema\/person\/68ede8bdc292885bb76c1e3810e73c39","name":"Lorenzo Verduzco","image":{"@type":"ImageObject","inLanguage":"fr-FR","@id":"https:\/\/secure.gravatar.com\/avatar\/fb81a55b6218459490a9c1dc841a34909185b81904c5337b4b27f7a6fd60c49e?s=96&d=mm&r=g","url":"https:\/\/secure.gravatar.com\/avatar\/fb81a55b6218459490a9c1dc841a34909185b81904c5337b4b27f7a6fd60c49e?s=96&d=mm&r=g","contentUrl":"https:\/\/secure.gravatar.com\/avatar\/fb81a55b6218459490a9c1dc841a34909185b81904c5337b4b27f7a6fd60c49e?s=96&d=mm&r=g","caption":"Lorenzo Verduzco"}}]}},"_links":{"self":[{"href":"https:\/\/interamerica.org\/fr\/wp-json\/wp\/v2\/posts\/31609","targetHints":{"allow":["GET"]}}],"collection":[{"href":"https:\/\/interamerica.org\/fr\/wp-json\/wp\/v2\/posts"}],"about":[{"href":"https:\/\/interamerica.org\/fr\/wp-json\/wp\/v2\/types\/post"}],"author":[{"embeddable":true,"href":"https:\/\/interamerica.org\/fr\/wp-json\/wp\/v2\/users\/1"}],"replies":[{"embeddable":true,"href":"https:\/\/interamerica.org\/fr\/wp-json\/wp\/v2\/comments?post=31609"}],"version-history":[{"count":0,"href":"https:\/\/interamerica.org\/fr\/wp-json\/wp\/v2\/posts\/31609\/revisions"}],"wp:featuredmedia":[{"embeddable":true,"href":"https:\/\/interamerica.org\/fr\/wp-json\/wp\/v2\/media\/20903"}],"wp:attachment":[{"href":"https:\/\/interamerica.org\/fr\/wp-json\/wp\/v2\/media?parent=31609"}],"wp:term":[{"taxonomy":"category","embeddable":true,"href":"https:\/\/interamerica.org\/fr\/wp-json\/wp\/v2\/categories?post=31609"},{"taxonomy":"post_tag","embeddable":true,"href":"https:\/\/interamerica.org\/fr\/wp-json\/wp\/v2\/tags?post=31609"}],"curies":[{"name":"wp","href":"https:\/\/api.w.org\/{rel}","templated":true}]}}