{"id":31614,"date":"2013-02-19T00:00:00","date_gmt":"2013-02-19T04:00:00","guid":{"rendered":"http:\/\/192.81.217.108\/interamerica\/2013\/02\/republique-dominicaine-leglise-inaugure-25-nouveaux-temples\/"},"modified":"2013-02-19T00:00:00","modified_gmt":"2013-02-19T04:00:00","slug":"republique-dominicaine-leglise-inaugure-25-nouveaux-temples","status":"publish","type":"post","link":"https:\/\/interamerica.org\/fr\/2013\/02\/republique-dominicaine-leglise-inaugure-25-nouveaux-temples\/","title":{"rendered":"R\u00e9publique Dominicaine: L&rsquo;Eglise inaugure 25 nouveaux temples"},"content":{"rendered":"<div id=\"attachment_6904\" style=\"width: 600px\" class=\"wp-caption aligncenter\"><a href=\"\/interamerica\/wp-content\/uploads\/2017\/06\/NaguaBig.jpg\" rel=\"fancybox\" title=\"R\u00e9publique Dominicaine: L'Eglise inaugure 25 nouveaux temples\"><img fetchpriority=\"high\" decoding=\"async\" aria-describedby=\"caption-attachment-6904\" class=\"size-full wp-image-6904\" src=\"\/interamerica\/wp-content\/uploads\/2017\/06\/NaguaBig.jpg\" alt=\"\" width=\"590\" height=\"392\" \/><\/a><p id=\"caption-attachment-6904\" class=\"wp-caption-text\">L\u2019Eglise Adventiste Centrale de Nagua en R\u00e9publique Dominicaine est l\u2019une des 25 nouvelles \u00e9glises inaugur\u00e9es r\u00e9cemment, gr\u00e2ce aux contributions de milliers de membres d\u2019\u00e9glise \u00e0 travers l\u2019ile. Image de l\u2019Union Dominicaine.<\/p><\/div>\n<p>18 F\u00e9vrier 2013 \u2013 Santo Domingo, R\u00e9publique Dominicaine\u2026Bernardo Medina\/DIA<\/p>\n<div id=\"attachment_6905\" style=\"width: 325px\" class=\"wp-caption alignleft\"><a href=\"\/interamerica\/wp-content\/uploads\/2017\/06\/IGL-Nagua-Acevedo.png\" rel=\"fancybox\" title=\"R\u00e9publique Dominicaine: L'Eglise inaugure 25 nouveaux temples\"><img decoding=\"async\" aria-describedby=\"caption-attachment-6905\" class=\"size-full wp-image-6905\" src=\"\/interamerica\/wp-content\/uploads\/2017\/06\/IGL-Nagua-Acevedo.png\" alt=\"\" width=\"315\" height=\"231\" \/><\/a><p id=\"caption-attachment-6905\" class=\"wp-caption-text\">Le pr\u00e9sident de l\u2019Eglise Adventiste en R\u00e9publique Dominicaine, pasteur Cesario Acevedo (au centre), coupe le ruban inaugural de la nouvelle Eglise Adventiste Centrale de Nagua le 22 d\u00e9cembre 2012, alors que le secr\u00e9taire ex\u00e9cutif, pasteur Teofilo Silvestre (\u00e0 gauche) et le tr\u00e9sorier Moise Javier tiennent le ruban.<\/p><\/div>\n<p>Entretenir les lieux de culte existants et en construire de nouveaux, est l\u2019un des objectifs des leaders de l\u2019Eglise Adventiste du Septi\u00e8me jour en R\u00e9publique Dominicaine visant \u00e0 r\u00e9pondre aux besoins d\u2019une \u00e9glise dont l\u2019effectif est en pleine croissance. Lors d\u2019une r\u00e9cente s\u00e9rie de c\u00e9r\u00e9monies de d\u00e9dicace, 25 nouvelles \u00e9glises \u00e0 travers le pays ont \u00e9t\u00e9 inaugur\u00e9es.<\/p>\n<p>\u00ab Cela n\u2019a \u00e9t\u00e9 possible que par la gr\u00e2ce de Dieu et avec le soutien des milliers de membres d\u2019\u00e9glise qui ont contribu\u00e9 au d\u00e9veloppement de l\u2019\u00e9glise dans toute l\u2019ile, \u00bb a d\u00e9clar\u00e9 pasteur Cesario Acevedo, pr\u00e9sident de l\u2019Eglise Adventiste en R\u00e9publique Dominicaine.<\/p>\n<p>\u00ab Nous louons Dieu parce que 25 nouvelles congr\u00e9gations peuvent adorer et glorifier le nom de notre Seigneur d\u2019une mani\u00e8re digne et correcte, \u00bb a t-il ajout\u00e9.<\/p>\n<p>Les membres d\u2019\u00e9glise ont particip\u00e9, gr\u00e2ce \u00e0 l\u2019unit\u00e9 dans notre \u00e9glise, a dit Moise Javier, tr\u00e9sorier de l\u2019Eglise Adventiste en R\u00e9publique Dominicaine. \u00ab Chaque membre a pris conscience de sa responsabilit\u00e9 et est d\u00e9sireux de contribuer avec ses talents et ses ressources afin d\u2019accomplir de grandes choses pour l\u2019\u00e9glise et la communaut\u00e9. \u00bb<\/p>\n<div id=\"attachment_6907\" style=\"width: 325px\" class=\"wp-caption alignright\"><a href=\"\/interamerica\/wp-content\/uploads\/2017\/06\/IglesiaFe-inside.jpg\" rel=\"fancybox\" title=\"R\u00e9publique Dominicaine: L'Eglise inaugure 25 nouveaux temples\"><img decoding=\"async\" aria-describedby=\"caption-attachment-6907\" class=\"size-full wp-image-6907\" src=\"\/interamerica\/wp-content\/uploads\/2017\/06\/IglesiaFe-inside.jpg\" alt=\"\" width=\"315\" height=\"206\" \/><\/a><p id=\"caption-attachment-6907\" class=\"wp-caption-text\">Pasteur Cesario Acevedo intervient lors de la c\u00e9r\u00e9monie d\u2019inauguration de l\u2019Eglise Adventiste de la Foi \u00e0 Higuey dans la partie est de l\u2019ile, le 29 d\u00e9cembre 2012.<\/p><\/div>\n<p>L\u2019Eglise Adventiste de la Foi \u00e0 Higuey dans la partie orientale de l\u2019ile \u00e9tait la 25\u00e8me \u00e9glise \u00e0 \u00eatre inaugur\u00e9e ; la c\u00e9r\u00e9monie a eu lieu le dernier sabbat de l\u2019ann\u00e9e 2012. Les dirigeants d\u2019\u00e9glise ainsi que des centaines de membres ont rempli l\u2019\u00e9glise \u00e0 l\u2019occasion d\u2019un programme sp\u00e9cial d\u2019actions de gr\u00e2ces pour comm\u00e9morer le nouveau temple.<\/p>\n<p>Vingt-cinq autres \u00e9glises Adventistes devraient \u00eatre reconstruites ou r\u00e9nov\u00e9es cette ann\u00e9e, ont indiqu\u00e9 les administrateurs. Ces derniers n\u2019ont aucun doute sur le fait que l\u2019objectif sera atteint cette ann\u00e9e gr\u00e2ce \u00e0 un effectif de membres engag\u00e9s.<\/p>\n<p>L\u2019Eglise Adventiste du Septi\u00e8me jour en R\u00e9publique Dominicaine g\u00e8re un h\u00f4pital, une universit\u00e9, des dizaines d\u2019\u00e9coles primaires et secondaires et 20 stations de radio \u00e0 travers l\u2019ile.<\/p>\n<p>Pour en savoir plus sur l\u2019Eglise Adventiste du Septi\u00e8me jour en R\u00e9publique Dominicaine, visitez le site visit <a href=\"http:\/\/www.adventistas.org.do\/\">adventistas.org.do<\/a><\/p>\n<p>Traduction: Patrick Luciathe<\/p>\n","protected":false},"excerpt":{"rendered":"<p>Entretenir les lieux de culte existants et en construire de nouveaux, est l\u2019un des objectifs des leaders de l\u2019Eglise Adventiste du Septi\u00e8me jour en R\u00e9publique Dominicaine visant \u00e0 r\u00e9pondre aux besoins d\u2019une \u00e9glise dont l\u2019effectif est en pleine croissance.<\/p>\n","protected":false},"author":1,"featured_media":20947,"comment_status":"closed","ping_status":"closed","sticky":false,"template":"","format":"standard","meta":{"_acf_changed":false,"footnotes":""},"categories":[21],"tags":[],"class_list":["post-31614","post","type-post","status-publish","format-standard","has-post-thumbnail","hentry","category-nouvelles-du-territoire"],"acf":[],"yoast_head":"<!-- This site is optimized with the Yoast SEO plugin v27.3 - https:\/\/yoast.com\/product\/yoast-seo-wordpress\/ -->\n<title>R\u00e9publique Dominicaine: L&#039;Eglise inaugure 25 nouveaux temples - \u00c9glise Adventiste Du Septieme Jour - Inter Am\u00e9rique Division<\/title>\n<meta name=\"robots\" content=\"index, follow, max-snippet:-1, max-image-preview:large, max-video-preview:-1\" \/>\n<link rel=\"canonical\" href=\"https:\/\/interamerica.org\/fr\/2013\/02\/republique-dominicaine-leglise-inaugure-25-nouveaux-temples\/\" \/>\n<meta property=\"og:locale\" content=\"fr_FR\" \/>\n<meta property=\"og:type\" content=\"article\" \/>\n<meta property=\"og:title\" content=\"R\u00e9publique Dominicaine: L&#039;Eglise inaugure 25 nouveaux temples - \u00c9glise Adventiste Du Septieme Jour - Inter Am\u00e9rique Division\" \/>\n<meta property=\"og:description\" content=\"Entretenir les lieux de culte existants et en construire de nouveaux, est l\u2019un des objectifs des leaders de l\u2019Eglise Adventiste du Septi\u00e8me jour en R\u00e9publique Dominicaine visant \u00e0 r\u00e9pondre aux besoins d\u2019une \u00e9glise dont l\u2019effectif est en pleine croissance.\" \/>\n<meta property=\"og:url\" content=\"https:\/\/interamerica.org\/fr\/2013\/02\/republique-dominicaine-leglise-inaugure-25-nouveaux-temples\/\" \/>\n<meta property=\"og:site_name\" content=\"\u00c9glise Adventiste Du Septieme Jour - Inter Am\u00e9rique Division\" \/>\n<meta property=\"article:published_time\" content=\"2013-02-19T04:00:00+00:00\" \/>\n<meta property=\"og:image\" content=\"https:\/\/interamerica.org\/wp-content\/uploads\/2017\/06\/iglesiaNagua.jpg\" \/>\n\t<meta property=\"og:image:width\" content=\"315\" \/>\n\t<meta property=\"og:image:height\" content=\"208\" \/>\n\t<meta property=\"og:image:type\" content=\"image\/jpeg\" \/>\n<meta name=\"author\" content=\"Lorenzo Verduzco\" \/>\n<meta name=\"twitter:card\" content=\"summary_large_image\" \/>\n<meta name=\"twitter:label1\" content=\"\u00c9crit par\" \/>\n\t<meta name=\"twitter:data1\" content=\"Lorenzo Verduzco\" \/>\n\t<meta name=\"twitter:label2\" content=\"Dur\u00e9e de lecture estim\u00e9e\" \/>\n\t<meta name=\"twitter:data2\" content=\"3 minutes\" \/>\n<script type=\"application\/ld+json\" class=\"yoast-schema-graph\">{\"@context\":\"https:\\\/\\\/schema.org\",\"@graph\":[{\"@type\":\"Article\",\"@id\":\"https:\\\/\\\/interamerica.org\\\/fr\\\/2013\\\/02\\\/republique-dominicaine-leglise-inaugure-25-nouveaux-temples\\\/#article\",\"isPartOf\":{\"@id\":\"https:\\\/\\\/interamerica.org\\\/fr\\\/2013\\\/02\\\/republique-dominicaine-leglise-inaugure-25-nouveaux-temples\\\/\"},\"author\":{\"name\":\"Lorenzo Verduzco\",\"@id\":\"https:\\\/\\\/interamerica.org\\\/fr\\\/#\\\/schema\\\/person\\\/68ede8bdc292885bb76c1e3810e73c39\"},\"headline\":\"R\u00e9publique Dominicaine: L&rsquo;Eglise inaugure 25 nouveaux temples\",\"datePublished\":\"2013-02-19T04:00:00+00:00\",\"mainEntityOfPage\":{\"@id\":\"https:\\\/\\\/interamerica.org\\\/fr\\\/2013\\\/02\\\/republique-dominicaine-leglise-inaugure-25-nouveaux-temples\\\/\"},\"wordCount\":531,\"image\":{\"@id\":\"https:\\\/\\\/interamerica.org\\\/fr\\\/2013\\\/02\\\/republique-dominicaine-leglise-inaugure-25-nouveaux-temples\\\/#primaryimage\"},\"thumbnailUrl\":\"https:\\\/\\\/interamerica.org\\\/wp-content\\\/uploads\\\/2017\\\/06\\\/iglesiaNagua.jpg\",\"articleSection\":[\"Nouvelles du territoire\"],\"inLanguage\":\"fr-FR\"},{\"@type\":\"WebPage\",\"@id\":\"https:\\\/\\\/interamerica.org\\\/fr\\\/2013\\\/02\\\/republique-dominicaine-leglise-inaugure-25-nouveaux-temples\\\/\",\"url\":\"https:\\\/\\\/interamerica.org\\\/fr\\\/2013\\\/02\\\/republique-dominicaine-leglise-inaugure-25-nouveaux-temples\\\/\",\"name\":\"R\u00e9publique Dominicaine: L'Eglise inaugure 25 nouveaux temples - \u00c9glise Adventiste Du Septieme Jour - Inter Am\u00e9rique Division\",\"isPartOf\":{\"@id\":\"https:\\\/\\\/interamerica.org\\\/fr\\\/#website\"},\"primaryImageOfPage\":{\"@id\":\"https:\\\/\\\/interamerica.org\\\/fr\\\/2013\\\/02\\\/republique-dominicaine-leglise-inaugure-25-nouveaux-temples\\\/#primaryimage\"},\"image\":{\"@id\":\"https:\\\/\\\/interamerica.org\\\/fr\\\/2013\\\/02\\\/republique-dominicaine-leglise-inaugure-25-nouveaux-temples\\\/#primaryimage\"},\"thumbnailUrl\":\"https:\\\/\\\/interamerica.org\\\/wp-content\\\/uploads\\\/2017\\\/06\\\/iglesiaNagua.jpg\",\"datePublished\":\"2013-02-19T04:00:00+00:00\",\"author\":{\"@id\":\"https:\\\/\\\/interamerica.org\\\/fr\\\/#\\\/schema\\\/person\\\/68ede8bdc292885bb76c1e3810e73c39\"},\"breadcrumb\":{\"@id\":\"https:\\\/\\\/interamerica.org\\\/fr\\\/2013\\\/02\\\/republique-dominicaine-leglise-inaugure-25-nouveaux-temples\\\/#breadcrumb\"},\"inLanguage\":\"fr-FR\",\"potentialAction\":[{\"@type\":\"ReadAction\",\"target\":[\"https:\\\/\\\/interamerica.org\\\/fr\\\/2013\\\/02\\\/republique-dominicaine-leglise-inaugure-25-nouveaux-temples\\\/\"]}]},{\"@type\":\"ImageObject\",\"inLanguage\":\"fr-FR\",\"@id\":\"https:\\\/\\\/interamerica.org\\\/fr\\\/2013\\\/02\\\/republique-dominicaine-leglise-inaugure-25-nouveaux-temples\\\/#primaryimage\",\"url\":\"https:\\\/\\\/interamerica.org\\\/wp-content\\\/uploads\\\/2017\\\/06\\\/iglesiaNagua.jpg\",\"contentUrl\":\"https:\\\/\\\/interamerica.org\\\/wp-content\\\/uploads\\\/2017\\\/06\\\/iglesiaNagua.jpg\",\"width\":315,\"height\":208},{\"@type\":\"BreadcrumbList\",\"@id\":\"https:\\\/\\\/interamerica.org\\\/fr\\\/2013\\\/02\\\/republique-dominicaine-leglise-inaugure-25-nouveaux-temples\\\/#breadcrumb\",\"itemListElement\":[{\"@type\":\"ListItem\",\"position\":1,\"name\":\"Home\",\"item\":\"https:\\\/\\\/interamerica.org\\\/fr\\\/\"},{\"@type\":\"ListItem\",\"position\":2,\"name\":\"R\u00e9publique Dominicaine: L&rsquo;Eglise inaugure 25 nouveaux temples\"}]},{\"@type\":\"WebSite\",\"@id\":\"https:\\\/\\\/interamerica.org\\\/fr\\\/#website\",\"url\":\"https:\\\/\\\/interamerica.org\\\/fr\\\/\",\"name\":\"\u00c9glise Adventiste Du Septieme Jour - Inter Am\u00e9rique Division\",\"description\":\"\",\"potentialAction\":[{\"@type\":\"SearchAction\",\"target\":{\"@type\":\"EntryPoint\",\"urlTemplate\":\"https:\\\/\\\/interamerica.org\\\/fr\\\/?s={search_term_string}\"},\"query-input\":{\"@type\":\"PropertyValueSpecification\",\"valueRequired\":true,\"valueName\":\"search_term_string\"}}],\"inLanguage\":\"fr-FR\"},{\"@type\":\"Person\",\"@id\":\"https:\\\/\\\/interamerica.org\\\/fr\\\/#\\\/schema\\\/person\\\/68ede8bdc292885bb76c1e3810e73c39\",\"name\":\"Lorenzo Verduzco\",\"image\":{\"@type\":\"ImageObject\",\"inLanguage\":\"fr-FR\",\"@id\":\"https:\\\/\\\/secure.gravatar.com\\\/avatar\\\/fb81a55b6218459490a9c1dc841a34909185b81904c5337b4b27f7a6fd60c49e?s=96&d=mm&r=g\",\"url\":\"https:\\\/\\\/secure.gravatar.com\\\/avatar\\\/fb81a55b6218459490a9c1dc841a34909185b81904c5337b4b27f7a6fd60c49e?s=96&d=mm&r=g\",\"contentUrl\":\"https:\\\/\\\/secure.gravatar.com\\\/avatar\\\/fb81a55b6218459490a9c1dc841a34909185b81904c5337b4b27f7a6fd60c49e?s=96&d=mm&r=g\",\"caption\":\"Lorenzo Verduzco\"}}]}<\/script>\n<!-- \/ Yoast SEO plugin. -->","yoast_head_json":{"title":"R\u00e9publique Dominicaine: L'Eglise inaugure 25 nouveaux temples - \u00c9glise Adventiste Du Septieme Jour - Inter Am\u00e9rique Division","robots":{"index":"index","follow":"follow","max-snippet":"max-snippet:-1","max-image-preview":"max-image-preview:large","max-video-preview":"max-video-preview:-1"},"canonical":"https:\/\/interamerica.org\/fr\/2013\/02\/republique-dominicaine-leglise-inaugure-25-nouveaux-temples\/","og_locale":"fr_FR","og_type":"article","og_title":"R\u00e9publique Dominicaine: L'Eglise inaugure 25 nouveaux temples - \u00c9glise Adventiste Du Septieme Jour - Inter Am\u00e9rique Division","og_description":"Entretenir les lieux de culte existants et en construire de nouveaux, est l\u2019un des objectifs des leaders de l\u2019Eglise Adventiste du Septi\u00e8me jour en R\u00e9publique Dominicaine visant \u00e0 r\u00e9pondre aux besoins d\u2019une \u00e9glise dont l\u2019effectif est en pleine croissance.","og_url":"https:\/\/interamerica.org\/fr\/2013\/02\/republique-dominicaine-leglise-inaugure-25-nouveaux-temples\/","og_site_name":"\u00c9glise Adventiste Du Septieme Jour - Inter Am\u00e9rique Division","article_published_time":"2013-02-19T04:00:00+00:00","og_image":[{"width":315,"height":208,"url":"https:\/\/interamerica.org\/wp-content\/uploads\/2017\/06\/iglesiaNagua.jpg","type":"image\/jpeg"}],"author":"Lorenzo Verduzco","twitter_card":"summary_large_image","twitter_misc":{"\u00c9crit par":"Lorenzo Verduzco","Dur\u00e9e de lecture estim\u00e9e":"3 minutes"},"schema":{"@context":"https:\/\/schema.org","@graph":[{"@type":"Article","@id":"https:\/\/interamerica.org\/fr\/2013\/02\/republique-dominicaine-leglise-inaugure-25-nouveaux-temples\/#article","isPartOf":{"@id":"https:\/\/interamerica.org\/fr\/2013\/02\/republique-dominicaine-leglise-inaugure-25-nouveaux-temples\/"},"author":{"name":"Lorenzo Verduzco","@id":"https:\/\/interamerica.org\/fr\/#\/schema\/person\/68ede8bdc292885bb76c1e3810e73c39"},"headline":"R\u00e9publique Dominicaine: L&rsquo;Eglise inaugure 25 nouveaux temples","datePublished":"2013-02-19T04:00:00+00:00","mainEntityOfPage":{"@id":"https:\/\/interamerica.org\/fr\/2013\/02\/republique-dominicaine-leglise-inaugure-25-nouveaux-temples\/"},"wordCount":531,"image":{"@id":"https:\/\/interamerica.org\/fr\/2013\/02\/republique-dominicaine-leglise-inaugure-25-nouveaux-temples\/#primaryimage"},"thumbnailUrl":"https:\/\/interamerica.org\/wp-content\/uploads\/2017\/06\/iglesiaNagua.jpg","articleSection":["Nouvelles du territoire"],"inLanguage":"fr-FR"},{"@type":"WebPage","@id":"https:\/\/interamerica.org\/fr\/2013\/02\/republique-dominicaine-leglise-inaugure-25-nouveaux-temples\/","url":"https:\/\/interamerica.org\/fr\/2013\/02\/republique-dominicaine-leglise-inaugure-25-nouveaux-temples\/","name":"R\u00e9publique Dominicaine: L'Eglise inaugure 25 nouveaux temples - \u00c9glise Adventiste Du Septieme Jour - Inter Am\u00e9rique Division","isPartOf":{"@id":"https:\/\/interamerica.org\/fr\/#website"},"primaryImageOfPage":{"@id":"https:\/\/interamerica.org\/fr\/2013\/02\/republique-dominicaine-leglise-inaugure-25-nouveaux-temples\/#primaryimage"},"image":{"@id":"https:\/\/interamerica.org\/fr\/2013\/02\/republique-dominicaine-leglise-inaugure-25-nouveaux-temples\/#primaryimage"},"thumbnailUrl":"https:\/\/interamerica.org\/wp-content\/uploads\/2017\/06\/iglesiaNagua.jpg","datePublished":"2013-02-19T04:00:00+00:00","author":{"@id":"https:\/\/interamerica.org\/fr\/#\/schema\/person\/68ede8bdc292885bb76c1e3810e73c39"},"breadcrumb":{"@id":"https:\/\/interamerica.org\/fr\/2013\/02\/republique-dominicaine-leglise-inaugure-25-nouveaux-temples\/#breadcrumb"},"inLanguage":"fr-FR","potentialAction":[{"@type":"ReadAction","target":["https:\/\/interamerica.org\/fr\/2013\/02\/republique-dominicaine-leglise-inaugure-25-nouveaux-temples\/"]}]},{"@type":"ImageObject","inLanguage":"fr-FR","@id":"https:\/\/interamerica.org\/fr\/2013\/02\/republique-dominicaine-leglise-inaugure-25-nouveaux-temples\/#primaryimage","url":"https:\/\/interamerica.org\/wp-content\/uploads\/2017\/06\/iglesiaNagua.jpg","contentUrl":"https:\/\/interamerica.org\/wp-content\/uploads\/2017\/06\/iglesiaNagua.jpg","width":315,"height":208},{"@type":"BreadcrumbList","@id":"https:\/\/interamerica.org\/fr\/2013\/02\/republique-dominicaine-leglise-inaugure-25-nouveaux-temples\/#breadcrumb","itemListElement":[{"@type":"ListItem","position":1,"name":"Home","item":"https:\/\/interamerica.org\/fr\/"},{"@type":"ListItem","position":2,"name":"R\u00e9publique Dominicaine: L&rsquo;Eglise inaugure 25 nouveaux temples"}]},{"@type":"WebSite","@id":"https:\/\/interamerica.org\/fr\/#website","url":"https:\/\/interamerica.org\/fr\/","name":"\u00c9glise Adventiste Du Septieme Jour - Inter Am\u00e9rique Division","description":"","potentialAction":[{"@type":"SearchAction","target":{"@type":"EntryPoint","urlTemplate":"https:\/\/interamerica.org\/fr\/?s={search_term_string}"},"query-input":{"@type":"PropertyValueSpecification","valueRequired":true,"valueName":"search_term_string"}}],"inLanguage":"fr-FR"},{"@type":"Person","@id":"https:\/\/interamerica.org\/fr\/#\/schema\/person\/68ede8bdc292885bb76c1e3810e73c39","name":"Lorenzo Verduzco","image":{"@type":"ImageObject","inLanguage":"fr-FR","@id":"https:\/\/secure.gravatar.com\/avatar\/fb81a55b6218459490a9c1dc841a34909185b81904c5337b4b27f7a6fd60c49e?s=96&d=mm&r=g","url":"https:\/\/secure.gravatar.com\/avatar\/fb81a55b6218459490a9c1dc841a34909185b81904c5337b4b27f7a6fd60c49e?s=96&d=mm&r=g","contentUrl":"https:\/\/secure.gravatar.com\/avatar\/fb81a55b6218459490a9c1dc841a34909185b81904c5337b4b27f7a6fd60c49e?s=96&d=mm&r=g","caption":"Lorenzo Verduzco"}}]}},"_links":{"self":[{"href":"https:\/\/interamerica.org\/fr\/wp-json\/wp\/v2\/posts\/31614","targetHints":{"allow":["GET"]}}],"collection":[{"href":"https:\/\/interamerica.org\/fr\/wp-json\/wp\/v2\/posts"}],"about":[{"href":"https:\/\/interamerica.org\/fr\/wp-json\/wp\/v2\/types\/post"}],"author":[{"embeddable":true,"href":"https:\/\/interamerica.org\/fr\/wp-json\/wp\/v2\/users\/1"}],"replies":[{"embeddable":true,"href":"https:\/\/interamerica.org\/fr\/wp-json\/wp\/v2\/comments?post=31614"}],"version-history":[{"count":0,"href":"https:\/\/interamerica.org\/fr\/wp-json\/wp\/v2\/posts\/31614\/revisions"}],"wp:featuredmedia":[{"embeddable":true,"href":"https:\/\/interamerica.org\/fr\/wp-json\/wp\/v2\/media\/20947"}],"wp:attachment":[{"href":"https:\/\/interamerica.org\/fr\/wp-json\/wp\/v2\/media?parent=31614"}],"wp:term":[{"taxonomy":"category","embeddable":true,"href":"https:\/\/interamerica.org\/fr\/wp-json\/wp\/v2\/categories?post=31614"},{"taxonomy":"post_tag","embeddable":true,"href":"https:\/\/interamerica.org\/fr\/wp-json\/wp\/v2\/tags?post=31614"}],"curies":[{"name":"wp","href":"https:\/\/api.w.org\/{rel}","templated":true}]}}