{"id":31621,"date":"2013-03-05T00:00:00","date_gmt":"2013-03-05T04:00:00","guid":{"rendered":"http:\/\/192.81.217.108\/interamerica\/2013\/03\/honduras-le-personnel-de-lhopital-adventiste-ainsi-que-des-benevoles-proposent-des-soins-medicaux\/"},"modified":"2013-03-05T00:00:00","modified_gmt":"2013-03-05T04:00:00","slug":"honduras-le-personnel-de-lhopital-adventiste-ainsi-que-des-benevoles-proposent-des-soins-medicaux","status":"publish","type":"post","link":"https:\/\/interamerica.org\/fr\/2013\/03\/honduras-le-personnel-de-lhopital-adventiste-ainsi-que-des-benevoles-proposent-des-soins-medicaux\/","title":{"rendered":"Honduras : Le personnel de l\u2019h\u00f4pital Adventiste ainsi que des b\u00e9n\u00e9voles proposent des soins m\u00e9dicaux"},"content":{"rendered":"<p>5 Mars 2013 \u2013 Julie Busch, directrice r\u00e9gionale, relations publiques, Adventist Midwest Health, depuis Hinsdale, Illinois<\/p>\n<p>Plus de 30 personnes repr\u00e9sentant les quatre h\u00f4pitaux de Adventist Midwest Health (Syst\u00e8me M\u00e9dical Adventiste du Midwest) se sont rendus au Honduras pour offrir des soins m\u00e9dicaux aux r\u00e9sidents de la r\u00e9gion.<\/p>\n<div id=\"attachment_7014\" style=\"width: 310px\" class=\"wp-caption alignleft\"><a href=\"\/interamerica\/wp-content\/uploads\/2017\/06\/2013-1506NewsHonduras2.jpg\" rel=\"fancybox\" title=\"Honduras : Le personnel de l\u2019h\u00f4pital Adventiste ainsi que des b\u00e9n\u00e9voles proposent des soins m\u00e9dicaux\"><img fetchpriority=\"high\" decoding=\"async\" aria-describedby=\"caption-attachment-7014\" class=\"size-medium wp-image-7014\" src=\"\/interamerica\/wp-content\/uploads\/2017\/06\/2013-1506NewsHonduras2-300x182.jpg\" alt=\"\" width=\"300\" height=\"182\" \/><\/a><p id=\"caption-attachment-7014\" class=\"wp-caption-text\">Les infirmiers et m\u00e9decins de Adventist Health \u00e0 Hinsdale dans l\u2019Illinois, en compagnie de b\u00e9n\u00e9voles, se font instruments de sant\u00e9 et de gu\u00e9rison au Honduras. Image de Adventist Health.<\/p><\/div>\n<p>Les repr\u00e9sentants des h\u00f4pitaux Adventist Bolingbrook, Adventist Glen-Oaks, Adventist Hinsdale, et Adventist La Grange Memorial ont trait\u00e9 plus de 1200 patients au Honduras du 20 au 27 janvier 2013. L\u2019\u00e9quipe s\u2019est associ\u00e9e \u00e0 l\u2019H\u00f4pital Adventiste de Valle de Angeles (Vall\u00e9e des Anges), un \u00e9tablissement de 30 lits situ\u00e9 dans la ville de Valle de Angeles, \u00e0 environ une heure de Tegucigalpa, la capitale du Honduras. L\u2019h\u00f4pital est un des partenaires mondiaux de Adventist Health International depuis 2005.<\/p>\n<p>Le groupe \u00e9tait constitu\u00e9 de plusieurs \u00e9quipes. L\u2019\u00e9quipe clinique compos\u00e9e de m\u00e9decins, d\u2019infirmiers et d\u2019autres membres du personnel a trait\u00e9 et \u00e9cout\u00e9 les pr\u00e9occupations de chaque patient. L\u2019\u00e9quipe de pharmacie a propos\u00e9 des vitamines et autres m\u00e9dicaments aux patients. L\u2019\u00e9quipe du minist\u00e8re du camp des enfants a gard\u00e9 les enfants qui se trouvaient \u00eatre en vacances d\u2019\u00e9t\u00e9, elle a amus\u00e9 les enfants en peignant leurs ongles et en appliquant des tatouages Chr\u00e9tiens qui disaient \u00ab J\u00e9sus m\u2019aime \u00bb sur pratiquement tous les enfants. L\u2019\u00e9quipe a distribu\u00e9 des crayons de couleur et des pages \u00e0 colorier, des cordes \u00e0 sauter et des yoyos, et a aussi aid\u00e9 les enfants \u00e0 assembler des puzzles.<\/p>\n<div id=\"attachment_7015\" style=\"width: 310px\" class=\"wp-caption alignright\"><a href=\"\/interamerica\/wp-content\/uploads\/2017\/06\/2013-1506NewsHonduras1.jpg\" rel=\"fancybox\" title=\"Honduras : Le personnel de l\u2019h\u00f4pital Adventiste ainsi que des b\u00e9n\u00e9voles proposent des soins m\u00e9dicaux\"><img decoding=\"async\" aria-describedby=\"caption-attachment-7015\" class=\"size-medium wp-image-7015\" src=\"\/interamerica\/wp-content\/uploads\/2017\/06\/2013-1506NewsHonduras1-300x285.jpg\" alt=\"\" width=\"300\" height=\"285\" \/><\/a><p id=\"caption-attachment-7015\" class=\"wp-caption-text\">Jennifer Orde, membre de l\u2019\u00e9quipe, bande le pied d\u2019une patiente pour prot\u00e9ger ses l\u00e9sions cutan\u00e9es de l\u2019infection.<\/p><\/div>\n<p>Deux des m\u00e9decins de l\u2019\u00e9quipe- Dr Ted Suchy, un chirurgien orthop\u00e9dique, et Dr Lanny Wilson, un obst\u00e9tricien\/gyn\u00e9cologue- ont pu r\u00e9aliser des actes de chirurgie \u00e0 l\u2019h\u00f4pital. Dr Wilson a d\u00e9clar\u00e9 avoir ressenti la pr\u00e9sence de Dieu juste avant le d\u00e9but de sa premi\u00e8re op\u00e9ration chirurgicale. Aux Etats Unis, les m\u00e9decins et le personnel ont une proc\u00e9dure appel\u00e9e \u00ab pause \u00bb, un outil de s\u00e9curit\u00e9 pour le patient au cours duquel l\u2019\u00e9quipe effectue une v\u00e9rification du patient et de la proc\u00e9dure qu\u2019ils sont sur le point de r\u00e9aliser.<\/p>\n<p>Mais au Honduras, Dr Wilson l\u2019a appris, l\u2019\u00e9quipe d\u00e9bute par une pri\u00e8re, et ils ont pri\u00e9 que le Dr Wilson puisse aider la patiente et que cette derni\u00e8re puisse \u00eatre pleinement r\u00e9tablie. \u00ab Je me suis senti fortifi\u00e9 par la pri\u00e8re et j\u2019ai pu me d\u00e9tendre et mieux r\u00e9aliser la proc\u00e9dure, \u00bb a t-il dit. \u00ab Dieu \u00e9tait avec nous. Nous n\u2019\u00e9tions pas en train de faire les choses de nous m\u00eames. \u00bb<\/p>\n<p>Alors qu\u2019un jour l\u2019\u00e9quipe mettait en place la clinique, Sharon Bowers s\u2019est rendue aupr\u00e8s des repr\u00e9sentants de l\u2019Eglise Adventiste du Septi\u00e8me jour locale et leur a dit que s\u2019ils rencontraient des personnes ayant un besoin spirituel quelconque, qu\u2019ils devraient venir la chercher et qu\u2019elle prierait pour ces personnes.<\/p>\n<p>\u00ab A peine deux minutes plus tard quelqu\u2019un me tapait sur l\u2019\u00e9paule, \u00bb a dit Sharon Bowers. \u00ab A chaque fois que je prenais la tenson art\u00e9rielle de quelqu\u2019un, on venait me chercher. \u00bb<\/p>\n<p>Sharon Bowers a alors commenc\u00e9 \u00e0 demander aux personnes assises sur le banc de consultation : \u00ab voulez vous que je prie avec vous ? \u00bb<\/p>\n<div id=\"attachment_7016\" style=\"width: 310px\" class=\"wp-caption alignright\"><a href=\"\/interamerica\/wp-content\/uploads\/2017\/06\/2013-1506NewsHonduras3.jpg\" rel=\"fancybox\" title=\"Honduras : Le personnel de l\u2019h\u00f4pital Adventiste ainsi que des b\u00e9n\u00e9voles proposent des soins m\u00e9dicaux\"><img decoding=\"async\" aria-describedby=\"caption-attachment-7016\" class=\"size-medium wp-image-7016\" src=\"\/interamerica\/wp-content\/uploads\/2017\/06\/2013-1506NewsHonduras3-300x199.jpg\" alt=\"\" width=\"300\" height=\"199\" \/><\/a><p id=\"caption-attachment-7016\" class=\"wp-caption-text\">L\u2019\u00e9quipe en mission a distribu\u00e9 des flacons de vitamines aux enfants d\u2019un orphelinat local.<\/p><\/div>\n<p>\u00ab Toutes les personnes ont r\u00e9pondu : oui, \u00bb a t-elle pr\u00e9cis\u00e9. \u2018 Donc apr\u00e8s le d\u00e9jeuner, nous avons ajout\u00e9 la question : \u00ab souhaitez-vous la pri\u00e8re ?\u2019 en bas de la feuille d\u2019admission. L\u2019Esprit \u00e9tait \u00e0 l\u2019\u0153uvre et nous guidait. \u00bb<\/p>\n<p>Adventist Midwest Health participe \u00e0 un voyage missionnaire annuel depuis 2006 ; ils se sont d\u00e9j\u00e0 rendus dans des lieux tels que le Costa Rica, l\u2019Equateur, le Ghana, le Honduras.<\/p>\n<p>\u00ab Ces voyages missionnaires permettent d\u2019apporter une aide vraiment n\u00e9cessaire aux personnes et aussi de d\u00e9velopper le minist\u00e8re de gu\u00e9rison du Christ au niveau international, \u00bb a d\u00e9clar\u00e9 John Rapp, vice-pr\u00e9sident des minist\u00e8res et de la mission pour Adventist Midwest Health. \u00ab Rien de tout cela ne serait possible sans le d\u00e9vouement et l\u2019engagement des personnes qui se portent volontaires pour entreprendre ce voyage chaque ann\u00e9e. \u00bb<\/p>\n<p>Traduction: Patrick Luciathe<\/p>\n","protected":false},"excerpt":{"rendered":"<p>Plus de 30 personnes repr\u00e9sentant les quatre h\u00f4pitaux de Adventist Midwest Health (Syst\u00e8me M\u00e9dical Adventiste du Midwest) se sont rendus au Honduras pour offrir des soins m\u00e9dicaux aux r\u00e9sidents de la r\u00e9gion.<\/p>\n","protected":false},"author":1,"featured_media":20981,"comment_status":"closed","ping_status":"closed","sticky":false,"template":"","format":"standard","meta":{"_acf_changed":false,"footnotes":""},"categories":[18],"tags":[],"class_list":["post-31621","post","type-post","status-publish","format-standard","has-post-thumbnail","hentry","category-nouvelles-de-leglise-mondiale"],"acf":[],"yoast_head":"<!-- This site is optimized with the Yoast SEO plugin v27.3 - https:\/\/yoast.com\/product\/yoast-seo-wordpress\/ -->\n<title>Honduras : Le personnel de l\u2019h\u00f4pital Adventiste ainsi que des b\u00e9n\u00e9voles proposent des soins m\u00e9dicaux - \u00c9glise Adventiste Du Septieme Jour - Inter Am\u00e9rique Division<\/title>\n<meta name=\"robots\" content=\"index, follow, max-snippet:-1, max-image-preview:large, max-video-preview:-1\" \/>\n<link rel=\"canonical\" href=\"https:\/\/interamerica.org\/fr\/2013\/03\/honduras-le-personnel-de-lhopital-adventiste-ainsi-que-des-benevoles-proposent-des-soins-medicaux\/\" \/>\n<meta property=\"og:locale\" content=\"fr_FR\" \/>\n<meta property=\"og:type\" content=\"article\" \/>\n<meta property=\"og:title\" content=\"Honduras : Le personnel de l\u2019h\u00f4pital Adventiste ainsi que des b\u00e9n\u00e9voles proposent des soins m\u00e9dicaux - \u00c9glise Adventiste Du Septieme Jour - Inter Am\u00e9rique Division\" \/>\n<meta property=\"og:description\" content=\"Plus de 30 personnes repr\u00e9sentant les quatre h\u00f4pitaux de Adventist Midwest Health (Syst\u00e8me M\u00e9dical Adventiste du Midwest) se sont rendus au Honduras pour offrir des soins m\u00e9dicaux aux r\u00e9sidents de la r\u00e9gion.\" \/>\n<meta property=\"og:url\" content=\"https:\/\/interamerica.org\/fr\/2013\/03\/honduras-le-personnel-de-lhopital-adventiste-ainsi-que-des-benevoles-proposent-des-soins-medicaux\/\" \/>\n<meta property=\"og:site_name\" content=\"\u00c9glise Adventiste Du Septieme Jour - Inter Am\u00e9rique Division\" \/>\n<meta property=\"article:published_time\" content=\"2013-03-05T04:00:00+00:00\" \/>\n<meta property=\"og:image\" content=\"https:\/\/interamerica.org\/wp-content\/uploads\/2017\/06\/2013-1506NewsHonduras2.jpg\" \/>\n\t<meta property=\"og:image:width\" content=\"315\" \/>\n\t<meta property=\"og:image:height\" content=\"192\" \/>\n\t<meta property=\"og:image:type\" content=\"image\/jpeg\" \/>\n<meta name=\"author\" content=\"Lorenzo Verduzco\" \/>\n<meta name=\"twitter:card\" content=\"summary_large_image\" \/>\n<meta name=\"twitter:label1\" content=\"\u00c9crit par\" \/>\n\t<meta name=\"twitter:data1\" content=\"Lorenzo Verduzco\" \/>\n\t<meta name=\"twitter:label2\" content=\"Dur\u00e9e de lecture estim\u00e9e\" \/>\n\t<meta name=\"twitter:data2\" content=\"4 minutes\" \/>\n<script type=\"application\/ld+json\" class=\"yoast-schema-graph\">{\"@context\":\"https:\\\/\\\/schema.org\",\"@graph\":[{\"@type\":\"Article\",\"@id\":\"https:\\\/\\\/interamerica.org\\\/fr\\\/2013\\\/03\\\/honduras-le-personnel-de-lhopital-adventiste-ainsi-que-des-benevoles-proposent-des-soins-medicaux\\\/#article\",\"isPartOf\":{\"@id\":\"https:\\\/\\\/interamerica.org\\\/fr\\\/2013\\\/03\\\/honduras-le-personnel-de-lhopital-adventiste-ainsi-que-des-benevoles-proposent-des-soins-medicaux\\\/\"},\"author\":{\"name\":\"Lorenzo Verduzco\",\"@id\":\"https:\\\/\\\/interamerica.org\\\/fr\\\/#\\\/schema\\\/person\\\/68ede8bdc292885bb76c1e3810e73c39\"},\"headline\":\"Honduras : Le personnel de l\u2019h\u00f4pital Adventiste ainsi que des b\u00e9n\u00e9voles proposent des soins m\u00e9dicaux\",\"datePublished\":\"2013-03-05T04:00:00+00:00\",\"mainEntityOfPage\":{\"@id\":\"https:\\\/\\\/interamerica.org\\\/fr\\\/2013\\\/03\\\/honduras-le-personnel-de-lhopital-adventiste-ainsi-que-des-benevoles-proposent-des-soins-medicaux\\\/\"},\"wordCount\":814,\"image\":{\"@id\":\"https:\\\/\\\/interamerica.org\\\/fr\\\/2013\\\/03\\\/honduras-le-personnel-de-lhopital-adventiste-ainsi-que-des-benevoles-proposent-des-soins-medicaux\\\/#primaryimage\"},\"thumbnailUrl\":\"https:\\\/\\\/interamerica.org\\\/wp-content\\\/uploads\\\/2017\\\/06\\\/2013-1506NewsHonduras2.jpg\",\"articleSection\":[\"Nouvelles de l'\u00c9glise mondiale\"],\"inLanguage\":\"fr-FR\"},{\"@type\":\"WebPage\",\"@id\":\"https:\\\/\\\/interamerica.org\\\/fr\\\/2013\\\/03\\\/honduras-le-personnel-de-lhopital-adventiste-ainsi-que-des-benevoles-proposent-des-soins-medicaux\\\/\",\"url\":\"https:\\\/\\\/interamerica.org\\\/fr\\\/2013\\\/03\\\/honduras-le-personnel-de-lhopital-adventiste-ainsi-que-des-benevoles-proposent-des-soins-medicaux\\\/\",\"name\":\"Honduras : Le personnel de l\u2019h\u00f4pital Adventiste ainsi que des b\u00e9n\u00e9voles proposent des soins m\u00e9dicaux - \u00c9glise Adventiste Du Septieme Jour - Inter Am\u00e9rique Division\",\"isPartOf\":{\"@id\":\"https:\\\/\\\/interamerica.org\\\/fr\\\/#website\"},\"primaryImageOfPage\":{\"@id\":\"https:\\\/\\\/interamerica.org\\\/fr\\\/2013\\\/03\\\/honduras-le-personnel-de-lhopital-adventiste-ainsi-que-des-benevoles-proposent-des-soins-medicaux\\\/#primaryimage\"},\"image\":{\"@id\":\"https:\\\/\\\/interamerica.org\\\/fr\\\/2013\\\/03\\\/honduras-le-personnel-de-lhopital-adventiste-ainsi-que-des-benevoles-proposent-des-soins-medicaux\\\/#primaryimage\"},\"thumbnailUrl\":\"https:\\\/\\\/interamerica.org\\\/wp-content\\\/uploads\\\/2017\\\/06\\\/2013-1506NewsHonduras2.jpg\",\"datePublished\":\"2013-03-05T04:00:00+00:00\",\"author\":{\"@id\":\"https:\\\/\\\/interamerica.org\\\/fr\\\/#\\\/schema\\\/person\\\/68ede8bdc292885bb76c1e3810e73c39\"},\"breadcrumb\":{\"@id\":\"https:\\\/\\\/interamerica.org\\\/fr\\\/2013\\\/03\\\/honduras-le-personnel-de-lhopital-adventiste-ainsi-que-des-benevoles-proposent-des-soins-medicaux\\\/#breadcrumb\"},\"inLanguage\":\"fr-FR\",\"potentialAction\":[{\"@type\":\"ReadAction\",\"target\":[\"https:\\\/\\\/interamerica.org\\\/fr\\\/2013\\\/03\\\/honduras-le-personnel-de-lhopital-adventiste-ainsi-que-des-benevoles-proposent-des-soins-medicaux\\\/\"]}]},{\"@type\":\"ImageObject\",\"inLanguage\":\"fr-FR\",\"@id\":\"https:\\\/\\\/interamerica.org\\\/fr\\\/2013\\\/03\\\/honduras-le-personnel-de-lhopital-adventiste-ainsi-que-des-benevoles-proposent-des-soins-medicaux\\\/#primaryimage\",\"url\":\"https:\\\/\\\/interamerica.org\\\/wp-content\\\/uploads\\\/2017\\\/06\\\/2013-1506NewsHonduras2.jpg\",\"contentUrl\":\"https:\\\/\\\/interamerica.org\\\/wp-content\\\/uploads\\\/2017\\\/06\\\/2013-1506NewsHonduras2.jpg\",\"width\":315,\"height\":192},{\"@type\":\"BreadcrumbList\",\"@id\":\"https:\\\/\\\/interamerica.org\\\/fr\\\/2013\\\/03\\\/honduras-le-personnel-de-lhopital-adventiste-ainsi-que-des-benevoles-proposent-des-soins-medicaux\\\/#breadcrumb\",\"itemListElement\":[{\"@type\":\"ListItem\",\"position\":1,\"name\":\"Home\",\"item\":\"https:\\\/\\\/interamerica.org\\\/fr\\\/\"},{\"@type\":\"ListItem\",\"position\":2,\"name\":\"Honduras : Le personnel de l\u2019h\u00f4pital Adventiste ainsi que des b\u00e9n\u00e9voles proposent des soins m\u00e9dicaux\"}]},{\"@type\":\"WebSite\",\"@id\":\"https:\\\/\\\/interamerica.org\\\/fr\\\/#website\",\"url\":\"https:\\\/\\\/interamerica.org\\\/fr\\\/\",\"name\":\"\u00c9glise Adventiste Du Septieme Jour - Inter Am\u00e9rique Division\",\"description\":\"\",\"potentialAction\":[{\"@type\":\"SearchAction\",\"target\":{\"@type\":\"EntryPoint\",\"urlTemplate\":\"https:\\\/\\\/interamerica.org\\\/fr\\\/?s={search_term_string}\"},\"query-input\":{\"@type\":\"PropertyValueSpecification\",\"valueRequired\":true,\"valueName\":\"search_term_string\"}}],\"inLanguage\":\"fr-FR\"},{\"@type\":\"Person\",\"@id\":\"https:\\\/\\\/interamerica.org\\\/fr\\\/#\\\/schema\\\/person\\\/68ede8bdc292885bb76c1e3810e73c39\",\"name\":\"Lorenzo Verduzco\",\"image\":{\"@type\":\"ImageObject\",\"inLanguage\":\"fr-FR\",\"@id\":\"https:\\\/\\\/secure.gravatar.com\\\/avatar\\\/fb81a55b6218459490a9c1dc841a34909185b81904c5337b4b27f7a6fd60c49e?s=96&d=mm&r=g\",\"url\":\"https:\\\/\\\/secure.gravatar.com\\\/avatar\\\/fb81a55b6218459490a9c1dc841a34909185b81904c5337b4b27f7a6fd60c49e?s=96&d=mm&r=g\",\"contentUrl\":\"https:\\\/\\\/secure.gravatar.com\\\/avatar\\\/fb81a55b6218459490a9c1dc841a34909185b81904c5337b4b27f7a6fd60c49e?s=96&d=mm&r=g\",\"caption\":\"Lorenzo Verduzco\"}}]}<\/script>\n<!-- \/ Yoast SEO plugin. -->","yoast_head_json":{"title":"Honduras : Le personnel de l\u2019h\u00f4pital Adventiste ainsi que des b\u00e9n\u00e9voles proposent des soins m\u00e9dicaux - \u00c9glise Adventiste Du Septieme Jour - Inter Am\u00e9rique Division","robots":{"index":"index","follow":"follow","max-snippet":"max-snippet:-1","max-image-preview":"max-image-preview:large","max-video-preview":"max-video-preview:-1"},"canonical":"https:\/\/interamerica.org\/fr\/2013\/03\/honduras-le-personnel-de-lhopital-adventiste-ainsi-que-des-benevoles-proposent-des-soins-medicaux\/","og_locale":"fr_FR","og_type":"article","og_title":"Honduras : Le personnel de l\u2019h\u00f4pital Adventiste ainsi que des b\u00e9n\u00e9voles proposent des soins m\u00e9dicaux - \u00c9glise Adventiste Du Septieme Jour - Inter Am\u00e9rique Division","og_description":"Plus de 30 personnes repr\u00e9sentant les quatre h\u00f4pitaux de Adventist Midwest Health (Syst\u00e8me M\u00e9dical Adventiste du Midwest) se sont rendus au Honduras pour offrir des soins m\u00e9dicaux aux r\u00e9sidents de la r\u00e9gion.","og_url":"https:\/\/interamerica.org\/fr\/2013\/03\/honduras-le-personnel-de-lhopital-adventiste-ainsi-que-des-benevoles-proposent-des-soins-medicaux\/","og_site_name":"\u00c9glise Adventiste Du Septieme Jour - Inter Am\u00e9rique Division","article_published_time":"2013-03-05T04:00:00+00:00","og_image":[{"width":315,"height":192,"url":"https:\/\/interamerica.org\/wp-content\/uploads\/2017\/06\/2013-1506NewsHonduras2.jpg","type":"image\/jpeg"}],"author":"Lorenzo Verduzco","twitter_card":"summary_large_image","twitter_misc":{"\u00c9crit par":"Lorenzo Verduzco","Dur\u00e9e de lecture estim\u00e9e":"4 minutes"},"schema":{"@context":"https:\/\/schema.org","@graph":[{"@type":"Article","@id":"https:\/\/interamerica.org\/fr\/2013\/03\/honduras-le-personnel-de-lhopital-adventiste-ainsi-que-des-benevoles-proposent-des-soins-medicaux\/#article","isPartOf":{"@id":"https:\/\/interamerica.org\/fr\/2013\/03\/honduras-le-personnel-de-lhopital-adventiste-ainsi-que-des-benevoles-proposent-des-soins-medicaux\/"},"author":{"name":"Lorenzo Verduzco","@id":"https:\/\/interamerica.org\/fr\/#\/schema\/person\/68ede8bdc292885bb76c1e3810e73c39"},"headline":"Honduras : Le personnel de l\u2019h\u00f4pital Adventiste ainsi que des b\u00e9n\u00e9voles proposent des soins m\u00e9dicaux","datePublished":"2013-03-05T04:00:00+00:00","mainEntityOfPage":{"@id":"https:\/\/interamerica.org\/fr\/2013\/03\/honduras-le-personnel-de-lhopital-adventiste-ainsi-que-des-benevoles-proposent-des-soins-medicaux\/"},"wordCount":814,"image":{"@id":"https:\/\/interamerica.org\/fr\/2013\/03\/honduras-le-personnel-de-lhopital-adventiste-ainsi-que-des-benevoles-proposent-des-soins-medicaux\/#primaryimage"},"thumbnailUrl":"https:\/\/interamerica.org\/wp-content\/uploads\/2017\/06\/2013-1506NewsHonduras2.jpg","articleSection":["Nouvelles de l'\u00c9glise mondiale"],"inLanguage":"fr-FR"},{"@type":"WebPage","@id":"https:\/\/interamerica.org\/fr\/2013\/03\/honduras-le-personnel-de-lhopital-adventiste-ainsi-que-des-benevoles-proposent-des-soins-medicaux\/","url":"https:\/\/interamerica.org\/fr\/2013\/03\/honduras-le-personnel-de-lhopital-adventiste-ainsi-que-des-benevoles-proposent-des-soins-medicaux\/","name":"Honduras : Le personnel de l\u2019h\u00f4pital Adventiste ainsi que des b\u00e9n\u00e9voles proposent des soins m\u00e9dicaux - \u00c9glise Adventiste Du Septieme Jour - Inter Am\u00e9rique Division","isPartOf":{"@id":"https:\/\/interamerica.org\/fr\/#website"},"primaryImageOfPage":{"@id":"https:\/\/interamerica.org\/fr\/2013\/03\/honduras-le-personnel-de-lhopital-adventiste-ainsi-que-des-benevoles-proposent-des-soins-medicaux\/#primaryimage"},"image":{"@id":"https:\/\/interamerica.org\/fr\/2013\/03\/honduras-le-personnel-de-lhopital-adventiste-ainsi-que-des-benevoles-proposent-des-soins-medicaux\/#primaryimage"},"thumbnailUrl":"https:\/\/interamerica.org\/wp-content\/uploads\/2017\/06\/2013-1506NewsHonduras2.jpg","datePublished":"2013-03-05T04:00:00+00:00","author":{"@id":"https:\/\/interamerica.org\/fr\/#\/schema\/person\/68ede8bdc292885bb76c1e3810e73c39"},"breadcrumb":{"@id":"https:\/\/interamerica.org\/fr\/2013\/03\/honduras-le-personnel-de-lhopital-adventiste-ainsi-que-des-benevoles-proposent-des-soins-medicaux\/#breadcrumb"},"inLanguage":"fr-FR","potentialAction":[{"@type":"ReadAction","target":["https:\/\/interamerica.org\/fr\/2013\/03\/honduras-le-personnel-de-lhopital-adventiste-ainsi-que-des-benevoles-proposent-des-soins-medicaux\/"]}]},{"@type":"ImageObject","inLanguage":"fr-FR","@id":"https:\/\/interamerica.org\/fr\/2013\/03\/honduras-le-personnel-de-lhopital-adventiste-ainsi-que-des-benevoles-proposent-des-soins-medicaux\/#primaryimage","url":"https:\/\/interamerica.org\/wp-content\/uploads\/2017\/06\/2013-1506NewsHonduras2.jpg","contentUrl":"https:\/\/interamerica.org\/wp-content\/uploads\/2017\/06\/2013-1506NewsHonduras2.jpg","width":315,"height":192},{"@type":"BreadcrumbList","@id":"https:\/\/interamerica.org\/fr\/2013\/03\/honduras-le-personnel-de-lhopital-adventiste-ainsi-que-des-benevoles-proposent-des-soins-medicaux\/#breadcrumb","itemListElement":[{"@type":"ListItem","position":1,"name":"Home","item":"https:\/\/interamerica.org\/fr\/"},{"@type":"ListItem","position":2,"name":"Honduras : Le personnel de l\u2019h\u00f4pital Adventiste ainsi que des b\u00e9n\u00e9voles proposent des soins m\u00e9dicaux"}]},{"@type":"WebSite","@id":"https:\/\/interamerica.org\/fr\/#website","url":"https:\/\/interamerica.org\/fr\/","name":"\u00c9glise Adventiste Du Septieme Jour - Inter Am\u00e9rique Division","description":"","potentialAction":[{"@type":"SearchAction","target":{"@type":"EntryPoint","urlTemplate":"https:\/\/interamerica.org\/fr\/?s={search_term_string}"},"query-input":{"@type":"PropertyValueSpecification","valueRequired":true,"valueName":"search_term_string"}}],"inLanguage":"fr-FR"},{"@type":"Person","@id":"https:\/\/interamerica.org\/fr\/#\/schema\/person\/68ede8bdc292885bb76c1e3810e73c39","name":"Lorenzo Verduzco","image":{"@type":"ImageObject","inLanguage":"fr-FR","@id":"https:\/\/secure.gravatar.com\/avatar\/fb81a55b6218459490a9c1dc841a34909185b81904c5337b4b27f7a6fd60c49e?s=96&d=mm&r=g","url":"https:\/\/secure.gravatar.com\/avatar\/fb81a55b6218459490a9c1dc841a34909185b81904c5337b4b27f7a6fd60c49e?s=96&d=mm&r=g","contentUrl":"https:\/\/secure.gravatar.com\/avatar\/fb81a55b6218459490a9c1dc841a34909185b81904c5337b4b27f7a6fd60c49e?s=96&d=mm&r=g","caption":"Lorenzo Verduzco"}}]}},"_links":{"self":[{"href":"https:\/\/interamerica.org\/fr\/wp-json\/wp\/v2\/posts\/31621","targetHints":{"allow":["GET"]}}],"collection":[{"href":"https:\/\/interamerica.org\/fr\/wp-json\/wp\/v2\/posts"}],"about":[{"href":"https:\/\/interamerica.org\/fr\/wp-json\/wp\/v2\/types\/post"}],"author":[{"embeddable":true,"href":"https:\/\/interamerica.org\/fr\/wp-json\/wp\/v2\/users\/1"}],"replies":[{"embeddable":true,"href":"https:\/\/interamerica.org\/fr\/wp-json\/wp\/v2\/comments?post=31621"}],"version-history":[{"count":0,"href":"https:\/\/interamerica.org\/fr\/wp-json\/wp\/v2\/posts\/31621\/revisions"}],"wp:featuredmedia":[{"embeddable":true,"href":"https:\/\/interamerica.org\/fr\/wp-json\/wp\/v2\/media\/20981"}],"wp:attachment":[{"href":"https:\/\/interamerica.org\/fr\/wp-json\/wp\/v2\/media?parent=31621"}],"wp:term":[{"taxonomy":"category","embeddable":true,"href":"https:\/\/interamerica.org\/fr\/wp-json\/wp\/v2\/categories?post=31621"},{"taxonomy":"post_tag","embeddable":true,"href":"https:\/\/interamerica.org\/fr\/wp-json\/wp\/v2\/tags?post=31621"}],"curies":[{"name":"wp","href":"https:\/\/api.w.org\/{rel}","templated":true}]}}