{"id":31628,"date":"2013-03-08T00:00:00","date_gmt":"2013-03-08T04:00:00","guid":{"rendered":"http:\/\/192.81.217.108\/interamerica\/2013\/03\/moskala-nomme-doyen-du-seminaire-theologique-adventiste-a-andrews\/"},"modified":"2013-03-08T00:00:00","modified_gmt":"2013-03-08T04:00:00","slug":"moskala-nomme-doyen-du-seminaire-theologique-adventiste-a-andrews","status":"publish","type":"post","link":"https:\/\/interamerica.org\/fr\/2013\/03\/moskala-nomme-doyen-du-seminaire-theologique-adventiste-a-andrews\/","title":{"rendered":"Moskala nomm\u00e9 doyen du S\u00e9minaire Th\u00e9ologique Adventiste \u00e0 Andrews"},"content":{"rendered":"<p>6 Mars 2013 Berrien Springs, Michigan, Etats Unis\u2026Keri Suarez<\/p>\n<p>L\u2019universitaire sp\u00e9cialiste de l\u2019Ancien Testament, Jiri Moskala, a \u00e9t\u00e9 choisi hier pour servir en tant que doyen du S\u00e9minaire Th\u00e9ologique Adventiste du Septi\u00e8me jour \u00e0 l\u2019Universit\u00e9 d\u2019Andrews situ\u00e9e dans l\u2019\u00e9tat du Michigan aux Etats Unis.<\/p>\n<p>Jiri Moskala qui sert au S\u00e9minaire depuis 1996, assumera la fonction tenue par le doyen actuel, Denis Fortin, qui a annonc\u00e9 en octobre dernier son intention de revenir \u00e0 l\u2019enseignement \u00e0 temps plein au s\u00e9minaire cet automne.<\/p>\n<div id=\"attachment_7107\" style=\"width: 260px\" class=\"wp-caption alignleft\"><a href=\"\/interamerica\/wp-content\/uploads\/2017\/06\/sem-dean-inside-315x379.jpg\" rel=\"fancybox\" title=\"Moskala nomm\u00e9 doyen du S\u00e9minaire Th\u00e9ologique Adventiste \u00e0 Andrews\"><img fetchpriority=\"high\" decoding=\"async\" aria-describedby=\"caption-attachment-7107\" class=\"size-medium wp-image-7107\" src=\"\/interamerica\/wp-content\/uploads\/2017\/06\/sem-dean-inside-315x379-250x300.jpg\" alt=\"\" width=\"250\" height=\"300\" \/><\/a><p id=\"caption-attachment-7107\" class=\"wp-caption-text\">Chercheur sp\u00e9cialis\u00e9 dans l\u2019Ancien Testament, Tch\u00e8que de naissance, Jiri Moskala dirigera le S\u00e9minaire Adventiste de Th\u00e9ologie \u00e0 l\u2019Universit\u00e9 d\u2019Andrews dans le Michigan. Il a \u00e9t\u00e9 nomm\u00e9 hier par le conseil d\u2019administration de l\u2019universit\u00e9. Image de Darren Heslop<\/p><\/div>\n<p>Jiri Moskala est actuellement professeur d\u2019ex\u00e9g\u00e8se et de th\u00e9ologie de l\u2019Ancien Testament et responsable du d\u00e9partement d\u2019Ancien Testament. Sa nomination prend effet le 1er juillet.<\/p>\n<p>\u00ab Dr Moskala est un excellent chercheur acad\u00e9mique tr\u00e8s loyal envers l\u2019\u00e9glise. Je ne connais personne qui pourrait remettre en cause son engagement \u00e0 la mission et aux valeurs que nous d\u00e9fendons, \u00bb a d\u00e9clar\u00e9 Ben Schoun, pr\u00e9sident du Conseil d\u2019Administration de l\u2019Universit\u00e9 d\u2019Andrews et vice-pr\u00e9sident g\u00e9n\u00e9ral de l\u2019Eglise Adventiste mondiale.<\/p>\n<p>Faisant r\u00e9f\u00e9rence \u00e0 sa nomination, Jiri Moskala a d\u00e9clar\u00e9 : \u00ab Ma vision pour le S\u00e9minaire Th\u00e9ologique est qu\u2019il soit la lumi\u00e8re pour le monde et la ressource th\u00e9ologique pour l\u2019\u00e9glise. Nous sommes ici pour servir l\u2019\u00e9glise mondiale dans plusieurs domaines afin de pr\u00e9parer les futurs leaders de l\u2019\u00e9glise qui auront \u00e0 travailler et \u00e0 g\u00e9rer divers d\u00e9fis pour proclamer l\u2019\u00e9vangile \u00e9ternel avec conviction, urgence et passion, afin de faire une diff\u00e9rence pour Dieu et pr\u00e9parer des gens pour le prochain retour de J\u00e9sus. \u00bb<\/p>\n<p>Le doyen du s\u00e9minaire est membre du Comit\u00e9 International de l\u2019Education Th\u00e9ologique et Minist\u00e9rielle, du Comit\u00e9 Ex\u00e9cutif de la Division Nord Am\u00e9ricaine, et du Comit\u00e9 de la Division Nord Am\u00e9ricaine pour l\u2019Education Th\u00e9ologique et Minist\u00e9rielle. De plus, le doyen travaille \u00e9troitement avec la direction de la Division Nord Am\u00e9ricaine et celle du si\u00e8ge de l\u2019\u00e9glise mondiale.<\/p>\n<p>Ben Schoun a d\u00e9clar\u00e9 que le s\u00e9minaire fonctionne aussi comme un laboratoire d\u2019id\u00e9es pour l\u2019Eglise Adventiste. \u00ab Pour ceux d\u2019entre nous qui sont \u00e0 la direction de l\u2019\u00e9glise et qui encouragent la progression du travail sur le terrain, il est bon d\u2019avoir le conseil des penseurs qui se trouvent ici au s\u00e9minaire. \u00bb<\/p>\n<p>Le pr\u00e9sident de l\u2019Eglise Adventiste du Septi\u00e8me jour au niveau mondial, Ted N.C. Wilson a d\u00e9clar\u00e9 que Jiri Moskala a une solide exp\u00e9rience biblique qui est orient\u00e9e vers la mission. \u00bb<\/p>\n<p>\u00ab Lui et sa famille sont tr\u00e8s concentr\u00e9s sur l\u2019extraordinaire t\u00e2che que le Seigneur a confi\u00e9e \u00e0 l\u2019Eglise Adventiste du Septi\u00e8me jour, et c\u2019est ce qui explique sa passion pour le processus \u00e9ducatif et la mission de l\u2019\u00e9glise, \u00bb a dit Ted Wilson. \u00ab C\u2019est une b\u00e9n\u00e9diction d\u2019avoir une telle personne \u00e0 la t\u00eate du s\u00e9minaire, une personne qui place devant les \u00e9tudiants en th\u00e9ologie, non seulement l\u2019aspect acad\u00e9mique qui est tr\u00e8s important, mais aussi l\u2019aspect mission pratique alors que nous approchons du moment o\u00f9 le Christ reviendra. \u00bb<\/p>\n<p>Natif de la R\u00e9publique Tch\u00e8que, Jiri Moskala a re\u00e7u une maitrise en th\u00e9ologie en 1979 et un doctorat en th\u00e9ologie en 1990, deux dipl\u00f4mes obtenus de la Facult\u00e9 Protestante de Th\u00e9ologie Comenius (maintenant appel\u00e9e Facult\u00e9 Protestante de Th\u00e9ologie de l\u2019Universit\u00e9 Charles). En 1998, il a obtenu un Doctorat Philosophique de l\u2019Universit\u00e9 d\u2019Andrews.<\/p>\n<p>Moskala a d\u00e9but\u00e9 son minist\u00e8re pastoral en tant que pasteur dans l\u2019Union Tch\u00e9coslovaque, servant \u00e0 cette fonction jusqu\u2019en 1989. Apr\u00e8s la chute du r\u00e9gime communiste suite \u00e0 la R\u00e9volution de Velours, il a \u00e9tabli le S\u00e9minaire Th\u00e9ologique de Prague o\u00f9 il a servi en tant que premier principal. Jiri Moskala a aussi servi en tant que directeur de la Soci\u00e9t\u00e9 Vie et Sant\u00e9, le d\u00e9partement de l\u2019Education et le D\u00e9partement Sant\u00e9 pour l\u2019Union Tch\u00e9coslovaque.<\/p>\n<p>Jiri Moskala a servi en tant qu\u2019orateur dans beaucoup de conf\u00e9rences bibliques et de symposiums th\u00e9ologiques dans toutes les 13 divisions de l\u2019Eglise Adventiste du Septi\u00e8me jour. Il a fait des pr\u00e9sentations dans les universit\u00e9s et \u00e9coles Adventistes du monde entier.<\/p>\n<p>Il est membre de diverses soci\u00e9t\u00e9 th\u00e9ologiques y compris la Soci\u00e9t\u00e9 Adventiste des Etudes Religieuses, la Soci\u00e9t\u00e9 Th\u00e9ologique Adventiste, la Soci\u00e9t\u00e9 de Recherche Biblique de Chicago, la Soci\u00e9t\u00e9 de Litt\u00e9rature Biblique, et la Soci\u00e9t\u00e9 d\u2019Ethique Chr\u00e9tienne. Jiri Moskala est l\u2019auteur ou l\u2019\u00e9diteur de plusieurs articles et livres en tch\u00e8que et aussi en anglais. De plus, il a particip\u00e9 \u00e0 plusieurs exp\u00e9ditions arch\u00e9ologiques \u00e0 Tall Jalul en Jordanie.<\/p>\n<p>La mission du s\u00e9minaire est de pr\u00e9parer des pasteurs et des enseignants pour l\u2019Eglise Adventiste du Septi\u00e8me jour. Il propose plusieurs maitrises et cinq programmes de doctorat : Doctorat en Minist\u00e8re ; Doctorat Philosophique en Arch\u00e9ologie Biblique et de l\u2019Antique Proche Orient ; Doctorat en Religion, en Education Religieuse, et Doctorat en Th\u00e9ologie.<\/p>\n<p>Andrews est une institution de la Division Nord Am\u00e9ricaine et aussi de l\u2019Eglise Adventiste mondiale, ce qui signifie qu\u2019elle dessert un public large qui va au del\u00e0 de sa propre division. Deux autres s\u00e9minaires d\u2019universit\u00e9 sont aussi des institutions de l\u2019\u00e9glise mondiale : l\u2019Institut Adventiste International d\u2019Etudes Avanc\u00e9es situ\u00e9 aux Philippines et l\u2019Universit\u00e9 Adventiste d\u2019Afrique situ\u00e9e au Kenya.<\/p>\n<p>Traduction: Patrick Luciathe<\/p>\n","protected":false},"excerpt":{"rendered":"<p>L\u2019universitaire sp\u00e9cialiste de l\u2019Ancien Testament, Jiri Moskala, a \u00e9t\u00e9 choisi hier pour servir en tant que doyen du S\u00e9minaire Th\u00e9ologique Adventiste du Septi\u00e8me jour \u00e0 l\u2019Universit\u00e9 d\u2019Andrews situ\u00e9e dans l\u2019\u00e9tat du Michigan aux Etats Unis.<\/p>\n","protected":false},"author":1,"featured_media":21016,"comment_status":"closed","ping_status":"closed","sticky":false,"template":"","format":"standard","meta":{"_acf_changed":false,"footnotes":""},"categories":[18],"tags":[],"class_list":["post-31628","post","type-post","status-publish","format-standard","has-post-thumbnail","hentry","category-nouvelles-de-leglise-mondiale"],"acf":[],"yoast_head":"<!-- This site is optimized with the Yoast SEO plugin v27.3 - https:\/\/yoast.com\/product\/yoast-seo-wordpress\/ -->\n<title>Moskala nomm\u00e9 doyen du S\u00e9minaire Th\u00e9ologique Adventiste \u00e0 Andrews - \u00c9glise Adventiste Du Septieme Jour - Inter Am\u00e9rique Division<\/title>\n<meta name=\"robots\" content=\"index, follow, max-snippet:-1, max-image-preview:large, max-video-preview:-1\" \/>\n<link rel=\"canonical\" href=\"https:\/\/interamerica.org\/fr\/2013\/03\/moskala-nomme-doyen-du-seminaire-theologique-adventiste-a-andrews\/\" \/>\n<meta property=\"og:locale\" content=\"fr_FR\" \/>\n<meta property=\"og:type\" content=\"article\" \/>\n<meta property=\"og:title\" content=\"Moskala nomm\u00e9 doyen du S\u00e9minaire Th\u00e9ologique Adventiste \u00e0 Andrews - \u00c9glise Adventiste Du Septieme Jour - Inter Am\u00e9rique Division\" \/>\n<meta property=\"og:description\" content=\"L\u2019universitaire sp\u00e9cialiste de l\u2019Ancien Testament, Jiri Moskala, a \u00e9t\u00e9 choisi hier pour servir en tant que doyen du S\u00e9minaire Th\u00e9ologique Adventiste du Septi\u00e8me jour \u00e0 l\u2019Universit\u00e9 d\u2019Andrews situ\u00e9e dans l\u2019\u00e9tat du Michigan aux Etats Unis.\" \/>\n<meta property=\"og:url\" content=\"https:\/\/interamerica.org\/fr\/2013\/03\/moskala-nomme-doyen-du-seminaire-theologique-adventiste-a-andrews\/\" \/>\n<meta property=\"og:site_name\" content=\"\u00c9glise Adventiste Du Septieme Jour - Inter Am\u00e9rique Division\" \/>\n<meta property=\"article:published_time\" content=\"2013-03-08T04:00:00+00:00\" \/>\n<meta property=\"og:image\" content=\"https:\/\/interamerica.org\/wp-content\/uploads\/2017\/06\/sem-dean-inside-sm.jpg\" \/>\n\t<meta property=\"og:image:width\" content=\"315\" \/>\n\t<meta property=\"og:image:height\" content=\"253\" \/>\n\t<meta property=\"og:image:type\" content=\"image\/jpeg\" \/>\n<meta name=\"author\" content=\"Lorenzo Verduzco\" \/>\n<meta name=\"twitter:card\" content=\"summary_large_image\" \/>\n<meta name=\"twitter:label1\" content=\"\u00c9crit par\" \/>\n\t<meta name=\"twitter:data1\" content=\"Lorenzo Verduzco\" \/>\n\t<meta name=\"twitter:label2\" content=\"Dur\u00e9e de lecture estim\u00e9e\" \/>\n\t<meta name=\"twitter:data2\" content=\"5 minutes\" \/>\n<script type=\"application\/ld+json\" class=\"yoast-schema-graph\">{\"@context\":\"https:\\\/\\\/schema.org\",\"@graph\":[{\"@type\":\"Article\",\"@id\":\"https:\\\/\\\/interamerica.org\\\/fr\\\/2013\\\/03\\\/moskala-nomme-doyen-du-seminaire-theologique-adventiste-a-andrews\\\/#article\",\"isPartOf\":{\"@id\":\"https:\\\/\\\/interamerica.org\\\/fr\\\/2013\\\/03\\\/moskala-nomme-doyen-du-seminaire-theologique-adventiste-a-andrews\\\/\"},\"author\":{\"name\":\"Lorenzo Verduzco\",\"@id\":\"https:\\\/\\\/interamerica.org\\\/fr\\\/#\\\/schema\\\/person\\\/68ede8bdc292885bb76c1e3810e73c39\"},\"headline\":\"Moskala nomm\u00e9 doyen du S\u00e9minaire Th\u00e9ologique Adventiste \u00e0 Andrews\",\"datePublished\":\"2013-03-08T04:00:00+00:00\",\"mainEntityOfPage\":{\"@id\":\"https:\\\/\\\/interamerica.org\\\/fr\\\/2013\\\/03\\\/moskala-nomme-doyen-du-seminaire-theologique-adventiste-a-andrews\\\/\"},\"wordCount\":1015,\"image\":{\"@id\":\"https:\\\/\\\/interamerica.org\\\/fr\\\/2013\\\/03\\\/moskala-nomme-doyen-du-seminaire-theologique-adventiste-a-andrews\\\/#primaryimage\"},\"thumbnailUrl\":\"https:\\\/\\\/interamerica.org\\\/wp-content\\\/uploads\\\/2017\\\/06\\\/sem-dean-inside-sm.jpg\",\"articleSection\":[\"Nouvelles de l'\u00c9glise mondiale\"],\"inLanguage\":\"fr-FR\"},{\"@type\":\"WebPage\",\"@id\":\"https:\\\/\\\/interamerica.org\\\/fr\\\/2013\\\/03\\\/moskala-nomme-doyen-du-seminaire-theologique-adventiste-a-andrews\\\/\",\"url\":\"https:\\\/\\\/interamerica.org\\\/fr\\\/2013\\\/03\\\/moskala-nomme-doyen-du-seminaire-theologique-adventiste-a-andrews\\\/\",\"name\":\"Moskala nomm\u00e9 doyen du S\u00e9minaire Th\u00e9ologique Adventiste \u00e0 Andrews - \u00c9glise Adventiste Du Septieme Jour - Inter Am\u00e9rique Division\",\"isPartOf\":{\"@id\":\"https:\\\/\\\/interamerica.org\\\/fr\\\/#website\"},\"primaryImageOfPage\":{\"@id\":\"https:\\\/\\\/interamerica.org\\\/fr\\\/2013\\\/03\\\/moskala-nomme-doyen-du-seminaire-theologique-adventiste-a-andrews\\\/#primaryimage\"},\"image\":{\"@id\":\"https:\\\/\\\/interamerica.org\\\/fr\\\/2013\\\/03\\\/moskala-nomme-doyen-du-seminaire-theologique-adventiste-a-andrews\\\/#primaryimage\"},\"thumbnailUrl\":\"https:\\\/\\\/interamerica.org\\\/wp-content\\\/uploads\\\/2017\\\/06\\\/sem-dean-inside-sm.jpg\",\"datePublished\":\"2013-03-08T04:00:00+00:00\",\"author\":{\"@id\":\"https:\\\/\\\/interamerica.org\\\/fr\\\/#\\\/schema\\\/person\\\/68ede8bdc292885bb76c1e3810e73c39\"},\"breadcrumb\":{\"@id\":\"https:\\\/\\\/interamerica.org\\\/fr\\\/2013\\\/03\\\/moskala-nomme-doyen-du-seminaire-theologique-adventiste-a-andrews\\\/#breadcrumb\"},\"inLanguage\":\"fr-FR\",\"potentialAction\":[{\"@type\":\"ReadAction\",\"target\":[\"https:\\\/\\\/interamerica.org\\\/fr\\\/2013\\\/03\\\/moskala-nomme-doyen-du-seminaire-theologique-adventiste-a-andrews\\\/\"]}]},{\"@type\":\"ImageObject\",\"inLanguage\":\"fr-FR\",\"@id\":\"https:\\\/\\\/interamerica.org\\\/fr\\\/2013\\\/03\\\/moskala-nomme-doyen-du-seminaire-theologique-adventiste-a-andrews\\\/#primaryimage\",\"url\":\"https:\\\/\\\/interamerica.org\\\/wp-content\\\/uploads\\\/2017\\\/06\\\/sem-dean-inside-sm.jpg\",\"contentUrl\":\"https:\\\/\\\/interamerica.org\\\/wp-content\\\/uploads\\\/2017\\\/06\\\/sem-dean-inside-sm.jpg\",\"width\":315,\"height\":253},{\"@type\":\"BreadcrumbList\",\"@id\":\"https:\\\/\\\/interamerica.org\\\/fr\\\/2013\\\/03\\\/moskala-nomme-doyen-du-seminaire-theologique-adventiste-a-andrews\\\/#breadcrumb\",\"itemListElement\":[{\"@type\":\"ListItem\",\"position\":1,\"name\":\"Home\",\"item\":\"https:\\\/\\\/interamerica.org\\\/fr\\\/\"},{\"@type\":\"ListItem\",\"position\":2,\"name\":\"Moskala nomm\u00e9 doyen du S\u00e9minaire Th\u00e9ologique Adventiste \u00e0 Andrews\"}]},{\"@type\":\"WebSite\",\"@id\":\"https:\\\/\\\/interamerica.org\\\/fr\\\/#website\",\"url\":\"https:\\\/\\\/interamerica.org\\\/fr\\\/\",\"name\":\"\u00c9glise Adventiste Du Septieme Jour - Inter Am\u00e9rique Division\",\"description\":\"\",\"potentialAction\":[{\"@type\":\"SearchAction\",\"target\":{\"@type\":\"EntryPoint\",\"urlTemplate\":\"https:\\\/\\\/interamerica.org\\\/fr\\\/?s={search_term_string}\"},\"query-input\":{\"@type\":\"PropertyValueSpecification\",\"valueRequired\":true,\"valueName\":\"search_term_string\"}}],\"inLanguage\":\"fr-FR\"},{\"@type\":\"Person\",\"@id\":\"https:\\\/\\\/interamerica.org\\\/fr\\\/#\\\/schema\\\/person\\\/68ede8bdc292885bb76c1e3810e73c39\",\"name\":\"Lorenzo Verduzco\",\"image\":{\"@type\":\"ImageObject\",\"inLanguage\":\"fr-FR\",\"@id\":\"https:\\\/\\\/secure.gravatar.com\\\/avatar\\\/fb81a55b6218459490a9c1dc841a34909185b81904c5337b4b27f7a6fd60c49e?s=96&d=mm&r=g\",\"url\":\"https:\\\/\\\/secure.gravatar.com\\\/avatar\\\/fb81a55b6218459490a9c1dc841a34909185b81904c5337b4b27f7a6fd60c49e?s=96&d=mm&r=g\",\"contentUrl\":\"https:\\\/\\\/secure.gravatar.com\\\/avatar\\\/fb81a55b6218459490a9c1dc841a34909185b81904c5337b4b27f7a6fd60c49e?s=96&d=mm&r=g\",\"caption\":\"Lorenzo Verduzco\"}}]}<\/script>\n<!-- \/ Yoast SEO plugin. -->","yoast_head_json":{"title":"Moskala nomm\u00e9 doyen du S\u00e9minaire Th\u00e9ologique Adventiste \u00e0 Andrews - \u00c9glise Adventiste Du Septieme Jour - Inter Am\u00e9rique Division","robots":{"index":"index","follow":"follow","max-snippet":"max-snippet:-1","max-image-preview":"max-image-preview:large","max-video-preview":"max-video-preview:-1"},"canonical":"https:\/\/interamerica.org\/fr\/2013\/03\/moskala-nomme-doyen-du-seminaire-theologique-adventiste-a-andrews\/","og_locale":"fr_FR","og_type":"article","og_title":"Moskala nomm\u00e9 doyen du S\u00e9minaire Th\u00e9ologique Adventiste \u00e0 Andrews - \u00c9glise Adventiste Du Septieme Jour - Inter Am\u00e9rique Division","og_description":"L\u2019universitaire sp\u00e9cialiste de l\u2019Ancien Testament, Jiri Moskala, a \u00e9t\u00e9 choisi hier pour servir en tant que doyen du S\u00e9minaire Th\u00e9ologique Adventiste du Septi\u00e8me jour \u00e0 l\u2019Universit\u00e9 d\u2019Andrews situ\u00e9e dans l\u2019\u00e9tat du Michigan aux Etats Unis.","og_url":"https:\/\/interamerica.org\/fr\/2013\/03\/moskala-nomme-doyen-du-seminaire-theologique-adventiste-a-andrews\/","og_site_name":"\u00c9glise Adventiste Du Septieme Jour - Inter Am\u00e9rique Division","article_published_time":"2013-03-08T04:00:00+00:00","og_image":[{"width":315,"height":253,"url":"https:\/\/interamerica.org\/wp-content\/uploads\/2017\/06\/sem-dean-inside-sm.jpg","type":"image\/jpeg"}],"author":"Lorenzo Verduzco","twitter_card":"summary_large_image","twitter_misc":{"\u00c9crit par":"Lorenzo Verduzco","Dur\u00e9e de lecture estim\u00e9e":"5 minutes"},"schema":{"@context":"https:\/\/schema.org","@graph":[{"@type":"Article","@id":"https:\/\/interamerica.org\/fr\/2013\/03\/moskala-nomme-doyen-du-seminaire-theologique-adventiste-a-andrews\/#article","isPartOf":{"@id":"https:\/\/interamerica.org\/fr\/2013\/03\/moskala-nomme-doyen-du-seminaire-theologique-adventiste-a-andrews\/"},"author":{"name":"Lorenzo Verduzco","@id":"https:\/\/interamerica.org\/fr\/#\/schema\/person\/68ede8bdc292885bb76c1e3810e73c39"},"headline":"Moskala nomm\u00e9 doyen du S\u00e9minaire Th\u00e9ologique Adventiste \u00e0 Andrews","datePublished":"2013-03-08T04:00:00+00:00","mainEntityOfPage":{"@id":"https:\/\/interamerica.org\/fr\/2013\/03\/moskala-nomme-doyen-du-seminaire-theologique-adventiste-a-andrews\/"},"wordCount":1015,"image":{"@id":"https:\/\/interamerica.org\/fr\/2013\/03\/moskala-nomme-doyen-du-seminaire-theologique-adventiste-a-andrews\/#primaryimage"},"thumbnailUrl":"https:\/\/interamerica.org\/wp-content\/uploads\/2017\/06\/sem-dean-inside-sm.jpg","articleSection":["Nouvelles de l'\u00c9glise mondiale"],"inLanguage":"fr-FR"},{"@type":"WebPage","@id":"https:\/\/interamerica.org\/fr\/2013\/03\/moskala-nomme-doyen-du-seminaire-theologique-adventiste-a-andrews\/","url":"https:\/\/interamerica.org\/fr\/2013\/03\/moskala-nomme-doyen-du-seminaire-theologique-adventiste-a-andrews\/","name":"Moskala nomm\u00e9 doyen du S\u00e9minaire Th\u00e9ologique Adventiste \u00e0 Andrews - \u00c9glise Adventiste Du Septieme Jour - Inter Am\u00e9rique Division","isPartOf":{"@id":"https:\/\/interamerica.org\/fr\/#website"},"primaryImageOfPage":{"@id":"https:\/\/interamerica.org\/fr\/2013\/03\/moskala-nomme-doyen-du-seminaire-theologique-adventiste-a-andrews\/#primaryimage"},"image":{"@id":"https:\/\/interamerica.org\/fr\/2013\/03\/moskala-nomme-doyen-du-seminaire-theologique-adventiste-a-andrews\/#primaryimage"},"thumbnailUrl":"https:\/\/interamerica.org\/wp-content\/uploads\/2017\/06\/sem-dean-inside-sm.jpg","datePublished":"2013-03-08T04:00:00+00:00","author":{"@id":"https:\/\/interamerica.org\/fr\/#\/schema\/person\/68ede8bdc292885bb76c1e3810e73c39"},"breadcrumb":{"@id":"https:\/\/interamerica.org\/fr\/2013\/03\/moskala-nomme-doyen-du-seminaire-theologique-adventiste-a-andrews\/#breadcrumb"},"inLanguage":"fr-FR","potentialAction":[{"@type":"ReadAction","target":["https:\/\/interamerica.org\/fr\/2013\/03\/moskala-nomme-doyen-du-seminaire-theologique-adventiste-a-andrews\/"]}]},{"@type":"ImageObject","inLanguage":"fr-FR","@id":"https:\/\/interamerica.org\/fr\/2013\/03\/moskala-nomme-doyen-du-seminaire-theologique-adventiste-a-andrews\/#primaryimage","url":"https:\/\/interamerica.org\/wp-content\/uploads\/2017\/06\/sem-dean-inside-sm.jpg","contentUrl":"https:\/\/interamerica.org\/wp-content\/uploads\/2017\/06\/sem-dean-inside-sm.jpg","width":315,"height":253},{"@type":"BreadcrumbList","@id":"https:\/\/interamerica.org\/fr\/2013\/03\/moskala-nomme-doyen-du-seminaire-theologique-adventiste-a-andrews\/#breadcrumb","itemListElement":[{"@type":"ListItem","position":1,"name":"Home","item":"https:\/\/interamerica.org\/fr\/"},{"@type":"ListItem","position":2,"name":"Moskala nomm\u00e9 doyen du S\u00e9minaire Th\u00e9ologique Adventiste \u00e0 Andrews"}]},{"@type":"WebSite","@id":"https:\/\/interamerica.org\/fr\/#website","url":"https:\/\/interamerica.org\/fr\/","name":"\u00c9glise Adventiste Du Septieme Jour - Inter Am\u00e9rique Division","description":"","potentialAction":[{"@type":"SearchAction","target":{"@type":"EntryPoint","urlTemplate":"https:\/\/interamerica.org\/fr\/?s={search_term_string}"},"query-input":{"@type":"PropertyValueSpecification","valueRequired":true,"valueName":"search_term_string"}}],"inLanguage":"fr-FR"},{"@type":"Person","@id":"https:\/\/interamerica.org\/fr\/#\/schema\/person\/68ede8bdc292885bb76c1e3810e73c39","name":"Lorenzo Verduzco","image":{"@type":"ImageObject","inLanguage":"fr-FR","@id":"https:\/\/secure.gravatar.com\/avatar\/fb81a55b6218459490a9c1dc841a34909185b81904c5337b4b27f7a6fd60c49e?s=96&d=mm&r=g","url":"https:\/\/secure.gravatar.com\/avatar\/fb81a55b6218459490a9c1dc841a34909185b81904c5337b4b27f7a6fd60c49e?s=96&d=mm&r=g","contentUrl":"https:\/\/secure.gravatar.com\/avatar\/fb81a55b6218459490a9c1dc841a34909185b81904c5337b4b27f7a6fd60c49e?s=96&d=mm&r=g","caption":"Lorenzo Verduzco"}}]}},"_links":{"self":[{"href":"https:\/\/interamerica.org\/fr\/wp-json\/wp\/v2\/posts\/31628","targetHints":{"allow":["GET"]}}],"collection":[{"href":"https:\/\/interamerica.org\/fr\/wp-json\/wp\/v2\/posts"}],"about":[{"href":"https:\/\/interamerica.org\/fr\/wp-json\/wp\/v2\/types\/post"}],"author":[{"embeddable":true,"href":"https:\/\/interamerica.org\/fr\/wp-json\/wp\/v2\/users\/1"}],"replies":[{"embeddable":true,"href":"https:\/\/interamerica.org\/fr\/wp-json\/wp\/v2\/comments?post=31628"}],"version-history":[{"count":0,"href":"https:\/\/interamerica.org\/fr\/wp-json\/wp\/v2\/posts\/31628\/revisions"}],"wp:featuredmedia":[{"embeddable":true,"href":"https:\/\/interamerica.org\/fr\/wp-json\/wp\/v2\/media\/21016"}],"wp:attachment":[{"href":"https:\/\/interamerica.org\/fr\/wp-json\/wp\/v2\/media?parent=31628"}],"wp:term":[{"taxonomy":"category","embeddable":true,"href":"https:\/\/interamerica.org\/fr\/wp-json\/wp\/v2\/categories?post=31628"},{"taxonomy":"post_tag","embeddable":true,"href":"https:\/\/interamerica.org\/fr\/wp-json\/wp\/v2\/tags?post=31628"}],"curies":[{"name":"wp","href":"https:\/\/api.w.org\/{rel}","templated":true}]}}