{"id":31657,"date":"2013-04-04T00:00:00","date_gmt":"2013-04-04T04:00:00","guid":{"rendered":"http:\/\/192.81.217.108\/interamerica\/2013\/04\/costa-rica-leglise-unit-ses-efforts-pour-lancer-une-chaine-de-television-adventiste\/"},"modified":"2013-04-04T00:00:00","modified_gmt":"2013-04-04T04:00:00","slug":"costa-rica-leglise-unit-ses-efforts-pour-lancer-une-chaine-de-television-adventiste","status":"publish","type":"post","link":"https:\/\/interamerica.org\/fr\/2013\/04\/costa-rica-leglise-unit-ses-efforts-pour-lancer-une-chaine-de-television-adventiste\/","title":{"rendered":"Costa Rica : L\u2019\u00e9glise unit ses efforts pour lancer une chaine de t\u00e9l\u00e9vision Adventiste"},"content":{"rendered":"<p>3 Avril 2013 \u2013 Hatillo, San Jose, Costa Rica\u2026DIA<\/p>\n<div id=\"attachment_7601\" style=\"width: 310px\" class=\"wp-caption alignleft\"><a href=\"\/interamerica\/wp-content\/uploads\/2017\/06\/CR-ETV-auditorium.jpg\" rel=\"fancybox\" title=\"Costa Rica : L\u2019\u00e9glise unit ses efforts pour lancer une chaine de t\u00e9l\u00e9vision Adventiste\"><img fetchpriority=\"high\" decoding=\"async\" aria-describedby=\"caption-attachment-7601\" class=\"size-medium wp-image-7601\" src=\"\/interamerica\/wp-content\/uploads\/2017\/06\/CR-ETV-auditorium-300x224.jpg\" alt=\"\" width=\"300\" height=\"224\" \/><\/a><p id=\"caption-attachment-7601\" class=\"wp-caption-text\">L\u2019Eglise Adventiste du Septi\u00e8me jour au Costa Rica a lanc\u00e9 Esperanza TV, une station de t\u00e9l\u00e9vision Adventiste, le 2 mars 2013 \u00e0 l\u2019Auditorium du Centre Adventiste de l\u2019Education \u00e0 Hatillo \u00e0 San Jose au Costa Rica. Cette chaine de t\u00e9l\u00e9vision Adventiste, qui fonctionne 24\/24 heures, devient la premi\u00e8re station du genre \u00e0 ouvrir dans le territoire de la Division Inter Am\u00e9ricaine. Image d\u2019Abel Marquez\/DIA<\/p><\/div>\n<p>L\u2019Eglise Adventiste du Septi\u00e8me jour au Costa Rica a r\u00e9cemment lanc\u00e9 sa chaine de t\u00e9l\u00e9vision, Esperanza TV, lors d\u2019un programme de trois heures diffus\u00e9 depuis l\u2019Auditorium du Centre Adventiste de l\u2019Education \u00e0 Hatillo au Costa Rica le samedi 2 mars. La diffusion marquait les d\u00e9buts de la premi\u00e8re chaine de t\u00e9l\u00e9vision Adventiste dans le territoire de la Division Inter Am\u00e9ricaine \u00e0 fonctionner 24\/24 heures et 7\/7 jours.<\/p>\n<p>Plus de 500 personnes \u00e9taient r\u00e9unies pour l\u2019\u00e9v\u00e8nement alors que des milliers d\u2019autres suivaient le programme dans les \u00e9glises \u00e0 travers tout le Costa Rica. Ce programme sp\u00e9cial a permis de voir des \u00e9vang\u00e9listes de l\u2019Eglise Adventiste mondiale et du minist\u00e8re Il Est Ecrit.<\/p>\n<p>\u00ab Nous voulons proclamer la bonne nouvelle du salut et pr\u00e9senter le caract\u00e8re de Dieu qui apporte la foi, l\u2019espoir et l\u2019amour dans tous les coins du pays, \u00bb a d\u00e9clar\u00e9 lors du programme en direct, pasteur Jose Vallejos, pr\u00e9sident de l\u2019Eglise Adventiste dans la r\u00e9gion du centre sud.<\/p>\n<div id=\"attachment_7602\" style=\"width: 310px\" class=\"wp-caption alignright\"><a href=\"\/interamerica\/wp-content\/uploads\/2017\/06\/CR-ETV-prayer.jpg\" rel=\"fancybox\" title=\"Costa Rica : L\u2019\u00e9glise unit ses efforts pour lancer une chaine de t\u00e9l\u00e9vision Adventiste\"><img decoding=\"async\" aria-describedby=\"caption-attachment-7602\" class=\"size-medium wp-image-7602\" src=\"\/interamerica\/wp-content\/uploads\/2017\/06\/CR-ETV-prayer-300x166.jpg\" alt=\"\" width=\"300\" height=\"166\" \/><\/a><p id=\"caption-attachment-7602\" class=\"wp-caption-text\">Les leaders de l\u2019\u00e9glise prient lors du lancement d\u2019Esperanza TV Costa Rica au d\u00e9but du mois dernier. Image d\u2019Esperanza TV Costa Rica\/DIA<\/p><\/div>\n<p>Les trois r\u00e9gions de l\u2019\u00e9glise au Costa Rica ont uni leurs efforts avec l\u2019aide de dizaines de la\u00efcs et de membres d\u2019\u00e9glise engag\u00e9s qui ont offert de leur temps pour l\u2019ouverture de la station avec des programmes d\u2019Esperanza TV, de Nuevo Tiempo ; ils ont aussi travaill\u00e9 \u00e0 la production de dizaines de nouveaux programmes sur la sant\u00e9, la musique, la gestion financi\u00e8re entre autres.<\/p>\n<p>La chaine de t\u00e9l\u00e9vision visera \u00e9galement \u00e0 promouvoir la culture et les valeurs sociales \u00e0 travers ses programmes.<\/p>\n<p>Pasteur Earnal Scott, secr\u00e9taire ex\u00e9cutif de l\u2019\u00e9glise dans l\u2019Union du Centre Sud Am\u00e9ricain, a exprim\u00e9 sont total soutien administratif en faveur de la nouvelle station de t\u00e9l\u00e9vision.<\/p>\n<p>\u00ab Cette lumi\u00e8re qui a commenc\u00e9 \u00e0 briller, ne devrait jamais \u00eatre \u00e9teinte, \u00bb a d\u00e9clar\u00e9 pasteur Scott.<\/p>\n<p>Les responsables de l\u2019\u00e9glise esp\u00e8rent qu\u2019Esperanza TV sera diffus\u00e9e sur les 30 compagnies du c\u00e2ble du Costa Rica afin de toucher les plus de 4,7 millions d\u2019habitants du pays. Pour le moment, la chaine est diffus\u00e9e sur 15 compagnies du c\u00e2ble.<\/p>\n<div id=\"attachment_7603\" style=\"width: 310px\" class=\"wp-caption alignright\"><a href=\"\/interamerica\/wp-content\/uploads\/2017\/06\/Production-Truck.jpg\" rel=\"fancybox\" title=\"Costa Rica : L\u2019\u00e9glise unit ses efforts pour lancer une chaine de t\u00e9l\u00e9vision Adventiste\"><img decoding=\"async\" aria-describedby=\"caption-attachment-7603\" class=\"size-medium wp-image-7603\" src=\"\/interamerica\/wp-content\/uploads\/2017\/06\/Production-Truck-300x225.jpg\" alt=\"\" width=\"300\" height=\"225\" \/><\/a><p id=\"caption-attachment-7603\" class=\"wp-caption-text\">Le personnel d\u2019Esperanza TV Costa Rica travaille depuis le camion-r\u00e9gie lors d\u2019une diffusion en direct. Image d\u2019Abel Marquez\/DIA.<\/p><\/div>\n<p>Abel Marquez, directeur adjoint de la communication pour l\u2019Eglise Adventiste en Inter Am\u00e9rique a f\u00e9licit\u00e9 l\u2019\u00e9glise pour son travail et aussi ses professionnels b\u00e9n\u00e9voles engag\u00e9s dans le lancement de la nouvelle station de t\u00e9l\u00e9vision.<\/p>\n<p>\u00ab C\u2019est une bonne chose de voir comment nos dirigeants et membres d\u2019\u00e9glise ont saisi la vision du partage de l\u2019\u00e9vangile \u00e0 travers cet important m\u00e9dium, \u00bb a dit Abel Marquez. Abel Marquez a expliqu\u00e9 qu\u2019avec un plus gros \u00e9metteur, la chaine sera en mesure de toucher toute l\u2019Am\u00e9rique Centrale et une partie du Sud du Mexique.<\/p>\n<p>Les dirigeants de l\u2019\u00e9glise poursuivent leurs efforts dans la collecte de fonds pour Esperanza TV Costa Rica et envisagent une grande inauguration en Aout 2013 avec les responsables de la chaine Adventiste Hope Channel ainsi que les dirigeants de l\u2019Inter Am\u00e9rique.<\/p>\n<p>Pour en savoir plus sur Esperanza TV Costa Rica, <a href=\"https:\/\/www.facebook.com\/esperanzatvcr.org?ref=ts&amp;fref=ts\">cliquez ici<\/a><\/p>\n<p><em>Marilyn Cernas a contribu\u00e9 \u00e0 ce reportage<\/em><\/p>\n<p>Traduction: Patrick Luciathe<\/p>\n","protected":false},"excerpt":{"rendered":"<p>L\u2019Eglise Adventiste du Septi\u00e8me jour au Costa Rica a r\u00e9cemment lanc\u00e9 sa chaine de t\u00e9l\u00e9vision, Esperanza TV, lors d\u2019un programme de trois heures diffus\u00e9 depuis l\u2019Auditorium du Centre Adventiste de l\u2019Education \u00e0 Hatillo au Costa Rica<\/p>\n","protected":false},"author":1,"featured_media":21212,"comment_status":"closed","ping_status":"closed","sticky":false,"template":"","format":"standard","meta":{"_acf_changed":false,"footnotes":""},"categories":[21],"tags":[],"class_list":["post-31657","post","type-post","status-publish","format-standard","has-post-thumbnail","hentry","category-nouvelles-du-territoire"],"acf":[],"yoast_head":"<!-- This site is optimized with the Yoast SEO plugin v27.3 - https:\/\/yoast.com\/product\/yoast-seo-wordpress\/ -->\n<title>Costa Rica : L\u2019\u00e9glise unit ses efforts pour lancer une chaine de t\u00e9l\u00e9vision Adventiste - \u00c9glise Adventiste Du Septieme Jour - Inter Am\u00e9rique Division<\/title>\n<meta name=\"robots\" content=\"index, follow, max-snippet:-1, max-image-preview:large, max-video-preview:-1\" \/>\n<link rel=\"canonical\" href=\"https:\/\/interamerica.org\/fr\/2013\/04\/costa-rica-leglise-unit-ses-efforts-pour-lancer-une-chaine-de-television-adventiste\/\" \/>\n<meta property=\"og:locale\" content=\"fr_FR\" \/>\n<meta property=\"og:type\" content=\"article\" \/>\n<meta property=\"og:title\" content=\"Costa Rica : L\u2019\u00e9glise unit ses efforts pour lancer une chaine de t\u00e9l\u00e9vision Adventiste - \u00c9glise Adventiste Du Septieme Jour - Inter Am\u00e9rique Division\" \/>\n<meta property=\"og:description\" content=\"L\u2019Eglise Adventiste du Septi\u00e8me jour au Costa Rica a r\u00e9cemment lanc\u00e9 sa chaine de t\u00e9l\u00e9vision, Esperanza TV, lors d\u2019un programme de trois heures diffus\u00e9 depuis l\u2019Auditorium du Centre Adventiste de l\u2019Education \u00e0 Hatillo au Costa Rica\" \/>\n<meta property=\"og:url\" content=\"https:\/\/interamerica.org\/fr\/2013\/04\/costa-rica-leglise-unit-ses-efforts-pour-lancer-une-chaine-de-television-adventiste\/\" \/>\n<meta property=\"og:site_name\" content=\"\u00c9glise Adventiste Du Septieme Jour - Inter Am\u00e9rique Division\" \/>\n<meta property=\"article:published_time\" content=\"2013-04-04T04:00:00+00:00\" \/>\n<meta property=\"og:image\" content=\"https:\/\/interamerica.org\/wp-content\/uploads\/2017\/06\/CR-ETV-auditorium.jpg\" \/>\n\t<meta property=\"og:image:width\" content=\"315\" \/>\n\t<meta property=\"og:image:height\" content=\"236\" \/>\n\t<meta property=\"og:image:type\" content=\"image\/jpeg\" \/>\n<meta name=\"author\" content=\"Lorenzo Verduzco\" \/>\n<meta name=\"twitter:card\" content=\"summary_large_image\" \/>\n<meta name=\"twitter:label1\" content=\"\u00c9crit par\" \/>\n\t<meta name=\"twitter:data1\" content=\"Lorenzo Verduzco\" \/>\n\t<meta name=\"twitter:label2\" content=\"Dur\u00e9e de lecture estim\u00e9e\" \/>\n\t<meta name=\"twitter:data2\" content=\"3 minutes\" \/>\n<script type=\"application\/ld+json\" class=\"yoast-schema-graph\">{\"@context\":\"https:\\\/\\\/schema.org\",\"@graph\":[{\"@type\":\"Article\",\"@id\":\"https:\\\/\\\/interamerica.org\\\/fr\\\/2013\\\/04\\\/costa-rica-leglise-unit-ses-efforts-pour-lancer-une-chaine-de-television-adventiste\\\/#article\",\"isPartOf\":{\"@id\":\"https:\\\/\\\/interamerica.org\\\/fr\\\/2013\\\/04\\\/costa-rica-leglise-unit-ses-efforts-pour-lancer-une-chaine-de-television-adventiste\\\/\"},\"author\":{\"name\":\"Lorenzo Verduzco\",\"@id\":\"https:\\\/\\\/interamerica.org\\\/fr\\\/#\\\/schema\\\/person\\\/68ede8bdc292885bb76c1e3810e73c39\"},\"headline\":\"Costa Rica : L\u2019\u00e9glise unit ses efforts pour lancer une chaine de t\u00e9l\u00e9vision Adventiste\",\"datePublished\":\"2013-04-04T04:00:00+00:00\",\"mainEntityOfPage\":{\"@id\":\"https:\\\/\\\/interamerica.org\\\/fr\\\/2013\\\/04\\\/costa-rica-leglise-unit-ses-efforts-pour-lancer-une-chaine-de-television-adventiste\\\/\"},\"wordCount\":697,\"image\":{\"@id\":\"https:\\\/\\\/interamerica.org\\\/fr\\\/2013\\\/04\\\/costa-rica-leglise-unit-ses-efforts-pour-lancer-une-chaine-de-television-adventiste\\\/#primaryimage\"},\"thumbnailUrl\":\"https:\\\/\\\/interamerica.org\\\/wp-content\\\/uploads\\\/2017\\\/06\\\/CR-ETV-auditorium.jpg\",\"articleSection\":[\"Nouvelles du territoire\"],\"inLanguage\":\"fr-FR\"},{\"@type\":\"WebPage\",\"@id\":\"https:\\\/\\\/interamerica.org\\\/fr\\\/2013\\\/04\\\/costa-rica-leglise-unit-ses-efforts-pour-lancer-une-chaine-de-television-adventiste\\\/\",\"url\":\"https:\\\/\\\/interamerica.org\\\/fr\\\/2013\\\/04\\\/costa-rica-leglise-unit-ses-efforts-pour-lancer-une-chaine-de-television-adventiste\\\/\",\"name\":\"Costa Rica : L\u2019\u00e9glise unit ses efforts pour lancer une chaine de t\u00e9l\u00e9vision Adventiste - \u00c9glise Adventiste Du Septieme Jour - Inter Am\u00e9rique Division\",\"isPartOf\":{\"@id\":\"https:\\\/\\\/interamerica.org\\\/fr\\\/#website\"},\"primaryImageOfPage\":{\"@id\":\"https:\\\/\\\/interamerica.org\\\/fr\\\/2013\\\/04\\\/costa-rica-leglise-unit-ses-efforts-pour-lancer-une-chaine-de-television-adventiste\\\/#primaryimage\"},\"image\":{\"@id\":\"https:\\\/\\\/interamerica.org\\\/fr\\\/2013\\\/04\\\/costa-rica-leglise-unit-ses-efforts-pour-lancer-une-chaine-de-television-adventiste\\\/#primaryimage\"},\"thumbnailUrl\":\"https:\\\/\\\/interamerica.org\\\/wp-content\\\/uploads\\\/2017\\\/06\\\/CR-ETV-auditorium.jpg\",\"datePublished\":\"2013-04-04T04:00:00+00:00\",\"author\":{\"@id\":\"https:\\\/\\\/interamerica.org\\\/fr\\\/#\\\/schema\\\/person\\\/68ede8bdc292885bb76c1e3810e73c39\"},\"breadcrumb\":{\"@id\":\"https:\\\/\\\/interamerica.org\\\/fr\\\/2013\\\/04\\\/costa-rica-leglise-unit-ses-efforts-pour-lancer-une-chaine-de-television-adventiste\\\/#breadcrumb\"},\"inLanguage\":\"fr-FR\",\"potentialAction\":[{\"@type\":\"ReadAction\",\"target\":[\"https:\\\/\\\/interamerica.org\\\/fr\\\/2013\\\/04\\\/costa-rica-leglise-unit-ses-efforts-pour-lancer-une-chaine-de-television-adventiste\\\/\"]}]},{\"@type\":\"ImageObject\",\"inLanguage\":\"fr-FR\",\"@id\":\"https:\\\/\\\/interamerica.org\\\/fr\\\/2013\\\/04\\\/costa-rica-leglise-unit-ses-efforts-pour-lancer-une-chaine-de-television-adventiste\\\/#primaryimage\",\"url\":\"https:\\\/\\\/interamerica.org\\\/wp-content\\\/uploads\\\/2017\\\/06\\\/CR-ETV-auditorium.jpg\",\"contentUrl\":\"https:\\\/\\\/interamerica.org\\\/wp-content\\\/uploads\\\/2017\\\/06\\\/CR-ETV-auditorium.jpg\",\"width\":315,\"height\":236},{\"@type\":\"BreadcrumbList\",\"@id\":\"https:\\\/\\\/interamerica.org\\\/fr\\\/2013\\\/04\\\/costa-rica-leglise-unit-ses-efforts-pour-lancer-une-chaine-de-television-adventiste\\\/#breadcrumb\",\"itemListElement\":[{\"@type\":\"ListItem\",\"position\":1,\"name\":\"Home\",\"item\":\"https:\\\/\\\/interamerica.org\\\/fr\\\/\"},{\"@type\":\"ListItem\",\"position\":2,\"name\":\"Costa Rica : L\u2019\u00e9glise unit ses efforts pour lancer une chaine de t\u00e9l\u00e9vision Adventiste\"}]},{\"@type\":\"WebSite\",\"@id\":\"https:\\\/\\\/interamerica.org\\\/fr\\\/#website\",\"url\":\"https:\\\/\\\/interamerica.org\\\/fr\\\/\",\"name\":\"\u00c9glise Adventiste Du Septieme Jour - Inter Am\u00e9rique Division\",\"description\":\"\",\"potentialAction\":[{\"@type\":\"SearchAction\",\"target\":{\"@type\":\"EntryPoint\",\"urlTemplate\":\"https:\\\/\\\/interamerica.org\\\/fr\\\/?s={search_term_string}\"},\"query-input\":{\"@type\":\"PropertyValueSpecification\",\"valueRequired\":true,\"valueName\":\"search_term_string\"}}],\"inLanguage\":\"fr-FR\"},{\"@type\":\"Person\",\"@id\":\"https:\\\/\\\/interamerica.org\\\/fr\\\/#\\\/schema\\\/person\\\/68ede8bdc292885bb76c1e3810e73c39\",\"name\":\"Lorenzo Verduzco\",\"image\":{\"@type\":\"ImageObject\",\"inLanguage\":\"fr-FR\",\"@id\":\"https:\\\/\\\/secure.gravatar.com\\\/avatar\\\/fb81a55b6218459490a9c1dc841a34909185b81904c5337b4b27f7a6fd60c49e?s=96&d=mm&r=g\",\"url\":\"https:\\\/\\\/secure.gravatar.com\\\/avatar\\\/fb81a55b6218459490a9c1dc841a34909185b81904c5337b4b27f7a6fd60c49e?s=96&d=mm&r=g\",\"contentUrl\":\"https:\\\/\\\/secure.gravatar.com\\\/avatar\\\/fb81a55b6218459490a9c1dc841a34909185b81904c5337b4b27f7a6fd60c49e?s=96&d=mm&r=g\",\"caption\":\"Lorenzo Verduzco\"}}]}<\/script>\n<!-- \/ Yoast SEO plugin. -->","yoast_head_json":{"title":"Costa Rica : L\u2019\u00e9glise unit ses efforts pour lancer une chaine de t\u00e9l\u00e9vision Adventiste - \u00c9glise Adventiste Du Septieme Jour - Inter Am\u00e9rique Division","robots":{"index":"index","follow":"follow","max-snippet":"max-snippet:-1","max-image-preview":"max-image-preview:large","max-video-preview":"max-video-preview:-1"},"canonical":"https:\/\/interamerica.org\/fr\/2013\/04\/costa-rica-leglise-unit-ses-efforts-pour-lancer-une-chaine-de-television-adventiste\/","og_locale":"fr_FR","og_type":"article","og_title":"Costa Rica : L\u2019\u00e9glise unit ses efforts pour lancer une chaine de t\u00e9l\u00e9vision Adventiste - \u00c9glise Adventiste Du Septieme Jour - Inter Am\u00e9rique Division","og_description":"L\u2019Eglise Adventiste du Septi\u00e8me jour au Costa Rica a r\u00e9cemment lanc\u00e9 sa chaine de t\u00e9l\u00e9vision, Esperanza TV, lors d\u2019un programme de trois heures diffus\u00e9 depuis l\u2019Auditorium du Centre Adventiste de l\u2019Education \u00e0 Hatillo au Costa Rica","og_url":"https:\/\/interamerica.org\/fr\/2013\/04\/costa-rica-leglise-unit-ses-efforts-pour-lancer-une-chaine-de-television-adventiste\/","og_site_name":"\u00c9glise Adventiste Du Septieme Jour - Inter Am\u00e9rique Division","article_published_time":"2013-04-04T04:00:00+00:00","og_image":[{"width":315,"height":236,"url":"https:\/\/interamerica.org\/wp-content\/uploads\/2017\/06\/CR-ETV-auditorium.jpg","type":"image\/jpeg"}],"author":"Lorenzo Verduzco","twitter_card":"summary_large_image","twitter_misc":{"\u00c9crit par":"Lorenzo Verduzco","Dur\u00e9e de lecture estim\u00e9e":"3 minutes"},"schema":{"@context":"https:\/\/schema.org","@graph":[{"@type":"Article","@id":"https:\/\/interamerica.org\/fr\/2013\/04\/costa-rica-leglise-unit-ses-efforts-pour-lancer-une-chaine-de-television-adventiste\/#article","isPartOf":{"@id":"https:\/\/interamerica.org\/fr\/2013\/04\/costa-rica-leglise-unit-ses-efforts-pour-lancer-une-chaine-de-television-adventiste\/"},"author":{"name":"Lorenzo Verduzco","@id":"https:\/\/interamerica.org\/fr\/#\/schema\/person\/68ede8bdc292885bb76c1e3810e73c39"},"headline":"Costa Rica : L\u2019\u00e9glise unit ses efforts pour lancer une chaine de t\u00e9l\u00e9vision Adventiste","datePublished":"2013-04-04T04:00:00+00:00","mainEntityOfPage":{"@id":"https:\/\/interamerica.org\/fr\/2013\/04\/costa-rica-leglise-unit-ses-efforts-pour-lancer-une-chaine-de-television-adventiste\/"},"wordCount":697,"image":{"@id":"https:\/\/interamerica.org\/fr\/2013\/04\/costa-rica-leglise-unit-ses-efforts-pour-lancer-une-chaine-de-television-adventiste\/#primaryimage"},"thumbnailUrl":"https:\/\/interamerica.org\/wp-content\/uploads\/2017\/06\/CR-ETV-auditorium.jpg","articleSection":["Nouvelles du territoire"],"inLanguage":"fr-FR"},{"@type":"WebPage","@id":"https:\/\/interamerica.org\/fr\/2013\/04\/costa-rica-leglise-unit-ses-efforts-pour-lancer-une-chaine-de-television-adventiste\/","url":"https:\/\/interamerica.org\/fr\/2013\/04\/costa-rica-leglise-unit-ses-efforts-pour-lancer-une-chaine-de-television-adventiste\/","name":"Costa Rica : L\u2019\u00e9glise unit ses efforts pour lancer une chaine de t\u00e9l\u00e9vision Adventiste - \u00c9glise Adventiste Du Septieme Jour - Inter Am\u00e9rique Division","isPartOf":{"@id":"https:\/\/interamerica.org\/fr\/#website"},"primaryImageOfPage":{"@id":"https:\/\/interamerica.org\/fr\/2013\/04\/costa-rica-leglise-unit-ses-efforts-pour-lancer-une-chaine-de-television-adventiste\/#primaryimage"},"image":{"@id":"https:\/\/interamerica.org\/fr\/2013\/04\/costa-rica-leglise-unit-ses-efforts-pour-lancer-une-chaine-de-television-adventiste\/#primaryimage"},"thumbnailUrl":"https:\/\/interamerica.org\/wp-content\/uploads\/2017\/06\/CR-ETV-auditorium.jpg","datePublished":"2013-04-04T04:00:00+00:00","author":{"@id":"https:\/\/interamerica.org\/fr\/#\/schema\/person\/68ede8bdc292885bb76c1e3810e73c39"},"breadcrumb":{"@id":"https:\/\/interamerica.org\/fr\/2013\/04\/costa-rica-leglise-unit-ses-efforts-pour-lancer-une-chaine-de-television-adventiste\/#breadcrumb"},"inLanguage":"fr-FR","potentialAction":[{"@type":"ReadAction","target":["https:\/\/interamerica.org\/fr\/2013\/04\/costa-rica-leglise-unit-ses-efforts-pour-lancer-une-chaine-de-television-adventiste\/"]}]},{"@type":"ImageObject","inLanguage":"fr-FR","@id":"https:\/\/interamerica.org\/fr\/2013\/04\/costa-rica-leglise-unit-ses-efforts-pour-lancer-une-chaine-de-television-adventiste\/#primaryimage","url":"https:\/\/interamerica.org\/wp-content\/uploads\/2017\/06\/CR-ETV-auditorium.jpg","contentUrl":"https:\/\/interamerica.org\/wp-content\/uploads\/2017\/06\/CR-ETV-auditorium.jpg","width":315,"height":236},{"@type":"BreadcrumbList","@id":"https:\/\/interamerica.org\/fr\/2013\/04\/costa-rica-leglise-unit-ses-efforts-pour-lancer-une-chaine-de-television-adventiste\/#breadcrumb","itemListElement":[{"@type":"ListItem","position":1,"name":"Home","item":"https:\/\/interamerica.org\/fr\/"},{"@type":"ListItem","position":2,"name":"Costa Rica : L\u2019\u00e9glise unit ses efforts pour lancer une chaine de t\u00e9l\u00e9vision Adventiste"}]},{"@type":"WebSite","@id":"https:\/\/interamerica.org\/fr\/#website","url":"https:\/\/interamerica.org\/fr\/","name":"\u00c9glise Adventiste Du Septieme Jour - Inter Am\u00e9rique Division","description":"","potentialAction":[{"@type":"SearchAction","target":{"@type":"EntryPoint","urlTemplate":"https:\/\/interamerica.org\/fr\/?s={search_term_string}"},"query-input":{"@type":"PropertyValueSpecification","valueRequired":true,"valueName":"search_term_string"}}],"inLanguage":"fr-FR"},{"@type":"Person","@id":"https:\/\/interamerica.org\/fr\/#\/schema\/person\/68ede8bdc292885bb76c1e3810e73c39","name":"Lorenzo Verduzco","image":{"@type":"ImageObject","inLanguage":"fr-FR","@id":"https:\/\/secure.gravatar.com\/avatar\/fb81a55b6218459490a9c1dc841a34909185b81904c5337b4b27f7a6fd60c49e?s=96&d=mm&r=g","url":"https:\/\/secure.gravatar.com\/avatar\/fb81a55b6218459490a9c1dc841a34909185b81904c5337b4b27f7a6fd60c49e?s=96&d=mm&r=g","contentUrl":"https:\/\/secure.gravatar.com\/avatar\/fb81a55b6218459490a9c1dc841a34909185b81904c5337b4b27f7a6fd60c49e?s=96&d=mm&r=g","caption":"Lorenzo Verduzco"}}]}},"_links":{"self":[{"href":"https:\/\/interamerica.org\/fr\/wp-json\/wp\/v2\/posts\/31657","targetHints":{"allow":["GET"]}}],"collection":[{"href":"https:\/\/interamerica.org\/fr\/wp-json\/wp\/v2\/posts"}],"about":[{"href":"https:\/\/interamerica.org\/fr\/wp-json\/wp\/v2\/types\/post"}],"author":[{"embeddable":true,"href":"https:\/\/interamerica.org\/fr\/wp-json\/wp\/v2\/users\/1"}],"replies":[{"embeddable":true,"href":"https:\/\/interamerica.org\/fr\/wp-json\/wp\/v2\/comments?post=31657"}],"version-history":[{"count":0,"href":"https:\/\/interamerica.org\/fr\/wp-json\/wp\/v2\/posts\/31657\/revisions"}],"wp:featuredmedia":[{"embeddable":true,"href":"https:\/\/interamerica.org\/fr\/wp-json\/wp\/v2\/media\/21212"}],"wp:attachment":[{"href":"https:\/\/interamerica.org\/fr\/wp-json\/wp\/v2\/media?parent=31657"}],"wp:term":[{"taxonomy":"category","embeddable":true,"href":"https:\/\/interamerica.org\/fr\/wp-json\/wp\/v2\/categories?post=31657"},{"taxonomy":"post_tag","embeddable":true,"href":"https:\/\/interamerica.org\/fr\/wp-json\/wp\/v2\/tags?post=31657"}],"curies":[{"name":"wp","href":"https:\/\/api.w.org\/{rel}","templated":true}]}}