{"id":31704,"date":"2013-05-26T00:00:00","date_gmt":"2013-05-26T04:00:00","guid":{"rendered":"http:\/\/192.81.217.108\/interamerica\/2013\/05\/un-nouveau-documentaire-retrace-limpact-global-des-efforts-devangelisation-par-le-biais-de-la-voie-medicale\/"},"modified":"2013-05-26T00:00:00","modified_gmt":"2013-05-26T04:00:00","slug":"un-nouveau-documentaire-retrace-limpact-global-des-efforts-devangelisation-par-le-biais-de-la-voie-medicale","status":"publish","type":"post","link":"https:\/\/interamerica.org\/fr\/2013\/05\/un-nouveau-documentaire-retrace-limpact-global-des-efforts-devangelisation-par-le-biais-de-la-voie-medicale\/","title":{"rendered":"Un nouveau documentaire retrace l\u2019impact global des efforts d\u2019\u00e9vang\u00e9lisation par le biais de la voie m\u00e9dicale"},"content":{"rendered":"<p>mai 21, 2013 Silver Spring, Maryland, United States&#8230;Elizabeth Lechleitner\/ANN<\/p>\n<p>Un documentaire explorant la philosophie et l\u2019h\u00e9ritage des efforts d\u2019\u00e9vang\u00e9lisation de l\u2019Eglise Adventiste du Septi\u00e8me Jour dans le secteur de la sant\u00e9 \u00e0 l\u2019\u00e9chelle internationale et dans celui de l\u2019humanitaire devrait \u00eatre diffus\u00e9 sur Public Broadcasting Stations \u00e0 travers tous les Etats-Unis, au d\u00e9but du mois de Septembre.<\/p>\n<div id=\"attachment_8223\" style=\"width: 310px\" class=\"wp-caption alignleft\"><a href=\"\/interamerica\/wp-content\/uploads\/2017\/06\/filming-amazon-inside.jpg\" rel=\"fancybox\" title=\"Un nouveau documentaire retrace l\u2019impact global des efforts d\u2019\u00e9vang\u00e9lisation par le biais de la voie m\u00e9dicale\"><img fetchpriority=\"high\" decoding=\"async\" aria-describedby=\"caption-attachment-8223\" class=\"size-medium wp-image-8223\" title=\"filming-amazon-inside\" src=\"\/interamerica\/wp-content\/uploads\/2017\/06\/filming-amazon-inside-300x204.jpg\" alt=\"\" width=\"300\" height=\"204\" \/><\/a><p id=\"caption-attachment-8223\" class=\"wp-caption-text\">Martin Doblmeier, \u00e0 gauche, fondateur et pr\u00e9sident de \u00ab Journey Films \u00bb en compagnie de Nathan DeWild, directeur de la photographie chez \u00ab Journey Films \u00bb et dipl\u00f4m\u00e9 de l\u2019Universit\u00e9 Southern Adventist, sur un site au Br\u00e9sil. L\u2019\u00e9quipe de production filmait le long de l\u2019Amazone o\u00f9 pendant 80 ann\u00e9es, le bateau missionnaire m\u00e9dical \u00ab Luzeiro \u00bb a assur\u00e9 les soins de sant\u00e9 des communaut\u00e9s isol\u00e9es. ANN<\/p><\/div>\n<p>\u00ab Les Adventistes 2 \u00bb \u00e0 pr\u00e9sent disponible sur DVD, est une suite du documentaire \u00ab les adventistes \u00bb sorti en 2010 par le r\u00e9alisateur ind\u00e9pendant, Martin Doblmeier et retrace les racines du message sanitaire de l\u2019Eglise Adventiste et celui de son minist\u00e8re en Am\u00e9rique du Nord.<\/p>\n<p>Le dernier film de Doblmeier laisse entendre que l\u2019int\u00e9gration des soins sanitaires et de la th\u00e9ologie qui s\u2019est faite d\u00e8s ses d\u00e9buts place la d\u00e9nomination dans une position unique. L\u2019Eglise Adventiste fut officiellement fond\u00e9e en Mai 1863, deux semaines avant que la co-fondatrice de la d\u00e9nomination, Ellen G. White ne re\u00e7oive sa premi\u00e8re vision sur la r\u00e9forme sanitaire, qui pla\u00e7ait le bien-\u00eatre physique et spirituel au centre de l\u2019adventisme.<\/p>\n<p>\u00ab Cela ne veut nullement dire que les catholiques, les juifs ou les presbyt\u00e9riens ne poss\u00e8dent pas de grands h\u00f4pitaux ou ne consid\u00e8rent pas que le corps est un temple, mais je pense que la notion de sant\u00e9 qui impr\u00e8gne toute la philosophie adventiste depuis son origine est tr\u00e8s distincte, \u00bb a d\u00e9clar\u00e9 Doblmeier.<\/p>\n<p>Le film met \u00e9galement l\u2019accent sur l\u2019engagement de l\u2019Eglise Adventiste \u00e0 prodiguer des soins de sant\u00e9 durable et \u00e0 long terme \u00e0 travers l\u2019emphase qui est mise sur les m\u00e9dicaments \u00e0 caract\u00e8res pr\u00e9ventifs et l\u2019\u00e9tablissement d\u2019\u00e9coles m\u00e9dicales dans les pays en voie de d\u00e9veloppement.<\/p>\n<p>En tournage au Malawi, Doblmeier met l\u2019emphase sur la focalisation de l\u2019Eglise Adventiste sur l\u2019\u00e9ducation au sujet du HIV et du SIDA, visant \u00e0 int\u00e9grer la sensibilisation sur des sujets touchant \u00e0 la sant\u00e9 dans la culture et utilisant des repr\u00e9sentations dramatiques pour y parvenir. Au P\u00e9rou, la croissance rapide de la population repousse les limites des soins li\u00e9s \u00e0 la sant\u00e9, mais le r\u00e9cent lancement de \u00ab L\u2019Ecole de la M\u00e9decine Humaine \u00bb \u00e0 l\u2019Universit\u00e9 Adventiste de l\u2019Union P\u00e9ruvienne, \u00e0 Lima, permet de former une nouvelle g\u00e9n\u00e9ration de m\u00e9decins pr\u00eats \u00e0 relever ce d\u00e9fi.<\/p>\n<p>\u00ab Ce ne sont pas des soins rudimentaires, \u00bb commente Doblmeier, les adventistes ont cr\u00e9\u00e9 ces \u00e9coles m\u00e9dicales dans les pays en voie de d\u00e9veloppement pour que les meilleurs cerveaux restent au pays, pour qu\u2019ils aient leur formation au sein du syst\u00e8me \u00e9ducatif adventiste et que par la suite ils exercent sur place. Je pense que les effets se feront ressentir sur le long terme. \u00bb<\/p>\n<p>Le film retrace \u00e9galement l\u2019histoire d\u2019un h\u00f4pital l\u00e9gendaire en Chine, suit le parcours d\u2019une \u00e9quipe de docteurs am\u00e9ricains qui font des interventions chirurgicales pour des patients sans moyens en R\u00e9publique Dominicaine et montre le travail des missionnaires m\u00e9dicaux adventistes dans le sillage d\u2019un tremblement de terre catastrophique \u00e0 Ha\u00efti.<\/p>\n<p>Ce pays, vraisemblablement plus que tout autre, vient d\u00e9montrer le besoin inimaginable qui existe pour une approche durable dans le domaine de la sant\u00e9, d\u00e9clare Doblmeier. Mais, ajoute-t-il, il d\u00e9montre \u00e9galement la d\u00e9termination des humanitaires adventistes.<\/p>\n<p>\u00ab C\u2019est une t\u00e2che incroyable, mais l\u2019espoir a \u00e9t\u00e9 au centre de l\u2019Eglise Adventiste depuis ses d\u00e9buts et il demeure l\u2019une des raisons phares qui justifient encore sa pr\u00e9sence dans le monde aujourd\u2019hui, \u00bb d\u00e9clare-t-il. \u00ab Donc, dans ces pays o\u00f9 les disparit\u00e9s quand il s\u2019agit des soins de sant\u00e9 sont \u00e9normes, je pense que la pr\u00e9sence de l\u2019Eglise Adventiste fait na\u00eetre un sentiment d\u2019espoir et c\u2019est quelque chose de tr\u00e8s important. \u00bb<\/p>\n<p>Doblmeier a \u00e9galement consacr\u00e9 beaucoup de temps \u00e0 l\u2019h\u00e9ritage du service m\u00e9dical et missionnaire laiss\u00e9 par les premiers adventistes. Pour en illustrer l\u2019impact, son \u00e9quipe de production et lui-m\u00eame se sont rendus au Br\u00e9sil o\u00f9 pendant des d\u00e9cennies Leo et Jessie Halliwell ont prodigu\u00e9 des soins de sant\u00e9 par bateau aux communaut\u00e9s isol\u00e9es habitant le long du fleuve Amazone. Le bateau m\u00e9dical missionnaire Luzeiro (porteur de lumi\u00e8re) est toujours en activit\u00e9 \u00e0 ce jour.<\/p>\n<p>\u00ab Nous avons appris encore et encore comment les gens ont entendu parler de l\u2019histoire des Halliwell et ont \u00e9t\u00e9 touch\u00e9s. Cela nous r\u00e9v\u00e8le que leur vie et leur travail avaient un but et une signification, \u00bb a ajout\u00e9 Doblmeier.<\/p>\n<p>\u00ab C\u2019est le pouvoir de l\u2019histoire. Et si nous entreprenons quelque chose pour aider \u00e0 garder vivantes ces histoires, je me sens satisfait d\u2019y \u00eatre pour quelque chose, \u00bb a-t-il d\u00e9clar\u00e9. Une partie des recettes issues de la vente des DVDs sera utilis\u00e9e pour soutenir le travail des organisations mentionn\u00e9es dans le film.<\/p>\n<p>\u00ab Les Adventistes 2 \u00bb est le dernier en date des films de Doblmeier ,qui a re\u00e7u plus de 25 r\u00e9compenses pour ses films qui traitent de la religion, de la foi et de la spiritualit\u00e9. Un de ses films, \u00ab Bonhoeffer \u00bb est un documentaire sur un r\u00e9sistant Nazi, Dietrich Bonhoeffer et \u00ab Albert Schweizer : Called to Africa \u00bb, un film qui relate la vie de cet humanitaire qui re\u00e7ut le Prix Nobel.<\/p>\n<p>Doblmeier est le pr\u00e9sident et fondateur de \u00ab Journey Films \u00bb \u00e0 Alexandrie, aux Etats-Unis, dans l\u2019\u00e9tat de Virginie. Il est actuellement en train de mettre la touche finale \u00e0 un documentaire qui explore l\u2019engagement de l\u2019Eglise Adventiste pour une m\u00e9thode d\u2019\u00e9ducation holistique.<\/p>\n<p>\u00ab D\u00e8s la fin de cet entretien, je me rends \u00e0 nouveau dans la salle de montage \u00bb, a-t-il conclu.<\/p>\n","protected":false},"excerpt":{"rendered":"<p>Un documentaire explorant la philosophie et l\u2019h\u00e9ritage des efforts d\u2019\u00e9vang\u00e9lisation de l\u2019Eglise Adventiste du Septi\u00e8me Jour dans le secteur de la sant\u00e9 \u00e0 l\u2019\u00e9chelle internationale et dans celui de l\u2019humanitaire devrait \u00eatre diffus\u00e9 sur Public Broadcasting Stations \u00e0 travers tous les Etats-Unis, au d\u00e9but du mois de Septembre.<\/p>\n","protected":false},"author":1,"featured_media":21517,"comment_status":"closed","ping_status":"closed","sticky":false,"template":"","format":"standard","meta":{"_acf_changed":false,"footnotes":""},"categories":[18],"tags":[],"class_list":["post-31704","post","type-post","status-publish","format-standard","has-post-thumbnail","hentry","category-nouvelles-de-leglise-mondiale"],"acf":[],"yoast_head":"<!-- This site is optimized with the Yoast SEO plugin v27.3 - https:\/\/yoast.com\/product\/yoast-seo-wordpress\/ -->\n<title>Un nouveau documentaire retrace l\u2019impact global des efforts d\u2019\u00e9vang\u00e9lisation par le biais de la voie m\u00e9dicale - \u00c9glise Adventiste Du Septieme Jour - Inter Am\u00e9rique Division<\/title>\n<meta name=\"robots\" content=\"index, follow, max-snippet:-1, max-image-preview:large, max-video-preview:-1\" \/>\n<link rel=\"canonical\" href=\"https:\/\/interamerica.org\/fr\/2013\/05\/un-nouveau-documentaire-retrace-limpact-global-des-efforts-devangelisation-par-le-biais-de-la-voie-medicale\/\" \/>\n<meta property=\"og:locale\" content=\"fr_FR\" \/>\n<meta property=\"og:type\" content=\"article\" \/>\n<meta property=\"og:title\" content=\"Un nouveau documentaire retrace l\u2019impact global des efforts d\u2019\u00e9vang\u00e9lisation par le biais de la voie m\u00e9dicale - \u00c9glise Adventiste Du Septieme Jour - Inter Am\u00e9rique Division\" \/>\n<meta property=\"og:description\" content=\"Un documentaire explorant la philosophie et l\u2019h\u00e9ritage des efforts d\u2019\u00e9vang\u00e9lisation de l\u2019Eglise Adventiste du Septi\u00e8me Jour dans le secteur de la sant\u00e9 \u00e0 l\u2019\u00e9chelle internationale et dans celui de l\u2019humanitaire devrait \u00eatre diffus\u00e9 sur Public Broadcasting Stations \u00e0 travers tous les Etats-Unis, au d\u00e9but du mois de Septembre.\" \/>\n<meta property=\"og:url\" content=\"https:\/\/interamerica.org\/fr\/2013\/05\/un-nouveau-documentaire-retrace-limpact-global-des-efforts-devangelisation-par-le-biais-de-la-voie-medicale\/\" \/>\n<meta property=\"og:site_name\" content=\"\u00c9glise Adventiste Du Septieme Jour - Inter Am\u00e9rique Division\" \/>\n<meta property=\"article:published_time\" content=\"2013-05-26T04:00:00+00:00\" \/>\n<meta property=\"og:image\" content=\"https:\/\/interamerica.org\/wp-content\/uploads\/2017\/06\/filming-amazon-inside.jpg\" \/>\n\t<meta property=\"og:image:width\" content=\"1200\" \/>\n\t<meta property=\"og:image:height\" content=\"818\" \/>\n\t<meta property=\"og:image:type\" content=\"image\/jpeg\" \/>\n<meta name=\"author\" content=\"Lorenzo Verduzco\" \/>\n<meta name=\"twitter:card\" content=\"summary_large_image\" \/>\n<meta name=\"twitter:label1\" content=\"\u00c9crit par\" \/>\n\t<meta name=\"twitter:data1\" content=\"Lorenzo Verduzco\" \/>\n\t<meta name=\"twitter:label2\" content=\"Dur\u00e9e de lecture estim\u00e9e\" \/>\n\t<meta name=\"twitter:data2\" content=\"5 minutes\" \/>\n<script type=\"application\/ld+json\" class=\"yoast-schema-graph\">{\"@context\":\"https:\\\/\\\/schema.org\",\"@graph\":[{\"@type\":\"Article\",\"@id\":\"https:\\\/\\\/interamerica.org\\\/fr\\\/2013\\\/05\\\/un-nouveau-documentaire-retrace-limpact-global-des-efforts-devangelisation-par-le-biais-de-la-voie-medicale\\\/#article\",\"isPartOf\":{\"@id\":\"https:\\\/\\\/interamerica.org\\\/fr\\\/2013\\\/05\\\/un-nouveau-documentaire-retrace-limpact-global-des-efforts-devangelisation-par-le-biais-de-la-voie-medicale\\\/\"},\"author\":{\"name\":\"Lorenzo Verduzco\",\"@id\":\"https:\\\/\\\/interamerica.org\\\/fr\\\/#\\\/schema\\\/person\\\/68ede8bdc292885bb76c1e3810e73c39\"},\"headline\":\"Un nouveau documentaire retrace l\u2019impact global des efforts d\u2019\u00e9vang\u00e9lisation par le biais de la voie m\u00e9dicale\",\"datePublished\":\"2013-05-26T04:00:00+00:00\",\"mainEntityOfPage\":{\"@id\":\"https:\\\/\\\/interamerica.org\\\/fr\\\/2013\\\/05\\\/un-nouveau-documentaire-retrace-limpact-global-des-efforts-devangelisation-par-le-biais-de-la-voie-medicale\\\/\"},\"wordCount\":1069,\"image\":{\"@id\":\"https:\\\/\\\/interamerica.org\\\/fr\\\/2013\\\/05\\\/un-nouveau-documentaire-retrace-limpact-global-des-efforts-devangelisation-par-le-biais-de-la-voie-medicale\\\/#primaryimage\"},\"thumbnailUrl\":\"https:\\\/\\\/interamerica.org\\\/wp-content\\\/uploads\\\/2017\\\/06\\\/filming-amazon-inside.jpg\",\"articleSection\":[\"Nouvelles de l'\u00c9glise mondiale\"],\"inLanguage\":\"fr-FR\"},{\"@type\":\"WebPage\",\"@id\":\"https:\\\/\\\/interamerica.org\\\/fr\\\/2013\\\/05\\\/un-nouveau-documentaire-retrace-limpact-global-des-efforts-devangelisation-par-le-biais-de-la-voie-medicale\\\/\",\"url\":\"https:\\\/\\\/interamerica.org\\\/fr\\\/2013\\\/05\\\/un-nouveau-documentaire-retrace-limpact-global-des-efforts-devangelisation-par-le-biais-de-la-voie-medicale\\\/\",\"name\":\"Un nouveau documentaire retrace l\u2019impact global des efforts d\u2019\u00e9vang\u00e9lisation par le biais de la voie m\u00e9dicale - \u00c9glise Adventiste Du Septieme Jour - Inter Am\u00e9rique Division\",\"isPartOf\":{\"@id\":\"https:\\\/\\\/interamerica.org\\\/fr\\\/#website\"},\"primaryImageOfPage\":{\"@id\":\"https:\\\/\\\/interamerica.org\\\/fr\\\/2013\\\/05\\\/un-nouveau-documentaire-retrace-limpact-global-des-efforts-devangelisation-par-le-biais-de-la-voie-medicale\\\/#primaryimage\"},\"image\":{\"@id\":\"https:\\\/\\\/interamerica.org\\\/fr\\\/2013\\\/05\\\/un-nouveau-documentaire-retrace-limpact-global-des-efforts-devangelisation-par-le-biais-de-la-voie-medicale\\\/#primaryimage\"},\"thumbnailUrl\":\"https:\\\/\\\/interamerica.org\\\/wp-content\\\/uploads\\\/2017\\\/06\\\/filming-amazon-inside.jpg\",\"datePublished\":\"2013-05-26T04:00:00+00:00\",\"author\":{\"@id\":\"https:\\\/\\\/interamerica.org\\\/fr\\\/#\\\/schema\\\/person\\\/68ede8bdc292885bb76c1e3810e73c39\"},\"breadcrumb\":{\"@id\":\"https:\\\/\\\/interamerica.org\\\/fr\\\/2013\\\/05\\\/un-nouveau-documentaire-retrace-limpact-global-des-efforts-devangelisation-par-le-biais-de-la-voie-medicale\\\/#breadcrumb\"},\"inLanguage\":\"fr-FR\",\"potentialAction\":[{\"@type\":\"ReadAction\",\"target\":[\"https:\\\/\\\/interamerica.org\\\/fr\\\/2013\\\/05\\\/un-nouveau-documentaire-retrace-limpact-global-des-efforts-devangelisation-par-le-biais-de-la-voie-medicale\\\/\"]}]},{\"@type\":\"ImageObject\",\"inLanguage\":\"fr-FR\",\"@id\":\"https:\\\/\\\/interamerica.org\\\/fr\\\/2013\\\/05\\\/un-nouveau-documentaire-retrace-limpact-global-des-efforts-devangelisation-par-le-biais-de-la-voie-medicale\\\/#primaryimage\",\"url\":\"https:\\\/\\\/interamerica.org\\\/wp-content\\\/uploads\\\/2017\\\/06\\\/filming-amazon-inside.jpg\",\"contentUrl\":\"https:\\\/\\\/interamerica.org\\\/wp-content\\\/uploads\\\/2017\\\/06\\\/filming-amazon-inside.jpg\",\"width\":1200,\"height\":818},{\"@type\":\"BreadcrumbList\",\"@id\":\"https:\\\/\\\/interamerica.org\\\/fr\\\/2013\\\/05\\\/un-nouveau-documentaire-retrace-limpact-global-des-efforts-devangelisation-par-le-biais-de-la-voie-medicale\\\/#breadcrumb\",\"itemListElement\":[{\"@type\":\"ListItem\",\"position\":1,\"name\":\"Home\",\"item\":\"https:\\\/\\\/interamerica.org\\\/fr\\\/\"},{\"@type\":\"ListItem\",\"position\":2,\"name\":\"Un nouveau documentaire retrace l\u2019impact global des efforts d\u2019\u00e9vang\u00e9lisation par le biais de la voie m\u00e9dicale\"}]},{\"@type\":\"WebSite\",\"@id\":\"https:\\\/\\\/interamerica.org\\\/fr\\\/#website\",\"url\":\"https:\\\/\\\/interamerica.org\\\/fr\\\/\",\"name\":\"\u00c9glise Adventiste Du Septieme Jour - Inter Am\u00e9rique Division\",\"description\":\"\",\"potentialAction\":[{\"@type\":\"SearchAction\",\"target\":{\"@type\":\"EntryPoint\",\"urlTemplate\":\"https:\\\/\\\/interamerica.org\\\/fr\\\/?s={search_term_string}\"},\"query-input\":{\"@type\":\"PropertyValueSpecification\",\"valueRequired\":true,\"valueName\":\"search_term_string\"}}],\"inLanguage\":\"fr-FR\"},{\"@type\":\"Person\",\"@id\":\"https:\\\/\\\/interamerica.org\\\/fr\\\/#\\\/schema\\\/person\\\/68ede8bdc292885bb76c1e3810e73c39\",\"name\":\"Lorenzo Verduzco\",\"image\":{\"@type\":\"ImageObject\",\"inLanguage\":\"fr-FR\",\"@id\":\"https:\\\/\\\/secure.gravatar.com\\\/avatar\\\/fb81a55b6218459490a9c1dc841a34909185b81904c5337b4b27f7a6fd60c49e?s=96&d=mm&r=g\",\"url\":\"https:\\\/\\\/secure.gravatar.com\\\/avatar\\\/fb81a55b6218459490a9c1dc841a34909185b81904c5337b4b27f7a6fd60c49e?s=96&d=mm&r=g\",\"contentUrl\":\"https:\\\/\\\/secure.gravatar.com\\\/avatar\\\/fb81a55b6218459490a9c1dc841a34909185b81904c5337b4b27f7a6fd60c49e?s=96&d=mm&r=g\",\"caption\":\"Lorenzo Verduzco\"}}]}<\/script>\n<!-- \/ Yoast SEO plugin. -->","yoast_head_json":{"title":"Un nouveau documentaire retrace l\u2019impact global des efforts d\u2019\u00e9vang\u00e9lisation par le biais de la voie m\u00e9dicale - \u00c9glise Adventiste Du Septieme Jour - Inter Am\u00e9rique Division","robots":{"index":"index","follow":"follow","max-snippet":"max-snippet:-1","max-image-preview":"max-image-preview:large","max-video-preview":"max-video-preview:-1"},"canonical":"https:\/\/interamerica.org\/fr\/2013\/05\/un-nouveau-documentaire-retrace-limpact-global-des-efforts-devangelisation-par-le-biais-de-la-voie-medicale\/","og_locale":"fr_FR","og_type":"article","og_title":"Un nouveau documentaire retrace l\u2019impact global des efforts d\u2019\u00e9vang\u00e9lisation par le biais de la voie m\u00e9dicale - \u00c9glise Adventiste Du Septieme Jour - Inter Am\u00e9rique Division","og_description":"Un documentaire explorant la philosophie et l\u2019h\u00e9ritage des efforts d\u2019\u00e9vang\u00e9lisation de l\u2019Eglise Adventiste du Septi\u00e8me Jour dans le secteur de la sant\u00e9 \u00e0 l\u2019\u00e9chelle internationale et dans celui de l\u2019humanitaire devrait \u00eatre diffus\u00e9 sur Public Broadcasting Stations \u00e0 travers tous les Etats-Unis, au d\u00e9but du mois de Septembre.","og_url":"https:\/\/interamerica.org\/fr\/2013\/05\/un-nouveau-documentaire-retrace-limpact-global-des-efforts-devangelisation-par-le-biais-de-la-voie-medicale\/","og_site_name":"\u00c9glise Adventiste Du Septieme Jour - Inter Am\u00e9rique Division","article_published_time":"2013-05-26T04:00:00+00:00","og_image":[{"width":1200,"height":818,"url":"https:\/\/interamerica.org\/wp-content\/uploads\/2017\/06\/filming-amazon-inside.jpg","type":"image\/jpeg"}],"author":"Lorenzo Verduzco","twitter_card":"summary_large_image","twitter_misc":{"\u00c9crit par":"Lorenzo Verduzco","Dur\u00e9e de lecture estim\u00e9e":"5 minutes"},"schema":{"@context":"https:\/\/schema.org","@graph":[{"@type":"Article","@id":"https:\/\/interamerica.org\/fr\/2013\/05\/un-nouveau-documentaire-retrace-limpact-global-des-efforts-devangelisation-par-le-biais-de-la-voie-medicale\/#article","isPartOf":{"@id":"https:\/\/interamerica.org\/fr\/2013\/05\/un-nouveau-documentaire-retrace-limpact-global-des-efforts-devangelisation-par-le-biais-de-la-voie-medicale\/"},"author":{"name":"Lorenzo Verduzco","@id":"https:\/\/interamerica.org\/fr\/#\/schema\/person\/68ede8bdc292885bb76c1e3810e73c39"},"headline":"Un nouveau documentaire retrace l\u2019impact global des efforts d\u2019\u00e9vang\u00e9lisation par le biais de la voie m\u00e9dicale","datePublished":"2013-05-26T04:00:00+00:00","mainEntityOfPage":{"@id":"https:\/\/interamerica.org\/fr\/2013\/05\/un-nouveau-documentaire-retrace-limpact-global-des-efforts-devangelisation-par-le-biais-de-la-voie-medicale\/"},"wordCount":1069,"image":{"@id":"https:\/\/interamerica.org\/fr\/2013\/05\/un-nouveau-documentaire-retrace-limpact-global-des-efforts-devangelisation-par-le-biais-de-la-voie-medicale\/#primaryimage"},"thumbnailUrl":"https:\/\/interamerica.org\/wp-content\/uploads\/2017\/06\/filming-amazon-inside.jpg","articleSection":["Nouvelles de l'\u00c9glise mondiale"],"inLanguage":"fr-FR"},{"@type":"WebPage","@id":"https:\/\/interamerica.org\/fr\/2013\/05\/un-nouveau-documentaire-retrace-limpact-global-des-efforts-devangelisation-par-le-biais-de-la-voie-medicale\/","url":"https:\/\/interamerica.org\/fr\/2013\/05\/un-nouveau-documentaire-retrace-limpact-global-des-efforts-devangelisation-par-le-biais-de-la-voie-medicale\/","name":"Un nouveau documentaire retrace l\u2019impact global des efforts d\u2019\u00e9vang\u00e9lisation par le biais de la voie m\u00e9dicale - \u00c9glise Adventiste Du Septieme Jour - Inter Am\u00e9rique Division","isPartOf":{"@id":"https:\/\/interamerica.org\/fr\/#website"},"primaryImageOfPage":{"@id":"https:\/\/interamerica.org\/fr\/2013\/05\/un-nouveau-documentaire-retrace-limpact-global-des-efforts-devangelisation-par-le-biais-de-la-voie-medicale\/#primaryimage"},"image":{"@id":"https:\/\/interamerica.org\/fr\/2013\/05\/un-nouveau-documentaire-retrace-limpact-global-des-efforts-devangelisation-par-le-biais-de-la-voie-medicale\/#primaryimage"},"thumbnailUrl":"https:\/\/interamerica.org\/wp-content\/uploads\/2017\/06\/filming-amazon-inside.jpg","datePublished":"2013-05-26T04:00:00+00:00","author":{"@id":"https:\/\/interamerica.org\/fr\/#\/schema\/person\/68ede8bdc292885bb76c1e3810e73c39"},"breadcrumb":{"@id":"https:\/\/interamerica.org\/fr\/2013\/05\/un-nouveau-documentaire-retrace-limpact-global-des-efforts-devangelisation-par-le-biais-de-la-voie-medicale\/#breadcrumb"},"inLanguage":"fr-FR","potentialAction":[{"@type":"ReadAction","target":["https:\/\/interamerica.org\/fr\/2013\/05\/un-nouveau-documentaire-retrace-limpact-global-des-efforts-devangelisation-par-le-biais-de-la-voie-medicale\/"]}]},{"@type":"ImageObject","inLanguage":"fr-FR","@id":"https:\/\/interamerica.org\/fr\/2013\/05\/un-nouveau-documentaire-retrace-limpact-global-des-efforts-devangelisation-par-le-biais-de-la-voie-medicale\/#primaryimage","url":"https:\/\/interamerica.org\/wp-content\/uploads\/2017\/06\/filming-amazon-inside.jpg","contentUrl":"https:\/\/interamerica.org\/wp-content\/uploads\/2017\/06\/filming-amazon-inside.jpg","width":1200,"height":818},{"@type":"BreadcrumbList","@id":"https:\/\/interamerica.org\/fr\/2013\/05\/un-nouveau-documentaire-retrace-limpact-global-des-efforts-devangelisation-par-le-biais-de-la-voie-medicale\/#breadcrumb","itemListElement":[{"@type":"ListItem","position":1,"name":"Home","item":"https:\/\/interamerica.org\/fr\/"},{"@type":"ListItem","position":2,"name":"Un nouveau documentaire retrace l\u2019impact global des efforts d\u2019\u00e9vang\u00e9lisation par le biais de la voie m\u00e9dicale"}]},{"@type":"WebSite","@id":"https:\/\/interamerica.org\/fr\/#website","url":"https:\/\/interamerica.org\/fr\/","name":"\u00c9glise Adventiste Du Septieme Jour - Inter Am\u00e9rique Division","description":"","potentialAction":[{"@type":"SearchAction","target":{"@type":"EntryPoint","urlTemplate":"https:\/\/interamerica.org\/fr\/?s={search_term_string}"},"query-input":{"@type":"PropertyValueSpecification","valueRequired":true,"valueName":"search_term_string"}}],"inLanguage":"fr-FR"},{"@type":"Person","@id":"https:\/\/interamerica.org\/fr\/#\/schema\/person\/68ede8bdc292885bb76c1e3810e73c39","name":"Lorenzo Verduzco","image":{"@type":"ImageObject","inLanguage":"fr-FR","@id":"https:\/\/secure.gravatar.com\/avatar\/fb81a55b6218459490a9c1dc841a34909185b81904c5337b4b27f7a6fd60c49e?s=96&d=mm&r=g","url":"https:\/\/secure.gravatar.com\/avatar\/fb81a55b6218459490a9c1dc841a34909185b81904c5337b4b27f7a6fd60c49e?s=96&d=mm&r=g","contentUrl":"https:\/\/secure.gravatar.com\/avatar\/fb81a55b6218459490a9c1dc841a34909185b81904c5337b4b27f7a6fd60c49e?s=96&d=mm&r=g","caption":"Lorenzo Verduzco"}}]}},"_links":{"self":[{"href":"https:\/\/interamerica.org\/fr\/wp-json\/wp\/v2\/posts\/31704","targetHints":{"allow":["GET"]}}],"collection":[{"href":"https:\/\/interamerica.org\/fr\/wp-json\/wp\/v2\/posts"}],"about":[{"href":"https:\/\/interamerica.org\/fr\/wp-json\/wp\/v2\/types\/post"}],"author":[{"embeddable":true,"href":"https:\/\/interamerica.org\/fr\/wp-json\/wp\/v2\/users\/1"}],"replies":[{"embeddable":true,"href":"https:\/\/interamerica.org\/fr\/wp-json\/wp\/v2\/comments?post=31704"}],"version-history":[{"count":0,"href":"https:\/\/interamerica.org\/fr\/wp-json\/wp\/v2\/posts\/31704\/revisions"}],"wp:featuredmedia":[{"embeddable":true,"href":"https:\/\/interamerica.org\/fr\/wp-json\/wp\/v2\/media\/21517"}],"wp:attachment":[{"href":"https:\/\/interamerica.org\/fr\/wp-json\/wp\/v2\/media?parent=31704"}],"wp:term":[{"taxonomy":"category","embeddable":true,"href":"https:\/\/interamerica.org\/fr\/wp-json\/wp\/v2\/categories?post=31704"},{"taxonomy":"post_tag","embeddable":true,"href":"https:\/\/interamerica.org\/fr\/wp-json\/wp\/v2\/tags?post=31704"}],"curies":[{"name":"wp","href":"https:\/\/api.w.org\/{rel}","templated":true}]}}