{"id":31712,"date":"2013-06-08T00:00:00","date_gmt":"2013-06-08T04:00:00","guid":{"rendered":"http:\/\/192.81.217.108\/interamerica\/2013\/06\/les-dirigeants-de-leglise-sengagent-a-offrir-une-education-informelle-dans-toute-la-dia-en-2014\/"},"modified":"2013-06-08T00:00:00","modified_gmt":"2013-06-08T04:00:00","slug":"les-dirigeants-de-leglise-sengagent-a-offrir-une-education-informelle-dans-toute-la-dia-en-2014","status":"publish","type":"post","link":"https:\/\/interamerica.org\/fr\/2013\/06\/les-dirigeants-de-leglise-sengagent-a-offrir-une-education-informelle-dans-toute-la-dia-en-2014\/","title":{"rendered":"Les dirigeants de l\u2019\u00e9glise s\u2019engagent \u00e0 offrir une \u00e9ducation informelle dans toute la DIA en 2014"},"content":{"rendered":"<div id=\"attachment_8298\" style=\"width: 600px\" class=\"wp-caption aligncenter\"><a href=\"\/interamerica\/wp-content\/uploads\/2017\/06\/Non-formal-Educ.png\" rel=\"fancybox\" title=\"Les dirigeants de l\u2019\u00e9glise s\u2019engagent \u00e0 offrir une \u00e9ducation informelle dans toute la DIA en 2014\"><img fetchpriority=\"high\" decoding=\"async\" aria-describedby=\"caption-attachment-8298\" class=\"size-full wp-image-8298\" src=\"\/interamerica\/wp-content\/uploads\/2017\/06\/Non-formal-Educ.png\" alt=\"\" width=\"590\" height=\"319\" \/><\/a><p id=\"caption-attachment-8298\" class=\"wp-caption-text\">Le pr\u00e9sident de la DIA, pasteur Isra\u00ebl Leito, s\u2019adresse aux membres du comit\u00e9 ex\u00e9cutif lors des rencontres administratives de l\u2019\u00e9glise, \u00e0 propos de l\u2019objectif visant \u00e0 faire de 2014, l\u2019Ann\u00e9e de l\u2019Education Informelle dans tout le territoire de la Division Inter Am\u00e9ricaine. La c\u00e9r\u00e9monie sp\u00e9ciale s\u2019est d\u00e9roul\u00e9e lors de la troisi\u00e8me journ\u00e9e de rencontres le 29 mai 2013 \u00e0 Miami en Floride ; \u00e0 cette occasion les principaux administrateurs et les directeurs de d\u00e9partement se sont engag\u00e9s \u00e0 passer \u00e0 la vitesse sup\u00e9rieure dans la formation des dirigeants la\u00efcs \u00e0 travers la r\u00e9gion. Image de Libna Stevens\/DIA<\/p><\/div>\n<p>2 Juin 2013 \u2013 Miami, Floride, Etats Unis\u2026Libna Stevens\/DIA<\/p>\n<p>Les principaux leaders de l\u2019Eglise Adventiste du Septi\u00e8me jour se sont engag\u00e9s \u00e0 l\u2019unanimit\u00e9 \u00e0 passer \u00e0 la vitesse sup\u00e9rieure dans la formation des membres actifs dans les plus de 11000 \u00e9glises et groupes de la Division Inter Am\u00e9ricaine (DIA) au cours de l\u2019ann\u00e9e prochaine. La d\u00e9claration a \u00e9t\u00e9 faite alors que les membres du comit\u00e9 ex\u00e9cutif votaient de faire de 2014 une ann\u00e9e o\u00f9 l\u2019emphase serait mise sur l\u2019\u00e9ducation non formelle pour les dirigeants la\u00efcs lors de la troisi\u00e8me journ\u00e9e de comit\u00e9 alors qu\u2019ils concluaient les rencontres administratives qui se sont tenues au si\u00e8ge de la DIA \u00e0 Miami en Floride le 29 mai 2013.<\/p>\n<div id=\"attachment_8299\" style=\"width: 325px\" class=\"wp-caption alignleft\"><a href=\"\/interamerica\/wp-content\/uploads\/2017\/06\/Florez-G-nonformal.png\" rel=\"fancybox\" title=\"Les dirigeants de l\u2019\u00e9glise s\u2019engagent \u00e0 offrir une \u00e9ducation informelle dans toute la DIA en 2014\"><img decoding=\"async\" aria-describedby=\"caption-attachment-8299\" class=\"size-full wp-image-8299\" src=\"\/interamerica\/wp-content\/uploads\/2017\/06\/Florez-G-nonformal.png\" alt=\"\" width=\"315\" height=\"209\" \/><\/a><p id=\"caption-attachment-8299\" class=\"wp-caption-text\">Dr Gamaliel Florez, directeur de l\u2019\u00e9ducation pour l\u2019\u00e9glise en Inter Am\u00e9rique a d\u00e9clar\u00e9 que le plan visait \u00e0 \u00e9quiper les membres d\u2019\u00e9glise actifs afin qu\u2019ils soient mieux form\u00e9s pour l\u2019exercice de leur minist\u00e8re.<\/p><\/div>\n<p>\u00ab En Inter Am\u00e9rique, nous ressentons le poids de la responsabilit\u00e9 lorsqu\u2019il s\u2019agit de diriger une \u00e9glise \u00e9duqu\u00e9e et c\u2019est la raison pour laquelle nous avons fait en sorte que l\u2019ann\u00e9e prochaine chacun de nos dirigeants d\u2019\u00e9glise soit form\u00e9 de mani\u00e8re ad\u00e9quate dans son minist\u00e8re, \u00bb a d\u00e9clar\u00e9 pasteur Gamaliel Florez, directeur de l\u2019\u00e9ducation pour l\u2019\u00e9glise en Inter Am\u00e9rique.<\/p>\n<p>Le plan comprend un programme sp\u00e9cial pour chaque d\u00e9partement qui permettra d\u2019acqu\u00e9rir les comp\u00e9tences n\u00e9cessaires et d\u2019\u00e9quiper chaque dirigeant la\u00efc afin qu\u2019il conduise un minist\u00e8re sp\u00e9cialis\u00e9, a expliqu\u00e9 Dr Florez.<\/p>\n<p>D\u2019apr\u00e8s Dr Florez, l\u2019accent sera mis sur une strat\u00e9gie intensive et unifi\u00e9e de certification plut\u00f4t que d\u2019avoir ce que les d\u00e9partements ont offert \u00e0 leurs dirigeants pour l\u2019exercice de leur minist\u00e8re dans le pass\u00e9.<\/p>\n<p>Chaque leader form\u00e9 recevra un certificat lors d\u2019une grande c\u00e9r\u00e9monie de remise de dipl\u00f4mes en octobre 2014, ont indiqu\u00e9 les dirigeants de l\u2019\u00e9glise.<\/p>\n<p>Pasteur Isra\u00ebl Leito, pr\u00e9sident de l\u2019Eglise Adventiste en Inter Am\u00e9rique, a invit\u00e9 les membres du comit\u00e9 ex\u00e9cutif \u00e0 unir leurs forces dans leurs territoires dans le cadre de cette initiative.<\/p>\n<p>\u00ab Nous devons aider nos membres \u00e0 voir comment ils peuvent participer, ce qu\u2019ils peuvent faire pour terminer l\u2019\u0153uvre de la proclamation de l\u2019\u00e9vangile de telle sorte que l\u2019\u00e9glise en Inter Am\u00e9rique soit une \u00e9glise plus forte et qu\u2019elle soit mieux \u00e9quip\u00e9e pour le prochain retour de J\u00e9sus, \u00bb a d\u00e9clar\u00e9 pasteur Leito.<\/p>\n<div id=\"attachment_8300\" style=\"width: 325px\" class=\"wp-caption alignleft\"><a href=\"\/interamerica\/wp-content\/uploads\/2017\/06\/IADAdministrators.png\" rel=\"fancybox\" title=\"Les dirigeants de l\u2019\u00e9glise s\u2019engagent \u00e0 offrir une \u00e9ducation informelle dans toute la DIA en 2014\"><img decoding=\"async\" aria-describedby=\"caption-attachment-8300\" class=\"size-full wp-image-8300\" src=\"\/interamerica\/wp-content\/uploads\/2017\/06\/IADAdministrators.png\" alt=\"\" width=\"315\" height=\"205\" \/><\/a><p id=\"caption-attachment-8300\" class=\"wp-caption-text\">Le pr\u00e9sident de la DIA, pasteur Isra\u00ebl Leito (au centre) en compagnie de ses coll\u00e8gues administrateurs, Dr Elie Henry (\u00e0 gauche), secr\u00e9taire ex\u00e9cutif et Filiberto Verduzco, tr\u00e9sorier, alors qu\u2019ils dirigent les Rencontres Administratives de Milieu d\u2019Ann\u00e9e du Comit\u00e9 Ex\u00e9cutif \u00e0 Miami en Floride du 27 au 29 mai 2013.<\/p><\/div>\n<p>Le secr\u00e9taire ex\u00e9cutif de la DIA, Dr Elie Henry a indiqu\u00e9 dans son rapport que plus de 3,7 millions de membres d\u2019\u00e9glise sont inscrits dans les \u00e9glises Adventistes de l\u2019Inter Am\u00e9rique et que des actions sont en cours pour effectuer une v\u00e9rification des effectifs de membres avec le syst\u00e8me de gestion d\u2019effectifs de l\u2019Eglise Adventiste mondiale. De plus, les dirigeants travaillent en vue de mettre \u00e0 jour les plus de 22000 employ\u00e9s de l\u2019\u00e9glise dans les bureaux r\u00e9gionaux, dans les h\u00f4pitaux, les universit\u00e9s, les \u00e9coles et toutes les organisations g\u00e9r\u00e9es par l\u2019\u00e9glise, avec un logiciel con\u00e7u sp\u00e9cialement pour cela.<\/p>\n<p>Filiberto Verduzco, tr\u00e9sorier de l\u2019\u00e9glise en Inter Am\u00e9rique, a pr\u00e9sent\u00e9 un rapport sur les 23 pr\u00e9c\u00e9dentes ann\u00e9es de stabilit\u00e9 financi\u00e8re dont a joui la DIA \u2013 m\u00eame avec les devises affaiblies dans le territoire.<\/p>\n<p>\u00ab Le comportement financier de la DIA t\u00e9moigne de notre assurance que Dieu est avec nous, \u00bb a d\u00e9clar\u00e9 Filiberto Verduzco alors qu\u2019il indiquait qu\u2019on avait observ\u00e9 une augmentation de 10 pourcent au niveau des dimes cette ann\u00e9e par rapport \u00e0 l\u2019ann\u00e9e 2012.<\/p>\n<p>\u00ab Ce que nous savons avec certitude c\u2019est que nos membres en Inter Am\u00e9rique sont g\u00e9n\u00e9reux et d\u00e9montrent leur engagement dans la mission de l\u2019\u00e9glise parce qu\u2019ils ont une relation profonde avec Dieu et nous remercions le Seigneur pour cela, \u00bb a d\u00e9clar\u00e9 Filiberto Verduzco.<\/p>\n<p>Filiberto Verduzco a \u00e9galement inform\u00e9 le comit\u00e9 qu\u2019il y a 589 entit\u00e9s \u00e0 travers la DIA qui doivent faire l\u2019objet d\u2019une v\u00e9rification et qu\u2019une coordination \u00e9troite avec le Service de V\u00e9rification de la Conf\u00e9rence G\u00e9n\u00e9rale est en place pour d\u00e9buter le processus au cours des trois prochaines ann\u00e9es.<\/p>\n<p>Au cours de la deuxi\u00e8me journ\u00e9e des rencontres administratives, deux des 22 <a href=\"\/?p=8312#axzz2VYCF4Ktz\">champions \u00e9vang\u00e9listes la\u00efcs de l\u2019Inter Am\u00e9rique <\/a> ont dirig\u00e9 les rencontres du comit\u00e9 ex\u00e9cutif pendant 90 minutes. C\u2019\u00e9tait un moment historique qui a permis de montrer l\u2019importance qui est plac\u00e9e sur le leadership des la\u00efcs \u00e0 travers l\u2019Inter Am\u00e9rique a d\u00e9clar\u00e9 pasteur Leito.<\/p>\n<div id=\"attachment_8301\" style=\"width: 325px\" class=\"wp-caption alignleft\"><a href=\"\/interamerica\/wp-content\/uploads\/2017\/06\/tamay-midyear.png\" rel=\"fancybox\" title=\"Les dirigeants de l\u2019\u00e9glise s\u2019engagent \u00e0 offrir une \u00e9ducation informelle dans toute la DIA en 2014\"><img loading=\"lazy\" decoding=\"async\" aria-describedby=\"caption-attachment-8301\" class=\"size-full wp-image-8301\" src=\"\/interamerica\/wp-content\/uploads\/2017\/06\/tamay-midyear.png\" alt=\"\" width=\"315\" height=\"202\" \/><\/a><p id=\"caption-attachment-8301\" class=\"wp-caption-text\">Alejandro Tamay (\u00e0 gauche) champion \u00e9vang\u00e9liste la\u00efc du Sud du Mexique dirige la rencontre du Comit\u00e9 Ex\u00e9cutif de la DIA pendant 90 minutes le 28 mai 2013, en compagnie du secr\u00e9taire d\u00e9sign\u00e9, Jose Luis Rosales, champion \u00e9vang\u00e9liste la\u00efc du Honduras. L\u2019occasion marquait la premi\u00e8re fois dans l\u2019histoire de la DIA o\u00f9 deux leaders la\u00efcs ont dirig\u00e9 une portion des rencontres administratives.<\/p><\/div>\n<p>Alejandro Tamay de l\u2019Union du Sud du Mexique a fait office de pr\u00e9sident alors que Jose Luis Rosales du Honduras faisait office de secr\u00e9taire du comit\u00e9. Cela a \u00e9t\u00e9 une exp\u00e9rience inoubliable pour Alejandro Tamay de diriger les rencontres du comit\u00e9 ex\u00e9cutif.<\/p>\n<p>\u00ab Quelle exp\u00e9rience magnifique que d\u2019\u00eatre ici et de recevoir cette opportunit\u00e9 et aussi de voir comment l\u2019\u00e9glise est dirig\u00e9e \u00e0 ce niveau, \u00bb a dit fr\u00e8re Tamay. Avec 17 ans d\u2019anciennet\u00e9 en tant que leader la\u00efc, Alejandro Tamay, 61 ans sert \u00e0 l\u2019Eglise Adventiste Adolfo Lopez Mateo dans l\u2019\u00e9tat du Quintana Roo au Mexique, une \u00e9glise qui compte 180 membres. Il y sert en tant qu\u2019ancien consacr\u00e9, directeur des Minist\u00e8res Personnels, et leader de petit groupe. Fr\u00e8re Tamay appr\u00e9cie le partenariat entre pasteurs et la\u00efcs et consid\u00e8re qu\u2019ils forment une \u00e9quipe ins\u00e9parable.<\/p>\n<p>\u00ab Le la\u00efc est une ic\u00f4ne dans l\u2019\u00e9glise qui doit atteindre les objectifs \u00e9tablis par Dieu et par nos leaders, \u00bb a t-il dit.<\/p>\n<p>Les deux ont pr\u00e9sid\u00e9 sur des questions relatives \u00e0 la r\u00e9organisation du minist\u00e8re des publications, et \u00e0 la mise en place du livre de l\u2019ann\u00e9e pour 2014.<\/p>\n<p>Les leaders ont vot\u00e9 sur plusieurs points et initiatives parmi lesquels :<\/p>\n<div id=\"attachment_8304\" style=\"width: 225px\" class=\"wp-caption alignright\"><a href=\"\/interamerica\/wp-content\/uploads\/2017\/06\/GonzalezErwin.png\" rel=\"fancybox\" title=\"Les dirigeants de l\u2019\u00e9glise s\u2019engagent \u00e0 offrir une \u00e9ducation informelle dans toute la DIA en 2014\"><img loading=\"lazy\" decoding=\"async\" aria-describedby=\"caption-attachment-8304\" class=\"size-full wp-image-8304\" src=\"\/interamerica\/wp-content\/uploads\/2017\/06\/GonzalezErwin.png\" alt=\"\" width=\"215\" height=\"297\" \/><\/a><p id=\"caption-attachment-8304\" class=\"wp-caption-text\">Dr Erwin Gonzalez, directeur du minist\u00e8re des publications pour l\u2019\u00e9glise en Inter Am\u00e9rique s\u2019adresse aux leaders administratifs de l\u2019\u00e9glise au sujet du nouveau plan du minist\u00e8re des publications visant \u00e0 recruter, soutenir et garder les colporteurs comme des membres int\u00e9gr\u00e9s r\u00e9pandant l\u2019\u00e9vangile \u00e0 travers le territoire.<\/p><\/div>\n<p><strong>Le Nouveau Mod\u00e8le du Minist\u00e8re des Publications<\/strong><br \/>\nUn vote a \u00e9t\u00e9 pris en faveur de la poursuite de l\u2019exp\u00e9rience bas\u00e9e sur un document \u00e9tablissant le nouveau mod\u00e8le pour le minist\u00e8re des publications au cours des deux ann\u00e9es pendant lesquelles les administrateurs et les leaders r\u00e9gionaux ont \u00e9tudi\u00e9 la mani\u00e8re d\u2019augmenter l\u2019enr\u00f4lement de colporteurs actifs dans toute la division. Le nouveau mod\u00e8le comprend un groupe de travail \u00e0 quatre composantes: le d\u00e9partement des publications, la maison d\u2019\u00e9dition, le colporteur et le pasteur. Les leaders \u00e9tabliront des strat\u00e9gies \u00e0 l\u2019occasion du prochain Sommet du Minist\u00e8re des Publications du 19 au 21 aout afin de finaliser le r\u00f4le du d\u00e9partement des publications et de la maison d\u2019\u00e9dition dans le recrutement, la formation et le fait de garder les colporteurs en tant que membres int\u00e9gr\u00e9s proclamant l\u2019\u00e9vangile. Le sommet soumettra ensuite ses recommandations au comit\u00e9 ex\u00e9cutif pour la mise en place finale en octobre.<\/p>\n<p><strong>Livre de l\u2019Ann\u00e9e<\/strong><br \/>\nLes leaders ont vot\u00e9 de faire du livre \u00ab Education \u00bb \u00e9crit par la cofondatrice de l\u2019Eglise Adventiste, Ellen G. White, le livre de l\u2019ann\u00e9e pour l\u2019ann\u00e9e prochaine. Le plan consiste \u00e0 rendre le livre disponible pour tous les membres d\u2019\u00e9glise gratuitement ou \u00e0 un co\u00fbt tr\u00e8s bas en anglais, espagnol ou fran\u00e7ais.<\/p>\n<p><strong>Centres pour un Minist\u00e8re Int\u00e9gral<\/strong><br \/>\nLes membres du Comit\u00e9 Ex\u00e9cutif ont vot\u00e9 d\u2019adopter la proposition du Bureau du Secr\u00e9tariat de l\u2019Association Pastorale de l\u2019Eglise Adventiste mondiale intitul\u00e9e \u00ab Centres pour un Minist\u00e8re Int\u00e9gral \u00bb qui demande \u00e0 chaque champ local d\u2019\u00e9tablir un tel centre dans chaque ville et dans chaque village important.<\/p>\n<p>Le centre proposera \u00ab diverses initiatives de compassion visant \u00e0 contribuer au bien-\u00eatre social, physique, mental et spirituel des personnes vivant dans la communaut\u00e9, \u00bb peut-on lire dans la d\u00e9claration. Les membres du comit\u00e9 ont approuv\u00e9 l\u2019adoption de la recommandation concernant le fonctionnement du centre, la formation d\u2019experts et de b\u00e9n\u00e9voles pour g\u00e9rer le centre, les implications financi\u00e8res et bien plus.<\/p>\n<div id=\"attachment_8302\" style=\"width: 325px\" class=\"wp-caption alignleft\"><a href=\"\/interamerica\/wp-content\/uploads\/2017\/06\/midyear-attendees.png\" rel=\"fancybox\" title=\"Les dirigeants de l\u2019\u00e9glise s\u2019engagent \u00e0 offrir une \u00e9ducation informelle dans toute la DIA en 2014\"><img loading=\"lazy\" decoding=\"async\" aria-describedby=\"caption-attachment-8302\" class=\"size-full wp-image-8302\" src=\"\/interamerica\/wp-content\/uploads\/2017\/06\/midyear-attendees.png\" alt=\"\" width=\"315\" height=\"211\" \/><\/a><p id=\"caption-attachment-8302\" class=\"wp-caption-text\">Le sourire des principaux administrateurs de l\u2019\u00e9glise au Salvador lors des rencontres administratives de l\u2019\u00e9glise qui se sont tenues \u00e0 Miami en Floride du 27 au 29 mai 2013.<\/p><\/div>\n<p>Les responsables ex\u00e9cutifs de l\u2019\u00e9glise ont vot\u00e9 d\u2019utiliser le chant \u00ab Dieu Tout Puissant \u00bb comme chant th\u00e8me pour la DIA \u00e0 l\u2019occasion de la prochaine Session de la Conf\u00e9rence G\u00e9n\u00e9rale en 2015.<\/p>\n<p>Un certain nombre de r\u00e8glements ont \u00e9t\u00e9 amend\u00e9s, des recommandations concernant la planification strat\u00e9gique ont \u00e9t\u00e9 accept\u00e9es et des changements de statut de missions devenant f\u00e9d\u00e9rations ont \u00e9t\u00e9 approuv\u00e9s.<\/p>\n<p>Les directeurs de d\u00e9partement ont \u00e9galement pr\u00e9sent\u00e9 des rapports au sujet d\u2019initiatives et d\u2019activit\u00e9s mises en place l\u2019ann\u00e9e derni\u00e8re et d\u2019autres programm\u00e9es pour l\u2019ann\u00e9e 2014.<\/p>\n<p>Plusieurs votes ont \u00e9t\u00e9 pris pour la tenue de conciles virtuels avec les minist\u00e8res de l\u2019\u00e9ducation, de la jeunesse et de la gestion Chr\u00e9tienne l\u2019ann\u00e9e prochaine, entre autres choses.<\/p>\n<p>Les principaux programmes \u00e0 venir incluent le Sommet du Minist\u00e8re des Publications du 19 au 22 aout \u00e0 Miami en Floride, le programme de certification du Minist\u00e8re de l\u2019Aum\u00f4nerie du 13 au 18 octobre en R\u00e9publique Dominicaine, et le Concours Biblique de la DIA du 5 au 8 d\u00e9cembre 2013 \u00e0 cuba.<\/p>\n<p>Pour voir une liste des prochains programmes de la DIA, cliquez sur le calendrier des \u00e9v\u00e8nements<br \/>\n<a href=\"https:\/\/recursing-golick.147-182-135-0.plesk.page\">ici <\/a><\/p>\n<p>Traduction: Patrick Luciathe<\/p>\n","protected":false},"excerpt":{"rendered":"<p>Les principaux leaders de l\u2019Eglise Adventiste du Septi\u00e8me jour se sont engag\u00e9s \u00e0 l\u2019unanimit\u00e9 \u00e0 passer \u00e0 la vitesse sup\u00e9rieure dans la formation des membres actifs dans les plus de 11000 \u00e9glises et groupes de la Division Inter Am\u00e9ricaine (DIA) au cours de l\u2019ann\u00e9e prochaine.<\/p>\n","protected":false},"author":1,"featured_media":21564,"comment_status":"closed","ping_status":"closed","sticky":false,"template":"","format":"standard","meta":{"_acf_changed":false,"footnotes":""},"categories":[20],"tags":[],"class_list":["post-31712","post","type-post","status-publish","format-standard","has-post-thumbnail","hentry","category-nouvelles-du-siege-de-la-division"],"acf":[],"yoast_head":"<!-- This site is optimized with the Yoast SEO plugin v27.3 - https:\/\/yoast.com\/product\/yoast-seo-wordpress\/ -->\n<title>Les dirigeants de l\u2019\u00e9glise s\u2019engagent \u00e0 offrir une \u00e9ducation informelle dans toute la DIA en 2014 - \u00c9glise Adventiste Du Septieme Jour - Inter Am\u00e9rique Division<\/title>\n<meta name=\"robots\" content=\"index, follow, max-snippet:-1, max-image-preview:large, max-video-preview:-1\" \/>\n<link rel=\"canonical\" href=\"https:\/\/interamerica.org\/fr\/2013\/06\/les-dirigeants-de-leglise-sengagent-a-offrir-une-education-informelle-dans-toute-la-dia-en-2014\/\" \/>\n<meta property=\"og:locale\" content=\"fr_FR\" \/>\n<meta property=\"og:type\" content=\"article\" \/>\n<meta property=\"og:title\" content=\"Les dirigeants de l\u2019\u00e9glise s\u2019engagent \u00e0 offrir une \u00e9ducation informelle dans toute la DIA en 2014 - \u00c9glise Adventiste Du Septieme Jour - Inter Am\u00e9rique Division\" \/>\n<meta property=\"og:description\" content=\"Les principaux leaders de l\u2019Eglise Adventiste du Septi\u00e8me jour se sont engag\u00e9s \u00e0 l\u2019unanimit\u00e9 \u00e0 passer \u00e0 la vitesse sup\u00e9rieure dans la formation des membres actifs dans les plus de 11000 \u00e9glises et groupes de la Division Inter Am\u00e9ricaine (DIA) au cours de l\u2019ann\u00e9e prochaine.\" \/>\n<meta property=\"og:url\" content=\"https:\/\/interamerica.org\/fr\/2013\/06\/les-dirigeants-de-leglise-sengagent-a-offrir-une-education-informelle-dans-toute-la-dia-en-2014\/\" \/>\n<meta property=\"og:site_name\" content=\"\u00c9glise Adventiste Du Septieme Jour - Inter Am\u00e9rique Division\" \/>\n<meta property=\"article:published_time\" content=\"2013-06-08T04:00:00+00:00\" \/>\n<meta property=\"og:image\" content=\"https:\/\/interamerica.org\/wp-content\/uploads\/2017\/06\/Non-formal-Educ.png\" \/>\n\t<meta property=\"og:image:width\" content=\"590\" \/>\n\t<meta property=\"og:image:height\" content=\"319\" \/>\n\t<meta property=\"og:image:type\" content=\"image\/png\" \/>\n<meta name=\"author\" content=\"Lorenzo Verduzco\" \/>\n<meta name=\"twitter:card\" content=\"summary_large_image\" \/>\n<meta name=\"twitter:label1\" content=\"\u00c9crit par\" \/>\n\t<meta name=\"twitter:data1\" content=\"Lorenzo Verduzco\" \/>\n\t<meta name=\"twitter:label2\" content=\"Dur\u00e9e de lecture estim\u00e9e\" \/>\n\t<meta name=\"twitter:data2\" content=\"10 minutes\" \/>\n<script type=\"application\/ld+json\" class=\"yoast-schema-graph\">{\"@context\":\"https:\\\/\\\/schema.org\",\"@graph\":[{\"@type\":\"Article\",\"@id\":\"https:\\\/\\\/interamerica.org\\\/fr\\\/2013\\\/06\\\/les-dirigeants-de-leglise-sengagent-a-offrir-une-education-informelle-dans-toute-la-dia-en-2014\\\/#article\",\"isPartOf\":{\"@id\":\"https:\\\/\\\/interamerica.org\\\/fr\\\/2013\\\/06\\\/les-dirigeants-de-leglise-sengagent-a-offrir-une-education-informelle-dans-toute-la-dia-en-2014\\\/\"},\"author\":{\"name\":\"Lorenzo Verduzco\",\"@id\":\"https:\\\/\\\/interamerica.org\\\/fr\\\/#\\\/schema\\\/person\\\/68ede8bdc292885bb76c1e3810e73c39\"},\"headline\":\"Les dirigeants de l\u2019\u00e9glise s\u2019engagent \u00e0 offrir une \u00e9ducation informelle dans toute la DIA en 2014\",\"datePublished\":\"2013-06-08T04:00:00+00:00\",\"mainEntityOfPage\":{\"@id\":\"https:\\\/\\\/interamerica.org\\\/fr\\\/2013\\\/06\\\/les-dirigeants-de-leglise-sengagent-a-offrir-une-education-informelle-dans-toute-la-dia-en-2014\\\/\"},\"wordCount\":1975,\"image\":{\"@id\":\"https:\\\/\\\/interamerica.org\\\/fr\\\/2013\\\/06\\\/les-dirigeants-de-leglise-sengagent-a-offrir-une-education-informelle-dans-toute-la-dia-en-2014\\\/#primaryimage\"},\"thumbnailUrl\":\"https:\\\/\\\/interamerica.org\\\/wp-content\\\/uploads\\\/2017\\\/06\\\/Non-formal-Educ.png\",\"articleSection\":[\"Nouvelles du si\u00e8ge de la division\"],\"inLanguage\":\"fr-FR\"},{\"@type\":\"WebPage\",\"@id\":\"https:\\\/\\\/interamerica.org\\\/fr\\\/2013\\\/06\\\/les-dirigeants-de-leglise-sengagent-a-offrir-une-education-informelle-dans-toute-la-dia-en-2014\\\/\",\"url\":\"https:\\\/\\\/interamerica.org\\\/fr\\\/2013\\\/06\\\/les-dirigeants-de-leglise-sengagent-a-offrir-une-education-informelle-dans-toute-la-dia-en-2014\\\/\",\"name\":\"Les dirigeants de l\u2019\u00e9glise s\u2019engagent \u00e0 offrir une \u00e9ducation informelle dans toute la DIA en 2014 - \u00c9glise Adventiste Du Septieme Jour - Inter Am\u00e9rique Division\",\"isPartOf\":{\"@id\":\"https:\\\/\\\/interamerica.org\\\/fr\\\/#website\"},\"primaryImageOfPage\":{\"@id\":\"https:\\\/\\\/interamerica.org\\\/fr\\\/2013\\\/06\\\/les-dirigeants-de-leglise-sengagent-a-offrir-une-education-informelle-dans-toute-la-dia-en-2014\\\/#primaryimage\"},\"image\":{\"@id\":\"https:\\\/\\\/interamerica.org\\\/fr\\\/2013\\\/06\\\/les-dirigeants-de-leglise-sengagent-a-offrir-une-education-informelle-dans-toute-la-dia-en-2014\\\/#primaryimage\"},\"thumbnailUrl\":\"https:\\\/\\\/interamerica.org\\\/wp-content\\\/uploads\\\/2017\\\/06\\\/Non-formal-Educ.png\",\"datePublished\":\"2013-06-08T04:00:00+00:00\",\"author\":{\"@id\":\"https:\\\/\\\/interamerica.org\\\/fr\\\/#\\\/schema\\\/person\\\/68ede8bdc292885bb76c1e3810e73c39\"},\"breadcrumb\":{\"@id\":\"https:\\\/\\\/interamerica.org\\\/fr\\\/2013\\\/06\\\/les-dirigeants-de-leglise-sengagent-a-offrir-une-education-informelle-dans-toute-la-dia-en-2014\\\/#breadcrumb\"},\"inLanguage\":\"fr-FR\",\"potentialAction\":[{\"@type\":\"ReadAction\",\"target\":[\"https:\\\/\\\/interamerica.org\\\/fr\\\/2013\\\/06\\\/les-dirigeants-de-leglise-sengagent-a-offrir-une-education-informelle-dans-toute-la-dia-en-2014\\\/\"]}]},{\"@type\":\"ImageObject\",\"inLanguage\":\"fr-FR\",\"@id\":\"https:\\\/\\\/interamerica.org\\\/fr\\\/2013\\\/06\\\/les-dirigeants-de-leglise-sengagent-a-offrir-une-education-informelle-dans-toute-la-dia-en-2014\\\/#primaryimage\",\"url\":\"https:\\\/\\\/interamerica.org\\\/wp-content\\\/uploads\\\/2017\\\/06\\\/Non-formal-Educ.png\",\"contentUrl\":\"https:\\\/\\\/interamerica.org\\\/wp-content\\\/uploads\\\/2017\\\/06\\\/Non-formal-Educ.png\",\"width\":590,\"height\":319},{\"@type\":\"BreadcrumbList\",\"@id\":\"https:\\\/\\\/interamerica.org\\\/fr\\\/2013\\\/06\\\/les-dirigeants-de-leglise-sengagent-a-offrir-une-education-informelle-dans-toute-la-dia-en-2014\\\/#breadcrumb\",\"itemListElement\":[{\"@type\":\"ListItem\",\"position\":1,\"name\":\"Home\",\"item\":\"https:\\\/\\\/interamerica.org\\\/fr\\\/\"},{\"@type\":\"ListItem\",\"position\":2,\"name\":\"Les dirigeants de l\u2019\u00e9glise s\u2019engagent \u00e0 offrir une \u00e9ducation informelle dans toute la DIA en 2014\"}]},{\"@type\":\"WebSite\",\"@id\":\"https:\\\/\\\/interamerica.org\\\/fr\\\/#website\",\"url\":\"https:\\\/\\\/interamerica.org\\\/fr\\\/\",\"name\":\"\u00c9glise Adventiste Du Septieme Jour - Inter Am\u00e9rique Division\",\"description\":\"\",\"potentialAction\":[{\"@type\":\"SearchAction\",\"target\":{\"@type\":\"EntryPoint\",\"urlTemplate\":\"https:\\\/\\\/interamerica.org\\\/fr\\\/?s={search_term_string}\"},\"query-input\":{\"@type\":\"PropertyValueSpecification\",\"valueRequired\":true,\"valueName\":\"search_term_string\"}}],\"inLanguage\":\"fr-FR\"},{\"@type\":\"Person\",\"@id\":\"https:\\\/\\\/interamerica.org\\\/fr\\\/#\\\/schema\\\/person\\\/68ede8bdc292885bb76c1e3810e73c39\",\"name\":\"Lorenzo Verduzco\",\"image\":{\"@type\":\"ImageObject\",\"inLanguage\":\"fr-FR\",\"@id\":\"https:\\\/\\\/secure.gravatar.com\\\/avatar\\\/fb81a55b6218459490a9c1dc841a34909185b81904c5337b4b27f7a6fd60c49e?s=96&d=mm&r=g\",\"url\":\"https:\\\/\\\/secure.gravatar.com\\\/avatar\\\/fb81a55b6218459490a9c1dc841a34909185b81904c5337b4b27f7a6fd60c49e?s=96&d=mm&r=g\",\"contentUrl\":\"https:\\\/\\\/secure.gravatar.com\\\/avatar\\\/fb81a55b6218459490a9c1dc841a34909185b81904c5337b4b27f7a6fd60c49e?s=96&d=mm&r=g\",\"caption\":\"Lorenzo Verduzco\"}}]}<\/script>\n<!-- \/ Yoast SEO plugin. -->","yoast_head_json":{"title":"Les dirigeants de l\u2019\u00e9glise s\u2019engagent \u00e0 offrir une \u00e9ducation informelle dans toute la DIA en 2014 - \u00c9glise Adventiste Du Septieme Jour - Inter Am\u00e9rique Division","robots":{"index":"index","follow":"follow","max-snippet":"max-snippet:-1","max-image-preview":"max-image-preview:large","max-video-preview":"max-video-preview:-1"},"canonical":"https:\/\/interamerica.org\/fr\/2013\/06\/les-dirigeants-de-leglise-sengagent-a-offrir-une-education-informelle-dans-toute-la-dia-en-2014\/","og_locale":"fr_FR","og_type":"article","og_title":"Les dirigeants de l\u2019\u00e9glise s\u2019engagent \u00e0 offrir une \u00e9ducation informelle dans toute la DIA en 2014 - \u00c9glise Adventiste Du Septieme Jour - Inter Am\u00e9rique Division","og_description":"Les principaux leaders de l\u2019Eglise Adventiste du Septi\u00e8me jour se sont engag\u00e9s \u00e0 l\u2019unanimit\u00e9 \u00e0 passer \u00e0 la vitesse sup\u00e9rieure dans la formation des membres actifs dans les plus de 11000 \u00e9glises et groupes de la Division Inter Am\u00e9ricaine (DIA) au cours de l\u2019ann\u00e9e prochaine.","og_url":"https:\/\/interamerica.org\/fr\/2013\/06\/les-dirigeants-de-leglise-sengagent-a-offrir-une-education-informelle-dans-toute-la-dia-en-2014\/","og_site_name":"\u00c9glise Adventiste Du Septieme Jour - Inter Am\u00e9rique Division","article_published_time":"2013-06-08T04:00:00+00:00","og_image":[{"width":590,"height":319,"url":"https:\/\/interamerica.org\/wp-content\/uploads\/2017\/06\/Non-formal-Educ.png","type":"image\/png"}],"author":"Lorenzo Verduzco","twitter_card":"summary_large_image","twitter_misc":{"\u00c9crit par":"Lorenzo Verduzco","Dur\u00e9e de lecture estim\u00e9e":"10 minutes"},"schema":{"@context":"https:\/\/schema.org","@graph":[{"@type":"Article","@id":"https:\/\/interamerica.org\/fr\/2013\/06\/les-dirigeants-de-leglise-sengagent-a-offrir-une-education-informelle-dans-toute-la-dia-en-2014\/#article","isPartOf":{"@id":"https:\/\/interamerica.org\/fr\/2013\/06\/les-dirigeants-de-leglise-sengagent-a-offrir-une-education-informelle-dans-toute-la-dia-en-2014\/"},"author":{"name":"Lorenzo Verduzco","@id":"https:\/\/interamerica.org\/fr\/#\/schema\/person\/68ede8bdc292885bb76c1e3810e73c39"},"headline":"Les dirigeants de l\u2019\u00e9glise s\u2019engagent \u00e0 offrir une \u00e9ducation informelle dans toute la DIA en 2014","datePublished":"2013-06-08T04:00:00+00:00","mainEntityOfPage":{"@id":"https:\/\/interamerica.org\/fr\/2013\/06\/les-dirigeants-de-leglise-sengagent-a-offrir-une-education-informelle-dans-toute-la-dia-en-2014\/"},"wordCount":1975,"image":{"@id":"https:\/\/interamerica.org\/fr\/2013\/06\/les-dirigeants-de-leglise-sengagent-a-offrir-une-education-informelle-dans-toute-la-dia-en-2014\/#primaryimage"},"thumbnailUrl":"https:\/\/interamerica.org\/wp-content\/uploads\/2017\/06\/Non-formal-Educ.png","articleSection":["Nouvelles du si\u00e8ge de la division"],"inLanguage":"fr-FR"},{"@type":"WebPage","@id":"https:\/\/interamerica.org\/fr\/2013\/06\/les-dirigeants-de-leglise-sengagent-a-offrir-une-education-informelle-dans-toute-la-dia-en-2014\/","url":"https:\/\/interamerica.org\/fr\/2013\/06\/les-dirigeants-de-leglise-sengagent-a-offrir-une-education-informelle-dans-toute-la-dia-en-2014\/","name":"Les dirigeants de l\u2019\u00e9glise s\u2019engagent \u00e0 offrir une \u00e9ducation informelle dans toute la DIA en 2014 - \u00c9glise Adventiste Du Septieme Jour - Inter Am\u00e9rique Division","isPartOf":{"@id":"https:\/\/interamerica.org\/fr\/#website"},"primaryImageOfPage":{"@id":"https:\/\/interamerica.org\/fr\/2013\/06\/les-dirigeants-de-leglise-sengagent-a-offrir-une-education-informelle-dans-toute-la-dia-en-2014\/#primaryimage"},"image":{"@id":"https:\/\/interamerica.org\/fr\/2013\/06\/les-dirigeants-de-leglise-sengagent-a-offrir-une-education-informelle-dans-toute-la-dia-en-2014\/#primaryimage"},"thumbnailUrl":"https:\/\/interamerica.org\/wp-content\/uploads\/2017\/06\/Non-formal-Educ.png","datePublished":"2013-06-08T04:00:00+00:00","author":{"@id":"https:\/\/interamerica.org\/fr\/#\/schema\/person\/68ede8bdc292885bb76c1e3810e73c39"},"breadcrumb":{"@id":"https:\/\/interamerica.org\/fr\/2013\/06\/les-dirigeants-de-leglise-sengagent-a-offrir-une-education-informelle-dans-toute-la-dia-en-2014\/#breadcrumb"},"inLanguage":"fr-FR","potentialAction":[{"@type":"ReadAction","target":["https:\/\/interamerica.org\/fr\/2013\/06\/les-dirigeants-de-leglise-sengagent-a-offrir-une-education-informelle-dans-toute-la-dia-en-2014\/"]}]},{"@type":"ImageObject","inLanguage":"fr-FR","@id":"https:\/\/interamerica.org\/fr\/2013\/06\/les-dirigeants-de-leglise-sengagent-a-offrir-une-education-informelle-dans-toute-la-dia-en-2014\/#primaryimage","url":"https:\/\/interamerica.org\/wp-content\/uploads\/2017\/06\/Non-formal-Educ.png","contentUrl":"https:\/\/interamerica.org\/wp-content\/uploads\/2017\/06\/Non-formal-Educ.png","width":590,"height":319},{"@type":"BreadcrumbList","@id":"https:\/\/interamerica.org\/fr\/2013\/06\/les-dirigeants-de-leglise-sengagent-a-offrir-une-education-informelle-dans-toute-la-dia-en-2014\/#breadcrumb","itemListElement":[{"@type":"ListItem","position":1,"name":"Home","item":"https:\/\/interamerica.org\/fr\/"},{"@type":"ListItem","position":2,"name":"Les dirigeants de l\u2019\u00e9glise s\u2019engagent \u00e0 offrir une \u00e9ducation informelle dans toute la DIA en 2014"}]},{"@type":"WebSite","@id":"https:\/\/interamerica.org\/fr\/#website","url":"https:\/\/interamerica.org\/fr\/","name":"\u00c9glise Adventiste Du Septieme Jour - Inter Am\u00e9rique Division","description":"","potentialAction":[{"@type":"SearchAction","target":{"@type":"EntryPoint","urlTemplate":"https:\/\/interamerica.org\/fr\/?s={search_term_string}"},"query-input":{"@type":"PropertyValueSpecification","valueRequired":true,"valueName":"search_term_string"}}],"inLanguage":"fr-FR"},{"@type":"Person","@id":"https:\/\/interamerica.org\/fr\/#\/schema\/person\/68ede8bdc292885bb76c1e3810e73c39","name":"Lorenzo Verduzco","image":{"@type":"ImageObject","inLanguage":"fr-FR","@id":"https:\/\/secure.gravatar.com\/avatar\/fb81a55b6218459490a9c1dc841a34909185b81904c5337b4b27f7a6fd60c49e?s=96&d=mm&r=g","url":"https:\/\/secure.gravatar.com\/avatar\/fb81a55b6218459490a9c1dc841a34909185b81904c5337b4b27f7a6fd60c49e?s=96&d=mm&r=g","contentUrl":"https:\/\/secure.gravatar.com\/avatar\/fb81a55b6218459490a9c1dc841a34909185b81904c5337b4b27f7a6fd60c49e?s=96&d=mm&r=g","caption":"Lorenzo Verduzco"}}]}},"_links":{"self":[{"href":"https:\/\/interamerica.org\/fr\/wp-json\/wp\/v2\/posts\/31712","targetHints":{"allow":["GET"]}}],"collection":[{"href":"https:\/\/interamerica.org\/fr\/wp-json\/wp\/v2\/posts"}],"about":[{"href":"https:\/\/interamerica.org\/fr\/wp-json\/wp\/v2\/types\/post"}],"author":[{"embeddable":true,"href":"https:\/\/interamerica.org\/fr\/wp-json\/wp\/v2\/users\/1"}],"replies":[{"embeddable":true,"href":"https:\/\/interamerica.org\/fr\/wp-json\/wp\/v2\/comments?post=31712"}],"version-history":[{"count":0,"href":"https:\/\/interamerica.org\/fr\/wp-json\/wp\/v2\/posts\/31712\/revisions"}],"wp:featuredmedia":[{"embeddable":true,"href":"https:\/\/interamerica.org\/fr\/wp-json\/wp\/v2\/media\/21564"}],"wp:attachment":[{"href":"https:\/\/interamerica.org\/fr\/wp-json\/wp\/v2\/media?parent=31712"}],"wp:term":[{"taxonomy":"category","embeddable":true,"href":"https:\/\/interamerica.org\/fr\/wp-json\/wp\/v2\/categories?post=31712"},{"taxonomy":"post_tag","embeddable":true,"href":"https:\/\/interamerica.org\/fr\/wp-json\/wp\/v2\/tags?post=31712"}],"curies":[{"name":"wp","href":"https:\/\/api.w.org\/{rel}","templated":true}]}}