{"id":31715,"date":"2013-06-13T00:00:00","date_gmt":"2013-06-13T04:00:00","guid":{"rendered":"http:\/\/192.81.217.108\/interamerica\/2013\/06\/inter-amerique-la-direction-de-leglise-consacre-du-temps-a-une-emphase-spirituelle\/"},"modified":"2013-06-13T00:00:00","modified_gmt":"2013-06-13T04:00:00","slug":"inter-amerique-la-direction-de-leglise-consacre-du-temps-a-une-emphase-spirituelle","status":"publish","type":"post","link":"https:\/\/interamerica.org\/fr\/2013\/06\/inter-amerique-la-direction-de-leglise-consacre-du-temps-a-une-emphase-spirituelle\/","title":{"rendered":"Inter Am\u00e9rique : La direction de l\u2019\u00e9glise consacre du temps \u00e0 une emphase spirituelle"},"content":{"rendered":"<p>10 Juin 2013 \u2013 Miami, Floride, Etats Unis\u2026Libna Stevens\/DIA<\/p>\n<div id=\"attachment_8401\" style=\"width: 325px\" class=\"wp-caption alignleft\"><a href=\"\/interamerica\/wp-content\/uploads\/2017\/06\/IADmensinging.png\" rel=\"fancybox\" title=\"Inter Am\u00e9rique : La direction de l\u2019\u00e9glise consacre du temps \u00e0 une emphase spirituelle\"><img fetchpriority=\"high\" decoding=\"async\" aria-describedby=\"caption-attachment-8401\" class=\"size-full wp-image-8401\" src=\"\/interamerica\/wp-content\/uploads\/2017\/06\/IADmensinging.png\" alt=\"\" width=\"315\" height=\"261\" \/><\/a><p id=\"caption-attachment-8401\" class=\"wp-caption-text\">Les dirigeants de la DIA interpr\u00e8tent un chant sp\u00e9cial le 8 juin 2013, lors du d\u00e9but de la semaine d\u2019emphase spirituelle annuelle tenue au si\u00e8ge de la Division \u00e0 Miami en Floride. Image de Libna Stevens\/DIA.<\/p><\/div>\n<p>Les leaders de l\u2019Eglise Adventiste du Septi\u00e8me jour, les membres du personnel ainsi que leurs familles ont d\u00e9but\u00e9 la semaine au si\u00e8ge de la Division Inter Am\u00e9ricaine (DIA) en m\u00e9ditant sur le livre d\u2019Agg\u00e9e et en mettant l\u2019accent sur la priorit\u00e9 que l\u2019on doit donner \u00e0 l\u2019\u0153uvre de Dieu. La semaine sp\u00e9ciale a rassembl\u00e9 plus de 80 employ\u00e9s de l\u2019organisation ainsi que leurs familles qui ont lou\u00e9 et ador\u00e9 Dieu ensemble au cours de ce programme annuel qui se d\u00e9roule \u00e0 Miami en Floride du 7 au15 juin 2013.<\/p>\n<p>\u00ab Il est important de mettre tout de cot\u00e9 et de se concentrer sur notre vie spirituelle en tant qu\u2019\u00e9quipe, \u00bb a d\u00e9clar\u00e9 pasteur Leito, pr\u00e9sident de l\u2019Eglise Adventiste en Inter Am\u00e9rique.<\/p>\n<p>L\u2019orateur \u00e9tait Dr Lex Van Dijk, pasteur en Hollande, et psychologue ayant plus de 20 ans d\u2019exp\u00e9rience. Dr Van Dijk a invit\u00e9 les dirigeants de l\u2019\u00e9glise \u00e0 m\u00e9diter sur le fait de compter sur Dieu et de Lui ob\u00e9ir alors qu\u2019ils sont au service de l\u2019\u00e9glise.<\/p>\n<p>\u00ab Quel que soit ce qui se passe dans nos vies, nous avons l\u2019assurance que Dieu est \u00e0 l\u00e0 pour nous aider, \u00bb a dit Dr Van Dijk.<\/p>\n<div id=\"attachment_8402\" style=\"width: 225px\" class=\"wp-caption alignleft\"><a href=\"\/interamerica\/wp-content\/uploads\/2017\/06\/VanDijk.png\" rel=\"fancybox\" title=\"Inter Am\u00e9rique : La direction de l\u2019\u00e9glise consacre du temps \u00e0 une emphase spirituelle\"><img decoding=\"async\" aria-describedby=\"caption-attachment-8402\" class=\"size-full wp-image-8402\" src=\"\/interamerica\/wp-content\/uploads\/2017\/06\/VanDijk.png\" alt=\"\" width=\"215\" height=\"292\" \/><\/a><p id=\"caption-attachment-8402\" class=\"wp-caption-text\">Dr Lex Van Dijk, pasteur en Hollande et psychologue ayant plus de 20 ann\u00e9es d\u2019exp\u00e9rience, intervient en tant qu\u2019orateur principal au cours de la semaine d\u2019emphase spirituelle de cette ann\u00e9e \u00e0 la Division Inter Am\u00e9ricaine.<\/p><\/div>\n<p>\u00ab Dieu vient \u00e0 notre rencontre, Il nous prend la main, Il nous aide et quelle que soit la chose qui nous bloque, elle cessera, \u00bb a d\u00e9clar\u00e9 Dr Van Dijk alors qu\u2019il m\u00e9ditait sur la gu\u00e9rison de la belle-m\u00e8re de Pierre par J\u00e9sus rapport\u00e9e dans Matthieu 8.<\/p>\n<p>\u00ab Le Seigneur a le pouvoir sur toutes les choses qui nous freinent, \u00bb a dit Dr Van Dijk aux principaux dirigeants de l\u2019\u00e9glise qui sont \u00e0 la t\u00eate d\u2019un effectif de 3,7 millions de membres en Inter Am\u00e9rique.<\/p>\n<p>La semaine d\u2019emphase spirituelle a d\u00e9but\u00e9 avec un service de communion le 7 juin et se poursuivra jusqu\u2019\u00e0 ce weekend.<\/p>\n<p>Traduction: Patrick Luciathe<\/p>\n","protected":false},"excerpt":{"rendered":"<p>Les leaders de l\u2019Eglise Adventiste du Septi\u00e8me jour, les membres du personnel ainsi que leurs familles ont d\u00e9but\u00e9 la semaine au si\u00e8ge de la Division Inter Am\u00e9ricaine (DIA) en m\u00e9ditant sur le livre d\u2019Agg\u00e9e et en mettant l\u2019accent sur la priorit\u00e9 que l\u2019on doit donner \u00e0 l\u2019\u0153uvre de Dieu.<\/p>\n","protected":false},"author":1,"featured_media":21597,"comment_status":"closed","ping_status":"closed","sticky":false,"template":"","format":"standard","meta":{"_acf_changed":false,"footnotes":""},"categories":[20],"tags":[],"class_list":["post-31715","post","type-post","status-publish","format-standard","has-post-thumbnail","hentry","category-nouvelles-du-siege-de-la-division"],"acf":[],"yoast_head":"<!-- This site is optimized with the Yoast SEO plugin v27.3 - https:\/\/yoast.com\/product\/yoast-seo-wordpress\/ -->\n<title>Inter Am\u00e9rique : La direction de l\u2019\u00e9glise consacre du temps \u00e0 une emphase spirituelle - \u00c9glise Adventiste Du Septieme Jour - Inter Am\u00e9rique Division<\/title>\n<meta name=\"robots\" content=\"index, follow, max-snippet:-1, max-image-preview:large, max-video-preview:-1\" \/>\n<link rel=\"canonical\" href=\"https:\/\/interamerica.org\/fr\/2013\/06\/inter-amerique-la-direction-de-leglise-consacre-du-temps-a-une-emphase-spirituelle\/\" \/>\n<meta property=\"og:locale\" content=\"fr_FR\" \/>\n<meta property=\"og:type\" content=\"article\" \/>\n<meta property=\"og:title\" content=\"Inter Am\u00e9rique : La direction de l\u2019\u00e9glise consacre du temps \u00e0 une emphase spirituelle - \u00c9glise Adventiste Du Septieme Jour - Inter Am\u00e9rique Division\" \/>\n<meta property=\"og:description\" content=\"Les leaders de l\u2019Eglise Adventiste du Septi\u00e8me jour, les membres du personnel ainsi que leurs familles ont d\u00e9but\u00e9 la semaine au si\u00e8ge de la Division Inter Am\u00e9ricaine (DIA) en m\u00e9ditant sur le livre d\u2019Agg\u00e9e et en mettant l\u2019accent sur la priorit\u00e9 que l\u2019on doit donner \u00e0 l\u2019\u0153uvre de Dieu.\" \/>\n<meta property=\"og:url\" content=\"https:\/\/interamerica.org\/fr\/2013\/06\/inter-amerique-la-direction-de-leglise-consacre-du-temps-a-une-emphase-spirituelle\/\" \/>\n<meta property=\"og:site_name\" content=\"\u00c9glise Adventiste Du Septieme Jour - Inter Am\u00e9rique Division\" \/>\n<meta property=\"article:published_time\" content=\"2013-06-13T04:00:00+00:00\" \/>\n<meta property=\"og:image\" content=\"https:\/\/interamerica.org\/wp-content\/uploads\/2017\/06\/IADmensinging.png\" \/>\n\t<meta property=\"og:image:width\" content=\"315\" \/>\n\t<meta property=\"og:image:height\" content=\"261\" \/>\n\t<meta property=\"og:image:type\" content=\"image\/png\" \/>\n<meta name=\"author\" content=\"Lorenzo Verduzco\" \/>\n<meta name=\"twitter:card\" content=\"summary_large_image\" \/>\n<meta name=\"twitter:label1\" content=\"\u00c9crit par\" \/>\n\t<meta name=\"twitter:data1\" content=\"Lorenzo Verduzco\" \/>\n\t<meta name=\"twitter:label2\" content=\"Dur\u00e9e de lecture estim\u00e9e\" \/>\n\t<meta name=\"twitter:data2\" content=\"2 minutes\" \/>\n<script type=\"application\/ld+json\" class=\"yoast-schema-graph\">{\"@context\":\"https:\\\/\\\/schema.org\",\"@graph\":[{\"@type\":\"Article\",\"@id\":\"https:\\\/\\\/interamerica.org\\\/fr\\\/2013\\\/06\\\/inter-amerique-la-direction-de-leglise-consacre-du-temps-a-une-emphase-spirituelle\\\/#article\",\"isPartOf\":{\"@id\":\"https:\\\/\\\/interamerica.org\\\/fr\\\/2013\\\/06\\\/inter-amerique-la-direction-de-leglise-consacre-du-temps-a-une-emphase-spirituelle\\\/\"},\"author\":{\"name\":\"Lorenzo Verduzco\",\"@id\":\"https:\\\/\\\/interamerica.org\\\/fr\\\/#\\\/schema\\\/person\\\/68ede8bdc292885bb76c1e3810e73c39\"},\"headline\":\"Inter Am\u00e9rique : La direction de l\u2019\u00e9glise consacre du temps \u00e0 une emphase spirituelle\",\"datePublished\":\"2013-06-13T04:00:00+00:00\",\"mainEntityOfPage\":{\"@id\":\"https:\\\/\\\/interamerica.org\\\/fr\\\/2013\\\/06\\\/inter-amerique-la-direction-de-leglise-consacre-du-temps-a-une-emphase-spirituelle\\\/\"},\"wordCount\":441,\"image\":{\"@id\":\"https:\\\/\\\/interamerica.org\\\/fr\\\/2013\\\/06\\\/inter-amerique-la-direction-de-leglise-consacre-du-temps-a-une-emphase-spirituelle\\\/#primaryimage\"},\"thumbnailUrl\":\"https:\\\/\\\/interamerica.org\\\/wp-content\\\/uploads\\\/2017\\\/06\\\/IADmensinging.png\",\"articleSection\":[\"Nouvelles du si\u00e8ge de la division\"],\"inLanguage\":\"fr-FR\"},{\"@type\":\"WebPage\",\"@id\":\"https:\\\/\\\/interamerica.org\\\/fr\\\/2013\\\/06\\\/inter-amerique-la-direction-de-leglise-consacre-du-temps-a-une-emphase-spirituelle\\\/\",\"url\":\"https:\\\/\\\/interamerica.org\\\/fr\\\/2013\\\/06\\\/inter-amerique-la-direction-de-leglise-consacre-du-temps-a-une-emphase-spirituelle\\\/\",\"name\":\"Inter Am\u00e9rique : La direction de l\u2019\u00e9glise consacre du temps \u00e0 une emphase spirituelle - \u00c9glise Adventiste Du Septieme Jour - Inter Am\u00e9rique Division\",\"isPartOf\":{\"@id\":\"https:\\\/\\\/interamerica.org\\\/fr\\\/#website\"},\"primaryImageOfPage\":{\"@id\":\"https:\\\/\\\/interamerica.org\\\/fr\\\/2013\\\/06\\\/inter-amerique-la-direction-de-leglise-consacre-du-temps-a-une-emphase-spirituelle\\\/#primaryimage\"},\"image\":{\"@id\":\"https:\\\/\\\/interamerica.org\\\/fr\\\/2013\\\/06\\\/inter-amerique-la-direction-de-leglise-consacre-du-temps-a-une-emphase-spirituelle\\\/#primaryimage\"},\"thumbnailUrl\":\"https:\\\/\\\/interamerica.org\\\/wp-content\\\/uploads\\\/2017\\\/06\\\/IADmensinging.png\",\"datePublished\":\"2013-06-13T04:00:00+00:00\",\"author\":{\"@id\":\"https:\\\/\\\/interamerica.org\\\/fr\\\/#\\\/schema\\\/person\\\/68ede8bdc292885bb76c1e3810e73c39\"},\"breadcrumb\":{\"@id\":\"https:\\\/\\\/interamerica.org\\\/fr\\\/2013\\\/06\\\/inter-amerique-la-direction-de-leglise-consacre-du-temps-a-une-emphase-spirituelle\\\/#breadcrumb\"},\"inLanguage\":\"fr-FR\",\"potentialAction\":[{\"@type\":\"ReadAction\",\"target\":[\"https:\\\/\\\/interamerica.org\\\/fr\\\/2013\\\/06\\\/inter-amerique-la-direction-de-leglise-consacre-du-temps-a-une-emphase-spirituelle\\\/\"]}]},{\"@type\":\"ImageObject\",\"inLanguage\":\"fr-FR\",\"@id\":\"https:\\\/\\\/interamerica.org\\\/fr\\\/2013\\\/06\\\/inter-amerique-la-direction-de-leglise-consacre-du-temps-a-une-emphase-spirituelle\\\/#primaryimage\",\"url\":\"https:\\\/\\\/interamerica.org\\\/wp-content\\\/uploads\\\/2017\\\/06\\\/IADmensinging.png\",\"contentUrl\":\"https:\\\/\\\/interamerica.org\\\/wp-content\\\/uploads\\\/2017\\\/06\\\/IADmensinging.png\",\"width\":315,\"height\":261},{\"@type\":\"BreadcrumbList\",\"@id\":\"https:\\\/\\\/interamerica.org\\\/fr\\\/2013\\\/06\\\/inter-amerique-la-direction-de-leglise-consacre-du-temps-a-une-emphase-spirituelle\\\/#breadcrumb\",\"itemListElement\":[{\"@type\":\"ListItem\",\"position\":1,\"name\":\"Home\",\"item\":\"https:\\\/\\\/interamerica.org\\\/fr\\\/\"},{\"@type\":\"ListItem\",\"position\":2,\"name\":\"Inter Am\u00e9rique : La direction de l\u2019\u00e9glise consacre du temps \u00e0 une emphase spirituelle\"}]},{\"@type\":\"WebSite\",\"@id\":\"https:\\\/\\\/interamerica.org\\\/fr\\\/#website\",\"url\":\"https:\\\/\\\/interamerica.org\\\/fr\\\/\",\"name\":\"\u00c9glise Adventiste Du Septieme Jour - Inter Am\u00e9rique Division\",\"description\":\"\",\"potentialAction\":[{\"@type\":\"SearchAction\",\"target\":{\"@type\":\"EntryPoint\",\"urlTemplate\":\"https:\\\/\\\/interamerica.org\\\/fr\\\/?s={search_term_string}\"},\"query-input\":{\"@type\":\"PropertyValueSpecification\",\"valueRequired\":true,\"valueName\":\"search_term_string\"}}],\"inLanguage\":\"fr-FR\"},{\"@type\":\"Person\",\"@id\":\"https:\\\/\\\/interamerica.org\\\/fr\\\/#\\\/schema\\\/person\\\/68ede8bdc292885bb76c1e3810e73c39\",\"name\":\"Lorenzo Verduzco\",\"image\":{\"@type\":\"ImageObject\",\"inLanguage\":\"fr-FR\",\"@id\":\"https:\\\/\\\/secure.gravatar.com\\\/avatar\\\/fb81a55b6218459490a9c1dc841a34909185b81904c5337b4b27f7a6fd60c49e?s=96&d=mm&r=g\",\"url\":\"https:\\\/\\\/secure.gravatar.com\\\/avatar\\\/fb81a55b6218459490a9c1dc841a34909185b81904c5337b4b27f7a6fd60c49e?s=96&d=mm&r=g\",\"contentUrl\":\"https:\\\/\\\/secure.gravatar.com\\\/avatar\\\/fb81a55b6218459490a9c1dc841a34909185b81904c5337b4b27f7a6fd60c49e?s=96&d=mm&r=g\",\"caption\":\"Lorenzo Verduzco\"}}]}<\/script>\n<!-- \/ Yoast SEO plugin. -->","yoast_head_json":{"title":"Inter Am\u00e9rique : La direction de l\u2019\u00e9glise consacre du temps \u00e0 une emphase spirituelle - \u00c9glise Adventiste Du Septieme Jour - Inter Am\u00e9rique Division","robots":{"index":"index","follow":"follow","max-snippet":"max-snippet:-1","max-image-preview":"max-image-preview:large","max-video-preview":"max-video-preview:-1"},"canonical":"https:\/\/interamerica.org\/fr\/2013\/06\/inter-amerique-la-direction-de-leglise-consacre-du-temps-a-une-emphase-spirituelle\/","og_locale":"fr_FR","og_type":"article","og_title":"Inter Am\u00e9rique : La direction de l\u2019\u00e9glise consacre du temps \u00e0 une emphase spirituelle - \u00c9glise Adventiste Du Septieme Jour - Inter Am\u00e9rique Division","og_description":"Les leaders de l\u2019Eglise Adventiste du Septi\u00e8me jour, les membres du personnel ainsi que leurs familles ont d\u00e9but\u00e9 la semaine au si\u00e8ge de la Division Inter Am\u00e9ricaine (DIA) en m\u00e9ditant sur le livre d\u2019Agg\u00e9e et en mettant l\u2019accent sur la priorit\u00e9 que l\u2019on doit donner \u00e0 l\u2019\u0153uvre de Dieu.","og_url":"https:\/\/interamerica.org\/fr\/2013\/06\/inter-amerique-la-direction-de-leglise-consacre-du-temps-a-une-emphase-spirituelle\/","og_site_name":"\u00c9glise Adventiste Du Septieme Jour - Inter Am\u00e9rique Division","article_published_time":"2013-06-13T04:00:00+00:00","og_image":[{"width":315,"height":261,"url":"https:\/\/interamerica.org\/wp-content\/uploads\/2017\/06\/IADmensinging.png","type":"image\/png"}],"author":"Lorenzo Verduzco","twitter_card":"summary_large_image","twitter_misc":{"\u00c9crit par":"Lorenzo Verduzco","Dur\u00e9e de lecture estim\u00e9e":"2 minutes"},"schema":{"@context":"https:\/\/schema.org","@graph":[{"@type":"Article","@id":"https:\/\/interamerica.org\/fr\/2013\/06\/inter-amerique-la-direction-de-leglise-consacre-du-temps-a-une-emphase-spirituelle\/#article","isPartOf":{"@id":"https:\/\/interamerica.org\/fr\/2013\/06\/inter-amerique-la-direction-de-leglise-consacre-du-temps-a-une-emphase-spirituelle\/"},"author":{"name":"Lorenzo Verduzco","@id":"https:\/\/interamerica.org\/fr\/#\/schema\/person\/68ede8bdc292885bb76c1e3810e73c39"},"headline":"Inter Am\u00e9rique : La direction de l\u2019\u00e9glise consacre du temps \u00e0 une emphase spirituelle","datePublished":"2013-06-13T04:00:00+00:00","mainEntityOfPage":{"@id":"https:\/\/interamerica.org\/fr\/2013\/06\/inter-amerique-la-direction-de-leglise-consacre-du-temps-a-une-emphase-spirituelle\/"},"wordCount":441,"image":{"@id":"https:\/\/interamerica.org\/fr\/2013\/06\/inter-amerique-la-direction-de-leglise-consacre-du-temps-a-une-emphase-spirituelle\/#primaryimage"},"thumbnailUrl":"https:\/\/interamerica.org\/wp-content\/uploads\/2017\/06\/IADmensinging.png","articleSection":["Nouvelles du si\u00e8ge de la division"],"inLanguage":"fr-FR"},{"@type":"WebPage","@id":"https:\/\/interamerica.org\/fr\/2013\/06\/inter-amerique-la-direction-de-leglise-consacre-du-temps-a-une-emphase-spirituelle\/","url":"https:\/\/interamerica.org\/fr\/2013\/06\/inter-amerique-la-direction-de-leglise-consacre-du-temps-a-une-emphase-spirituelle\/","name":"Inter Am\u00e9rique : La direction de l\u2019\u00e9glise consacre du temps \u00e0 une emphase spirituelle - \u00c9glise Adventiste Du Septieme Jour - Inter Am\u00e9rique Division","isPartOf":{"@id":"https:\/\/interamerica.org\/fr\/#website"},"primaryImageOfPage":{"@id":"https:\/\/interamerica.org\/fr\/2013\/06\/inter-amerique-la-direction-de-leglise-consacre-du-temps-a-une-emphase-spirituelle\/#primaryimage"},"image":{"@id":"https:\/\/interamerica.org\/fr\/2013\/06\/inter-amerique-la-direction-de-leglise-consacre-du-temps-a-une-emphase-spirituelle\/#primaryimage"},"thumbnailUrl":"https:\/\/interamerica.org\/wp-content\/uploads\/2017\/06\/IADmensinging.png","datePublished":"2013-06-13T04:00:00+00:00","author":{"@id":"https:\/\/interamerica.org\/fr\/#\/schema\/person\/68ede8bdc292885bb76c1e3810e73c39"},"breadcrumb":{"@id":"https:\/\/interamerica.org\/fr\/2013\/06\/inter-amerique-la-direction-de-leglise-consacre-du-temps-a-une-emphase-spirituelle\/#breadcrumb"},"inLanguage":"fr-FR","potentialAction":[{"@type":"ReadAction","target":["https:\/\/interamerica.org\/fr\/2013\/06\/inter-amerique-la-direction-de-leglise-consacre-du-temps-a-une-emphase-spirituelle\/"]}]},{"@type":"ImageObject","inLanguage":"fr-FR","@id":"https:\/\/interamerica.org\/fr\/2013\/06\/inter-amerique-la-direction-de-leglise-consacre-du-temps-a-une-emphase-spirituelle\/#primaryimage","url":"https:\/\/interamerica.org\/wp-content\/uploads\/2017\/06\/IADmensinging.png","contentUrl":"https:\/\/interamerica.org\/wp-content\/uploads\/2017\/06\/IADmensinging.png","width":315,"height":261},{"@type":"BreadcrumbList","@id":"https:\/\/interamerica.org\/fr\/2013\/06\/inter-amerique-la-direction-de-leglise-consacre-du-temps-a-une-emphase-spirituelle\/#breadcrumb","itemListElement":[{"@type":"ListItem","position":1,"name":"Home","item":"https:\/\/interamerica.org\/fr\/"},{"@type":"ListItem","position":2,"name":"Inter Am\u00e9rique : La direction de l\u2019\u00e9glise consacre du temps \u00e0 une emphase spirituelle"}]},{"@type":"WebSite","@id":"https:\/\/interamerica.org\/fr\/#website","url":"https:\/\/interamerica.org\/fr\/","name":"\u00c9glise Adventiste Du Septieme Jour - Inter Am\u00e9rique Division","description":"","potentialAction":[{"@type":"SearchAction","target":{"@type":"EntryPoint","urlTemplate":"https:\/\/interamerica.org\/fr\/?s={search_term_string}"},"query-input":{"@type":"PropertyValueSpecification","valueRequired":true,"valueName":"search_term_string"}}],"inLanguage":"fr-FR"},{"@type":"Person","@id":"https:\/\/interamerica.org\/fr\/#\/schema\/person\/68ede8bdc292885bb76c1e3810e73c39","name":"Lorenzo Verduzco","image":{"@type":"ImageObject","inLanguage":"fr-FR","@id":"https:\/\/secure.gravatar.com\/avatar\/fb81a55b6218459490a9c1dc841a34909185b81904c5337b4b27f7a6fd60c49e?s=96&d=mm&r=g","url":"https:\/\/secure.gravatar.com\/avatar\/fb81a55b6218459490a9c1dc841a34909185b81904c5337b4b27f7a6fd60c49e?s=96&d=mm&r=g","contentUrl":"https:\/\/secure.gravatar.com\/avatar\/fb81a55b6218459490a9c1dc841a34909185b81904c5337b4b27f7a6fd60c49e?s=96&d=mm&r=g","caption":"Lorenzo Verduzco"}}]}},"_links":{"self":[{"href":"https:\/\/interamerica.org\/fr\/wp-json\/wp\/v2\/posts\/31715","targetHints":{"allow":["GET"]}}],"collection":[{"href":"https:\/\/interamerica.org\/fr\/wp-json\/wp\/v2\/posts"}],"about":[{"href":"https:\/\/interamerica.org\/fr\/wp-json\/wp\/v2\/types\/post"}],"author":[{"embeddable":true,"href":"https:\/\/interamerica.org\/fr\/wp-json\/wp\/v2\/users\/1"}],"replies":[{"embeddable":true,"href":"https:\/\/interamerica.org\/fr\/wp-json\/wp\/v2\/comments?post=31715"}],"version-history":[{"count":0,"href":"https:\/\/interamerica.org\/fr\/wp-json\/wp\/v2\/posts\/31715\/revisions"}],"wp:featuredmedia":[{"embeddable":true,"href":"https:\/\/interamerica.org\/fr\/wp-json\/wp\/v2\/media\/21597"}],"wp:attachment":[{"href":"https:\/\/interamerica.org\/fr\/wp-json\/wp\/v2\/media?parent=31715"}],"wp:term":[{"taxonomy":"category","embeddable":true,"href":"https:\/\/interamerica.org\/fr\/wp-json\/wp\/v2\/categories?post=31715"},{"taxonomy":"post_tag","embeddable":true,"href":"https:\/\/interamerica.org\/fr\/wp-json\/wp\/v2\/tags?post=31715"}],"curies":[{"name":"wp","href":"https:\/\/api.w.org\/{rel}","templated":true}]}}