{"id":31721,"date":"2013-06-25T00:00:00","date_gmt":"2013-06-25T04:00:00","guid":{"rendered":"http:\/\/192.81.217.108\/interamerica\/2013\/06\/les-universites-adventistes-du-mexique-considerent-le-present-et-lavenir-de-leducation\/"},"modified":"2013-06-25T00:00:00","modified_gmt":"2013-06-25T04:00:00","slug":"les-universites-adventistes-du-mexique-considerent-le-present-et-lavenir-de-leducation","status":"publish","type":"post","link":"https:\/\/interamerica.org\/fr\/2013\/06\/les-universites-adventistes-du-mexique-considerent-le-present-et-lavenir-de-leducation\/","title":{"rendered":"Les universit\u00e9s Adventistes du Mexique consid\u00e8rent le pr\u00e9sent et l\u2019avenir de l\u2019\u00e9ducation"},"content":{"rendered":"<div id=\"attachment_8497\" style=\"width: 600px\" class=\"wp-caption aligncenter\"><a href=\"\/interamerica\/wp-content\/uploads\/2017\/06\/MexicoUnivslarge.png\" rel=\"fancybox\" title=\"Les universit\u00e9s Adventistes du Mexique consid\u00e8rent le pr\u00e9sent et l\u2019avenir de l\u2019\u00e9ducation\"><img fetchpriority=\"high\" decoding=\"async\" aria-describedby=\"caption-attachment-8497\" class=\"size-full wp-image-8497\" src=\"\/interamerica\/wp-content\/uploads\/2017\/06\/MexicoUnivslarge.png\" alt=\"\" width=\"590\" height=\"389\" \/><\/a><p id=\"caption-attachment-8497\" class=\"wp-caption-text\">Les administrateurs et les \u00e9ducateurs de l\u2019\u00e9glise discutent pour savoir comment arriver \u00e0 proposer une plus grande offre en mati\u00e8re d\u2019\u00e9ducation \u00e0 l\u2019effectif de membres qui ne cesse de croitre au Mexique, lors d\u2019une rencontre qui s\u2019est tenue au si\u00e8ge de la Division Inter Am\u00e9ricaine \u00e0 Miami en Floride le 27 mai 2013. Image de Libna Stevens.<\/p><\/div>\n<p>20 Juin 2013 \u2013 Miami, Floride, Etats Unis\u2026Raul Lozano\/DIA<\/p>\n<p>Pr\u00e9occup\u00e9s par l\u2019\u00e9ducation pr\u00e9sente et future propos\u00e9e dans ses trois universit\u00e9s Adventistes du Septi\u00e8me jour, les principaux administrateurs de l\u2019\u00e9glise ainsi que les leaders r\u00e9gionaux de l\u2019\u00e9glise au Mexique se sont rencontr\u00e9s \u00e0 Miami en Floride afin d\u2019\u00e9tudier les fa\u00e7ons de r\u00e9pondre aux besoins \u00e9ducatifs croissants de son effectif de membres en constante augmentation.<\/p>\n<p>Parmi les questions abord\u00e9es il y a celle relative aux d\u00e9fis pos\u00e9s par l\u2019augmentation des extensions de l\u2019universit\u00e9 de Linda Vista dans la ville de Merida dans l\u2019\u00e9tat du Yucatan, et \u00e0 Tuxtla Gutierrez, et aussi de l\u2019universit\u00e9 de Montemorelos dans la ville de Villahermosa dans l\u2019\u00e9tat de Tabasco. De plus, le groupe a analys\u00e9 la possibilit\u00e9 d\u2019\u00e9tablir un syst\u00e8me universitaire national au sein de ses trois universit\u00e9s : l\u2019Universit\u00e9 de Montemorelos, l\u2019Universit\u00e9 de Linda Vista et l\u2019Universit\u00e9 Navojoa.<\/p>\n<div id=\"attachment_8299\" style=\"width: 325px\" class=\"wp-caption alignleft\"><a href=\"\/interamerica\/wp-content\/uploads\/2017\/06\/Florez-G-nonformal.png\" rel=\"fancybox\" title=\"Les universit\u00e9s Adventistes du Mexique consid\u00e8rent le pr\u00e9sent et l\u2019avenir de l\u2019\u00e9ducation\"><img decoding=\"async\" aria-describedby=\"caption-attachment-8299\" class=\"size-full wp-image-8299\" src=\"\/interamerica\/wp-content\/uploads\/2017\/06\/Florez-G-nonformal.png\" alt=\"\" width=\"315\" height=\"209\" \/><\/a><p id=\"caption-attachment-8299\" class=\"wp-caption-text\">Dr Gamaliel Florez, directeur de l\u2019\u00e9ducation pour l\u2019Eglise Adventiste en Inter Am\u00e9rique d\u00e9clare que l\u2019\u00e9glise n\u2019a pas \u00e9tabli d\u2019universit\u00e9s avec le mod\u00e8le sans dortoirs, mais c\u2019est quelque chose qui doit \u00eatre discut\u00e9 davantage de telle sorte que soient satisfaits les besoins \u00e9ducatifs de l\u2019effectif qui ne cesse de croitre au Mexique. Photo DIA.<\/p><\/div>\n<p>D\u2019apr\u00e8s Dr Gamaliel Florez, directeur de l\u2019\u00e9ducation pour l\u2019Eglise Adventiste en Inter Am\u00e9rique, la rencontre \u00e9tait tr\u00e8s importante au vu de la r\u00e9cente r\u00e9organisation de l\u2019\u00e9glise en cinq r\u00e9gions principales dans tout le pays et aussi de l\u2019int\u00e9r\u00eat suscit\u00e9 par la mise en place d\u2019universit\u00e9s dans diverses villes sans entrer dans le sch\u00e9ma d\u2019\u00e9coles avec dortoirs.<\/p>\n<p>\u00ab Jusqu\u2019\u00e0 pr\u00e9sent, l\u2019\u00e9glise n\u2019a pas \u00e9tabli un mod\u00e8le pour guider l\u2019administration de ce type d\u2019universit\u00e9 [sans dortoir], \u00bb a expliqu\u00e9 Dr Florez.<\/p>\n<p>Avec un effectif qui ne cesse de croitre au Mexique, plus de 720000 membres, les institutions \u00e9ducatives sup\u00e9rieures additionnelles promettent d\u2019am\u00e9liorer la qualit\u00e9 de la vie et la foi des croyants, indiquent les dirigeants de l\u2019\u00e9glise. Cependant sans un plan global d\u00e9fini pour les institutions au Mexique, les leaders sont d\u2019accord pour dire qu\u2019il y a un risque d\u2019un affaiblissement mutuel au niveau du d\u00e9veloppement acad\u00e9mique et physique et au niveau de l\u2019efficacit\u00e9 dans la r\u00e9alisation de la mission de l\u2019\u00e9ducation.<\/p>\n<p>Pasteur Isra\u00ebl Leito, pr\u00e9sident de l\u2019Eglise Adventiste en Inter Am\u00e9rique a pr\u00e9sid\u00e9 la rencontre et a indiqu\u00e9 son soutien aux dirigeants de l\u2019\u00e9glise au Mexique ainsi qu\u2019\u00e0 leurs pr\u00e9occupations.<\/p>\n<div id=\"attachment_8496\" style=\"width: 325px\" class=\"wp-caption alignleft\"><a href=\"\/interamerica\/wp-content\/uploads\/2017\/06\/IL-mex-meeting.png\" rel=\"fancybox\" title=\"Les universit\u00e9s Adventistes du Mexique consid\u00e8rent le pr\u00e9sent et l\u2019avenir de l\u2019\u00e9ducation\"><img decoding=\"async\" aria-describedby=\"caption-attachment-8496\" class=\"size-full wp-image-8496 \" src=\"\/interamerica\/wp-content\/uploads\/2017\/06\/IL-mex-meeting.png\" alt=\"\" width=\"315\" height=\"198\" \/><\/a><p id=\"caption-attachment-8496\" class=\"wp-caption-text\">Pasteur Isra\u00ebl Leito (\u00e0 gauche), pr\u00e9sident de l\u2019Eglise Adventiste en Inter Am\u00e9rique, pr\u00e9side la rencontre le mois dernier avec les administrateurs et les \u00e9ducateurs venant des trois universit\u00e9s Adventistes du Mexique.<\/p><\/div>\n<p>\u00ab Les universit\u00e9s ne devraient pas souffrir les cons\u00e9quences de l\u2019organisation territoriale, \u00bb a d\u00e9clar\u00e9 pasteur Leito. \u00ab Nous avons demand\u00e9 aux nouvelles unions de continuer \u00e0 soutenir toute universit\u00e9 qui appartenait \u00e0 leur territoire et nous les avons encourag\u00e9 \u00e0 ne pas lancer de nouvelles institutions. Nous continuons de le penser, \u00bb a encore dit pasteur Leito. \u00ab Cependant nous sommes arriv\u00e9s au point o\u00f9 nous ne pouvons pas continuer de r\u00e9sister \u00e0 cette tendance naturelle parce que nos universit\u00e9s existantes ne peuvent plus suivre la progression de notre effectif de membres. Nous voulons que l\u2019\u0153uvre se d\u00e9veloppe encore davantage au Mexique et ne rien faire pour emp\u00eacher que cela se produise. \u00bb<\/p>\n<p>La rencontre a permis d\u2019avoir un consensus parmi les leaders de l\u2019\u00e9ducation au sujet de la n\u00e9cessit\u00e9 d\u2019avoir un syst\u00e8me permettant de relier les institutions d\u2019\u00e9ducation sup\u00e9rieure du Mexique \u2013 avec un lien qui reste encore \u00e0 d\u00e9finir. Les trois universit\u00e9s suffisent pour former les \u00e9tudiants, en particulier pour les dipl\u00f4mes en th\u00e9ologie. De plus, il y avait un consensus sur la n\u00e9cessit\u00e9 d\u2019\u00e9tudier s\u00e9rieusement la question de l\u2019ouverture d\u2019institutions sans dortoirs qui pourraient \u00eatre des extensions ou des universit\u00e9s autonomes.<\/p>\n<p>Dr Isma\u00ebl Castillo, pr\u00e9sident de l\u2019Universit\u00e9 de Montemorelos est d\u2019accord pour dire que ce ne sera pas une t\u00e2che facile.<\/p>\n<p>\u00ab Nous devrons d\u00e9terminer combien d\u2019\u00e9tudiants ont entre 18 et 24 ans et quelle offre \u00e9ducationnelle sera propos\u00e9e, ce qui peut se r\u00e9duire \u00e0 juste quelque personnes, \u00bb a d\u00e9clar\u00e9 Dr Castillo. \u00ab Ces deux facteurs nous am\u00e8nent \u00e0 penser qu\u2019investir dans des universit\u00e9s sans dortoirs serait quelque chose qu\u2019on ne pourrait se permettre \u00e0 moins que ce ne soit envisag\u00e9 comme un projet d\u2019\u00e9vang\u00e9lisation. \u00bb<\/p>\n<p>Une commission sp\u00e9ciale a \u00e9t\u00e9 mise en place pour \u00e9tudier les probl\u00e8mes et pr\u00e9occupations qui ont \u00e9t\u00e9 l\u2019objet des discussions mais aussi pour explorer l\u2019id\u00e9e d\u2019extensions ou de nouvelles institutions dans cinq villes cl\u00e9s au Mexique. Les conclusions seront pr\u00e9sent\u00e9es aux membres du comit\u00e9 ex\u00e9cutif un peu plus tard cette ann\u00e9e.<\/p>\n<p>L\u2019Eglise Adventiste du Septi\u00e8me jour au Mexique compte plus de 720000 membres qui se r\u00e9unissent pour adorer dans 4943 \u00e9glises et groupes sur l\u2019ensemble des cinq territoires r\u00e9gionaux. L\u2019\u00e9glise g\u00e8re aussi trois universit\u00e9s, des dizaines d\u2019\u00e9coles primaires et secondaires, deux h\u00f4pitaux, plusieurs cliniques et des entreprises d\u2019alimentation.<\/p>\n<p>Traduction: Patrick Luciathe<\/p>\n","protected":false},"excerpt":{"rendered":"<p>Pr\u00e9occup\u00e9s par l\u2019\u00e9ducation pr\u00e9sente et future propos\u00e9e dans ses trois universit\u00e9s Adventistes du Septi\u00e8me jour, les principaux administrateurs de l\u2019\u00e9glise ainsi que les leaders r\u00e9gionaux de l\u2019\u00e9glise au Mexique se sont rencontr\u00e9s \u00e0 Miami en Floride afin d\u2019\u00e9tudier les fa\u00e7ons de r\u00e9pondre aux besoins \u00e9ducatifs croissants de son effectif de membres en constante augmentation.<\/p>\n","protected":false},"author":1,"featured_media":21651,"comment_status":"closed","ping_status":"closed","sticky":false,"template":"","format":"standard","meta":{"_acf_changed":false,"footnotes":""},"categories":[20],"tags":[],"class_list":["post-31721","post","type-post","status-publish","format-standard","has-post-thumbnail","hentry","category-nouvelles-du-siege-de-la-division"],"acf":[],"yoast_head":"<!-- This site is optimized with the Yoast SEO plugin v27.3 - https:\/\/yoast.com\/product\/yoast-seo-wordpress\/ -->\n<title>Les universit\u00e9s Adventistes du Mexique consid\u00e8rent le pr\u00e9sent et l\u2019avenir de l\u2019\u00e9ducation - \u00c9glise Adventiste Du Septieme Jour - Inter Am\u00e9rique Division<\/title>\n<meta name=\"robots\" content=\"index, follow, max-snippet:-1, max-image-preview:large, max-video-preview:-1\" \/>\n<link rel=\"canonical\" href=\"https:\/\/interamerica.org\/fr\/2013\/06\/les-universites-adventistes-du-mexique-considerent-le-present-et-lavenir-de-leducation\/\" \/>\n<meta property=\"og:locale\" content=\"fr_FR\" \/>\n<meta property=\"og:type\" content=\"article\" \/>\n<meta property=\"og:title\" content=\"Les universit\u00e9s Adventistes du Mexique consid\u00e8rent le pr\u00e9sent et l\u2019avenir de l\u2019\u00e9ducation - \u00c9glise Adventiste Du Septieme Jour - Inter Am\u00e9rique Division\" \/>\n<meta property=\"og:description\" content=\"Pr\u00e9occup\u00e9s par l\u2019\u00e9ducation pr\u00e9sente et future propos\u00e9e dans ses trois universit\u00e9s Adventistes du Septi\u00e8me jour, les principaux administrateurs de l\u2019\u00e9glise ainsi que les leaders r\u00e9gionaux de l\u2019\u00e9glise au Mexique se sont rencontr\u00e9s \u00e0 Miami en Floride afin d\u2019\u00e9tudier les fa\u00e7ons de r\u00e9pondre aux besoins \u00e9ducatifs croissants de son effectif de membres en constante augmentation.\" \/>\n<meta property=\"og:url\" content=\"https:\/\/interamerica.org\/fr\/2013\/06\/les-universites-adventistes-du-mexique-considerent-le-present-et-lavenir-de-leducation\/\" \/>\n<meta property=\"og:site_name\" content=\"\u00c9glise Adventiste Du Septieme Jour - Inter Am\u00e9rique Division\" \/>\n<meta property=\"article:published_time\" content=\"2013-06-25T04:00:00+00:00\" \/>\n<meta property=\"og:image\" content=\"https:\/\/interamerica.org\/wp-content\/uploads\/2017\/06\/MexicoUnivslarge.png\" \/>\n\t<meta property=\"og:image:width\" content=\"590\" \/>\n\t<meta property=\"og:image:height\" content=\"389\" \/>\n\t<meta property=\"og:image:type\" content=\"image\/png\" \/>\n<meta name=\"author\" content=\"Lorenzo Verduzco\" \/>\n<meta name=\"twitter:card\" content=\"summary_large_image\" \/>\n<meta name=\"twitter:label1\" content=\"\u00c9crit par\" \/>\n\t<meta name=\"twitter:data1\" content=\"Lorenzo Verduzco\" \/>\n\t<meta name=\"twitter:label2\" content=\"Dur\u00e9e de lecture estim\u00e9e\" \/>\n\t<meta name=\"twitter:data2\" content=\"5 minutes\" \/>\n<script type=\"application\/ld+json\" class=\"yoast-schema-graph\">{\"@context\":\"https:\\\/\\\/schema.org\",\"@graph\":[{\"@type\":\"Article\",\"@id\":\"https:\\\/\\\/interamerica.org\\\/fr\\\/2013\\\/06\\\/les-universites-adventistes-du-mexique-considerent-le-present-et-lavenir-de-leducation\\\/#article\",\"isPartOf\":{\"@id\":\"https:\\\/\\\/interamerica.org\\\/fr\\\/2013\\\/06\\\/les-universites-adventistes-du-mexique-considerent-le-present-et-lavenir-de-leducation\\\/\"},\"author\":{\"name\":\"Lorenzo Verduzco\",\"@id\":\"https:\\\/\\\/interamerica.org\\\/fr\\\/#\\\/schema\\\/person\\\/68ede8bdc292885bb76c1e3810e73c39\"},\"headline\":\"Les universit\u00e9s Adventistes du Mexique consid\u00e8rent le pr\u00e9sent et l\u2019avenir de l\u2019\u00e9ducation\",\"datePublished\":\"2013-06-25T04:00:00+00:00\",\"mainEntityOfPage\":{\"@id\":\"https:\\\/\\\/interamerica.org\\\/fr\\\/2013\\\/06\\\/les-universites-adventistes-du-mexique-considerent-le-present-et-lavenir-de-leducation\\\/\"},\"wordCount\":1018,\"image\":{\"@id\":\"https:\\\/\\\/interamerica.org\\\/fr\\\/2013\\\/06\\\/les-universites-adventistes-du-mexique-considerent-le-present-et-lavenir-de-leducation\\\/#primaryimage\"},\"thumbnailUrl\":\"https:\\\/\\\/interamerica.org\\\/wp-content\\\/uploads\\\/2017\\\/06\\\/MexicoUnivslarge.png\",\"articleSection\":[\"Nouvelles du si\u00e8ge de la division\"],\"inLanguage\":\"fr-FR\"},{\"@type\":\"WebPage\",\"@id\":\"https:\\\/\\\/interamerica.org\\\/fr\\\/2013\\\/06\\\/les-universites-adventistes-du-mexique-considerent-le-present-et-lavenir-de-leducation\\\/\",\"url\":\"https:\\\/\\\/interamerica.org\\\/fr\\\/2013\\\/06\\\/les-universites-adventistes-du-mexique-considerent-le-present-et-lavenir-de-leducation\\\/\",\"name\":\"Les universit\u00e9s Adventistes du Mexique consid\u00e8rent le pr\u00e9sent et l\u2019avenir de l\u2019\u00e9ducation - \u00c9glise Adventiste Du Septieme Jour - Inter Am\u00e9rique Division\",\"isPartOf\":{\"@id\":\"https:\\\/\\\/interamerica.org\\\/fr\\\/#website\"},\"primaryImageOfPage\":{\"@id\":\"https:\\\/\\\/interamerica.org\\\/fr\\\/2013\\\/06\\\/les-universites-adventistes-du-mexique-considerent-le-present-et-lavenir-de-leducation\\\/#primaryimage\"},\"image\":{\"@id\":\"https:\\\/\\\/interamerica.org\\\/fr\\\/2013\\\/06\\\/les-universites-adventistes-du-mexique-considerent-le-present-et-lavenir-de-leducation\\\/#primaryimage\"},\"thumbnailUrl\":\"https:\\\/\\\/interamerica.org\\\/wp-content\\\/uploads\\\/2017\\\/06\\\/MexicoUnivslarge.png\",\"datePublished\":\"2013-06-25T04:00:00+00:00\",\"author\":{\"@id\":\"https:\\\/\\\/interamerica.org\\\/fr\\\/#\\\/schema\\\/person\\\/68ede8bdc292885bb76c1e3810e73c39\"},\"breadcrumb\":{\"@id\":\"https:\\\/\\\/interamerica.org\\\/fr\\\/2013\\\/06\\\/les-universites-adventistes-du-mexique-considerent-le-present-et-lavenir-de-leducation\\\/#breadcrumb\"},\"inLanguage\":\"fr-FR\",\"potentialAction\":[{\"@type\":\"ReadAction\",\"target\":[\"https:\\\/\\\/interamerica.org\\\/fr\\\/2013\\\/06\\\/les-universites-adventistes-du-mexique-considerent-le-present-et-lavenir-de-leducation\\\/\"]}]},{\"@type\":\"ImageObject\",\"inLanguage\":\"fr-FR\",\"@id\":\"https:\\\/\\\/interamerica.org\\\/fr\\\/2013\\\/06\\\/les-universites-adventistes-du-mexique-considerent-le-present-et-lavenir-de-leducation\\\/#primaryimage\",\"url\":\"https:\\\/\\\/interamerica.org\\\/wp-content\\\/uploads\\\/2017\\\/06\\\/MexicoUnivslarge.png\",\"contentUrl\":\"https:\\\/\\\/interamerica.org\\\/wp-content\\\/uploads\\\/2017\\\/06\\\/MexicoUnivslarge.png\",\"width\":590,\"height\":389},{\"@type\":\"BreadcrumbList\",\"@id\":\"https:\\\/\\\/interamerica.org\\\/fr\\\/2013\\\/06\\\/les-universites-adventistes-du-mexique-considerent-le-present-et-lavenir-de-leducation\\\/#breadcrumb\",\"itemListElement\":[{\"@type\":\"ListItem\",\"position\":1,\"name\":\"Home\",\"item\":\"https:\\\/\\\/interamerica.org\\\/fr\\\/\"},{\"@type\":\"ListItem\",\"position\":2,\"name\":\"Les universit\u00e9s Adventistes du Mexique consid\u00e8rent le pr\u00e9sent et l\u2019avenir de l\u2019\u00e9ducation\"}]},{\"@type\":\"WebSite\",\"@id\":\"https:\\\/\\\/interamerica.org\\\/fr\\\/#website\",\"url\":\"https:\\\/\\\/interamerica.org\\\/fr\\\/\",\"name\":\"\u00c9glise Adventiste Du Septieme Jour - Inter Am\u00e9rique Division\",\"description\":\"\",\"potentialAction\":[{\"@type\":\"SearchAction\",\"target\":{\"@type\":\"EntryPoint\",\"urlTemplate\":\"https:\\\/\\\/interamerica.org\\\/fr\\\/?s={search_term_string}\"},\"query-input\":{\"@type\":\"PropertyValueSpecification\",\"valueRequired\":true,\"valueName\":\"search_term_string\"}}],\"inLanguage\":\"fr-FR\"},{\"@type\":\"Person\",\"@id\":\"https:\\\/\\\/interamerica.org\\\/fr\\\/#\\\/schema\\\/person\\\/68ede8bdc292885bb76c1e3810e73c39\",\"name\":\"Lorenzo Verduzco\",\"image\":{\"@type\":\"ImageObject\",\"inLanguage\":\"fr-FR\",\"@id\":\"https:\\\/\\\/secure.gravatar.com\\\/avatar\\\/fb81a55b6218459490a9c1dc841a34909185b81904c5337b4b27f7a6fd60c49e?s=96&d=mm&r=g\",\"url\":\"https:\\\/\\\/secure.gravatar.com\\\/avatar\\\/fb81a55b6218459490a9c1dc841a34909185b81904c5337b4b27f7a6fd60c49e?s=96&d=mm&r=g\",\"contentUrl\":\"https:\\\/\\\/secure.gravatar.com\\\/avatar\\\/fb81a55b6218459490a9c1dc841a34909185b81904c5337b4b27f7a6fd60c49e?s=96&d=mm&r=g\",\"caption\":\"Lorenzo Verduzco\"}}]}<\/script>\n<!-- \/ Yoast SEO plugin. -->","yoast_head_json":{"title":"Les universit\u00e9s Adventistes du Mexique consid\u00e8rent le pr\u00e9sent et l\u2019avenir de l\u2019\u00e9ducation - \u00c9glise Adventiste Du Septieme Jour - Inter Am\u00e9rique Division","robots":{"index":"index","follow":"follow","max-snippet":"max-snippet:-1","max-image-preview":"max-image-preview:large","max-video-preview":"max-video-preview:-1"},"canonical":"https:\/\/interamerica.org\/fr\/2013\/06\/les-universites-adventistes-du-mexique-considerent-le-present-et-lavenir-de-leducation\/","og_locale":"fr_FR","og_type":"article","og_title":"Les universit\u00e9s Adventistes du Mexique consid\u00e8rent le pr\u00e9sent et l\u2019avenir de l\u2019\u00e9ducation - \u00c9glise Adventiste Du Septieme Jour - Inter Am\u00e9rique Division","og_description":"Pr\u00e9occup\u00e9s par l\u2019\u00e9ducation pr\u00e9sente et future propos\u00e9e dans ses trois universit\u00e9s Adventistes du Septi\u00e8me jour, les principaux administrateurs de l\u2019\u00e9glise ainsi que les leaders r\u00e9gionaux de l\u2019\u00e9glise au Mexique se sont rencontr\u00e9s \u00e0 Miami en Floride afin d\u2019\u00e9tudier les fa\u00e7ons de r\u00e9pondre aux besoins \u00e9ducatifs croissants de son effectif de membres en constante augmentation.","og_url":"https:\/\/interamerica.org\/fr\/2013\/06\/les-universites-adventistes-du-mexique-considerent-le-present-et-lavenir-de-leducation\/","og_site_name":"\u00c9glise Adventiste Du Septieme Jour - Inter Am\u00e9rique Division","article_published_time":"2013-06-25T04:00:00+00:00","og_image":[{"width":590,"height":389,"url":"https:\/\/interamerica.org\/wp-content\/uploads\/2017\/06\/MexicoUnivslarge.png","type":"image\/png"}],"author":"Lorenzo Verduzco","twitter_card":"summary_large_image","twitter_misc":{"\u00c9crit par":"Lorenzo Verduzco","Dur\u00e9e de lecture estim\u00e9e":"5 minutes"},"schema":{"@context":"https:\/\/schema.org","@graph":[{"@type":"Article","@id":"https:\/\/interamerica.org\/fr\/2013\/06\/les-universites-adventistes-du-mexique-considerent-le-present-et-lavenir-de-leducation\/#article","isPartOf":{"@id":"https:\/\/interamerica.org\/fr\/2013\/06\/les-universites-adventistes-du-mexique-considerent-le-present-et-lavenir-de-leducation\/"},"author":{"name":"Lorenzo Verduzco","@id":"https:\/\/interamerica.org\/fr\/#\/schema\/person\/68ede8bdc292885bb76c1e3810e73c39"},"headline":"Les universit\u00e9s Adventistes du Mexique consid\u00e8rent le pr\u00e9sent et l\u2019avenir de l\u2019\u00e9ducation","datePublished":"2013-06-25T04:00:00+00:00","mainEntityOfPage":{"@id":"https:\/\/interamerica.org\/fr\/2013\/06\/les-universites-adventistes-du-mexique-considerent-le-present-et-lavenir-de-leducation\/"},"wordCount":1018,"image":{"@id":"https:\/\/interamerica.org\/fr\/2013\/06\/les-universites-adventistes-du-mexique-considerent-le-present-et-lavenir-de-leducation\/#primaryimage"},"thumbnailUrl":"https:\/\/interamerica.org\/wp-content\/uploads\/2017\/06\/MexicoUnivslarge.png","articleSection":["Nouvelles du si\u00e8ge de la division"],"inLanguage":"fr-FR"},{"@type":"WebPage","@id":"https:\/\/interamerica.org\/fr\/2013\/06\/les-universites-adventistes-du-mexique-considerent-le-present-et-lavenir-de-leducation\/","url":"https:\/\/interamerica.org\/fr\/2013\/06\/les-universites-adventistes-du-mexique-considerent-le-present-et-lavenir-de-leducation\/","name":"Les universit\u00e9s Adventistes du Mexique consid\u00e8rent le pr\u00e9sent et l\u2019avenir de l\u2019\u00e9ducation - \u00c9glise Adventiste Du Septieme Jour - Inter Am\u00e9rique Division","isPartOf":{"@id":"https:\/\/interamerica.org\/fr\/#website"},"primaryImageOfPage":{"@id":"https:\/\/interamerica.org\/fr\/2013\/06\/les-universites-adventistes-du-mexique-considerent-le-present-et-lavenir-de-leducation\/#primaryimage"},"image":{"@id":"https:\/\/interamerica.org\/fr\/2013\/06\/les-universites-adventistes-du-mexique-considerent-le-present-et-lavenir-de-leducation\/#primaryimage"},"thumbnailUrl":"https:\/\/interamerica.org\/wp-content\/uploads\/2017\/06\/MexicoUnivslarge.png","datePublished":"2013-06-25T04:00:00+00:00","author":{"@id":"https:\/\/interamerica.org\/fr\/#\/schema\/person\/68ede8bdc292885bb76c1e3810e73c39"},"breadcrumb":{"@id":"https:\/\/interamerica.org\/fr\/2013\/06\/les-universites-adventistes-du-mexique-considerent-le-present-et-lavenir-de-leducation\/#breadcrumb"},"inLanguage":"fr-FR","potentialAction":[{"@type":"ReadAction","target":["https:\/\/interamerica.org\/fr\/2013\/06\/les-universites-adventistes-du-mexique-considerent-le-present-et-lavenir-de-leducation\/"]}]},{"@type":"ImageObject","inLanguage":"fr-FR","@id":"https:\/\/interamerica.org\/fr\/2013\/06\/les-universites-adventistes-du-mexique-considerent-le-present-et-lavenir-de-leducation\/#primaryimage","url":"https:\/\/interamerica.org\/wp-content\/uploads\/2017\/06\/MexicoUnivslarge.png","contentUrl":"https:\/\/interamerica.org\/wp-content\/uploads\/2017\/06\/MexicoUnivslarge.png","width":590,"height":389},{"@type":"BreadcrumbList","@id":"https:\/\/interamerica.org\/fr\/2013\/06\/les-universites-adventistes-du-mexique-considerent-le-present-et-lavenir-de-leducation\/#breadcrumb","itemListElement":[{"@type":"ListItem","position":1,"name":"Home","item":"https:\/\/interamerica.org\/fr\/"},{"@type":"ListItem","position":2,"name":"Les universit\u00e9s Adventistes du Mexique consid\u00e8rent le pr\u00e9sent et l\u2019avenir de l\u2019\u00e9ducation"}]},{"@type":"WebSite","@id":"https:\/\/interamerica.org\/fr\/#website","url":"https:\/\/interamerica.org\/fr\/","name":"\u00c9glise Adventiste Du Septieme Jour - Inter Am\u00e9rique Division","description":"","potentialAction":[{"@type":"SearchAction","target":{"@type":"EntryPoint","urlTemplate":"https:\/\/interamerica.org\/fr\/?s={search_term_string}"},"query-input":{"@type":"PropertyValueSpecification","valueRequired":true,"valueName":"search_term_string"}}],"inLanguage":"fr-FR"},{"@type":"Person","@id":"https:\/\/interamerica.org\/fr\/#\/schema\/person\/68ede8bdc292885bb76c1e3810e73c39","name":"Lorenzo Verduzco","image":{"@type":"ImageObject","inLanguage":"fr-FR","@id":"https:\/\/secure.gravatar.com\/avatar\/fb81a55b6218459490a9c1dc841a34909185b81904c5337b4b27f7a6fd60c49e?s=96&d=mm&r=g","url":"https:\/\/secure.gravatar.com\/avatar\/fb81a55b6218459490a9c1dc841a34909185b81904c5337b4b27f7a6fd60c49e?s=96&d=mm&r=g","contentUrl":"https:\/\/secure.gravatar.com\/avatar\/fb81a55b6218459490a9c1dc841a34909185b81904c5337b4b27f7a6fd60c49e?s=96&d=mm&r=g","caption":"Lorenzo Verduzco"}}]}},"_links":{"self":[{"href":"https:\/\/interamerica.org\/fr\/wp-json\/wp\/v2\/posts\/31721","targetHints":{"allow":["GET"]}}],"collection":[{"href":"https:\/\/interamerica.org\/fr\/wp-json\/wp\/v2\/posts"}],"about":[{"href":"https:\/\/interamerica.org\/fr\/wp-json\/wp\/v2\/types\/post"}],"author":[{"embeddable":true,"href":"https:\/\/interamerica.org\/fr\/wp-json\/wp\/v2\/users\/1"}],"replies":[{"embeddable":true,"href":"https:\/\/interamerica.org\/fr\/wp-json\/wp\/v2\/comments?post=31721"}],"version-history":[{"count":0,"href":"https:\/\/interamerica.org\/fr\/wp-json\/wp\/v2\/posts\/31721\/revisions"}],"wp:featuredmedia":[{"embeddable":true,"href":"https:\/\/interamerica.org\/fr\/wp-json\/wp\/v2\/media\/21651"}],"wp:attachment":[{"href":"https:\/\/interamerica.org\/fr\/wp-json\/wp\/v2\/media?parent=31721"}],"wp:term":[{"taxonomy":"category","embeddable":true,"href":"https:\/\/interamerica.org\/fr\/wp-json\/wp\/v2\/categories?post=31721"},{"taxonomy":"post_tag","embeddable":true,"href":"https:\/\/interamerica.org\/fr\/wp-json\/wp\/v2\/tags?post=31721"}],"curies":[{"name":"wp","href":"https:\/\/api.w.org\/{rel}","templated":true}]}}