{"id":31731,"date":"2013-07-10T00:00:00","date_gmt":"2013-07-10T04:00:00","guid":{"rendered":"http:\/\/192.81.217.108\/interamerica\/2013\/07\/jamaique-leglise-accueille-favorablement-linterdiction-de-fumer-dans-certains-lieux-et-exprime-ses-preoccupations-au-sujet-des-emissions-de-fumee-des-vehicules\/"},"modified":"2013-07-10T00:00:00","modified_gmt":"2013-07-10T04:00:00","slug":"jamaique-leglise-accueille-favorablement-linterdiction-de-fumer-dans-certains-lieux-et-exprime-ses-preoccupations-au-sujet-des-emissions-de-fumee-des-vehicules","status":"publish","type":"post","link":"https:\/\/interamerica.org\/fr\/2013\/07\/jamaique-leglise-accueille-favorablement-linterdiction-de-fumer-dans-certains-lieux-et-exprime-ses-preoccupations-au-sujet-des-emissions-de-fumee-des-vehicules\/","title":{"rendered":"Jama\u00efque : L\u2019\u00e9glise accueille favorablement l\u2019interdiction de fumer dans certains lieux et exprime ses pr\u00e9occupations au sujet des \u00e9missions de fum\u00e9e des v\u00e9hicules"},"content":{"rendered":"<p>8 Juillet 2013\u2026Mandeville, Jama\u00efque\u2026Nigel Coke\/DIA<\/p>\n<p>L\u2019Eglise Adventiste du Septi\u00e8me jour en Jama\u00efque a rejoint le gouvernement, les organisations non gouvernementales ainsi que certains individus dans le cadre de l\u2019annonce faite par le Ministre de la Sant\u00e9, Dr Fenton Ferguson, au sujet de l\u2019interdiction de fumer dans certains lieux \u00e0 compter du 15 juillet 2013.<\/p>\n<div id=\"attachment_8612\" style=\"width: 225px\" class=\"wp-caption alignright\"><a href=\"\/interamerica\/wp-content\/uploads\/2017\/06\/MiltonGregory.png\" rel=\"fancybox\" title=\"Jama\u00efque : L\u2019\u00e9glise accueille favorablement l\u2019interdiction de fumer dans certains lieux et exprime ses pr\u00e9occupations au sujet des \u00e9missions de fum\u00e9e des v\u00e9hicules\"><img fetchpriority=\"high\" decoding=\"async\" aria-describedby=\"caption-attachment-8612\" class=\"size-full wp-image-8612\" src=\"\/interamerica\/wp-content\/uploads\/2017\/06\/MiltonGregory.png\" alt=\"\" width=\"215\" height=\"324\" \/><\/a><p id=\"caption-attachment-8612\" class=\"wp-caption-text\">Dr Milton Gregory, directeur des minist\u00e8res de la sant\u00e9 pour l\u2019Eglise Adventiste \u00e0 la Jama\u00efque, favorise la prise de conscience au sujet des \u00e9missions produites par les v\u00e9hicules et qui polluent l\u2019air dans tout le pays. Image de Nigel Coke\/DIA<\/p><\/div>\n<p>L\u2019interdiction sera applicable dans tous les lieux ferm\u00e9s, dans les transports publics, sur les lieux de travail, dans les b\u00e2timents du gouvernement, dans les \u00e9tablissements sanitaires, dans les structures sportives, athl\u00e9tiques et r\u00e9cr\u00e9atives, dans les \u00e9tablissements \u00e9ducatifs, dans les endroits utilis\u00e9s sp\u00e9cifiquement par les enfants et les lieux d\u2019utilisation collective tels que les abris bus.<\/p>\n<p>Bien que les Adventistes accueillent favorablement cette l\u00e9gislation interdisant de fumer dans les lieux publics, ils sont pr\u00e9occup\u00e9s par le niveau d\u2019\u00e9mission de fum\u00e9es produites par certains v\u00e9hicules et aussi nocives et pr\u00e9judiciables aux \u00eatres humains et \u00e0 l\u2019environnement \u00e0 cause des produits chimiques toxiques qu\u2019elles contiennent.<\/p>\n<p>\u00ab Nous f\u00e9licitons le gouvernement pour cette d\u00e9cision que l\u2019on attendait depuis longtemps, \u00bb a d\u00e9clar\u00e9 Dr Milton Gregory, directeur des minist\u00e8res de la sant\u00e9 pour l\u2019\u00e9glise en Jama\u00efque. \u00ab L\u2019interdiction de fumer dans certains lieux est un grand pas fait dans la bonne direction pour placer la sant\u00e9 et le bien \u00eatre de notre soci\u00e9t\u00e9 en t\u00eate des priorit\u00e9s pour la construction de la nation, mais ils (le gouvernement) doivent aller plus loin. \u00bb<\/p>\n<p>\u00ab C\u2019est maintenant le moment pour les pouvoirs en place de mettre en application l\u2019Acte de Circulation Routi\u00e8re 1938, Section 43 (2) qui stipule que c\u2019est une offense pour un individu ayant le contr\u00f4le d\u2019un v\u00e9hicule motoris\u00e9 de permettre \u00e0 \u00ab une quantit\u00e9 excessive de fum\u00e9e de s\u2019\u00e9chapper \u00bb de son v\u00e9hicule. De plus, des frais de p\u00e9nalit\u00e9 doivent \u00eatre pay\u00e9s par tout individu reconnu coupable d\u2019une telle offense, \u00bb a ajout\u00e9 Dr Gregory.<\/p>\n<div id=\"attachment_8613\" style=\"width: 325px\" class=\"wp-caption alignleft\"><a href=\"\/interamerica\/wp-content\/uploads\/2017\/06\/JAMU-no-smoking-day.png\" rel=\"fancybox\" title=\"Jama\u00efque : L\u2019\u00e9glise accueille favorablement l\u2019interdiction de fumer dans certains lieux et exprime ses pr\u00e9occupations au sujet des \u00e9missions de fum\u00e9e des v\u00e9hicules\"><img decoding=\"async\" aria-describedby=\"caption-attachment-8613\" class=\"size-full wp-image-8613 \" src=\"\/interamerica\/wp-content\/uploads\/2017\/06\/JAMU-no-smoking-day.png\" alt=\"\" width=\"315\" height=\"209\" \/><\/a><p id=\"caption-attachment-8613\" class=\"wp-caption-text\">Des \u00e9l\u00e8ves d\u2019une \u00e9cole secondaire bien connue \u00e0 Mandeville en Jama\u00efque montrent leurs pancartes anti-tabac apr\u00e8s leur marche lors de la Journ\u00e9e Sans Tabac le 31 mai 2012.<\/p><\/div>\n<p>Tous les jours, des milliers de jama\u00efcains respirent de l\u2019air fortement pollu\u00e9, rempli de fum\u00e9es d\u2019\u00e9chappement nocives compos\u00e9es de polluants comme le monoxyde de carbone, le dioxyde d\u2019azote, les sulfates en suspension, le dioxyde de souffre, les nitrates, le plomb, la poussi\u00e8re et la suie.<\/p>\n<p>Dr Gregory a ajout\u00e9 qu\u2019une solution serait d\u2019avoir davantage de tests. \u00ab Les dix sites dans toute la r\u00e9gion ne sont pas suffisants pour g\u00e9rer le volume de v\u00e9hicules \u00e0 moteur qui remplissent nos rues affair\u00e9es quotidiennement, \u00bb a t-il dit.<\/p>\n<p>Selon Dr Gregory, les carburants alternatifs devraient \u00eatre consid\u00e9r\u00e9s dans l\u2019optique de meilleures pratiques \u00e0 adopter pour la gestion de la qualit\u00e9 de l\u2019air de mani\u00e8re \u00e0 garder les personnes et aussi l\u2019environnement en bonne sant\u00e9.<\/p>\n<p>L\u2019\u00e9glise dans toute la Jama\u00efque a coordonn\u00e9 des marches, organis\u00e9 des s\u00e9minaires dans les \u00e9glises, les \u00e9coles, les centres civiques pour pr\u00e9senter les effets destructeurs de la fum\u00e9e de tabac et des \u00e9missions de gaz d\u2019\u00e9chappement des v\u00e9hicules \u00e0 moteur, a indiqu\u00e9 Dr Gregory. Le mois prochain, les leaders de l\u2019\u00e9glise ainsi que les experts formeront des agents pour aider \u00e0 arr\u00eater de fumer en Jama\u00efque.<\/p>\n<p>Pour plus d\u2019information sur l\u2019Eglise Adventiste du Septi\u00e8me jour en Jama\u00efque, <a href=\"http:\/\/www.jmunion.org\/\">cliquez ici<\/a><\/p>\n<p>Traduction:Patrick Luciathe<\/p>\n","protected":false},"excerpt":{"rendered":"<p>L\u2019Eglise Adventiste du Septi\u00e8me jour en Jama\u00efque a rejoint le gouvernement, les organisations non gouvernementales ainsi que certains individus dans le cadre de l\u2019annonce faite par le Ministre de la Sant\u00e9, Dr Fenton Ferguson, au sujet de l\u2019interdiction de fumer dans certains lieux \u00e0 compter du 15 juillet 2013.<\/p>\n","protected":false},"author":1,"featured_media":21739,"comment_status":"closed","ping_status":"closed","sticky":false,"template":"","format":"standard","meta":{"_acf_changed":false,"footnotes":""},"categories":[21],"tags":[],"class_list":["post-31731","post","type-post","status-publish","format-standard","has-post-thumbnail","hentry","category-nouvelles-du-territoire"],"acf":[],"yoast_head":"<!-- This site is optimized with the Yoast SEO plugin v27.3 - https:\/\/yoast.com\/product\/yoast-seo-wordpress\/ -->\n<title>Jama\u00efque : L\u2019\u00e9glise accueille favorablement l\u2019interdiction de fumer dans certains lieux et exprime ses pr\u00e9occupations au sujet des \u00e9missions de fum\u00e9e des v\u00e9hicules - \u00c9glise Adventiste Du Septieme Jour - Inter Am\u00e9rique Division<\/title>\n<meta name=\"robots\" content=\"index, follow, max-snippet:-1, max-image-preview:large, max-video-preview:-1\" \/>\n<link rel=\"canonical\" href=\"https:\/\/interamerica.org\/fr\/2013\/07\/jamaique-leglise-accueille-favorablement-linterdiction-de-fumer-dans-certains-lieux-et-exprime-ses-preoccupations-au-sujet-des-emissions-de-fumee-des-vehicules\/\" \/>\n<meta property=\"og:locale\" content=\"fr_FR\" \/>\n<meta property=\"og:type\" content=\"article\" \/>\n<meta property=\"og:title\" content=\"Jama\u00efque : L\u2019\u00e9glise accueille favorablement l\u2019interdiction de fumer dans certains lieux et exprime ses pr\u00e9occupations au sujet des \u00e9missions de fum\u00e9e des v\u00e9hicules - \u00c9glise Adventiste Du Septieme Jour - Inter Am\u00e9rique Division\" \/>\n<meta property=\"og:description\" content=\"L\u2019Eglise Adventiste du Septi\u00e8me jour en Jama\u00efque a rejoint le gouvernement, les organisations non gouvernementales ainsi que certains individus dans le cadre de l\u2019annonce faite par le Ministre de la Sant\u00e9, Dr Fenton Ferguson, au sujet de l\u2019interdiction de fumer dans certains lieux \u00e0 compter du 15 juillet 2013.\" \/>\n<meta property=\"og:url\" content=\"https:\/\/interamerica.org\/fr\/2013\/07\/jamaique-leglise-accueille-favorablement-linterdiction-de-fumer-dans-certains-lieux-et-exprime-ses-preoccupations-au-sujet-des-emissions-de-fumee-des-vehicules\/\" \/>\n<meta property=\"og:site_name\" content=\"\u00c9glise Adventiste Du Septieme Jour - Inter Am\u00e9rique Division\" \/>\n<meta property=\"article:published_time\" content=\"2013-07-10T04:00:00+00:00\" \/>\n<meta property=\"og:image\" content=\"https:\/\/interamerica.org\/wp-content\/uploads\/2017\/06\/JAMU-no-smoking-day.png\" \/>\n\t<meta property=\"og:image:width\" content=\"315\" \/>\n\t<meta property=\"og:image:height\" content=\"209\" \/>\n\t<meta property=\"og:image:type\" content=\"image\/png\" \/>\n<meta name=\"author\" content=\"Lorenzo Verduzco\" \/>\n<meta name=\"twitter:card\" content=\"summary_large_image\" \/>\n<meta name=\"twitter:label1\" content=\"\u00c9crit par\" \/>\n\t<meta name=\"twitter:data1\" content=\"Lorenzo Verduzco\" \/>\n\t<meta name=\"twitter:label2\" content=\"Dur\u00e9e de lecture estim\u00e9e\" \/>\n\t<meta name=\"twitter:data2\" content=\"3 minutes\" \/>\n<script type=\"application\/ld+json\" class=\"yoast-schema-graph\">{\"@context\":\"https:\\\/\\\/schema.org\",\"@graph\":[{\"@type\":\"Article\",\"@id\":\"https:\\\/\\\/interamerica.org\\\/fr\\\/2013\\\/07\\\/jamaique-leglise-accueille-favorablement-linterdiction-de-fumer-dans-certains-lieux-et-exprime-ses-preoccupations-au-sujet-des-emissions-de-fumee-des-vehicules\\\/#article\",\"isPartOf\":{\"@id\":\"https:\\\/\\\/interamerica.org\\\/fr\\\/2013\\\/07\\\/jamaique-leglise-accueille-favorablement-linterdiction-de-fumer-dans-certains-lieux-et-exprime-ses-preoccupations-au-sujet-des-emissions-de-fumee-des-vehicules\\\/\"},\"author\":{\"name\":\"Lorenzo Verduzco\",\"@id\":\"https:\\\/\\\/interamerica.org\\\/fr\\\/#\\\/schema\\\/person\\\/68ede8bdc292885bb76c1e3810e73c39\"},\"headline\":\"Jama\u00efque : L\u2019\u00e9glise accueille favorablement l\u2019interdiction de fumer dans certains lieux et exprime ses pr\u00e9occupations au sujet des \u00e9missions de fum\u00e9e des v\u00e9hicules\",\"datePublished\":\"2013-07-10T04:00:00+00:00\",\"mainEntityOfPage\":{\"@id\":\"https:\\\/\\\/interamerica.org\\\/fr\\\/2013\\\/07\\\/jamaique-leglise-accueille-favorablement-linterdiction-de-fumer-dans-certains-lieux-et-exprime-ses-preoccupations-au-sujet-des-emissions-de-fumee-des-vehicules\\\/\"},\"wordCount\":684,\"image\":{\"@id\":\"https:\\\/\\\/interamerica.org\\\/fr\\\/2013\\\/07\\\/jamaique-leglise-accueille-favorablement-linterdiction-de-fumer-dans-certains-lieux-et-exprime-ses-preoccupations-au-sujet-des-emissions-de-fumee-des-vehicules\\\/#primaryimage\"},\"thumbnailUrl\":\"https:\\\/\\\/interamerica.org\\\/wp-content\\\/uploads\\\/2017\\\/06\\\/JAMU-no-smoking-day.png\",\"articleSection\":[\"Nouvelles du territoire\"],\"inLanguage\":\"fr-FR\"},{\"@type\":\"WebPage\",\"@id\":\"https:\\\/\\\/interamerica.org\\\/fr\\\/2013\\\/07\\\/jamaique-leglise-accueille-favorablement-linterdiction-de-fumer-dans-certains-lieux-et-exprime-ses-preoccupations-au-sujet-des-emissions-de-fumee-des-vehicules\\\/\",\"url\":\"https:\\\/\\\/interamerica.org\\\/fr\\\/2013\\\/07\\\/jamaique-leglise-accueille-favorablement-linterdiction-de-fumer-dans-certains-lieux-et-exprime-ses-preoccupations-au-sujet-des-emissions-de-fumee-des-vehicules\\\/\",\"name\":\"Jama\u00efque : L\u2019\u00e9glise accueille favorablement l\u2019interdiction de fumer dans certains lieux et exprime ses pr\u00e9occupations au sujet des \u00e9missions de fum\u00e9e des v\u00e9hicules - \u00c9glise Adventiste Du Septieme Jour - Inter Am\u00e9rique Division\",\"isPartOf\":{\"@id\":\"https:\\\/\\\/interamerica.org\\\/fr\\\/#website\"},\"primaryImageOfPage\":{\"@id\":\"https:\\\/\\\/interamerica.org\\\/fr\\\/2013\\\/07\\\/jamaique-leglise-accueille-favorablement-linterdiction-de-fumer-dans-certains-lieux-et-exprime-ses-preoccupations-au-sujet-des-emissions-de-fumee-des-vehicules\\\/#primaryimage\"},\"image\":{\"@id\":\"https:\\\/\\\/interamerica.org\\\/fr\\\/2013\\\/07\\\/jamaique-leglise-accueille-favorablement-linterdiction-de-fumer-dans-certains-lieux-et-exprime-ses-preoccupations-au-sujet-des-emissions-de-fumee-des-vehicules\\\/#primaryimage\"},\"thumbnailUrl\":\"https:\\\/\\\/interamerica.org\\\/wp-content\\\/uploads\\\/2017\\\/06\\\/JAMU-no-smoking-day.png\",\"datePublished\":\"2013-07-10T04:00:00+00:00\",\"author\":{\"@id\":\"https:\\\/\\\/interamerica.org\\\/fr\\\/#\\\/schema\\\/person\\\/68ede8bdc292885bb76c1e3810e73c39\"},\"breadcrumb\":{\"@id\":\"https:\\\/\\\/interamerica.org\\\/fr\\\/2013\\\/07\\\/jamaique-leglise-accueille-favorablement-linterdiction-de-fumer-dans-certains-lieux-et-exprime-ses-preoccupations-au-sujet-des-emissions-de-fumee-des-vehicules\\\/#breadcrumb\"},\"inLanguage\":\"fr-FR\",\"potentialAction\":[{\"@type\":\"ReadAction\",\"target\":[\"https:\\\/\\\/interamerica.org\\\/fr\\\/2013\\\/07\\\/jamaique-leglise-accueille-favorablement-linterdiction-de-fumer-dans-certains-lieux-et-exprime-ses-preoccupations-au-sujet-des-emissions-de-fumee-des-vehicules\\\/\"]}]},{\"@type\":\"ImageObject\",\"inLanguage\":\"fr-FR\",\"@id\":\"https:\\\/\\\/interamerica.org\\\/fr\\\/2013\\\/07\\\/jamaique-leglise-accueille-favorablement-linterdiction-de-fumer-dans-certains-lieux-et-exprime-ses-preoccupations-au-sujet-des-emissions-de-fumee-des-vehicules\\\/#primaryimage\",\"url\":\"https:\\\/\\\/interamerica.org\\\/wp-content\\\/uploads\\\/2017\\\/06\\\/JAMU-no-smoking-day.png\",\"contentUrl\":\"https:\\\/\\\/interamerica.org\\\/wp-content\\\/uploads\\\/2017\\\/06\\\/JAMU-no-smoking-day.png\",\"width\":315,\"height\":209},{\"@type\":\"BreadcrumbList\",\"@id\":\"https:\\\/\\\/interamerica.org\\\/fr\\\/2013\\\/07\\\/jamaique-leglise-accueille-favorablement-linterdiction-de-fumer-dans-certains-lieux-et-exprime-ses-preoccupations-au-sujet-des-emissions-de-fumee-des-vehicules\\\/#breadcrumb\",\"itemListElement\":[{\"@type\":\"ListItem\",\"position\":1,\"name\":\"Home\",\"item\":\"https:\\\/\\\/interamerica.org\\\/fr\\\/\"},{\"@type\":\"ListItem\",\"position\":2,\"name\":\"Jama\u00efque : L\u2019\u00e9glise accueille favorablement l\u2019interdiction de fumer dans certains lieux et exprime ses pr\u00e9occupations au sujet des \u00e9missions de fum\u00e9e des v\u00e9hicules\"}]},{\"@type\":\"WebSite\",\"@id\":\"https:\\\/\\\/interamerica.org\\\/fr\\\/#website\",\"url\":\"https:\\\/\\\/interamerica.org\\\/fr\\\/\",\"name\":\"\u00c9glise Adventiste Du Septieme Jour - Inter Am\u00e9rique Division\",\"description\":\"\",\"potentialAction\":[{\"@type\":\"SearchAction\",\"target\":{\"@type\":\"EntryPoint\",\"urlTemplate\":\"https:\\\/\\\/interamerica.org\\\/fr\\\/?s={search_term_string}\"},\"query-input\":{\"@type\":\"PropertyValueSpecification\",\"valueRequired\":true,\"valueName\":\"search_term_string\"}}],\"inLanguage\":\"fr-FR\"},{\"@type\":\"Person\",\"@id\":\"https:\\\/\\\/interamerica.org\\\/fr\\\/#\\\/schema\\\/person\\\/68ede8bdc292885bb76c1e3810e73c39\",\"name\":\"Lorenzo Verduzco\",\"image\":{\"@type\":\"ImageObject\",\"inLanguage\":\"fr-FR\",\"@id\":\"https:\\\/\\\/secure.gravatar.com\\\/avatar\\\/fb81a55b6218459490a9c1dc841a34909185b81904c5337b4b27f7a6fd60c49e?s=96&d=mm&r=g\",\"url\":\"https:\\\/\\\/secure.gravatar.com\\\/avatar\\\/fb81a55b6218459490a9c1dc841a34909185b81904c5337b4b27f7a6fd60c49e?s=96&d=mm&r=g\",\"contentUrl\":\"https:\\\/\\\/secure.gravatar.com\\\/avatar\\\/fb81a55b6218459490a9c1dc841a34909185b81904c5337b4b27f7a6fd60c49e?s=96&d=mm&r=g\",\"caption\":\"Lorenzo Verduzco\"}}]}<\/script>\n<!-- \/ Yoast SEO plugin. -->","yoast_head_json":{"title":"Jama\u00efque : L\u2019\u00e9glise accueille favorablement l\u2019interdiction de fumer dans certains lieux et exprime ses pr\u00e9occupations au sujet des \u00e9missions de fum\u00e9e des v\u00e9hicules - \u00c9glise Adventiste Du Septieme Jour - Inter Am\u00e9rique Division","robots":{"index":"index","follow":"follow","max-snippet":"max-snippet:-1","max-image-preview":"max-image-preview:large","max-video-preview":"max-video-preview:-1"},"canonical":"https:\/\/interamerica.org\/fr\/2013\/07\/jamaique-leglise-accueille-favorablement-linterdiction-de-fumer-dans-certains-lieux-et-exprime-ses-preoccupations-au-sujet-des-emissions-de-fumee-des-vehicules\/","og_locale":"fr_FR","og_type":"article","og_title":"Jama\u00efque : L\u2019\u00e9glise accueille favorablement l\u2019interdiction de fumer dans certains lieux et exprime ses pr\u00e9occupations au sujet des \u00e9missions de fum\u00e9e des v\u00e9hicules - \u00c9glise Adventiste Du Septieme Jour - Inter Am\u00e9rique Division","og_description":"L\u2019Eglise Adventiste du Septi\u00e8me jour en Jama\u00efque a rejoint le gouvernement, les organisations non gouvernementales ainsi que certains individus dans le cadre de l\u2019annonce faite par le Ministre de la Sant\u00e9, Dr Fenton Ferguson, au sujet de l\u2019interdiction de fumer dans certains lieux \u00e0 compter du 15 juillet 2013.","og_url":"https:\/\/interamerica.org\/fr\/2013\/07\/jamaique-leglise-accueille-favorablement-linterdiction-de-fumer-dans-certains-lieux-et-exprime-ses-preoccupations-au-sujet-des-emissions-de-fumee-des-vehicules\/","og_site_name":"\u00c9glise Adventiste Du Septieme Jour - Inter Am\u00e9rique Division","article_published_time":"2013-07-10T04:00:00+00:00","og_image":[{"width":315,"height":209,"url":"https:\/\/interamerica.org\/wp-content\/uploads\/2017\/06\/JAMU-no-smoking-day.png","type":"image\/png"}],"author":"Lorenzo Verduzco","twitter_card":"summary_large_image","twitter_misc":{"\u00c9crit par":"Lorenzo Verduzco","Dur\u00e9e de lecture estim\u00e9e":"3 minutes"},"schema":{"@context":"https:\/\/schema.org","@graph":[{"@type":"Article","@id":"https:\/\/interamerica.org\/fr\/2013\/07\/jamaique-leglise-accueille-favorablement-linterdiction-de-fumer-dans-certains-lieux-et-exprime-ses-preoccupations-au-sujet-des-emissions-de-fumee-des-vehicules\/#article","isPartOf":{"@id":"https:\/\/interamerica.org\/fr\/2013\/07\/jamaique-leglise-accueille-favorablement-linterdiction-de-fumer-dans-certains-lieux-et-exprime-ses-preoccupations-au-sujet-des-emissions-de-fumee-des-vehicules\/"},"author":{"name":"Lorenzo Verduzco","@id":"https:\/\/interamerica.org\/fr\/#\/schema\/person\/68ede8bdc292885bb76c1e3810e73c39"},"headline":"Jama\u00efque : L\u2019\u00e9glise accueille favorablement l\u2019interdiction de fumer dans certains lieux et exprime ses pr\u00e9occupations au sujet des \u00e9missions de fum\u00e9e des v\u00e9hicules","datePublished":"2013-07-10T04:00:00+00:00","mainEntityOfPage":{"@id":"https:\/\/interamerica.org\/fr\/2013\/07\/jamaique-leglise-accueille-favorablement-linterdiction-de-fumer-dans-certains-lieux-et-exprime-ses-preoccupations-au-sujet-des-emissions-de-fumee-des-vehicules\/"},"wordCount":684,"image":{"@id":"https:\/\/interamerica.org\/fr\/2013\/07\/jamaique-leglise-accueille-favorablement-linterdiction-de-fumer-dans-certains-lieux-et-exprime-ses-preoccupations-au-sujet-des-emissions-de-fumee-des-vehicules\/#primaryimage"},"thumbnailUrl":"https:\/\/interamerica.org\/wp-content\/uploads\/2017\/06\/JAMU-no-smoking-day.png","articleSection":["Nouvelles du territoire"],"inLanguage":"fr-FR"},{"@type":"WebPage","@id":"https:\/\/interamerica.org\/fr\/2013\/07\/jamaique-leglise-accueille-favorablement-linterdiction-de-fumer-dans-certains-lieux-et-exprime-ses-preoccupations-au-sujet-des-emissions-de-fumee-des-vehicules\/","url":"https:\/\/interamerica.org\/fr\/2013\/07\/jamaique-leglise-accueille-favorablement-linterdiction-de-fumer-dans-certains-lieux-et-exprime-ses-preoccupations-au-sujet-des-emissions-de-fumee-des-vehicules\/","name":"Jama\u00efque : L\u2019\u00e9glise accueille favorablement l\u2019interdiction de fumer dans certains lieux et exprime ses pr\u00e9occupations au sujet des \u00e9missions de fum\u00e9e des v\u00e9hicules - \u00c9glise Adventiste Du Septieme Jour - Inter Am\u00e9rique Division","isPartOf":{"@id":"https:\/\/interamerica.org\/fr\/#website"},"primaryImageOfPage":{"@id":"https:\/\/interamerica.org\/fr\/2013\/07\/jamaique-leglise-accueille-favorablement-linterdiction-de-fumer-dans-certains-lieux-et-exprime-ses-preoccupations-au-sujet-des-emissions-de-fumee-des-vehicules\/#primaryimage"},"image":{"@id":"https:\/\/interamerica.org\/fr\/2013\/07\/jamaique-leglise-accueille-favorablement-linterdiction-de-fumer-dans-certains-lieux-et-exprime-ses-preoccupations-au-sujet-des-emissions-de-fumee-des-vehicules\/#primaryimage"},"thumbnailUrl":"https:\/\/interamerica.org\/wp-content\/uploads\/2017\/06\/JAMU-no-smoking-day.png","datePublished":"2013-07-10T04:00:00+00:00","author":{"@id":"https:\/\/interamerica.org\/fr\/#\/schema\/person\/68ede8bdc292885bb76c1e3810e73c39"},"breadcrumb":{"@id":"https:\/\/interamerica.org\/fr\/2013\/07\/jamaique-leglise-accueille-favorablement-linterdiction-de-fumer-dans-certains-lieux-et-exprime-ses-preoccupations-au-sujet-des-emissions-de-fumee-des-vehicules\/#breadcrumb"},"inLanguage":"fr-FR","potentialAction":[{"@type":"ReadAction","target":["https:\/\/interamerica.org\/fr\/2013\/07\/jamaique-leglise-accueille-favorablement-linterdiction-de-fumer-dans-certains-lieux-et-exprime-ses-preoccupations-au-sujet-des-emissions-de-fumee-des-vehicules\/"]}]},{"@type":"ImageObject","inLanguage":"fr-FR","@id":"https:\/\/interamerica.org\/fr\/2013\/07\/jamaique-leglise-accueille-favorablement-linterdiction-de-fumer-dans-certains-lieux-et-exprime-ses-preoccupations-au-sujet-des-emissions-de-fumee-des-vehicules\/#primaryimage","url":"https:\/\/interamerica.org\/wp-content\/uploads\/2017\/06\/JAMU-no-smoking-day.png","contentUrl":"https:\/\/interamerica.org\/wp-content\/uploads\/2017\/06\/JAMU-no-smoking-day.png","width":315,"height":209},{"@type":"BreadcrumbList","@id":"https:\/\/interamerica.org\/fr\/2013\/07\/jamaique-leglise-accueille-favorablement-linterdiction-de-fumer-dans-certains-lieux-et-exprime-ses-preoccupations-au-sujet-des-emissions-de-fumee-des-vehicules\/#breadcrumb","itemListElement":[{"@type":"ListItem","position":1,"name":"Home","item":"https:\/\/interamerica.org\/fr\/"},{"@type":"ListItem","position":2,"name":"Jama\u00efque : L\u2019\u00e9glise accueille favorablement l\u2019interdiction de fumer dans certains lieux et exprime ses pr\u00e9occupations au sujet des \u00e9missions de fum\u00e9e des v\u00e9hicules"}]},{"@type":"WebSite","@id":"https:\/\/interamerica.org\/fr\/#website","url":"https:\/\/interamerica.org\/fr\/","name":"\u00c9glise Adventiste Du Septieme Jour - Inter Am\u00e9rique Division","description":"","potentialAction":[{"@type":"SearchAction","target":{"@type":"EntryPoint","urlTemplate":"https:\/\/interamerica.org\/fr\/?s={search_term_string}"},"query-input":{"@type":"PropertyValueSpecification","valueRequired":true,"valueName":"search_term_string"}}],"inLanguage":"fr-FR"},{"@type":"Person","@id":"https:\/\/interamerica.org\/fr\/#\/schema\/person\/68ede8bdc292885bb76c1e3810e73c39","name":"Lorenzo Verduzco","image":{"@type":"ImageObject","inLanguage":"fr-FR","@id":"https:\/\/secure.gravatar.com\/avatar\/fb81a55b6218459490a9c1dc841a34909185b81904c5337b4b27f7a6fd60c49e?s=96&d=mm&r=g","url":"https:\/\/secure.gravatar.com\/avatar\/fb81a55b6218459490a9c1dc841a34909185b81904c5337b4b27f7a6fd60c49e?s=96&d=mm&r=g","contentUrl":"https:\/\/secure.gravatar.com\/avatar\/fb81a55b6218459490a9c1dc841a34909185b81904c5337b4b27f7a6fd60c49e?s=96&d=mm&r=g","caption":"Lorenzo Verduzco"}}]}},"_links":{"self":[{"href":"https:\/\/interamerica.org\/fr\/wp-json\/wp\/v2\/posts\/31731","targetHints":{"allow":["GET"]}}],"collection":[{"href":"https:\/\/interamerica.org\/fr\/wp-json\/wp\/v2\/posts"}],"about":[{"href":"https:\/\/interamerica.org\/fr\/wp-json\/wp\/v2\/types\/post"}],"author":[{"embeddable":true,"href":"https:\/\/interamerica.org\/fr\/wp-json\/wp\/v2\/users\/1"}],"replies":[{"embeddable":true,"href":"https:\/\/interamerica.org\/fr\/wp-json\/wp\/v2\/comments?post=31731"}],"version-history":[{"count":0,"href":"https:\/\/interamerica.org\/fr\/wp-json\/wp\/v2\/posts\/31731\/revisions"}],"wp:featuredmedia":[{"embeddable":true,"href":"https:\/\/interamerica.org\/fr\/wp-json\/wp\/v2\/media\/21739"}],"wp:attachment":[{"href":"https:\/\/interamerica.org\/fr\/wp-json\/wp\/v2\/media?parent=31731"}],"wp:term":[{"taxonomy":"category","embeddable":true,"href":"https:\/\/interamerica.org\/fr\/wp-json\/wp\/v2\/categories?post=31731"},{"taxonomy":"post_tag","embeddable":true,"href":"https:\/\/interamerica.org\/fr\/wp-json\/wp\/v2\/tags?post=31731"}],"curies":[{"name":"wp","href":"https:\/\/api.w.org\/{rel}","templated":true}]}}