{"id":31815,"date":"2013-11-05T00:00:00","date_gmt":"2013-11-05T04:00:00","guid":{"rendered":"http:\/\/192.81.217.108\/interamerica\/2013\/11\/mexique-leglise-adventiste-inaugure-le-nouveau-siege-de-lunion-dans-letat-du-chiapas\/"},"modified":"2013-11-05T00:00:00","modified_gmt":"2013-11-05T04:00:00","slug":"mexique-leglise-adventiste-inaugure-le-nouveau-siege-de-lunion-dans-letat-du-chiapas","status":"publish","type":"post","link":"https:\/\/interamerica.org\/fr\/2013\/11\/mexique-leglise-adventiste-inaugure-le-nouveau-siege-de-lunion-dans-letat-du-chiapas\/","title":{"rendered":"Mexique: L&rsquo;Eglise Adventiste inaugure le nouveau si\u00e8ge de l&rsquo;union dans l&rsquo;\u00e9tat du Chiapas"},"content":{"rendered":"<div id=\"attachment_9765\" style=\"width: 477px\" class=\"wp-caption aligncenter\"><a href=\"\/interamerica\/wp-content\/uploads\/2017\/06\/Chiapas-RibbonCutting.png\" rel=\"fancybox\" title=\"Mexique: L'Eglise Adventiste inaugure le nouveau si\u00e8ge de l'union dans l'\u00e9tat du Chiapas\"><img fetchpriority=\"high\" decoding=\"async\" aria-describedby=\"caption-attachment-9765\" class=\"size-full wp-image-9765\" src=\"\/interamerica\/wp-content\/uploads\/2017\/06\/Chiapas-RibbonCutting.png\" alt=\"\" width=\"467\" height=\"315\" \/><\/a><p id=\"caption-attachment-9765\" class=\"wp-caption-text\">Pasteur Ignacio Navarro, pr\u00e9sident de l&rsquo;\u00e9glise Adventiste \u00e0 l&rsquo;Union Mexicaine du Chiapas ainsi que le pasteur Isra\u00ebl Leito, pr\u00e9sident de l&rsquo;Eglise Adventiste en Inter Am\u00e9rique, coupent le ruban lors d&rsquo;une c\u00e9r\u00e9monie sp\u00e9ciale pour l&rsquo;inauguration des tout nouveaux bureaux du si\u00e8ge situ\u00e9 \u00e0 Tuxtla Gutierrez dans l&rsquo;\u00e9tat du Chiapas au Mexique, le 27 octobre 2013. Image d&rsquo;Abel Marquez.<\/p><\/div>\n<p>4 novembre 2013 &#8211; Tuxtla Gutierrez, Chiapas, Mexique&#8230;Daniel Guzman\/DIA<\/p>\n<p>Les leaders de l&rsquo;Eglise Adventiste du Septi\u00e8me jour dans l&rsquo;\u00e9tat du Chiapas au Mexique, ont inaugur\u00e9 un nouveau si\u00e8ge d&rsquo;union lors d&rsquo;une c\u00e9r\u00e9monie sp\u00e9ciale qui s&rsquo;est tenue le 27 octobre 2013. Le programme a r\u00e9uni des repr\u00e9sentants du gouvernement ainsi que les principaux leaders venant de tout le territoire de la Division Inter Am\u00e9ricaine (DIA) pour le couper de ruban et pour une visite du nouvel \u00e9difice.<\/p>\n<div id=\"attachment_9732\" style=\"width: 310px\" class=\"wp-caption alignright\"><a href=\"\/interamerica\/wp-content\/uploads\/2017\/06\/Chiapas-headquarters.png\" rel=\"fancybox\" title=\"Mexique: L'Eglise Adventiste inaugure le nouveau si\u00e8ge de l'union dans l'\u00e9tat du Chiapas\"><img decoding=\"async\" aria-describedby=\"caption-attachment-9732\" class=\"size-medium wp-image-9732\" src=\"\/interamerica\/wp-content\/uploads\/2017\/06\/Chiapas-headquarters-300x199.png\" alt=\"\" width=\"300\" height=\"199\" \/><\/a><p id=\"caption-attachment-9732\" class=\"wp-caption-text\">Les dirigeants Adventistes du Septi\u00e8me jour venus de toute l&rsquo;Inter Am\u00e9rique, des responsables gouvernementaux ainsi que des leaders de communaut\u00e9s dans le Chiapas au Mexique, visitent les nouveaux b\u00e2timents du si\u00e8ge de l&rsquo;Union du Chiapas qui se trouve \u00e0 Tuxtla Gutierrez, apr\u00e8s la c\u00e9r\u00e9monie d&rsquo;inauguration qui s&rsquo;est d\u00e9roul\u00e9e le 27 octobre 2013. Image d&rsquo;Abel Marquez\/DIA.<\/p><\/div>\n<p>Le pr\u00e9sident de la Division Inter Am\u00e9ricaine, pasteur Isra\u00ebl Leito, \u00e0 f\u00e9licit\u00e9 les responsables locaux de l&rsquo;\u00e9glise pour leur leadership dans la construction de ce b\u00e2timent de trois \u00e9tages et leur a rappel\u00e9 la responsabilit\u00e9 qu&rsquo;a l&rsquo;\u00e9glise vis \u00e0 vis de la communaut\u00e9 avoisinante.<\/p>\n<p>\u00ab\u00a0L&rsquo;Eglise Adventiste est une \u00e9glise de la communaut\u00e9 et c&rsquo;est une \u00e9glise qui repr\u00e9sente le Seigneur notre Dieu de mani\u00e8re digne,\u00a0\u00bb a d\u00e9clar\u00e9 pasteur Leito. \u00ab\u00a0L&rsquo;\u00e9glise doit \u00eatre un t\u00e9moignage de service et elle doit embellir la communaut\u00e9 o\u00f9 elle se trouve.\u00a0\u00bb<\/p>\n<p>Pasteur Leito a \u00e9t\u00e9 rejoint par des centaines de membres du comit\u00e9 ex\u00e9cutif qui s&rsquo;\u00e9taient rendus \u00e0 Chiapas \u00e0 l&rsquo;occasion de la c\u00e9r\u00e9monie et pour prendre part aux rencontres administratives de l&rsquo;\u00e9glise la semaine derni\u00e8re.<\/p>\n<p>Pasteur Ignacio Navarro, pr\u00e9sident de l&rsquo;\u00e9glise Adventiste dans le Chiapas, \u00e0 parl\u00e9 de ce que repr\u00e9sente le nouveau b\u00e2timent.<\/p>\n<div id=\"attachment_9766\" style=\"width: 310px\" class=\"wp-caption alignleft\"><a href=\"\/interamerica\/wp-content\/uploads\/2017\/06\/Chiapas-HeadquartersOutside.png\" rel=\"fancybox\" title=\"Mexique: L'Eglise Adventiste inaugure le nouveau si\u00e8ge de l'union dans l'\u00e9tat du Chiapas\"><img decoding=\"async\" aria-describedby=\"caption-attachment-9766\" class=\"size-medium wp-image-9766 \" src=\"\/interamerica\/wp-content\/uploads\/2017\/06\/Chiapas-HeadquartersOutside-300x200.png\" alt=\"\" width=\"300\" height=\"200\" \/><\/a><p id=\"caption-attachment-9766\" class=\"wp-caption-text\">Le nouvel \u00e9difice de trois \u00e9tages comprend un grand espace de r\u00e9ception, un auditorium de 240 places, un studio audiovisuel, 22 bureaux, plusieurs salles de conf\u00e9rence ainsi qu&rsquo;une cuisine enti\u00e8rement \u00e9quip\u00e9e. Image d&rsquo;Abel Marquez\/DIA.<\/p><\/div>\n<p>\u00ab\u00a0Ces bureaux repr\u00e9sentent le r\u00eave, le sacrifice et la fid\u00e9lit\u00e9 de l&rsquo;\u00e9glise dans l&rsquo;\u00e9tat du Chiapas,\u00a0\u00bb a dit pasteur Navarro. \u00ab\u00a0Ce b\u00e2timent sera un t\u00e9moignage \u00e0 la banni\u00e8re de J\u00e9sus qui a \u00e9t\u00e9 plac\u00e9e ici pour rendre t\u00e9moignage d&rsquo;un peuple qui est ferme, actif, et qui se pr\u00e9pare pour la Seconde Venue.\u00a0\u00bb<\/p>\n<p>Les responsables gouvernementaux et de la municipalit\u00e9 se sont joints aux centaines de membres et de dirigeants d&rsquo;\u00e9glise alors que le ruban \u00e9tait coup\u00e9, une Bible apport\u00e9e, et des drapeaux repr\u00e9sentant chacun des bureaux r\u00e9gionaux composant le territoire de l&rsquo;union \u00e9taient plac\u00e9s \u00e0 l&rsquo;int\u00e9rieur du nouveau si\u00e8ge de l&rsquo;\u00e9glise. Le programme s&rsquo;est poursuivi avec de la musique et un segment sp\u00e9cial au cours duquel les leaders ayant contribu\u00e9 \u00e0 la croissance de l&rsquo;\u00e9glise au Chiapas au cours des derni\u00e8res d\u00e9cennies ont \u00e9t\u00e9 honor\u00e9s.<\/p>\n<p>Le nouveau b\u00e2timent de trois \u00e9tages qui a \u00e9t\u00e9 construit en seulement sept mois, inclut un grand espace de r\u00e9ception, un auditorium de 240 places, un studio audiovisuel, 22 bureaux, plusieurs salles de conf\u00e9rence et une cuisine enti\u00e8rement \u00e9quip\u00e9e.<\/p>\n<p>L&rsquo;Union Mexicaine du Chiapas a \u00e9t\u00e9 organis\u00e9e en 2012, elle appartenait anciennement \u00e0 l\u2019Union Sud Mexicaine. Elle supervise cinq f\u00e9d\u00e9rations et une mission. L\u2019Union Mexicaine du Chiapas compte plus de 214000 membres d\u2019\u00e9glise qui adorent dans 834 \u00e9glises.<\/p>\n<p>Traduction: Patrick Luciathe<\/p>\n","protected":false},"excerpt":{"rendered":"<p>Les leaders de l&rsquo;Eglise Adventiste du Septi\u00e8me jour dans l&rsquo;\u00e9tat du Chiapas au Mexique, ont inaugur\u00e9 un nouveau si\u00e8ge d&rsquo;union lors d&rsquo;une c\u00e9r\u00e9monie sp\u00e9ciale qui s&rsquo;est tenue le 27 octobre 2013.<\/p>\n","protected":false},"author":1,"featured_media":22243,"comment_status":"closed","ping_status":"closed","sticky":false,"template":"","format":"standard","meta":{"_acf_changed":false,"footnotes":""},"categories":[21],"tags":[],"class_list":["post-31815","post","type-post","status-publish","format-standard","has-post-thumbnail","hentry","category-nouvelles-du-territoire"],"acf":[],"yoast_head":"<!-- This site is optimized with the Yoast SEO plugin v27.3 - https:\/\/yoast.com\/product\/yoast-seo-wordpress\/ -->\n<title>Mexique: L&#039;Eglise Adventiste inaugure le nouveau si\u00e8ge de l&#039;union dans l&#039;\u00e9tat du Chiapas - \u00c9glise Adventiste Du Septieme Jour - Inter Am\u00e9rique Division<\/title>\n<meta name=\"robots\" content=\"index, follow, max-snippet:-1, max-image-preview:large, max-video-preview:-1\" \/>\n<link rel=\"canonical\" href=\"https:\/\/interamerica.org\/fr\/2013\/11\/mexique-leglise-adventiste-inaugure-le-nouveau-siege-de-lunion-dans-letat-du-chiapas\/\" \/>\n<meta property=\"og:locale\" content=\"fr_FR\" \/>\n<meta property=\"og:type\" content=\"article\" \/>\n<meta property=\"og:title\" content=\"Mexique: L&#039;Eglise Adventiste inaugure le nouveau si\u00e8ge de l&#039;union dans l&#039;\u00e9tat du Chiapas - \u00c9glise Adventiste Du Septieme Jour - Inter Am\u00e9rique Division\" \/>\n<meta property=\"og:description\" content=\"Les leaders de l&#039;Eglise Adventiste du Septi\u00e8me jour dans l&#039;\u00e9tat du Chiapas au Mexique, ont inaugur\u00e9 un nouveau si\u00e8ge d&#039;union lors d&#039;une c\u00e9r\u00e9monie sp\u00e9ciale qui s&#039;est tenue le 27 octobre 2013.\" \/>\n<meta property=\"og:url\" content=\"https:\/\/interamerica.org\/fr\/2013\/11\/mexique-leglise-adventiste-inaugure-le-nouveau-siege-de-lunion-dans-letat-du-chiapas\/\" \/>\n<meta property=\"og:site_name\" content=\"\u00c9glise Adventiste Du Septieme Jour - Inter Am\u00e9rique Division\" \/>\n<meta property=\"article:published_time\" content=\"2013-11-05T04:00:00+00:00\" \/>\n<meta property=\"og:image\" content=\"https:\/\/interamerica.org\/wp-content\/uploads\/2017\/06\/Chiapas-HeadquartersOutside.png\" \/>\n\t<meta property=\"og:image:width\" content=\"590\" \/>\n\t<meta property=\"og:image:height\" content=\"394\" \/>\n\t<meta property=\"og:image:type\" content=\"image\/png\" \/>\n<meta name=\"author\" content=\"Lorenzo Verduzco\" \/>\n<meta name=\"twitter:card\" content=\"summary_large_image\" \/>\n<meta name=\"twitter:label1\" content=\"\u00c9crit par\" \/>\n\t<meta name=\"twitter:data1\" content=\"Lorenzo Verduzco\" \/>\n\t<meta name=\"twitter:label2\" content=\"Dur\u00e9e de lecture estim\u00e9e\" \/>\n\t<meta name=\"twitter:data2\" content=\"3 minutes\" \/>\n<script type=\"application\/ld+json\" class=\"yoast-schema-graph\">{\"@context\":\"https:\\\/\\\/schema.org\",\"@graph\":[{\"@type\":\"Article\",\"@id\":\"https:\\\/\\\/interamerica.org\\\/fr\\\/2013\\\/11\\\/mexique-leglise-adventiste-inaugure-le-nouveau-siege-de-lunion-dans-letat-du-chiapas\\\/#article\",\"isPartOf\":{\"@id\":\"https:\\\/\\\/interamerica.org\\\/fr\\\/2013\\\/11\\\/mexique-leglise-adventiste-inaugure-le-nouveau-siege-de-lunion-dans-letat-du-chiapas\\\/\"},\"author\":{\"name\":\"Lorenzo Verduzco\",\"@id\":\"https:\\\/\\\/interamerica.org\\\/fr\\\/#\\\/schema\\\/person\\\/68ede8bdc292885bb76c1e3810e73c39\"},\"headline\":\"Mexique: L&rsquo;Eglise Adventiste inaugure le nouveau si\u00e8ge de l&rsquo;union dans l&rsquo;\u00e9tat du Chiapas\",\"datePublished\":\"2013-11-05T04:00:00+00:00\",\"mainEntityOfPage\":{\"@id\":\"https:\\\/\\\/interamerica.org\\\/fr\\\/2013\\\/11\\\/mexique-leglise-adventiste-inaugure-le-nouveau-siege-de-lunion-dans-letat-du-chiapas\\\/\"},\"wordCount\":708,\"image\":{\"@id\":\"https:\\\/\\\/interamerica.org\\\/fr\\\/2013\\\/11\\\/mexique-leglise-adventiste-inaugure-le-nouveau-siege-de-lunion-dans-letat-du-chiapas\\\/#primaryimage\"},\"thumbnailUrl\":\"https:\\\/\\\/interamerica.org\\\/wp-content\\\/uploads\\\/2017\\\/06\\\/Chiapas-HeadquartersOutside.png\",\"articleSection\":[\"Nouvelles du territoire\"],\"inLanguage\":\"fr-FR\"},{\"@type\":\"WebPage\",\"@id\":\"https:\\\/\\\/interamerica.org\\\/fr\\\/2013\\\/11\\\/mexique-leglise-adventiste-inaugure-le-nouveau-siege-de-lunion-dans-letat-du-chiapas\\\/\",\"url\":\"https:\\\/\\\/interamerica.org\\\/fr\\\/2013\\\/11\\\/mexique-leglise-adventiste-inaugure-le-nouveau-siege-de-lunion-dans-letat-du-chiapas\\\/\",\"name\":\"Mexique: L'Eglise Adventiste inaugure le nouveau si\u00e8ge de l'union dans l'\u00e9tat du Chiapas - \u00c9glise Adventiste Du Septieme Jour - Inter Am\u00e9rique Division\",\"isPartOf\":{\"@id\":\"https:\\\/\\\/interamerica.org\\\/fr\\\/#website\"},\"primaryImageOfPage\":{\"@id\":\"https:\\\/\\\/interamerica.org\\\/fr\\\/2013\\\/11\\\/mexique-leglise-adventiste-inaugure-le-nouveau-siege-de-lunion-dans-letat-du-chiapas\\\/#primaryimage\"},\"image\":{\"@id\":\"https:\\\/\\\/interamerica.org\\\/fr\\\/2013\\\/11\\\/mexique-leglise-adventiste-inaugure-le-nouveau-siege-de-lunion-dans-letat-du-chiapas\\\/#primaryimage\"},\"thumbnailUrl\":\"https:\\\/\\\/interamerica.org\\\/wp-content\\\/uploads\\\/2017\\\/06\\\/Chiapas-HeadquartersOutside.png\",\"datePublished\":\"2013-11-05T04:00:00+00:00\",\"author\":{\"@id\":\"https:\\\/\\\/interamerica.org\\\/fr\\\/#\\\/schema\\\/person\\\/68ede8bdc292885bb76c1e3810e73c39\"},\"breadcrumb\":{\"@id\":\"https:\\\/\\\/interamerica.org\\\/fr\\\/2013\\\/11\\\/mexique-leglise-adventiste-inaugure-le-nouveau-siege-de-lunion-dans-letat-du-chiapas\\\/#breadcrumb\"},\"inLanguage\":\"fr-FR\",\"potentialAction\":[{\"@type\":\"ReadAction\",\"target\":[\"https:\\\/\\\/interamerica.org\\\/fr\\\/2013\\\/11\\\/mexique-leglise-adventiste-inaugure-le-nouveau-siege-de-lunion-dans-letat-du-chiapas\\\/\"]}]},{\"@type\":\"ImageObject\",\"inLanguage\":\"fr-FR\",\"@id\":\"https:\\\/\\\/interamerica.org\\\/fr\\\/2013\\\/11\\\/mexique-leglise-adventiste-inaugure-le-nouveau-siege-de-lunion-dans-letat-du-chiapas\\\/#primaryimage\",\"url\":\"https:\\\/\\\/interamerica.org\\\/wp-content\\\/uploads\\\/2017\\\/06\\\/Chiapas-HeadquartersOutside.png\",\"contentUrl\":\"https:\\\/\\\/interamerica.org\\\/wp-content\\\/uploads\\\/2017\\\/06\\\/Chiapas-HeadquartersOutside.png\",\"width\":590,\"height\":394},{\"@type\":\"BreadcrumbList\",\"@id\":\"https:\\\/\\\/interamerica.org\\\/fr\\\/2013\\\/11\\\/mexique-leglise-adventiste-inaugure-le-nouveau-siege-de-lunion-dans-letat-du-chiapas\\\/#breadcrumb\",\"itemListElement\":[{\"@type\":\"ListItem\",\"position\":1,\"name\":\"Home\",\"item\":\"https:\\\/\\\/interamerica.org\\\/fr\\\/\"},{\"@type\":\"ListItem\",\"position\":2,\"name\":\"Mexique: L&rsquo;Eglise Adventiste inaugure le nouveau si\u00e8ge de l&rsquo;union dans l&rsquo;\u00e9tat du Chiapas\"}]},{\"@type\":\"WebSite\",\"@id\":\"https:\\\/\\\/interamerica.org\\\/fr\\\/#website\",\"url\":\"https:\\\/\\\/interamerica.org\\\/fr\\\/\",\"name\":\"\u00c9glise Adventiste Du Septieme Jour - Inter Am\u00e9rique Division\",\"description\":\"\",\"potentialAction\":[{\"@type\":\"SearchAction\",\"target\":{\"@type\":\"EntryPoint\",\"urlTemplate\":\"https:\\\/\\\/interamerica.org\\\/fr\\\/?s={search_term_string}\"},\"query-input\":{\"@type\":\"PropertyValueSpecification\",\"valueRequired\":true,\"valueName\":\"search_term_string\"}}],\"inLanguage\":\"fr-FR\"},{\"@type\":\"Person\",\"@id\":\"https:\\\/\\\/interamerica.org\\\/fr\\\/#\\\/schema\\\/person\\\/68ede8bdc292885bb76c1e3810e73c39\",\"name\":\"Lorenzo Verduzco\",\"image\":{\"@type\":\"ImageObject\",\"inLanguage\":\"fr-FR\",\"@id\":\"https:\\\/\\\/secure.gravatar.com\\\/avatar\\\/fb81a55b6218459490a9c1dc841a34909185b81904c5337b4b27f7a6fd60c49e?s=96&d=mm&r=g\",\"url\":\"https:\\\/\\\/secure.gravatar.com\\\/avatar\\\/fb81a55b6218459490a9c1dc841a34909185b81904c5337b4b27f7a6fd60c49e?s=96&d=mm&r=g\",\"contentUrl\":\"https:\\\/\\\/secure.gravatar.com\\\/avatar\\\/fb81a55b6218459490a9c1dc841a34909185b81904c5337b4b27f7a6fd60c49e?s=96&d=mm&r=g\",\"caption\":\"Lorenzo Verduzco\"}}]}<\/script>\n<!-- \/ Yoast SEO plugin. -->","yoast_head_json":{"title":"Mexique: L'Eglise Adventiste inaugure le nouveau si\u00e8ge de l'union dans l'\u00e9tat du Chiapas - \u00c9glise Adventiste Du Septieme Jour - Inter Am\u00e9rique Division","robots":{"index":"index","follow":"follow","max-snippet":"max-snippet:-1","max-image-preview":"max-image-preview:large","max-video-preview":"max-video-preview:-1"},"canonical":"https:\/\/interamerica.org\/fr\/2013\/11\/mexique-leglise-adventiste-inaugure-le-nouveau-siege-de-lunion-dans-letat-du-chiapas\/","og_locale":"fr_FR","og_type":"article","og_title":"Mexique: L'Eglise Adventiste inaugure le nouveau si\u00e8ge de l'union dans l'\u00e9tat du Chiapas - \u00c9glise Adventiste Du Septieme Jour - Inter Am\u00e9rique Division","og_description":"Les leaders de l'Eglise Adventiste du Septi\u00e8me jour dans l'\u00e9tat du Chiapas au Mexique, ont inaugur\u00e9 un nouveau si\u00e8ge d'union lors d'une c\u00e9r\u00e9monie sp\u00e9ciale qui s'est tenue le 27 octobre 2013.","og_url":"https:\/\/interamerica.org\/fr\/2013\/11\/mexique-leglise-adventiste-inaugure-le-nouveau-siege-de-lunion-dans-letat-du-chiapas\/","og_site_name":"\u00c9glise Adventiste Du Septieme Jour - Inter Am\u00e9rique Division","article_published_time":"2013-11-05T04:00:00+00:00","og_image":[{"width":590,"height":394,"url":"https:\/\/interamerica.org\/wp-content\/uploads\/2017\/06\/Chiapas-HeadquartersOutside.png","type":"image\/png"}],"author":"Lorenzo Verduzco","twitter_card":"summary_large_image","twitter_misc":{"\u00c9crit par":"Lorenzo Verduzco","Dur\u00e9e de lecture estim\u00e9e":"3 minutes"},"schema":{"@context":"https:\/\/schema.org","@graph":[{"@type":"Article","@id":"https:\/\/interamerica.org\/fr\/2013\/11\/mexique-leglise-adventiste-inaugure-le-nouveau-siege-de-lunion-dans-letat-du-chiapas\/#article","isPartOf":{"@id":"https:\/\/interamerica.org\/fr\/2013\/11\/mexique-leglise-adventiste-inaugure-le-nouveau-siege-de-lunion-dans-letat-du-chiapas\/"},"author":{"name":"Lorenzo Verduzco","@id":"https:\/\/interamerica.org\/fr\/#\/schema\/person\/68ede8bdc292885bb76c1e3810e73c39"},"headline":"Mexique: L&rsquo;Eglise Adventiste inaugure le nouveau si\u00e8ge de l&rsquo;union dans l&rsquo;\u00e9tat du Chiapas","datePublished":"2013-11-05T04:00:00+00:00","mainEntityOfPage":{"@id":"https:\/\/interamerica.org\/fr\/2013\/11\/mexique-leglise-adventiste-inaugure-le-nouveau-siege-de-lunion-dans-letat-du-chiapas\/"},"wordCount":708,"image":{"@id":"https:\/\/interamerica.org\/fr\/2013\/11\/mexique-leglise-adventiste-inaugure-le-nouveau-siege-de-lunion-dans-letat-du-chiapas\/#primaryimage"},"thumbnailUrl":"https:\/\/interamerica.org\/wp-content\/uploads\/2017\/06\/Chiapas-HeadquartersOutside.png","articleSection":["Nouvelles du territoire"],"inLanguage":"fr-FR"},{"@type":"WebPage","@id":"https:\/\/interamerica.org\/fr\/2013\/11\/mexique-leglise-adventiste-inaugure-le-nouveau-siege-de-lunion-dans-letat-du-chiapas\/","url":"https:\/\/interamerica.org\/fr\/2013\/11\/mexique-leglise-adventiste-inaugure-le-nouveau-siege-de-lunion-dans-letat-du-chiapas\/","name":"Mexique: L'Eglise Adventiste inaugure le nouveau si\u00e8ge de l'union dans l'\u00e9tat du Chiapas - \u00c9glise Adventiste Du Septieme Jour - Inter Am\u00e9rique Division","isPartOf":{"@id":"https:\/\/interamerica.org\/fr\/#website"},"primaryImageOfPage":{"@id":"https:\/\/interamerica.org\/fr\/2013\/11\/mexique-leglise-adventiste-inaugure-le-nouveau-siege-de-lunion-dans-letat-du-chiapas\/#primaryimage"},"image":{"@id":"https:\/\/interamerica.org\/fr\/2013\/11\/mexique-leglise-adventiste-inaugure-le-nouveau-siege-de-lunion-dans-letat-du-chiapas\/#primaryimage"},"thumbnailUrl":"https:\/\/interamerica.org\/wp-content\/uploads\/2017\/06\/Chiapas-HeadquartersOutside.png","datePublished":"2013-11-05T04:00:00+00:00","author":{"@id":"https:\/\/interamerica.org\/fr\/#\/schema\/person\/68ede8bdc292885bb76c1e3810e73c39"},"breadcrumb":{"@id":"https:\/\/interamerica.org\/fr\/2013\/11\/mexique-leglise-adventiste-inaugure-le-nouveau-siege-de-lunion-dans-letat-du-chiapas\/#breadcrumb"},"inLanguage":"fr-FR","potentialAction":[{"@type":"ReadAction","target":["https:\/\/interamerica.org\/fr\/2013\/11\/mexique-leglise-adventiste-inaugure-le-nouveau-siege-de-lunion-dans-letat-du-chiapas\/"]}]},{"@type":"ImageObject","inLanguage":"fr-FR","@id":"https:\/\/interamerica.org\/fr\/2013\/11\/mexique-leglise-adventiste-inaugure-le-nouveau-siege-de-lunion-dans-letat-du-chiapas\/#primaryimage","url":"https:\/\/interamerica.org\/wp-content\/uploads\/2017\/06\/Chiapas-HeadquartersOutside.png","contentUrl":"https:\/\/interamerica.org\/wp-content\/uploads\/2017\/06\/Chiapas-HeadquartersOutside.png","width":590,"height":394},{"@type":"BreadcrumbList","@id":"https:\/\/interamerica.org\/fr\/2013\/11\/mexique-leglise-adventiste-inaugure-le-nouveau-siege-de-lunion-dans-letat-du-chiapas\/#breadcrumb","itemListElement":[{"@type":"ListItem","position":1,"name":"Home","item":"https:\/\/interamerica.org\/fr\/"},{"@type":"ListItem","position":2,"name":"Mexique: L&rsquo;Eglise Adventiste inaugure le nouveau si\u00e8ge de l&rsquo;union dans l&rsquo;\u00e9tat du Chiapas"}]},{"@type":"WebSite","@id":"https:\/\/interamerica.org\/fr\/#website","url":"https:\/\/interamerica.org\/fr\/","name":"\u00c9glise Adventiste Du Septieme Jour - Inter Am\u00e9rique Division","description":"","potentialAction":[{"@type":"SearchAction","target":{"@type":"EntryPoint","urlTemplate":"https:\/\/interamerica.org\/fr\/?s={search_term_string}"},"query-input":{"@type":"PropertyValueSpecification","valueRequired":true,"valueName":"search_term_string"}}],"inLanguage":"fr-FR"},{"@type":"Person","@id":"https:\/\/interamerica.org\/fr\/#\/schema\/person\/68ede8bdc292885bb76c1e3810e73c39","name":"Lorenzo Verduzco","image":{"@type":"ImageObject","inLanguage":"fr-FR","@id":"https:\/\/secure.gravatar.com\/avatar\/fb81a55b6218459490a9c1dc841a34909185b81904c5337b4b27f7a6fd60c49e?s=96&d=mm&r=g","url":"https:\/\/secure.gravatar.com\/avatar\/fb81a55b6218459490a9c1dc841a34909185b81904c5337b4b27f7a6fd60c49e?s=96&d=mm&r=g","contentUrl":"https:\/\/secure.gravatar.com\/avatar\/fb81a55b6218459490a9c1dc841a34909185b81904c5337b4b27f7a6fd60c49e?s=96&d=mm&r=g","caption":"Lorenzo Verduzco"}}]}},"_links":{"self":[{"href":"https:\/\/interamerica.org\/fr\/wp-json\/wp\/v2\/posts\/31815","targetHints":{"allow":["GET"]}}],"collection":[{"href":"https:\/\/interamerica.org\/fr\/wp-json\/wp\/v2\/posts"}],"about":[{"href":"https:\/\/interamerica.org\/fr\/wp-json\/wp\/v2\/types\/post"}],"author":[{"embeddable":true,"href":"https:\/\/interamerica.org\/fr\/wp-json\/wp\/v2\/users\/1"}],"replies":[{"embeddable":true,"href":"https:\/\/interamerica.org\/fr\/wp-json\/wp\/v2\/comments?post=31815"}],"version-history":[{"count":0,"href":"https:\/\/interamerica.org\/fr\/wp-json\/wp\/v2\/posts\/31815\/revisions"}],"wp:featuredmedia":[{"embeddable":true,"href":"https:\/\/interamerica.org\/fr\/wp-json\/wp\/v2\/media\/22243"}],"wp:attachment":[{"href":"https:\/\/interamerica.org\/fr\/wp-json\/wp\/v2\/media?parent=31815"}],"wp:term":[{"taxonomy":"category","embeddable":true,"href":"https:\/\/interamerica.org\/fr\/wp-json\/wp\/v2\/categories?post=31815"},{"taxonomy":"post_tag","embeddable":true,"href":"https:\/\/interamerica.org\/fr\/wp-json\/wp\/v2\/tags?post=31815"}],"curies":[{"name":"wp","href":"https:\/\/api.w.org\/{rel}","templated":true}]}}