{"id":31830,"date":"2013-11-26T00:00:00","date_gmt":"2013-11-26T04:00:00","guid":{"rendered":"http:\/\/192.81.217.108\/interamerica\/2013\/11\/lors-du-premier-sommet-sur-la-fidelisation-des-membres-les-leaders-considerent-la-realite-de-lexode-que-connait-leglise\/"},"modified":"2013-11-26T00:00:00","modified_gmt":"2013-11-26T04:00:00","slug":"lors-du-premier-sommet-sur-la-fidelisation-des-membres-les-leaders-considerent-la-realite-de-lexode-que-connait-leglise","status":"publish","type":"post","link":"https:\/\/interamerica.org\/fr\/2013\/11\/lors-du-premier-sommet-sur-la-fidelisation-des-membres-les-leaders-considerent-la-realite-de-lexode-que-connait-leglise\/","title":{"rendered":"Lors du premier sommet sur la fid\u00e9lisation des membres, les leaders consid\u00e8rent la r\u00e9alit\u00e9 de l\u2019exode que connait l\u2019\u00e9glise."},"content":{"rendered":"<p>19 Novembre 2013 \u2013 Silver Spring, Maryland, Etats Unis. Auteur : Ansel Oliver\/ANN<\/p>\n<p>Le premier sommet mondial mettant l\u2019accent sur la fid\u00e9lisation des membres de l\u2019Eglise Adventiste du Septi\u00e8me jour l\u00e8ve le voile sur le taux d\u2019abandon et les raisons pour lesquelles les membres s\u2019en vont par la porte de derri\u00e8re. C\u2019est la premi\u00e8re fois que la question est consid\u00e9r\u00e9e avec autant d\u2019ampleur, amenant les leaders de l\u2019\u00e9glise \u00e0 renouveler leur emphase sur la formation de disciples du Christ qui portent du fruit et qui croissent.<\/p>\n<div id=\"attachment_10004\" style=\"width: 310px\" class=\"wp-caption alignright\"><a href=\"\/interamerica\/wp-content\/uploads\/2017\/06\/csm_summit-inside_b11c3168db.jpg\" rel=\"fancybox\" title=\"Lors du premier sommet sur la fid\u00e9lisation des membres, les leaders consid\u00e8rent la r\u00e9alit\u00e9 de l\u2019exode que connait l\u2019\u00e9glise.\"><img fetchpriority=\"high\" decoding=\"async\" aria-describedby=\"caption-attachment-10004\" class=\"size-medium wp-image-10004\" src=\"\/interamerica\/wp-content\/uploads\/2017\/06\/csm_summit-inside_b11c3168db-300x200.jpg\" alt=\"\" width=\"300\" height=\"200\" \/><\/a><p id=\"caption-attachment-10004\" class=\"wp-caption-text\">Le chercheur Adventiste, Monte Sahlin, fait une intervention au sommet sur le D\u00e9veloppement et la Fid\u00e9lisation des membres le lundi 18 novembre au si\u00e8ge mondial de l\u2019Eglise Adventiste. Plus de 100 participants ont examin\u00e9 les donn\u00e9es relatives \u00e0 la raison pour laquelle les membres laissent l\u2019\u00e9glise, et aussi la mani\u00e8re dont l\u2019emphase plac\u00e9e sur le discipulat est un \u00e9l\u00e9ment cl\u00e9 pour emp\u00eacher que les membres ne partent par la porte de derri\u00e8re. Photo Ansel Oliver.<\/p><\/div>\n<p>L\u2019Eglise Adventiste mondiale, qui compte actuellement pr\u00e8s de 18 millions de membres, a perdu au moins un membre sur trois au cours des 50 derni\u00e8res ann\u00e9es, d\u2019apr\u00e8s les organisateurs du sommet. Durant ce si\u00e8cle, le ratio de personnes perdues par rapport aux nouveaux convertis est de 43 pour 100.<\/p>\n<p>\u00ab Ces chiffres sont trop \u00e9lev\u00e9s, \u00bb a d\u00e9clar\u00e9 David Trim, directeur du Bureau des Archives, Statistiques et Recherches. \u00ab Il y a une dimension th\u00e9ologique \u00e0 ceci, c\u2019est que la mission de Dieu est de rechercher celui qui est perdu. \u00bb<\/p>\n<p>Pendant trois jours cette semaine, 100 participants venus des six continents se sont r\u00e9unis au si\u00e8ge mondial de la d\u00e9nomination pour le Sommet sur le D\u00e9veloppement et la Fid\u00e9lisation des membres afin d\u2019examiner des donn\u00e9es qui permettent d\u2019avoir une image plus claire des tendances au del\u00e0 des suppositions adopt\u00e9es de longue date \u00e0 partir d\u2019\u00e9vidences anecdotiques.<\/p>\n<p>Le chercheur v\u00e9t\u00e9ran de l\u2019Eglise Adventiste, Monte Sahlin, a indiqu\u00e9 que les raisons pour lesquelles les gens laissent l\u2019\u00e9glise sont souvent moins en rapport avec ce que fait l\u2019\u00e9glise ou avec ses doctrines, qu\u2019avec les probl\u00e8mes que les gens confrontent dans leur vie personnelle \u2013 conflits conjugaux, ou ch\u00f4mage par exemple. Ce que l\u2019\u00e9glise fait et qui contribue au probl\u00e8me, a t-il dit, est de ne pas aider les gens alors qu\u2019ils traversent de dures \u00e9preuves.<\/p>\n<p>\u00ab L\u2019id\u00e9e de personnes abandonnant l\u2019\u00e9glise \u00e0 cause de quelque chose que fait l\u2019\u00e9glise ou \u00e0 cause de d\u00e9saccords doctrinaux n\u2019appara\u00eet pas dans ces donn\u00e9es, \u00bb a dit Monte Sahlin. \u00ab Il a \u00e9t\u00e9 clairement d\u00e9montr\u00e9 qu\u2019un membre du comit\u00e9 d\u2019\u00e9glise est tout aussi capable d\u2019\u00eatre en d\u00e9saccord avec l\u2019une des 28 croyances fondamentales de l\u2019\u00e9glise que ne l\u2019est quelqu\u2019un qui a \u00e9t\u00e9 radi\u00e9. \u00bb<\/p>\n<p>Plusieurs pr\u00e9sentations ont montr\u00e9 que l\u2019Eglise Adventiste a appris comment mieux conduire des actions missionnaires plus r\u00e9alistes en tirant des enseignements des exemples pass\u00e9s. Lorsque l\u2019Union Sovi\u00e9tique s\u2019est effondr\u00e9e en 1991, plusieurs groupes Adventistes ont sponsoris\u00e9 des programmes d\u2019\u00e9vang\u00e9lisation extravagants \u2013 avec d\u2019immenses chorales et des pr\u00e9sentations sur d\u2019\u00e9normes \u00e9crans multiples. Mais alors que plusieurs organisations sponsorisant ces programmes \u00e9taient impatientes de saisir cette opportunit\u00e9 ne se pr\u00e9sentant qu\u2019une fois dans une g\u00e9n\u00e9ration, plusieurs nouveaux convertis se sont joints \u00e0 l\u2019\u00e9glise pensant qu\u2019ils avaient l\u00e0 leur ticket pour obtenir leur propre richesse. L\u2019\u00e9glise sur place n\u2019avait pas de strat\u00e9gie \u00e0 long terme, ni d\u2019infrastructure confessionnelle, et la plupart de ces nouveaux convertis ont bien vite arr\u00eat\u00e9 de venir \u00e0 l\u2019\u00e9glise.<\/p>\n<p>Une pr\u00e9sentation a r\u00e9v\u00e9l\u00e9 qu\u2019en Afrique du Sud, le taux d\u2019arriv\u00e9e de nouveaux membres avait ralenti, mais que l\u2019effectif de membres avait augment\u00e9 de mani\u00e8re significative par rapport \u00e0 la fid\u00e9lisation. Ceci a amen\u00e9 Harald Wollan, secr\u00e9taire ex\u00e9cutif adjoint de l\u2019Eglise Adventiste mondiale, a sugg\u00e9r\u00e9 au groupe que les futurs efforts d\u2019\u00e9vang\u00e9lisation devraient mettre l\u2019emphase sur la mani\u00e8re dont on prend soin des membres.<\/p>\n<p>Et si l\u2019\u00e9glise utilisait une partie des fonds d\u2019\u00e9vang\u00e9lisation pour le soin de nos propres membres ? Peut-\u00eatre verrions nous une augmentation similaire au niveau de nos chiffres, \u00bb a dit Harald Wollan.<\/p>\n<p>\u00ab C\u2019est ce que nous devrons faire, \u00bb a r\u00e9pondu Armando Miranda, vice-pr\u00e9sident de l\u2019Eglise Adventiste mondiale, alors qu\u2019il pr\u00e9sidait la session de l\u2019apr\u00e8s midi.<\/p>\n<p>Un d\u00e9l\u00e9gu\u00e9 des Philippines, Jimmy V. Adil, a demand\u00e9 pourquoi les f\u00e9d\u00e9rations re\u00e7oivent autant de pression pour augmenter le nombre de membres, souvent de la part de leurs unions , qui dit-il, \u00e0 leur tour ressentent la pression venant des divisions. Il a demand\u00e9 si le si\u00e8ge mondial de l\u2019\u00e9glise exer\u00e7ait de la pression pour amener la croissance.<\/p>\n<p>Le Secr\u00e9taire Ex\u00e9cutif de l\u2019Eglise Adventiste, G.T. Ng a r\u00e9pondu : \u00ab Il n\u2019y a aucune pression faite pour avoir la croissance. Exer\u00e7ons nous de la pression sur un papayer pour qu\u2019il produise ? \u2026Si c\u2019\u00e9tait le cas, nous freinerions probablement sa croissance. \u00bb<\/p>\n<p>David Trim, le directeur de la recherche, a d\u00e9clar\u00e9 que le probl\u00e8me cependant est fr\u00e9quent dans certaines r\u00e9gions. Mardi, il a r\u00e9v\u00e9l\u00e9 que 30 pourcent des secr\u00e9taires d\u2019\u00e9glise dans une certaine division avaient \u00e9t\u00e9 l\u2019objet de pression les poussant \u00e0 gonfler les nombres de bapt\u00eames. \u00ab C\u2019est un p\u00e9ch\u00e9 que de mentir au sujet de quoi que ce soit dans l\u2019Eglise Adventiste, mais pour une raison quelconque, trop de personnes pensent qu\u2019il n\u2019y a pas de probl\u00e8me \u00e0 mentir \u00e0 propos des chiffres indiquant l\u2019effectif de membres, \u00bb a dit David Trim.<\/p>\n<p>L\u2019augmentation des v\u00e9rifications de registres de membres men\u00e9es par les divisions permet de comabttre les cas o\u00f9 le nombre de membres est gonfl\u00e9 dans certaines r\u00e9gions. Il a pr\u00e9cis\u00e9 que plusieurs r\u00e9gions ont fait des v\u00e9rifications de registres une priorit\u00e9, par exemple l\u2019Am\u00e9rique du Sud, l\u2019Asie du Sud Est et l\u2019Afrique de l\u2019Ouest.<\/p>\n<p>\u00ab Avoir des registres de membres \u00e0 jour : c\u2019est la contribution que peut faire un ou une secr\u00e9taire \u00e0 [l\u2019emphase que place l\u2019\u00e9glise sur] le r\u00e9veil et la r\u00e9forme, \u00bb a d\u00e9clar\u00e9 Onalapo Ajibade, secr\u00e9taire de la Division de l\u2019Afrique du Centre-Ouest dont le si\u00e8ge se trouve \u00e0 Abidjan en C\u00f4te d\u2019Ivoire. \u00ab Il nous faut de l\u2019exactitude. Dieu ne peut b\u00e9nir un mensonge. \u00bb<\/p>\n<p>Dans les coulisses des rencontres, la plus jeune personne parmi les participants, Cheryl Simpson, a d\u00e9clar\u00e9 qu\u2019elle avait \u00e9t\u00e9 encourag\u00e9e par le sommet parce qu\u2019il a permis, dit-elle, de montrer que les dirigeants de l\u2019\u00e9glise voulaient encourager les jeunes adultes comme elle.<\/p>\n<p>Cheryl Simpson qui est \u00e9tudiante en quatri\u00e8me ann\u00e9e de psychologie \u00e0 Andrews University \u00e0 Berrien Springs dans le Michigan aux Etats Unis, a dit qu\u2019elle \u00e9tait contente de ce que les leaders de l\u2019\u00e9glise \u00e9taient d\u00e9sireux de regarder la r\u00e9alit\u00e9.<\/p>\n<p>\u00ab Pour moi, c\u2019est essentiel, parce que cela me montre que les th\u00e9ologiens n\u2019ont pas peur de confronter les faits, a ajout\u00e9 Cheryl Simpson.<\/p>\n<p>Traduction: Patrick Luciathe<\/p>\n","protected":false},"excerpt":{"rendered":"<p>Le premier sommet mondial mettant l\u2019accent sur la fid\u00e9lisation des membres de l\u2019Eglise Adventiste du Septi\u00e8me jour l\u00e8ve le voile sur le taux d\u2019abandon et les raisons pour lesquelles les membres s\u2019en vont par la porte de derri\u00e8re. C\u2019est la premi\u00e8re fois que la question est consid\u00e9r\u00e9e avec autant d\u2019ampleur, amenant les leaders de l\u2019\u00e9glise \u00e0 renouveler leur emphase sur la formation de disciples du Christ qui portent du fruit et qui croissent.<\/p>\n","protected":false},"author":1,"featured_media":22338,"comment_status":"closed","ping_status":"closed","sticky":false,"template":"","format":"standard","meta":{"_acf_changed":false,"footnotes":""},"categories":[18],"tags":[],"class_list":["post-31830","post","type-post","status-publish","format-standard","has-post-thumbnail","hentry","category-nouvelles-de-leglise-mondiale"],"acf":[],"yoast_head":"<!-- This site is optimized with the Yoast SEO plugin v27.3 - https:\/\/yoast.com\/product\/yoast-seo-wordpress\/ -->\n<title>Lors du premier sommet sur la fid\u00e9lisation des membres, les leaders consid\u00e8rent la r\u00e9alit\u00e9 de l\u2019exode que connait l\u2019\u00e9glise. - \u00c9glise Adventiste Du Septieme Jour - Inter Am\u00e9rique Division<\/title>\n<meta name=\"robots\" content=\"index, follow, max-snippet:-1, max-image-preview:large, max-video-preview:-1\" \/>\n<link rel=\"canonical\" href=\"https:\/\/interamerica.org\/fr\/2013\/11\/lors-du-premier-sommet-sur-la-fidelisation-des-membres-les-leaders-considerent-la-realite-de-lexode-que-connait-leglise\/\" \/>\n<meta property=\"og:locale\" content=\"fr_FR\" \/>\n<meta property=\"og:type\" content=\"article\" \/>\n<meta property=\"og:title\" content=\"Lors du premier sommet sur la fid\u00e9lisation des membres, les leaders consid\u00e8rent la r\u00e9alit\u00e9 de l\u2019exode que connait l\u2019\u00e9glise. - \u00c9glise Adventiste Du Septieme Jour - Inter Am\u00e9rique Division\" \/>\n<meta property=\"og:description\" content=\"Le premier sommet mondial mettant l\u2019accent sur la fid\u00e9lisation des membres de l\u2019Eglise Adventiste du Septi\u00e8me jour l\u00e8ve le voile sur le taux d\u2019abandon et les raisons pour lesquelles les membres s\u2019en vont par la porte de derri\u00e8re. C\u2019est la premi\u00e8re fois que la question est consid\u00e9r\u00e9e avec autant d\u2019ampleur, amenant les leaders de l\u2019\u00e9glise \u00e0 renouveler leur emphase sur la formation de disciples du Christ qui portent du fruit et qui croissent.\" \/>\n<meta property=\"og:url\" content=\"https:\/\/interamerica.org\/fr\/2013\/11\/lors-du-premier-sommet-sur-la-fidelisation-des-membres-les-leaders-considerent-la-realite-de-lexode-que-connait-leglise\/\" \/>\n<meta property=\"og:site_name\" content=\"\u00c9glise Adventiste Du Septieme Jour - Inter Am\u00e9rique Division\" \/>\n<meta property=\"article:published_time\" content=\"2013-11-26T04:00:00+00:00\" \/>\n<meta property=\"og:image\" content=\"https:\/\/interamerica.org\/wp-content\/uploads\/2017\/06\/csm_summit-inside_b11c3168db.jpg\" \/>\n\t<meta property=\"og:image:width\" content=\"400\" \/>\n\t<meta property=\"og:image:height\" content=\"267\" \/>\n\t<meta property=\"og:image:type\" content=\"image\/jpeg\" \/>\n<meta name=\"author\" content=\"Lorenzo Verduzco\" \/>\n<meta name=\"twitter:card\" content=\"summary_large_image\" \/>\n<meta name=\"twitter:label1\" content=\"\u00c9crit par\" \/>\n\t<meta name=\"twitter:data1\" content=\"Lorenzo Verduzco\" \/>\n\t<meta name=\"twitter:label2\" content=\"Dur\u00e9e de lecture estim\u00e9e\" \/>\n\t<meta name=\"twitter:data2\" content=\"6 minutes\" \/>\n<script type=\"application\/ld+json\" class=\"yoast-schema-graph\">{\"@context\":\"https:\\\/\\\/schema.org\",\"@graph\":[{\"@type\":\"Article\",\"@id\":\"https:\\\/\\\/interamerica.org\\\/fr\\\/2013\\\/11\\\/lors-du-premier-sommet-sur-la-fidelisation-des-membres-les-leaders-considerent-la-realite-de-lexode-que-connait-leglise\\\/#article\",\"isPartOf\":{\"@id\":\"https:\\\/\\\/interamerica.org\\\/fr\\\/2013\\\/11\\\/lors-du-premier-sommet-sur-la-fidelisation-des-membres-les-leaders-considerent-la-realite-de-lexode-que-connait-leglise\\\/\"},\"author\":{\"name\":\"Lorenzo Verduzco\",\"@id\":\"https:\\\/\\\/interamerica.org\\\/fr\\\/#\\\/schema\\\/person\\\/68ede8bdc292885bb76c1e3810e73c39\"},\"headline\":\"Lors du premier sommet sur la fid\u00e9lisation des membres, les leaders consid\u00e8rent la r\u00e9alit\u00e9 de l\u2019exode que connait l\u2019\u00e9glise.\",\"datePublished\":\"2013-11-26T04:00:00+00:00\",\"mainEntityOfPage\":{\"@id\":\"https:\\\/\\\/interamerica.org\\\/fr\\\/2013\\\/11\\\/lors-du-premier-sommet-sur-la-fidelisation-des-membres-les-leaders-considerent-la-realite-de-lexode-que-connait-leglise\\\/\"},\"wordCount\":1288,\"image\":{\"@id\":\"https:\\\/\\\/interamerica.org\\\/fr\\\/2013\\\/11\\\/lors-du-premier-sommet-sur-la-fidelisation-des-membres-les-leaders-considerent-la-realite-de-lexode-que-connait-leglise\\\/#primaryimage\"},\"thumbnailUrl\":\"https:\\\/\\\/interamerica.org\\\/wp-content\\\/uploads\\\/2017\\\/06\\\/csm_summit-inside_b11c3168db.jpg\",\"articleSection\":[\"Nouvelles de l'\u00c9glise mondiale\"],\"inLanguage\":\"fr-FR\"},{\"@type\":\"WebPage\",\"@id\":\"https:\\\/\\\/interamerica.org\\\/fr\\\/2013\\\/11\\\/lors-du-premier-sommet-sur-la-fidelisation-des-membres-les-leaders-considerent-la-realite-de-lexode-que-connait-leglise\\\/\",\"url\":\"https:\\\/\\\/interamerica.org\\\/fr\\\/2013\\\/11\\\/lors-du-premier-sommet-sur-la-fidelisation-des-membres-les-leaders-considerent-la-realite-de-lexode-que-connait-leglise\\\/\",\"name\":\"Lors du premier sommet sur la fid\u00e9lisation des membres, les leaders consid\u00e8rent la r\u00e9alit\u00e9 de l\u2019exode que connait l\u2019\u00e9glise. - \u00c9glise Adventiste Du Septieme Jour - Inter Am\u00e9rique Division\",\"isPartOf\":{\"@id\":\"https:\\\/\\\/interamerica.org\\\/fr\\\/#website\"},\"primaryImageOfPage\":{\"@id\":\"https:\\\/\\\/interamerica.org\\\/fr\\\/2013\\\/11\\\/lors-du-premier-sommet-sur-la-fidelisation-des-membres-les-leaders-considerent-la-realite-de-lexode-que-connait-leglise\\\/#primaryimage\"},\"image\":{\"@id\":\"https:\\\/\\\/interamerica.org\\\/fr\\\/2013\\\/11\\\/lors-du-premier-sommet-sur-la-fidelisation-des-membres-les-leaders-considerent-la-realite-de-lexode-que-connait-leglise\\\/#primaryimage\"},\"thumbnailUrl\":\"https:\\\/\\\/interamerica.org\\\/wp-content\\\/uploads\\\/2017\\\/06\\\/csm_summit-inside_b11c3168db.jpg\",\"datePublished\":\"2013-11-26T04:00:00+00:00\",\"author\":{\"@id\":\"https:\\\/\\\/interamerica.org\\\/fr\\\/#\\\/schema\\\/person\\\/68ede8bdc292885bb76c1e3810e73c39\"},\"breadcrumb\":{\"@id\":\"https:\\\/\\\/interamerica.org\\\/fr\\\/2013\\\/11\\\/lors-du-premier-sommet-sur-la-fidelisation-des-membres-les-leaders-considerent-la-realite-de-lexode-que-connait-leglise\\\/#breadcrumb\"},\"inLanguage\":\"fr-FR\",\"potentialAction\":[{\"@type\":\"ReadAction\",\"target\":[\"https:\\\/\\\/interamerica.org\\\/fr\\\/2013\\\/11\\\/lors-du-premier-sommet-sur-la-fidelisation-des-membres-les-leaders-considerent-la-realite-de-lexode-que-connait-leglise\\\/\"]}]},{\"@type\":\"ImageObject\",\"inLanguage\":\"fr-FR\",\"@id\":\"https:\\\/\\\/interamerica.org\\\/fr\\\/2013\\\/11\\\/lors-du-premier-sommet-sur-la-fidelisation-des-membres-les-leaders-considerent-la-realite-de-lexode-que-connait-leglise\\\/#primaryimage\",\"url\":\"https:\\\/\\\/interamerica.org\\\/wp-content\\\/uploads\\\/2017\\\/06\\\/csm_summit-inside_b11c3168db.jpg\",\"contentUrl\":\"https:\\\/\\\/interamerica.org\\\/wp-content\\\/uploads\\\/2017\\\/06\\\/csm_summit-inside_b11c3168db.jpg\",\"width\":400,\"height\":267},{\"@type\":\"BreadcrumbList\",\"@id\":\"https:\\\/\\\/interamerica.org\\\/fr\\\/2013\\\/11\\\/lors-du-premier-sommet-sur-la-fidelisation-des-membres-les-leaders-considerent-la-realite-de-lexode-que-connait-leglise\\\/#breadcrumb\",\"itemListElement\":[{\"@type\":\"ListItem\",\"position\":1,\"name\":\"Home\",\"item\":\"https:\\\/\\\/interamerica.org\\\/fr\\\/\"},{\"@type\":\"ListItem\",\"position\":2,\"name\":\"Lors du premier sommet sur la fid\u00e9lisation des membres, les leaders consid\u00e8rent la r\u00e9alit\u00e9 de l\u2019exode que connait l\u2019\u00e9glise.\"}]},{\"@type\":\"WebSite\",\"@id\":\"https:\\\/\\\/interamerica.org\\\/fr\\\/#website\",\"url\":\"https:\\\/\\\/interamerica.org\\\/fr\\\/\",\"name\":\"\u00c9glise Adventiste Du Septieme Jour - Inter Am\u00e9rique Division\",\"description\":\"\",\"potentialAction\":[{\"@type\":\"SearchAction\",\"target\":{\"@type\":\"EntryPoint\",\"urlTemplate\":\"https:\\\/\\\/interamerica.org\\\/fr\\\/?s={search_term_string}\"},\"query-input\":{\"@type\":\"PropertyValueSpecification\",\"valueRequired\":true,\"valueName\":\"search_term_string\"}}],\"inLanguage\":\"fr-FR\"},{\"@type\":\"Person\",\"@id\":\"https:\\\/\\\/interamerica.org\\\/fr\\\/#\\\/schema\\\/person\\\/68ede8bdc292885bb76c1e3810e73c39\",\"name\":\"Lorenzo Verduzco\",\"image\":{\"@type\":\"ImageObject\",\"inLanguage\":\"fr-FR\",\"@id\":\"https:\\\/\\\/secure.gravatar.com\\\/avatar\\\/fb81a55b6218459490a9c1dc841a34909185b81904c5337b4b27f7a6fd60c49e?s=96&d=mm&r=g\",\"url\":\"https:\\\/\\\/secure.gravatar.com\\\/avatar\\\/fb81a55b6218459490a9c1dc841a34909185b81904c5337b4b27f7a6fd60c49e?s=96&d=mm&r=g\",\"contentUrl\":\"https:\\\/\\\/secure.gravatar.com\\\/avatar\\\/fb81a55b6218459490a9c1dc841a34909185b81904c5337b4b27f7a6fd60c49e?s=96&d=mm&r=g\",\"caption\":\"Lorenzo Verduzco\"}}]}<\/script>\n<!-- \/ Yoast SEO plugin. -->","yoast_head_json":{"title":"Lors du premier sommet sur la fid\u00e9lisation des membres, les leaders consid\u00e8rent la r\u00e9alit\u00e9 de l\u2019exode que connait l\u2019\u00e9glise. - \u00c9glise Adventiste Du Septieme Jour - Inter Am\u00e9rique Division","robots":{"index":"index","follow":"follow","max-snippet":"max-snippet:-1","max-image-preview":"max-image-preview:large","max-video-preview":"max-video-preview:-1"},"canonical":"https:\/\/interamerica.org\/fr\/2013\/11\/lors-du-premier-sommet-sur-la-fidelisation-des-membres-les-leaders-considerent-la-realite-de-lexode-que-connait-leglise\/","og_locale":"fr_FR","og_type":"article","og_title":"Lors du premier sommet sur la fid\u00e9lisation des membres, les leaders consid\u00e8rent la r\u00e9alit\u00e9 de l\u2019exode que connait l\u2019\u00e9glise. - \u00c9glise Adventiste Du Septieme Jour - Inter Am\u00e9rique Division","og_description":"Le premier sommet mondial mettant l\u2019accent sur la fid\u00e9lisation des membres de l\u2019Eglise Adventiste du Septi\u00e8me jour l\u00e8ve le voile sur le taux d\u2019abandon et les raisons pour lesquelles les membres s\u2019en vont par la porte de derri\u00e8re. C\u2019est la premi\u00e8re fois que la question est consid\u00e9r\u00e9e avec autant d\u2019ampleur, amenant les leaders de l\u2019\u00e9glise \u00e0 renouveler leur emphase sur la formation de disciples du Christ qui portent du fruit et qui croissent.","og_url":"https:\/\/interamerica.org\/fr\/2013\/11\/lors-du-premier-sommet-sur-la-fidelisation-des-membres-les-leaders-considerent-la-realite-de-lexode-que-connait-leglise\/","og_site_name":"\u00c9glise Adventiste Du Septieme Jour - Inter Am\u00e9rique Division","article_published_time":"2013-11-26T04:00:00+00:00","og_image":[{"width":400,"height":267,"url":"https:\/\/interamerica.org\/wp-content\/uploads\/2017\/06\/csm_summit-inside_b11c3168db.jpg","type":"image\/jpeg"}],"author":"Lorenzo Verduzco","twitter_card":"summary_large_image","twitter_misc":{"\u00c9crit par":"Lorenzo Verduzco","Dur\u00e9e de lecture estim\u00e9e":"6 minutes"},"schema":{"@context":"https:\/\/schema.org","@graph":[{"@type":"Article","@id":"https:\/\/interamerica.org\/fr\/2013\/11\/lors-du-premier-sommet-sur-la-fidelisation-des-membres-les-leaders-considerent-la-realite-de-lexode-que-connait-leglise\/#article","isPartOf":{"@id":"https:\/\/interamerica.org\/fr\/2013\/11\/lors-du-premier-sommet-sur-la-fidelisation-des-membres-les-leaders-considerent-la-realite-de-lexode-que-connait-leglise\/"},"author":{"name":"Lorenzo Verduzco","@id":"https:\/\/interamerica.org\/fr\/#\/schema\/person\/68ede8bdc292885bb76c1e3810e73c39"},"headline":"Lors du premier sommet sur la fid\u00e9lisation des membres, les leaders consid\u00e8rent la r\u00e9alit\u00e9 de l\u2019exode que connait l\u2019\u00e9glise.","datePublished":"2013-11-26T04:00:00+00:00","mainEntityOfPage":{"@id":"https:\/\/interamerica.org\/fr\/2013\/11\/lors-du-premier-sommet-sur-la-fidelisation-des-membres-les-leaders-considerent-la-realite-de-lexode-que-connait-leglise\/"},"wordCount":1288,"image":{"@id":"https:\/\/interamerica.org\/fr\/2013\/11\/lors-du-premier-sommet-sur-la-fidelisation-des-membres-les-leaders-considerent-la-realite-de-lexode-que-connait-leglise\/#primaryimage"},"thumbnailUrl":"https:\/\/interamerica.org\/wp-content\/uploads\/2017\/06\/csm_summit-inside_b11c3168db.jpg","articleSection":["Nouvelles de l'\u00c9glise mondiale"],"inLanguage":"fr-FR"},{"@type":"WebPage","@id":"https:\/\/interamerica.org\/fr\/2013\/11\/lors-du-premier-sommet-sur-la-fidelisation-des-membres-les-leaders-considerent-la-realite-de-lexode-que-connait-leglise\/","url":"https:\/\/interamerica.org\/fr\/2013\/11\/lors-du-premier-sommet-sur-la-fidelisation-des-membres-les-leaders-considerent-la-realite-de-lexode-que-connait-leglise\/","name":"Lors du premier sommet sur la fid\u00e9lisation des membres, les leaders consid\u00e8rent la r\u00e9alit\u00e9 de l\u2019exode que connait l\u2019\u00e9glise. - \u00c9glise Adventiste Du Septieme Jour - Inter Am\u00e9rique Division","isPartOf":{"@id":"https:\/\/interamerica.org\/fr\/#website"},"primaryImageOfPage":{"@id":"https:\/\/interamerica.org\/fr\/2013\/11\/lors-du-premier-sommet-sur-la-fidelisation-des-membres-les-leaders-considerent-la-realite-de-lexode-que-connait-leglise\/#primaryimage"},"image":{"@id":"https:\/\/interamerica.org\/fr\/2013\/11\/lors-du-premier-sommet-sur-la-fidelisation-des-membres-les-leaders-considerent-la-realite-de-lexode-que-connait-leglise\/#primaryimage"},"thumbnailUrl":"https:\/\/interamerica.org\/wp-content\/uploads\/2017\/06\/csm_summit-inside_b11c3168db.jpg","datePublished":"2013-11-26T04:00:00+00:00","author":{"@id":"https:\/\/interamerica.org\/fr\/#\/schema\/person\/68ede8bdc292885bb76c1e3810e73c39"},"breadcrumb":{"@id":"https:\/\/interamerica.org\/fr\/2013\/11\/lors-du-premier-sommet-sur-la-fidelisation-des-membres-les-leaders-considerent-la-realite-de-lexode-que-connait-leglise\/#breadcrumb"},"inLanguage":"fr-FR","potentialAction":[{"@type":"ReadAction","target":["https:\/\/interamerica.org\/fr\/2013\/11\/lors-du-premier-sommet-sur-la-fidelisation-des-membres-les-leaders-considerent-la-realite-de-lexode-que-connait-leglise\/"]}]},{"@type":"ImageObject","inLanguage":"fr-FR","@id":"https:\/\/interamerica.org\/fr\/2013\/11\/lors-du-premier-sommet-sur-la-fidelisation-des-membres-les-leaders-considerent-la-realite-de-lexode-que-connait-leglise\/#primaryimage","url":"https:\/\/interamerica.org\/wp-content\/uploads\/2017\/06\/csm_summit-inside_b11c3168db.jpg","contentUrl":"https:\/\/interamerica.org\/wp-content\/uploads\/2017\/06\/csm_summit-inside_b11c3168db.jpg","width":400,"height":267},{"@type":"BreadcrumbList","@id":"https:\/\/interamerica.org\/fr\/2013\/11\/lors-du-premier-sommet-sur-la-fidelisation-des-membres-les-leaders-considerent-la-realite-de-lexode-que-connait-leglise\/#breadcrumb","itemListElement":[{"@type":"ListItem","position":1,"name":"Home","item":"https:\/\/interamerica.org\/fr\/"},{"@type":"ListItem","position":2,"name":"Lors du premier sommet sur la fid\u00e9lisation des membres, les leaders consid\u00e8rent la r\u00e9alit\u00e9 de l\u2019exode que connait l\u2019\u00e9glise."}]},{"@type":"WebSite","@id":"https:\/\/interamerica.org\/fr\/#website","url":"https:\/\/interamerica.org\/fr\/","name":"\u00c9glise Adventiste Du Septieme Jour - Inter Am\u00e9rique Division","description":"","potentialAction":[{"@type":"SearchAction","target":{"@type":"EntryPoint","urlTemplate":"https:\/\/interamerica.org\/fr\/?s={search_term_string}"},"query-input":{"@type":"PropertyValueSpecification","valueRequired":true,"valueName":"search_term_string"}}],"inLanguage":"fr-FR"},{"@type":"Person","@id":"https:\/\/interamerica.org\/fr\/#\/schema\/person\/68ede8bdc292885bb76c1e3810e73c39","name":"Lorenzo Verduzco","image":{"@type":"ImageObject","inLanguage":"fr-FR","@id":"https:\/\/secure.gravatar.com\/avatar\/fb81a55b6218459490a9c1dc841a34909185b81904c5337b4b27f7a6fd60c49e?s=96&d=mm&r=g","url":"https:\/\/secure.gravatar.com\/avatar\/fb81a55b6218459490a9c1dc841a34909185b81904c5337b4b27f7a6fd60c49e?s=96&d=mm&r=g","contentUrl":"https:\/\/secure.gravatar.com\/avatar\/fb81a55b6218459490a9c1dc841a34909185b81904c5337b4b27f7a6fd60c49e?s=96&d=mm&r=g","caption":"Lorenzo Verduzco"}}]}},"_links":{"self":[{"href":"https:\/\/interamerica.org\/fr\/wp-json\/wp\/v2\/posts\/31830","targetHints":{"allow":["GET"]}}],"collection":[{"href":"https:\/\/interamerica.org\/fr\/wp-json\/wp\/v2\/posts"}],"about":[{"href":"https:\/\/interamerica.org\/fr\/wp-json\/wp\/v2\/types\/post"}],"author":[{"embeddable":true,"href":"https:\/\/interamerica.org\/fr\/wp-json\/wp\/v2\/users\/1"}],"replies":[{"embeddable":true,"href":"https:\/\/interamerica.org\/fr\/wp-json\/wp\/v2\/comments?post=31830"}],"version-history":[{"count":0,"href":"https:\/\/interamerica.org\/fr\/wp-json\/wp\/v2\/posts\/31830\/revisions"}],"wp:featuredmedia":[{"embeddable":true,"href":"https:\/\/interamerica.org\/fr\/wp-json\/wp\/v2\/media\/22338"}],"wp:attachment":[{"href":"https:\/\/interamerica.org\/fr\/wp-json\/wp\/v2\/media?parent=31830"}],"wp:term":[{"taxonomy":"category","embeddable":true,"href":"https:\/\/interamerica.org\/fr\/wp-json\/wp\/v2\/categories?post=31830"},{"taxonomy":"post_tag","embeddable":true,"href":"https:\/\/interamerica.org\/fr\/wp-json\/wp\/v2\/tags?post=31830"}],"curies":[{"name":"wp","href":"https:\/\/api.w.org\/{rel}","templated":true}]}}