{"id":31832,"date":"2013-12-05T00:00:00","date_gmt":"2013-12-05T04:00:00","guid":{"rendered":"http:\/\/192.81.217.108\/interamerica\/2013\/12\/la-grande-finale-du-concours-biblique-de-linter-amerique-doit-bientot-debuter-a-cuba\/"},"modified":"2013-12-05T00:00:00","modified_gmt":"2013-12-05T04:00:00","slug":"la-grande-finale-du-concours-biblique-de-linter-amerique-doit-bientot-debuter-a-cuba","status":"publish","type":"post","link":"https:\/\/interamerica.org\/fr\/2013\/12\/la-grande-finale-du-concours-biblique-de-linter-amerique-doit-bientot-debuter-a-cuba\/","title":{"rendered":"La grande finale du concours biblique de l\u2019Inter Am\u00e9rique doit bient\u00f4t d\u00e9buter \u00e0 Cuba"},"content":{"rendered":"<p><a href=\"\/interamerica\/wp-content\/uploads\/2017\/06\/BB-FRE.png\" rel=\"fancybox\" title=\"La grande finale du concours biblique de l\u2019Inter Am\u00e9rique doit bient\u00f4t d\u00e9buter \u00e0 Cuba\"><img fetchpriority=\"high\" decoding=\"async\" class=\"aligncenter size-full wp-image-10075\" title=\"BB-FRE\" src=\"\/interamerica\/wp-content\/uploads\/2017\/06\/BB-FRE.png\" alt=\"\" width=\"568\" height=\"219\" \/><\/a>4 D\u00e9cembre 2013 \u2013 Miami, Floride, Etats Unis\u2026Libna Stevens\/DIA<\/p>\n<p>Les finalistes du Boom Biblique de l\u2019Inter Am\u00e9rique s\u2019affronteront lors de la finale de cette ann\u00e9e \u00e0 La Havane \u00e0 Cuba le sabbat 7 d\u00e9cembre 2013.<\/p>\n<p>Les finalistes repr\u00e9sentant les 22 unions de l\u2019Eglise Adventiste du Septi\u00e8me jour de la Division Inter Am\u00e9ricaine (DIA) testeront leur connaissance sur 10 livres de la Bible, d\u2019Eph\u00e9siens \u00e0 H\u00e9breux.<\/p>\n<p>Le Boom Biblique de cette ann\u00e9e marque le 10\u00e8me concours de ce type sur l\u2019ensemble du territoire. C\u2019est aussi une occasion historique, d\u2019apr\u00e8s les leaders de l\u2019\u00e9glise qui indiquent qu\u2019ils ont vu des milliers de jeunes croitre spirituellement suite \u00e0 ce concours.<\/p>\n<p>\u00ab C\u2019est un r\u00eave que de pouvoir amener ce programme du minist\u00e8re de la jeunesse \u00e0 Cuba au cours de ce quinquennat [p\u00e9riode de cinq ans], \u00bb a d\u00e9clar\u00e9 pasteur Benjamin Carballo, directeur des minist\u00e8res de la jeunesse pour l\u2019Eglise Adventiste en Inter Am\u00e9rique. \u00ab Nous sommes vraiment enthousiasm\u00e9s de savoir que ce programme apportera de la joie et inspirera l\u2019envie de lire la Bible aux jeunes finalistes ainsi qu\u2019aux jeunes dans tout Cuba, et nous sommes heureux de faire partie de ce programme historique. \u00bb<\/p>\n<p>Les vainqueurs r\u00e9gionaux au niveau des 22 unions de la DIA :<\/p>\n<p><strong>Union Carib\u00e9enne Atlantique:<\/strong> Patrick Brown<br \/>\n<strong>Union du Belize:<\/strong> Leera Carr<br \/>\n<strong>Union Carib\u00e9enne:<\/strong> Shannon Leacock<br \/>\n<strong>Union du Centre du Mexique:<\/strong> Eliasib Mojica Jaimes<br \/>\n<strong>Union Mexicaine du Chiapas:<\/strong> Natali Ortiz<br \/>\n<strong>Union Cubaine:<\/strong> Amelia Garcia<br \/>\n<strong>Union Dominicaine:<\/strong> Leonel Salas<br \/>\n<strong>Union de l\u2019Est du Venezuela:<\/strong> Marlin Bandres<br \/>\n<strong>Union du Salvador:<\/strong> Diego Ramirez<br \/>\n<strong>Union des Antilles et Guyane Fran\u00e7aises:<\/strong> Josua Favel<br \/>\n<strong>Union du Guatemala :<\/strong> Servio Perez<br \/>\n<strong>Union Ha\u00eftienne:<\/strong> Tisma Jempsy Juguerson<br \/>\n<strong>Union du Honduras:<\/strong> Anayansi Soriano<br \/>\n<strong>Union Mexicaine Inter-Oc\u00e9anique:<\/strong> Aura Kantun<br \/>\n<strong>Union Jama\u00efcaine:<\/strong> Bryan O\u2019Garth<br \/>\n<strong>Union du Nord de la Colombie:<\/strong> Cristian Cardozo<br \/>\n<strong>Union Nord Mexicaine:<\/strong> Pedro Coronado<br \/>\n<strong>Union Portoricaine:<\/strong> Johana Rodriguez<br \/>\n<strong>Union du Sud Centram\u00e9ricain:<\/strong> Luis De Jesus Cruz<br \/>\n<strong>Union du Sud de la Colombie:<\/strong> Mauricio Casallas<br \/>\n<strong>Union Mexicaine du Sud Est:<\/strong>Denis Ortiz<br \/>\n<strong>Union du Venezuela-Antilles :<\/strong> Thairubys Contreras<\/p>\n<p>Les membres d\u2019\u00e9glise se r\u00e9uniront pour voir les finalistes r\u00e9pondre \u00e0 une s\u00e9rie de questions tout au long du programme de deux heures. Cette ann\u00e9e, le programme ne sera pas retransmis en ligne.<\/p>\n<p>Pour des informations mises \u00e0 jour, visitez nous sur le site <a href=\"https:\/\/recursing-golick.147-182-135-0.plesk.page\">interamerica.org<\/a><\/p>\n<p>Traduction: Patrick Luciathe<\/p>\n","protected":false},"excerpt":{"rendered":"<p>Les finalistes repr\u00e9sentant les 22 unions de l\u2019Eglise Adventiste du Septi\u00e8me jour de la Division Inter Am\u00e9ricaine (DIA) testeront leur connaissance sur 10 livres de la Bible, d\u2019Eph\u00e9siens \u00e0 H\u00e9breux.<\/p>\n","protected":false},"author":1,"featured_media":31833,"comment_status":"closed","ping_status":"closed","sticky":false,"template":"","format":"standard","meta":{"_acf_changed":false,"footnotes":""},"categories":[20],"tags":[],"class_list":["post-31832","post","type-post","status-publish","format-standard","has-post-thumbnail","hentry","category-nouvelles-du-siege-de-la-division"],"acf":[],"yoast_head":"<!-- This site is optimized with the Yoast SEO plugin v27.3 - https:\/\/yoast.com\/product\/yoast-seo-wordpress\/ -->\n<title>La grande finale du concours biblique de l\u2019Inter Am\u00e9rique doit bient\u00f4t d\u00e9buter \u00e0 Cuba - \u00c9glise Adventiste Du Septieme Jour - Inter Am\u00e9rique Division<\/title>\n<meta name=\"robots\" content=\"index, follow, max-snippet:-1, max-image-preview:large, max-video-preview:-1\" \/>\n<link rel=\"canonical\" href=\"https:\/\/interamerica.org\/fr\/2013\/12\/la-grande-finale-du-concours-biblique-de-linter-amerique-doit-bientot-debuter-a-cuba\/\" \/>\n<meta property=\"og:locale\" content=\"fr_FR\" \/>\n<meta property=\"og:type\" content=\"article\" \/>\n<meta property=\"og:title\" content=\"La grande finale du concours biblique de l\u2019Inter Am\u00e9rique doit bient\u00f4t d\u00e9buter \u00e0 Cuba - \u00c9glise Adventiste Du Septieme Jour - Inter Am\u00e9rique Division\" \/>\n<meta property=\"og:description\" content=\"Les finalistes repr\u00e9sentant les 22 unions de l\u2019Eglise Adventiste du Septi\u00e8me jour de la Division Inter Am\u00e9ricaine (DIA) testeront leur connaissance sur 10 livres de la Bible, d\u2019Eph\u00e9siens \u00e0 H\u00e9breux.\" \/>\n<meta property=\"og:url\" content=\"https:\/\/interamerica.org\/fr\/2013\/12\/la-grande-finale-du-concours-biblique-de-linter-amerique-doit-bientot-debuter-a-cuba\/\" \/>\n<meta property=\"og:site_name\" content=\"\u00c9glise Adventiste Du Septieme Jour - Inter Am\u00e9rique Division\" \/>\n<meta property=\"article:published_time\" content=\"2013-12-05T04:00:00+00:00\" \/>\n<meta property=\"og:image\" content=\"https:\/\/interamerica.org\/wp-content\/uploads\/2017\/06\/B-Biblique.png\" \/>\n\t<meta property=\"og:image:width\" content=\"315\" \/>\n\t<meta property=\"og:image:height\" content=\"181\" \/>\n\t<meta property=\"og:image:type\" content=\"image\/png\" \/>\n<meta name=\"author\" content=\"Lorenzo Verduzco\" \/>\n<meta name=\"twitter:card\" content=\"summary_large_image\" \/>\n<meta name=\"twitter:label1\" content=\"\u00c9crit par\" \/>\n\t<meta name=\"twitter:data1\" content=\"Lorenzo Verduzco\" \/>\n\t<meta name=\"twitter:label2\" content=\"Dur\u00e9e de lecture estim\u00e9e\" \/>\n\t<meta name=\"twitter:data2\" content=\"2 minutes\" \/>\n<script type=\"application\/ld+json\" class=\"yoast-schema-graph\">{\"@context\":\"https:\\\/\\\/schema.org\",\"@graph\":[{\"@type\":\"Article\",\"@id\":\"https:\\\/\\\/interamerica.org\\\/fr\\\/2013\\\/12\\\/la-grande-finale-du-concours-biblique-de-linter-amerique-doit-bientot-debuter-a-cuba\\\/#article\",\"isPartOf\":{\"@id\":\"https:\\\/\\\/interamerica.org\\\/fr\\\/2013\\\/12\\\/la-grande-finale-du-concours-biblique-de-linter-amerique-doit-bientot-debuter-a-cuba\\\/\"},\"author\":{\"name\":\"Lorenzo Verduzco\",\"@id\":\"https:\\\/\\\/interamerica.org\\\/fr\\\/#\\\/schema\\\/person\\\/68ede8bdc292885bb76c1e3810e73c39\"},\"headline\":\"La grande finale du concours biblique de l\u2019Inter Am\u00e9rique doit bient\u00f4t d\u00e9buter \u00e0 Cuba\",\"datePublished\":\"2013-12-05T04:00:00+00:00\",\"mainEntityOfPage\":{\"@id\":\"https:\\\/\\\/interamerica.org\\\/fr\\\/2013\\\/12\\\/la-grande-finale-du-concours-biblique-de-linter-amerique-doit-bientot-debuter-a-cuba\\\/\"},\"wordCount\":424,\"image\":{\"@id\":\"https:\\\/\\\/interamerica.org\\\/fr\\\/2013\\\/12\\\/la-grande-finale-du-concours-biblique-de-linter-amerique-doit-bientot-debuter-a-cuba\\\/#primaryimage\"},\"thumbnailUrl\":\"https:\\\/\\\/interamerica.org\\\/wp-content\\\/uploads\\\/2017\\\/06\\\/B-Biblique.png\",\"articleSection\":[\"Nouvelles du si\u00e8ge de la division\"],\"inLanguage\":\"fr-FR\"},{\"@type\":\"WebPage\",\"@id\":\"https:\\\/\\\/interamerica.org\\\/fr\\\/2013\\\/12\\\/la-grande-finale-du-concours-biblique-de-linter-amerique-doit-bientot-debuter-a-cuba\\\/\",\"url\":\"https:\\\/\\\/interamerica.org\\\/fr\\\/2013\\\/12\\\/la-grande-finale-du-concours-biblique-de-linter-amerique-doit-bientot-debuter-a-cuba\\\/\",\"name\":\"La grande finale du concours biblique de l\u2019Inter Am\u00e9rique doit bient\u00f4t d\u00e9buter \u00e0 Cuba - \u00c9glise Adventiste Du Septieme Jour - Inter Am\u00e9rique Division\",\"isPartOf\":{\"@id\":\"https:\\\/\\\/interamerica.org\\\/fr\\\/#website\"},\"primaryImageOfPage\":{\"@id\":\"https:\\\/\\\/interamerica.org\\\/fr\\\/2013\\\/12\\\/la-grande-finale-du-concours-biblique-de-linter-amerique-doit-bientot-debuter-a-cuba\\\/#primaryimage\"},\"image\":{\"@id\":\"https:\\\/\\\/interamerica.org\\\/fr\\\/2013\\\/12\\\/la-grande-finale-du-concours-biblique-de-linter-amerique-doit-bientot-debuter-a-cuba\\\/#primaryimage\"},\"thumbnailUrl\":\"https:\\\/\\\/interamerica.org\\\/wp-content\\\/uploads\\\/2017\\\/06\\\/B-Biblique.png\",\"datePublished\":\"2013-12-05T04:00:00+00:00\",\"author\":{\"@id\":\"https:\\\/\\\/interamerica.org\\\/fr\\\/#\\\/schema\\\/person\\\/68ede8bdc292885bb76c1e3810e73c39\"},\"breadcrumb\":{\"@id\":\"https:\\\/\\\/interamerica.org\\\/fr\\\/2013\\\/12\\\/la-grande-finale-du-concours-biblique-de-linter-amerique-doit-bientot-debuter-a-cuba\\\/#breadcrumb\"},\"inLanguage\":\"fr-FR\",\"potentialAction\":[{\"@type\":\"ReadAction\",\"target\":[\"https:\\\/\\\/interamerica.org\\\/fr\\\/2013\\\/12\\\/la-grande-finale-du-concours-biblique-de-linter-amerique-doit-bientot-debuter-a-cuba\\\/\"]}]},{\"@type\":\"ImageObject\",\"inLanguage\":\"fr-FR\",\"@id\":\"https:\\\/\\\/interamerica.org\\\/fr\\\/2013\\\/12\\\/la-grande-finale-du-concours-biblique-de-linter-amerique-doit-bientot-debuter-a-cuba\\\/#primaryimage\",\"url\":\"https:\\\/\\\/interamerica.org\\\/wp-content\\\/uploads\\\/2017\\\/06\\\/B-Biblique.png\",\"contentUrl\":\"https:\\\/\\\/interamerica.org\\\/wp-content\\\/uploads\\\/2017\\\/06\\\/B-Biblique.png\",\"width\":315,\"height\":181},{\"@type\":\"BreadcrumbList\",\"@id\":\"https:\\\/\\\/interamerica.org\\\/fr\\\/2013\\\/12\\\/la-grande-finale-du-concours-biblique-de-linter-amerique-doit-bientot-debuter-a-cuba\\\/#breadcrumb\",\"itemListElement\":[{\"@type\":\"ListItem\",\"position\":1,\"name\":\"Home\",\"item\":\"https:\\\/\\\/interamerica.org\\\/fr\\\/\"},{\"@type\":\"ListItem\",\"position\":2,\"name\":\"La grande finale du concours biblique de l\u2019Inter Am\u00e9rique doit bient\u00f4t d\u00e9buter \u00e0 Cuba\"}]},{\"@type\":\"WebSite\",\"@id\":\"https:\\\/\\\/interamerica.org\\\/fr\\\/#website\",\"url\":\"https:\\\/\\\/interamerica.org\\\/fr\\\/\",\"name\":\"\u00c9glise Adventiste Du Septieme Jour - Inter Am\u00e9rique Division\",\"description\":\"\",\"potentialAction\":[{\"@type\":\"SearchAction\",\"target\":{\"@type\":\"EntryPoint\",\"urlTemplate\":\"https:\\\/\\\/interamerica.org\\\/fr\\\/?s={search_term_string}\"},\"query-input\":{\"@type\":\"PropertyValueSpecification\",\"valueRequired\":true,\"valueName\":\"search_term_string\"}}],\"inLanguage\":\"fr-FR\"},{\"@type\":\"Person\",\"@id\":\"https:\\\/\\\/interamerica.org\\\/fr\\\/#\\\/schema\\\/person\\\/68ede8bdc292885bb76c1e3810e73c39\",\"name\":\"Lorenzo Verduzco\",\"image\":{\"@type\":\"ImageObject\",\"inLanguage\":\"fr-FR\",\"@id\":\"https:\\\/\\\/secure.gravatar.com\\\/avatar\\\/fb81a55b6218459490a9c1dc841a34909185b81904c5337b4b27f7a6fd60c49e?s=96&d=mm&r=g\",\"url\":\"https:\\\/\\\/secure.gravatar.com\\\/avatar\\\/fb81a55b6218459490a9c1dc841a34909185b81904c5337b4b27f7a6fd60c49e?s=96&d=mm&r=g\",\"contentUrl\":\"https:\\\/\\\/secure.gravatar.com\\\/avatar\\\/fb81a55b6218459490a9c1dc841a34909185b81904c5337b4b27f7a6fd60c49e?s=96&d=mm&r=g\",\"caption\":\"Lorenzo Verduzco\"}}]}<\/script>\n<!-- \/ Yoast SEO plugin. -->","yoast_head_json":{"title":"La grande finale du concours biblique de l\u2019Inter Am\u00e9rique doit bient\u00f4t d\u00e9buter \u00e0 Cuba - \u00c9glise Adventiste Du Septieme Jour - Inter Am\u00e9rique Division","robots":{"index":"index","follow":"follow","max-snippet":"max-snippet:-1","max-image-preview":"max-image-preview:large","max-video-preview":"max-video-preview:-1"},"canonical":"https:\/\/interamerica.org\/fr\/2013\/12\/la-grande-finale-du-concours-biblique-de-linter-amerique-doit-bientot-debuter-a-cuba\/","og_locale":"fr_FR","og_type":"article","og_title":"La grande finale du concours biblique de l\u2019Inter Am\u00e9rique doit bient\u00f4t d\u00e9buter \u00e0 Cuba - \u00c9glise Adventiste Du Septieme Jour - Inter Am\u00e9rique Division","og_description":"Les finalistes repr\u00e9sentant les 22 unions de l\u2019Eglise Adventiste du Septi\u00e8me jour de la Division Inter Am\u00e9ricaine (DIA) testeront leur connaissance sur 10 livres de la Bible, d\u2019Eph\u00e9siens \u00e0 H\u00e9breux.","og_url":"https:\/\/interamerica.org\/fr\/2013\/12\/la-grande-finale-du-concours-biblique-de-linter-amerique-doit-bientot-debuter-a-cuba\/","og_site_name":"\u00c9glise Adventiste Du Septieme Jour - Inter Am\u00e9rique Division","article_published_time":"2013-12-05T04:00:00+00:00","og_image":[{"width":315,"height":181,"url":"https:\/\/interamerica.org\/wp-content\/uploads\/2017\/06\/B-Biblique.png","type":"image\/png"}],"author":"Lorenzo Verduzco","twitter_card":"summary_large_image","twitter_misc":{"\u00c9crit par":"Lorenzo Verduzco","Dur\u00e9e de lecture estim\u00e9e":"2 minutes"},"schema":{"@context":"https:\/\/schema.org","@graph":[{"@type":"Article","@id":"https:\/\/interamerica.org\/fr\/2013\/12\/la-grande-finale-du-concours-biblique-de-linter-amerique-doit-bientot-debuter-a-cuba\/#article","isPartOf":{"@id":"https:\/\/interamerica.org\/fr\/2013\/12\/la-grande-finale-du-concours-biblique-de-linter-amerique-doit-bientot-debuter-a-cuba\/"},"author":{"name":"Lorenzo Verduzco","@id":"https:\/\/interamerica.org\/fr\/#\/schema\/person\/68ede8bdc292885bb76c1e3810e73c39"},"headline":"La grande finale du concours biblique de l\u2019Inter Am\u00e9rique doit bient\u00f4t d\u00e9buter \u00e0 Cuba","datePublished":"2013-12-05T04:00:00+00:00","mainEntityOfPage":{"@id":"https:\/\/interamerica.org\/fr\/2013\/12\/la-grande-finale-du-concours-biblique-de-linter-amerique-doit-bientot-debuter-a-cuba\/"},"wordCount":424,"image":{"@id":"https:\/\/interamerica.org\/fr\/2013\/12\/la-grande-finale-du-concours-biblique-de-linter-amerique-doit-bientot-debuter-a-cuba\/#primaryimage"},"thumbnailUrl":"https:\/\/interamerica.org\/wp-content\/uploads\/2017\/06\/B-Biblique.png","articleSection":["Nouvelles du si\u00e8ge de la division"],"inLanguage":"fr-FR"},{"@type":"WebPage","@id":"https:\/\/interamerica.org\/fr\/2013\/12\/la-grande-finale-du-concours-biblique-de-linter-amerique-doit-bientot-debuter-a-cuba\/","url":"https:\/\/interamerica.org\/fr\/2013\/12\/la-grande-finale-du-concours-biblique-de-linter-amerique-doit-bientot-debuter-a-cuba\/","name":"La grande finale du concours biblique de l\u2019Inter Am\u00e9rique doit bient\u00f4t d\u00e9buter \u00e0 Cuba - \u00c9glise Adventiste Du Septieme Jour - Inter Am\u00e9rique Division","isPartOf":{"@id":"https:\/\/interamerica.org\/fr\/#website"},"primaryImageOfPage":{"@id":"https:\/\/interamerica.org\/fr\/2013\/12\/la-grande-finale-du-concours-biblique-de-linter-amerique-doit-bientot-debuter-a-cuba\/#primaryimage"},"image":{"@id":"https:\/\/interamerica.org\/fr\/2013\/12\/la-grande-finale-du-concours-biblique-de-linter-amerique-doit-bientot-debuter-a-cuba\/#primaryimage"},"thumbnailUrl":"https:\/\/interamerica.org\/wp-content\/uploads\/2017\/06\/B-Biblique.png","datePublished":"2013-12-05T04:00:00+00:00","author":{"@id":"https:\/\/interamerica.org\/fr\/#\/schema\/person\/68ede8bdc292885bb76c1e3810e73c39"},"breadcrumb":{"@id":"https:\/\/interamerica.org\/fr\/2013\/12\/la-grande-finale-du-concours-biblique-de-linter-amerique-doit-bientot-debuter-a-cuba\/#breadcrumb"},"inLanguage":"fr-FR","potentialAction":[{"@type":"ReadAction","target":["https:\/\/interamerica.org\/fr\/2013\/12\/la-grande-finale-du-concours-biblique-de-linter-amerique-doit-bientot-debuter-a-cuba\/"]}]},{"@type":"ImageObject","inLanguage":"fr-FR","@id":"https:\/\/interamerica.org\/fr\/2013\/12\/la-grande-finale-du-concours-biblique-de-linter-amerique-doit-bientot-debuter-a-cuba\/#primaryimage","url":"https:\/\/interamerica.org\/wp-content\/uploads\/2017\/06\/B-Biblique.png","contentUrl":"https:\/\/interamerica.org\/wp-content\/uploads\/2017\/06\/B-Biblique.png","width":315,"height":181},{"@type":"BreadcrumbList","@id":"https:\/\/interamerica.org\/fr\/2013\/12\/la-grande-finale-du-concours-biblique-de-linter-amerique-doit-bientot-debuter-a-cuba\/#breadcrumb","itemListElement":[{"@type":"ListItem","position":1,"name":"Home","item":"https:\/\/interamerica.org\/fr\/"},{"@type":"ListItem","position":2,"name":"La grande finale du concours biblique de l\u2019Inter Am\u00e9rique doit bient\u00f4t d\u00e9buter \u00e0 Cuba"}]},{"@type":"WebSite","@id":"https:\/\/interamerica.org\/fr\/#website","url":"https:\/\/interamerica.org\/fr\/","name":"\u00c9glise Adventiste Du Septieme Jour - Inter Am\u00e9rique Division","description":"","potentialAction":[{"@type":"SearchAction","target":{"@type":"EntryPoint","urlTemplate":"https:\/\/interamerica.org\/fr\/?s={search_term_string}"},"query-input":{"@type":"PropertyValueSpecification","valueRequired":true,"valueName":"search_term_string"}}],"inLanguage":"fr-FR"},{"@type":"Person","@id":"https:\/\/interamerica.org\/fr\/#\/schema\/person\/68ede8bdc292885bb76c1e3810e73c39","name":"Lorenzo Verduzco","image":{"@type":"ImageObject","inLanguage":"fr-FR","@id":"https:\/\/secure.gravatar.com\/avatar\/fb81a55b6218459490a9c1dc841a34909185b81904c5337b4b27f7a6fd60c49e?s=96&d=mm&r=g","url":"https:\/\/secure.gravatar.com\/avatar\/fb81a55b6218459490a9c1dc841a34909185b81904c5337b4b27f7a6fd60c49e?s=96&d=mm&r=g","contentUrl":"https:\/\/secure.gravatar.com\/avatar\/fb81a55b6218459490a9c1dc841a34909185b81904c5337b4b27f7a6fd60c49e?s=96&d=mm&r=g","caption":"Lorenzo Verduzco"}}]}},"_links":{"self":[{"href":"https:\/\/interamerica.org\/fr\/wp-json\/wp\/v2\/posts\/31832","targetHints":{"allow":["GET"]}}],"collection":[{"href":"https:\/\/interamerica.org\/fr\/wp-json\/wp\/v2\/posts"}],"about":[{"href":"https:\/\/interamerica.org\/fr\/wp-json\/wp\/v2\/types\/post"}],"author":[{"embeddable":true,"href":"https:\/\/interamerica.org\/fr\/wp-json\/wp\/v2\/users\/1"}],"replies":[{"embeddable":true,"href":"https:\/\/interamerica.org\/fr\/wp-json\/wp\/v2\/comments?post=31832"}],"version-history":[{"count":0,"href":"https:\/\/interamerica.org\/fr\/wp-json\/wp\/v2\/posts\/31832\/revisions"}],"wp:featuredmedia":[{"embeddable":true,"href":"https:\/\/interamerica.org\/fr\/wp-json\/wp\/v2\/media\/31833"}],"wp:attachment":[{"href":"https:\/\/interamerica.org\/fr\/wp-json\/wp\/v2\/media?parent=31832"}],"wp:term":[{"taxonomy":"category","embeddable":true,"href":"https:\/\/interamerica.org\/fr\/wp-json\/wp\/v2\/categories?post=31832"},{"taxonomy":"post_tag","embeddable":true,"href":"https:\/\/interamerica.org\/fr\/wp-json\/wp\/v2\/tags?post=31832"}],"curies":[{"name":"wp","href":"https:\/\/api.w.org\/{rel}","templated":true}]}}