{"id":31840,"date":"2013-12-13T00:00:00","date_gmt":"2013-12-13T04:00:00","guid":{"rendered":"http:\/\/192.81.217.108\/interamerica\/2013\/12\/leglise-adventiste-prend-le-parti-dune-femme-musulmane-dans-un-cas-de-liberte-religieuse-sur-le-lieu-de-travail\/"},"modified":"2013-12-13T00:00:00","modified_gmt":"2013-12-13T04:00:00","slug":"leglise-adventiste-prend-le-parti-dune-femme-musulmane-dans-un-cas-de-liberte-religieuse-sur-le-lieu-de-travail","status":"publish","type":"post","link":"https:\/\/interamerica.org\/fr\/2013\/12\/leglise-adventiste-prend-le-parti-dune-femme-musulmane-dans-un-cas-de-liberte-religieuse-sur-le-lieu-de-travail\/","title":{"rendered":"L\u2019Eglise Adventiste prend le parti d\u2019une femme musulmane dans un cas de libert\u00e9 religieuse sur le lieu de travail"},"content":{"rendered":"<p>12 d\u00e9cembre 2013. Silver Spring, Maryland, \u00c9tats Unis &#8230; Elizabeth Lechleitner\/ANN<\/p>\n<p>L&rsquo;Eglise Adventiste du Septi\u00e8me jour a d\u00e9pos\u00e9 un \u00ab amicus curiae \u00bb, ou un \u00ab document judiciaire amical et informatif \u00bb en soutien \u00e0 une femme am\u00e9ricaine qui d\u00e9clare s\u2019\u00eatre vue refuser un emploi parce que le fait qu\u2019elle ait la t\u00eate couverte \u00e9tait une violation du r\u00e8glement de l\u2019entreprise.<\/p>\n<div id=\"attachment_10110\" style=\"width: 310px\" class=\"wp-caption alignright\"><a href=\"\/interamerica\/wp-content\/uploads\/2017\/06\/csm_ab-2-web_e719648fb2.jpg\" rel=\"fancybox\" title=\"L\u2019Eglise Adventiste prend le parti d\u2019une femme musulmane dans un cas de libert\u00e9 religieuse sur le lieu de travail\"><img fetchpriority=\"high\" decoding=\"async\" aria-describedby=\"caption-attachment-10110\" class=\"size-medium wp-image-10110\" src=\"\/interamerica\/wp-content\/uploads\/2017\/06\/csm_ab-2-web_e719648fb2-300x249.jpg\" alt=\"\" width=\"300\" height=\"249\" \/><\/a><p id=\"caption-attachment-10110\" class=\"wp-caption-text\">Les adventistes soutiennent une femme musulmane dans une affaire de libert\u00e9 religieuse sur le lieu de travail qui oppose la Commission Am\u00e9ricaine pour l&rsquo;Egalit\u00e9 dans les Opportunit\u00e9s d&rsquo;Emploi (EEOC) au magasin Abercrombie &amp; Fitch. Ci-dessus, un magasin situ\u00e9 \u00e0 Columbia dans le Maryland. Image d&rsquo;ANN.<\/p><\/div>\n<p>En 2008, Samantha Elauf portait un voile islamique au moment o\u00f9 elle d\u00e9posait une demande d&#8217;emploi en tant que vendeuse dans un magasin Abercrombie &amp; Fitch \u00e0 Tulsa dans l&rsquo;Oklahoma aux \u00c9tats Unis. Apr\u00e8s qu&rsquo;un manager lui ait signifi\u00e9 que son voile n&rsquo;\u00e9tait pas compatible avec les r\u00e8glements du magasin, elle a \u00e9t\u00e9 consid\u00e9r\u00e9e comme in\u00e9ligible pour le poste sans discussion au sujet d&rsquo;arrangements possibles par rapport \u00e0 sa religion.<\/p>\n<p>La Commission Am\u00e9ricaine pour l&rsquo;Egalit\u00e9 dans les Opportunit\u00e9s d&rsquo;Emploi, qui a fait un proc\u00e8s au nom de Samantha Elauf, dit que la d\u00e9cision remet en cause le Paragraphe VII de l&rsquo;Acte des Droits Civils. Ce texte oblige l&#8217;employeur \u00e0 prendre des mesures pour \u00ab\u00a0accommoder de fa\u00e7on raisonnable,\u00a0\u00bb \u00ab\u00a0la pratique ou l&rsquo;observation religieuse d&rsquo;un employ\u00e9 potentiel.\u00a0\u00bb<\/p>\n<p>Bien qu&rsquo;un juge f\u00e9d\u00e9ral ait donn\u00e9 raison \u00e0 l&rsquo;EEOC en 2011, une r\u00e9cente d\u00e9cision de justice du 10\u00e8me Circuit am\u00e9ricain de Cours d&rsquo;Appel renverse cette d\u00e9cision, faisant valoir que Samantha Elauf n&rsquo;a jamais indiqu\u00e9 \u00e0 Abercrombie qu&rsquo;elle avait besoin d&rsquo;arrangements par rapport \u00e0 sa religion, m\u00eame si elle portait un voile au moment de l&rsquo;entretien.<\/p>\n<p>Ceci, disent les conseillers juridiques adventistes, place une responsabilit\u00e9 indue sur le demandeur d&#8217;emploi qui doit alors d\u00e9terminer si ses croyances ou pratiques religieuses entrent en conflit avec le r\u00e8glement de l&rsquo;entreprise.<\/p>\n<p>Placer la responsabilit\u00e9 de d\u00e9terminer [les conflits potentiels] sur l&#8217;employeur est non seulement ce que dit la l\u00e9gislation en vigueur, mais c&rsquo;est logique parce que l&#8217;employeur est dans une position id\u00e9ale pour conna\u00eetre les r\u00e8glements pour le travail et ainsi anticiper un conflit, \u00bb est-il indiqu\u00e9 dans l\u2019amicus, le document d\u00e9pos\u00e9 au tribunal par l\u2019\u00e9glise.<\/p>\n<p>Dwayne Leslie, directeur des Affaires L\u00e9gales pour l\u2019Eglise Adventiste mondiale a d\u00e9clar\u00e9 que la d\u00e9cision du 10\u00e8me Circuit de Cours d\u2019Appel cr\u00e9e un pr\u00e9c\u00e9dent pr\u00e9occupant.<\/p>\n<p>Avec les nouveaux crit\u00e8res en vigueur dans le 10\u00e8me Circuit, les employeurs pourraient s\u2019affranchir du devoir d\u2019accommoder le demandeur d\u2019emploi, en ignorant volontairement [les besoins religieux des employ\u00e9s], \u00bb a \u00e9crit Dwayne Leslie dans une lettre d\u2019opinion dat\u00e9e du 12 d\u00e9cembre et publi\u00e9e dans le Huffington Post.<\/p>\n<p>Les v\u00eatements religieux et l\u2019observation du sabbat et d\u2019autres jours saints constituent les domaines de conflit les plus fr\u00e9quents sur le lieu de travail, ont indiqu\u00e9 les experts juridiques de l\u2019\u00e9glise. Le voile islamique, les turbans, les kippas et autres coiffes religieuses entrent souvent en conflit avec le r\u00e8glement sur le \u00ab look \u00bb \u00e9tabli par l\u2019entreprise, alors que l\u2019observation du sabbat peut provoquer un conflit en terme d\u2019emploi du temps.<\/p>\n<p>C\u2019est une pr\u00e9occupation en particulier parce que le nombre de demandes faites en ligne augmente, explique Todd McFarland, un conseiller juridique adjoint pour le Bureau de Conseil Juridique de l\u2019Eglise Adventiste mondiale.<\/p>\n<p>De tels formulaires de demande d\u2019emploi en g\u00e9n\u00e9ral requi\u00e8rent que le demandeur d\u2019emploi indique ses restrictions en termes d\u2019emploi du temps, mais ne donnent pas l\u2019opportunit\u00e9 d\u2019expliquer pourquoi. Quand les demandeurs d\u2019emploi pr\u00e9cisent leurs restrictions en mati\u00e8re d\u2019emploi du temps, ils sont automatiquement \u00e9limin\u00e9s.<\/p>\n<p>\u00ab Cette [d\u00e9cision de justice] pourrait avoir un impact significatif non seulement sur les musulmans dans les cas similaires de \u00ab tenue et d\u2019apparence, \u00bb mais sur toutes les personnes appartenant \u00e0 un groupe religieux, a indiqu\u00e9 Todd McFarland.<\/p>\n<p>\u00ab Toute attaque touchant les droits religieux sur le lieu de travail visant n\u2019importe quel groupe religieux est aussi une attaque sur l\u2019Eglise Adventiste, ses membres et la possibilit\u00e9 pour eux de garder \u00e0 la fois leur emploi et leur foi, \u00bb a t-il dit.<\/p>\n<p>Se sont joints \u00e0 cette d\u00e9marche aux cot\u00e9s de L\u2019Eglise Adventiste, l\u2019Association Nationale des Evang\u00e9liques, la Soci\u00e9t\u00e9 L\u00e9gale Chr\u00e9tienne, la Fondation de l\u2019Union des Libert\u00e9s Civiles, Le Comit\u00e9 Baptiste pour la Libert\u00e9 Religieuse, le Comit\u00e9 Juif Am\u00e9ricain et la Coalition Sikh. Le document conjoint d\u00e9pos\u00e9 au tribunal soutient la p\u00e9tition de Samantha Elauf et de l\u2019EEOC pour qu\u2019il y ait une audience \u00ab en banc \u00bb c\u2019est \u00e0 dire devant l\u2019ensemble des juges, plut\u00f4t que devant un panel s\u00e9lectionn\u00e9.<\/p>\n<p>\u00ab Il y a sur ce sujet une vraie pr\u00e9occupation qui d\u00e9passe la communaut\u00e9 Musulmane, en effet, l\u2019affaiblissement du Paragraphe VII deviendra une r\u00e9alit\u00e9 si cette d\u00e9cision devait \u00eatre confirm\u00e9e, \u00bb a expliqu\u00e9 Dwayne Leslie.<\/p>\n<p>Abercrombie &amp; Fitch a chang\u00e9 son r\u00e8glement au sujet des coiffes il y a trois ans. La soci\u00e9t\u00e9 bas\u00e9e en Ohio a g\u00e9r\u00e9 des poursuites judiciaires du m\u00eame type en Californie, c\u2019est ce qu\u2019a indiqu\u00e9 Associated Press en Octobre.<\/p>\n<p>Il n\u2019a pas \u00e9t\u00e9 possible d\u2019avoir dans l\u2019imm\u00e9diat un commentaire d\u2019un porte-parole d\u2019Abercrombie.<\/p>\n<p>Traduction: Patrick Luciathe<\/p>\n","protected":false},"excerpt":{"rendered":"<p>L&rsquo;Eglise Adventiste du Septi\u00e8me jour a d\u00e9pos\u00e9 un \u00ab amicus curiae \u00bb, ou un \u00ab document judiciaire amical et informatif \u00bb en soutien \u00e0 une femme am\u00e9ricaine qui d\u00e9clare s\u2019\u00eatre vue refuser un emploi parce que le fait qu\u2019elle ait la t\u00eate couverte \u00e9tait une violation du r\u00e8glement de l\u2019entreprise.<\/p>\n","protected":false},"author":1,"featured_media":22387,"comment_status":"closed","ping_status":"closed","sticky":false,"template":"","format":"standard","meta":{"_acf_changed":false,"footnotes":""},"categories":[18],"tags":[],"class_list":["post-31840","post","type-post","status-publish","format-standard","has-post-thumbnail","hentry","category-nouvelles-de-leglise-mondiale"],"acf":[],"yoast_head":"<!-- This site is optimized with the Yoast SEO plugin v27.3 - https:\/\/yoast.com\/product\/yoast-seo-wordpress\/ -->\n<title>L\u2019Eglise Adventiste prend le parti d\u2019une femme musulmane dans un cas de libert\u00e9 religieuse sur le lieu de travail - \u00c9glise Adventiste Du Septieme Jour - Inter Am\u00e9rique Division<\/title>\n<meta name=\"robots\" content=\"index, follow, max-snippet:-1, max-image-preview:large, max-video-preview:-1\" \/>\n<link rel=\"canonical\" href=\"https:\/\/interamerica.org\/fr\/2013\/12\/leglise-adventiste-prend-le-parti-dune-femme-musulmane-dans-un-cas-de-liberte-religieuse-sur-le-lieu-de-travail\/\" \/>\n<meta property=\"og:locale\" content=\"fr_FR\" \/>\n<meta property=\"og:type\" content=\"article\" \/>\n<meta property=\"og:title\" content=\"L\u2019Eglise Adventiste prend le parti d\u2019une femme musulmane dans un cas de libert\u00e9 religieuse sur le lieu de travail - \u00c9glise Adventiste Du Septieme Jour - Inter Am\u00e9rique Division\" \/>\n<meta property=\"og:description\" content=\"L&#039;Eglise Adventiste du Septi\u00e8me jour a d\u00e9pos\u00e9 un \u00ab amicus curiae \u00bb, ou un \u00ab document judiciaire amical et informatif \u00bb en soutien \u00e0 une femme am\u00e9ricaine qui d\u00e9clare s\u2019\u00eatre vue refuser un emploi parce que le fait qu\u2019elle ait la t\u00eate couverte \u00e9tait une violation du r\u00e8glement de l\u2019entreprise.\" \/>\n<meta property=\"og:url\" content=\"https:\/\/interamerica.org\/fr\/2013\/12\/leglise-adventiste-prend-le-parti-dune-femme-musulmane-dans-un-cas-de-liberte-religieuse-sur-le-lieu-de-travail\/\" \/>\n<meta property=\"og:site_name\" content=\"\u00c9glise Adventiste Du Septieme Jour - Inter Am\u00e9rique Division\" \/>\n<meta property=\"article:published_time\" content=\"2013-12-13T04:00:00+00:00\" \/>\n<meta property=\"og:image\" content=\"https:\/\/interamerica.org\/wp-content\/uploads\/2017\/06\/csm_ab-2-web_e719648fb2.jpg\" \/>\n\t<meta property=\"og:image:width\" content=\"400\" \/>\n\t<meta property=\"og:image:height\" content=\"333\" \/>\n\t<meta property=\"og:image:type\" content=\"image\/jpeg\" \/>\n<meta name=\"author\" content=\"Lorenzo Verduzco\" \/>\n<meta name=\"twitter:card\" content=\"summary_large_image\" \/>\n<meta name=\"twitter:label1\" content=\"\u00c9crit par\" \/>\n\t<meta name=\"twitter:data1\" content=\"Lorenzo Verduzco\" \/>\n\t<meta name=\"twitter:label2\" content=\"Dur\u00e9e de lecture estim\u00e9e\" \/>\n\t<meta name=\"twitter:data2\" content=\"5 minutes\" \/>\n<script type=\"application\/ld+json\" class=\"yoast-schema-graph\">{\"@context\":\"https:\\\/\\\/schema.org\",\"@graph\":[{\"@type\":\"Article\",\"@id\":\"https:\\\/\\\/interamerica.org\\\/fr\\\/2013\\\/12\\\/leglise-adventiste-prend-le-parti-dune-femme-musulmane-dans-un-cas-de-liberte-religieuse-sur-le-lieu-de-travail\\\/#article\",\"isPartOf\":{\"@id\":\"https:\\\/\\\/interamerica.org\\\/fr\\\/2013\\\/12\\\/leglise-adventiste-prend-le-parti-dune-femme-musulmane-dans-un-cas-de-liberte-religieuse-sur-le-lieu-de-travail\\\/\"},\"author\":{\"name\":\"Lorenzo Verduzco\",\"@id\":\"https:\\\/\\\/interamerica.org\\\/fr\\\/#\\\/schema\\\/person\\\/68ede8bdc292885bb76c1e3810e73c39\"},\"headline\":\"L\u2019Eglise Adventiste prend le parti d\u2019une femme musulmane dans un cas de libert\u00e9 religieuse sur le lieu de travail\",\"datePublished\":\"2013-12-13T04:00:00+00:00\",\"mainEntityOfPage\":{\"@id\":\"https:\\\/\\\/interamerica.org\\\/fr\\\/2013\\\/12\\\/leglise-adventiste-prend-le-parti-dune-femme-musulmane-dans-un-cas-de-liberte-religieuse-sur-le-lieu-de-travail\\\/\"},\"wordCount\":991,\"image\":{\"@id\":\"https:\\\/\\\/interamerica.org\\\/fr\\\/2013\\\/12\\\/leglise-adventiste-prend-le-parti-dune-femme-musulmane-dans-un-cas-de-liberte-religieuse-sur-le-lieu-de-travail\\\/#primaryimage\"},\"thumbnailUrl\":\"https:\\\/\\\/interamerica.org\\\/wp-content\\\/uploads\\\/2017\\\/06\\\/csm_ab-2-web_e719648fb2.jpg\",\"articleSection\":[\"Nouvelles de l'\u00c9glise mondiale\"],\"inLanguage\":\"fr-FR\"},{\"@type\":\"WebPage\",\"@id\":\"https:\\\/\\\/interamerica.org\\\/fr\\\/2013\\\/12\\\/leglise-adventiste-prend-le-parti-dune-femme-musulmane-dans-un-cas-de-liberte-religieuse-sur-le-lieu-de-travail\\\/\",\"url\":\"https:\\\/\\\/interamerica.org\\\/fr\\\/2013\\\/12\\\/leglise-adventiste-prend-le-parti-dune-femme-musulmane-dans-un-cas-de-liberte-religieuse-sur-le-lieu-de-travail\\\/\",\"name\":\"L\u2019Eglise Adventiste prend le parti d\u2019une femme musulmane dans un cas de libert\u00e9 religieuse sur le lieu de travail - \u00c9glise Adventiste Du Septieme Jour - Inter Am\u00e9rique Division\",\"isPartOf\":{\"@id\":\"https:\\\/\\\/interamerica.org\\\/fr\\\/#website\"},\"primaryImageOfPage\":{\"@id\":\"https:\\\/\\\/interamerica.org\\\/fr\\\/2013\\\/12\\\/leglise-adventiste-prend-le-parti-dune-femme-musulmane-dans-un-cas-de-liberte-religieuse-sur-le-lieu-de-travail\\\/#primaryimage\"},\"image\":{\"@id\":\"https:\\\/\\\/interamerica.org\\\/fr\\\/2013\\\/12\\\/leglise-adventiste-prend-le-parti-dune-femme-musulmane-dans-un-cas-de-liberte-religieuse-sur-le-lieu-de-travail\\\/#primaryimage\"},\"thumbnailUrl\":\"https:\\\/\\\/interamerica.org\\\/wp-content\\\/uploads\\\/2017\\\/06\\\/csm_ab-2-web_e719648fb2.jpg\",\"datePublished\":\"2013-12-13T04:00:00+00:00\",\"author\":{\"@id\":\"https:\\\/\\\/interamerica.org\\\/fr\\\/#\\\/schema\\\/person\\\/68ede8bdc292885bb76c1e3810e73c39\"},\"breadcrumb\":{\"@id\":\"https:\\\/\\\/interamerica.org\\\/fr\\\/2013\\\/12\\\/leglise-adventiste-prend-le-parti-dune-femme-musulmane-dans-un-cas-de-liberte-religieuse-sur-le-lieu-de-travail\\\/#breadcrumb\"},\"inLanguage\":\"fr-FR\",\"potentialAction\":[{\"@type\":\"ReadAction\",\"target\":[\"https:\\\/\\\/interamerica.org\\\/fr\\\/2013\\\/12\\\/leglise-adventiste-prend-le-parti-dune-femme-musulmane-dans-un-cas-de-liberte-religieuse-sur-le-lieu-de-travail\\\/\"]}]},{\"@type\":\"ImageObject\",\"inLanguage\":\"fr-FR\",\"@id\":\"https:\\\/\\\/interamerica.org\\\/fr\\\/2013\\\/12\\\/leglise-adventiste-prend-le-parti-dune-femme-musulmane-dans-un-cas-de-liberte-religieuse-sur-le-lieu-de-travail\\\/#primaryimage\",\"url\":\"https:\\\/\\\/interamerica.org\\\/wp-content\\\/uploads\\\/2017\\\/06\\\/csm_ab-2-web_e719648fb2.jpg\",\"contentUrl\":\"https:\\\/\\\/interamerica.org\\\/wp-content\\\/uploads\\\/2017\\\/06\\\/csm_ab-2-web_e719648fb2.jpg\",\"width\":400,\"height\":333},{\"@type\":\"BreadcrumbList\",\"@id\":\"https:\\\/\\\/interamerica.org\\\/fr\\\/2013\\\/12\\\/leglise-adventiste-prend-le-parti-dune-femme-musulmane-dans-un-cas-de-liberte-religieuse-sur-le-lieu-de-travail\\\/#breadcrumb\",\"itemListElement\":[{\"@type\":\"ListItem\",\"position\":1,\"name\":\"Home\",\"item\":\"https:\\\/\\\/interamerica.org\\\/fr\\\/\"},{\"@type\":\"ListItem\",\"position\":2,\"name\":\"L\u2019Eglise Adventiste prend le parti d\u2019une femme musulmane dans un cas de libert\u00e9 religieuse sur le lieu de travail\"}]},{\"@type\":\"WebSite\",\"@id\":\"https:\\\/\\\/interamerica.org\\\/fr\\\/#website\",\"url\":\"https:\\\/\\\/interamerica.org\\\/fr\\\/\",\"name\":\"\u00c9glise Adventiste Du Septieme Jour - Inter Am\u00e9rique Division\",\"description\":\"\",\"potentialAction\":[{\"@type\":\"SearchAction\",\"target\":{\"@type\":\"EntryPoint\",\"urlTemplate\":\"https:\\\/\\\/interamerica.org\\\/fr\\\/?s={search_term_string}\"},\"query-input\":{\"@type\":\"PropertyValueSpecification\",\"valueRequired\":true,\"valueName\":\"search_term_string\"}}],\"inLanguage\":\"fr-FR\"},{\"@type\":\"Person\",\"@id\":\"https:\\\/\\\/interamerica.org\\\/fr\\\/#\\\/schema\\\/person\\\/68ede8bdc292885bb76c1e3810e73c39\",\"name\":\"Lorenzo Verduzco\",\"image\":{\"@type\":\"ImageObject\",\"inLanguage\":\"fr-FR\",\"@id\":\"https:\\\/\\\/secure.gravatar.com\\\/avatar\\\/fb81a55b6218459490a9c1dc841a34909185b81904c5337b4b27f7a6fd60c49e?s=96&d=mm&r=g\",\"url\":\"https:\\\/\\\/secure.gravatar.com\\\/avatar\\\/fb81a55b6218459490a9c1dc841a34909185b81904c5337b4b27f7a6fd60c49e?s=96&d=mm&r=g\",\"contentUrl\":\"https:\\\/\\\/secure.gravatar.com\\\/avatar\\\/fb81a55b6218459490a9c1dc841a34909185b81904c5337b4b27f7a6fd60c49e?s=96&d=mm&r=g\",\"caption\":\"Lorenzo Verduzco\"}}]}<\/script>\n<!-- \/ Yoast SEO plugin. -->","yoast_head_json":{"title":"L\u2019Eglise Adventiste prend le parti d\u2019une femme musulmane dans un cas de libert\u00e9 religieuse sur le lieu de travail - \u00c9glise Adventiste Du Septieme Jour - Inter Am\u00e9rique Division","robots":{"index":"index","follow":"follow","max-snippet":"max-snippet:-1","max-image-preview":"max-image-preview:large","max-video-preview":"max-video-preview:-1"},"canonical":"https:\/\/interamerica.org\/fr\/2013\/12\/leglise-adventiste-prend-le-parti-dune-femme-musulmane-dans-un-cas-de-liberte-religieuse-sur-le-lieu-de-travail\/","og_locale":"fr_FR","og_type":"article","og_title":"L\u2019Eglise Adventiste prend le parti d\u2019une femme musulmane dans un cas de libert\u00e9 religieuse sur le lieu de travail - \u00c9glise Adventiste Du Septieme Jour - Inter Am\u00e9rique Division","og_description":"L'Eglise Adventiste du Septi\u00e8me jour a d\u00e9pos\u00e9 un \u00ab amicus curiae \u00bb, ou un \u00ab document judiciaire amical et informatif \u00bb en soutien \u00e0 une femme am\u00e9ricaine qui d\u00e9clare s\u2019\u00eatre vue refuser un emploi parce que le fait qu\u2019elle ait la t\u00eate couverte \u00e9tait une violation du r\u00e8glement de l\u2019entreprise.","og_url":"https:\/\/interamerica.org\/fr\/2013\/12\/leglise-adventiste-prend-le-parti-dune-femme-musulmane-dans-un-cas-de-liberte-religieuse-sur-le-lieu-de-travail\/","og_site_name":"\u00c9glise Adventiste Du Septieme Jour - Inter Am\u00e9rique Division","article_published_time":"2013-12-13T04:00:00+00:00","og_image":[{"width":400,"height":333,"url":"https:\/\/interamerica.org\/wp-content\/uploads\/2017\/06\/csm_ab-2-web_e719648fb2.jpg","type":"image\/jpeg"}],"author":"Lorenzo Verduzco","twitter_card":"summary_large_image","twitter_misc":{"\u00c9crit par":"Lorenzo Verduzco","Dur\u00e9e de lecture estim\u00e9e":"5 minutes"},"schema":{"@context":"https:\/\/schema.org","@graph":[{"@type":"Article","@id":"https:\/\/interamerica.org\/fr\/2013\/12\/leglise-adventiste-prend-le-parti-dune-femme-musulmane-dans-un-cas-de-liberte-religieuse-sur-le-lieu-de-travail\/#article","isPartOf":{"@id":"https:\/\/interamerica.org\/fr\/2013\/12\/leglise-adventiste-prend-le-parti-dune-femme-musulmane-dans-un-cas-de-liberte-religieuse-sur-le-lieu-de-travail\/"},"author":{"name":"Lorenzo Verduzco","@id":"https:\/\/interamerica.org\/fr\/#\/schema\/person\/68ede8bdc292885bb76c1e3810e73c39"},"headline":"L\u2019Eglise Adventiste prend le parti d\u2019une femme musulmane dans un cas de libert\u00e9 religieuse sur le lieu de travail","datePublished":"2013-12-13T04:00:00+00:00","mainEntityOfPage":{"@id":"https:\/\/interamerica.org\/fr\/2013\/12\/leglise-adventiste-prend-le-parti-dune-femme-musulmane-dans-un-cas-de-liberte-religieuse-sur-le-lieu-de-travail\/"},"wordCount":991,"image":{"@id":"https:\/\/interamerica.org\/fr\/2013\/12\/leglise-adventiste-prend-le-parti-dune-femme-musulmane-dans-un-cas-de-liberte-religieuse-sur-le-lieu-de-travail\/#primaryimage"},"thumbnailUrl":"https:\/\/interamerica.org\/wp-content\/uploads\/2017\/06\/csm_ab-2-web_e719648fb2.jpg","articleSection":["Nouvelles de l'\u00c9glise mondiale"],"inLanguage":"fr-FR"},{"@type":"WebPage","@id":"https:\/\/interamerica.org\/fr\/2013\/12\/leglise-adventiste-prend-le-parti-dune-femme-musulmane-dans-un-cas-de-liberte-religieuse-sur-le-lieu-de-travail\/","url":"https:\/\/interamerica.org\/fr\/2013\/12\/leglise-adventiste-prend-le-parti-dune-femme-musulmane-dans-un-cas-de-liberte-religieuse-sur-le-lieu-de-travail\/","name":"L\u2019Eglise Adventiste prend le parti d\u2019une femme musulmane dans un cas de libert\u00e9 religieuse sur le lieu de travail - \u00c9glise Adventiste Du Septieme Jour - Inter Am\u00e9rique Division","isPartOf":{"@id":"https:\/\/interamerica.org\/fr\/#website"},"primaryImageOfPage":{"@id":"https:\/\/interamerica.org\/fr\/2013\/12\/leglise-adventiste-prend-le-parti-dune-femme-musulmane-dans-un-cas-de-liberte-religieuse-sur-le-lieu-de-travail\/#primaryimage"},"image":{"@id":"https:\/\/interamerica.org\/fr\/2013\/12\/leglise-adventiste-prend-le-parti-dune-femme-musulmane-dans-un-cas-de-liberte-religieuse-sur-le-lieu-de-travail\/#primaryimage"},"thumbnailUrl":"https:\/\/interamerica.org\/wp-content\/uploads\/2017\/06\/csm_ab-2-web_e719648fb2.jpg","datePublished":"2013-12-13T04:00:00+00:00","author":{"@id":"https:\/\/interamerica.org\/fr\/#\/schema\/person\/68ede8bdc292885bb76c1e3810e73c39"},"breadcrumb":{"@id":"https:\/\/interamerica.org\/fr\/2013\/12\/leglise-adventiste-prend-le-parti-dune-femme-musulmane-dans-un-cas-de-liberte-religieuse-sur-le-lieu-de-travail\/#breadcrumb"},"inLanguage":"fr-FR","potentialAction":[{"@type":"ReadAction","target":["https:\/\/interamerica.org\/fr\/2013\/12\/leglise-adventiste-prend-le-parti-dune-femme-musulmane-dans-un-cas-de-liberte-religieuse-sur-le-lieu-de-travail\/"]}]},{"@type":"ImageObject","inLanguage":"fr-FR","@id":"https:\/\/interamerica.org\/fr\/2013\/12\/leglise-adventiste-prend-le-parti-dune-femme-musulmane-dans-un-cas-de-liberte-religieuse-sur-le-lieu-de-travail\/#primaryimage","url":"https:\/\/interamerica.org\/wp-content\/uploads\/2017\/06\/csm_ab-2-web_e719648fb2.jpg","contentUrl":"https:\/\/interamerica.org\/wp-content\/uploads\/2017\/06\/csm_ab-2-web_e719648fb2.jpg","width":400,"height":333},{"@type":"BreadcrumbList","@id":"https:\/\/interamerica.org\/fr\/2013\/12\/leglise-adventiste-prend-le-parti-dune-femme-musulmane-dans-un-cas-de-liberte-religieuse-sur-le-lieu-de-travail\/#breadcrumb","itemListElement":[{"@type":"ListItem","position":1,"name":"Home","item":"https:\/\/interamerica.org\/fr\/"},{"@type":"ListItem","position":2,"name":"L\u2019Eglise Adventiste prend le parti d\u2019une femme musulmane dans un cas de libert\u00e9 religieuse sur le lieu de travail"}]},{"@type":"WebSite","@id":"https:\/\/interamerica.org\/fr\/#website","url":"https:\/\/interamerica.org\/fr\/","name":"\u00c9glise Adventiste Du Septieme Jour - Inter Am\u00e9rique Division","description":"","potentialAction":[{"@type":"SearchAction","target":{"@type":"EntryPoint","urlTemplate":"https:\/\/interamerica.org\/fr\/?s={search_term_string}"},"query-input":{"@type":"PropertyValueSpecification","valueRequired":true,"valueName":"search_term_string"}}],"inLanguage":"fr-FR"},{"@type":"Person","@id":"https:\/\/interamerica.org\/fr\/#\/schema\/person\/68ede8bdc292885bb76c1e3810e73c39","name":"Lorenzo Verduzco","image":{"@type":"ImageObject","inLanguage":"fr-FR","@id":"https:\/\/secure.gravatar.com\/avatar\/fb81a55b6218459490a9c1dc841a34909185b81904c5337b4b27f7a6fd60c49e?s=96&d=mm&r=g","url":"https:\/\/secure.gravatar.com\/avatar\/fb81a55b6218459490a9c1dc841a34909185b81904c5337b4b27f7a6fd60c49e?s=96&d=mm&r=g","contentUrl":"https:\/\/secure.gravatar.com\/avatar\/fb81a55b6218459490a9c1dc841a34909185b81904c5337b4b27f7a6fd60c49e?s=96&d=mm&r=g","caption":"Lorenzo Verduzco"}}]}},"_links":{"self":[{"href":"https:\/\/interamerica.org\/fr\/wp-json\/wp\/v2\/posts\/31840","targetHints":{"allow":["GET"]}}],"collection":[{"href":"https:\/\/interamerica.org\/fr\/wp-json\/wp\/v2\/posts"}],"about":[{"href":"https:\/\/interamerica.org\/fr\/wp-json\/wp\/v2\/types\/post"}],"author":[{"embeddable":true,"href":"https:\/\/interamerica.org\/fr\/wp-json\/wp\/v2\/users\/1"}],"replies":[{"embeddable":true,"href":"https:\/\/interamerica.org\/fr\/wp-json\/wp\/v2\/comments?post=31840"}],"version-history":[{"count":0,"href":"https:\/\/interamerica.org\/fr\/wp-json\/wp\/v2\/posts\/31840\/revisions"}],"wp:featuredmedia":[{"embeddable":true,"href":"https:\/\/interamerica.org\/fr\/wp-json\/wp\/v2\/media\/22387"}],"wp:attachment":[{"href":"https:\/\/interamerica.org\/fr\/wp-json\/wp\/v2\/media?parent=31840"}],"wp:term":[{"taxonomy":"category","embeddable":true,"href":"https:\/\/interamerica.org\/fr\/wp-json\/wp\/v2\/categories?post=31840"},{"taxonomy":"post_tag","embeddable":true,"href":"https:\/\/interamerica.org\/fr\/wp-json\/wp\/v2\/tags?post=31840"}],"curies":[{"name":"wp","href":"https:\/\/api.w.org\/{rel}","templated":true}]}}