{"id":31844,"date":"2014-01-05T00:00:00","date_gmt":"2014-01-05T04:00:00","guid":{"rendered":"http:\/\/192.81.217.108\/interamerica\/2014\/01\/des-cyber-criminels-prennent-pour-cible-les-fonds-de-leglise-adventiste\/"},"modified":"2014-01-05T00:00:00","modified_gmt":"2014-01-05T04:00:00","slug":"des-cyber-criminels-prennent-pour-cible-les-fonds-de-leglise-adventiste","status":"publish","type":"post","link":"https:\/\/interamerica.org\/fr\/2014\/01\/des-cyber-criminels-prennent-pour-cible-les-fonds-de-leglise-adventiste\/","title":{"rendered":"Des cyber criminels prennent pour cible les fonds de l\u2019Eglise Adventiste"},"content":{"rendered":"<p>2 Janvier 2014 \u2013 Silver Spring, Maryland, Etats Unis \u2013 ANN<\/p>\n<div id=\"attachment_10222\" style=\"width: 310px\" class=\"wp-caption alignright\"><a href=\"\/interamerica\/wp-content\/uploads\/2017\/06\/csm_gc-building-feat_b39c9db5f8.jpg\" rel=\"fancybox\" title=\"Des cyber criminels prennent pour cible les fonds de l\u2019Eglise Adventiste\"><img fetchpriority=\"high\" decoding=\"async\" aria-describedby=\"caption-attachment-10222\" class=\"size-medium wp-image-10222\" src=\"\/interamerica\/wp-content\/uploads\/2017\/06\/csm_gc-building-feat_b39c9db5f8-300x225.jpg\" alt=\"\" width=\"300\" height=\"225\" \/><\/a><p id=\"caption-attachment-10222\" class=\"wp-caption-text\">Image d&rsquo;Adventist News Network<\/p><\/div>\n<p>Le si\u00e8ge mondial de l\u2019Eglise Adventiste du Septi\u00e8me jour a \u00e9t\u00e9 victime d\u2019un cyber vol qui a fait perdre \u00e0 l\u2019\u00e9glise environ 500000 dollars US. L\u2019escroquerie concerne des fonds qui \u00e9taient transf\u00e9r\u00e9s pour le compte d\u2019une entit\u00e9 de la d\u00e9nomination.<\/p>\n<p>Les responsables de l\u2019\u00e9glise coop\u00e8rent avec les autorit\u00e9s f\u00e9d\u00e9rales dans l\u2019enqu\u00eate en cours et travaillent avec les banques et les compagnies d\u2019assurance pour d\u00e9terminer ce qui pouvait \u00eatre r\u00e9cup\u00e9r\u00e9. Bien qu\u2019on ne puisse l\u2019exclure pour l\u2019instant, il n\u2019y a rien qui sugg\u00e8re qu\u2019il y ait une quelconque complicit\u00e9 interne.<\/p>\n<p>\u00ab L\u2019escroquerie n\u2019a pas permis \u00e0 son ou ses auteurs d\u2019avoir acc\u00e8s ou de compromettre aucune information personnelle, telles que les coordonn\u00e9es personnelles, les fichiers personnels des donateurs ou les comptes internes, \u00bb a d\u00e9clar\u00e9 Bob Lemon, le tr\u00e9sorier de l\u2019Eglise Adventiste mondiale. \u00ab Nous modifions les proc\u00e9dures et mettons ainsi tout en oeuvre pour que ceci ne se reproduise plus. \u00bb<\/p>\n<p>L\u2019effectif de l\u2019Eglise Adventiste du Septi\u00e8me jour a officiellement atteint les 18 millions de membres le mois dernier et est repr\u00e9sent\u00e9 dans plus de 200 nations.<\/p>\n<p>Traduction: Patrick Luciathe<\/p>\n","protected":false},"excerpt":{"rendered":"<p>Le si\u00e8ge mondial de l\u2019Eglise Adventiste du Septi\u00e8me jour a \u00e9t\u00e9 victime d\u2019un cyber vol qui a fait perdre \u00e0 l\u2019\u00e9glise environ 500000 dollars US. L\u2019escroquerie concerne des fonds qui \u00e9taient transf\u00e9r\u00e9s pour le compte d\u2019une entit\u00e9 de la d\u00e9nomination.<\/p>\n","protected":false},"author":1,"featured_media":22433,"comment_status":"closed","ping_status":"closed","sticky":false,"template":"","format":"standard","meta":{"_acf_changed":false,"footnotes":""},"categories":[18],"tags":[],"class_list":["post-31844","post","type-post","status-publish","format-standard","has-post-thumbnail","hentry","category-nouvelles-de-leglise-mondiale"],"acf":[],"yoast_head":"<!-- This site is optimized with the Yoast SEO plugin v27.3 - https:\/\/yoast.com\/product\/yoast-seo-wordpress\/ -->\n<title>Des cyber criminels prennent pour cible les fonds de l\u2019Eglise Adventiste - \u00c9glise Adventiste Du Septieme Jour - Inter Am\u00e9rique Division<\/title>\n<meta name=\"robots\" content=\"index, follow, max-snippet:-1, max-image-preview:large, max-video-preview:-1\" \/>\n<link rel=\"canonical\" href=\"https:\/\/interamerica.org\/fr\/2014\/01\/des-cyber-criminels-prennent-pour-cible-les-fonds-de-leglise-adventiste\/\" \/>\n<meta property=\"og:locale\" content=\"fr_FR\" \/>\n<meta property=\"og:type\" content=\"article\" \/>\n<meta property=\"og:title\" content=\"Des cyber criminels prennent pour cible les fonds de l\u2019Eglise Adventiste - \u00c9glise Adventiste Du Septieme Jour - Inter Am\u00e9rique Division\" \/>\n<meta property=\"og:description\" content=\"Le si\u00e8ge mondial de l\u2019Eglise Adventiste du Septi\u00e8me jour a \u00e9t\u00e9 victime d\u2019un cyber vol qui a fait perdre \u00e0 l\u2019\u00e9glise environ 500000 dollars US. L\u2019escroquerie concerne des fonds qui \u00e9taient transf\u00e9r\u00e9s pour le compte d\u2019une entit\u00e9 de la d\u00e9nomination.\" \/>\n<meta property=\"og:url\" content=\"https:\/\/interamerica.org\/fr\/2014\/01\/des-cyber-criminels-prennent-pour-cible-les-fonds-de-leglise-adventiste\/\" \/>\n<meta property=\"og:site_name\" content=\"\u00c9glise Adventiste Du Septieme Jour - Inter Am\u00e9rique Division\" \/>\n<meta property=\"article:published_time\" content=\"2014-01-05T04:00:00+00:00\" \/>\n<meta property=\"og:image\" content=\"https:\/\/interamerica.org\/wp-content\/uploads\/2017\/06\/csm_gc-building-feat_b39c9db5f8.jpg\" \/>\n\t<meta property=\"og:image:width\" content=\"400\" \/>\n\t<meta property=\"og:image:height\" content=\"300\" \/>\n\t<meta property=\"og:image:type\" content=\"image\/jpeg\" \/>\n<meta name=\"author\" content=\"Lorenzo Verduzco\" \/>\n<meta name=\"twitter:card\" content=\"summary_large_image\" \/>\n<meta name=\"twitter:label1\" content=\"\u00c9crit par\" \/>\n\t<meta name=\"twitter:data1\" content=\"Lorenzo Verduzco\" \/>\n\t<meta name=\"twitter:label2\" content=\"Dur\u00e9e de lecture estim\u00e9e\" \/>\n\t<meta name=\"twitter:data2\" content=\"1 minute\" \/>\n<script type=\"application\/ld+json\" class=\"yoast-schema-graph\">{\"@context\":\"https:\\\/\\\/schema.org\",\"@graph\":[{\"@type\":\"Article\",\"@id\":\"https:\\\/\\\/interamerica.org\\\/fr\\\/2014\\\/01\\\/des-cyber-criminels-prennent-pour-cible-les-fonds-de-leglise-adventiste\\\/#article\",\"isPartOf\":{\"@id\":\"https:\\\/\\\/interamerica.org\\\/fr\\\/2014\\\/01\\\/des-cyber-criminels-prennent-pour-cible-les-fonds-de-leglise-adventiste\\\/\"},\"author\":{\"name\":\"Lorenzo Verduzco\",\"@id\":\"https:\\\/\\\/interamerica.org\\\/fr\\\/#\\\/schema\\\/person\\\/68ede8bdc292885bb76c1e3810e73c39\"},\"headline\":\"Des cyber criminels prennent pour cible les fonds de l\u2019Eglise Adventiste\",\"datePublished\":\"2014-01-05T04:00:00+00:00\",\"mainEntityOfPage\":{\"@id\":\"https:\\\/\\\/interamerica.org\\\/fr\\\/2014\\\/01\\\/des-cyber-criminels-prennent-pour-cible-les-fonds-de-leglise-adventiste\\\/\"},\"wordCount\":242,\"image\":{\"@id\":\"https:\\\/\\\/interamerica.org\\\/fr\\\/2014\\\/01\\\/des-cyber-criminels-prennent-pour-cible-les-fonds-de-leglise-adventiste\\\/#primaryimage\"},\"thumbnailUrl\":\"https:\\\/\\\/interamerica.org\\\/wp-content\\\/uploads\\\/2017\\\/06\\\/csm_gc-building-feat_b39c9db5f8.jpg\",\"articleSection\":[\"Nouvelles de l'\u00c9glise mondiale\"],\"inLanguage\":\"fr-FR\"},{\"@type\":\"WebPage\",\"@id\":\"https:\\\/\\\/interamerica.org\\\/fr\\\/2014\\\/01\\\/des-cyber-criminels-prennent-pour-cible-les-fonds-de-leglise-adventiste\\\/\",\"url\":\"https:\\\/\\\/interamerica.org\\\/fr\\\/2014\\\/01\\\/des-cyber-criminels-prennent-pour-cible-les-fonds-de-leglise-adventiste\\\/\",\"name\":\"Des cyber criminels prennent pour cible les fonds de l\u2019Eglise Adventiste - \u00c9glise Adventiste Du Septieme Jour - Inter Am\u00e9rique Division\",\"isPartOf\":{\"@id\":\"https:\\\/\\\/interamerica.org\\\/fr\\\/#website\"},\"primaryImageOfPage\":{\"@id\":\"https:\\\/\\\/interamerica.org\\\/fr\\\/2014\\\/01\\\/des-cyber-criminels-prennent-pour-cible-les-fonds-de-leglise-adventiste\\\/#primaryimage\"},\"image\":{\"@id\":\"https:\\\/\\\/interamerica.org\\\/fr\\\/2014\\\/01\\\/des-cyber-criminels-prennent-pour-cible-les-fonds-de-leglise-adventiste\\\/#primaryimage\"},\"thumbnailUrl\":\"https:\\\/\\\/interamerica.org\\\/wp-content\\\/uploads\\\/2017\\\/06\\\/csm_gc-building-feat_b39c9db5f8.jpg\",\"datePublished\":\"2014-01-05T04:00:00+00:00\",\"author\":{\"@id\":\"https:\\\/\\\/interamerica.org\\\/fr\\\/#\\\/schema\\\/person\\\/68ede8bdc292885bb76c1e3810e73c39\"},\"breadcrumb\":{\"@id\":\"https:\\\/\\\/interamerica.org\\\/fr\\\/2014\\\/01\\\/des-cyber-criminels-prennent-pour-cible-les-fonds-de-leglise-adventiste\\\/#breadcrumb\"},\"inLanguage\":\"fr-FR\",\"potentialAction\":[{\"@type\":\"ReadAction\",\"target\":[\"https:\\\/\\\/interamerica.org\\\/fr\\\/2014\\\/01\\\/des-cyber-criminels-prennent-pour-cible-les-fonds-de-leglise-adventiste\\\/\"]}]},{\"@type\":\"ImageObject\",\"inLanguage\":\"fr-FR\",\"@id\":\"https:\\\/\\\/interamerica.org\\\/fr\\\/2014\\\/01\\\/des-cyber-criminels-prennent-pour-cible-les-fonds-de-leglise-adventiste\\\/#primaryimage\",\"url\":\"https:\\\/\\\/interamerica.org\\\/wp-content\\\/uploads\\\/2017\\\/06\\\/csm_gc-building-feat_b39c9db5f8.jpg\",\"contentUrl\":\"https:\\\/\\\/interamerica.org\\\/wp-content\\\/uploads\\\/2017\\\/06\\\/csm_gc-building-feat_b39c9db5f8.jpg\",\"width\":400,\"height\":300},{\"@type\":\"BreadcrumbList\",\"@id\":\"https:\\\/\\\/interamerica.org\\\/fr\\\/2014\\\/01\\\/des-cyber-criminels-prennent-pour-cible-les-fonds-de-leglise-adventiste\\\/#breadcrumb\",\"itemListElement\":[{\"@type\":\"ListItem\",\"position\":1,\"name\":\"Home\",\"item\":\"https:\\\/\\\/interamerica.org\\\/fr\\\/\"},{\"@type\":\"ListItem\",\"position\":2,\"name\":\"Des cyber criminels prennent pour cible les fonds de l\u2019Eglise Adventiste\"}]},{\"@type\":\"WebSite\",\"@id\":\"https:\\\/\\\/interamerica.org\\\/fr\\\/#website\",\"url\":\"https:\\\/\\\/interamerica.org\\\/fr\\\/\",\"name\":\"\u00c9glise Adventiste Du Septieme Jour - Inter Am\u00e9rique Division\",\"description\":\"\",\"potentialAction\":[{\"@type\":\"SearchAction\",\"target\":{\"@type\":\"EntryPoint\",\"urlTemplate\":\"https:\\\/\\\/interamerica.org\\\/fr\\\/?s={search_term_string}\"},\"query-input\":{\"@type\":\"PropertyValueSpecification\",\"valueRequired\":true,\"valueName\":\"search_term_string\"}}],\"inLanguage\":\"fr-FR\"},{\"@type\":\"Person\",\"@id\":\"https:\\\/\\\/interamerica.org\\\/fr\\\/#\\\/schema\\\/person\\\/68ede8bdc292885bb76c1e3810e73c39\",\"name\":\"Lorenzo Verduzco\",\"image\":{\"@type\":\"ImageObject\",\"inLanguage\":\"fr-FR\",\"@id\":\"https:\\\/\\\/secure.gravatar.com\\\/avatar\\\/fb81a55b6218459490a9c1dc841a34909185b81904c5337b4b27f7a6fd60c49e?s=96&d=mm&r=g\",\"url\":\"https:\\\/\\\/secure.gravatar.com\\\/avatar\\\/fb81a55b6218459490a9c1dc841a34909185b81904c5337b4b27f7a6fd60c49e?s=96&d=mm&r=g\",\"contentUrl\":\"https:\\\/\\\/secure.gravatar.com\\\/avatar\\\/fb81a55b6218459490a9c1dc841a34909185b81904c5337b4b27f7a6fd60c49e?s=96&d=mm&r=g\",\"caption\":\"Lorenzo Verduzco\"}}]}<\/script>\n<!-- \/ Yoast SEO plugin. -->","yoast_head_json":{"title":"Des cyber criminels prennent pour cible les fonds de l\u2019Eglise Adventiste - \u00c9glise Adventiste Du Septieme Jour - Inter Am\u00e9rique Division","robots":{"index":"index","follow":"follow","max-snippet":"max-snippet:-1","max-image-preview":"max-image-preview:large","max-video-preview":"max-video-preview:-1"},"canonical":"https:\/\/interamerica.org\/fr\/2014\/01\/des-cyber-criminels-prennent-pour-cible-les-fonds-de-leglise-adventiste\/","og_locale":"fr_FR","og_type":"article","og_title":"Des cyber criminels prennent pour cible les fonds de l\u2019Eglise Adventiste - \u00c9glise Adventiste Du Septieme Jour - Inter Am\u00e9rique Division","og_description":"Le si\u00e8ge mondial de l\u2019Eglise Adventiste du Septi\u00e8me jour a \u00e9t\u00e9 victime d\u2019un cyber vol qui a fait perdre \u00e0 l\u2019\u00e9glise environ 500000 dollars US. L\u2019escroquerie concerne des fonds qui \u00e9taient transf\u00e9r\u00e9s pour le compte d\u2019une entit\u00e9 de la d\u00e9nomination.","og_url":"https:\/\/interamerica.org\/fr\/2014\/01\/des-cyber-criminels-prennent-pour-cible-les-fonds-de-leglise-adventiste\/","og_site_name":"\u00c9glise Adventiste Du Septieme Jour - Inter Am\u00e9rique Division","article_published_time":"2014-01-05T04:00:00+00:00","og_image":[{"width":400,"height":300,"url":"https:\/\/interamerica.org\/wp-content\/uploads\/2017\/06\/csm_gc-building-feat_b39c9db5f8.jpg","type":"image\/jpeg"}],"author":"Lorenzo Verduzco","twitter_card":"summary_large_image","twitter_misc":{"\u00c9crit par":"Lorenzo Verduzco","Dur\u00e9e de lecture estim\u00e9e":"1 minute"},"schema":{"@context":"https:\/\/schema.org","@graph":[{"@type":"Article","@id":"https:\/\/interamerica.org\/fr\/2014\/01\/des-cyber-criminels-prennent-pour-cible-les-fonds-de-leglise-adventiste\/#article","isPartOf":{"@id":"https:\/\/interamerica.org\/fr\/2014\/01\/des-cyber-criminels-prennent-pour-cible-les-fonds-de-leglise-adventiste\/"},"author":{"name":"Lorenzo Verduzco","@id":"https:\/\/interamerica.org\/fr\/#\/schema\/person\/68ede8bdc292885bb76c1e3810e73c39"},"headline":"Des cyber criminels prennent pour cible les fonds de l\u2019Eglise Adventiste","datePublished":"2014-01-05T04:00:00+00:00","mainEntityOfPage":{"@id":"https:\/\/interamerica.org\/fr\/2014\/01\/des-cyber-criminels-prennent-pour-cible-les-fonds-de-leglise-adventiste\/"},"wordCount":242,"image":{"@id":"https:\/\/interamerica.org\/fr\/2014\/01\/des-cyber-criminels-prennent-pour-cible-les-fonds-de-leglise-adventiste\/#primaryimage"},"thumbnailUrl":"https:\/\/interamerica.org\/wp-content\/uploads\/2017\/06\/csm_gc-building-feat_b39c9db5f8.jpg","articleSection":["Nouvelles de l'\u00c9glise mondiale"],"inLanguage":"fr-FR"},{"@type":"WebPage","@id":"https:\/\/interamerica.org\/fr\/2014\/01\/des-cyber-criminels-prennent-pour-cible-les-fonds-de-leglise-adventiste\/","url":"https:\/\/interamerica.org\/fr\/2014\/01\/des-cyber-criminels-prennent-pour-cible-les-fonds-de-leglise-adventiste\/","name":"Des cyber criminels prennent pour cible les fonds de l\u2019Eglise Adventiste - \u00c9glise Adventiste Du Septieme Jour - Inter Am\u00e9rique Division","isPartOf":{"@id":"https:\/\/interamerica.org\/fr\/#website"},"primaryImageOfPage":{"@id":"https:\/\/interamerica.org\/fr\/2014\/01\/des-cyber-criminels-prennent-pour-cible-les-fonds-de-leglise-adventiste\/#primaryimage"},"image":{"@id":"https:\/\/interamerica.org\/fr\/2014\/01\/des-cyber-criminels-prennent-pour-cible-les-fonds-de-leglise-adventiste\/#primaryimage"},"thumbnailUrl":"https:\/\/interamerica.org\/wp-content\/uploads\/2017\/06\/csm_gc-building-feat_b39c9db5f8.jpg","datePublished":"2014-01-05T04:00:00+00:00","author":{"@id":"https:\/\/interamerica.org\/fr\/#\/schema\/person\/68ede8bdc292885bb76c1e3810e73c39"},"breadcrumb":{"@id":"https:\/\/interamerica.org\/fr\/2014\/01\/des-cyber-criminels-prennent-pour-cible-les-fonds-de-leglise-adventiste\/#breadcrumb"},"inLanguage":"fr-FR","potentialAction":[{"@type":"ReadAction","target":["https:\/\/interamerica.org\/fr\/2014\/01\/des-cyber-criminels-prennent-pour-cible-les-fonds-de-leglise-adventiste\/"]}]},{"@type":"ImageObject","inLanguage":"fr-FR","@id":"https:\/\/interamerica.org\/fr\/2014\/01\/des-cyber-criminels-prennent-pour-cible-les-fonds-de-leglise-adventiste\/#primaryimage","url":"https:\/\/interamerica.org\/wp-content\/uploads\/2017\/06\/csm_gc-building-feat_b39c9db5f8.jpg","contentUrl":"https:\/\/interamerica.org\/wp-content\/uploads\/2017\/06\/csm_gc-building-feat_b39c9db5f8.jpg","width":400,"height":300},{"@type":"BreadcrumbList","@id":"https:\/\/interamerica.org\/fr\/2014\/01\/des-cyber-criminels-prennent-pour-cible-les-fonds-de-leglise-adventiste\/#breadcrumb","itemListElement":[{"@type":"ListItem","position":1,"name":"Home","item":"https:\/\/interamerica.org\/fr\/"},{"@type":"ListItem","position":2,"name":"Des cyber criminels prennent pour cible les fonds de l\u2019Eglise Adventiste"}]},{"@type":"WebSite","@id":"https:\/\/interamerica.org\/fr\/#website","url":"https:\/\/interamerica.org\/fr\/","name":"\u00c9glise Adventiste Du Septieme Jour - Inter Am\u00e9rique Division","description":"","potentialAction":[{"@type":"SearchAction","target":{"@type":"EntryPoint","urlTemplate":"https:\/\/interamerica.org\/fr\/?s={search_term_string}"},"query-input":{"@type":"PropertyValueSpecification","valueRequired":true,"valueName":"search_term_string"}}],"inLanguage":"fr-FR"},{"@type":"Person","@id":"https:\/\/interamerica.org\/fr\/#\/schema\/person\/68ede8bdc292885bb76c1e3810e73c39","name":"Lorenzo Verduzco","image":{"@type":"ImageObject","inLanguage":"fr-FR","@id":"https:\/\/secure.gravatar.com\/avatar\/fb81a55b6218459490a9c1dc841a34909185b81904c5337b4b27f7a6fd60c49e?s=96&d=mm&r=g","url":"https:\/\/secure.gravatar.com\/avatar\/fb81a55b6218459490a9c1dc841a34909185b81904c5337b4b27f7a6fd60c49e?s=96&d=mm&r=g","contentUrl":"https:\/\/secure.gravatar.com\/avatar\/fb81a55b6218459490a9c1dc841a34909185b81904c5337b4b27f7a6fd60c49e?s=96&d=mm&r=g","caption":"Lorenzo Verduzco"}}]}},"_links":{"self":[{"href":"https:\/\/interamerica.org\/fr\/wp-json\/wp\/v2\/posts\/31844","targetHints":{"allow":["GET"]}}],"collection":[{"href":"https:\/\/interamerica.org\/fr\/wp-json\/wp\/v2\/posts"}],"about":[{"href":"https:\/\/interamerica.org\/fr\/wp-json\/wp\/v2\/types\/post"}],"author":[{"embeddable":true,"href":"https:\/\/interamerica.org\/fr\/wp-json\/wp\/v2\/users\/1"}],"replies":[{"embeddable":true,"href":"https:\/\/interamerica.org\/fr\/wp-json\/wp\/v2\/comments?post=31844"}],"version-history":[{"count":0,"href":"https:\/\/interamerica.org\/fr\/wp-json\/wp\/v2\/posts\/31844\/revisions"}],"wp:featuredmedia":[{"embeddable":true,"href":"https:\/\/interamerica.org\/fr\/wp-json\/wp\/v2\/media\/22433"}],"wp:attachment":[{"href":"https:\/\/interamerica.org\/fr\/wp-json\/wp\/v2\/media?parent=31844"}],"wp:term":[{"taxonomy":"category","embeddable":true,"href":"https:\/\/interamerica.org\/fr\/wp-json\/wp\/v2\/categories?post=31844"},{"taxonomy":"post_tag","embeddable":true,"href":"https:\/\/interamerica.org\/fr\/wp-json\/wp\/v2\/tags?post=31844"}],"curies":[{"name":"wp","href":"https:\/\/api.w.org\/{rel}","templated":true}]}}