{"id":31847,"date":"2014-01-07T00:00:00","date_gmt":"2014-01-07T04:00:00","guid":{"rendered":"http:\/\/192.81.217.108\/interamerica\/2014\/01\/confirmation-de-la-mort-du-missionnaire-adventiste-canadien-porte-disparu\/"},"modified":"2014-01-07T00:00:00","modified_gmt":"2014-01-07T04:00:00","slug":"confirmation-de-la-mort-du-missionnaire-adventiste-canadien-porte-disparu","status":"publish","type":"post","link":"https:\/\/interamerica.org\/fr\/2014\/01\/confirmation-de-la-mort-du-missionnaire-adventiste-canadien-porte-disparu\/","title":{"rendered":"Confirmation de la mort du missionnaire Adventiste canadien port\u00e9 disparu"},"content":{"rendered":"<p>6 janvier 2014 \u2013 Silver Spring, Maryland, Etats Unis\u2026Adventist Review<\/p>\n<p>Le d\u00e9c\u00e8s d\u2019un missionnaire Adventiste du Septi\u00e8me jour port\u00e9 disparu au Belize depuis une semaine a \u00e9t\u00e9 confirm\u00e9 le 2 janvier d\u2019apr\u00e8s ce qu\u2019indiquent les rapports des m\u00e9dias. Brian Townsend, un missionnaire vivant dans la r\u00e9gion de la Vall\u00e9e de la Paix au Belize, a disparu le 24 d\u00e9cembre 2013. Un corps retrouv\u00e9 au Guatemala voisin a \u00e9t\u00e9 identifi\u00e9 comme \u00e9tant celui de Townsend qui \u00e9tait \u00e2g\u00e9 de 64 ans, d\u2019apr\u00e8s les informations donn\u00e9es dans un reportage de CBC Edmonton.<\/p>\n<div id=\"attachment_10245\" style=\"width: 310px\" class=\"wp-caption alignright\"><a href=\"\/interamerica\/wp-content\/uploads\/2017\/06\/csm_townsend-web_cf77e17e5c.jpg\" rel=\"fancybox\" title=\"Confirmation de la mort du missionnaire Adventiste canadien port\u00e9 disparu\"><img fetchpriority=\"high\" decoding=\"async\" aria-describedby=\"caption-attachment-10245\" class=\"size-medium wp-image-10245\" src=\"\/interamerica\/wp-content\/uploads\/2017\/06\/csm_townsend-web_cf77e17e5c-300x207.jpg\" alt=\"\" width=\"300\" height=\"207\" \/><\/a><p id=\"caption-attachment-10245\" class=\"wp-caption-text\">Les reportages dans la presse ont confirm\u00e9 la mort de Brian Townsend, un missionnaire canadien Adventiste du Septi\u00e8me jour vivant dans le centre de Belize, qui avait disparu le 24 d\u00e9cembre 2013. Image d\u2019ANN.<\/p><\/div>\n<p>\u00ab Nous avons proc\u00e9d\u00e9 \u00e0 une identification formelle, \u00bb a indiqu\u00e9 Dinsdale Thompson, commandant de Police de Belize au CBC dans un r\u00e9cit mis en ligne sur leur site. \u00ab Nous savons, de mani\u00e8re certaine, que c\u2019est un homicide et nous recherchons dans cette direction afin de d\u00e9couvrir le mobile, la raison pour laquelle il a \u00e9t\u00e9 tu\u00e9. \u00bb Le reportage canadien indique que la police de Belize a identifi\u00e9 trois suspects et collaborent avec les autorit\u00e9s guat\u00e9malt\u00e8ques dans l\u2019investigation.<\/p>\n<p>Dans une d\u00e9claration post\u00e9e sur Facebook le 3 janvier au matin, Mark Johnson, pr\u00e9sident de l\u2019Eglise Adventiste au Canada a dit : \u00ab Nos pens\u00e9es et pri\u00e8res vont vers la famille de Brian et les nombreuses vies qu\u2019il a touch\u00e9es au Belize et aussi ici \u00e0 travers le Canada. Il a investi une \u00e9nergie consid\u00e9rable dans le projet de Belize. Il nous manquera terriblement. \u00bb<\/p>\n<p>La veille de No\u00ebl, la cuisini\u00e8re et voisine de Brian Townsend a aper\u00e7u sa camionnette passer avec un matelas et un tapis enroul\u00e9, se dirigeant hors de la ville. Le matin suivant en arrivant dans la maison pour travailler, elle a r\u00e9alis\u00e9 que la camionnette de Brian Townsend n\u2019\u00e9tait pas l\u00e0. En entrant dans sa maison qui ne compte qu\u2019une seule pi\u00e8ce, elle a r\u00e9alis\u00e9 que l\u2019endroit avait \u00e9t\u00e9 cambriol\u00e9. A l\u2019ext\u00e9rieur, \u00e0 environ 15 m\u00e8tres de la maison, \u00ab il y avait du sang, il y avait deux coutelas \u00e0 l\u2019endroit o\u00f9 ils s\u2019\u00e9taient battus \u00bb a indiqu\u00e9 le Vice-pr\u00e9sident de Valley de la Paix, Juan Arrias, qui s\u2019\u00e9tait rendu sur les lieux peu de temps apr\u00e8s que Townsend ait \u00e9t\u00e9 port\u00e9 disparu. Juan Arrias a aussi d\u00e9clar\u00e9 : \u00ab C\u2019est comme s\u2019ils l\u2019avaient appel\u00e9 pour qu\u2019il ouvre la porte et il l\u2019a fait. Il n\u2019y a pas de trace d\u2019effraction. \u00bb<\/p>\n<p>La police a aussi collabor\u00e9 avec le consulat canadien et Kory Townsend, le fils adulte de Brian Townsend qui a laiss\u00e9 sa maison dans l\u2019ouest du Canada pour aider \u00e0 rechercher son p\u00e8re.<\/p>\n<p>Brian Townsend s\u2019\u00e9tait rendu au Belize depuis le Canada afin de construire l\u2019Ecole Secondaire Adventiste du Septi\u00e8me jour de la Vall\u00e9e de la Paix et il a fini par rester apr\u00e8s la fin de la construction. \u00ab Il faisait pas mal de choses, il avait un certain nombre de projets. Il a construit une \u00e9cole, au cours de ces derni\u00e8res ann\u00e9es il avait entrepris de r\u00e9aliser un \u00e9tablissement d\u2019enseignement professionnel, avec du jardinage et un magasin de bois, \u00bb a dit Kory Townsend. \u00ab Il y peu de personnes qui peuvent vivre leur r\u00eave ou vivre leur objectif et l\u2019embrasser avec la passion qu\u2019il avait. \u00bb Kory a aussi reconnu l\u2019engagement de son p\u00e8re dans sa foi Adventiste du Septi\u00e8me jour et dans sa communaut\u00e9. \u00ab C\u2019\u00e9tait pour lui un style de vie, ce n\u2019\u00e9tait pas simplement un projet ou une mission, il vivait ici. \u00bb<\/p>\n<p>D\u2019apr\u00e8s Dennis Slusher, pr\u00e9sident de l\u2019Eglise Adventiste du Septi\u00e8me jour au Belize, \u00ab Brian Townsend est venu travailler dans la Communaut\u00e9 de la Vall\u00e9e de la Paix, aidant \u00e0 construire une \u00e9cole et \u00e9glise qui compte aujourd\u2019hui environ 50 membres. Il est rest\u00e9 apr\u00e8s la fin de la construction, continuant \u00e0 travailler \u00e0 l\u2019am\u00e9lioration de la vie dans la communaut\u00e9 locale. \u00bb<\/p>\n<p>Le 30 d\u00e9cembre, Kory Townsend, accompagn\u00e9 de Patricia St Jean et de l\u2019Equipe d\u2019Intervention et de Secours dans les Catastrophes au Belize, a visit\u00e9 la maison de Brian Townsend au Belize et a rejoint les recherches. Alors qu\u2019il se trouvait encore dans la maison, les voisins et les membres locaux de l\u2019Eglise Adventiste du Septi\u00e8me jour n\u2019ont pas arr\u00eat\u00e9 de d\u00e9filer pour t\u00e9moigner de l\u2019importance qu\u2019avait Brian Townsend dans leur vie.<\/p>\n<p>\u00ab Brian a \u00e9t\u00e9 pour moi un mod\u00e8le, il m\u2019a beaucoup appris \u00e0 propos du travail des missions, \u00bb a dit Miguel Ico, un ancien d\u2019\u00e9glise local. \u00ab Gr\u00e2ce \u00e0 ses efforts, l\u2019\u00e9cole secondaire Adventiste du Septi\u00e8me jour de la Vall\u00e9e de la Paix a \u00e9t\u00e9 construite. \u00bb<\/p>\n<p>Enrique Depaz a aussi b\u00e9n\u00e9fici\u00e9 de la gentillesse de Brian Townsend. Il vivait dans la maison de Townsend, mais \u00e9tait absent lorsque Brian a \u00e9t\u00e9 port\u00e9 disparu. Enrique le d\u00e9crit comme un \u00ab homme tr\u00e8s positif, tr\u00e8s intelligent, il disait toujours aux gens comment vivre un style de vie Chr\u00e9tien. \u00bb Il se rappelle de Brian Townsend comme \u00e9tant un homme fort qui s\u2019appuyait sur sa foi compl\u00e8tement : il n\u2019a jamais montr\u00e9 de peur pour quoi que ce soit, parce qu\u2019il comptait toujours sur Dieu. \u00bb Les autres ont relat\u00e9 des r\u00e9cits similaires. Kory Townsend a racont\u00e9 l\u2019histoire d\u2019un voisin qui lui a dit qu\u2019ils avaient choisi de nommer leur nouveau n\u00e9 en l\u2019honneur de Brian Townsend.<\/p>\n<p>Le soir du 2 janvier, Ian Townsend, le beau-fils de Brian qui a organis\u00e9 les efforts de la famille sur Facebook, a \u00e9crit : \u00ab Avec des c\u0153urs lourds, nous vous informons que le corps retrouv\u00e9 au Guatemala est bien celui de Brian Townsend. Nous voulons que vous sachiez \u00e0 quel point le soutien et les pri\u00e8res que nous recevons de vous comptent pour nous. \u00bb<\/p>\n<p>Reportage additionnel de Tim Wolfer.<\/p>\n<p>Traduction: Patrick Luciathe<\/p>\n","protected":false},"excerpt":{"rendered":"<p>Le d\u00e9c\u00e8s d\u2019un missionnaire Adventiste du Septi\u00e8me jour port\u00e9 disparu au Belize depuis une semaine a \u00e9t\u00e9 confirm\u00e9 le 2 janvier d\u2019apr\u00e8s ce qu\u2019indiquent les rapports des m\u00e9dias. Brian Townsend, un missionnaire vivant dans la r\u00e9gion de la Vall\u00e9e de la Paix au Belize, a disparu le 24 d\u00e9cembre 2013.<\/p>\n","protected":false},"author":1,"featured_media":22454,"comment_status":"closed","ping_status":"closed","sticky":false,"template":"","format":"standard","meta":{"_acf_changed":false,"footnotes":""},"categories":[18],"tags":[],"class_list":["post-31847","post","type-post","status-publish","format-standard","has-post-thumbnail","hentry","category-nouvelles-de-leglise-mondiale"],"acf":[],"yoast_head":"<!-- This site is optimized with the Yoast SEO plugin v27.3 - https:\/\/yoast.com\/product\/yoast-seo-wordpress\/ -->\n<title>Confirmation de la mort du missionnaire Adventiste canadien port\u00e9 disparu - \u00c9glise Adventiste Du Septieme Jour - Inter Am\u00e9rique Division<\/title>\n<meta name=\"robots\" content=\"index, follow, max-snippet:-1, max-image-preview:large, max-video-preview:-1\" \/>\n<link rel=\"canonical\" href=\"https:\/\/interamerica.org\/fr\/2014\/01\/confirmation-de-la-mort-du-missionnaire-adventiste-canadien-porte-disparu\/\" \/>\n<meta property=\"og:locale\" content=\"fr_FR\" \/>\n<meta property=\"og:type\" content=\"article\" \/>\n<meta property=\"og:title\" content=\"Confirmation de la mort du missionnaire Adventiste canadien port\u00e9 disparu - \u00c9glise Adventiste Du Septieme Jour - Inter Am\u00e9rique Division\" \/>\n<meta property=\"og:description\" content=\"Le d\u00e9c\u00e8s d\u2019un missionnaire Adventiste du Septi\u00e8me jour port\u00e9 disparu au Belize depuis une semaine a \u00e9t\u00e9 confirm\u00e9 le 2 janvier d\u2019apr\u00e8s ce qu\u2019indiquent les rapports des m\u00e9dias. Brian Townsend, un missionnaire vivant dans la r\u00e9gion de la Vall\u00e9e de la Paix au Belize, a disparu le 24 d\u00e9cembre 2013.\" \/>\n<meta property=\"og:url\" content=\"https:\/\/interamerica.org\/fr\/2014\/01\/confirmation-de-la-mort-du-missionnaire-adventiste-canadien-porte-disparu\/\" \/>\n<meta property=\"og:site_name\" content=\"\u00c9glise Adventiste Du Septieme Jour - Inter Am\u00e9rique Division\" \/>\n<meta property=\"article:published_time\" content=\"2014-01-07T04:00:00+00:00\" \/>\n<meta property=\"og:image\" content=\"https:\/\/interamerica.org\/wp-content\/uploads\/2017\/06\/csm_townsend-web_cf77e17e5c.jpg\" \/>\n\t<meta property=\"og:image:width\" content=\"400\" \/>\n\t<meta property=\"og:image:height\" content=\"277\" \/>\n\t<meta property=\"og:image:type\" content=\"image\/jpeg\" \/>\n<meta name=\"author\" content=\"Lorenzo Verduzco\" \/>\n<meta name=\"twitter:card\" content=\"summary_large_image\" \/>\n<meta name=\"twitter:label1\" content=\"\u00c9crit par\" \/>\n\t<meta name=\"twitter:data1\" content=\"Lorenzo Verduzco\" \/>\n\t<meta name=\"twitter:label2\" content=\"Dur\u00e9e de lecture estim\u00e9e\" \/>\n\t<meta name=\"twitter:data2\" content=\"5 minutes\" \/>\n<script type=\"application\/ld+json\" class=\"yoast-schema-graph\">{\"@context\":\"https:\\\/\\\/schema.org\",\"@graph\":[{\"@type\":\"Article\",\"@id\":\"https:\\\/\\\/interamerica.org\\\/fr\\\/2014\\\/01\\\/confirmation-de-la-mort-du-missionnaire-adventiste-canadien-porte-disparu\\\/#article\",\"isPartOf\":{\"@id\":\"https:\\\/\\\/interamerica.org\\\/fr\\\/2014\\\/01\\\/confirmation-de-la-mort-du-missionnaire-adventiste-canadien-porte-disparu\\\/\"},\"author\":{\"name\":\"Lorenzo Verduzco\",\"@id\":\"https:\\\/\\\/interamerica.org\\\/fr\\\/#\\\/schema\\\/person\\\/68ede8bdc292885bb76c1e3810e73c39\"},\"headline\":\"Confirmation de la mort du missionnaire Adventiste canadien port\u00e9 disparu\",\"datePublished\":\"2014-01-07T04:00:00+00:00\",\"mainEntityOfPage\":{\"@id\":\"https:\\\/\\\/interamerica.org\\\/fr\\\/2014\\\/01\\\/confirmation-de-la-mort-du-missionnaire-adventiste-canadien-porte-disparu\\\/\"},\"wordCount\":1061,\"image\":{\"@id\":\"https:\\\/\\\/interamerica.org\\\/fr\\\/2014\\\/01\\\/confirmation-de-la-mort-du-missionnaire-adventiste-canadien-porte-disparu\\\/#primaryimage\"},\"thumbnailUrl\":\"https:\\\/\\\/interamerica.org\\\/wp-content\\\/uploads\\\/2017\\\/06\\\/csm_townsend-web_cf77e17e5c.jpg\",\"articleSection\":[\"Nouvelles de l'\u00c9glise mondiale\"],\"inLanguage\":\"fr-FR\"},{\"@type\":\"WebPage\",\"@id\":\"https:\\\/\\\/interamerica.org\\\/fr\\\/2014\\\/01\\\/confirmation-de-la-mort-du-missionnaire-adventiste-canadien-porte-disparu\\\/\",\"url\":\"https:\\\/\\\/interamerica.org\\\/fr\\\/2014\\\/01\\\/confirmation-de-la-mort-du-missionnaire-adventiste-canadien-porte-disparu\\\/\",\"name\":\"Confirmation de la mort du missionnaire Adventiste canadien port\u00e9 disparu - \u00c9glise Adventiste Du Septieme Jour - Inter Am\u00e9rique Division\",\"isPartOf\":{\"@id\":\"https:\\\/\\\/interamerica.org\\\/fr\\\/#website\"},\"primaryImageOfPage\":{\"@id\":\"https:\\\/\\\/interamerica.org\\\/fr\\\/2014\\\/01\\\/confirmation-de-la-mort-du-missionnaire-adventiste-canadien-porte-disparu\\\/#primaryimage\"},\"image\":{\"@id\":\"https:\\\/\\\/interamerica.org\\\/fr\\\/2014\\\/01\\\/confirmation-de-la-mort-du-missionnaire-adventiste-canadien-porte-disparu\\\/#primaryimage\"},\"thumbnailUrl\":\"https:\\\/\\\/interamerica.org\\\/wp-content\\\/uploads\\\/2017\\\/06\\\/csm_townsend-web_cf77e17e5c.jpg\",\"datePublished\":\"2014-01-07T04:00:00+00:00\",\"author\":{\"@id\":\"https:\\\/\\\/interamerica.org\\\/fr\\\/#\\\/schema\\\/person\\\/68ede8bdc292885bb76c1e3810e73c39\"},\"breadcrumb\":{\"@id\":\"https:\\\/\\\/interamerica.org\\\/fr\\\/2014\\\/01\\\/confirmation-de-la-mort-du-missionnaire-adventiste-canadien-porte-disparu\\\/#breadcrumb\"},\"inLanguage\":\"fr-FR\",\"potentialAction\":[{\"@type\":\"ReadAction\",\"target\":[\"https:\\\/\\\/interamerica.org\\\/fr\\\/2014\\\/01\\\/confirmation-de-la-mort-du-missionnaire-adventiste-canadien-porte-disparu\\\/\"]}]},{\"@type\":\"ImageObject\",\"inLanguage\":\"fr-FR\",\"@id\":\"https:\\\/\\\/interamerica.org\\\/fr\\\/2014\\\/01\\\/confirmation-de-la-mort-du-missionnaire-adventiste-canadien-porte-disparu\\\/#primaryimage\",\"url\":\"https:\\\/\\\/interamerica.org\\\/wp-content\\\/uploads\\\/2017\\\/06\\\/csm_townsend-web_cf77e17e5c.jpg\",\"contentUrl\":\"https:\\\/\\\/interamerica.org\\\/wp-content\\\/uploads\\\/2017\\\/06\\\/csm_townsend-web_cf77e17e5c.jpg\",\"width\":400,\"height\":277},{\"@type\":\"BreadcrumbList\",\"@id\":\"https:\\\/\\\/interamerica.org\\\/fr\\\/2014\\\/01\\\/confirmation-de-la-mort-du-missionnaire-adventiste-canadien-porte-disparu\\\/#breadcrumb\",\"itemListElement\":[{\"@type\":\"ListItem\",\"position\":1,\"name\":\"Home\",\"item\":\"https:\\\/\\\/interamerica.org\\\/fr\\\/\"},{\"@type\":\"ListItem\",\"position\":2,\"name\":\"Confirmation de la mort du missionnaire Adventiste canadien port\u00e9 disparu\"}]},{\"@type\":\"WebSite\",\"@id\":\"https:\\\/\\\/interamerica.org\\\/fr\\\/#website\",\"url\":\"https:\\\/\\\/interamerica.org\\\/fr\\\/\",\"name\":\"\u00c9glise Adventiste Du Septieme Jour - Inter Am\u00e9rique Division\",\"description\":\"\",\"potentialAction\":[{\"@type\":\"SearchAction\",\"target\":{\"@type\":\"EntryPoint\",\"urlTemplate\":\"https:\\\/\\\/interamerica.org\\\/fr\\\/?s={search_term_string}\"},\"query-input\":{\"@type\":\"PropertyValueSpecification\",\"valueRequired\":true,\"valueName\":\"search_term_string\"}}],\"inLanguage\":\"fr-FR\"},{\"@type\":\"Person\",\"@id\":\"https:\\\/\\\/interamerica.org\\\/fr\\\/#\\\/schema\\\/person\\\/68ede8bdc292885bb76c1e3810e73c39\",\"name\":\"Lorenzo Verduzco\",\"image\":{\"@type\":\"ImageObject\",\"inLanguage\":\"fr-FR\",\"@id\":\"https:\\\/\\\/secure.gravatar.com\\\/avatar\\\/fb81a55b6218459490a9c1dc841a34909185b81904c5337b4b27f7a6fd60c49e?s=96&d=mm&r=g\",\"url\":\"https:\\\/\\\/secure.gravatar.com\\\/avatar\\\/fb81a55b6218459490a9c1dc841a34909185b81904c5337b4b27f7a6fd60c49e?s=96&d=mm&r=g\",\"contentUrl\":\"https:\\\/\\\/secure.gravatar.com\\\/avatar\\\/fb81a55b6218459490a9c1dc841a34909185b81904c5337b4b27f7a6fd60c49e?s=96&d=mm&r=g\",\"caption\":\"Lorenzo Verduzco\"}}]}<\/script>\n<!-- \/ Yoast SEO plugin. -->","yoast_head_json":{"title":"Confirmation de la mort du missionnaire Adventiste canadien port\u00e9 disparu - \u00c9glise Adventiste Du Septieme Jour - Inter Am\u00e9rique Division","robots":{"index":"index","follow":"follow","max-snippet":"max-snippet:-1","max-image-preview":"max-image-preview:large","max-video-preview":"max-video-preview:-1"},"canonical":"https:\/\/interamerica.org\/fr\/2014\/01\/confirmation-de-la-mort-du-missionnaire-adventiste-canadien-porte-disparu\/","og_locale":"fr_FR","og_type":"article","og_title":"Confirmation de la mort du missionnaire Adventiste canadien port\u00e9 disparu - \u00c9glise Adventiste Du Septieme Jour - Inter Am\u00e9rique Division","og_description":"Le d\u00e9c\u00e8s d\u2019un missionnaire Adventiste du Septi\u00e8me jour port\u00e9 disparu au Belize depuis une semaine a \u00e9t\u00e9 confirm\u00e9 le 2 janvier d\u2019apr\u00e8s ce qu\u2019indiquent les rapports des m\u00e9dias. Brian Townsend, un missionnaire vivant dans la r\u00e9gion de la Vall\u00e9e de la Paix au Belize, a disparu le 24 d\u00e9cembre 2013.","og_url":"https:\/\/interamerica.org\/fr\/2014\/01\/confirmation-de-la-mort-du-missionnaire-adventiste-canadien-porte-disparu\/","og_site_name":"\u00c9glise Adventiste Du Septieme Jour - Inter Am\u00e9rique Division","article_published_time":"2014-01-07T04:00:00+00:00","og_image":[{"width":400,"height":277,"url":"https:\/\/interamerica.org\/wp-content\/uploads\/2017\/06\/csm_townsend-web_cf77e17e5c.jpg","type":"image\/jpeg"}],"author":"Lorenzo Verduzco","twitter_card":"summary_large_image","twitter_misc":{"\u00c9crit par":"Lorenzo Verduzco","Dur\u00e9e de lecture estim\u00e9e":"5 minutes"},"schema":{"@context":"https:\/\/schema.org","@graph":[{"@type":"Article","@id":"https:\/\/interamerica.org\/fr\/2014\/01\/confirmation-de-la-mort-du-missionnaire-adventiste-canadien-porte-disparu\/#article","isPartOf":{"@id":"https:\/\/interamerica.org\/fr\/2014\/01\/confirmation-de-la-mort-du-missionnaire-adventiste-canadien-porte-disparu\/"},"author":{"name":"Lorenzo Verduzco","@id":"https:\/\/interamerica.org\/fr\/#\/schema\/person\/68ede8bdc292885bb76c1e3810e73c39"},"headline":"Confirmation de la mort du missionnaire Adventiste canadien port\u00e9 disparu","datePublished":"2014-01-07T04:00:00+00:00","mainEntityOfPage":{"@id":"https:\/\/interamerica.org\/fr\/2014\/01\/confirmation-de-la-mort-du-missionnaire-adventiste-canadien-porte-disparu\/"},"wordCount":1061,"image":{"@id":"https:\/\/interamerica.org\/fr\/2014\/01\/confirmation-de-la-mort-du-missionnaire-adventiste-canadien-porte-disparu\/#primaryimage"},"thumbnailUrl":"https:\/\/interamerica.org\/wp-content\/uploads\/2017\/06\/csm_townsend-web_cf77e17e5c.jpg","articleSection":["Nouvelles de l'\u00c9glise mondiale"],"inLanguage":"fr-FR"},{"@type":"WebPage","@id":"https:\/\/interamerica.org\/fr\/2014\/01\/confirmation-de-la-mort-du-missionnaire-adventiste-canadien-porte-disparu\/","url":"https:\/\/interamerica.org\/fr\/2014\/01\/confirmation-de-la-mort-du-missionnaire-adventiste-canadien-porte-disparu\/","name":"Confirmation de la mort du missionnaire Adventiste canadien port\u00e9 disparu - \u00c9glise Adventiste Du Septieme Jour - Inter Am\u00e9rique Division","isPartOf":{"@id":"https:\/\/interamerica.org\/fr\/#website"},"primaryImageOfPage":{"@id":"https:\/\/interamerica.org\/fr\/2014\/01\/confirmation-de-la-mort-du-missionnaire-adventiste-canadien-porte-disparu\/#primaryimage"},"image":{"@id":"https:\/\/interamerica.org\/fr\/2014\/01\/confirmation-de-la-mort-du-missionnaire-adventiste-canadien-porte-disparu\/#primaryimage"},"thumbnailUrl":"https:\/\/interamerica.org\/wp-content\/uploads\/2017\/06\/csm_townsend-web_cf77e17e5c.jpg","datePublished":"2014-01-07T04:00:00+00:00","author":{"@id":"https:\/\/interamerica.org\/fr\/#\/schema\/person\/68ede8bdc292885bb76c1e3810e73c39"},"breadcrumb":{"@id":"https:\/\/interamerica.org\/fr\/2014\/01\/confirmation-de-la-mort-du-missionnaire-adventiste-canadien-porte-disparu\/#breadcrumb"},"inLanguage":"fr-FR","potentialAction":[{"@type":"ReadAction","target":["https:\/\/interamerica.org\/fr\/2014\/01\/confirmation-de-la-mort-du-missionnaire-adventiste-canadien-porte-disparu\/"]}]},{"@type":"ImageObject","inLanguage":"fr-FR","@id":"https:\/\/interamerica.org\/fr\/2014\/01\/confirmation-de-la-mort-du-missionnaire-adventiste-canadien-porte-disparu\/#primaryimage","url":"https:\/\/interamerica.org\/wp-content\/uploads\/2017\/06\/csm_townsend-web_cf77e17e5c.jpg","contentUrl":"https:\/\/interamerica.org\/wp-content\/uploads\/2017\/06\/csm_townsend-web_cf77e17e5c.jpg","width":400,"height":277},{"@type":"BreadcrumbList","@id":"https:\/\/interamerica.org\/fr\/2014\/01\/confirmation-de-la-mort-du-missionnaire-adventiste-canadien-porte-disparu\/#breadcrumb","itemListElement":[{"@type":"ListItem","position":1,"name":"Home","item":"https:\/\/interamerica.org\/fr\/"},{"@type":"ListItem","position":2,"name":"Confirmation de la mort du missionnaire Adventiste canadien port\u00e9 disparu"}]},{"@type":"WebSite","@id":"https:\/\/interamerica.org\/fr\/#website","url":"https:\/\/interamerica.org\/fr\/","name":"\u00c9glise Adventiste Du Septieme Jour - Inter Am\u00e9rique Division","description":"","potentialAction":[{"@type":"SearchAction","target":{"@type":"EntryPoint","urlTemplate":"https:\/\/interamerica.org\/fr\/?s={search_term_string}"},"query-input":{"@type":"PropertyValueSpecification","valueRequired":true,"valueName":"search_term_string"}}],"inLanguage":"fr-FR"},{"@type":"Person","@id":"https:\/\/interamerica.org\/fr\/#\/schema\/person\/68ede8bdc292885bb76c1e3810e73c39","name":"Lorenzo Verduzco","image":{"@type":"ImageObject","inLanguage":"fr-FR","@id":"https:\/\/secure.gravatar.com\/avatar\/fb81a55b6218459490a9c1dc841a34909185b81904c5337b4b27f7a6fd60c49e?s=96&d=mm&r=g","url":"https:\/\/secure.gravatar.com\/avatar\/fb81a55b6218459490a9c1dc841a34909185b81904c5337b4b27f7a6fd60c49e?s=96&d=mm&r=g","contentUrl":"https:\/\/secure.gravatar.com\/avatar\/fb81a55b6218459490a9c1dc841a34909185b81904c5337b4b27f7a6fd60c49e?s=96&d=mm&r=g","caption":"Lorenzo Verduzco"}}]}},"_links":{"self":[{"href":"https:\/\/interamerica.org\/fr\/wp-json\/wp\/v2\/posts\/31847","targetHints":{"allow":["GET"]}}],"collection":[{"href":"https:\/\/interamerica.org\/fr\/wp-json\/wp\/v2\/posts"}],"about":[{"href":"https:\/\/interamerica.org\/fr\/wp-json\/wp\/v2\/types\/post"}],"author":[{"embeddable":true,"href":"https:\/\/interamerica.org\/fr\/wp-json\/wp\/v2\/users\/1"}],"replies":[{"embeddable":true,"href":"https:\/\/interamerica.org\/fr\/wp-json\/wp\/v2\/comments?post=31847"}],"version-history":[{"count":0,"href":"https:\/\/interamerica.org\/fr\/wp-json\/wp\/v2\/posts\/31847\/revisions"}],"wp:featuredmedia":[{"embeddable":true,"href":"https:\/\/interamerica.org\/fr\/wp-json\/wp\/v2\/media\/22454"}],"wp:attachment":[{"href":"https:\/\/interamerica.org\/fr\/wp-json\/wp\/v2\/media?parent=31847"}],"wp:term":[{"taxonomy":"category","embeddable":true,"href":"https:\/\/interamerica.org\/fr\/wp-json\/wp\/v2\/categories?post=31847"},{"taxonomy":"post_tag","embeddable":true,"href":"https:\/\/interamerica.org\/fr\/wp-json\/wp\/v2\/tags?post=31847"}],"curies":[{"name":"wp","href":"https:\/\/api.w.org\/{rel}","templated":true}]}}