{"id":31848,"date":"2014-01-09T00:00:00","date_gmt":"2014-01-09T04:00:00","guid":{"rendered":"http:\/\/192.81.217.108\/interamerica\/2014\/01\/au-malawi-huit-membres-deglise-tues-par-la-foudre-le-dernier-samedi-de-2013\/"},"modified":"2014-01-09T00:00:00","modified_gmt":"2014-01-09T04:00:00","slug":"au-malawi-huit-membres-deglise-tues-par-la-foudre-le-dernier-samedi-de-2013","status":"publish","type":"post","link":"https:\/\/interamerica.org\/fr\/2014\/01\/au-malawi-huit-membres-deglise-tues-par-la-foudre-le-dernier-samedi-de-2013\/","title":{"rendered":"Au Malawi, huit membres d\u2019\u00e9glise tu\u00e9s par la foudre le dernier samedi de 2013"},"content":{"rendered":"<p>8 janvier 2014 \u2013 Lilongwe, Malawi\u2026Auteur : Eaton Kanyandula\/ANN<\/p>\n<div id=\"attachment_10278\" style=\"width: 310px\" class=\"wp-caption alignleft\"><a href=\"\/interamerica\/wp-content\/uploads\/2017\/06\/csm_mal-inside_50307bb137.jpg\" rel=\"fancybox\" title=\"Au Malawi, huit membres d\u2019\u00e9glise tu\u00e9s par la foudre le dernier samedi de 2013\"><img fetchpriority=\"high\" decoding=\"async\" aria-describedby=\"caption-attachment-10278\" class=\"size-medium wp-image-10278\" src=\"\/interamerica\/wp-content\/uploads\/2017\/06\/csm_mal-inside_50307bb137-300x217.jpg\" alt=\"\" width=\"300\" height=\"217\" \/><\/a><p id=\"caption-attachment-10278\" class=\"wp-caption-text\">Frackson Kuyama, pr\u00e9sident de l\u2019Union Mission Adventiste du Malawi, s\u2019exprime le 30 d\u00e9cembre dernier \u00e0 l\u2019occasion des fun\u00e9railles de huit membres d\u2019\u00e9glise tu\u00e9s par la foudre deux jours auparavant. Des centaines de membres de la communaut\u00e9 et de repr\u00e9sentants du gouvernement \u00e9tait pr\u00e9sents aux fun\u00e9railles. Assis \u00e0 gauche sur une chaise rouge se trouve le Vice-Pr\u00e9sident du Malawi, Khumbo Kachali. Image Union du Malawi.<\/p><\/div>\n<p>Le dernier samedi de l\u2019ann\u00e9e 2013 a \u00e9t\u00e9 un jour tragique pour l\u2019Eglise Adventiste du Septi\u00e8me jour pour la nation du Malawi dans le sud de l\u2019Afrique, lorsque la foudre a frapp\u00e9 une congr\u00e9gation, tuant huit membres et blessant de nombreux autres.<\/p>\n<p>La foudre s\u2019est abattue sur l\u2019\u00e9glise Adventiste du Septi\u00e8me jour de Chisiyo dans la ville capitale de Lilongwe peu apr\u00e8s une pluie torrentielle dans l\u2019apr\u00e8s midi du 28 d\u00e9cembre, faisant tomber inconscients la plupart des 200 membres. Les bless\u00e9s ont \u00e9t\u00e9 conduits dans un h\u00f4pital \u00e0 une quinzaine de kilom\u00e8tres de l\u00e0.<\/p>\n<p>Huit personnes ont trouv\u00e9 la mort, y compris quatre membres de la Soci\u00e9t\u00e9 Dorcas et quatre membres de la Soci\u00e9t\u00e9 de Jeunesse. L\u2019un d\u2019entre eux \u00e9tait membre d\u2019un groupe de chant venu pour pr\u00e9senter un programme musical.<\/p>\n<p>Le service du sabbat avait \u00e9t\u00e9 prolong\u00e9 pour inclure une Sainte C\u00e8ne et une c\u00e9r\u00e9monie de transfert de leadership.<\/p>\n<p>Les Adventistes des autres secteurs de la ville se sont pr\u00e9cipit\u00e9s sur les lieux pour offrir leur aide, de l\u2019argent et du soutien \u00e9motionnel.<\/p>\n<p>Le gouvernement du Malawi a \u00e9galement r\u00e9agi en proposant de la nourriture, des moyens de transport ainsi que d\u2019autres \u00e9l\u00e9ments n\u00e9cessaires pour les fun\u00e9railles.<\/p>\n<p>Des centaines de membres de la communaut\u00e9 et de repr\u00e9sentants du gouvernement ont assist\u00e9 aux fun\u00e9railles le 30 d\u00e9cembre.<\/p>\n<p>\u00ab Continuons de prier pour les familles endeuill\u00e9es et pour les membres de l\u2019\u00e9glise [Adventiste] de Chisiyo, \u00bb a d\u00e9clar\u00e9 M.S.J. Kadyakapita, professeur \u00e0 l\u2019Universit\u00e9 Adventiste du Malawi. \u00ab Priez que le rassemblement de la communaut\u00e9 \u00e0 l\u2019\u00e9glise ne provoque pas de souvenirs douloureux et effrayants parmi nos membres. \u00bb<\/p>\n<p>Il y a environ 393000 membres d\u2019\u00e9glise Adventistes au Malawi.<\/p>\n<p>Traduction: Patrick Luciathe<\/p>\n","protected":false},"excerpt":{"rendered":"<p>Le dernier samedi de l\u2019ann\u00e9e 2013 a \u00e9t\u00e9 un jour tragique pour l\u2019Eglise Adventiste du Septi\u00e8me jour pour la nation du Malawi dans le sud de l\u2019Afrique, lorsque la foudre a frapp\u00e9 une congr\u00e9gation, tuant huit membres et blessant de nombreux autres.<\/p>\n","protected":false},"author":1,"featured_media":22458,"comment_status":"closed","ping_status":"closed","sticky":false,"template":"","format":"standard","meta":{"_acf_changed":false,"footnotes":""},"categories":[18],"tags":[],"class_list":["post-31848","post","type-post","status-publish","format-standard","has-post-thumbnail","hentry","category-nouvelles-de-leglise-mondiale"],"acf":[],"yoast_head":"<!-- This site is optimized with the Yoast SEO plugin v27.3 - https:\/\/yoast.com\/product\/yoast-seo-wordpress\/ -->\n<title>Au Malawi, huit membres d\u2019\u00e9glise tu\u00e9s par la foudre le dernier samedi de 2013 - \u00c9glise Adventiste Du Septieme Jour - Inter Am\u00e9rique Division<\/title>\n<meta name=\"robots\" content=\"index, follow, max-snippet:-1, max-image-preview:large, max-video-preview:-1\" \/>\n<link rel=\"canonical\" href=\"https:\/\/interamerica.org\/fr\/2014\/01\/au-malawi-huit-membres-deglise-tues-par-la-foudre-le-dernier-samedi-de-2013\/\" \/>\n<meta property=\"og:locale\" content=\"fr_FR\" \/>\n<meta property=\"og:type\" content=\"article\" \/>\n<meta property=\"og:title\" content=\"Au Malawi, huit membres d\u2019\u00e9glise tu\u00e9s par la foudre le dernier samedi de 2013 - \u00c9glise Adventiste Du Septieme Jour - Inter Am\u00e9rique Division\" \/>\n<meta property=\"og:description\" content=\"Le dernier samedi de l\u2019ann\u00e9e 2013 a \u00e9t\u00e9 un jour tragique pour l\u2019Eglise Adventiste du Septi\u00e8me jour pour la nation du Malawi dans le sud de l\u2019Afrique, lorsque la foudre a frapp\u00e9 une congr\u00e9gation, tuant huit membres et blessant de nombreux autres.\" \/>\n<meta property=\"og:url\" content=\"https:\/\/interamerica.org\/fr\/2014\/01\/au-malawi-huit-membres-deglise-tues-par-la-foudre-le-dernier-samedi-de-2013\/\" \/>\n<meta property=\"og:site_name\" content=\"\u00c9glise Adventiste Du Septieme Jour - Inter Am\u00e9rique Division\" \/>\n<meta property=\"article:published_time\" content=\"2014-01-09T04:00:00+00:00\" \/>\n<meta property=\"og:image\" content=\"https:\/\/interamerica.org\/wp-content\/uploads\/2017\/06\/csm_mal-inside_50307bb137.jpg\" \/>\n\t<meta property=\"og:image:width\" content=\"400\" \/>\n\t<meta property=\"og:image:height\" content=\"290\" \/>\n\t<meta property=\"og:image:type\" content=\"image\/jpeg\" \/>\n<meta name=\"author\" content=\"Lorenzo Verduzco\" \/>\n<meta name=\"twitter:card\" content=\"summary_large_image\" \/>\n<meta name=\"twitter:label1\" content=\"\u00c9crit par\" \/>\n\t<meta name=\"twitter:data1\" content=\"Lorenzo Verduzco\" \/>\n\t<meta name=\"twitter:label2\" content=\"Dur\u00e9e de lecture estim\u00e9e\" \/>\n\t<meta name=\"twitter:data2\" content=\"2 minutes\" \/>\n<script type=\"application\/ld+json\" class=\"yoast-schema-graph\">{\"@context\":\"https:\\\/\\\/schema.org\",\"@graph\":[{\"@type\":\"Article\",\"@id\":\"https:\\\/\\\/interamerica.org\\\/fr\\\/2014\\\/01\\\/au-malawi-huit-membres-deglise-tues-par-la-foudre-le-dernier-samedi-de-2013\\\/#article\",\"isPartOf\":{\"@id\":\"https:\\\/\\\/interamerica.org\\\/fr\\\/2014\\\/01\\\/au-malawi-huit-membres-deglise-tues-par-la-foudre-le-dernier-samedi-de-2013\\\/\"},\"author\":{\"name\":\"Lorenzo Verduzco\",\"@id\":\"https:\\\/\\\/interamerica.org\\\/fr\\\/#\\\/schema\\\/person\\\/68ede8bdc292885bb76c1e3810e73c39\"},\"headline\":\"Au Malawi, huit membres d\u2019\u00e9glise tu\u00e9s par la foudre le dernier samedi de 2013\",\"datePublished\":\"2014-01-09T04:00:00+00:00\",\"mainEntityOfPage\":{\"@id\":\"https:\\\/\\\/interamerica.org\\\/fr\\\/2014\\\/01\\\/au-malawi-huit-membres-deglise-tues-par-la-foudre-le-dernier-samedi-de-2013\\\/\"},\"wordCount\":414,\"image\":{\"@id\":\"https:\\\/\\\/interamerica.org\\\/fr\\\/2014\\\/01\\\/au-malawi-huit-membres-deglise-tues-par-la-foudre-le-dernier-samedi-de-2013\\\/#primaryimage\"},\"thumbnailUrl\":\"https:\\\/\\\/interamerica.org\\\/wp-content\\\/uploads\\\/2017\\\/06\\\/csm_mal-inside_50307bb137.jpg\",\"articleSection\":[\"Nouvelles de l'\u00c9glise mondiale\"],\"inLanguage\":\"fr-FR\"},{\"@type\":\"WebPage\",\"@id\":\"https:\\\/\\\/interamerica.org\\\/fr\\\/2014\\\/01\\\/au-malawi-huit-membres-deglise-tues-par-la-foudre-le-dernier-samedi-de-2013\\\/\",\"url\":\"https:\\\/\\\/interamerica.org\\\/fr\\\/2014\\\/01\\\/au-malawi-huit-membres-deglise-tues-par-la-foudre-le-dernier-samedi-de-2013\\\/\",\"name\":\"Au Malawi, huit membres d\u2019\u00e9glise tu\u00e9s par la foudre le dernier samedi de 2013 - \u00c9glise Adventiste Du Septieme Jour - Inter Am\u00e9rique Division\",\"isPartOf\":{\"@id\":\"https:\\\/\\\/interamerica.org\\\/fr\\\/#website\"},\"primaryImageOfPage\":{\"@id\":\"https:\\\/\\\/interamerica.org\\\/fr\\\/2014\\\/01\\\/au-malawi-huit-membres-deglise-tues-par-la-foudre-le-dernier-samedi-de-2013\\\/#primaryimage\"},\"image\":{\"@id\":\"https:\\\/\\\/interamerica.org\\\/fr\\\/2014\\\/01\\\/au-malawi-huit-membres-deglise-tues-par-la-foudre-le-dernier-samedi-de-2013\\\/#primaryimage\"},\"thumbnailUrl\":\"https:\\\/\\\/interamerica.org\\\/wp-content\\\/uploads\\\/2017\\\/06\\\/csm_mal-inside_50307bb137.jpg\",\"datePublished\":\"2014-01-09T04:00:00+00:00\",\"author\":{\"@id\":\"https:\\\/\\\/interamerica.org\\\/fr\\\/#\\\/schema\\\/person\\\/68ede8bdc292885bb76c1e3810e73c39\"},\"breadcrumb\":{\"@id\":\"https:\\\/\\\/interamerica.org\\\/fr\\\/2014\\\/01\\\/au-malawi-huit-membres-deglise-tues-par-la-foudre-le-dernier-samedi-de-2013\\\/#breadcrumb\"},\"inLanguage\":\"fr-FR\",\"potentialAction\":[{\"@type\":\"ReadAction\",\"target\":[\"https:\\\/\\\/interamerica.org\\\/fr\\\/2014\\\/01\\\/au-malawi-huit-membres-deglise-tues-par-la-foudre-le-dernier-samedi-de-2013\\\/\"]}]},{\"@type\":\"ImageObject\",\"inLanguage\":\"fr-FR\",\"@id\":\"https:\\\/\\\/interamerica.org\\\/fr\\\/2014\\\/01\\\/au-malawi-huit-membres-deglise-tues-par-la-foudre-le-dernier-samedi-de-2013\\\/#primaryimage\",\"url\":\"https:\\\/\\\/interamerica.org\\\/wp-content\\\/uploads\\\/2017\\\/06\\\/csm_mal-inside_50307bb137.jpg\",\"contentUrl\":\"https:\\\/\\\/interamerica.org\\\/wp-content\\\/uploads\\\/2017\\\/06\\\/csm_mal-inside_50307bb137.jpg\",\"width\":400,\"height\":290},{\"@type\":\"BreadcrumbList\",\"@id\":\"https:\\\/\\\/interamerica.org\\\/fr\\\/2014\\\/01\\\/au-malawi-huit-membres-deglise-tues-par-la-foudre-le-dernier-samedi-de-2013\\\/#breadcrumb\",\"itemListElement\":[{\"@type\":\"ListItem\",\"position\":1,\"name\":\"Home\",\"item\":\"https:\\\/\\\/interamerica.org\\\/fr\\\/\"},{\"@type\":\"ListItem\",\"position\":2,\"name\":\"Au Malawi, huit membres d\u2019\u00e9glise tu\u00e9s par la foudre le dernier samedi de 2013\"}]},{\"@type\":\"WebSite\",\"@id\":\"https:\\\/\\\/interamerica.org\\\/fr\\\/#website\",\"url\":\"https:\\\/\\\/interamerica.org\\\/fr\\\/\",\"name\":\"\u00c9glise Adventiste Du Septieme Jour - Inter Am\u00e9rique Division\",\"description\":\"\",\"potentialAction\":[{\"@type\":\"SearchAction\",\"target\":{\"@type\":\"EntryPoint\",\"urlTemplate\":\"https:\\\/\\\/interamerica.org\\\/fr\\\/?s={search_term_string}\"},\"query-input\":{\"@type\":\"PropertyValueSpecification\",\"valueRequired\":true,\"valueName\":\"search_term_string\"}}],\"inLanguage\":\"fr-FR\"},{\"@type\":\"Person\",\"@id\":\"https:\\\/\\\/interamerica.org\\\/fr\\\/#\\\/schema\\\/person\\\/68ede8bdc292885bb76c1e3810e73c39\",\"name\":\"Lorenzo Verduzco\",\"image\":{\"@type\":\"ImageObject\",\"inLanguage\":\"fr-FR\",\"@id\":\"https:\\\/\\\/secure.gravatar.com\\\/avatar\\\/fb81a55b6218459490a9c1dc841a34909185b81904c5337b4b27f7a6fd60c49e?s=96&d=mm&r=g\",\"url\":\"https:\\\/\\\/secure.gravatar.com\\\/avatar\\\/fb81a55b6218459490a9c1dc841a34909185b81904c5337b4b27f7a6fd60c49e?s=96&d=mm&r=g\",\"contentUrl\":\"https:\\\/\\\/secure.gravatar.com\\\/avatar\\\/fb81a55b6218459490a9c1dc841a34909185b81904c5337b4b27f7a6fd60c49e?s=96&d=mm&r=g\",\"caption\":\"Lorenzo Verduzco\"}}]}<\/script>\n<!-- \/ Yoast SEO plugin. -->","yoast_head_json":{"title":"Au Malawi, huit membres d\u2019\u00e9glise tu\u00e9s par la foudre le dernier samedi de 2013 - \u00c9glise Adventiste Du Septieme Jour - Inter Am\u00e9rique Division","robots":{"index":"index","follow":"follow","max-snippet":"max-snippet:-1","max-image-preview":"max-image-preview:large","max-video-preview":"max-video-preview:-1"},"canonical":"https:\/\/interamerica.org\/fr\/2014\/01\/au-malawi-huit-membres-deglise-tues-par-la-foudre-le-dernier-samedi-de-2013\/","og_locale":"fr_FR","og_type":"article","og_title":"Au Malawi, huit membres d\u2019\u00e9glise tu\u00e9s par la foudre le dernier samedi de 2013 - \u00c9glise Adventiste Du Septieme Jour - Inter Am\u00e9rique Division","og_description":"Le dernier samedi de l\u2019ann\u00e9e 2013 a \u00e9t\u00e9 un jour tragique pour l\u2019Eglise Adventiste du Septi\u00e8me jour pour la nation du Malawi dans le sud de l\u2019Afrique, lorsque la foudre a frapp\u00e9 une congr\u00e9gation, tuant huit membres et blessant de nombreux autres.","og_url":"https:\/\/interamerica.org\/fr\/2014\/01\/au-malawi-huit-membres-deglise-tues-par-la-foudre-le-dernier-samedi-de-2013\/","og_site_name":"\u00c9glise Adventiste Du Septieme Jour - Inter Am\u00e9rique Division","article_published_time":"2014-01-09T04:00:00+00:00","og_image":[{"width":400,"height":290,"url":"https:\/\/interamerica.org\/wp-content\/uploads\/2017\/06\/csm_mal-inside_50307bb137.jpg","type":"image\/jpeg"}],"author":"Lorenzo Verduzco","twitter_card":"summary_large_image","twitter_misc":{"\u00c9crit par":"Lorenzo Verduzco","Dur\u00e9e de lecture estim\u00e9e":"2 minutes"},"schema":{"@context":"https:\/\/schema.org","@graph":[{"@type":"Article","@id":"https:\/\/interamerica.org\/fr\/2014\/01\/au-malawi-huit-membres-deglise-tues-par-la-foudre-le-dernier-samedi-de-2013\/#article","isPartOf":{"@id":"https:\/\/interamerica.org\/fr\/2014\/01\/au-malawi-huit-membres-deglise-tues-par-la-foudre-le-dernier-samedi-de-2013\/"},"author":{"name":"Lorenzo Verduzco","@id":"https:\/\/interamerica.org\/fr\/#\/schema\/person\/68ede8bdc292885bb76c1e3810e73c39"},"headline":"Au Malawi, huit membres d\u2019\u00e9glise tu\u00e9s par la foudre le dernier samedi de 2013","datePublished":"2014-01-09T04:00:00+00:00","mainEntityOfPage":{"@id":"https:\/\/interamerica.org\/fr\/2014\/01\/au-malawi-huit-membres-deglise-tues-par-la-foudre-le-dernier-samedi-de-2013\/"},"wordCount":414,"image":{"@id":"https:\/\/interamerica.org\/fr\/2014\/01\/au-malawi-huit-membres-deglise-tues-par-la-foudre-le-dernier-samedi-de-2013\/#primaryimage"},"thumbnailUrl":"https:\/\/interamerica.org\/wp-content\/uploads\/2017\/06\/csm_mal-inside_50307bb137.jpg","articleSection":["Nouvelles de l'\u00c9glise mondiale"],"inLanguage":"fr-FR"},{"@type":"WebPage","@id":"https:\/\/interamerica.org\/fr\/2014\/01\/au-malawi-huit-membres-deglise-tues-par-la-foudre-le-dernier-samedi-de-2013\/","url":"https:\/\/interamerica.org\/fr\/2014\/01\/au-malawi-huit-membres-deglise-tues-par-la-foudre-le-dernier-samedi-de-2013\/","name":"Au Malawi, huit membres d\u2019\u00e9glise tu\u00e9s par la foudre le dernier samedi de 2013 - \u00c9glise Adventiste Du Septieme Jour - Inter Am\u00e9rique Division","isPartOf":{"@id":"https:\/\/interamerica.org\/fr\/#website"},"primaryImageOfPage":{"@id":"https:\/\/interamerica.org\/fr\/2014\/01\/au-malawi-huit-membres-deglise-tues-par-la-foudre-le-dernier-samedi-de-2013\/#primaryimage"},"image":{"@id":"https:\/\/interamerica.org\/fr\/2014\/01\/au-malawi-huit-membres-deglise-tues-par-la-foudre-le-dernier-samedi-de-2013\/#primaryimage"},"thumbnailUrl":"https:\/\/interamerica.org\/wp-content\/uploads\/2017\/06\/csm_mal-inside_50307bb137.jpg","datePublished":"2014-01-09T04:00:00+00:00","author":{"@id":"https:\/\/interamerica.org\/fr\/#\/schema\/person\/68ede8bdc292885bb76c1e3810e73c39"},"breadcrumb":{"@id":"https:\/\/interamerica.org\/fr\/2014\/01\/au-malawi-huit-membres-deglise-tues-par-la-foudre-le-dernier-samedi-de-2013\/#breadcrumb"},"inLanguage":"fr-FR","potentialAction":[{"@type":"ReadAction","target":["https:\/\/interamerica.org\/fr\/2014\/01\/au-malawi-huit-membres-deglise-tues-par-la-foudre-le-dernier-samedi-de-2013\/"]}]},{"@type":"ImageObject","inLanguage":"fr-FR","@id":"https:\/\/interamerica.org\/fr\/2014\/01\/au-malawi-huit-membres-deglise-tues-par-la-foudre-le-dernier-samedi-de-2013\/#primaryimage","url":"https:\/\/interamerica.org\/wp-content\/uploads\/2017\/06\/csm_mal-inside_50307bb137.jpg","contentUrl":"https:\/\/interamerica.org\/wp-content\/uploads\/2017\/06\/csm_mal-inside_50307bb137.jpg","width":400,"height":290},{"@type":"BreadcrumbList","@id":"https:\/\/interamerica.org\/fr\/2014\/01\/au-malawi-huit-membres-deglise-tues-par-la-foudre-le-dernier-samedi-de-2013\/#breadcrumb","itemListElement":[{"@type":"ListItem","position":1,"name":"Home","item":"https:\/\/interamerica.org\/fr\/"},{"@type":"ListItem","position":2,"name":"Au Malawi, huit membres d\u2019\u00e9glise tu\u00e9s par la foudre le dernier samedi de 2013"}]},{"@type":"WebSite","@id":"https:\/\/interamerica.org\/fr\/#website","url":"https:\/\/interamerica.org\/fr\/","name":"\u00c9glise Adventiste Du Septieme Jour - Inter Am\u00e9rique Division","description":"","potentialAction":[{"@type":"SearchAction","target":{"@type":"EntryPoint","urlTemplate":"https:\/\/interamerica.org\/fr\/?s={search_term_string}"},"query-input":{"@type":"PropertyValueSpecification","valueRequired":true,"valueName":"search_term_string"}}],"inLanguage":"fr-FR"},{"@type":"Person","@id":"https:\/\/interamerica.org\/fr\/#\/schema\/person\/68ede8bdc292885bb76c1e3810e73c39","name":"Lorenzo Verduzco","image":{"@type":"ImageObject","inLanguage":"fr-FR","@id":"https:\/\/secure.gravatar.com\/avatar\/fb81a55b6218459490a9c1dc841a34909185b81904c5337b4b27f7a6fd60c49e?s=96&d=mm&r=g","url":"https:\/\/secure.gravatar.com\/avatar\/fb81a55b6218459490a9c1dc841a34909185b81904c5337b4b27f7a6fd60c49e?s=96&d=mm&r=g","contentUrl":"https:\/\/secure.gravatar.com\/avatar\/fb81a55b6218459490a9c1dc841a34909185b81904c5337b4b27f7a6fd60c49e?s=96&d=mm&r=g","caption":"Lorenzo Verduzco"}}]}},"_links":{"self":[{"href":"https:\/\/interamerica.org\/fr\/wp-json\/wp\/v2\/posts\/31848","targetHints":{"allow":["GET"]}}],"collection":[{"href":"https:\/\/interamerica.org\/fr\/wp-json\/wp\/v2\/posts"}],"about":[{"href":"https:\/\/interamerica.org\/fr\/wp-json\/wp\/v2\/types\/post"}],"author":[{"embeddable":true,"href":"https:\/\/interamerica.org\/fr\/wp-json\/wp\/v2\/users\/1"}],"replies":[{"embeddable":true,"href":"https:\/\/interamerica.org\/fr\/wp-json\/wp\/v2\/comments?post=31848"}],"version-history":[{"count":0,"href":"https:\/\/interamerica.org\/fr\/wp-json\/wp\/v2\/posts\/31848\/revisions"}],"wp:featuredmedia":[{"embeddable":true,"href":"https:\/\/interamerica.org\/fr\/wp-json\/wp\/v2\/media\/22458"}],"wp:attachment":[{"href":"https:\/\/interamerica.org\/fr\/wp-json\/wp\/v2\/media?parent=31848"}],"wp:term":[{"taxonomy":"category","embeddable":true,"href":"https:\/\/interamerica.org\/fr\/wp-json\/wp\/v2\/categories?post=31848"},{"taxonomy":"post_tag","embeddable":true,"href":"https:\/\/interamerica.org\/fr\/wp-json\/wp\/v2\/tags?post=31848"}],"curies":[{"name":"wp","href":"https:\/\/api.w.org\/{rel}","templated":true}]}}