{"id":31851,"date":"2014-01-11T00:00:00","date_gmt":"2014-01-11T04:00:00","guid":{"rendered":"http:\/\/192.81.217.108\/interamerica\/2014\/01\/inter-amerique-la-direction-de-leglise-compte-sur-de-nouvelles-opportunites-pour-la-croissance-de-leffectif-en-2014\/"},"modified":"2014-01-11T00:00:00","modified_gmt":"2014-01-11T04:00:00","slug":"inter-amerique-la-direction-de-leglise-compte-sur-de-nouvelles-opportunites-pour-la-croissance-de-leffectif-en-2014","status":"publish","type":"post","link":"https:\/\/interamerica.org\/fr\/2014\/01\/inter-amerique-la-direction-de-leglise-compte-sur-de-nouvelles-opportunites-pour-la-croissance-de-leffectif-en-2014\/","title":{"rendered":"Inter Am\u00e9rique : La direction de l\u2019\u00e9glise compte sur de nouvelles opportunit\u00e9s pour la croissance de l\u2019effectif en 2014."},"content":{"rendered":"<div id=\"attachment_10303\" style=\"width: 600px\" class=\"wp-caption aligncenter\"><a href=\"\/interamerica\/wp-content\/uploads\/2017\/06\/2014Worship.png\" rel=\"fancybox\" title=\"Inter Am\u00e9rique : La direction de l\u2019\u00e9glise compte sur de nouvelles opportunit\u00e9s pour la croissance de l\u2019effectif en 2014.\"><img fetchpriority=\"high\" decoding=\"async\" aria-describedby=\"caption-attachment-10303\" class=\"size-full wp-image-10303\" src=\"\/interamerica\/wp-content\/uploads\/2017\/06\/2014Worship.png\" alt=\"\" width=\"590\" height=\"458\" \/><\/a><p id=\"caption-attachment-10303\" class=\"wp-caption-text\">Pasteur Isra\u00ebl Leito, pr\u00e9sident de l\u2019Eglise Adventiste en Inter Am\u00e9rique, accueille la direction et le personnel au si\u00e8ge de la DIA alors que le bureau de la division d\u00e9bute officiellement l\u2019ann\u00e9e le 6 janvier 2014 \u00e0 Miami en Floride. Image de Libna Stevens\/DIA.<\/p><\/div>\n<p>9 Janvier 2014 \u2013 Miami, Floride, Etats Unis\u2026Libna Stevens\/DIA<\/p>\n<p>Peu de jours apr\u00e8s le d\u00e9but de la nouvelle ann\u00e9e, les dirigeants de l\u2019Eglise Adventiste du Septi\u00e8me jour ainsi que les membres du personnel de la Division Inter Am\u00e9ricaine (DIA) se sont r\u00e9unis \u00e0 l\u2019occasion d\u2019un service de culte sp\u00e9cial afin de prier et louer Dieu pour les progr\u00e8s r\u00e9alis\u00e9s par l\u2019\u00e9glise en 2013 dans le vaste territoire.<\/p>\n<p>Plus de 80 pasteurs et aussi des membres du personnel ont consid\u00e9r\u00e9 la croissance qu\u2019a connu l\u2019\u00e9glise au niveau de son effectif et de ses finances au si\u00e8ge de la DIA \u00e0 Miami en Floride le 6 janvier 2014, et ont aussi appr\u00e9ci\u00e9 le succ\u00e8s de l\u2019Ann\u00e9e des La\u00efcs \u2013 une ann\u00e9e retenue comme celle au cours de laquelle on c\u00e9l\u00e9brerait le travail des la\u00efcs- et aussi \u00e9tablir des plans, des initiatives et des activit\u00e9s pour les mois \u00e0 venir.<\/p>\n<div id=\"attachment_10304\" style=\"width: 325px\" class=\"wp-caption alignleft\"><a href=\"\/interamerica\/wp-content\/uploads\/2017\/06\/Ileito-2014.png\" rel=\"fancybox\" title=\"Inter Am\u00e9rique : La direction de l\u2019\u00e9glise compte sur de nouvelles opportunit\u00e9s pour la croissance de l\u2019effectif en 2014.\"><img decoding=\"async\" aria-describedby=\"caption-attachment-10304\" class=\"size-full wp-image-10304\" src=\"\/interamerica\/wp-content\/uploads\/2017\/06\/Ileito-2014.png\" alt=\"\" width=\"315\" height=\"214\" \/><\/a><p id=\"caption-attachment-10304\" class=\"wp-caption-text\">Le pr\u00e9sident de la DIA, pasteur Isra\u00ebl Leito encourage la direction et le personnel \u00e0 se concentrer sur la n\u00e9cessit\u00e9 de puiser dans la parole de Dieu afin de trouver de nouvelles opportunit\u00e9s pour am\u00e9liorer le service \u00e0 l\u2019\u00e9glise.<\/p><\/div>\n<p>Dans sa m\u00e9ditation bas\u00e9e sur Esa\u00efe 54, pasteur Isra\u00ebl Leito, pr\u00e9sident de l\u2019Eglise Adventiste en Inter Am\u00e9rique, a encourag\u00e9 la direction de l\u2019\u00e9glise \u00e0 r\u00e9fl\u00e9chir sur les succ\u00e8s et les \u00e9checs du pass\u00e9 et \u00e0 consid\u00e9rer de nouvelles opportunit\u00e9s afin d\u2019am\u00e9liorer et d\u2019enrichir la mission de l\u2019\u00e9glise en Inter Am\u00e9rique.<\/p>\n<p>\u00ab Ne pensez pas aux \u00e9checs, vous \u00eates b\u00e9nis parce qu\u2019il y a de l\u2019espoir, pensez \u00e0 l\u2019avenir et \u00e0 la mani\u00e8re dont les choses peuvent \u00eatre meilleures, \u00bb a dit pasteur Leito.<\/p>\n<p>Cet avenir cette ann\u00e9e signifie superviser la formation de milliers de dirigeants la\u00efcs de l\u2019\u00e9glise ou de membres actifs au cours de cette ann\u00e9e baptis\u00e9e par l\u2019Inter Am\u00e9rique Ann\u00e9e de l\u2019Education Non Formelle.<\/p>\n<p>L\u2019Ann\u00e9e de l\u2019Education Non Formelle permettra aux dirigeants la\u00efcs d\u2019am\u00e9liorer leurs comp\u00e9tences en mati\u00e8re de leadership de telle sorte qu\u2019\u00e0 leur tour ils puissent \u00e9quiper les autres, et servira de tremplin pour continuer une formation certifiante structur\u00e9e avec chaque d\u00e9partement et minist\u00e8re de l\u2019\u00e9glise, a d\u00e9clar\u00e9 pasteur Leito.<\/p>\n<p>Dans son rapport pr\u00e9sent\u00e9 aux leaders et au personnel de la DIA cette semaine, Dr Elie Henry, secr\u00e9taire ex\u00e9cutif de l\u2019Eglise Adventiste en Inter Am\u00e9rique, a indiqu\u00e9 que depuis juin 2013, quelques 150810 nouveaux membres ont \u00e9t\u00e9 ajout\u00e9s \u00e0 l\u2019\u00e9glise amenant ainsi l\u2019effectif \u00e0 3685644, le nombre d\u2019\u00e9glises s\u2019\u00e9levant \u00e0 11968 et celui des groupes \u00e0 8104.<\/p>\n<p>Bien que le d\u00e9compte final du nombre de membres pour 2013 ne soit pas encore disponible, les chiffres indiquent un l\u00e9ger d\u00e9clin dans le nombre de bapt\u00eames par ann\u00e9e depuis 2010. D\u2019apr\u00e8s Dr Henry, au cours des deux derni\u00e8res ann\u00e9es, plusieurs territoires ont entrepris de vastes v\u00e9rifications de leurs registres de membres, et les ajustements refl\u00e8tent seulement une l\u00e9g\u00e8re augmentation dans le nombre total de membres.<\/p>\n<p>Les efforts se poursuivent pour former les pasteurs et les secr\u00e9taires d\u2019\u00e9glise en mati\u00e8re de r\u00e9vision des registres d\u2019\u00e9glise afin que ces derniers refl\u00e8tent le nombre exact de membres actifs dans chaque \u00e9glise, a dit Dr Henry.<\/p>\n<p>\u00ab La DIA se d\u00e9veloppe et nous louons le Seigneur pour cela, \u00bb a d\u00e9clar\u00e9 Dr Henry. L\u2019ann\u00e9e derni\u00e8re, il y a eu 26 missions dont le statut est pass\u00e9 \u00e0 celui de f\u00e9d\u00e9ration, un record ; et cette ann\u00e9e, 21 missions devraient aussi voir \u00e9voluer leur statut, a t-il ajout\u00e9.<\/p>\n<div id=\"attachment_10309\" style=\"width: 325px\" class=\"wp-caption alignleft\"><a href=\"\/interamerica\/wp-content\/uploads\/2017\/06\/TableMembership.png\" rel=\"fancybox\" title=\"Inter Am\u00e9rique : La direction de l\u2019\u00e9glise compte sur de nouvelles opportunit\u00e9s pour la croissance de l\u2019effectif en 2014.\"><img decoding=\"async\" aria-describedby=\"caption-attachment-10309\" class=\"size-full wp-image-10309\" src=\"\/interamerica\/wp-content\/uploads\/2017\/06\/TableMembership.png\" alt=\"\" width=\"315\" height=\"243\" \/><\/a><p id=\"caption-attachment-10309\" class=\"wp-caption-text\">Depuis Septembre 2013, les statistiques indiquent qu\u2019il y a 3685644 membres d\u2019\u00e9glise \u00e0 travers le territoire de la DIA.<\/p><\/div>\n<p>Pour le moment, la DIA compte 22 unions, un champ rattach\u00e9, 73 f\u00e9d\u00e9rations et 49 missions.<\/p>\n<p>Ha\u00efti \u00e9tant le plus grand territoire avec plus de 406000 membres, les dirigeants \u00e9tudient la possibilit\u00e9 de le scinder pour en faire en 2 unions. De plus, l\u2019Union Centram\u00e9ricaine du Sud comprenant le Costa Rica, le Panama et le Nicaragua fait l\u2019objet d\u2019une \u00e9tude envisageant son partage en trois unions, chacune desservant son pays respectif.<\/p>\n<p>Filiberto Verduzco, tr\u00e9sorier de l\u2019Eglise Adventiste en Inter Am\u00e9rique, a pr\u00e9sent\u00e9 un rapport au sujet des strat\u00e9gies financi\u00e8res mises en oeuvre au cours des trois derni\u00e8res ann\u00e9es avec l\u2019utilisation de puissants outils visant \u00e0 consolider le syst\u00e8me financier de l\u2019\u00e9glise. Parmi ces plans, il y a l\u2019\u00e9largissement de l\u2019\u00e9quipe SunPlus pour superviser le syst\u00e8me comptable du vaste territoire avec deux nouvelles aditions : Neftali Cruz de Merida au Mexique et Edy Diaz du Guatemala.<\/p>\n<p>Filiberto Verduzco a d\u00e9taill\u00e9 l\u2019engagement financier visible des membres \u00e0 travers les \u00e9glises de l\u2019Inter Am\u00e9rique et l\u2019\u00e9norme responsabilit\u00e9 qu\u2019ont les administrateurs dans la gestion des fonds recueillis.<\/p>\n<div id=\"attachment_10305\" style=\"width: 325px\" class=\"wp-caption alignright\"><a href=\"\/interamerica\/wp-content\/uploads\/2017\/06\/BabyJaelSmith.png\" rel=\"fancybox\" title=\"Inter Am\u00e9rique : La direction de l\u2019\u00e9glise compte sur de nouvelles opportunit\u00e9s pour la croissance de l\u2019effectif en 2014.\"><img loading=\"lazy\" decoding=\"async\" aria-describedby=\"caption-attachment-10305\" class=\"size-full wp-image-10305\" src=\"\/interamerica\/wp-content\/uploads\/2017\/06\/BabyJaelSmith.png\" alt=\"\" width=\"315\" height=\"216\" \/><\/a><p id=\"caption-attachment-10305\" class=\"wp-caption-text\">Le b\u00e9b\u00e9 Jael Amara Smith dans les bras de son p\u00e8re, Daniel Smith, et \u00e0 cot\u00e9 de sa m\u00e8re Janelle Scantlebury avant qu\u2019elle ne soit consacr\u00e9e \u00e0 Dieu lors d\u2019une c\u00e9r\u00e9monie sp\u00e9ciale de pr\u00e9sentation d\u2019enfant dirig\u00e9e par les leaders de la DIA.<\/p><\/div>\n<p>\u00ab Il nous faut continuer d\u2019\u00eatre forts alors que nous fonctionnons dans un environnement comprenant des [devises] faibles, \u00bb a dit Filiberto Verduzco.<\/p>\n<p>Filiberto Verduzco a \u00e9galement pr\u00e9sent\u00e9 les plans de d\u00e9veloppement visant \u00e0 construire six bureaux suppl\u00e9mentaires et un grand hangar de stockage \u00e0 cot\u00e9 du si\u00e8ge de la DIA. Le projet d\u2019expansion devrait d\u00e9buter en mars.<\/p>\n<p>La DIA a accueilli la derni\u00e8re arriv\u00e9e dans la famille du personnel avec la premi\u00e8re pr\u00e9sentation d\u2019enfant organis\u00e9e au si\u00e8ge de la division pour la fille de l\u2019employ\u00e9e Janelle Scantlebury et son mari Daniel Smith. Pasteur Leito et les autres dirigeants de l\u2019\u00e9glise ont pri\u00e9 pour Jael Amara Sofia Smith lors du programme.<\/p>\n<p>Les dirigeants de l\u2019\u00e9glise continueront de peaufiner les initiatives, activit\u00e9s et projets au cours des prochains jours.<\/p>\n<p>La DIA supervise l\u2019\u0153uvre de l\u2019Eglise Adventiste du Septi\u00e8me jour au Mexique, en Am\u00e9rique Centrale, dans la Cara\u00efbe, les Antilles Fran\u00e7aises et aussi en Colombie et au Venezuela, elle compte plus de 3,6 millions de membres, des centaines d\u2019\u00e9coles, d\u2019universit\u00e9s et d\u2019h\u00f4pitaux.<\/p>\n<p>Pour en savoir plus sur la Division Inter Am\u00e9ricaine et ses initiatives pour 2014, visitez nous sur le site<br \/>\n<a href=\"https:\/\/recursing-golick.147-182-135-0.plesk.page\">interamerica.org<\/a><\/p>\n<p>Pour voir notre galerie de photos, Cliquez <a href=\"http:\/\/www.flickr.com\/photos\/interamerica\/11819725715\/\">ICI<\/a><\/p>\n<p>Traduction: Patrick Luciathe<\/p>\n","protected":false},"excerpt":{"rendered":"<p>Peu de jours apr\u00e8s le d\u00e9but de la nouvelle ann\u00e9e, les dirigeants de l\u2019Eglise Adventiste du Septi\u00e8me jour ainsi que les membres du personnel de la Division Inter Am\u00e9ricaine (DIA) se sont r\u00e9unis \u00e0 l\u2019occasion d\u2019un service de culte sp\u00e9cial afin de prier et louer Dieu pour les progr\u00e8s r\u00e9alis\u00e9s par l\u2019\u00e9glise en 2013 dans le vaste territoire.<\/p>\n","protected":false},"author":1,"featured_media":22464,"comment_status":"closed","ping_status":"closed","sticky":false,"template":"","format":"standard","meta":{"_acf_changed":false,"footnotes":""},"categories":[20],"tags":[],"class_list":["post-31851","post","type-post","status-publish","format-standard","has-post-thumbnail","hentry","category-nouvelles-du-siege-de-la-division"],"acf":[],"yoast_head":"<!-- This site is optimized with the Yoast SEO plugin v27.3 - https:\/\/yoast.com\/product\/yoast-seo-wordpress\/ -->\n<title>Inter Am\u00e9rique : La direction de l\u2019\u00e9glise compte sur de nouvelles opportunit\u00e9s pour la croissance de l\u2019effectif en 2014. - \u00c9glise Adventiste Du Septieme Jour - Inter Am\u00e9rique Division<\/title>\n<meta name=\"robots\" content=\"index, follow, max-snippet:-1, max-image-preview:large, max-video-preview:-1\" \/>\n<link rel=\"canonical\" href=\"https:\/\/interamerica.org\/fr\/2014\/01\/inter-amerique-la-direction-de-leglise-compte-sur-de-nouvelles-opportunites-pour-la-croissance-de-leffectif-en-2014\/\" \/>\n<meta property=\"og:locale\" content=\"fr_FR\" \/>\n<meta property=\"og:type\" content=\"article\" \/>\n<meta property=\"og:title\" content=\"Inter Am\u00e9rique : La direction de l\u2019\u00e9glise compte sur de nouvelles opportunit\u00e9s pour la croissance de l\u2019effectif en 2014. - \u00c9glise Adventiste Du Septieme Jour - Inter Am\u00e9rique Division\" \/>\n<meta property=\"og:description\" content=\"Peu de jours apr\u00e8s le d\u00e9but de la nouvelle ann\u00e9e, les dirigeants de l\u2019Eglise Adventiste du Septi\u00e8me jour ainsi que les membres du personnel de la Division Inter Am\u00e9ricaine (DIA) se sont r\u00e9unis \u00e0 l\u2019occasion d\u2019un service de culte sp\u00e9cial afin de prier et louer Dieu pour les progr\u00e8s r\u00e9alis\u00e9s par l\u2019\u00e9glise en 2013 dans le vaste territoire.\" \/>\n<meta property=\"og:url\" content=\"https:\/\/interamerica.org\/fr\/2014\/01\/inter-amerique-la-direction-de-leglise-compte-sur-de-nouvelles-opportunites-pour-la-croissance-de-leffectif-en-2014\/\" \/>\n<meta property=\"og:site_name\" content=\"\u00c9glise Adventiste Du Septieme Jour - Inter Am\u00e9rique Division\" \/>\n<meta property=\"article:published_time\" content=\"2014-01-11T04:00:00+00:00\" \/>\n<meta property=\"og:image\" content=\"https:\/\/interamerica.org\/wp-content\/uploads\/2017\/06\/2014Worship.png\" \/>\n\t<meta property=\"og:image:width\" content=\"590\" \/>\n\t<meta property=\"og:image:height\" content=\"458\" \/>\n\t<meta property=\"og:image:type\" content=\"image\/png\" \/>\n<meta name=\"author\" content=\"Lorenzo Verduzco\" \/>\n<meta name=\"twitter:card\" content=\"summary_large_image\" \/>\n<meta name=\"twitter:label1\" content=\"\u00c9crit par\" \/>\n\t<meta name=\"twitter:data1\" content=\"Lorenzo Verduzco\" \/>\n\t<meta name=\"twitter:label2\" content=\"Dur\u00e9e de lecture estim\u00e9e\" \/>\n\t<meta name=\"twitter:data2\" content=\"6 minutes\" \/>\n<script type=\"application\/ld+json\" class=\"yoast-schema-graph\">{\"@context\":\"https:\\\/\\\/schema.org\",\"@graph\":[{\"@type\":\"Article\",\"@id\":\"https:\\\/\\\/interamerica.org\\\/fr\\\/2014\\\/01\\\/inter-amerique-la-direction-de-leglise-compte-sur-de-nouvelles-opportunites-pour-la-croissance-de-leffectif-en-2014\\\/#article\",\"isPartOf\":{\"@id\":\"https:\\\/\\\/interamerica.org\\\/fr\\\/2014\\\/01\\\/inter-amerique-la-direction-de-leglise-compte-sur-de-nouvelles-opportunites-pour-la-croissance-de-leffectif-en-2014\\\/\"},\"author\":{\"name\":\"Lorenzo Verduzco\",\"@id\":\"https:\\\/\\\/interamerica.org\\\/fr\\\/#\\\/schema\\\/person\\\/68ede8bdc292885bb76c1e3810e73c39\"},\"headline\":\"Inter Am\u00e9rique : La direction de l\u2019\u00e9glise compte sur de nouvelles opportunit\u00e9s pour la croissance de l\u2019effectif en 2014.\",\"datePublished\":\"2014-01-11T04:00:00+00:00\",\"mainEntityOfPage\":{\"@id\":\"https:\\\/\\\/interamerica.org\\\/fr\\\/2014\\\/01\\\/inter-amerique-la-direction-de-leglise-compte-sur-de-nouvelles-opportunites-pour-la-croissance-de-leffectif-en-2014\\\/\"},\"wordCount\":1229,\"image\":{\"@id\":\"https:\\\/\\\/interamerica.org\\\/fr\\\/2014\\\/01\\\/inter-amerique-la-direction-de-leglise-compte-sur-de-nouvelles-opportunites-pour-la-croissance-de-leffectif-en-2014\\\/#primaryimage\"},\"thumbnailUrl\":\"https:\\\/\\\/interamerica.org\\\/wp-content\\\/uploads\\\/2017\\\/06\\\/2014Worship.png\",\"articleSection\":[\"Nouvelles du si\u00e8ge de la division\"],\"inLanguage\":\"fr-FR\"},{\"@type\":\"WebPage\",\"@id\":\"https:\\\/\\\/interamerica.org\\\/fr\\\/2014\\\/01\\\/inter-amerique-la-direction-de-leglise-compte-sur-de-nouvelles-opportunites-pour-la-croissance-de-leffectif-en-2014\\\/\",\"url\":\"https:\\\/\\\/interamerica.org\\\/fr\\\/2014\\\/01\\\/inter-amerique-la-direction-de-leglise-compte-sur-de-nouvelles-opportunites-pour-la-croissance-de-leffectif-en-2014\\\/\",\"name\":\"Inter Am\u00e9rique : La direction de l\u2019\u00e9glise compte sur de nouvelles opportunit\u00e9s pour la croissance de l\u2019effectif en 2014. - \u00c9glise Adventiste Du Septieme Jour - Inter Am\u00e9rique Division\",\"isPartOf\":{\"@id\":\"https:\\\/\\\/interamerica.org\\\/fr\\\/#website\"},\"primaryImageOfPage\":{\"@id\":\"https:\\\/\\\/interamerica.org\\\/fr\\\/2014\\\/01\\\/inter-amerique-la-direction-de-leglise-compte-sur-de-nouvelles-opportunites-pour-la-croissance-de-leffectif-en-2014\\\/#primaryimage\"},\"image\":{\"@id\":\"https:\\\/\\\/interamerica.org\\\/fr\\\/2014\\\/01\\\/inter-amerique-la-direction-de-leglise-compte-sur-de-nouvelles-opportunites-pour-la-croissance-de-leffectif-en-2014\\\/#primaryimage\"},\"thumbnailUrl\":\"https:\\\/\\\/interamerica.org\\\/wp-content\\\/uploads\\\/2017\\\/06\\\/2014Worship.png\",\"datePublished\":\"2014-01-11T04:00:00+00:00\",\"author\":{\"@id\":\"https:\\\/\\\/interamerica.org\\\/fr\\\/#\\\/schema\\\/person\\\/68ede8bdc292885bb76c1e3810e73c39\"},\"breadcrumb\":{\"@id\":\"https:\\\/\\\/interamerica.org\\\/fr\\\/2014\\\/01\\\/inter-amerique-la-direction-de-leglise-compte-sur-de-nouvelles-opportunites-pour-la-croissance-de-leffectif-en-2014\\\/#breadcrumb\"},\"inLanguage\":\"fr-FR\",\"potentialAction\":[{\"@type\":\"ReadAction\",\"target\":[\"https:\\\/\\\/interamerica.org\\\/fr\\\/2014\\\/01\\\/inter-amerique-la-direction-de-leglise-compte-sur-de-nouvelles-opportunites-pour-la-croissance-de-leffectif-en-2014\\\/\"]}]},{\"@type\":\"ImageObject\",\"inLanguage\":\"fr-FR\",\"@id\":\"https:\\\/\\\/interamerica.org\\\/fr\\\/2014\\\/01\\\/inter-amerique-la-direction-de-leglise-compte-sur-de-nouvelles-opportunites-pour-la-croissance-de-leffectif-en-2014\\\/#primaryimage\",\"url\":\"https:\\\/\\\/interamerica.org\\\/wp-content\\\/uploads\\\/2017\\\/06\\\/2014Worship.png\",\"contentUrl\":\"https:\\\/\\\/interamerica.org\\\/wp-content\\\/uploads\\\/2017\\\/06\\\/2014Worship.png\",\"width\":590,\"height\":458},{\"@type\":\"BreadcrumbList\",\"@id\":\"https:\\\/\\\/interamerica.org\\\/fr\\\/2014\\\/01\\\/inter-amerique-la-direction-de-leglise-compte-sur-de-nouvelles-opportunites-pour-la-croissance-de-leffectif-en-2014\\\/#breadcrumb\",\"itemListElement\":[{\"@type\":\"ListItem\",\"position\":1,\"name\":\"Home\",\"item\":\"https:\\\/\\\/interamerica.org\\\/fr\\\/\"},{\"@type\":\"ListItem\",\"position\":2,\"name\":\"Inter Am\u00e9rique : La direction de l\u2019\u00e9glise compte sur de nouvelles opportunit\u00e9s pour la croissance de l\u2019effectif en 2014.\"}]},{\"@type\":\"WebSite\",\"@id\":\"https:\\\/\\\/interamerica.org\\\/fr\\\/#website\",\"url\":\"https:\\\/\\\/interamerica.org\\\/fr\\\/\",\"name\":\"\u00c9glise Adventiste Du Septieme Jour - Inter Am\u00e9rique Division\",\"description\":\"\",\"potentialAction\":[{\"@type\":\"SearchAction\",\"target\":{\"@type\":\"EntryPoint\",\"urlTemplate\":\"https:\\\/\\\/interamerica.org\\\/fr\\\/?s={search_term_string}\"},\"query-input\":{\"@type\":\"PropertyValueSpecification\",\"valueRequired\":true,\"valueName\":\"search_term_string\"}}],\"inLanguage\":\"fr-FR\"},{\"@type\":\"Person\",\"@id\":\"https:\\\/\\\/interamerica.org\\\/fr\\\/#\\\/schema\\\/person\\\/68ede8bdc292885bb76c1e3810e73c39\",\"name\":\"Lorenzo Verduzco\",\"image\":{\"@type\":\"ImageObject\",\"inLanguage\":\"fr-FR\",\"@id\":\"https:\\\/\\\/secure.gravatar.com\\\/avatar\\\/fb81a55b6218459490a9c1dc841a34909185b81904c5337b4b27f7a6fd60c49e?s=96&d=mm&r=g\",\"url\":\"https:\\\/\\\/secure.gravatar.com\\\/avatar\\\/fb81a55b6218459490a9c1dc841a34909185b81904c5337b4b27f7a6fd60c49e?s=96&d=mm&r=g\",\"contentUrl\":\"https:\\\/\\\/secure.gravatar.com\\\/avatar\\\/fb81a55b6218459490a9c1dc841a34909185b81904c5337b4b27f7a6fd60c49e?s=96&d=mm&r=g\",\"caption\":\"Lorenzo Verduzco\"}}]}<\/script>\n<!-- \/ Yoast SEO plugin. -->","yoast_head_json":{"title":"Inter Am\u00e9rique : La direction de l\u2019\u00e9glise compte sur de nouvelles opportunit\u00e9s pour la croissance de l\u2019effectif en 2014. - \u00c9glise Adventiste Du Septieme Jour - Inter Am\u00e9rique Division","robots":{"index":"index","follow":"follow","max-snippet":"max-snippet:-1","max-image-preview":"max-image-preview:large","max-video-preview":"max-video-preview:-1"},"canonical":"https:\/\/interamerica.org\/fr\/2014\/01\/inter-amerique-la-direction-de-leglise-compte-sur-de-nouvelles-opportunites-pour-la-croissance-de-leffectif-en-2014\/","og_locale":"fr_FR","og_type":"article","og_title":"Inter Am\u00e9rique : La direction de l\u2019\u00e9glise compte sur de nouvelles opportunit\u00e9s pour la croissance de l\u2019effectif en 2014. - \u00c9glise Adventiste Du Septieme Jour - Inter Am\u00e9rique Division","og_description":"Peu de jours apr\u00e8s le d\u00e9but de la nouvelle ann\u00e9e, les dirigeants de l\u2019Eglise Adventiste du Septi\u00e8me jour ainsi que les membres du personnel de la Division Inter Am\u00e9ricaine (DIA) se sont r\u00e9unis \u00e0 l\u2019occasion d\u2019un service de culte sp\u00e9cial afin de prier et louer Dieu pour les progr\u00e8s r\u00e9alis\u00e9s par l\u2019\u00e9glise en 2013 dans le vaste territoire.","og_url":"https:\/\/interamerica.org\/fr\/2014\/01\/inter-amerique-la-direction-de-leglise-compte-sur-de-nouvelles-opportunites-pour-la-croissance-de-leffectif-en-2014\/","og_site_name":"\u00c9glise Adventiste Du Septieme Jour - Inter Am\u00e9rique Division","article_published_time":"2014-01-11T04:00:00+00:00","og_image":[{"width":590,"height":458,"url":"https:\/\/interamerica.org\/wp-content\/uploads\/2017\/06\/2014Worship.png","type":"image\/png"}],"author":"Lorenzo Verduzco","twitter_card":"summary_large_image","twitter_misc":{"\u00c9crit par":"Lorenzo Verduzco","Dur\u00e9e de lecture estim\u00e9e":"6 minutes"},"schema":{"@context":"https:\/\/schema.org","@graph":[{"@type":"Article","@id":"https:\/\/interamerica.org\/fr\/2014\/01\/inter-amerique-la-direction-de-leglise-compte-sur-de-nouvelles-opportunites-pour-la-croissance-de-leffectif-en-2014\/#article","isPartOf":{"@id":"https:\/\/interamerica.org\/fr\/2014\/01\/inter-amerique-la-direction-de-leglise-compte-sur-de-nouvelles-opportunites-pour-la-croissance-de-leffectif-en-2014\/"},"author":{"name":"Lorenzo Verduzco","@id":"https:\/\/interamerica.org\/fr\/#\/schema\/person\/68ede8bdc292885bb76c1e3810e73c39"},"headline":"Inter Am\u00e9rique : La direction de l\u2019\u00e9glise compte sur de nouvelles opportunit\u00e9s pour la croissance de l\u2019effectif en 2014.","datePublished":"2014-01-11T04:00:00+00:00","mainEntityOfPage":{"@id":"https:\/\/interamerica.org\/fr\/2014\/01\/inter-amerique-la-direction-de-leglise-compte-sur-de-nouvelles-opportunites-pour-la-croissance-de-leffectif-en-2014\/"},"wordCount":1229,"image":{"@id":"https:\/\/interamerica.org\/fr\/2014\/01\/inter-amerique-la-direction-de-leglise-compte-sur-de-nouvelles-opportunites-pour-la-croissance-de-leffectif-en-2014\/#primaryimage"},"thumbnailUrl":"https:\/\/interamerica.org\/wp-content\/uploads\/2017\/06\/2014Worship.png","articleSection":["Nouvelles du si\u00e8ge de la division"],"inLanguage":"fr-FR"},{"@type":"WebPage","@id":"https:\/\/interamerica.org\/fr\/2014\/01\/inter-amerique-la-direction-de-leglise-compte-sur-de-nouvelles-opportunites-pour-la-croissance-de-leffectif-en-2014\/","url":"https:\/\/interamerica.org\/fr\/2014\/01\/inter-amerique-la-direction-de-leglise-compte-sur-de-nouvelles-opportunites-pour-la-croissance-de-leffectif-en-2014\/","name":"Inter Am\u00e9rique : La direction de l\u2019\u00e9glise compte sur de nouvelles opportunit\u00e9s pour la croissance de l\u2019effectif en 2014. - \u00c9glise Adventiste Du Septieme Jour - Inter Am\u00e9rique Division","isPartOf":{"@id":"https:\/\/interamerica.org\/fr\/#website"},"primaryImageOfPage":{"@id":"https:\/\/interamerica.org\/fr\/2014\/01\/inter-amerique-la-direction-de-leglise-compte-sur-de-nouvelles-opportunites-pour-la-croissance-de-leffectif-en-2014\/#primaryimage"},"image":{"@id":"https:\/\/interamerica.org\/fr\/2014\/01\/inter-amerique-la-direction-de-leglise-compte-sur-de-nouvelles-opportunites-pour-la-croissance-de-leffectif-en-2014\/#primaryimage"},"thumbnailUrl":"https:\/\/interamerica.org\/wp-content\/uploads\/2017\/06\/2014Worship.png","datePublished":"2014-01-11T04:00:00+00:00","author":{"@id":"https:\/\/interamerica.org\/fr\/#\/schema\/person\/68ede8bdc292885bb76c1e3810e73c39"},"breadcrumb":{"@id":"https:\/\/interamerica.org\/fr\/2014\/01\/inter-amerique-la-direction-de-leglise-compte-sur-de-nouvelles-opportunites-pour-la-croissance-de-leffectif-en-2014\/#breadcrumb"},"inLanguage":"fr-FR","potentialAction":[{"@type":"ReadAction","target":["https:\/\/interamerica.org\/fr\/2014\/01\/inter-amerique-la-direction-de-leglise-compte-sur-de-nouvelles-opportunites-pour-la-croissance-de-leffectif-en-2014\/"]}]},{"@type":"ImageObject","inLanguage":"fr-FR","@id":"https:\/\/interamerica.org\/fr\/2014\/01\/inter-amerique-la-direction-de-leglise-compte-sur-de-nouvelles-opportunites-pour-la-croissance-de-leffectif-en-2014\/#primaryimage","url":"https:\/\/interamerica.org\/wp-content\/uploads\/2017\/06\/2014Worship.png","contentUrl":"https:\/\/interamerica.org\/wp-content\/uploads\/2017\/06\/2014Worship.png","width":590,"height":458},{"@type":"BreadcrumbList","@id":"https:\/\/interamerica.org\/fr\/2014\/01\/inter-amerique-la-direction-de-leglise-compte-sur-de-nouvelles-opportunites-pour-la-croissance-de-leffectif-en-2014\/#breadcrumb","itemListElement":[{"@type":"ListItem","position":1,"name":"Home","item":"https:\/\/interamerica.org\/fr\/"},{"@type":"ListItem","position":2,"name":"Inter Am\u00e9rique : La direction de l\u2019\u00e9glise compte sur de nouvelles opportunit\u00e9s pour la croissance de l\u2019effectif en 2014."}]},{"@type":"WebSite","@id":"https:\/\/interamerica.org\/fr\/#website","url":"https:\/\/interamerica.org\/fr\/","name":"\u00c9glise Adventiste Du Septieme Jour - Inter Am\u00e9rique Division","description":"","potentialAction":[{"@type":"SearchAction","target":{"@type":"EntryPoint","urlTemplate":"https:\/\/interamerica.org\/fr\/?s={search_term_string}"},"query-input":{"@type":"PropertyValueSpecification","valueRequired":true,"valueName":"search_term_string"}}],"inLanguage":"fr-FR"},{"@type":"Person","@id":"https:\/\/interamerica.org\/fr\/#\/schema\/person\/68ede8bdc292885bb76c1e3810e73c39","name":"Lorenzo Verduzco","image":{"@type":"ImageObject","inLanguage":"fr-FR","@id":"https:\/\/secure.gravatar.com\/avatar\/fb81a55b6218459490a9c1dc841a34909185b81904c5337b4b27f7a6fd60c49e?s=96&d=mm&r=g","url":"https:\/\/secure.gravatar.com\/avatar\/fb81a55b6218459490a9c1dc841a34909185b81904c5337b4b27f7a6fd60c49e?s=96&d=mm&r=g","contentUrl":"https:\/\/secure.gravatar.com\/avatar\/fb81a55b6218459490a9c1dc841a34909185b81904c5337b4b27f7a6fd60c49e?s=96&d=mm&r=g","caption":"Lorenzo Verduzco"}}]}},"_links":{"self":[{"href":"https:\/\/interamerica.org\/fr\/wp-json\/wp\/v2\/posts\/31851","targetHints":{"allow":["GET"]}}],"collection":[{"href":"https:\/\/interamerica.org\/fr\/wp-json\/wp\/v2\/posts"}],"about":[{"href":"https:\/\/interamerica.org\/fr\/wp-json\/wp\/v2\/types\/post"}],"author":[{"embeddable":true,"href":"https:\/\/interamerica.org\/fr\/wp-json\/wp\/v2\/users\/1"}],"replies":[{"embeddable":true,"href":"https:\/\/interamerica.org\/fr\/wp-json\/wp\/v2\/comments?post=31851"}],"version-history":[{"count":0,"href":"https:\/\/interamerica.org\/fr\/wp-json\/wp\/v2\/posts\/31851\/revisions"}],"wp:featuredmedia":[{"embeddable":true,"href":"https:\/\/interamerica.org\/fr\/wp-json\/wp\/v2\/media\/22464"}],"wp:attachment":[{"href":"https:\/\/interamerica.org\/fr\/wp-json\/wp\/v2\/media?parent=31851"}],"wp:term":[{"taxonomy":"category","embeddable":true,"href":"https:\/\/interamerica.org\/fr\/wp-json\/wp\/v2\/categories?post=31851"},{"taxonomy":"post_tag","embeddable":true,"href":"https:\/\/interamerica.org\/fr\/wp-json\/wp\/v2\/tags?post=31851"}],"curies":[{"name":"wp","href":"https:\/\/api.w.org\/{rel}","templated":true}]}}