{"id":31852,"date":"2014-01-12T00:00:00","date_gmt":"2014-01-12T04:00:00","guid":{"rendered":"http:\/\/192.81.217.108\/interamerica\/2014\/01\/derniere-minute-decision-mitigee-dans-le-proces-du-pasteur-adventiste-et-des-autres-detenus-au-togo\/"},"modified":"2014-01-12T00:00:00","modified_gmt":"2014-01-12T04:00:00","slug":"derniere-minute-decision-mitigee-dans-le-proces-du-pasteur-adventiste-et-des-autres-detenus-au-togo","status":"publish","type":"post","link":"https:\/\/interamerica.org\/fr\/2014\/01\/derniere-minute-decision-mitigee-dans-le-proces-du-pasteur-adventiste-et-des-autres-detenus-au-togo\/","title":{"rendered":"DERNIERE MINUTE : D\u00e9cision mitig\u00e9e dans le proc\u00e8s du pasteur Adventiste et des autres d\u00e9tenus au Togo"},"content":{"rendered":"<div id=\"attachment_10316\" style=\"width: 310px\" class=\"wp-caption alignright\"><a href=\"\/interamerica\/wp-content\/uploads\/2017\/06\/csm_togo-court-web-4x3_c82a1ecc911.jpg\" rel=\"fancybox\" title=\"DERNIERE MINUTE : D\u00e9cision mitig\u00e9e dans le proc\u00e8s du pasteur Adventiste et des autres d\u00e9tenus au Togo\"><img fetchpriority=\"high\" decoding=\"async\" aria-describedby=\"caption-attachment-10316\" class=\"size-medium wp-image-10316\" src=\"\/interamerica\/wp-content\/uploads\/2017\/06\/csm_togo-court-web-4x3_c82a1ecc911-300x225.jpg\" alt=\"\" width=\"300\" height=\"225\" \/><\/a><p id=\"caption-attachment-10316\" class=\"wp-caption-text\">La Cour d\u2019Appel de Lom\u00e9 a rendu un verdict ce matin dans le cas de cinq hommes d\u00e9tenus de mani\u00e8re arbitraire depuis pr\u00e8s de 22 mois sur des accusations de conspiration visant \u00e0 commettre un meurtre. Ils ont \u00e9t\u00e9 incarc\u00e9r\u00e9s sur la seule base de l\u2019accusation d\u2019un homme qui est un \u00ab menteur pathologique \u00bb d\u2019apr\u00e8s un examen psychiatrique demand\u00e9 par le tribunal.<\/p><\/div>\n<p>12 janvier 2014 \u2013 Silver Spring, Maryland, Etats Unis\u2026ANN<\/p>\n<p>Dans une d\u00e9cision partag\u00e9e, un verdict rendu aujourd\u2019hui par un tribunal de Lom\u00e9 au Togo, acquitte le pasteur Adventiste du Septi\u00e8me jour, Antonio Monteiro et condamne le membre d\u2019\u00e9glise Adventiste Bruno Amah \u00e0 la prison \u00e0 perp\u00e9tuit\u00e9, d\u2019apr\u00e8s ce qu\u2019a indiqu\u00e9 un avocat de l\u2019Eglise Adventiste mondiale. La d\u00e9cision rendue par la Cour d\u2019Appel de Lom\u00e9 intervient pr\u00e8s de 22 mois apr\u00e8s que les deux hommes ainsi que d\u2019autres, aient \u00e9t\u00e9 incarc\u00e9r\u00e9s en mars 2012 sur des accusations de conspiration visant \u00e0 commettre un meurtre.<\/p>\n<p>Dans une affaire qui a retenu l\u2019attention de la d\u00e9nomination au niveau mondial, les deux hommes, ainsi que trois autres, ont \u00e9t\u00e9 incarc\u00e9r\u00e9s il y a environ deux ans, sans proc\u00e8s et uniquement sur la base de l\u2019accusation d\u2019un homme qui a \u00e9t\u00e9 d\u00e9crit comme un \u00ab menteur pathologique \u00bb dans un rapport psychiatrique demand\u00e9 par le tribunal. Cet homme, Kpatcha Simliya, d\u00e9tenu lui aussi, a \u00e9t\u00e9 \u00e9galement condamn\u00e9 dans le verdict rendu ce matin, \u00e0 la prison \u00e0 vie.<\/p>\n<p>Todd McFarland, conseil g\u00e9n\u00e9ral adjoint pour le si\u00e8ge de l\u2019Eglise Adventiste mondiale, qui faisait partie de la d\u00e9fense lors du proc\u00e8s de ce weekend, a indiqu\u00e9 que le verdict concernait aussi deux autres hommes \u2013 Beteynam Raphael Kpiki Sama qui a \u00e9t\u00e9 reconnu coupable et condamn\u00e9 \u00e0 25 ans de prison ainsi qu\u2019\u00e0 une amende de 10 millions de francs CFA (20800 dollars US), et Idrissou Moumouni qui lui a \u00e9t\u00e9 acquitt\u00e9.<\/p>\n<p>La saga de pr\u00e8s de deux ans a \u00e9t\u00e9 suivie par des millions d\u2019Adventistes du Septi\u00e8me jour, qui ont organis\u00e9 des veill\u00e9es de pri\u00e8re internationales, ont lanc\u00e9 des campagnes sur les m\u00e9dias sociaux, ont sponsoris\u00e9 des initiatives visant \u00e0 faire parvenir des lettres aux responsables de gouvernement ainsi qu\u2019aux diplomates, ont tenu des conf\u00e9rences de presse et ont conduit une campagne de signatures dans le cadre d\u2019une p\u00e9tition demandant la lib\u00e9ration de ces d\u00e9tenus.<\/p>\n<p>\u00ab Nos sentiments sont mitig\u00e9s quant \u00e0 la d\u00e9cision du tribunal, \u00bb a d\u00e9clar\u00e9 John Graz, directeur de la Libert\u00e9 Religieuse et des Affaires Publiques pour l\u2019\u00e9glise Adventiste mondiale. \u00ab L\u2019acquittement de pasteur Monteiro est une bonne nouvelle et nous sommes heureux pour lui et sa famille. Nous sommes surpris et tr\u00e8s tristes d\u2019apprendre la condamnation de Bruno Amah. \u00bb<\/p>\n<p>Antonio Monteiro, natif du Cap Vert, servait comme missionnaire au Togo depuis 2009 en tant que directeur des Minist\u00e8res de la Famille \u00e0 l\u2019Union Mission du Sahel \u00e0 Lom\u00e9.<\/p>\n<p>Les arrestations et les d\u00e9tentions sont intervenues apr\u00e8s une s\u00e9rie d\u2019homicides en septembre 2011.<\/p>\n<p>Selon divers journaux ainsi que des rapports de police, plus d\u2019une douzaine de corps de femmes \u00e2g\u00e9es de 12 \u00e0 36 ans ont \u00e9t\u00e9 retrouv\u00e9s dans la banlieue d\u2019Agou\u00e9, au nord de Lom\u00e9. Les corps portaient des traces de coups de couteau et certains organes sexuels avaient \u00e9t\u00e9 enlev\u00e9s. Du sang et des morceaux d\u2019animaux sont souvent utilis\u00e9s dans des c\u00e9r\u00e9monies vaudou qui sont tr\u00e8s pratiqu\u00e9es au Togo.<\/p>\n<p>Etant donn\u00e9 qu\u2019il n\u2019y a eu aucune arrestation, le public a demand\u00e9 justice pour les meurtres, ont indiqu\u00e9 les dirigeants de l\u2019\u00e9glise.<\/p>\n<p>Simliya est par la suite pass\u00e9 \u00e0 la t\u00e9l\u00e9vision, entour\u00e9 de policiers, relatant le r\u00e9cit de la s\u00e9rie de meurtres qu\u2019il a dit- il organis\u00e9, et nommant les complices qui ont r\u00e9colt\u00e9 le sang et les organes. Mais l\u2019essentiel du r\u00e9cit s\u2019est av\u00e9r\u00e9 invraisemblable y compris le nombre de victimes et les m\u00e9thodes utilis\u00e9es, d\u2019apr\u00e8s ce qu\u2019a indiqu\u00e9 le m\u00e9decin qui a examin\u00e9 Simliya.<\/p>\n<p>\u00ab Toute personne inform\u00e9e et raisonnable aurait des doutes au sujet de son incroyable r\u00e9cit ou de la faisabilit\u00e9 de ses crimes ou pr\u00e9tendus crimes, \u00bb a indiqu\u00e9 un rapport psychiatrique en date du 9 septembre 2012 demand\u00e9 par le tribunal et qu\u2019ANN a pu voir.<\/p>\n<p>Simliya est par la suite revenu sur son accusation disant qu\u2019il avait \u00e9t\u00e9 battu par la police et qu\u2019on l\u2019avait forc\u00e9 \u00e0 donner le nom de personnes qu\u2019il savait pr\u00e9tendument \u00eatre des co-conspirateurs dans un r\u00e9seau de trafic de sang, d\u2019apr\u00e8s ce qu\u2019indique encore le rapport psychiatrique.<\/p>\n<p>Cependant son t\u00e9moignage \u2013 la seule preuve dans l\u2019affaire \u2013 a \u00e9t\u00e9 suffisant pour amener les condamnations dans le verdict d\u2019aujourd\u2019hui. Le jury qui a rendu ce verdict \u00e9tait compos\u00e9 de trois juges et de 6 civils, a d\u00e9clar\u00e9 McFarland.<\/p>\n<p>La d\u00e9cision de ce matin a \u00e9t\u00e9 rendue \u00e0 5 heures, a dit McFarland. Le proc\u00e8s a d\u00e9but\u00e9 vendredi 10 janvier \u00e0 8H45 et s\u2019est poursuivi jusqu\u2019\u00e0 3H00 samedi matin. Le tribunal s\u2019est r\u00e9uni \u00e0 nouveau \u00e0 11H45 samedi et les derni\u00e8res plaidoiries se sont achev\u00e9es \u00e0 23H30 ce soir l\u00e0.<\/p>\n<p>McFarland a indiqu\u00e9 que Monteiro et Moumouni, les deux d\u00e9tenus acquitt\u00e9s, seront lib\u00e9r\u00e9s d\u00e8s lundi.<\/p>\n<p>Traduction: Patrick Luciathe<\/p>\n","protected":false},"excerpt":{"rendered":"<p>Dans une d\u00e9cision partag\u00e9e, un verdict rendu aujourd\u2019hui par un tribunal de Lom\u00e9 au Togo, acquitte le pasteur Adventiste du Septi\u00e8me jour, Antonio Monteiro et condamne le membre d\u2019\u00e9glise Adventiste Bruno Amah \u00e0 la prison \u00e0 perp\u00e9tuit\u00e9, d\u2019apr\u00e8s ce qu\u2019a indiqu\u00e9 un avocat de l\u2019Eglise Adventiste mondiale.<\/p>\n","protected":false},"author":1,"featured_media":22477,"comment_status":"closed","ping_status":"closed","sticky":false,"template":"","format":"standard","meta":{"_acf_changed":false,"footnotes":""},"categories":[18],"tags":[],"class_list":["post-31852","post","type-post","status-publish","format-standard","has-post-thumbnail","hentry","category-nouvelles-de-leglise-mondiale"],"acf":[],"yoast_head":"<!-- This site is optimized with the Yoast SEO plugin v27.3 - https:\/\/yoast.com\/product\/yoast-seo-wordpress\/ -->\n<title>DERNIERE MINUTE : D\u00e9cision mitig\u00e9e dans le proc\u00e8s du pasteur Adventiste et des autres d\u00e9tenus au Togo - \u00c9glise Adventiste Du Septieme Jour - Inter Am\u00e9rique Division<\/title>\n<meta name=\"robots\" content=\"index, follow, max-snippet:-1, max-image-preview:large, max-video-preview:-1\" \/>\n<link rel=\"canonical\" href=\"https:\/\/interamerica.org\/fr\/2014\/01\/derniere-minute-decision-mitigee-dans-le-proces-du-pasteur-adventiste-et-des-autres-detenus-au-togo\/\" \/>\n<meta property=\"og:locale\" content=\"fr_FR\" \/>\n<meta property=\"og:type\" content=\"article\" \/>\n<meta property=\"og:title\" content=\"DERNIERE MINUTE : D\u00e9cision mitig\u00e9e dans le proc\u00e8s du pasteur Adventiste et des autres d\u00e9tenus au Togo - \u00c9glise Adventiste Du Septieme Jour - Inter Am\u00e9rique Division\" \/>\n<meta property=\"og:description\" content=\"Dans une d\u00e9cision partag\u00e9e, un verdict rendu aujourd\u2019hui par un tribunal de Lom\u00e9 au Togo, acquitte le pasteur Adventiste du Septi\u00e8me jour, Antonio Monteiro et condamne le membre d\u2019\u00e9glise Adventiste Bruno Amah \u00e0 la prison \u00e0 perp\u00e9tuit\u00e9, d\u2019apr\u00e8s ce qu\u2019a indiqu\u00e9 un avocat de l\u2019Eglise Adventiste mondiale.\" \/>\n<meta property=\"og:url\" content=\"https:\/\/interamerica.org\/fr\/2014\/01\/derniere-minute-decision-mitigee-dans-le-proces-du-pasteur-adventiste-et-des-autres-detenus-au-togo\/\" \/>\n<meta property=\"og:site_name\" content=\"\u00c9glise Adventiste Du Septieme Jour - Inter Am\u00e9rique Division\" \/>\n<meta property=\"article:published_time\" content=\"2014-01-12T04:00:00+00:00\" \/>\n<meta property=\"og:image\" content=\"https:\/\/interamerica.org\/wp-content\/uploads\/2017\/06\/csm_togo-court-web-4x3_c82a1ecc911.jpg\" \/>\n\t<meta property=\"og:image:width\" content=\"400\" \/>\n\t<meta property=\"og:image:height\" content=\"300\" \/>\n\t<meta property=\"og:image:type\" content=\"image\/jpeg\" \/>\n<meta name=\"author\" content=\"Lorenzo Verduzco\" \/>\n<meta name=\"twitter:card\" content=\"summary_large_image\" \/>\n<meta name=\"twitter:label1\" content=\"\u00c9crit par\" \/>\n\t<meta name=\"twitter:data1\" content=\"Lorenzo Verduzco\" \/>\n\t<meta name=\"twitter:label2\" content=\"Dur\u00e9e de lecture estim\u00e9e\" \/>\n\t<meta name=\"twitter:data2\" content=\"5 minutes\" \/>\n<script type=\"application\/ld+json\" class=\"yoast-schema-graph\">{\"@context\":\"https:\\\/\\\/schema.org\",\"@graph\":[{\"@type\":\"Article\",\"@id\":\"https:\\\/\\\/interamerica.org\\\/fr\\\/2014\\\/01\\\/derniere-minute-decision-mitigee-dans-le-proces-du-pasteur-adventiste-et-des-autres-detenus-au-togo\\\/#article\",\"isPartOf\":{\"@id\":\"https:\\\/\\\/interamerica.org\\\/fr\\\/2014\\\/01\\\/derniere-minute-decision-mitigee-dans-le-proces-du-pasteur-adventiste-et-des-autres-detenus-au-togo\\\/\"},\"author\":{\"name\":\"Lorenzo Verduzco\",\"@id\":\"https:\\\/\\\/interamerica.org\\\/fr\\\/#\\\/schema\\\/person\\\/68ede8bdc292885bb76c1e3810e73c39\"},\"headline\":\"DERNIERE MINUTE : D\u00e9cision mitig\u00e9e dans le proc\u00e8s du pasteur Adventiste et des autres d\u00e9tenus au Togo\",\"datePublished\":\"2014-01-12T04:00:00+00:00\",\"mainEntityOfPage\":{\"@id\":\"https:\\\/\\\/interamerica.org\\\/fr\\\/2014\\\/01\\\/derniere-minute-decision-mitigee-dans-le-proces-du-pasteur-adventiste-et-des-autres-detenus-au-togo\\\/\"},\"wordCount\":948,\"image\":{\"@id\":\"https:\\\/\\\/interamerica.org\\\/fr\\\/2014\\\/01\\\/derniere-minute-decision-mitigee-dans-le-proces-du-pasteur-adventiste-et-des-autres-detenus-au-togo\\\/#primaryimage\"},\"thumbnailUrl\":\"https:\\\/\\\/interamerica.org\\\/wp-content\\\/uploads\\\/2017\\\/06\\\/csm_togo-court-web-4x3_c82a1ecc911.jpg\",\"articleSection\":[\"Nouvelles de l'\u00c9glise mondiale\"],\"inLanguage\":\"fr-FR\"},{\"@type\":\"WebPage\",\"@id\":\"https:\\\/\\\/interamerica.org\\\/fr\\\/2014\\\/01\\\/derniere-minute-decision-mitigee-dans-le-proces-du-pasteur-adventiste-et-des-autres-detenus-au-togo\\\/\",\"url\":\"https:\\\/\\\/interamerica.org\\\/fr\\\/2014\\\/01\\\/derniere-minute-decision-mitigee-dans-le-proces-du-pasteur-adventiste-et-des-autres-detenus-au-togo\\\/\",\"name\":\"DERNIERE MINUTE : D\u00e9cision mitig\u00e9e dans le proc\u00e8s du pasteur Adventiste et des autres d\u00e9tenus au Togo - \u00c9glise Adventiste Du Septieme Jour - Inter Am\u00e9rique Division\",\"isPartOf\":{\"@id\":\"https:\\\/\\\/interamerica.org\\\/fr\\\/#website\"},\"primaryImageOfPage\":{\"@id\":\"https:\\\/\\\/interamerica.org\\\/fr\\\/2014\\\/01\\\/derniere-minute-decision-mitigee-dans-le-proces-du-pasteur-adventiste-et-des-autres-detenus-au-togo\\\/#primaryimage\"},\"image\":{\"@id\":\"https:\\\/\\\/interamerica.org\\\/fr\\\/2014\\\/01\\\/derniere-minute-decision-mitigee-dans-le-proces-du-pasteur-adventiste-et-des-autres-detenus-au-togo\\\/#primaryimage\"},\"thumbnailUrl\":\"https:\\\/\\\/interamerica.org\\\/wp-content\\\/uploads\\\/2017\\\/06\\\/csm_togo-court-web-4x3_c82a1ecc911.jpg\",\"datePublished\":\"2014-01-12T04:00:00+00:00\",\"author\":{\"@id\":\"https:\\\/\\\/interamerica.org\\\/fr\\\/#\\\/schema\\\/person\\\/68ede8bdc292885bb76c1e3810e73c39\"},\"breadcrumb\":{\"@id\":\"https:\\\/\\\/interamerica.org\\\/fr\\\/2014\\\/01\\\/derniere-minute-decision-mitigee-dans-le-proces-du-pasteur-adventiste-et-des-autres-detenus-au-togo\\\/#breadcrumb\"},\"inLanguage\":\"fr-FR\",\"potentialAction\":[{\"@type\":\"ReadAction\",\"target\":[\"https:\\\/\\\/interamerica.org\\\/fr\\\/2014\\\/01\\\/derniere-minute-decision-mitigee-dans-le-proces-du-pasteur-adventiste-et-des-autres-detenus-au-togo\\\/\"]}]},{\"@type\":\"ImageObject\",\"inLanguage\":\"fr-FR\",\"@id\":\"https:\\\/\\\/interamerica.org\\\/fr\\\/2014\\\/01\\\/derniere-minute-decision-mitigee-dans-le-proces-du-pasteur-adventiste-et-des-autres-detenus-au-togo\\\/#primaryimage\",\"url\":\"https:\\\/\\\/interamerica.org\\\/wp-content\\\/uploads\\\/2017\\\/06\\\/csm_togo-court-web-4x3_c82a1ecc911.jpg\",\"contentUrl\":\"https:\\\/\\\/interamerica.org\\\/wp-content\\\/uploads\\\/2017\\\/06\\\/csm_togo-court-web-4x3_c82a1ecc911.jpg\",\"width\":400,\"height\":300},{\"@type\":\"BreadcrumbList\",\"@id\":\"https:\\\/\\\/interamerica.org\\\/fr\\\/2014\\\/01\\\/derniere-minute-decision-mitigee-dans-le-proces-du-pasteur-adventiste-et-des-autres-detenus-au-togo\\\/#breadcrumb\",\"itemListElement\":[{\"@type\":\"ListItem\",\"position\":1,\"name\":\"Home\",\"item\":\"https:\\\/\\\/interamerica.org\\\/fr\\\/\"},{\"@type\":\"ListItem\",\"position\":2,\"name\":\"DERNIERE MINUTE : D\u00e9cision mitig\u00e9e dans le proc\u00e8s du pasteur Adventiste et des autres d\u00e9tenus au Togo\"}]},{\"@type\":\"WebSite\",\"@id\":\"https:\\\/\\\/interamerica.org\\\/fr\\\/#website\",\"url\":\"https:\\\/\\\/interamerica.org\\\/fr\\\/\",\"name\":\"\u00c9glise Adventiste Du Septieme Jour - Inter Am\u00e9rique Division\",\"description\":\"\",\"potentialAction\":[{\"@type\":\"SearchAction\",\"target\":{\"@type\":\"EntryPoint\",\"urlTemplate\":\"https:\\\/\\\/interamerica.org\\\/fr\\\/?s={search_term_string}\"},\"query-input\":{\"@type\":\"PropertyValueSpecification\",\"valueRequired\":true,\"valueName\":\"search_term_string\"}}],\"inLanguage\":\"fr-FR\"},{\"@type\":\"Person\",\"@id\":\"https:\\\/\\\/interamerica.org\\\/fr\\\/#\\\/schema\\\/person\\\/68ede8bdc292885bb76c1e3810e73c39\",\"name\":\"Lorenzo Verduzco\",\"image\":{\"@type\":\"ImageObject\",\"inLanguage\":\"fr-FR\",\"@id\":\"https:\\\/\\\/secure.gravatar.com\\\/avatar\\\/fb81a55b6218459490a9c1dc841a34909185b81904c5337b4b27f7a6fd60c49e?s=96&d=mm&r=g\",\"url\":\"https:\\\/\\\/secure.gravatar.com\\\/avatar\\\/fb81a55b6218459490a9c1dc841a34909185b81904c5337b4b27f7a6fd60c49e?s=96&d=mm&r=g\",\"contentUrl\":\"https:\\\/\\\/secure.gravatar.com\\\/avatar\\\/fb81a55b6218459490a9c1dc841a34909185b81904c5337b4b27f7a6fd60c49e?s=96&d=mm&r=g\",\"caption\":\"Lorenzo Verduzco\"}}]}<\/script>\n<!-- \/ Yoast SEO plugin. -->","yoast_head_json":{"title":"DERNIERE MINUTE : D\u00e9cision mitig\u00e9e dans le proc\u00e8s du pasteur Adventiste et des autres d\u00e9tenus au Togo - \u00c9glise Adventiste Du Septieme Jour - Inter Am\u00e9rique Division","robots":{"index":"index","follow":"follow","max-snippet":"max-snippet:-1","max-image-preview":"max-image-preview:large","max-video-preview":"max-video-preview:-1"},"canonical":"https:\/\/interamerica.org\/fr\/2014\/01\/derniere-minute-decision-mitigee-dans-le-proces-du-pasteur-adventiste-et-des-autres-detenus-au-togo\/","og_locale":"fr_FR","og_type":"article","og_title":"DERNIERE MINUTE : D\u00e9cision mitig\u00e9e dans le proc\u00e8s du pasteur Adventiste et des autres d\u00e9tenus au Togo - \u00c9glise Adventiste Du Septieme Jour - Inter Am\u00e9rique Division","og_description":"Dans une d\u00e9cision partag\u00e9e, un verdict rendu aujourd\u2019hui par un tribunal de Lom\u00e9 au Togo, acquitte le pasteur Adventiste du Septi\u00e8me jour, Antonio Monteiro et condamne le membre d\u2019\u00e9glise Adventiste Bruno Amah \u00e0 la prison \u00e0 perp\u00e9tuit\u00e9, d\u2019apr\u00e8s ce qu\u2019a indiqu\u00e9 un avocat de l\u2019Eglise Adventiste mondiale.","og_url":"https:\/\/interamerica.org\/fr\/2014\/01\/derniere-minute-decision-mitigee-dans-le-proces-du-pasteur-adventiste-et-des-autres-detenus-au-togo\/","og_site_name":"\u00c9glise Adventiste Du Septieme Jour - Inter Am\u00e9rique Division","article_published_time":"2014-01-12T04:00:00+00:00","og_image":[{"width":400,"height":300,"url":"https:\/\/interamerica.org\/wp-content\/uploads\/2017\/06\/csm_togo-court-web-4x3_c82a1ecc911.jpg","type":"image\/jpeg"}],"author":"Lorenzo Verduzco","twitter_card":"summary_large_image","twitter_misc":{"\u00c9crit par":"Lorenzo Verduzco","Dur\u00e9e de lecture estim\u00e9e":"5 minutes"},"schema":{"@context":"https:\/\/schema.org","@graph":[{"@type":"Article","@id":"https:\/\/interamerica.org\/fr\/2014\/01\/derniere-minute-decision-mitigee-dans-le-proces-du-pasteur-adventiste-et-des-autres-detenus-au-togo\/#article","isPartOf":{"@id":"https:\/\/interamerica.org\/fr\/2014\/01\/derniere-minute-decision-mitigee-dans-le-proces-du-pasteur-adventiste-et-des-autres-detenus-au-togo\/"},"author":{"name":"Lorenzo Verduzco","@id":"https:\/\/interamerica.org\/fr\/#\/schema\/person\/68ede8bdc292885bb76c1e3810e73c39"},"headline":"DERNIERE MINUTE : D\u00e9cision mitig\u00e9e dans le proc\u00e8s du pasteur Adventiste et des autres d\u00e9tenus au Togo","datePublished":"2014-01-12T04:00:00+00:00","mainEntityOfPage":{"@id":"https:\/\/interamerica.org\/fr\/2014\/01\/derniere-minute-decision-mitigee-dans-le-proces-du-pasteur-adventiste-et-des-autres-detenus-au-togo\/"},"wordCount":948,"image":{"@id":"https:\/\/interamerica.org\/fr\/2014\/01\/derniere-minute-decision-mitigee-dans-le-proces-du-pasteur-adventiste-et-des-autres-detenus-au-togo\/#primaryimage"},"thumbnailUrl":"https:\/\/interamerica.org\/wp-content\/uploads\/2017\/06\/csm_togo-court-web-4x3_c82a1ecc911.jpg","articleSection":["Nouvelles de l'\u00c9glise mondiale"],"inLanguage":"fr-FR"},{"@type":"WebPage","@id":"https:\/\/interamerica.org\/fr\/2014\/01\/derniere-minute-decision-mitigee-dans-le-proces-du-pasteur-adventiste-et-des-autres-detenus-au-togo\/","url":"https:\/\/interamerica.org\/fr\/2014\/01\/derniere-minute-decision-mitigee-dans-le-proces-du-pasteur-adventiste-et-des-autres-detenus-au-togo\/","name":"DERNIERE MINUTE : D\u00e9cision mitig\u00e9e dans le proc\u00e8s du pasteur Adventiste et des autres d\u00e9tenus au Togo - \u00c9glise Adventiste Du Septieme Jour - Inter Am\u00e9rique Division","isPartOf":{"@id":"https:\/\/interamerica.org\/fr\/#website"},"primaryImageOfPage":{"@id":"https:\/\/interamerica.org\/fr\/2014\/01\/derniere-minute-decision-mitigee-dans-le-proces-du-pasteur-adventiste-et-des-autres-detenus-au-togo\/#primaryimage"},"image":{"@id":"https:\/\/interamerica.org\/fr\/2014\/01\/derniere-minute-decision-mitigee-dans-le-proces-du-pasteur-adventiste-et-des-autres-detenus-au-togo\/#primaryimage"},"thumbnailUrl":"https:\/\/interamerica.org\/wp-content\/uploads\/2017\/06\/csm_togo-court-web-4x3_c82a1ecc911.jpg","datePublished":"2014-01-12T04:00:00+00:00","author":{"@id":"https:\/\/interamerica.org\/fr\/#\/schema\/person\/68ede8bdc292885bb76c1e3810e73c39"},"breadcrumb":{"@id":"https:\/\/interamerica.org\/fr\/2014\/01\/derniere-minute-decision-mitigee-dans-le-proces-du-pasteur-adventiste-et-des-autres-detenus-au-togo\/#breadcrumb"},"inLanguage":"fr-FR","potentialAction":[{"@type":"ReadAction","target":["https:\/\/interamerica.org\/fr\/2014\/01\/derniere-minute-decision-mitigee-dans-le-proces-du-pasteur-adventiste-et-des-autres-detenus-au-togo\/"]}]},{"@type":"ImageObject","inLanguage":"fr-FR","@id":"https:\/\/interamerica.org\/fr\/2014\/01\/derniere-minute-decision-mitigee-dans-le-proces-du-pasteur-adventiste-et-des-autres-detenus-au-togo\/#primaryimage","url":"https:\/\/interamerica.org\/wp-content\/uploads\/2017\/06\/csm_togo-court-web-4x3_c82a1ecc911.jpg","contentUrl":"https:\/\/interamerica.org\/wp-content\/uploads\/2017\/06\/csm_togo-court-web-4x3_c82a1ecc911.jpg","width":400,"height":300},{"@type":"BreadcrumbList","@id":"https:\/\/interamerica.org\/fr\/2014\/01\/derniere-minute-decision-mitigee-dans-le-proces-du-pasteur-adventiste-et-des-autres-detenus-au-togo\/#breadcrumb","itemListElement":[{"@type":"ListItem","position":1,"name":"Home","item":"https:\/\/interamerica.org\/fr\/"},{"@type":"ListItem","position":2,"name":"DERNIERE MINUTE : D\u00e9cision mitig\u00e9e dans le proc\u00e8s du pasteur Adventiste et des autres d\u00e9tenus au Togo"}]},{"@type":"WebSite","@id":"https:\/\/interamerica.org\/fr\/#website","url":"https:\/\/interamerica.org\/fr\/","name":"\u00c9glise Adventiste Du Septieme Jour - Inter Am\u00e9rique Division","description":"","potentialAction":[{"@type":"SearchAction","target":{"@type":"EntryPoint","urlTemplate":"https:\/\/interamerica.org\/fr\/?s={search_term_string}"},"query-input":{"@type":"PropertyValueSpecification","valueRequired":true,"valueName":"search_term_string"}}],"inLanguage":"fr-FR"},{"@type":"Person","@id":"https:\/\/interamerica.org\/fr\/#\/schema\/person\/68ede8bdc292885bb76c1e3810e73c39","name":"Lorenzo Verduzco","image":{"@type":"ImageObject","inLanguage":"fr-FR","@id":"https:\/\/secure.gravatar.com\/avatar\/fb81a55b6218459490a9c1dc841a34909185b81904c5337b4b27f7a6fd60c49e?s=96&d=mm&r=g","url":"https:\/\/secure.gravatar.com\/avatar\/fb81a55b6218459490a9c1dc841a34909185b81904c5337b4b27f7a6fd60c49e?s=96&d=mm&r=g","contentUrl":"https:\/\/secure.gravatar.com\/avatar\/fb81a55b6218459490a9c1dc841a34909185b81904c5337b4b27f7a6fd60c49e?s=96&d=mm&r=g","caption":"Lorenzo Verduzco"}}]}},"_links":{"self":[{"href":"https:\/\/interamerica.org\/fr\/wp-json\/wp\/v2\/posts\/31852","targetHints":{"allow":["GET"]}}],"collection":[{"href":"https:\/\/interamerica.org\/fr\/wp-json\/wp\/v2\/posts"}],"about":[{"href":"https:\/\/interamerica.org\/fr\/wp-json\/wp\/v2\/types\/post"}],"author":[{"embeddable":true,"href":"https:\/\/interamerica.org\/fr\/wp-json\/wp\/v2\/users\/1"}],"replies":[{"embeddable":true,"href":"https:\/\/interamerica.org\/fr\/wp-json\/wp\/v2\/comments?post=31852"}],"version-history":[{"count":0,"href":"https:\/\/interamerica.org\/fr\/wp-json\/wp\/v2\/posts\/31852\/revisions"}],"wp:featuredmedia":[{"embeddable":true,"href":"https:\/\/interamerica.org\/fr\/wp-json\/wp\/v2\/media\/22477"}],"wp:attachment":[{"href":"https:\/\/interamerica.org\/fr\/wp-json\/wp\/v2\/media?parent=31852"}],"wp:term":[{"taxonomy":"category","embeddable":true,"href":"https:\/\/interamerica.org\/fr\/wp-json\/wp\/v2\/categories?post=31852"},{"taxonomy":"post_tag","embeddable":true,"href":"https:\/\/interamerica.org\/fr\/wp-json\/wp\/v2\/tags?post=31852"}],"curies":[{"name":"wp","href":"https:\/\/api.w.org\/{rel}","templated":true}]}}