{"id":31853,"date":"2014-01-14T00:00:00","date_gmt":"2014-01-14T04:00:00","guid":{"rendered":"http:\/\/192.81.217.108\/interamerica\/2014\/01\/monteiro-libere-de-prison-au-togo\/"},"modified":"2014-01-14T00:00:00","modified_gmt":"2014-01-14T04:00:00","slug":"monteiro-libere-de-prison-au-togo","status":"publish","type":"post","link":"https:\/\/interamerica.org\/fr\/2014\/01\/monteiro-libere-de-prison-au-togo\/","title":{"rendered":"Monteiro lib\u00e9r\u00e9 de prison au Togo"},"content":{"rendered":"<p>13 Janvier 2014 \u2013 Silver Spring, Maryland, Etats Unis\u2026ANN<\/p>\n<div id=\"attachment_10332\" style=\"width: 310px\" class=\"wp-caption alignright\"><a href=\"\/interamerica\/wp-content\/uploads\/2017\/06\/csm_mont_out_2_c457394d57.jpg\" rel=\"fancybox\" title=\"Monteiro lib\u00e9r\u00e9 de prison au Togo\"><img fetchpriority=\"high\" decoding=\"async\" aria-describedby=\"caption-attachment-10332\" class=\"size-medium wp-image-10332\" src=\"\/interamerica\/wp-content\/uploads\/2017\/06\/csm_mont_out_2_c457394d57-300x225.jpg\" alt=\"\" width=\"300\" height=\"225\" \/><\/a><p id=\"caption-attachment-10332\" class=\"wp-caption-text\">Le pasteur Adventiste du Septi\u00e8me jour Antonio Monteiro est de retour aujourd\u2019hui chez lui avec sa famille apr\u00e8s avoir \u00e9t\u00e9 lib\u00e9r\u00e9 de prison apr\u00e8s pr\u00e8s de 22 mois de d\u00e9tention. L\u2019affaire a \u00e9t\u00e9 largement suivie par l\u2019Eglise Adventiste mondiale. Photo ANN.<\/p><\/div>\n<p>Le pasteur Adventiste du Septi\u00e8me jour, Antonio Monteiro, a \u00e9t\u00e9 lib\u00e9r\u00e9 de prison cet apr\u00e8s midi \u00e0 Lom\u00e9 au Togo, ce qui met un terme \u00e0 un calvaire de pr\u00e8s de deux ans qui l\u2019a maintenu, lui et quatre autres, en d\u00e9tention suite \u00e0 des accusations de conspiration visant \u00e0 commettre un meurtre dans une affaire qui a retenu l\u2019attention de l\u2019Eglise Adventiste mondiale.<\/p>\n<p>Pasteur Monteiro a \u00e9t\u00e9 lib\u00e9r\u00e9 de la Prison Civile de Lom\u00e9 \u00e0 16h30 aujourd\u2019hui apr\u00e8s avoir \u00e9t\u00e9 acquitt\u00e9 dans un verdict rendu hier. Le membre d\u2019\u00e9glise Bruno Amah est toujours d\u00e9tenu, il a \u00e9t\u00e9 reconnu coupable par un jury et condamn\u00e9 \u00e0 la prison \u00e0 vie. Il consid\u00e8re ses options sur le plan juridique, y compris la possibilit\u00e9 de faire appel du jugement.<\/p>\n<p>Aujourd\u2019hui, Antonio Monteiro a \u00e9t\u00e9 accueilli \u00e0 la porte de la prison par son \u00e9quipe d\u2019avocats et les responsables de l\u2019Union Mission du Sahel o\u00f9 pasteur Monteiro travaillait depuis 2009 en tant que directeur des Minist\u00e8res de la Famille. Antonio Monteiro est natif de l\u2019Ile du Cap Vert o\u00f9 il devrait retourner bient\u00f4t.<\/p>\n<p>Le pr\u00e9sident de l\u2019Eglise Adventiste, Ted N.C. Wilson a parl\u00e9 par t\u00e9l\u00e9phone \u00e0 pasteur Monteiro. Ted Wilson a indiqu\u00e9 que pasteur Monteiro a remerci\u00e9 l\u2019\u00e9glise mondiale pour son soutien. Des millions d\u2019Adventistes du Septi\u00e8me jour \u00e0 travers le monde ont pris part \u00e0 des veill\u00e9es de pri\u00e8re, lanc\u00e9 des campagnes sur les m\u00e9dias sociaux, ont sponsoris\u00e9 des initiatives d\u2019envoi de courrier aux responsables gouvernement et aux diplomates, ont tenu des conf\u00e9rences de presse et men\u00e9 une campagne de signatures pour une p\u00e9tition r\u00e9clamant la lib\u00e9ration de Monteiro et des autres impliqu\u00e9s dans l\u2019affaire.<\/p>\n<p>Les responsables de l\u2019\u00e9glise ont exprim\u00e9 des \u00ab sentiments mitig\u00e9s \u00bb \u00e0 l\u2019annonce du jugement du tribunal hier qui acquittait certains et condamnait d\u2019autres.<\/p>\n<p>\u00ab L\u2019acquittement de pasteur Monteiro est une bonne nouvelle et nous sommes heureux pour lui et pour sa famille. Nous sommes surpris et tr\u00e8s tristes au sujet de la condamnation de Bruno Amah, \u00bb a d\u00e9clar\u00e9 hier John Graz, directeur des Affaires Publiques et de la Libert\u00e9 Religieuse pour l\u2019Eglise Adventiste mondiale.<\/p>\n<p>Les arrestations et les d\u00e9tentions sont intervenues apr\u00e8s une s\u00e9rie de meurtres en Septembre 2011. Cinq hommes, y compris Antonio Monteiro et Bruno Amah ont \u00e9t\u00e9 plac\u00e9s en d\u00e9tention en mars 2012 et maintenus en prison sans proc\u00e8s et uniquement sur la base d\u2019une accusation port\u00e9e par un homme d\u00e9crit comme un \u00ab menteur pathologique \u00bb dans un rapport psychiatrique demand\u00e9 par le tribunal. Cet homme, Kpatcha Simliya, \u00e9galement d\u00e9tenu, a \u00e9t\u00e9 reconnu coupable dans le verdict d\u2019hier et condamn\u00e9 \u00e0 la prison \u00e0 vie.<\/p>\n<p>Selon divers journaux et des rapports de police, plus d\u2019une douzaine de corps de femmes \u00e2g\u00e9es de 12 \u00e0 36 ans ont \u00e9t\u00e9 retrouv\u00e9s dans la banlieue nord de Lom\u00e9, \u00e0 Agou\u00e9 en 2011.<br \/>\nLes corps comportaient des traces de coups de couteau et certains organes sexuels avaient \u00e9t\u00e9 pr\u00e9lev\u00e9s. Du sang et des organes sont souvent utilis\u00e9s dans des c\u00e9r\u00e9monies Vaudou qui sont tr\u00e8s pratiqu\u00e9es au Togo.<\/p>\n<p>Du fait qu\u2019il n\u2019y ait eu aucune arrestation, le public a demand\u00e9 que justice soit faite pour ces meurtres, ont indiqu\u00e9 les responsables de l\u2019\u00e9glise.<\/p>\n<p>Simliya est apparu par la suite \u00e0 la t\u00e9l\u00e9vision, entour\u00e9 de policiers, relatant le r\u00e9cit de la s\u00e9rie de meurtres qu\u2019il dit avoir organis\u00e9e et nommant des complices qui ont collect\u00e9 le sang et les organes. Mais l\u2019essentiel de l\u2019histoire s\u2019est av\u00e9r\u00e9e invraisemblable, y compris les r\u00e9f\u00e9rences au nombre de victimes, aux m\u00e9thodes utilis\u00e9es, d\u2019apr\u00e8s le m\u00e9decin qui a examin\u00e9 Simliya.<\/p>\n<p>\u00ab Toute personne inform\u00e9e et raisonnable aurait des doutes au sujet de son incroyable r\u00e9cit ou au sujet de la faisabilit\u00e9 de ses crimes ou pr\u00e9tendus crimes, \u00bb a indiqu\u00e9 un rapport psychiatrique en date du 9 septembre 2012 demand\u00e9 par le tribunal et qu\u2019ANN a pu voir.<\/p>\n<p>Simliya est par la suite revenu sur son accusation disant qu\u2019il avait \u00e9t\u00e9 battu par la police et qu\u2019on l\u2019avait forc\u00e9 \u00e0 donner le nom de personnes qu\u2019il savait pr\u00e9tendument \u00eatre des co-conspirateurs dans un r\u00e9seau de trafic de sang, d\u2019apr\u00e8s ce qu\u2019indique encore le rapport psychiatrique.<\/p>\n<p>Cependant, son t\u00e9moignage \u2013 la seule preuve dans l\u2019affaire \u2013 a suffit pour amener les condamnations dans le verdict d\u2019hier.<\/p>\n<p>Les responsables de l\u2019\u00e9glise \u00e0 la Division de l\u2019Afrique du Centre Ouest, bas\u00e9e \u00e0 Abidjan en Cote d\u2019Ivoire, ont d\u00e9clar\u00e9 que pasteur Monteiro recevra les soins appropri\u00e9s de retour chez lui au Cap Vert.<\/p>\n<p>Traduction: Patrick Luciathe<\/p>\n","protected":false},"excerpt":{"rendered":"<p>Le pasteur Adventiste du Septi\u00e8me jour, Antonio Monteiro, a \u00e9t\u00e9 lib\u00e9r\u00e9 de prison cet apr\u00e8s midi \u00e0 Lom\u00e9 au Togo, ce qui met un terme \u00e0 un calvaire de pr\u00e8s de deux ans qui l\u2019a maintenu, lui et quatre autres, en d\u00e9tention suite \u00e0 des accusations de conspiration visant \u00e0 commettre un meurtre dans une affaire qui a retenu l\u2019attention de l\u2019Eglise Adventiste mondiale.<\/p>\n","protected":false},"author":1,"featured_media":22484,"comment_status":"closed","ping_status":"closed","sticky":false,"template":"","format":"standard","meta":{"_acf_changed":false,"footnotes":""},"categories":[18],"tags":[],"class_list":["post-31853","post","type-post","status-publish","format-standard","has-post-thumbnail","hentry","category-nouvelles-de-leglise-mondiale"],"acf":[],"yoast_head":"<!-- This site is optimized with the Yoast SEO plugin v27.3 - https:\/\/yoast.com\/product\/yoast-seo-wordpress\/ -->\n<title>Monteiro lib\u00e9r\u00e9 de prison au Togo - \u00c9glise Adventiste Du Septieme Jour - Inter Am\u00e9rique Division<\/title>\n<meta name=\"robots\" content=\"index, follow, max-snippet:-1, max-image-preview:large, max-video-preview:-1\" \/>\n<link rel=\"canonical\" href=\"https:\/\/interamerica.org\/fr\/2014\/01\/monteiro-libere-de-prison-au-togo\/\" \/>\n<meta property=\"og:locale\" content=\"fr_FR\" \/>\n<meta property=\"og:type\" content=\"article\" \/>\n<meta property=\"og:title\" content=\"Monteiro lib\u00e9r\u00e9 de prison au Togo - \u00c9glise Adventiste Du Septieme Jour - Inter Am\u00e9rique Division\" \/>\n<meta property=\"og:description\" content=\"Le pasteur Adventiste du Septi\u00e8me jour, Antonio Monteiro, a \u00e9t\u00e9 lib\u00e9r\u00e9 de prison cet apr\u00e8s midi \u00e0 Lom\u00e9 au Togo, ce qui met un terme \u00e0 un calvaire de pr\u00e8s de deux ans qui l\u2019a maintenu, lui et quatre autres, en d\u00e9tention suite \u00e0 des accusations de conspiration visant \u00e0 commettre un meurtre dans une affaire qui a retenu l\u2019attention de l\u2019Eglise Adventiste mondiale.\" \/>\n<meta property=\"og:url\" content=\"https:\/\/interamerica.org\/fr\/2014\/01\/monteiro-libere-de-prison-au-togo\/\" \/>\n<meta property=\"og:site_name\" content=\"\u00c9glise Adventiste Du Septieme Jour - Inter Am\u00e9rique Division\" \/>\n<meta property=\"article:published_time\" content=\"2014-01-14T04:00:00+00:00\" \/>\n<meta property=\"og:image\" content=\"https:\/\/interamerica.org\/wp-content\/uploads\/2017\/06\/csm_mont_out_2_c457394d57.jpg\" \/>\n\t<meta property=\"og:image:width\" content=\"400\" \/>\n\t<meta property=\"og:image:height\" content=\"300\" \/>\n\t<meta property=\"og:image:type\" content=\"image\/jpeg\" \/>\n<meta name=\"author\" content=\"Lorenzo Verduzco\" \/>\n<meta name=\"twitter:card\" content=\"summary_large_image\" \/>\n<meta name=\"twitter:label1\" content=\"\u00c9crit par\" \/>\n\t<meta name=\"twitter:data1\" content=\"Lorenzo Verduzco\" \/>\n\t<meta name=\"twitter:label2\" content=\"Dur\u00e9e de lecture estim\u00e9e\" \/>\n\t<meta name=\"twitter:data2\" content=\"4 minutes\" \/>\n<script type=\"application\/ld+json\" class=\"yoast-schema-graph\">{\"@context\":\"https:\\\/\\\/schema.org\",\"@graph\":[{\"@type\":\"Article\",\"@id\":\"https:\\\/\\\/interamerica.org\\\/fr\\\/2014\\\/01\\\/monteiro-libere-de-prison-au-togo\\\/#article\",\"isPartOf\":{\"@id\":\"https:\\\/\\\/interamerica.org\\\/fr\\\/2014\\\/01\\\/monteiro-libere-de-prison-au-togo\\\/\"},\"author\":{\"name\":\"Lorenzo Verduzco\",\"@id\":\"https:\\\/\\\/interamerica.org\\\/fr\\\/#\\\/schema\\\/person\\\/68ede8bdc292885bb76c1e3810e73c39\"},\"headline\":\"Monteiro lib\u00e9r\u00e9 de prison au Togo\",\"datePublished\":\"2014-01-14T04:00:00+00:00\",\"mainEntityOfPage\":{\"@id\":\"https:\\\/\\\/interamerica.org\\\/fr\\\/2014\\\/01\\\/monteiro-libere-de-prison-au-togo\\\/\"},\"wordCount\":882,\"image\":{\"@id\":\"https:\\\/\\\/interamerica.org\\\/fr\\\/2014\\\/01\\\/monteiro-libere-de-prison-au-togo\\\/#primaryimage\"},\"thumbnailUrl\":\"https:\\\/\\\/interamerica.org\\\/wp-content\\\/uploads\\\/2017\\\/06\\\/csm_mont_out_2_c457394d57.jpg\",\"articleSection\":[\"Nouvelles de l'\u00c9glise mondiale\"],\"inLanguage\":\"fr-FR\"},{\"@type\":\"WebPage\",\"@id\":\"https:\\\/\\\/interamerica.org\\\/fr\\\/2014\\\/01\\\/monteiro-libere-de-prison-au-togo\\\/\",\"url\":\"https:\\\/\\\/interamerica.org\\\/fr\\\/2014\\\/01\\\/monteiro-libere-de-prison-au-togo\\\/\",\"name\":\"Monteiro lib\u00e9r\u00e9 de prison au Togo - \u00c9glise Adventiste Du Septieme Jour - Inter Am\u00e9rique Division\",\"isPartOf\":{\"@id\":\"https:\\\/\\\/interamerica.org\\\/fr\\\/#website\"},\"primaryImageOfPage\":{\"@id\":\"https:\\\/\\\/interamerica.org\\\/fr\\\/2014\\\/01\\\/monteiro-libere-de-prison-au-togo\\\/#primaryimage\"},\"image\":{\"@id\":\"https:\\\/\\\/interamerica.org\\\/fr\\\/2014\\\/01\\\/monteiro-libere-de-prison-au-togo\\\/#primaryimage\"},\"thumbnailUrl\":\"https:\\\/\\\/interamerica.org\\\/wp-content\\\/uploads\\\/2017\\\/06\\\/csm_mont_out_2_c457394d57.jpg\",\"datePublished\":\"2014-01-14T04:00:00+00:00\",\"author\":{\"@id\":\"https:\\\/\\\/interamerica.org\\\/fr\\\/#\\\/schema\\\/person\\\/68ede8bdc292885bb76c1e3810e73c39\"},\"breadcrumb\":{\"@id\":\"https:\\\/\\\/interamerica.org\\\/fr\\\/2014\\\/01\\\/monteiro-libere-de-prison-au-togo\\\/#breadcrumb\"},\"inLanguage\":\"fr-FR\",\"potentialAction\":[{\"@type\":\"ReadAction\",\"target\":[\"https:\\\/\\\/interamerica.org\\\/fr\\\/2014\\\/01\\\/monteiro-libere-de-prison-au-togo\\\/\"]}]},{\"@type\":\"ImageObject\",\"inLanguage\":\"fr-FR\",\"@id\":\"https:\\\/\\\/interamerica.org\\\/fr\\\/2014\\\/01\\\/monteiro-libere-de-prison-au-togo\\\/#primaryimage\",\"url\":\"https:\\\/\\\/interamerica.org\\\/wp-content\\\/uploads\\\/2017\\\/06\\\/csm_mont_out_2_c457394d57.jpg\",\"contentUrl\":\"https:\\\/\\\/interamerica.org\\\/wp-content\\\/uploads\\\/2017\\\/06\\\/csm_mont_out_2_c457394d57.jpg\",\"width\":400,\"height\":300},{\"@type\":\"BreadcrumbList\",\"@id\":\"https:\\\/\\\/interamerica.org\\\/fr\\\/2014\\\/01\\\/monteiro-libere-de-prison-au-togo\\\/#breadcrumb\",\"itemListElement\":[{\"@type\":\"ListItem\",\"position\":1,\"name\":\"Home\",\"item\":\"https:\\\/\\\/interamerica.org\\\/fr\\\/\"},{\"@type\":\"ListItem\",\"position\":2,\"name\":\"Monteiro lib\u00e9r\u00e9 de prison au Togo\"}]},{\"@type\":\"WebSite\",\"@id\":\"https:\\\/\\\/interamerica.org\\\/fr\\\/#website\",\"url\":\"https:\\\/\\\/interamerica.org\\\/fr\\\/\",\"name\":\"\u00c9glise Adventiste Du Septieme Jour - Inter Am\u00e9rique Division\",\"description\":\"\",\"potentialAction\":[{\"@type\":\"SearchAction\",\"target\":{\"@type\":\"EntryPoint\",\"urlTemplate\":\"https:\\\/\\\/interamerica.org\\\/fr\\\/?s={search_term_string}\"},\"query-input\":{\"@type\":\"PropertyValueSpecification\",\"valueRequired\":true,\"valueName\":\"search_term_string\"}}],\"inLanguage\":\"fr-FR\"},{\"@type\":\"Person\",\"@id\":\"https:\\\/\\\/interamerica.org\\\/fr\\\/#\\\/schema\\\/person\\\/68ede8bdc292885bb76c1e3810e73c39\",\"name\":\"Lorenzo Verduzco\",\"image\":{\"@type\":\"ImageObject\",\"inLanguage\":\"fr-FR\",\"@id\":\"https:\\\/\\\/secure.gravatar.com\\\/avatar\\\/fb81a55b6218459490a9c1dc841a34909185b81904c5337b4b27f7a6fd60c49e?s=96&d=mm&r=g\",\"url\":\"https:\\\/\\\/secure.gravatar.com\\\/avatar\\\/fb81a55b6218459490a9c1dc841a34909185b81904c5337b4b27f7a6fd60c49e?s=96&d=mm&r=g\",\"contentUrl\":\"https:\\\/\\\/secure.gravatar.com\\\/avatar\\\/fb81a55b6218459490a9c1dc841a34909185b81904c5337b4b27f7a6fd60c49e?s=96&d=mm&r=g\",\"caption\":\"Lorenzo Verduzco\"}}]}<\/script>\n<!-- \/ Yoast SEO plugin. -->","yoast_head_json":{"title":"Monteiro lib\u00e9r\u00e9 de prison au Togo - \u00c9glise Adventiste Du Septieme Jour - Inter Am\u00e9rique Division","robots":{"index":"index","follow":"follow","max-snippet":"max-snippet:-1","max-image-preview":"max-image-preview:large","max-video-preview":"max-video-preview:-1"},"canonical":"https:\/\/interamerica.org\/fr\/2014\/01\/monteiro-libere-de-prison-au-togo\/","og_locale":"fr_FR","og_type":"article","og_title":"Monteiro lib\u00e9r\u00e9 de prison au Togo - \u00c9glise Adventiste Du Septieme Jour - Inter Am\u00e9rique Division","og_description":"Le pasteur Adventiste du Septi\u00e8me jour, Antonio Monteiro, a \u00e9t\u00e9 lib\u00e9r\u00e9 de prison cet apr\u00e8s midi \u00e0 Lom\u00e9 au Togo, ce qui met un terme \u00e0 un calvaire de pr\u00e8s de deux ans qui l\u2019a maintenu, lui et quatre autres, en d\u00e9tention suite \u00e0 des accusations de conspiration visant \u00e0 commettre un meurtre dans une affaire qui a retenu l\u2019attention de l\u2019Eglise Adventiste mondiale.","og_url":"https:\/\/interamerica.org\/fr\/2014\/01\/monteiro-libere-de-prison-au-togo\/","og_site_name":"\u00c9glise Adventiste Du Septieme Jour - Inter Am\u00e9rique Division","article_published_time":"2014-01-14T04:00:00+00:00","og_image":[{"width":400,"height":300,"url":"https:\/\/interamerica.org\/wp-content\/uploads\/2017\/06\/csm_mont_out_2_c457394d57.jpg","type":"image\/jpeg"}],"author":"Lorenzo Verduzco","twitter_card":"summary_large_image","twitter_misc":{"\u00c9crit par":"Lorenzo Verduzco","Dur\u00e9e de lecture estim\u00e9e":"4 minutes"},"schema":{"@context":"https:\/\/schema.org","@graph":[{"@type":"Article","@id":"https:\/\/interamerica.org\/fr\/2014\/01\/monteiro-libere-de-prison-au-togo\/#article","isPartOf":{"@id":"https:\/\/interamerica.org\/fr\/2014\/01\/monteiro-libere-de-prison-au-togo\/"},"author":{"name":"Lorenzo Verduzco","@id":"https:\/\/interamerica.org\/fr\/#\/schema\/person\/68ede8bdc292885bb76c1e3810e73c39"},"headline":"Monteiro lib\u00e9r\u00e9 de prison au Togo","datePublished":"2014-01-14T04:00:00+00:00","mainEntityOfPage":{"@id":"https:\/\/interamerica.org\/fr\/2014\/01\/monteiro-libere-de-prison-au-togo\/"},"wordCount":882,"image":{"@id":"https:\/\/interamerica.org\/fr\/2014\/01\/monteiro-libere-de-prison-au-togo\/#primaryimage"},"thumbnailUrl":"https:\/\/interamerica.org\/wp-content\/uploads\/2017\/06\/csm_mont_out_2_c457394d57.jpg","articleSection":["Nouvelles de l'\u00c9glise mondiale"],"inLanguage":"fr-FR"},{"@type":"WebPage","@id":"https:\/\/interamerica.org\/fr\/2014\/01\/monteiro-libere-de-prison-au-togo\/","url":"https:\/\/interamerica.org\/fr\/2014\/01\/monteiro-libere-de-prison-au-togo\/","name":"Monteiro lib\u00e9r\u00e9 de prison au Togo - \u00c9glise Adventiste Du Septieme Jour - Inter Am\u00e9rique Division","isPartOf":{"@id":"https:\/\/interamerica.org\/fr\/#website"},"primaryImageOfPage":{"@id":"https:\/\/interamerica.org\/fr\/2014\/01\/monteiro-libere-de-prison-au-togo\/#primaryimage"},"image":{"@id":"https:\/\/interamerica.org\/fr\/2014\/01\/monteiro-libere-de-prison-au-togo\/#primaryimage"},"thumbnailUrl":"https:\/\/interamerica.org\/wp-content\/uploads\/2017\/06\/csm_mont_out_2_c457394d57.jpg","datePublished":"2014-01-14T04:00:00+00:00","author":{"@id":"https:\/\/interamerica.org\/fr\/#\/schema\/person\/68ede8bdc292885bb76c1e3810e73c39"},"breadcrumb":{"@id":"https:\/\/interamerica.org\/fr\/2014\/01\/monteiro-libere-de-prison-au-togo\/#breadcrumb"},"inLanguage":"fr-FR","potentialAction":[{"@type":"ReadAction","target":["https:\/\/interamerica.org\/fr\/2014\/01\/monteiro-libere-de-prison-au-togo\/"]}]},{"@type":"ImageObject","inLanguage":"fr-FR","@id":"https:\/\/interamerica.org\/fr\/2014\/01\/monteiro-libere-de-prison-au-togo\/#primaryimage","url":"https:\/\/interamerica.org\/wp-content\/uploads\/2017\/06\/csm_mont_out_2_c457394d57.jpg","contentUrl":"https:\/\/interamerica.org\/wp-content\/uploads\/2017\/06\/csm_mont_out_2_c457394d57.jpg","width":400,"height":300},{"@type":"BreadcrumbList","@id":"https:\/\/interamerica.org\/fr\/2014\/01\/monteiro-libere-de-prison-au-togo\/#breadcrumb","itemListElement":[{"@type":"ListItem","position":1,"name":"Home","item":"https:\/\/interamerica.org\/fr\/"},{"@type":"ListItem","position":2,"name":"Monteiro lib\u00e9r\u00e9 de prison au Togo"}]},{"@type":"WebSite","@id":"https:\/\/interamerica.org\/fr\/#website","url":"https:\/\/interamerica.org\/fr\/","name":"\u00c9glise Adventiste Du Septieme Jour - Inter Am\u00e9rique Division","description":"","potentialAction":[{"@type":"SearchAction","target":{"@type":"EntryPoint","urlTemplate":"https:\/\/interamerica.org\/fr\/?s={search_term_string}"},"query-input":{"@type":"PropertyValueSpecification","valueRequired":true,"valueName":"search_term_string"}}],"inLanguage":"fr-FR"},{"@type":"Person","@id":"https:\/\/interamerica.org\/fr\/#\/schema\/person\/68ede8bdc292885bb76c1e3810e73c39","name":"Lorenzo Verduzco","image":{"@type":"ImageObject","inLanguage":"fr-FR","@id":"https:\/\/secure.gravatar.com\/avatar\/fb81a55b6218459490a9c1dc841a34909185b81904c5337b4b27f7a6fd60c49e?s=96&d=mm&r=g","url":"https:\/\/secure.gravatar.com\/avatar\/fb81a55b6218459490a9c1dc841a34909185b81904c5337b4b27f7a6fd60c49e?s=96&d=mm&r=g","contentUrl":"https:\/\/secure.gravatar.com\/avatar\/fb81a55b6218459490a9c1dc841a34909185b81904c5337b4b27f7a6fd60c49e?s=96&d=mm&r=g","caption":"Lorenzo Verduzco"}}]}},"_links":{"self":[{"href":"https:\/\/interamerica.org\/fr\/wp-json\/wp\/v2\/posts\/31853","targetHints":{"allow":["GET"]}}],"collection":[{"href":"https:\/\/interamerica.org\/fr\/wp-json\/wp\/v2\/posts"}],"about":[{"href":"https:\/\/interamerica.org\/fr\/wp-json\/wp\/v2\/types\/post"}],"author":[{"embeddable":true,"href":"https:\/\/interamerica.org\/fr\/wp-json\/wp\/v2\/users\/1"}],"replies":[{"embeddable":true,"href":"https:\/\/interamerica.org\/fr\/wp-json\/wp\/v2\/comments?post=31853"}],"version-history":[{"count":0,"href":"https:\/\/interamerica.org\/fr\/wp-json\/wp\/v2\/posts\/31853\/revisions"}],"wp:featuredmedia":[{"embeddable":true,"href":"https:\/\/interamerica.org\/fr\/wp-json\/wp\/v2\/media\/22484"}],"wp:attachment":[{"href":"https:\/\/interamerica.org\/fr\/wp-json\/wp\/v2\/media?parent=31853"}],"wp:term":[{"taxonomy":"category","embeddable":true,"href":"https:\/\/interamerica.org\/fr\/wp-json\/wp\/v2\/categories?post=31853"},{"taxonomy":"post_tag","embeddable":true,"href":"https:\/\/interamerica.org\/fr\/wp-json\/wp\/v2\/tags?post=31853"}],"curies":[{"name":"wp","href":"https:\/\/api.w.org\/{rel}","templated":true}]}}