{"id":31854,"date":"2014-01-14T00:00:00","date_gmt":"2014-01-14T04:00:00","guid":{"rendered":"http:\/\/192.81.217.108\/interamerica\/2014\/01\/un-nouveau-contrat-satellitaire-etend-la-zone-de-couverture-de-la-television-adventiste\/"},"modified":"2014-01-14T00:00:00","modified_gmt":"2014-01-14T04:00:00","slug":"un-nouveau-contrat-satellitaire-etend-la-zone-de-couverture-de-la-television-adventiste","status":"publish","type":"post","link":"https:\/\/interamerica.org\/fr\/2014\/01\/un-nouveau-contrat-satellitaire-etend-la-zone-de-couverture-de-la-television-adventiste\/","title":{"rendered":"Un nouveau contrat satellitaire \u00e9tend la zone de couverture de la t\u00e9l\u00e9vision Adventiste"},"content":{"rendered":"<p>14 Janvier 2014 \u2013 Silver Spring, Maryland, Etats Unis\u2026ANN<\/p>\n<div id=\"attachment_10339\" style=\"width: 310px\" class=\"wp-caption alignright\"><a href=\"\/interamerica\/wp-content\/uploads\/2017\/06\/csm_footprint-web_7de3c0c571.jpg\" rel=\"fancybox\" title=\"Un nouveau contrat satellitaire \u00e9tend la zone de couverture de la t\u00e9l\u00e9vision Adventiste\"><img fetchpriority=\"high\" decoding=\"async\" aria-describedby=\"caption-attachment-10339\" class=\"size-medium wp-image-10339\" src=\"\/interamerica\/wp-content\/uploads\/2017\/06\/csm_footprint-web_7de3c0c571-300x210.jpg\" alt=\"\" width=\"300\" height=\"210\" \/><\/a><p id=\"caption-attachment-10339\" class=\"wp-caption-text\">Image d&rsquo;ANN<\/p><\/div>\n<p>Un nouveau contrat satellitaire pour la chaine de t\u00e9l\u00e9vision Adventiste du Septi\u00e8me jour \u00e0 Beyrouth \u00e9tend l\u2019empreinte du minist\u00e8re audiovisuel de l\u2019\u00e9glise en Afrique du Nord et au Moyen Orient. Hope Channel Al Waad a sign\u00e9 ce mois ci un contrat de cinq ans pour le satellite Eutelsat 7 West A, une d\u00e9cision qui d\u2019apr\u00e8s les responsables de la chaine permet d\u2019introduire un message d\u2019espoir aupr\u00e8s d\u2019un auditoire plus large compos\u00e9 de ceux qui parlent arabe, turc et farsi dans la r\u00e9gion.<\/p>\n<p>\u00ab Ce nouveau contrat est une formidable opportunit\u00e9 pour l\u2019avancement de l\u2019\u0153uvre de Dieu, et une avanc\u00e9e majeure pour l\u2019action missionnaire urbaine, \u00bb a d\u00e9clar\u00e9 le pr\u00e9sident de Hope Channel, Brad Thorp. \u00ab Nous pouvons maintenant offrir Al Waad \u00e0 n\u2019importe quelle ville de cette r\u00e9gion, ouvrant ainsi la porte de millions et de millions de foyers \u00e0 la bonne nouvelle de Dieu pour une vie meilleure aujourd\u2019hui et pour l\u2019\u00e9ternit\u00e9. \u00bb<\/p>\n<p>Le fournisseur fran\u00e7ais de couverture satellitaire Eutelsat, g\u00e8re Eutelsat 7 West A en \u00e9troite collaboration avec l\u2019op\u00e9rateur satellitaire \u00e9gyptien Nilesat, le plus grand fournisseur d\u2019acc\u00e8s satellitaire au Moyen Orient. Le lancement en 2011 d\u2019Eutelsat 7 West A, a marqu\u00e9 une partie de l\u2019effort fait par ce fournisseur pour booster la diffusion au Moyen Orient, dans les \u00e9tats du Golfe, en Afrique du Nord et dans l\u2019Afrique du Nord Ouest.<\/p>\n<p>Les t\u00e9l\u00e9spectateurs utilisant le satellite Nilesat peuvent maintenant reconfigurer leur liste de chaines afin de recevoir la t\u00e9l\u00e9vision Adventiste chez eux. Le satellite est la m\u00e9thode de diffusion la plus r\u00e9pandue au Moyen Orient.<\/p>\n<p>\u00ab Nous prions pour cette \u00e9volution depuis des ann\u00e9es, \u00bb a d\u00e9clar\u00e9 le directeur d\u2019Al Waad, Amir Ghali, ajoutant que la programmation \u00ab pacifique et non partisane de la chaine \u00bb a \u00e9t\u00e9 bien re\u00e7ue dans la r\u00e9gion depuis son lancement en 2010.<\/p>\n<p>Les programmes d\u2019Al Waad traitent de sujets tels que la sant\u00e9, l\u2019\u00e9ducation et la famille. La chaine tire son nom du mot arabe signifiant \u00ab promesse, \u00bb offrant d\u2019apr\u00e8s Amir Ghali, \u00ab la promesse de l\u2019espoir \u00bb dans la r\u00e9gion.<\/p>\n<p>Traduction: Patrick Luciathe<\/p>\n","protected":false},"excerpt":{"rendered":"<p>Un nouveau contrat satellitaire pour la chaine de t\u00e9l\u00e9vision Adventiste du Septi\u00e8me jour \u00e0 Beyrouth \u00e9tend l\u2019empreinte du minist\u00e8re audiovisuel de l\u2019\u00e9glise en Afrique du Nord et au Moyen Orient.<\/p>\n","protected":false},"author":1,"featured_media":22491,"comment_status":"closed","ping_status":"closed","sticky":false,"template":"","format":"standard","meta":{"_acf_changed":false,"footnotes":""},"categories":[18],"tags":[],"class_list":["post-31854","post","type-post","status-publish","format-standard","has-post-thumbnail","hentry","category-nouvelles-de-leglise-mondiale"],"acf":[],"yoast_head":"<!-- This site is optimized with the Yoast SEO plugin v27.3 - https:\/\/yoast.com\/product\/yoast-seo-wordpress\/ -->\n<title>Un nouveau contrat satellitaire \u00e9tend la zone de couverture de la t\u00e9l\u00e9vision Adventiste - \u00c9glise Adventiste Du Septieme Jour - Inter Am\u00e9rique Division<\/title>\n<meta name=\"robots\" content=\"index, follow, max-snippet:-1, max-image-preview:large, max-video-preview:-1\" \/>\n<link rel=\"canonical\" href=\"https:\/\/interamerica.org\/fr\/2014\/01\/un-nouveau-contrat-satellitaire-etend-la-zone-de-couverture-de-la-television-adventiste\/\" \/>\n<meta property=\"og:locale\" content=\"fr_FR\" \/>\n<meta property=\"og:type\" content=\"article\" \/>\n<meta property=\"og:title\" content=\"Un nouveau contrat satellitaire \u00e9tend la zone de couverture de la t\u00e9l\u00e9vision Adventiste - \u00c9glise Adventiste Du Septieme Jour - Inter Am\u00e9rique Division\" \/>\n<meta property=\"og:description\" content=\"Un nouveau contrat satellitaire pour la chaine de t\u00e9l\u00e9vision Adventiste du Septi\u00e8me jour \u00e0 Beyrouth \u00e9tend l\u2019empreinte du minist\u00e8re audiovisuel de l\u2019\u00e9glise en Afrique du Nord et au Moyen Orient.\" \/>\n<meta property=\"og:url\" content=\"https:\/\/interamerica.org\/fr\/2014\/01\/un-nouveau-contrat-satellitaire-etend-la-zone-de-couverture-de-la-television-adventiste\/\" \/>\n<meta property=\"og:site_name\" content=\"\u00c9glise Adventiste Du Septieme Jour - Inter Am\u00e9rique Division\" \/>\n<meta property=\"article:published_time\" content=\"2014-01-14T04:00:00+00:00\" \/>\n<meta property=\"og:image\" content=\"https:\/\/interamerica.org\/wp-content\/uploads\/2017\/06\/csm_footprint-web_7de3c0c571.jpg\" \/>\n\t<meta property=\"og:image:width\" content=\"400\" \/>\n\t<meta property=\"og:image:height\" content=\"280\" \/>\n\t<meta property=\"og:image:type\" content=\"image\/jpeg\" \/>\n<meta name=\"author\" content=\"Lorenzo Verduzco\" \/>\n<meta name=\"twitter:card\" content=\"summary_large_image\" \/>\n<meta name=\"twitter:label1\" content=\"\u00c9crit par\" \/>\n\t<meta name=\"twitter:data1\" content=\"Lorenzo Verduzco\" \/>\n\t<meta name=\"twitter:label2\" content=\"Dur\u00e9e de lecture estim\u00e9e\" \/>\n\t<meta name=\"twitter:data2\" content=\"2 minutes\" \/>\n<script type=\"application\/ld+json\" class=\"yoast-schema-graph\">{\"@context\":\"https:\\\/\\\/schema.org\",\"@graph\":[{\"@type\":\"Article\",\"@id\":\"https:\\\/\\\/interamerica.org\\\/fr\\\/2014\\\/01\\\/un-nouveau-contrat-satellitaire-etend-la-zone-de-couverture-de-la-television-adventiste\\\/#article\",\"isPartOf\":{\"@id\":\"https:\\\/\\\/interamerica.org\\\/fr\\\/2014\\\/01\\\/un-nouveau-contrat-satellitaire-etend-la-zone-de-couverture-de-la-television-adventiste\\\/\"},\"author\":{\"name\":\"Lorenzo Verduzco\",\"@id\":\"https:\\\/\\\/interamerica.org\\\/fr\\\/#\\\/schema\\\/person\\\/68ede8bdc292885bb76c1e3810e73c39\"},\"headline\":\"Un nouveau contrat satellitaire \u00e9tend la zone de couverture de la t\u00e9l\u00e9vision Adventiste\",\"datePublished\":\"2014-01-14T04:00:00+00:00\",\"mainEntityOfPage\":{\"@id\":\"https:\\\/\\\/interamerica.org\\\/fr\\\/2014\\\/01\\\/un-nouveau-contrat-satellitaire-etend-la-zone-de-couverture-de-la-television-adventiste\\\/\"},\"wordCount\":405,\"image\":{\"@id\":\"https:\\\/\\\/interamerica.org\\\/fr\\\/2014\\\/01\\\/un-nouveau-contrat-satellitaire-etend-la-zone-de-couverture-de-la-television-adventiste\\\/#primaryimage\"},\"thumbnailUrl\":\"https:\\\/\\\/interamerica.org\\\/wp-content\\\/uploads\\\/2017\\\/06\\\/csm_footprint-web_7de3c0c571.jpg\",\"articleSection\":[\"Nouvelles de l'\u00c9glise mondiale\"],\"inLanguage\":\"fr-FR\"},{\"@type\":\"WebPage\",\"@id\":\"https:\\\/\\\/interamerica.org\\\/fr\\\/2014\\\/01\\\/un-nouveau-contrat-satellitaire-etend-la-zone-de-couverture-de-la-television-adventiste\\\/\",\"url\":\"https:\\\/\\\/interamerica.org\\\/fr\\\/2014\\\/01\\\/un-nouveau-contrat-satellitaire-etend-la-zone-de-couverture-de-la-television-adventiste\\\/\",\"name\":\"Un nouveau contrat satellitaire \u00e9tend la zone de couverture de la t\u00e9l\u00e9vision Adventiste - \u00c9glise Adventiste Du Septieme Jour - Inter Am\u00e9rique Division\",\"isPartOf\":{\"@id\":\"https:\\\/\\\/interamerica.org\\\/fr\\\/#website\"},\"primaryImageOfPage\":{\"@id\":\"https:\\\/\\\/interamerica.org\\\/fr\\\/2014\\\/01\\\/un-nouveau-contrat-satellitaire-etend-la-zone-de-couverture-de-la-television-adventiste\\\/#primaryimage\"},\"image\":{\"@id\":\"https:\\\/\\\/interamerica.org\\\/fr\\\/2014\\\/01\\\/un-nouveau-contrat-satellitaire-etend-la-zone-de-couverture-de-la-television-adventiste\\\/#primaryimage\"},\"thumbnailUrl\":\"https:\\\/\\\/interamerica.org\\\/wp-content\\\/uploads\\\/2017\\\/06\\\/csm_footprint-web_7de3c0c571.jpg\",\"datePublished\":\"2014-01-14T04:00:00+00:00\",\"author\":{\"@id\":\"https:\\\/\\\/interamerica.org\\\/fr\\\/#\\\/schema\\\/person\\\/68ede8bdc292885bb76c1e3810e73c39\"},\"breadcrumb\":{\"@id\":\"https:\\\/\\\/interamerica.org\\\/fr\\\/2014\\\/01\\\/un-nouveau-contrat-satellitaire-etend-la-zone-de-couverture-de-la-television-adventiste\\\/#breadcrumb\"},\"inLanguage\":\"fr-FR\",\"potentialAction\":[{\"@type\":\"ReadAction\",\"target\":[\"https:\\\/\\\/interamerica.org\\\/fr\\\/2014\\\/01\\\/un-nouveau-contrat-satellitaire-etend-la-zone-de-couverture-de-la-television-adventiste\\\/\"]}]},{\"@type\":\"ImageObject\",\"inLanguage\":\"fr-FR\",\"@id\":\"https:\\\/\\\/interamerica.org\\\/fr\\\/2014\\\/01\\\/un-nouveau-contrat-satellitaire-etend-la-zone-de-couverture-de-la-television-adventiste\\\/#primaryimage\",\"url\":\"https:\\\/\\\/interamerica.org\\\/wp-content\\\/uploads\\\/2017\\\/06\\\/csm_footprint-web_7de3c0c571.jpg\",\"contentUrl\":\"https:\\\/\\\/interamerica.org\\\/wp-content\\\/uploads\\\/2017\\\/06\\\/csm_footprint-web_7de3c0c571.jpg\",\"width\":400,\"height\":280},{\"@type\":\"BreadcrumbList\",\"@id\":\"https:\\\/\\\/interamerica.org\\\/fr\\\/2014\\\/01\\\/un-nouveau-contrat-satellitaire-etend-la-zone-de-couverture-de-la-television-adventiste\\\/#breadcrumb\",\"itemListElement\":[{\"@type\":\"ListItem\",\"position\":1,\"name\":\"Home\",\"item\":\"https:\\\/\\\/interamerica.org\\\/fr\\\/\"},{\"@type\":\"ListItem\",\"position\":2,\"name\":\"Un nouveau contrat satellitaire \u00e9tend la zone de couverture de la t\u00e9l\u00e9vision Adventiste\"}]},{\"@type\":\"WebSite\",\"@id\":\"https:\\\/\\\/interamerica.org\\\/fr\\\/#website\",\"url\":\"https:\\\/\\\/interamerica.org\\\/fr\\\/\",\"name\":\"\u00c9glise Adventiste Du Septieme Jour - Inter Am\u00e9rique Division\",\"description\":\"\",\"potentialAction\":[{\"@type\":\"SearchAction\",\"target\":{\"@type\":\"EntryPoint\",\"urlTemplate\":\"https:\\\/\\\/interamerica.org\\\/fr\\\/?s={search_term_string}\"},\"query-input\":{\"@type\":\"PropertyValueSpecification\",\"valueRequired\":true,\"valueName\":\"search_term_string\"}}],\"inLanguage\":\"fr-FR\"},{\"@type\":\"Person\",\"@id\":\"https:\\\/\\\/interamerica.org\\\/fr\\\/#\\\/schema\\\/person\\\/68ede8bdc292885bb76c1e3810e73c39\",\"name\":\"Lorenzo Verduzco\",\"image\":{\"@type\":\"ImageObject\",\"inLanguage\":\"fr-FR\",\"@id\":\"https:\\\/\\\/secure.gravatar.com\\\/avatar\\\/fb81a55b6218459490a9c1dc841a34909185b81904c5337b4b27f7a6fd60c49e?s=96&d=mm&r=g\",\"url\":\"https:\\\/\\\/secure.gravatar.com\\\/avatar\\\/fb81a55b6218459490a9c1dc841a34909185b81904c5337b4b27f7a6fd60c49e?s=96&d=mm&r=g\",\"contentUrl\":\"https:\\\/\\\/secure.gravatar.com\\\/avatar\\\/fb81a55b6218459490a9c1dc841a34909185b81904c5337b4b27f7a6fd60c49e?s=96&d=mm&r=g\",\"caption\":\"Lorenzo Verduzco\"}}]}<\/script>\n<!-- \/ Yoast SEO plugin. -->","yoast_head_json":{"title":"Un nouveau contrat satellitaire \u00e9tend la zone de couverture de la t\u00e9l\u00e9vision Adventiste - \u00c9glise Adventiste Du Septieme Jour - Inter Am\u00e9rique Division","robots":{"index":"index","follow":"follow","max-snippet":"max-snippet:-1","max-image-preview":"max-image-preview:large","max-video-preview":"max-video-preview:-1"},"canonical":"https:\/\/interamerica.org\/fr\/2014\/01\/un-nouveau-contrat-satellitaire-etend-la-zone-de-couverture-de-la-television-adventiste\/","og_locale":"fr_FR","og_type":"article","og_title":"Un nouveau contrat satellitaire \u00e9tend la zone de couverture de la t\u00e9l\u00e9vision Adventiste - \u00c9glise Adventiste Du Septieme Jour - Inter Am\u00e9rique Division","og_description":"Un nouveau contrat satellitaire pour la chaine de t\u00e9l\u00e9vision Adventiste du Septi\u00e8me jour \u00e0 Beyrouth \u00e9tend l\u2019empreinte du minist\u00e8re audiovisuel de l\u2019\u00e9glise en Afrique du Nord et au Moyen Orient.","og_url":"https:\/\/interamerica.org\/fr\/2014\/01\/un-nouveau-contrat-satellitaire-etend-la-zone-de-couverture-de-la-television-adventiste\/","og_site_name":"\u00c9glise Adventiste Du Septieme Jour - Inter Am\u00e9rique Division","article_published_time":"2014-01-14T04:00:00+00:00","og_image":[{"width":400,"height":280,"url":"https:\/\/interamerica.org\/wp-content\/uploads\/2017\/06\/csm_footprint-web_7de3c0c571.jpg","type":"image\/jpeg"}],"author":"Lorenzo Verduzco","twitter_card":"summary_large_image","twitter_misc":{"\u00c9crit par":"Lorenzo Verduzco","Dur\u00e9e de lecture estim\u00e9e":"2 minutes"},"schema":{"@context":"https:\/\/schema.org","@graph":[{"@type":"Article","@id":"https:\/\/interamerica.org\/fr\/2014\/01\/un-nouveau-contrat-satellitaire-etend-la-zone-de-couverture-de-la-television-adventiste\/#article","isPartOf":{"@id":"https:\/\/interamerica.org\/fr\/2014\/01\/un-nouveau-contrat-satellitaire-etend-la-zone-de-couverture-de-la-television-adventiste\/"},"author":{"name":"Lorenzo Verduzco","@id":"https:\/\/interamerica.org\/fr\/#\/schema\/person\/68ede8bdc292885bb76c1e3810e73c39"},"headline":"Un nouveau contrat satellitaire \u00e9tend la zone de couverture de la t\u00e9l\u00e9vision Adventiste","datePublished":"2014-01-14T04:00:00+00:00","mainEntityOfPage":{"@id":"https:\/\/interamerica.org\/fr\/2014\/01\/un-nouveau-contrat-satellitaire-etend-la-zone-de-couverture-de-la-television-adventiste\/"},"wordCount":405,"image":{"@id":"https:\/\/interamerica.org\/fr\/2014\/01\/un-nouveau-contrat-satellitaire-etend-la-zone-de-couverture-de-la-television-adventiste\/#primaryimage"},"thumbnailUrl":"https:\/\/interamerica.org\/wp-content\/uploads\/2017\/06\/csm_footprint-web_7de3c0c571.jpg","articleSection":["Nouvelles de l'\u00c9glise mondiale"],"inLanguage":"fr-FR"},{"@type":"WebPage","@id":"https:\/\/interamerica.org\/fr\/2014\/01\/un-nouveau-contrat-satellitaire-etend-la-zone-de-couverture-de-la-television-adventiste\/","url":"https:\/\/interamerica.org\/fr\/2014\/01\/un-nouveau-contrat-satellitaire-etend-la-zone-de-couverture-de-la-television-adventiste\/","name":"Un nouveau contrat satellitaire \u00e9tend la zone de couverture de la t\u00e9l\u00e9vision Adventiste - \u00c9glise Adventiste Du Septieme Jour - Inter Am\u00e9rique Division","isPartOf":{"@id":"https:\/\/interamerica.org\/fr\/#website"},"primaryImageOfPage":{"@id":"https:\/\/interamerica.org\/fr\/2014\/01\/un-nouveau-contrat-satellitaire-etend-la-zone-de-couverture-de-la-television-adventiste\/#primaryimage"},"image":{"@id":"https:\/\/interamerica.org\/fr\/2014\/01\/un-nouveau-contrat-satellitaire-etend-la-zone-de-couverture-de-la-television-adventiste\/#primaryimage"},"thumbnailUrl":"https:\/\/interamerica.org\/wp-content\/uploads\/2017\/06\/csm_footprint-web_7de3c0c571.jpg","datePublished":"2014-01-14T04:00:00+00:00","author":{"@id":"https:\/\/interamerica.org\/fr\/#\/schema\/person\/68ede8bdc292885bb76c1e3810e73c39"},"breadcrumb":{"@id":"https:\/\/interamerica.org\/fr\/2014\/01\/un-nouveau-contrat-satellitaire-etend-la-zone-de-couverture-de-la-television-adventiste\/#breadcrumb"},"inLanguage":"fr-FR","potentialAction":[{"@type":"ReadAction","target":["https:\/\/interamerica.org\/fr\/2014\/01\/un-nouveau-contrat-satellitaire-etend-la-zone-de-couverture-de-la-television-adventiste\/"]}]},{"@type":"ImageObject","inLanguage":"fr-FR","@id":"https:\/\/interamerica.org\/fr\/2014\/01\/un-nouveau-contrat-satellitaire-etend-la-zone-de-couverture-de-la-television-adventiste\/#primaryimage","url":"https:\/\/interamerica.org\/wp-content\/uploads\/2017\/06\/csm_footprint-web_7de3c0c571.jpg","contentUrl":"https:\/\/interamerica.org\/wp-content\/uploads\/2017\/06\/csm_footprint-web_7de3c0c571.jpg","width":400,"height":280},{"@type":"BreadcrumbList","@id":"https:\/\/interamerica.org\/fr\/2014\/01\/un-nouveau-contrat-satellitaire-etend-la-zone-de-couverture-de-la-television-adventiste\/#breadcrumb","itemListElement":[{"@type":"ListItem","position":1,"name":"Home","item":"https:\/\/interamerica.org\/fr\/"},{"@type":"ListItem","position":2,"name":"Un nouveau contrat satellitaire \u00e9tend la zone de couverture de la t\u00e9l\u00e9vision Adventiste"}]},{"@type":"WebSite","@id":"https:\/\/interamerica.org\/fr\/#website","url":"https:\/\/interamerica.org\/fr\/","name":"\u00c9glise Adventiste Du Septieme Jour - Inter Am\u00e9rique Division","description":"","potentialAction":[{"@type":"SearchAction","target":{"@type":"EntryPoint","urlTemplate":"https:\/\/interamerica.org\/fr\/?s={search_term_string}"},"query-input":{"@type":"PropertyValueSpecification","valueRequired":true,"valueName":"search_term_string"}}],"inLanguage":"fr-FR"},{"@type":"Person","@id":"https:\/\/interamerica.org\/fr\/#\/schema\/person\/68ede8bdc292885bb76c1e3810e73c39","name":"Lorenzo Verduzco","image":{"@type":"ImageObject","inLanguage":"fr-FR","@id":"https:\/\/secure.gravatar.com\/avatar\/fb81a55b6218459490a9c1dc841a34909185b81904c5337b4b27f7a6fd60c49e?s=96&d=mm&r=g","url":"https:\/\/secure.gravatar.com\/avatar\/fb81a55b6218459490a9c1dc841a34909185b81904c5337b4b27f7a6fd60c49e?s=96&d=mm&r=g","contentUrl":"https:\/\/secure.gravatar.com\/avatar\/fb81a55b6218459490a9c1dc841a34909185b81904c5337b4b27f7a6fd60c49e?s=96&d=mm&r=g","caption":"Lorenzo Verduzco"}}]}},"_links":{"self":[{"href":"https:\/\/interamerica.org\/fr\/wp-json\/wp\/v2\/posts\/31854","targetHints":{"allow":["GET"]}}],"collection":[{"href":"https:\/\/interamerica.org\/fr\/wp-json\/wp\/v2\/posts"}],"about":[{"href":"https:\/\/interamerica.org\/fr\/wp-json\/wp\/v2\/types\/post"}],"author":[{"embeddable":true,"href":"https:\/\/interamerica.org\/fr\/wp-json\/wp\/v2\/users\/1"}],"replies":[{"embeddable":true,"href":"https:\/\/interamerica.org\/fr\/wp-json\/wp\/v2\/comments?post=31854"}],"version-history":[{"count":0,"href":"https:\/\/interamerica.org\/fr\/wp-json\/wp\/v2\/posts\/31854\/revisions"}],"wp:featuredmedia":[{"embeddable":true,"href":"https:\/\/interamerica.org\/fr\/wp-json\/wp\/v2\/media\/22491"}],"wp:attachment":[{"href":"https:\/\/interamerica.org\/fr\/wp-json\/wp\/v2\/media?parent=31854"}],"wp:term":[{"taxonomy":"category","embeddable":true,"href":"https:\/\/interamerica.org\/fr\/wp-json\/wp\/v2\/categories?post=31854"},{"taxonomy":"post_tag","embeddable":true,"href":"https:\/\/interamerica.org\/fr\/wp-json\/wp\/v2\/tags?post=31854"}],"curies":[{"name":"wp","href":"https:\/\/api.w.org\/{rel}","templated":true}]}}