{"id":31857,"date":"2014-01-20T00:00:00","date_gmt":"2014-01-20T04:00:00","guid":{"rendered":"http:\/\/192.81.217.108\/interamerica\/2014\/01\/35000-jeunes-participent-au-camporee-adventiste-au-bresil\/"},"modified":"2014-01-20T00:00:00","modified_gmt":"2014-01-20T04:00:00","slug":"35000-jeunes-participent-au-camporee-adventiste-au-bresil","status":"publish","type":"post","link":"https:\/\/interamerica.org\/fr\/2014\/01\/35000-jeunes-participent-au-camporee-adventiste-au-bresil\/","title":{"rendered":"35000 jeunes participent au Campor\u00e9e Adventiste au Br\u00e9sil"},"content":{"rendered":"<p>17 Janvier 2014 \u2013 Barretos, S\u00e3o Paulo, Br\u00e9sil\u2026Mark A. Kellner, Adventist World, avec Felipe Lemos et Deborah Calixto, ASN<\/p>\n<p>35000 jeunes, un nombre record, la plupart d\u2019entre eux des Adventistes du Septi\u00e8me jour, venus de 12 pays se sont r\u00e9unis \u00e0 Barretos, dans l\u2019\u00e9tat de S\u00e3o Paulo au Br\u00e9sil du 7 au 12 janvier pour le Quatri\u00e8me Campor\u00e9e Sud Am\u00e9ricain des Eclaireurs, un rassemblement de jeunes visant \u00e0 promouvoir un style de vie Chr\u00e9tien ainsi que le service communautaire.<\/p>\n<div id=\"attachment_10387\" style=\"width: 310px\" class=\"wp-caption alignright\"><a href=\"\/interamerica\/wp-content\/uploads\/2017\/06\/csm_path-feat-web_7b95a87ab7.jpg\" rel=\"fancybox\" title=\"35000 jeunes participent au Campor\u00e9e Adventiste au Br\u00e9sil\"><img fetchpriority=\"high\" decoding=\"async\" aria-describedby=\"caption-attachment-10387\" class=\"size-medium wp-image-10387\" src=\"\/interamerica\/wp-content\/uploads\/2017\/06\/csm_path-feat-web_7b95a87ab7-300x225.jpg\" alt=\"\" width=\"300\" height=\"225\" \/><\/a><p id=\"caption-attachment-10387\" class=\"wp-caption-text\">Des jeunes Adventistes se sont r\u00e9unis au Br\u00e9sil la semaine derni\u00e8re pour le Quatri\u00e8me Campor\u00e9e des Eclaireurs de l\u2019Am\u00e9rique du Sud, un des plus importants programmes Chr\u00e9tiens de jeunesse dans le monde. Image d\u2019ASN\/ANN.<\/p><\/div>\n<p>Le gouverneur de l\u2019\u00e9tat de S\u00e3o Paulo, Geraldo Alckmin, a officiellement accueilli les participants venus de nations d\u2019Am\u00e9rique du Sud, d\u2019Am\u00e9rique du Nord, d\u2019Europe, d\u2019Afrique et d\u2019Asie.<\/p>\n<p>Le Campor\u00e9e des Eclaireurs avec mille clubs, est l\u2019un des plus importants projets visant \u00e0 apporter un soutien spirituel, social et \u00e9ducatif aux enfants et aux jeunes. Pendant toute l\u2019ann\u00e9e, environ 150000 enfants et adolescents \u00e2g\u00e9s de 10 \u00e0 15 ans, se r\u00e9unissent le samedi et le dimanche pour acqu\u00e9rir des dizaines de comp\u00e9tences, allant des premiers secours \u00e0 apporter \u00e0 un bless\u00e9, \u00e0 la capacit\u00e9 de survivre dans le d\u00e9sert et prendre soin de l\u2019environnement.<\/p>\n<p>La ville a accueilli 850 bus transportant des participants venant en majorit\u00e9 des Am\u00e9riques, mais aussi certains qui \u00e9taient arriv\u00e9s d\u2019Asie et d\u2019Europe. Environ 800 lieux de restauration avaient \u00e9t\u00e9 d\u00e9sign\u00e9s pour que les participants prennent leurs repas.<\/p>\n<p>L\u2019organisation du Campor\u00e9e avait aussi mis en place un mus\u00e9e exposant l\u2019histoire des Eclaireurs, un centre de shopping, un supermarch\u00e9, une boulangerie, un petit restaurant, une station de police et des postes anti-incendie et au moins 500 personnes en charge de la s\u00e9curit\u00e9 et de la circulation dans le camp.<\/p>\n<p>\u00ab C\u2019est une structure massive pour assurer la s\u00e9curit\u00e9 de tous les participants, \u00bb a d\u00e9clar\u00e9 Udolcy Zudowski, coordinateur g\u00e9n\u00e9ral du programme. Nous organisons ce type de programme une fois tous les 10 ans \u00e0 cause de toute la logistique que cela demande. Les Eclaireurs, c\u2019est un projet en continu : chaque samedi et dimanche, les clubs se r\u00e9unissent afin d\u2019aider les enfants et les adolescents \u00e0 ne pas se retrouver impliqu\u00e9s dans des activit\u00e9s n\u00e9gatives telles que les drogues ou les crimes. Nous enseignons des valeurs qui, nous l\u2019esp\u00e9rons, resteront dans leurs vies. \u00bb<\/p>\n<p>Alors que la \u00ab ville \u00bb des Eclaireurs au \u00ab Parc de Cowboys \u00bb de Barretos \u00e9tait un centre d\u2019activit\u00e9s de jeunesse et d\u2019amusement, tout cependant n\u2019\u00e9tait pas orient\u00e9 vers l\u2019amusement. Le service communautaire et l\u2019action missionnaire repr\u00e9sentaient aussi une partie importante du programme.<\/p>\n<p>En une seule journ\u00e9e, les Eclaireurs ont visit\u00e9 40000 foyers \u00e0 Barretos, donnant des informations sur la protection des enfants contre la maltraitance et remettant une brochure sur la pr\u00e9vention contre la dengue. Le lendemain, 40000 copies de l\u2019ouvrage \u00ab le Seul Espoir, \u00bb un livre d\u2019\u00e9vang\u00e9lisation \u00e9crit par le pasteur Adventiste du Septi\u00e8me jour, Alejandro Bullon, ont \u00e9t\u00e9 distribu\u00e9es gratuitement.<\/p>\n<p>Le vendredi 10 janvier, les habitants se sont vus remettre un DVD contenant des images d\u2019Isra\u00ebl, de Turquie, de Gr\u00e8ce et de Rome ainsi qu\u2019un message sp\u00e9cial issu de la Bible sur ce qui s\u2019est produit dans ces endroits historiques.<\/p>\n<p>Au cours des apr\u00e8s midi du 8 au 10 janvier, une Expo Sant\u00e9 s\u2019est d\u00e9roul\u00e9e \u00e0 trois endroits de Barretos ; des professionnels de sant\u00e9 et d\u2019autres intervenants ont donn\u00e9 des conseils sur huit rem\u00e8des naturels et la fa\u00e7on de les utiliser pour \u00eatre en bonne sant\u00e9. Il y a eu \u00e9galement \u00e0 ces m\u00eames endroits, des interventions sp\u00e9ciales sur la sant\u00e9 de la femme.<\/p>\n<p>Une des caract\u00e9ristiques uniques du Quatri\u00e8me Campor\u00e9e Sud Am\u00e9ricain, c\u2019est la d\u00e9marche faite pour inclure les personnes handicap\u00e9es. Natalia Paola Blanco, 22 ans, est membre du Club d\u2019Eclaireurs Ebenezer dans le nord ouest de l\u2019Argentine. Elle est trisomique. \u00ab L\u2019ouverture \u00e9tait magnifique, \u00bb a t-elle dit.<\/p>\n<p>Sa m\u00e8re, Elva Blanco, appuie sur le fait que le contact avec le club a grandement contribu\u00e9 au d\u00e9veloppement social de sa fille. C\u2019est aussi une opportunit\u00e9 pour les jeunes Adventistes d\u2019apprendre une le\u00e7on sur l\u2019\u00e9galit\u00e9 et la participation sociale.<\/p>\n<p>Elias Santos, 19 ans, est instructeur au Club des Eclaireurs des Cinq Oc\u00e9ans dans la ville br\u00e9silienne de Bahia, et est aussi handicap\u00e9. Pour lui, participer \u00e0 ce programme est la r\u00e9alisation d\u2019un r\u00eave. \u00ab Je participe \u00e0 toutes les activit\u00e9s du club et les autres ne m\u2019ont jamais manqu\u00e9 de respect, \u00bb a t-il indiqu\u00e9.<\/p>\n<p>Diego Barreto, un ami d\u2019enfance d\u2019Elias, a dit que l\u2019amiti\u00e9 qu\u2019il a trouv\u00e9e au club, a certainement motiv\u00e9 Elias \u00e0 vaincre le handicap d\u00fb aux blessures \u00e0 sa jambe gauche. D\u2019apr\u00e8s Diego, Elias a \u00ab rejoint le club et a ensuite eu un accident. Mais les Eclaireurs l\u2019ont entour\u00e9, parce que pour nous il n\u2019est pas handicap\u00e9. De plus il joue encore au ballon avec nous, et mieux que moi ! \u00bb<\/p>\n<p>Comme Elias, Leonardo Fontan qui a rejoint le Club des Eclaireurs de Villa Luzuriaga Herederos en Argentine il y a trois ans, a aussi un handicap physique et a particip\u00e9 au Campor\u00e9e. \u00ab J\u2019aime camper, participer \u00e0 des programmes et aider les autres, \u00bb a t-il expliqu\u00e9. Le 14 d\u00e9cembre 2013, trois semaines avant le d\u00e9but du Campor\u00e9e, Leonardo Fontan a d\u00e9cid\u00e9 d\u2019exprimer publiquement sa d\u00e9cision de suivre Christ \u00e0 travers le bapt\u00eame, le r\u00e9sultat de son implication avec les Eclaireurs.<\/p>\n<p>En plus des campeurs qui \u00e9taient sur le terrain, un autre important groupe a aussi particip\u00e9 au programme, mais avec une particularit\u00e9 : un Campor\u00e9e Virtuel, avec des retransmissions en direct du programme et aussi de l\u2019interactivit\u00e9 \u00e0 travers les r\u00e9seaux sociaux.<\/p>\n<p>La version virtuelle du programme n\u2019est pas quelque chose qui avait \u00e9t\u00e9 planifi\u00e9e par l\u2019\u00e9quipe de communication qui a coordonn\u00e9 les activit\u00e9s. Rogerio Ferraz, manager des strat\u00e9gies digitales pour l\u2019Eglise Adventiste du Septi\u00e8me jour en Am\u00e9rique du Sud, a d\u00e9clar\u00e9 que l\u2019id\u00e9e avait surgi spontan\u00e9ment parmi les Eclaireurs qui participaient \u00e0 la diffusion sur le net. \u00ab L\u2019objectif initial \u00e9tait de montrer aux Eclaireurs qui ne pouvaient pas venir, ce qui se passait ici de telle sorte qu\u2019ils aient une id\u00e9e de ce qui se passait et le partager un peu, \u00bb a t-il expliqu\u00e9.<\/p>\n<p>Deux groupes ont \u00e9t\u00e9 cr\u00e9\u00e9s sur Facebook par les campeurs virtuels, \u00ab #CampanhaTrunfoParaOsInternautas \u00bb et \u00ab I did not go in but I\u2019m in #CamporiDSA. \u00bb Les groupes ont fonctionn\u00e9 en m\u00eame temps que les diffusions officielles sur le net sur le site web CamporiDSA.<\/p>\n<p>\u00ab Je regardais le chat sur CamporiTV, et beaucoup de personnes [en ligne] \u00e9taient tristes de ne pas pouvoir se rendre au programme. Comme je n\u2019aime pas voir les gens tristes, j\u2019ai eu l\u2019id\u00e9e de cr\u00e9er le groupe, afin que tout le monde soit motiv\u00e9 et heureux, \u00bb a expliqu\u00e9 l\u2019Eclaireur Henry Santos de Porto Seguro, qui a cr\u00e9\u00e9 le groupe sur Facebook avec le hashtag #CampanhaTrunfoParaOsInternautas.<\/p>\n<p>Parce qu\u2019ils \u00e9taient vraiment en connexion avec ce qui se passait, les participants en ligne ont commenc\u00e9 \u00e0 sentir qu\u2019ils faisaient eux aussi partie du Campor\u00e9e et ont voulu remporter un prix pour leur participation.<\/p>\n<p>\u00ab Alors nous avons cr\u00e9\u00e9 l\u2019id\u00e9e du Campor\u00e9e Virtuel et nous avons plac\u00e9 certaines conditions \u00e0 remplir pour remporter un prix, quelque chose qui montrerait qu\u2019ils participaient effectivement au programme au jour le jour, regardant et prenant part aussi \u00e0 l\u2019interaction. En remplissant les conditions, ils pourraient remporter un prix, \u00bb a indiqu\u00e9 Rogerio Ferraz.<\/p>\n<p>Et ce ne sont pas seulement les Eclaireurs qui se trouvaient \u00e0 Berretos qui ont entendu les messages de pasteur Odailson Fonseca, orateur invit\u00e9 pour le programme. Des internautes \u00e0 des milliers de kilom\u00e8tres de l\u00e0 ont aussi re\u00e7u l\u2019invitation pour la \u00ab Rencontre pr\u00e9vue dans l\u2019\u00e9ternit\u00e9. \u00bb \u00ab Ce n\u2019\u00e9tait pas pour le 4\u00e8me Campor\u00e9e, mais je suis connect\u00e9 \u00e0 CamporiTV\u2026j\u2019ai aussi un rendez-vous avec JESUS\u2026#camporiDSA #CampanhaTrunfoParaOsInternautas \u00bb a post\u00e9 sur Facebook Ana Leticia de Maranhao.<\/p>\n<p>L\u2019action en direction d\u2019internet a eu des cons\u00e9quences a expliqu\u00e9 Ferraz. Une fille qui avait envisag\u00e9 de participer au Campor\u00e9e mais avait d\u00e9sist\u00e9 au dernier moment, a vu le programme en ligne et a envoy\u00e9 un message disant qu\u2019elle retournerait \u00e0 l\u2019\u00e9glise. Un autre signe de succ\u00e8s : 680 inscriptions en ligne pour la r\u00e9compense du m\u00e9rite destin\u00e9e aux participants virtuels.<\/p>\n<p>En tout, il y a eu 337000 visites du contenu du Campor\u00e9e par 80000 personnes dans 97 pays ont indiqu\u00e9 les responsables.<\/p>\n<p>Traduction: Patrick Luciathe<\/p>\n","protected":false},"excerpt":{"rendered":"<p>35000 jeunes, un nombre record, la plupart d\u2019entre eux des Adventistes du Septi\u00e8me jour, venus de 12 pays se sont r\u00e9unis \u00e0 Barretos, dans l\u2019\u00e9tat de S\u00e3o Paulo au Br\u00e9sil du 7 au 12 janvier pour le Quatri\u00e8me Campor\u00e9e Sud Am\u00e9ricain des Eclaireurs, un rassemblement de jeunes visant \u00e0 promouvoir un style de vie Chr\u00e9tien ainsi que le service communautaire.<\/p>\n","protected":false},"author":1,"featured_media":22504,"comment_status":"closed","ping_status":"closed","sticky":false,"template":"","format":"standard","meta":{"_acf_changed":false,"footnotes":""},"categories":[18],"tags":[],"class_list":["post-31857","post","type-post","status-publish","format-standard","has-post-thumbnail","hentry","category-nouvelles-de-leglise-mondiale"],"acf":[],"yoast_head":"<!-- This site is optimized with the Yoast SEO plugin v27.3 - https:\/\/yoast.com\/product\/yoast-seo-wordpress\/ -->\n<title>35000 jeunes participent au Campor\u00e9e Adventiste au Br\u00e9sil - \u00c9glise Adventiste Du Septieme Jour - Inter Am\u00e9rique Division<\/title>\n<meta name=\"robots\" content=\"index, follow, max-snippet:-1, max-image-preview:large, max-video-preview:-1\" \/>\n<link rel=\"canonical\" href=\"https:\/\/interamerica.org\/fr\/2014\/01\/35000-jeunes-participent-au-camporee-adventiste-au-bresil\/\" \/>\n<meta property=\"og:locale\" content=\"fr_FR\" \/>\n<meta property=\"og:type\" content=\"article\" \/>\n<meta property=\"og:title\" content=\"35000 jeunes participent au Campor\u00e9e Adventiste au Br\u00e9sil - \u00c9glise Adventiste Du Septieme Jour - Inter Am\u00e9rique Division\" \/>\n<meta property=\"og:description\" content=\"35000 jeunes, un nombre record, la plupart d\u2019entre eux des Adventistes du Septi\u00e8me jour, venus de 12 pays se sont r\u00e9unis \u00e0 Barretos, dans l\u2019\u00e9tat de S\u00e3o Paulo au Br\u00e9sil du 7 au 12 janvier pour le Quatri\u00e8me Campor\u00e9e Sud Am\u00e9ricain des Eclaireurs, un rassemblement de jeunes visant \u00e0 promouvoir un style de vie Chr\u00e9tien ainsi que le service communautaire.\" \/>\n<meta property=\"og:url\" content=\"https:\/\/interamerica.org\/fr\/2014\/01\/35000-jeunes-participent-au-camporee-adventiste-au-bresil\/\" \/>\n<meta property=\"og:site_name\" content=\"\u00c9glise Adventiste Du Septieme Jour - Inter Am\u00e9rique Division\" \/>\n<meta property=\"article:published_time\" content=\"2014-01-20T04:00:00+00:00\" \/>\n<meta property=\"og:image\" content=\"https:\/\/interamerica.org\/wp-content\/uploads\/2017\/06\/csm_path-feat-web_7b95a87ab71.jpg\" \/>\n\t<meta property=\"og:image:width\" content=\"400\" \/>\n\t<meta property=\"og:image:height\" content=\"300\" \/>\n\t<meta property=\"og:image:type\" content=\"image\/jpeg\" \/>\n<meta name=\"author\" content=\"Lorenzo Verduzco\" \/>\n<meta name=\"twitter:card\" content=\"summary_large_image\" \/>\n<meta name=\"twitter:label1\" content=\"\u00c9crit par\" \/>\n\t<meta name=\"twitter:data1\" content=\"Lorenzo Verduzco\" \/>\n\t<meta name=\"twitter:label2\" content=\"Dur\u00e9e de lecture estim\u00e9e\" \/>\n\t<meta name=\"twitter:data2\" content=\"8 minutes\" \/>\n<script type=\"application\/ld+json\" class=\"yoast-schema-graph\">{\"@context\":\"https:\\\/\\\/schema.org\",\"@graph\":[{\"@type\":\"Article\",\"@id\":\"https:\\\/\\\/interamerica.org\\\/fr\\\/2014\\\/01\\\/35000-jeunes-participent-au-camporee-adventiste-au-bresil\\\/#article\",\"isPartOf\":{\"@id\":\"https:\\\/\\\/interamerica.org\\\/fr\\\/2014\\\/01\\\/35000-jeunes-participent-au-camporee-adventiste-au-bresil\\\/\"},\"author\":{\"name\":\"Lorenzo Verduzco\",\"@id\":\"https:\\\/\\\/interamerica.org\\\/fr\\\/#\\\/schema\\\/person\\\/68ede8bdc292885bb76c1e3810e73c39\"},\"headline\":\"35000 jeunes participent au Campor\u00e9e Adventiste au Br\u00e9sil\",\"datePublished\":\"2014-01-20T04:00:00+00:00\",\"mainEntityOfPage\":{\"@id\":\"https:\\\/\\\/interamerica.org\\\/fr\\\/2014\\\/01\\\/35000-jeunes-participent-au-camporee-adventiste-au-bresil\\\/\"},\"wordCount\":1526,\"image\":{\"@id\":\"https:\\\/\\\/interamerica.org\\\/fr\\\/2014\\\/01\\\/35000-jeunes-participent-au-camporee-adventiste-au-bresil\\\/#primaryimage\"},\"thumbnailUrl\":\"https:\\\/\\\/interamerica.org\\\/wp-content\\\/uploads\\\/2017\\\/06\\\/csm_path-feat-web_7b95a87ab71.jpg\",\"articleSection\":[\"Nouvelles de l'\u00c9glise mondiale\"],\"inLanguage\":\"fr-FR\"},{\"@type\":\"WebPage\",\"@id\":\"https:\\\/\\\/interamerica.org\\\/fr\\\/2014\\\/01\\\/35000-jeunes-participent-au-camporee-adventiste-au-bresil\\\/\",\"url\":\"https:\\\/\\\/interamerica.org\\\/fr\\\/2014\\\/01\\\/35000-jeunes-participent-au-camporee-adventiste-au-bresil\\\/\",\"name\":\"35000 jeunes participent au Campor\u00e9e Adventiste au Br\u00e9sil - \u00c9glise Adventiste Du Septieme Jour - Inter Am\u00e9rique Division\",\"isPartOf\":{\"@id\":\"https:\\\/\\\/interamerica.org\\\/fr\\\/#website\"},\"primaryImageOfPage\":{\"@id\":\"https:\\\/\\\/interamerica.org\\\/fr\\\/2014\\\/01\\\/35000-jeunes-participent-au-camporee-adventiste-au-bresil\\\/#primaryimage\"},\"image\":{\"@id\":\"https:\\\/\\\/interamerica.org\\\/fr\\\/2014\\\/01\\\/35000-jeunes-participent-au-camporee-adventiste-au-bresil\\\/#primaryimage\"},\"thumbnailUrl\":\"https:\\\/\\\/interamerica.org\\\/wp-content\\\/uploads\\\/2017\\\/06\\\/csm_path-feat-web_7b95a87ab71.jpg\",\"datePublished\":\"2014-01-20T04:00:00+00:00\",\"author\":{\"@id\":\"https:\\\/\\\/interamerica.org\\\/fr\\\/#\\\/schema\\\/person\\\/68ede8bdc292885bb76c1e3810e73c39\"},\"breadcrumb\":{\"@id\":\"https:\\\/\\\/interamerica.org\\\/fr\\\/2014\\\/01\\\/35000-jeunes-participent-au-camporee-adventiste-au-bresil\\\/#breadcrumb\"},\"inLanguage\":\"fr-FR\",\"potentialAction\":[{\"@type\":\"ReadAction\",\"target\":[\"https:\\\/\\\/interamerica.org\\\/fr\\\/2014\\\/01\\\/35000-jeunes-participent-au-camporee-adventiste-au-bresil\\\/\"]}]},{\"@type\":\"ImageObject\",\"inLanguage\":\"fr-FR\",\"@id\":\"https:\\\/\\\/interamerica.org\\\/fr\\\/2014\\\/01\\\/35000-jeunes-participent-au-camporee-adventiste-au-bresil\\\/#primaryimage\",\"url\":\"https:\\\/\\\/interamerica.org\\\/wp-content\\\/uploads\\\/2017\\\/06\\\/csm_path-feat-web_7b95a87ab71.jpg\",\"contentUrl\":\"https:\\\/\\\/interamerica.org\\\/wp-content\\\/uploads\\\/2017\\\/06\\\/csm_path-feat-web_7b95a87ab71.jpg\",\"width\":400,\"height\":300},{\"@type\":\"BreadcrumbList\",\"@id\":\"https:\\\/\\\/interamerica.org\\\/fr\\\/2014\\\/01\\\/35000-jeunes-participent-au-camporee-adventiste-au-bresil\\\/#breadcrumb\",\"itemListElement\":[{\"@type\":\"ListItem\",\"position\":1,\"name\":\"Home\",\"item\":\"https:\\\/\\\/interamerica.org\\\/fr\\\/\"},{\"@type\":\"ListItem\",\"position\":2,\"name\":\"35000 jeunes participent au Campor\u00e9e Adventiste au Br\u00e9sil\"}]},{\"@type\":\"WebSite\",\"@id\":\"https:\\\/\\\/interamerica.org\\\/fr\\\/#website\",\"url\":\"https:\\\/\\\/interamerica.org\\\/fr\\\/\",\"name\":\"\u00c9glise Adventiste Du Septieme Jour - Inter Am\u00e9rique Division\",\"description\":\"\",\"potentialAction\":[{\"@type\":\"SearchAction\",\"target\":{\"@type\":\"EntryPoint\",\"urlTemplate\":\"https:\\\/\\\/interamerica.org\\\/fr\\\/?s={search_term_string}\"},\"query-input\":{\"@type\":\"PropertyValueSpecification\",\"valueRequired\":true,\"valueName\":\"search_term_string\"}}],\"inLanguage\":\"fr-FR\"},{\"@type\":\"Person\",\"@id\":\"https:\\\/\\\/interamerica.org\\\/fr\\\/#\\\/schema\\\/person\\\/68ede8bdc292885bb76c1e3810e73c39\",\"name\":\"Lorenzo Verduzco\",\"image\":{\"@type\":\"ImageObject\",\"inLanguage\":\"fr-FR\",\"@id\":\"https:\\\/\\\/secure.gravatar.com\\\/avatar\\\/fb81a55b6218459490a9c1dc841a34909185b81904c5337b4b27f7a6fd60c49e?s=96&d=mm&r=g\",\"url\":\"https:\\\/\\\/secure.gravatar.com\\\/avatar\\\/fb81a55b6218459490a9c1dc841a34909185b81904c5337b4b27f7a6fd60c49e?s=96&d=mm&r=g\",\"contentUrl\":\"https:\\\/\\\/secure.gravatar.com\\\/avatar\\\/fb81a55b6218459490a9c1dc841a34909185b81904c5337b4b27f7a6fd60c49e?s=96&d=mm&r=g\",\"caption\":\"Lorenzo Verduzco\"}}]}<\/script>\n<!-- \/ Yoast SEO plugin. -->","yoast_head_json":{"title":"35000 jeunes participent au Campor\u00e9e Adventiste au Br\u00e9sil - \u00c9glise Adventiste Du Septieme Jour - Inter Am\u00e9rique Division","robots":{"index":"index","follow":"follow","max-snippet":"max-snippet:-1","max-image-preview":"max-image-preview:large","max-video-preview":"max-video-preview:-1"},"canonical":"https:\/\/interamerica.org\/fr\/2014\/01\/35000-jeunes-participent-au-camporee-adventiste-au-bresil\/","og_locale":"fr_FR","og_type":"article","og_title":"35000 jeunes participent au Campor\u00e9e Adventiste au Br\u00e9sil - \u00c9glise Adventiste Du Septieme Jour - Inter Am\u00e9rique Division","og_description":"35000 jeunes, un nombre record, la plupart d\u2019entre eux des Adventistes du Septi\u00e8me jour, venus de 12 pays se sont r\u00e9unis \u00e0 Barretos, dans l\u2019\u00e9tat de S\u00e3o Paulo au Br\u00e9sil du 7 au 12 janvier pour le Quatri\u00e8me Campor\u00e9e Sud Am\u00e9ricain des Eclaireurs, un rassemblement de jeunes visant \u00e0 promouvoir un style de vie Chr\u00e9tien ainsi que le service communautaire.","og_url":"https:\/\/interamerica.org\/fr\/2014\/01\/35000-jeunes-participent-au-camporee-adventiste-au-bresil\/","og_site_name":"\u00c9glise Adventiste Du Septieme Jour - Inter Am\u00e9rique Division","article_published_time":"2014-01-20T04:00:00+00:00","og_image":[{"width":400,"height":300,"url":"https:\/\/interamerica.org\/wp-content\/uploads\/2017\/06\/csm_path-feat-web_7b95a87ab71.jpg","type":"image\/jpeg"}],"author":"Lorenzo Verduzco","twitter_card":"summary_large_image","twitter_misc":{"\u00c9crit par":"Lorenzo Verduzco","Dur\u00e9e de lecture estim\u00e9e":"8 minutes"},"schema":{"@context":"https:\/\/schema.org","@graph":[{"@type":"Article","@id":"https:\/\/interamerica.org\/fr\/2014\/01\/35000-jeunes-participent-au-camporee-adventiste-au-bresil\/#article","isPartOf":{"@id":"https:\/\/interamerica.org\/fr\/2014\/01\/35000-jeunes-participent-au-camporee-adventiste-au-bresil\/"},"author":{"name":"Lorenzo Verduzco","@id":"https:\/\/interamerica.org\/fr\/#\/schema\/person\/68ede8bdc292885bb76c1e3810e73c39"},"headline":"35000 jeunes participent au Campor\u00e9e Adventiste au Br\u00e9sil","datePublished":"2014-01-20T04:00:00+00:00","mainEntityOfPage":{"@id":"https:\/\/interamerica.org\/fr\/2014\/01\/35000-jeunes-participent-au-camporee-adventiste-au-bresil\/"},"wordCount":1526,"image":{"@id":"https:\/\/interamerica.org\/fr\/2014\/01\/35000-jeunes-participent-au-camporee-adventiste-au-bresil\/#primaryimage"},"thumbnailUrl":"https:\/\/interamerica.org\/wp-content\/uploads\/2017\/06\/csm_path-feat-web_7b95a87ab71.jpg","articleSection":["Nouvelles de l'\u00c9glise mondiale"],"inLanguage":"fr-FR"},{"@type":"WebPage","@id":"https:\/\/interamerica.org\/fr\/2014\/01\/35000-jeunes-participent-au-camporee-adventiste-au-bresil\/","url":"https:\/\/interamerica.org\/fr\/2014\/01\/35000-jeunes-participent-au-camporee-adventiste-au-bresil\/","name":"35000 jeunes participent au Campor\u00e9e Adventiste au Br\u00e9sil - \u00c9glise Adventiste Du Septieme Jour - Inter Am\u00e9rique Division","isPartOf":{"@id":"https:\/\/interamerica.org\/fr\/#website"},"primaryImageOfPage":{"@id":"https:\/\/interamerica.org\/fr\/2014\/01\/35000-jeunes-participent-au-camporee-adventiste-au-bresil\/#primaryimage"},"image":{"@id":"https:\/\/interamerica.org\/fr\/2014\/01\/35000-jeunes-participent-au-camporee-adventiste-au-bresil\/#primaryimage"},"thumbnailUrl":"https:\/\/interamerica.org\/wp-content\/uploads\/2017\/06\/csm_path-feat-web_7b95a87ab71.jpg","datePublished":"2014-01-20T04:00:00+00:00","author":{"@id":"https:\/\/interamerica.org\/fr\/#\/schema\/person\/68ede8bdc292885bb76c1e3810e73c39"},"breadcrumb":{"@id":"https:\/\/interamerica.org\/fr\/2014\/01\/35000-jeunes-participent-au-camporee-adventiste-au-bresil\/#breadcrumb"},"inLanguage":"fr-FR","potentialAction":[{"@type":"ReadAction","target":["https:\/\/interamerica.org\/fr\/2014\/01\/35000-jeunes-participent-au-camporee-adventiste-au-bresil\/"]}]},{"@type":"ImageObject","inLanguage":"fr-FR","@id":"https:\/\/interamerica.org\/fr\/2014\/01\/35000-jeunes-participent-au-camporee-adventiste-au-bresil\/#primaryimage","url":"https:\/\/interamerica.org\/wp-content\/uploads\/2017\/06\/csm_path-feat-web_7b95a87ab71.jpg","contentUrl":"https:\/\/interamerica.org\/wp-content\/uploads\/2017\/06\/csm_path-feat-web_7b95a87ab71.jpg","width":400,"height":300},{"@type":"BreadcrumbList","@id":"https:\/\/interamerica.org\/fr\/2014\/01\/35000-jeunes-participent-au-camporee-adventiste-au-bresil\/#breadcrumb","itemListElement":[{"@type":"ListItem","position":1,"name":"Home","item":"https:\/\/interamerica.org\/fr\/"},{"@type":"ListItem","position":2,"name":"35000 jeunes participent au Campor\u00e9e Adventiste au Br\u00e9sil"}]},{"@type":"WebSite","@id":"https:\/\/interamerica.org\/fr\/#website","url":"https:\/\/interamerica.org\/fr\/","name":"\u00c9glise Adventiste Du Septieme Jour - Inter Am\u00e9rique Division","description":"","potentialAction":[{"@type":"SearchAction","target":{"@type":"EntryPoint","urlTemplate":"https:\/\/interamerica.org\/fr\/?s={search_term_string}"},"query-input":{"@type":"PropertyValueSpecification","valueRequired":true,"valueName":"search_term_string"}}],"inLanguage":"fr-FR"},{"@type":"Person","@id":"https:\/\/interamerica.org\/fr\/#\/schema\/person\/68ede8bdc292885bb76c1e3810e73c39","name":"Lorenzo Verduzco","image":{"@type":"ImageObject","inLanguage":"fr-FR","@id":"https:\/\/secure.gravatar.com\/avatar\/fb81a55b6218459490a9c1dc841a34909185b81904c5337b4b27f7a6fd60c49e?s=96&d=mm&r=g","url":"https:\/\/secure.gravatar.com\/avatar\/fb81a55b6218459490a9c1dc841a34909185b81904c5337b4b27f7a6fd60c49e?s=96&d=mm&r=g","contentUrl":"https:\/\/secure.gravatar.com\/avatar\/fb81a55b6218459490a9c1dc841a34909185b81904c5337b4b27f7a6fd60c49e?s=96&d=mm&r=g","caption":"Lorenzo Verduzco"}}]}},"_links":{"self":[{"href":"https:\/\/interamerica.org\/fr\/wp-json\/wp\/v2\/posts\/31857","targetHints":{"allow":["GET"]}}],"collection":[{"href":"https:\/\/interamerica.org\/fr\/wp-json\/wp\/v2\/posts"}],"about":[{"href":"https:\/\/interamerica.org\/fr\/wp-json\/wp\/v2\/types\/post"}],"author":[{"embeddable":true,"href":"https:\/\/interamerica.org\/fr\/wp-json\/wp\/v2\/users\/1"}],"replies":[{"embeddable":true,"href":"https:\/\/interamerica.org\/fr\/wp-json\/wp\/v2\/comments?post=31857"}],"version-history":[{"count":0,"href":"https:\/\/interamerica.org\/fr\/wp-json\/wp\/v2\/posts\/31857\/revisions"}],"wp:featuredmedia":[{"embeddable":true,"href":"https:\/\/interamerica.org\/fr\/wp-json\/wp\/v2\/media\/22504"}],"wp:attachment":[{"href":"https:\/\/interamerica.org\/fr\/wp-json\/wp\/v2\/media?parent=31857"}],"wp:term":[{"taxonomy":"category","embeddable":true,"href":"https:\/\/interamerica.org\/fr\/wp-json\/wp\/v2\/categories?post=31857"},{"taxonomy":"post_tag","embeddable":true,"href":"https:\/\/interamerica.org\/fr\/wp-json\/wp\/v2\/tags?post=31857"}],"curies":[{"name":"wp","href":"https:\/\/api.w.org\/{rel}","templated":true}]}}