{"id":31858,"date":"2014-01-22T00:00:00","date_gmt":"2014-01-22T04:00:00","guid":{"rendered":"http:\/\/192.81.217.108\/interamerica\/2014\/01\/plusieurs-adventistes-tues-lors-des-troubles-politiques-en-republique-centrafricaine\/"},"modified":"2014-01-22T00:00:00","modified_gmt":"2014-01-22T04:00:00","slug":"plusieurs-adventistes-tues-lors-des-troubles-politiques-en-republique-centrafricaine","status":"publish","type":"post","link":"https:\/\/interamerica.org\/fr\/2014\/01\/plusieurs-adventistes-tues-lors-des-troubles-politiques-en-republique-centrafricaine\/","title":{"rendered":"Plusieurs Adventistes tu\u00e9s lors des troubles politiques en R\u00e9publique Centrafricaine"},"content":{"rendered":"<p>21 Janvier 2014 \u2013 Yaound\u00e9, Cameroun\u2026Abraham Bakari\/ANN<\/p>\n<p>Un Adventiste du Septi\u00e8me jour a \u00e9t\u00e9 tu\u00e9 par balle en R\u00e9publique Centrafricaine le mois dernier, devenant la derni\u00e8re victime des violences sectaires dans la nation.<\/p>\n<div id=\"attachment_10397\" style=\"width: 310px\" class=\"wp-caption alignright\"><a href=\"\/interamerica\/wp-content\/uploads\/2017\/06\/csm_Emeryc-Patrick-ed-web_0ec03f0a48.jpg\" rel=\"fancybox\" title=\"Plusieurs Adventistes tu\u00e9s lors des troubles politiques en R\u00e9publique Centrafricaine\"><img fetchpriority=\"high\" decoding=\"async\" aria-describedby=\"caption-attachment-10397\" class=\"size-medium wp-image-10397\" src=\"\/interamerica\/wp-content\/uploads\/2017\/06\/csm_Emeryc-Patrick-ed-web_0ec03f0a48-300x225.jpg\" alt=\"\" width=\"300\" height=\"225\" \/><\/a><p id=\"caption-attachment-10397\" class=\"wp-caption-text\">Emeryc Patrick Dalikouba a \u00e9t\u00e9 tu\u00e9 par balle en R\u00e9publique Centrafricaine le mois dernier, devenant l\u2019une des plus de 1000 victimes recens\u00e9es au cours des six derni\u00e8res semaines suite aux troubles qui secouent la nation. Image de CAUM<\/p><\/div>\n<p>Emery Patrick Dalikouba, 21 ans, fils d\u2019un pasteur Adventiste, a \u00e9t\u00e9 abattu par un tir d\u2019arme \u00e0 feu le 21 d\u00e9cembre devant la maison de son p\u00e8re.<\/p>\n<p>Jean Jacques Gueret, pr\u00e9sident de l\u2019Eglise Adventiste dans le pays, a d\u00e9clar\u00e9 que Dalikouba \u00e9tait un \u00ab jeune homme dynamique engag\u00e9 dans le mouvement de la jeunesse Adventiste. \u00bb<\/p>\n<p>Jean jacques Gueret a indiqu\u00e9 que trois autres jeunes adultes Adventistes ont \u00e9t\u00e9 tu\u00e9s en avril dernier.<\/p>\n<p>Les Adventistes n\u2019ont pas pris part aux affrontements entre les groupes Chr\u00e9tiens et Musulmans, a dit Jean Jacques Gueret.<\/p>\n<p>Les violences ont d\u00e9but\u00e9 dans l\u2019ancienne colonie fran\u00e7aise en mars dernier apr\u00e8s qu\u2019une coalition rebelle \u00e0 majorit\u00e9 musulmane ait install\u00e9 son leader, Michel Djotodia, comme dirigeant du pays. La d\u00e9cision a d\u00e9clench\u00e9 des attaques men\u00e9es par des milices Chr\u00e9tiennes. Plus de 1000 personnes ont perdu la vie au cours des six derni\u00e8res semaines, d\u2019apr\u00e8s ce qu\u2019indique le New York Times.<\/p>\n<p>Depuis, Djotodia a quitt\u00e9 le pouvoir au d\u00e9but de ce mois, et un parlement de transition a \u00e9lu lundi le maire de la ville capitale, Bangui, Catherine Samba-Panza, comme pr\u00e9sidente par int\u00e9rim ; c\u2019est la premi\u00e8re fois que le chef de l\u2019\u00e9tat est une femme.<\/p>\n<p>Plus de 886000 personnes ont \u00e9t\u00e9 d\u00e9plac\u00e9es \u00e0 cause des violences et quelques 86000 autres ont cherch\u00e9 refuge dans les pays voisins, a indiqu\u00e9 le Wall Street Journal. Les Nations Unies ont d\u00e9sign\u00e9 la R\u00e9publique Centrafricaine comme l\u2019une des trois urgences humanitaires en cours, avec la Syrie et les Philippines.<\/p>\n<p>\u00ab Nous prions pour la direction nouvellement \u00e9lue dans ce pays, \u00bb a d\u00e9clar\u00e9 Jean Jacques Gueret, pr\u00e9sident de l\u2019Eglise Adventiste dans la nation. \u00ab Nous d\u00e9sirons tous que la violence cesse. \u00bb<\/p>\n<p>L\u2019Eglise Adventiste compte 10000 membres dans la nation qui compte environ 4,6 millions d\u2019habitants.<\/p>\n<p>Traduction: Patrick Luciathe<\/p>\n","protected":false},"excerpt":{"rendered":"<p>Un Adventiste du Septi\u00e8me jour a \u00e9t\u00e9 tu\u00e9 par balle en R\u00e9publique Centrafricaine le mois dernier, devenant la derni\u00e8re victime des violences sectaires dans la nation.<\/p>\n","protected":false},"author":1,"featured_media":22501,"comment_status":"closed","ping_status":"closed","sticky":false,"template":"","format":"standard","meta":{"_acf_changed":false,"footnotes":""},"categories":[18],"tags":[],"class_list":["post-31858","post","type-post","status-publish","format-standard","has-post-thumbnail","hentry","category-nouvelles-de-leglise-mondiale"],"acf":[],"yoast_head":"<!-- This site is optimized with the Yoast SEO plugin v27.3 - https:\/\/yoast.com\/product\/yoast-seo-wordpress\/ -->\n<title>Plusieurs Adventistes tu\u00e9s lors des troubles politiques en R\u00e9publique Centrafricaine - \u00c9glise Adventiste Du Septieme Jour - Inter Am\u00e9rique Division<\/title>\n<meta name=\"robots\" content=\"index, follow, max-snippet:-1, max-image-preview:large, max-video-preview:-1\" \/>\n<link rel=\"canonical\" href=\"https:\/\/interamerica.org\/fr\/2014\/01\/plusieurs-adventistes-tues-lors-des-troubles-politiques-en-republique-centrafricaine\/\" \/>\n<meta property=\"og:locale\" content=\"fr_FR\" \/>\n<meta property=\"og:type\" content=\"article\" \/>\n<meta property=\"og:title\" content=\"Plusieurs Adventistes tu\u00e9s lors des troubles politiques en R\u00e9publique Centrafricaine - \u00c9glise Adventiste Du Septieme Jour - Inter Am\u00e9rique Division\" \/>\n<meta property=\"og:description\" content=\"Un Adventiste du Septi\u00e8me jour a \u00e9t\u00e9 tu\u00e9 par balle en R\u00e9publique Centrafricaine le mois dernier, devenant la derni\u00e8re victime des violences sectaires dans la nation.\" \/>\n<meta property=\"og:url\" content=\"https:\/\/interamerica.org\/fr\/2014\/01\/plusieurs-adventistes-tues-lors-des-troubles-politiques-en-republique-centrafricaine\/\" \/>\n<meta property=\"og:site_name\" content=\"\u00c9glise Adventiste Du Septieme Jour - Inter Am\u00e9rique Division\" \/>\n<meta property=\"article:published_time\" content=\"2014-01-22T04:00:00+00:00\" \/>\n<meta property=\"og:image\" content=\"https:\/\/interamerica.org\/wp-content\/uploads\/2017\/06\/csm_Emeryc-Patrick-ed-web_0ec03f0a48.jpg\" \/>\n\t<meta property=\"og:image:width\" content=\"400\" \/>\n\t<meta property=\"og:image:height\" content=\"300\" \/>\n\t<meta property=\"og:image:type\" content=\"image\/jpeg\" \/>\n<meta name=\"author\" content=\"Lorenzo Verduzco\" \/>\n<meta name=\"twitter:card\" content=\"summary_large_image\" \/>\n<meta name=\"twitter:label1\" content=\"\u00c9crit par\" \/>\n\t<meta name=\"twitter:data1\" content=\"Lorenzo Verduzco\" \/>\n\t<meta name=\"twitter:label2\" content=\"Dur\u00e9e de lecture estim\u00e9e\" \/>\n\t<meta name=\"twitter:data2\" content=\"2 minutes\" \/>\n<script type=\"application\/ld+json\" class=\"yoast-schema-graph\">{\"@context\":\"https:\\\/\\\/schema.org\",\"@graph\":[{\"@type\":\"Article\",\"@id\":\"https:\\\/\\\/interamerica.org\\\/fr\\\/2014\\\/01\\\/plusieurs-adventistes-tues-lors-des-troubles-politiques-en-republique-centrafricaine\\\/#article\",\"isPartOf\":{\"@id\":\"https:\\\/\\\/interamerica.org\\\/fr\\\/2014\\\/01\\\/plusieurs-adventistes-tues-lors-des-troubles-politiques-en-republique-centrafricaine\\\/\"},\"author\":{\"name\":\"Lorenzo Verduzco\",\"@id\":\"https:\\\/\\\/interamerica.org\\\/fr\\\/#\\\/schema\\\/person\\\/68ede8bdc292885bb76c1e3810e73c39\"},\"headline\":\"Plusieurs Adventistes tu\u00e9s lors des troubles politiques en R\u00e9publique Centrafricaine\",\"datePublished\":\"2014-01-22T04:00:00+00:00\",\"mainEntityOfPage\":{\"@id\":\"https:\\\/\\\/interamerica.org\\\/fr\\\/2014\\\/01\\\/plusieurs-adventistes-tues-lors-des-troubles-politiques-en-republique-centrafricaine\\\/\"},\"wordCount\":415,\"image\":{\"@id\":\"https:\\\/\\\/interamerica.org\\\/fr\\\/2014\\\/01\\\/plusieurs-adventistes-tues-lors-des-troubles-politiques-en-republique-centrafricaine\\\/#primaryimage\"},\"thumbnailUrl\":\"https:\\\/\\\/interamerica.org\\\/wp-content\\\/uploads\\\/2017\\\/06\\\/csm_Emeryc-Patrick-ed-web_0ec03f0a48.jpg\",\"articleSection\":[\"Nouvelles de l'\u00c9glise mondiale\"],\"inLanguage\":\"fr-FR\"},{\"@type\":\"WebPage\",\"@id\":\"https:\\\/\\\/interamerica.org\\\/fr\\\/2014\\\/01\\\/plusieurs-adventistes-tues-lors-des-troubles-politiques-en-republique-centrafricaine\\\/\",\"url\":\"https:\\\/\\\/interamerica.org\\\/fr\\\/2014\\\/01\\\/plusieurs-adventistes-tues-lors-des-troubles-politiques-en-republique-centrafricaine\\\/\",\"name\":\"Plusieurs Adventistes tu\u00e9s lors des troubles politiques en R\u00e9publique Centrafricaine - \u00c9glise Adventiste Du Septieme Jour - Inter Am\u00e9rique Division\",\"isPartOf\":{\"@id\":\"https:\\\/\\\/interamerica.org\\\/fr\\\/#website\"},\"primaryImageOfPage\":{\"@id\":\"https:\\\/\\\/interamerica.org\\\/fr\\\/2014\\\/01\\\/plusieurs-adventistes-tues-lors-des-troubles-politiques-en-republique-centrafricaine\\\/#primaryimage\"},\"image\":{\"@id\":\"https:\\\/\\\/interamerica.org\\\/fr\\\/2014\\\/01\\\/plusieurs-adventistes-tues-lors-des-troubles-politiques-en-republique-centrafricaine\\\/#primaryimage\"},\"thumbnailUrl\":\"https:\\\/\\\/interamerica.org\\\/wp-content\\\/uploads\\\/2017\\\/06\\\/csm_Emeryc-Patrick-ed-web_0ec03f0a48.jpg\",\"datePublished\":\"2014-01-22T04:00:00+00:00\",\"author\":{\"@id\":\"https:\\\/\\\/interamerica.org\\\/fr\\\/#\\\/schema\\\/person\\\/68ede8bdc292885bb76c1e3810e73c39\"},\"breadcrumb\":{\"@id\":\"https:\\\/\\\/interamerica.org\\\/fr\\\/2014\\\/01\\\/plusieurs-adventistes-tues-lors-des-troubles-politiques-en-republique-centrafricaine\\\/#breadcrumb\"},\"inLanguage\":\"fr-FR\",\"potentialAction\":[{\"@type\":\"ReadAction\",\"target\":[\"https:\\\/\\\/interamerica.org\\\/fr\\\/2014\\\/01\\\/plusieurs-adventistes-tues-lors-des-troubles-politiques-en-republique-centrafricaine\\\/\"]}]},{\"@type\":\"ImageObject\",\"inLanguage\":\"fr-FR\",\"@id\":\"https:\\\/\\\/interamerica.org\\\/fr\\\/2014\\\/01\\\/plusieurs-adventistes-tues-lors-des-troubles-politiques-en-republique-centrafricaine\\\/#primaryimage\",\"url\":\"https:\\\/\\\/interamerica.org\\\/wp-content\\\/uploads\\\/2017\\\/06\\\/csm_Emeryc-Patrick-ed-web_0ec03f0a48.jpg\",\"contentUrl\":\"https:\\\/\\\/interamerica.org\\\/wp-content\\\/uploads\\\/2017\\\/06\\\/csm_Emeryc-Patrick-ed-web_0ec03f0a48.jpg\",\"width\":400,\"height\":300},{\"@type\":\"BreadcrumbList\",\"@id\":\"https:\\\/\\\/interamerica.org\\\/fr\\\/2014\\\/01\\\/plusieurs-adventistes-tues-lors-des-troubles-politiques-en-republique-centrafricaine\\\/#breadcrumb\",\"itemListElement\":[{\"@type\":\"ListItem\",\"position\":1,\"name\":\"Home\",\"item\":\"https:\\\/\\\/interamerica.org\\\/fr\\\/\"},{\"@type\":\"ListItem\",\"position\":2,\"name\":\"Plusieurs Adventistes tu\u00e9s lors des troubles politiques en R\u00e9publique Centrafricaine\"}]},{\"@type\":\"WebSite\",\"@id\":\"https:\\\/\\\/interamerica.org\\\/fr\\\/#website\",\"url\":\"https:\\\/\\\/interamerica.org\\\/fr\\\/\",\"name\":\"\u00c9glise Adventiste Du Septieme Jour - Inter Am\u00e9rique Division\",\"description\":\"\",\"potentialAction\":[{\"@type\":\"SearchAction\",\"target\":{\"@type\":\"EntryPoint\",\"urlTemplate\":\"https:\\\/\\\/interamerica.org\\\/fr\\\/?s={search_term_string}\"},\"query-input\":{\"@type\":\"PropertyValueSpecification\",\"valueRequired\":true,\"valueName\":\"search_term_string\"}}],\"inLanguage\":\"fr-FR\"},{\"@type\":\"Person\",\"@id\":\"https:\\\/\\\/interamerica.org\\\/fr\\\/#\\\/schema\\\/person\\\/68ede8bdc292885bb76c1e3810e73c39\",\"name\":\"Lorenzo Verduzco\",\"image\":{\"@type\":\"ImageObject\",\"inLanguage\":\"fr-FR\",\"@id\":\"https:\\\/\\\/secure.gravatar.com\\\/avatar\\\/fb81a55b6218459490a9c1dc841a34909185b81904c5337b4b27f7a6fd60c49e?s=96&d=mm&r=g\",\"url\":\"https:\\\/\\\/secure.gravatar.com\\\/avatar\\\/fb81a55b6218459490a9c1dc841a34909185b81904c5337b4b27f7a6fd60c49e?s=96&d=mm&r=g\",\"contentUrl\":\"https:\\\/\\\/secure.gravatar.com\\\/avatar\\\/fb81a55b6218459490a9c1dc841a34909185b81904c5337b4b27f7a6fd60c49e?s=96&d=mm&r=g\",\"caption\":\"Lorenzo Verduzco\"}}]}<\/script>\n<!-- \/ Yoast SEO plugin. -->","yoast_head_json":{"title":"Plusieurs Adventistes tu\u00e9s lors des troubles politiques en R\u00e9publique Centrafricaine - \u00c9glise Adventiste Du Septieme Jour - Inter Am\u00e9rique Division","robots":{"index":"index","follow":"follow","max-snippet":"max-snippet:-1","max-image-preview":"max-image-preview:large","max-video-preview":"max-video-preview:-1"},"canonical":"https:\/\/interamerica.org\/fr\/2014\/01\/plusieurs-adventistes-tues-lors-des-troubles-politiques-en-republique-centrafricaine\/","og_locale":"fr_FR","og_type":"article","og_title":"Plusieurs Adventistes tu\u00e9s lors des troubles politiques en R\u00e9publique Centrafricaine - \u00c9glise Adventiste Du Septieme Jour - Inter Am\u00e9rique Division","og_description":"Un Adventiste du Septi\u00e8me jour a \u00e9t\u00e9 tu\u00e9 par balle en R\u00e9publique Centrafricaine le mois dernier, devenant la derni\u00e8re victime des violences sectaires dans la nation.","og_url":"https:\/\/interamerica.org\/fr\/2014\/01\/plusieurs-adventistes-tues-lors-des-troubles-politiques-en-republique-centrafricaine\/","og_site_name":"\u00c9glise Adventiste Du Septieme Jour - Inter Am\u00e9rique Division","article_published_time":"2014-01-22T04:00:00+00:00","og_image":[{"width":400,"height":300,"url":"https:\/\/interamerica.org\/wp-content\/uploads\/2017\/06\/csm_Emeryc-Patrick-ed-web_0ec03f0a48.jpg","type":"image\/jpeg"}],"author":"Lorenzo Verduzco","twitter_card":"summary_large_image","twitter_misc":{"\u00c9crit par":"Lorenzo Verduzco","Dur\u00e9e de lecture estim\u00e9e":"2 minutes"},"schema":{"@context":"https:\/\/schema.org","@graph":[{"@type":"Article","@id":"https:\/\/interamerica.org\/fr\/2014\/01\/plusieurs-adventistes-tues-lors-des-troubles-politiques-en-republique-centrafricaine\/#article","isPartOf":{"@id":"https:\/\/interamerica.org\/fr\/2014\/01\/plusieurs-adventistes-tues-lors-des-troubles-politiques-en-republique-centrafricaine\/"},"author":{"name":"Lorenzo Verduzco","@id":"https:\/\/interamerica.org\/fr\/#\/schema\/person\/68ede8bdc292885bb76c1e3810e73c39"},"headline":"Plusieurs Adventistes tu\u00e9s lors des troubles politiques en R\u00e9publique Centrafricaine","datePublished":"2014-01-22T04:00:00+00:00","mainEntityOfPage":{"@id":"https:\/\/interamerica.org\/fr\/2014\/01\/plusieurs-adventistes-tues-lors-des-troubles-politiques-en-republique-centrafricaine\/"},"wordCount":415,"image":{"@id":"https:\/\/interamerica.org\/fr\/2014\/01\/plusieurs-adventistes-tues-lors-des-troubles-politiques-en-republique-centrafricaine\/#primaryimage"},"thumbnailUrl":"https:\/\/interamerica.org\/wp-content\/uploads\/2017\/06\/csm_Emeryc-Patrick-ed-web_0ec03f0a48.jpg","articleSection":["Nouvelles de l'\u00c9glise mondiale"],"inLanguage":"fr-FR"},{"@type":"WebPage","@id":"https:\/\/interamerica.org\/fr\/2014\/01\/plusieurs-adventistes-tues-lors-des-troubles-politiques-en-republique-centrafricaine\/","url":"https:\/\/interamerica.org\/fr\/2014\/01\/plusieurs-adventistes-tues-lors-des-troubles-politiques-en-republique-centrafricaine\/","name":"Plusieurs Adventistes tu\u00e9s lors des troubles politiques en R\u00e9publique Centrafricaine - \u00c9glise Adventiste Du Septieme Jour - Inter Am\u00e9rique Division","isPartOf":{"@id":"https:\/\/interamerica.org\/fr\/#website"},"primaryImageOfPage":{"@id":"https:\/\/interamerica.org\/fr\/2014\/01\/plusieurs-adventistes-tues-lors-des-troubles-politiques-en-republique-centrafricaine\/#primaryimage"},"image":{"@id":"https:\/\/interamerica.org\/fr\/2014\/01\/plusieurs-adventistes-tues-lors-des-troubles-politiques-en-republique-centrafricaine\/#primaryimage"},"thumbnailUrl":"https:\/\/interamerica.org\/wp-content\/uploads\/2017\/06\/csm_Emeryc-Patrick-ed-web_0ec03f0a48.jpg","datePublished":"2014-01-22T04:00:00+00:00","author":{"@id":"https:\/\/interamerica.org\/fr\/#\/schema\/person\/68ede8bdc292885bb76c1e3810e73c39"},"breadcrumb":{"@id":"https:\/\/interamerica.org\/fr\/2014\/01\/plusieurs-adventistes-tues-lors-des-troubles-politiques-en-republique-centrafricaine\/#breadcrumb"},"inLanguage":"fr-FR","potentialAction":[{"@type":"ReadAction","target":["https:\/\/interamerica.org\/fr\/2014\/01\/plusieurs-adventistes-tues-lors-des-troubles-politiques-en-republique-centrafricaine\/"]}]},{"@type":"ImageObject","inLanguage":"fr-FR","@id":"https:\/\/interamerica.org\/fr\/2014\/01\/plusieurs-adventistes-tues-lors-des-troubles-politiques-en-republique-centrafricaine\/#primaryimage","url":"https:\/\/interamerica.org\/wp-content\/uploads\/2017\/06\/csm_Emeryc-Patrick-ed-web_0ec03f0a48.jpg","contentUrl":"https:\/\/interamerica.org\/wp-content\/uploads\/2017\/06\/csm_Emeryc-Patrick-ed-web_0ec03f0a48.jpg","width":400,"height":300},{"@type":"BreadcrumbList","@id":"https:\/\/interamerica.org\/fr\/2014\/01\/plusieurs-adventistes-tues-lors-des-troubles-politiques-en-republique-centrafricaine\/#breadcrumb","itemListElement":[{"@type":"ListItem","position":1,"name":"Home","item":"https:\/\/interamerica.org\/fr\/"},{"@type":"ListItem","position":2,"name":"Plusieurs Adventistes tu\u00e9s lors des troubles politiques en R\u00e9publique Centrafricaine"}]},{"@type":"WebSite","@id":"https:\/\/interamerica.org\/fr\/#website","url":"https:\/\/interamerica.org\/fr\/","name":"\u00c9glise Adventiste Du Septieme Jour - Inter Am\u00e9rique Division","description":"","potentialAction":[{"@type":"SearchAction","target":{"@type":"EntryPoint","urlTemplate":"https:\/\/interamerica.org\/fr\/?s={search_term_string}"},"query-input":{"@type":"PropertyValueSpecification","valueRequired":true,"valueName":"search_term_string"}}],"inLanguage":"fr-FR"},{"@type":"Person","@id":"https:\/\/interamerica.org\/fr\/#\/schema\/person\/68ede8bdc292885bb76c1e3810e73c39","name":"Lorenzo Verduzco","image":{"@type":"ImageObject","inLanguage":"fr-FR","@id":"https:\/\/secure.gravatar.com\/avatar\/fb81a55b6218459490a9c1dc841a34909185b81904c5337b4b27f7a6fd60c49e?s=96&d=mm&r=g","url":"https:\/\/secure.gravatar.com\/avatar\/fb81a55b6218459490a9c1dc841a34909185b81904c5337b4b27f7a6fd60c49e?s=96&d=mm&r=g","contentUrl":"https:\/\/secure.gravatar.com\/avatar\/fb81a55b6218459490a9c1dc841a34909185b81904c5337b4b27f7a6fd60c49e?s=96&d=mm&r=g","caption":"Lorenzo Verduzco"}}]}},"_links":{"self":[{"href":"https:\/\/interamerica.org\/fr\/wp-json\/wp\/v2\/posts\/31858","targetHints":{"allow":["GET"]}}],"collection":[{"href":"https:\/\/interamerica.org\/fr\/wp-json\/wp\/v2\/posts"}],"about":[{"href":"https:\/\/interamerica.org\/fr\/wp-json\/wp\/v2\/types\/post"}],"author":[{"embeddable":true,"href":"https:\/\/interamerica.org\/fr\/wp-json\/wp\/v2\/users\/1"}],"replies":[{"embeddable":true,"href":"https:\/\/interamerica.org\/fr\/wp-json\/wp\/v2\/comments?post=31858"}],"version-history":[{"count":0,"href":"https:\/\/interamerica.org\/fr\/wp-json\/wp\/v2\/posts\/31858\/revisions"}],"wp:featuredmedia":[{"embeddable":true,"href":"https:\/\/interamerica.org\/fr\/wp-json\/wp\/v2\/media\/22501"}],"wp:attachment":[{"href":"https:\/\/interamerica.org\/fr\/wp-json\/wp\/v2\/media?parent=31858"}],"wp:term":[{"taxonomy":"category","embeddable":true,"href":"https:\/\/interamerica.org\/fr\/wp-json\/wp\/v2\/categories?post=31858"},{"taxonomy":"post_tag","embeddable":true,"href":"https:\/\/interamerica.org\/fr\/wp-json\/wp\/v2\/tags?post=31858"}],"curies":[{"name":"wp","href":"https:\/\/api.w.org\/{rel}","templated":true}]}}