{"id":31860,"date":"2014-01-23T00:00:00","date_gmt":"2014-01-23T04:00:00","guid":{"rendered":"http:\/\/192.81.217.108\/interamerica\/2014\/01\/inter-amerique-les-leaders-de-leglise-invites-a-avancer-avec-les-ministeres-pour-les-besoins-speciaux\/"},"modified":"2014-01-23T00:00:00","modified_gmt":"2014-01-23T04:00:00","slug":"inter-amerique-les-leaders-de-leglise-invites-a-avancer-avec-les-ministeres-pour-les-besoins-speciaux","status":"publish","type":"post","link":"https:\/\/interamerica.org\/fr\/2014\/01\/inter-amerique-les-leaders-de-leglise-invites-a-avancer-avec-les-ministeres-pour-les-besoins-speciaux\/","title":{"rendered":"Inter Am\u00e9rique : Les leaders de l\u2019\u00e9glise invit\u00e9s \u00e0 avancer avec les minist\u00e8res pour les besoins sp\u00e9ciaux"},"content":{"rendered":"<div id=\"attachment_10411\" style=\"width: 600px\" class=\"wp-caption aligncenter\"><a href=\"\/interamerica\/wp-content\/uploads\/2017\/06\/SNMinistries.png\" rel=\"fancybox\" title=\"Inter Am\u00e9rique : Les leaders de l\u2019\u00e9glise invit\u00e9s \u00e0 avancer avec les minist\u00e8res pour les besoins sp\u00e9ciaux\"><img fetchpriority=\"high\" decoding=\"async\" aria-describedby=\"caption-attachment-10411\" class=\"size-full wp-image-10411\" src=\"\/interamerica\/wp-content\/uploads\/2017\/06\/SNMinistries.png\" alt=\"\" width=\"590\" height=\"415\" \/><\/a><p id=\"caption-attachment-10411\" class=\"wp-caption-text\">Pasteur Isra\u00ebl Leito (\u00e0 droite) pr\u00e9sident de l\u2019Eglise Adventiste en Inter Am\u00e9rique, parle lors de la journ\u00e9e d\u2019ouverture du premier Sommet Inter Am\u00e9ricain sur les Minist\u00e8res des Besoins Sp\u00e9ciaux, qui s\u2019est tenu \u00e0 Miami en Floride le 14 janvier 2014. Pasteur Leito a encourag\u00e9 les dirigeants et les membres d\u2019\u00e9glise \u00e0 s\u2019int\u00e9resser aux personnes qui ont des besoins sp\u00e9ciaux et \u00e0 les chercher dans l\u2019\u00e9glise. Image de Libna Stevens\/DIA<\/p><\/div>\n<p>22 janvier 2014 \u2013 Miami, Floride, Etats Unis\u2026Libna Stevens\/DIA<\/p>\n<p>Des dirigeants de l\u2019Eglise Adventiste du Septi\u00e8me jour venus de tout le territoire de l\u2019Inter Am\u00e9rique se sont engag\u00e9s \u00e0 accomplir un minist\u00e8re qui r\u00e9pondrait aux besoins des personnes ayant un handicap, lors d\u2019un sommet sp\u00e9cial qui s\u2019est d\u00e9roul\u00e9 \u00e0 la Division Inter Am\u00e9ricaine (DIA) du 14 au 16 janvier 2014.<\/p>\n<p>Le Sommet sur les Besoins Sp\u00e9ciaux visait \u00e0 favoriser la prise de conscience au sujet des personnes handicap\u00e9es et \u00e0 enseigner des m\u00e9thodes pouvant \u00eatre utilis\u00e9es pour effectuer un minist\u00e8re aupr\u00e8s des handicap\u00e9s, un groupe traditionnellement n\u00e9glig\u00e9 dans le territoire. Le sommet a r\u00e9uni un groupe de 35 leaders de l\u2019\u00e9glise ainsi que des la\u00efcs. Il s\u2019agissait du premier programme du genre \u00e0 \u00eatre organis\u00e9 dans le territoire de la DIA.<\/p>\n<div id=\"attachment_10412\" style=\"width: 310px\" class=\"wp-caption alignleft\"><a href=\"\/interamerica\/wp-content\/uploads\/2017\/06\/SenatorFloydMorris.png\" rel=\"fancybox\" title=\"Inter Am\u00e9rique : Les leaders de l\u2019\u00e9glise invit\u00e9s \u00e0 avancer avec les minist\u00e8res pour les besoins sp\u00e9ciaux\"><img decoding=\"async\" aria-describedby=\"caption-attachment-10412\" class=\"size-medium wp-image-10412\" src=\"\/interamerica\/wp-content\/uploads\/2017\/06\/SenatorFloydMorris-300x220.png\" alt=\"\" width=\"300\" height=\"220\" \/><\/a><p id=\"caption-attachment-10412\" class=\"wp-caption-text\">Le S\u00e9nateur Floyd Morris, Adventiste du Septi\u00e8me jour et pr\u00e9sident du S\u00e9nat Jama\u00efcain, a lanc\u00e9 un d\u00e9fi aux dirigeants de l\u2019\u00e9glise, les invitant \u00e0 rechercher, int\u00e9grer et accomplir un minist\u00e8re aupr\u00e8s des personnes ayant un handicap dans le territoire de la DIA. Image de Libna Stevens\/DIA.<\/p><\/div>\n<p>Le S\u00e9nateur Floyd Morris, un Adventiste du Septi\u00e8me jour pr\u00e9sident du S\u00e9nat Jama\u00efcain, a lanc\u00e9 un d\u00e9fi aux dirigeants de l\u2019\u00e9glise, les invitant \u00e0 rechercher, int\u00e9grer et accomplir un minist\u00e8re aupr\u00e8s des personnes ayant un handicap dans le territoire de la DIA. Il y a aujourd\u2019hui environ 80 millions de personnes handicap\u00e9es dans le territoire.<\/p>\n<p>\u00ab Dieu nous dit \u00e0 tous dans la soci\u00e9t\u00e9 moderne d\u2019aujourd\u2019hui d\u2019ouvrir des portes et de faire tomber des barri\u00e8res, de former et d\u2019inclure ceux qui ont des handicaps [au sein de notre \u00e9glise] dans tous les aspects de la vie de l\u2019\u00e9glise, \u00bb a d\u00e9clar\u00e9 le s\u00e9nateur Morris qui a perdu la vue alors qu\u2019il avait une vingtaine d\u2019ann\u00e9es.<\/p>\n<p>\u00ab Bien que la mission de l\u2019\u00e9glise consiste \u00e0 gagner des \u00e2mes pour le royaume, \u00bb a dit le s\u00e9nateur Floyd Morris, \u00ab nous avons une t\u00e2che extraordinaire \u00e0 accomplir en nous assurant que nous nous occupons des besoins des plus vuln\u00e9rables dans notre soci\u00e9t\u00e9, y compris les personnes handicap\u00e9es, tout comme J\u00e9sus l\u2019a fait au cours de son minist\u00e8re terrestre. \u00bb<\/p>\n<p>Ce message a \u00e9t\u00e9 r\u00e9it\u00e9r\u00e9 tout au long des trois jours du sommet. Les principaux administrateurs de la DIA ont soulign\u00e9 le besoin d\u2019ouverture et d\u2019int\u00e9gration pour les personnes ayant un handicap au sein de l\u2019\u00e9glise.<\/p>\n<p>Pasteur Isra\u00ebl Leito, pr\u00e9sident de l\u2019Eglise Adventiste en Inter Am\u00e9rique, a encourag\u00e9 les leaders de l\u2019\u00e9glise \u00e0 ne pas ignorer ceux qui sont handicap\u00e9s.<\/p>\n<p>\u00ab En tant que Chr\u00e9tiens et ouvriers de l\u2019organisation, nous devons reconnaitre les personnes qui ont des handicaps, et m\u00eame s\u2019il y a des gens qui ne sont pas comme nous, nous devons leur ouvrir les portes de l\u2019\u00e9glise, \u00bb a dit pasteur Leito.<\/p>\n<p>C\u2019est cette prise de conscience initiale \u2013 s\u2019assurer que les personnes handicap\u00e9es ainsi que leurs familles soient les bienvenues dans les congr\u00e9gations locales et qu\u2019on prenne soin d\u2019elles \u2013 qui constitue une \u00e9tape importante et est aussi une des raisons de l\u2019organisation du sommet sur les besoins sp\u00e9ciaux, a d\u00e9clar\u00e9 pasteur Samuel Telemaque, directeur adjoint des Minist\u00e8res Personnels et de l\u2019Ecole du Sabbat pour l\u2019Eglise Adventiste en Inter Am\u00e9rique et organisateur du programme.<\/p>\n<div id=\"attachment_10413\" style=\"width: 310px\" class=\"wp-caption alignleft\"><a href=\"\/interamerica\/wp-content\/uploads\/2017\/06\/SamuelTelemaque.png\" rel=\"fancybox\" title=\"Inter Am\u00e9rique : Les leaders de l\u2019\u00e9glise invit\u00e9s \u00e0 avancer avec les minist\u00e8res pour les besoins sp\u00e9ciaux\"><img decoding=\"async\" aria-describedby=\"caption-attachment-10413\" class=\"size-medium wp-image-10413\" src=\"\/interamerica\/wp-content\/uploads\/2017\/06\/SamuelTelemaque-300x234.png\" alt=\"\" width=\"300\" height=\"234\" \/><\/a><p id=\"caption-attachment-10413\" class=\"wp-caption-text\">Pasteur Samuel Telemaque, directeur adjoint des Minist\u00e8res Personnels et de l\u2019Ecole du Sabbat pour l\u2019Inter Am\u00e9rique, a d\u00e9clar\u00e9 que les rapports pr\u00e9liminaires d\u2019une partie du territoire de l\u2019\u00e9glise en Inter Am\u00e9rique montrent qu\u2019il y a plus de 50000 personnes handicap\u00e9es dans les congr\u00e9gations locales. Image de Gustavo Menendez\/DIA.<\/p><\/div>\n<p>\u00ab La division reconna\u00eet le besoin d\u2019\u00eatre plus ouverte, d\u2019identifier les divers besoins pr\u00e9sents dans l\u2019\u00e9glise, et de traiter chaque individu comme la propri\u00e9t\u00e9 de Dieu, \u00bb a d\u00e9clar\u00e9 pasteur Telemaque. \u00ab Il \u00e9tait important d\u2019avoir ce sommet afin de parvenir \u00e0 un niveau de conscientisation au sujet des besoins sp\u00e9ciaux au sein de l\u2019\u00e9glise et dans la communaut\u00e9, \u00bb a encore dit pasteur Telemaque.<\/p>\n<p>Le sommet a mis en lumi\u00e8re les sept principaux groupes de personnes ayant des besoins sp\u00e9ciaux, y compris ceux qui ont des handicaps au niveau cognitif, auditif, ceux qui ont des handicaps cach\u00e9s, des handicaps relatifs \u00e0 la mobilit\u00e9, ou encore des handicaps au niveau psychiatrique, au niveau orthophonique ou visuel.<\/p>\n<p>Amener la prise de conscience demandera un changement de mentalit\u00e9 fondamental, a affirm\u00e9 le s\u00e9nateur Floyd Morris au cours du s\u00e9minaire. L\u2019id\u00e9e pour nous est de mettre l\u2019accent sur les droits de la personne handicap\u00e9e et la capacit\u00e9 pour cette personne de se d\u00e9velopper, \u00bb a t-il expliqu\u00e9.<\/p>\n<p>Le s\u00e9nateur Morris a mis l\u2019emphase sur le besoin d\u2019\u00e9duquer de mani\u00e8re appropri\u00e9e afin de conscientiser les \u00e9glises, les \u00e9coles et les institutions, ce qui est essentiel lorsqu\u2019on veut toucher et int\u00e9grer des personnes handicap\u00e9es afin de leur permettre de faire une contribution significative. Installer des rampes et des toilettes accessibles est n\u00e9cessaire pour accommoder ceux qui ont des probl\u00e8mes de mobilit\u00e9, a t-il soulign\u00e9.<\/p>\n<p>Le s\u00e9nateur Floyd Morris a aussi invit\u00e9 les administrateurs de l\u2019\u00e9glise et les dirigeants du sommet \u00e0 se tourner vers les personnes handicap\u00e9es par le biais de l\u2019action de l\u2019Agence Adventiste de D\u00e9veloppement et de Secours et des divers minist\u00e8res de l\u2019\u00e9glise afin de s\u2019assurer que les personnes ayant des besoins sp\u00e9ciaux puissent s\u2019impliquer dans la communaut\u00e9 \u00e0 travers les diff\u00e9rents minist\u00e8res.<\/p>\n<p>\u00ab Ne vous contentez pas de les transporter et de les d\u00e9poser sur les bancs, faisons en sorte qu\u2019ils soient impliqu\u00e9s dans le processus d\u00e9cisionnel de l\u2019\u00e9glise, \u00bb a indiqu\u00e9 le s\u00e9nateur Floyd Morris.<\/p>\n<div id=\"attachment_10414\" style=\"width: 310px\" class=\"wp-caption alignleft\"><a href=\"\/interamerica\/wp-content\/uploads\/2017\/06\/LarryEvans.png\" rel=\"fancybox\" title=\"Inter Am\u00e9rique : Les leaders de l\u2019\u00e9glise invit\u00e9s \u00e0 avancer avec les minist\u00e8res pour les besoins sp\u00e9ciaux\"><img loading=\"lazy\" decoding=\"async\" aria-describedby=\"caption-attachment-10414\" class=\"size-medium wp-image-10414\" src=\"\/interamerica\/wp-content\/uploads\/2017\/06\/LarryEvans-300x223.png\" alt=\"\" width=\"300\" height=\"223\" \/><\/a><p id=\"caption-attachment-10414\" class=\"wp-caption-text\">Pasteur Larry Evans, agent de liaison pour les Minist\u00e8res Internationaux aupr\u00e8s des Sourds pour l\u2019Eglise Adventiste mondiale, a expliqu\u00e9 le besoin pour les leaders et les membres d\u2019\u00e9glise de penser aux personnes handicap\u00e9es comme \u00e9tant une culture dans le but d\u2019\u00eatre plus efficace lorsqu\u2019on travaille avec eux et qu\u2019on se pr\u00e9occupe de leurs besoins dans les \u00e9glises et dans les communaut\u00e9s. Image de Libna Stevens\/DIA.<\/p><\/div>\n<p>Cr\u00e9er des opportunit\u00e9s d\u2019entrer en relation avec des personnes handicap\u00e9es peut commencer dans nos classes de l\u2019Ecole du Sabbat, a d\u00e9clar\u00e9 Gary Swanson, directeur adjoint des Minist\u00e8res Personnels et de l\u2019Ecole du Sabbat pour l\u2019Eglise Adventiste mondiale.<\/p>\n<p>\u00ab Quelquefois nous effectuons un minist\u00e8re aupr\u00e8s de certaines personnes sur la base de ce que nous croyons \u00eatre leurs besoins, \u00bb a dit pasteur Swanson. \u00ab Nous pouvons faire mieux pour d\u00e9terminer ce que sont leurs besoins. \u00bb Il s\u2019agit davantage de ce que les handicap\u00e9s peuvent faire, pas de ce qu\u2019ils ne peuvent faire, a t-il ajout\u00e9.<\/p>\n<p>Le d\u00e9fi est clair selon pasteur Telemaque. On pourra proposer des ressources et former les plus de 50000 moniteurs de l\u2019Ecole du Sabbat sur l\u2019ensemble du territoire de la division d\u00e8s que les leaders et les membres s\u2019uniront pour s\u2019engager dans les minist\u00e8res aupr\u00e8s des personnes ayant des besoins sp\u00e9ciaux.<\/p>\n<p>\u00ab Ce sommet permet \u00e0 ce minist\u00e8re vraiment n\u00e9cessaire de prendre forme aujourd\u2019hui dans notre territoire, \u00bb a affirm\u00e9 pasteur Telemaque.<\/p>\n<p>Pasteur Larry Evans, agent de liaison pour les Minist\u00e8res Internationaux aupr\u00e8s des Sourds pour l\u2019Eglise Adventiste mondiale, a indiqu\u00e9 que les minist\u00e8res des besoins sp\u00e9ciaux repr\u00e9sentent un concept que l\u2019organisation de l\u2019\u00e9glise doit reconna\u00eetre et que \u00ab si nous ne reconnaissons pas ce minist\u00e8re, nous ne sommes pas dans la mission. \u00bb<\/p>\n<p>\u00ab Pensez aux personnes handicap\u00e9es comme repr\u00e9sentant une culture, \u00bb a d\u00e9clar\u00e9 pasteur Evans. \u00ab Comment les personnes handicap\u00e9es voient-elles la vie ? Pensez culture plut\u00f4t que handicap. \u00bb<\/p>\n<p>Pasteur Evans a lanc\u00e9 un d\u00e9fi aux leaders, les invitant \u00e0 permettre aux sourds de faire partie du cercle de direction de l\u2019\u00e9glise et \u00e0 aider \u00e0 mettre en place des strat\u00e9gies tout en cherchant \u00e0 accomplir le minist\u00e8re avec leurs besoins \u00e0 l\u2019esprit.<\/p>\n<p>Toucher plus de 50000 personnes handicap\u00e9es dans notre \u00e9glise est faisable d\u2019apr\u00e8s pasteur Telemaque. Les leaders estiment que ce nombre pourrait \u00eatre deux fois plus important vu que la moiti\u00e9 seulement des unions du territoire de l\u2019\u00e9glise ont \u00e9t\u00e9 en mesure de donner un rapport.<\/p>\n<div id=\"attachment_10416\" style=\"width: 310px\" class=\"wp-caption alignleft\"><a href=\"\/interamerica\/wp-content\/uploads\/2017\/06\/HughCrareyBlind.png\" rel=\"fancybox\" title=\"Inter Am\u00e9rique : Les leaders de l\u2019\u00e9glise invit\u00e9s \u00e0 avancer avec les minist\u00e8res pour les besoins sp\u00e9ciaux\"><img loading=\"lazy\" decoding=\"async\" aria-describedby=\"caption-attachment-10416\" class=\"size-medium wp-image-10416\" src=\"\/interamerica\/wp-content\/uploads\/2017\/06\/HughCrareyBlind-300x196.png\" alt=\"\" width=\"300\" height=\"196\" \/><\/a><p id=\"caption-attachment-10416\" class=\"wp-caption-text\">Dr Hugh Crarey, 92 ans, ancien \u00e9ducateur et pasteur en Jama\u00efque et \u00e0 New York, \u00e9tait invit\u00e9 comme chanteur \u00e0 l\u2019occasion de ce sommet de trois jours. Dr Crarey, membre de l\u2019Eglise Adventiste du Septi\u00e8me jour de Kendall \u00e0 Miami en Floride est l\u00e9galement aveugle. Image de Libna Stevens\/DIA.<\/p><\/div>\n<p>\u00ab Nous nous concentrerons sur le recensement des besoins au sein de nos \u00e9glises et nos communaut\u00e9s en termes de classification, et nous apprendrons \u00e0 nos membres d\u2019\u00e9glise \u00e0 \u00eatre plus ouverts et ensuite nous consoliderons les minist\u00e8res qui int\u00e8grent des personnes handicap\u00e9es, \u00bb a d\u00e9clar\u00e9 pasteur Telemaque.<\/p>\n<p>Le sommet repr\u00e9sentait une \u00e9tape vers l\u2019organisation des Minist\u00e8res des Besoins Sp\u00e9ciaux qui doit avoir lieu en mai, lorsque le Comit\u00e9 Ex\u00e9cutif de l\u2019Inter Am\u00e9rique se r\u00e9unira pour officialiser ce minist\u00e8re dans tout le territoire, a dit pasteur Telemaque.<\/p>\n<p>Roslyn Bullen de l\u2019Eglise Adventiste du Septi\u00e8me jour pour les malentendants \u00e0 Barbade \u00e9tait enchant\u00e9e de participer \u00e0 ce sommet. Pendant 20 ans, elle a travaill\u00e9 en ta nt que la\u00efque pour toucher les malentendants et accomplir un minist\u00e8re aupr\u00e8s d\u2019eux dans sa communaut\u00e9 \u00e0 Barbade.<\/p>\n<p>\u00ab Nous travaillons maintenant pour faire en sorte que notre \u00e9glise soit une \u00e9glise totalement silencieuse, \u00bb a dit Roslyn Bullen, qui a appris la langue des signes lorsqu\u2019elle a ressenti l\u2019appel \u00e0 faire partie du minist\u00e8re aupr\u00e8s des sourds. Au cours des ann\u00e9es, elle a organis\u00e9 des concerts en langue des signes, des camps, et elle fait des visites dans les communaut\u00e9s avoisinantes. Roslyn Bullen a \u00e9t\u00e9 encourag\u00e9e \u00e0 s\u2019assurer que les leaders soient s\u00e9rieux lorsqu\u2019ils parleraient de la d\u00e9marche visant \u00e0 inclure davantage les personnes ayant des handicaps.<\/p>\n<p>\u00ab Nous ne pouvons \u00eatre \u00e0 l\u2019ext\u00e9rieur, nous devons nous m\u00ealer avec les autres et nous demander comment formuler ce programme ci ou ce programme l\u00e0 pour qu\u2019il r\u00e9ponde \u00e0 leurs besoins, \u00bb a dit Roslyn Bullen. Dieu d\u00e9sire sauver toutes les personnes, pas seulement les \u00ab personnes normales. \u00bb<\/p>\n<div id=\"attachment_10420\" style=\"width: 310px\" class=\"wp-caption alignright\"><a href=\"\/interamerica\/wp-content\/uploads\/2017\/06\/SpecialNeedsGroupShot.png\" rel=\"fancybox\" title=\"Inter Am\u00e9rique : Les leaders de l\u2019\u00e9glise invit\u00e9s \u00e0 avancer avec les minist\u00e8res pour les besoins sp\u00e9ciaux\"><img loading=\"lazy\" decoding=\"async\" aria-describedby=\"caption-attachment-10420\" class=\"size-medium wp-image-10420\" src=\"\/interamerica\/wp-content\/uploads\/2017\/06\/SpecialNeedsGroupShot-300x181.png\" alt=\"\" width=\"300\" height=\"181\" \/><\/a><p id=\"caption-attachment-10420\" class=\"wp-caption-text\">Image de Libna Stevens\/DIA<\/p><\/div>\n<p>Roslyn Bullen a \u00e9t\u00e9 inspir\u00e9e par la passion et le d\u00e9vouement de Dr Charlotte Thoms, coordinatrice des affaires relatives aux handicaps pour la Division Nord Am\u00e9ricaine, sur les fa\u00e7ons de d\u00e9velopper et de consolider les minist\u00e8res des besoins sp\u00e9ciaux.<\/p>\n<p>\u00ab Soyez encore plus conscients en utilisant les informations dont vous disposez d\u00e9j\u00e0 afin de pousser les autres \u00e0 embrasser un minist\u00e8re qui deviendra bient\u00f4t l\u2019un des plus n\u00e9cessaires dans l\u2019\u00e9glise, \u00bb a dit Dr Thoms, qui travaille pour le minist\u00e8re aupr\u00e8s des sourds depuis plusieurs ann\u00e9es dans son \u00e9glise locale.<\/p>\n<p>\u00ab Nous devons transformer nos \u00e9glises pour qu\u2019elles deviennent des endroits o\u00f9 les gens viennent pour entendre le message parlant d\u2019un sauveur plein de compassion, et o\u00f9, en d\u00e9pit de leur situation, ils sont accueillis et re\u00e7us ; l\u2019endroit et l\u2019\u00e9vangile deviennent accessibles et tous trouvent de la joie, \u00bb a lanc\u00e9 Dr Thoms.<\/p>\n<p>\u00ab Notre \u00e9glise et nos \u00e9coles sont accessibles pour ceux qui ont des handicaps physiques, mais nous esp\u00e9rons vraiment voir d\u00e9coller ce minist\u00e8re des besoins sp\u00e9ciaux dans notre ile, \u00bb a dit Janet Torres, directrice des minist\u00e8res aupr\u00e8s des femmes et aupr\u00e8s des enfants pour l\u2019\u00e9glise Adventiste \u00e0 Porto Rico. Janet Torres a r\u00e9cemment \u00e9t\u00e9 nomm\u00e9e \u00e0 la t\u00eate d\u2019un minist\u00e8re aupr\u00e8s des aveugles appel\u00e9 \u00ab Aider Un Aveugle \u00e0 Voir J\u00e9sus. \u00bb<\/p>\n<div id=\"attachment_10415\" style=\"width: 310px\" class=\"wp-caption alignleft\"><a href=\"\/interamerica\/wp-content\/uploads\/2017\/06\/JanetTorresPURU.png\" rel=\"fancybox\" title=\"Inter Am\u00e9rique : Les leaders de l\u2019\u00e9glise invit\u00e9s \u00e0 avancer avec les minist\u00e8res pour les besoins sp\u00e9ciaux\"><img loading=\"lazy\" decoding=\"async\" aria-describedby=\"caption-attachment-10415\" class=\"size-medium wp-image-10415\" src=\"\/interamerica\/wp-content\/uploads\/2017\/06\/JanetTorresPURU-300x226.png\" alt=\"\" width=\"300\" height=\"226\" \/><\/a><p id=\"caption-attachment-10415\" class=\"wp-caption-text\">Janet Torres, membre de l\u2019Eglise Adventiste \u00e0 Porto Rico, parle des plans en place pour toucher les malvoyants par le biais d\u2019une initiative lanc\u00e9e r\u00e9cemment dans les \u00e9glises Adventistes de l\u2019ile et baptis\u00e9e \u00ab Amener un Aveugle \u00e0 Voir J\u00e9sus. \u00bb Image de Libna Stevens\/DIA.<\/p><\/div>\n<p>Plus de 100 membres d\u2019\u00e9glise b\u00e9n\u00e9voles ont \u00e9t\u00e9 form\u00e9s \u00e0 r\u00e9pondre aux besoins des aveugles dans plusieurs congr\u00e9gations gr\u00e2ce \u00e0 des s\u00e9minaires de formation et \u00e0 l\u2019utilisation de spots en radio, d\u2019apr\u00e8s Camille Anaya, directeur des minist\u00e8res personnels pour l\u2019Eglise Adventiste \u00e0 Porto Rico.<\/p>\n<p>\u00ab Malheureusement il n\u2019existe pas de statistiques relatives au nombre de personnes handicap\u00e9es sur l\u2019ile, donc nous commen\u00e7ons seulement \u00e0 recenser tous les besoins sp\u00e9ciaux dans nos \u00e9glises et nous verrons \u00e0 partir de l\u00e0, \u00bb a dit Camille Anaya qui esp\u00e8re voir un minist\u00e8re aupr\u00e8s des malentendants se d\u00e9velopper sur l\u2019ile.<\/p>\n<p>Avec l\u2019arriv\u00e9e d\u2019un minist\u00e8re des besoins sp\u00e9ciaux, Camille Anaya consid\u00e8re que cela permettra d\u2019\u00e9tablir un partenariat et de consolider des activit\u00e9s et des initiatives lanc\u00e9es par des la\u00efcs et r\u00e9parties dans diff\u00e9rentes congr\u00e9gations locales ; ces derni\u00e8res ont pendant des ann\u00e9es aid\u00e9 les handicap\u00e9s dans nos congr\u00e9gations et communaut\u00e9s qui ont fonctionn\u00e9 toutes seules.<\/p>\n<p>R\u00e9unir les minist\u00e8res ind\u00e9pendants sous le parapluie des minist\u00e8res des besoins sp\u00e9ciaux est pr\u00e9cis\u00e9ment la mani\u00e8re dont les leaders anticipent le succ\u00e8s pour l\u2019\u00e9glise en Inter Am\u00e9rique, a dit pasteur Telemaque.<\/p>\n<p>\u00ab Nous travaillerons pour \u00e9valuer les besoins sur le terrain, d\u00e9terminer l\u2019ampleur et l\u2019\u00e9tendue des besoins sp\u00e9ciaux dans notre territoire, soutenir et \u00e9quiper les minist\u00e8res locaux pour qu\u2019ils travaillent avec les personnes ayant un handicap pour le royaume, \u00bb a dit pasteur Telemaque.<\/p>\n<p>Le sommet a propos\u00e9 des s\u00e9minaires, des informations et des ressources venant de Barbara Newman du r\u00e9seau CLC, et de Jose A. Martinez de Christian record Service for the Blind (Services Chr\u00e9tiens d\u2019Enregistrement pour les Aveugles).<\/p>\n<p>Pour voir une galerie de photos du Sommet sur les Besoins Sp\u00e9ciaux en Inter Am\u00e9rique, cliquez <a href=\"http:\/\/www.flickr.com\/photos\/interamerica\/11985869325\/\">ICI<\/a><\/p>\n<p>traduction: Patrick Luciathe<\/p>\n","protected":false},"excerpt":{"rendered":"<p>Des dirigeants de l\u2019Eglise Adventiste du Septi\u00e8me jour venus de tout le territoire de l\u2019Inter Am\u00e9rique se sont engag\u00e9s \u00e0 accomplir un minist\u00e8re qui r\u00e9pondrait aux besoins des personnes ayant un handicap, lors d\u2019un sommet sp\u00e9cial qui s\u2019est d\u00e9roul\u00e9 \u00e0 la Division Inter Am\u00e9ricaine (DIA) du 14 au 16 janvier 2014.<\/p>\n","protected":false},"author":1,"featured_media":22508,"comment_status":"closed","ping_status":"closed","sticky":false,"template":"","format":"standard","meta":{"_acf_changed":false,"footnotes":""},"categories":[20],"tags":[],"class_list":["post-31860","post","type-post","status-publish","format-standard","has-post-thumbnail","hentry","category-nouvelles-du-siege-de-la-division"],"acf":[],"yoast_head":"<!-- This site is optimized with the Yoast SEO plugin v27.3 - https:\/\/yoast.com\/product\/yoast-seo-wordpress\/ -->\n<title>Inter Am\u00e9rique : Les leaders de l\u2019\u00e9glise invit\u00e9s \u00e0 avancer avec les minist\u00e8res pour les besoins sp\u00e9ciaux - \u00c9glise Adventiste Du Septieme Jour - Inter Am\u00e9rique Division<\/title>\n<meta name=\"robots\" content=\"index, follow, max-snippet:-1, max-image-preview:large, max-video-preview:-1\" \/>\n<link rel=\"canonical\" href=\"https:\/\/interamerica.org\/fr\/2014\/01\/inter-amerique-les-leaders-de-leglise-invites-a-avancer-avec-les-ministeres-pour-les-besoins-speciaux\/\" \/>\n<meta property=\"og:locale\" content=\"fr_FR\" \/>\n<meta property=\"og:type\" content=\"article\" \/>\n<meta property=\"og:title\" content=\"Inter Am\u00e9rique : Les leaders de l\u2019\u00e9glise invit\u00e9s \u00e0 avancer avec les minist\u00e8res pour les besoins sp\u00e9ciaux - \u00c9glise Adventiste Du Septieme Jour - Inter Am\u00e9rique Division\" \/>\n<meta property=\"og:description\" content=\"Des dirigeants de l\u2019Eglise Adventiste du Septi\u00e8me jour venus de tout le territoire de l\u2019Inter Am\u00e9rique se sont engag\u00e9s \u00e0 accomplir un minist\u00e8re qui r\u00e9pondrait aux besoins des personnes ayant un handicap, lors d\u2019un sommet sp\u00e9cial qui s\u2019est d\u00e9roul\u00e9 \u00e0 la Division Inter Am\u00e9ricaine (DIA) du 14 au 16 janvier 2014.\" \/>\n<meta property=\"og:url\" content=\"https:\/\/interamerica.org\/fr\/2014\/01\/inter-amerique-les-leaders-de-leglise-invites-a-avancer-avec-les-ministeres-pour-les-besoins-speciaux\/\" \/>\n<meta property=\"og:site_name\" content=\"\u00c9glise Adventiste Du Septieme Jour - Inter Am\u00e9rique Division\" \/>\n<meta property=\"article:published_time\" content=\"2014-01-23T04:00:00+00:00\" \/>\n<meta property=\"og:image\" content=\"https:\/\/interamerica.org\/wp-content\/uploads\/2017\/06\/SNMinistries.png\" \/>\n\t<meta property=\"og:image:width\" content=\"590\" \/>\n\t<meta property=\"og:image:height\" content=\"415\" \/>\n\t<meta property=\"og:image:type\" content=\"image\/png\" \/>\n<meta name=\"author\" content=\"Lorenzo Verduzco\" \/>\n<meta name=\"twitter:card\" content=\"summary_large_image\" \/>\n<meta name=\"twitter:label1\" content=\"\u00c9crit par\" \/>\n\t<meta name=\"twitter:data1\" content=\"Lorenzo Verduzco\" \/>\n\t<meta name=\"twitter:label2\" content=\"Dur\u00e9e de lecture estim\u00e9e\" \/>\n\t<meta name=\"twitter:data2\" content=\"13 minutes\" \/>\n<script type=\"application\/ld+json\" class=\"yoast-schema-graph\">{\"@context\":\"https:\\\/\\\/schema.org\",\"@graph\":[{\"@type\":\"Article\",\"@id\":\"https:\\\/\\\/interamerica.org\\\/fr\\\/2014\\\/01\\\/inter-amerique-les-leaders-de-leglise-invites-a-avancer-avec-les-ministeres-pour-les-besoins-speciaux\\\/#article\",\"isPartOf\":{\"@id\":\"https:\\\/\\\/interamerica.org\\\/fr\\\/2014\\\/01\\\/inter-amerique-les-leaders-de-leglise-invites-a-avancer-avec-les-ministeres-pour-les-besoins-speciaux\\\/\"},\"author\":{\"name\":\"Lorenzo Verduzco\",\"@id\":\"https:\\\/\\\/interamerica.org\\\/fr\\\/#\\\/schema\\\/person\\\/68ede8bdc292885bb76c1e3810e73c39\"},\"headline\":\"Inter Am\u00e9rique : Les leaders de l\u2019\u00e9glise invit\u00e9s \u00e0 avancer avec les minist\u00e8res pour les besoins sp\u00e9ciaux\",\"datePublished\":\"2014-01-23T04:00:00+00:00\",\"mainEntityOfPage\":{\"@id\":\"https:\\\/\\\/interamerica.org\\\/fr\\\/2014\\\/01\\\/inter-amerique-les-leaders-de-leglise-invites-a-avancer-avec-les-ministeres-pour-les-besoins-speciaux\\\/\"},\"wordCount\":2587,\"image\":{\"@id\":\"https:\\\/\\\/interamerica.org\\\/fr\\\/2014\\\/01\\\/inter-amerique-les-leaders-de-leglise-invites-a-avancer-avec-les-ministeres-pour-les-besoins-speciaux\\\/#primaryimage\"},\"thumbnailUrl\":\"https:\\\/\\\/interamerica.org\\\/wp-content\\\/uploads\\\/2017\\\/06\\\/SNMinistries.png\",\"articleSection\":[\"Nouvelles du si\u00e8ge de la division\"],\"inLanguage\":\"fr-FR\"},{\"@type\":\"WebPage\",\"@id\":\"https:\\\/\\\/interamerica.org\\\/fr\\\/2014\\\/01\\\/inter-amerique-les-leaders-de-leglise-invites-a-avancer-avec-les-ministeres-pour-les-besoins-speciaux\\\/\",\"url\":\"https:\\\/\\\/interamerica.org\\\/fr\\\/2014\\\/01\\\/inter-amerique-les-leaders-de-leglise-invites-a-avancer-avec-les-ministeres-pour-les-besoins-speciaux\\\/\",\"name\":\"Inter Am\u00e9rique : Les leaders de l\u2019\u00e9glise invit\u00e9s \u00e0 avancer avec les minist\u00e8res pour les besoins sp\u00e9ciaux - \u00c9glise Adventiste Du Septieme Jour - Inter Am\u00e9rique Division\",\"isPartOf\":{\"@id\":\"https:\\\/\\\/interamerica.org\\\/fr\\\/#website\"},\"primaryImageOfPage\":{\"@id\":\"https:\\\/\\\/interamerica.org\\\/fr\\\/2014\\\/01\\\/inter-amerique-les-leaders-de-leglise-invites-a-avancer-avec-les-ministeres-pour-les-besoins-speciaux\\\/#primaryimage\"},\"image\":{\"@id\":\"https:\\\/\\\/interamerica.org\\\/fr\\\/2014\\\/01\\\/inter-amerique-les-leaders-de-leglise-invites-a-avancer-avec-les-ministeres-pour-les-besoins-speciaux\\\/#primaryimage\"},\"thumbnailUrl\":\"https:\\\/\\\/interamerica.org\\\/wp-content\\\/uploads\\\/2017\\\/06\\\/SNMinistries.png\",\"datePublished\":\"2014-01-23T04:00:00+00:00\",\"author\":{\"@id\":\"https:\\\/\\\/interamerica.org\\\/fr\\\/#\\\/schema\\\/person\\\/68ede8bdc292885bb76c1e3810e73c39\"},\"breadcrumb\":{\"@id\":\"https:\\\/\\\/interamerica.org\\\/fr\\\/2014\\\/01\\\/inter-amerique-les-leaders-de-leglise-invites-a-avancer-avec-les-ministeres-pour-les-besoins-speciaux\\\/#breadcrumb\"},\"inLanguage\":\"fr-FR\",\"potentialAction\":[{\"@type\":\"ReadAction\",\"target\":[\"https:\\\/\\\/interamerica.org\\\/fr\\\/2014\\\/01\\\/inter-amerique-les-leaders-de-leglise-invites-a-avancer-avec-les-ministeres-pour-les-besoins-speciaux\\\/\"]}]},{\"@type\":\"ImageObject\",\"inLanguage\":\"fr-FR\",\"@id\":\"https:\\\/\\\/interamerica.org\\\/fr\\\/2014\\\/01\\\/inter-amerique-les-leaders-de-leglise-invites-a-avancer-avec-les-ministeres-pour-les-besoins-speciaux\\\/#primaryimage\",\"url\":\"https:\\\/\\\/interamerica.org\\\/wp-content\\\/uploads\\\/2017\\\/06\\\/SNMinistries.png\",\"contentUrl\":\"https:\\\/\\\/interamerica.org\\\/wp-content\\\/uploads\\\/2017\\\/06\\\/SNMinistries.png\",\"width\":590,\"height\":415},{\"@type\":\"BreadcrumbList\",\"@id\":\"https:\\\/\\\/interamerica.org\\\/fr\\\/2014\\\/01\\\/inter-amerique-les-leaders-de-leglise-invites-a-avancer-avec-les-ministeres-pour-les-besoins-speciaux\\\/#breadcrumb\",\"itemListElement\":[{\"@type\":\"ListItem\",\"position\":1,\"name\":\"Home\",\"item\":\"https:\\\/\\\/interamerica.org\\\/fr\\\/\"},{\"@type\":\"ListItem\",\"position\":2,\"name\":\"Inter Am\u00e9rique : Les leaders de l\u2019\u00e9glise invit\u00e9s \u00e0 avancer avec les minist\u00e8res pour les besoins sp\u00e9ciaux\"}]},{\"@type\":\"WebSite\",\"@id\":\"https:\\\/\\\/interamerica.org\\\/fr\\\/#website\",\"url\":\"https:\\\/\\\/interamerica.org\\\/fr\\\/\",\"name\":\"\u00c9glise Adventiste Du Septieme Jour - Inter Am\u00e9rique Division\",\"description\":\"\",\"potentialAction\":[{\"@type\":\"SearchAction\",\"target\":{\"@type\":\"EntryPoint\",\"urlTemplate\":\"https:\\\/\\\/interamerica.org\\\/fr\\\/?s={search_term_string}\"},\"query-input\":{\"@type\":\"PropertyValueSpecification\",\"valueRequired\":true,\"valueName\":\"search_term_string\"}}],\"inLanguage\":\"fr-FR\"},{\"@type\":\"Person\",\"@id\":\"https:\\\/\\\/interamerica.org\\\/fr\\\/#\\\/schema\\\/person\\\/68ede8bdc292885bb76c1e3810e73c39\",\"name\":\"Lorenzo Verduzco\",\"image\":{\"@type\":\"ImageObject\",\"inLanguage\":\"fr-FR\",\"@id\":\"https:\\\/\\\/secure.gravatar.com\\\/avatar\\\/fb81a55b6218459490a9c1dc841a34909185b81904c5337b4b27f7a6fd60c49e?s=96&d=mm&r=g\",\"url\":\"https:\\\/\\\/secure.gravatar.com\\\/avatar\\\/fb81a55b6218459490a9c1dc841a34909185b81904c5337b4b27f7a6fd60c49e?s=96&d=mm&r=g\",\"contentUrl\":\"https:\\\/\\\/secure.gravatar.com\\\/avatar\\\/fb81a55b6218459490a9c1dc841a34909185b81904c5337b4b27f7a6fd60c49e?s=96&d=mm&r=g\",\"caption\":\"Lorenzo Verduzco\"}}]}<\/script>\n<!-- \/ Yoast SEO plugin. -->","yoast_head_json":{"title":"Inter Am\u00e9rique : Les leaders de l\u2019\u00e9glise invit\u00e9s \u00e0 avancer avec les minist\u00e8res pour les besoins sp\u00e9ciaux - \u00c9glise Adventiste Du Septieme Jour - Inter Am\u00e9rique Division","robots":{"index":"index","follow":"follow","max-snippet":"max-snippet:-1","max-image-preview":"max-image-preview:large","max-video-preview":"max-video-preview:-1"},"canonical":"https:\/\/interamerica.org\/fr\/2014\/01\/inter-amerique-les-leaders-de-leglise-invites-a-avancer-avec-les-ministeres-pour-les-besoins-speciaux\/","og_locale":"fr_FR","og_type":"article","og_title":"Inter Am\u00e9rique : Les leaders de l\u2019\u00e9glise invit\u00e9s \u00e0 avancer avec les minist\u00e8res pour les besoins sp\u00e9ciaux - \u00c9glise Adventiste Du Septieme Jour - Inter Am\u00e9rique Division","og_description":"Des dirigeants de l\u2019Eglise Adventiste du Septi\u00e8me jour venus de tout le territoire de l\u2019Inter Am\u00e9rique se sont engag\u00e9s \u00e0 accomplir un minist\u00e8re qui r\u00e9pondrait aux besoins des personnes ayant un handicap, lors d\u2019un sommet sp\u00e9cial qui s\u2019est d\u00e9roul\u00e9 \u00e0 la Division Inter Am\u00e9ricaine (DIA) du 14 au 16 janvier 2014.","og_url":"https:\/\/interamerica.org\/fr\/2014\/01\/inter-amerique-les-leaders-de-leglise-invites-a-avancer-avec-les-ministeres-pour-les-besoins-speciaux\/","og_site_name":"\u00c9glise Adventiste Du Septieme Jour - Inter Am\u00e9rique Division","article_published_time":"2014-01-23T04:00:00+00:00","og_image":[{"width":590,"height":415,"url":"https:\/\/interamerica.org\/wp-content\/uploads\/2017\/06\/SNMinistries.png","type":"image\/png"}],"author":"Lorenzo Verduzco","twitter_card":"summary_large_image","twitter_misc":{"\u00c9crit par":"Lorenzo Verduzco","Dur\u00e9e de lecture estim\u00e9e":"13 minutes"},"schema":{"@context":"https:\/\/schema.org","@graph":[{"@type":"Article","@id":"https:\/\/interamerica.org\/fr\/2014\/01\/inter-amerique-les-leaders-de-leglise-invites-a-avancer-avec-les-ministeres-pour-les-besoins-speciaux\/#article","isPartOf":{"@id":"https:\/\/interamerica.org\/fr\/2014\/01\/inter-amerique-les-leaders-de-leglise-invites-a-avancer-avec-les-ministeres-pour-les-besoins-speciaux\/"},"author":{"name":"Lorenzo Verduzco","@id":"https:\/\/interamerica.org\/fr\/#\/schema\/person\/68ede8bdc292885bb76c1e3810e73c39"},"headline":"Inter Am\u00e9rique : Les leaders de l\u2019\u00e9glise invit\u00e9s \u00e0 avancer avec les minist\u00e8res pour les besoins sp\u00e9ciaux","datePublished":"2014-01-23T04:00:00+00:00","mainEntityOfPage":{"@id":"https:\/\/interamerica.org\/fr\/2014\/01\/inter-amerique-les-leaders-de-leglise-invites-a-avancer-avec-les-ministeres-pour-les-besoins-speciaux\/"},"wordCount":2587,"image":{"@id":"https:\/\/interamerica.org\/fr\/2014\/01\/inter-amerique-les-leaders-de-leglise-invites-a-avancer-avec-les-ministeres-pour-les-besoins-speciaux\/#primaryimage"},"thumbnailUrl":"https:\/\/interamerica.org\/wp-content\/uploads\/2017\/06\/SNMinistries.png","articleSection":["Nouvelles du si\u00e8ge de la division"],"inLanguage":"fr-FR"},{"@type":"WebPage","@id":"https:\/\/interamerica.org\/fr\/2014\/01\/inter-amerique-les-leaders-de-leglise-invites-a-avancer-avec-les-ministeres-pour-les-besoins-speciaux\/","url":"https:\/\/interamerica.org\/fr\/2014\/01\/inter-amerique-les-leaders-de-leglise-invites-a-avancer-avec-les-ministeres-pour-les-besoins-speciaux\/","name":"Inter Am\u00e9rique : Les leaders de l\u2019\u00e9glise invit\u00e9s \u00e0 avancer avec les minist\u00e8res pour les besoins sp\u00e9ciaux - \u00c9glise Adventiste Du Septieme Jour - Inter Am\u00e9rique Division","isPartOf":{"@id":"https:\/\/interamerica.org\/fr\/#website"},"primaryImageOfPage":{"@id":"https:\/\/interamerica.org\/fr\/2014\/01\/inter-amerique-les-leaders-de-leglise-invites-a-avancer-avec-les-ministeres-pour-les-besoins-speciaux\/#primaryimage"},"image":{"@id":"https:\/\/interamerica.org\/fr\/2014\/01\/inter-amerique-les-leaders-de-leglise-invites-a-avancer-avec-les-ministeres-pour-les-besoins-speciaux\/#primaryimage"},"thumbnailUrl":"https:\/\/interamerica.org\/wp-content\/uploads\/2017\/06\/SNMinistries.png","datePublished":"2014-01-23T04:00:00+00:00","author":{"@id":"https:\/\/interamerica.org\/fr\/#\/schema\/person\/68ede8bdc292885bb76c1e3810e73c39"},"breadcrumb":{"@id":"https:\/\/interamerica.org\/fr\/2014\/01\/inter-amerique-les-leaders-de-leglise-invites-a-avancer-avec-les-ministeres-pour-les-besoins-speciaux\/#breadcrumb"},"inLanguage":"fr-FR","potentialAction":[{"@type":"ReadAction","target":["https:\/\/interamerica.org\/fr\/2014\/01\/inter-amerique-les-leaders-de-leglise-invites-a-avancer-avec-les-ministeres-pour-les-besoins-speciaux\/"]}]},{"@type":"ImageObject","inLanguage":"fr-FR","@id":"https:\/\/interamerica.org\/fr\/2014\/01\/inter-amerique-les-leaders-de-leglise-invites-a-avancer-avec-les-ministeres-pour-les-besoins-speciaux\/#primaryimage","url":"https:\/\/interamerica.org\/wp-content\/uploads\/2017\/06\/SNMinistries.png","contentUrl":"https:\/\/interamerica.org\/wp-content\/uploads\/2017\/06\/SNMinistries.png","width":590,"height":415},{"@type":"BreadcrumbList","@id":"https:\/\/interamerica.org\/fr\/2014\/01\/inter-amerique-les-leaders-de-leglise-invites-a-avancer-avec-les-ministeres-pour-les-besoins-speciaux\/#breadcrumb","itemListElement":[{"@type":"ListItem","position":1,"name":"Home","item":"https:\/\/interamerica.org\/fr\/"},{"@type":"ListItem","position":2,"name":"Inter Am\u00e9rique : Les leaders de l\u2019\u00e9glise invit\u00e9s \u00e0 avancer avec les minist\u00e8res pour les besoins sp\u00e9ciaux"}]},{"@type":"WebSite","@id":"https:\/\/interamerica.org\/fr\/#website","url":"https:\/\/interamerica.org\/fr\/","name":"\u00c9glise Adventiste Du Septieme Jour - Inter Am\u00e9rique Division","description":"","potentialAction":[{"@type":"SearchAction","target":{"@type":"EntryPoint","urlTemplate":"https:\/\/interamerica.org\/fr\/?s={search_term_string}"},"query-input":{"@type":"PropertyValueSpecification","valueRequired":true,"valueName":"search_term_string"}}],"inLanguage":"fr-FR"},{"@type":"Person","@id":"https:\/\/interamerica.org\/fr\/#\/schema\/person\/68ede8bdc292885bb76c1e3810e73c39","name":"Lorenzo Verduzco","image":{"@type":"ImageObject","inLanguage":"fr-FR","@id":"https:\/\/secure.gravatar.com\/avatar\/fb81a55b6218459490a9c1dc841a34909185b81904c5337b4b27f7a6fd60c49e?s=96&d=mm&r=g","url":"https:\/\/secure.gravatar.com\/avatar\/fb81a55b6218459490a9c1dc841a34909185b81904c5337b4b27f7a6fd60c49e?s=96&d=mm&r=g","contentUrl":"https:\/\/secure.gravatar.com\/avatar\/fb81a55b6218459490a9c1dc841a34909185b81904c5337b4b27f7a6fd60c49e?s=96&d=mm&r=g","caption":"Lorenzo Verduzco"}}]}},"_links":{"self":[{"href":"https:\/\/interamerica.org\/fr\/wp-json\/wp\/v2\/posts\/31860","targetHints":{"allow":["GET"]}}],"collection":[{"href":"https:\/\/interamerica.org\/fr\/wp-json\/wp\/v2\/posts"}],"about":[{"href":"https:\/\/interamerica.org\/fr\/wp-json\/wp\/v2\/types\/post"}],"author":[{"embeddable":true,"href":"https:\/\/interamerica.org\/fr\/wp-json\/wp\/v2\/users\/1"}],"replies":[{"embeddable":true,"href":"https:\/\/interamerica.org\/fr\/wp-json\/wp\/v2\/comments?post=31860"}],"version-history":[{"count":0,"href":"https:\/\/interamerica.org\/fr\/wp-json\/wp\/v2\/posts\/31860\/revisions"}],"wp:featuredmedia":[{"embeddable":true,"href":"https:\/\/interamerica.org\/fr\/wp-json\/wp\/v2\/media\/22508"}],"wp:attachment":[{"href":"https:\/\/interamerica.org\/fr\/wp-json\/wp\/v2\/media?parent=31860"}],"wp:term":[{"taxonomy":"category","embeddable":true,"href":"https:\/\/interamerica.org\/fr\/wp-json\/wp\/v2\/categories?post=31860"},{"taxonomy":"post_tag","embeddable":true,"href":"https:\/\/interamerica.org\/fr\/wp-json\/wp\/v2\/tags?post=31860"}],"curies":[{"name":"wp","href":"https:\/\/api.w.org\/{rel}","templated":true}]}}