{"id":31861,"date":"2014-01-24T00:00:00","date_gmt":"2014-01-24T04:00:00","guid":{"rendered":"http:\/\/192.81.217.108\/interamerica\/2014\/01\/la-police-detient-un-suspect-apres-quun-campus-adventiste-aux-etats-unis-ait-ete-place-en-confinement\/"},"modified":"2014-01-24T00:00:00","modified_gmt":"2014-01-24T04:00:00","slug":"la-police-detient-un-suspect-apres-quun-campus-adventiste-aux-etats-unis-ait-ete-place-en-confinement","status":"publish","type":"post","link":"https:\/\/interamerica.org\/fr\/2014\/01\/la-police-detient-un-suspect-apres-quun-campus-adventiste-aux-etats-unis-ait-ete-place-en-confinement\/","title":{"rendered":"La police d\u00e9tient un suspect apr\u00e8s qu&rsquo;un campus Adventiste aux \u00e9tats Unis ait \u00e9t\u00e9 plac\u00e9 en confinement"},"content":{"rendered":"<p>23 janvier 2014 Collegedale, Tennessee, \u00c9tats Unis &#8230;ANN<\/p>\n<p>Un campus universitaire Adventiste dans l&rsquo;\u00e9tat du Tennessee aux \u00c9tats Unis a \u00e9t\u00e9 plac\u00e9 en confinement pendant plus de deux heures apr\u00e8s que les responsables de la s\u00e9curit\u00e9 sur le campus ait re\u00e7u une alerte concernant une \u00ab\u00a0menace apparente\u00a0\u00bb contre l&rsquo;universit\u00e9, \u00e0 indiqu\u00e9 un porte parole de l&rsquo;universit\u00e9.<\/p>\n<div id=\"attachment_10442\" style=\"width: 310px\" class=\"wp-caption alignleft\"><a href=\"\/interamerica\/wp-content\/uploads\/2017\/06\/csm_southern-lock-web_03fff1a978.jpg\" rel=\"fancybox\" title=\"La police d\u00e9tient un suspect apr\u00e8s qu'un campus Adventiste aux \u00e9tats Unis ait \u00e9t\u00e9 plac\u00e9 en confinement\"><img fetchpriority=\"high\" decoding=\"async\" aria-describedby=\"caption-attachment-10442\" class=\"size-medium wp-image-10442\" src=\"\/interamerica\/wp-content\/uploads\/2017\/06\/csm_southern-lock-web_03fff1a978-300x225.jpg\" alt=\"\" width=\"300\" height=\"225\" \/><\/a><p id=\"caption-attachment-10442\" class=\"wp-caption-text\">Les responsables de la s\u00e9curit\u00e9 \u00e0 Southern Adventist University \u00e0 Collegedale dans l&rsquo;\u00e9tat du Tennessee aux Etats unis ont plac\u00e9 le campus en confinement pendant deux heures aujourd&rsquo;hui apr\u00e8s une alerte pour \u00ab\u00a0menace apparente.\u00a0\u00bb Personne n&rsquo;a \u00e9t\u00e9 bless\u00e9 au cours de l&rsquo;incident et la police d\u00e9tient un suspect, a indiqu\u00e9 un porte-parole de l&rsquo;universit\u00e9. Ci-dessus, une vue du campus cet apr\u00e8s-midi suite au confinement. Image de Suzanne Ocsai\/ANN<\/p><\/div>\n<p>La mesure de confinement \u00e0 Southern Adventist University \u00e0 Collegedale \u00e0 d\u00e9but\u00e9 \u00e0 12h10 et s&rsquo;est termin\u00e9e \u00e0 14h21 lorsque les responsables du campus ont indiqu\u00e9 que la police de Collegedale d\u00e9tenait un suspect a indiqu\u00e9 Lucas Patterson, un porte parole de l&rsquo;universit\u00e9.<\/p>\n<p>Lucas Patterson \u00e0 indiqu\u00e9 qu&rsquo;un ancien \u00e9tudiant de Southern University se trouvait sur le campus du Chattanooga State Community Coll\u00e8ge un peu plus t\u00f4t ce m\u00eame jour se plaignant de Southern University. \u00ab\u00a0Il s&rsquo;agissait d&rsquo;une menace apparente localis\u00e9e contre notre campus,\u00a0\u00bb a dit Lucas Patterson. Les responsables de Chattanooga State ont contact\u00e9 les responsables de la s\u00e9curit\u00e9 du campus de Southern University pour les alerter au sujet de la menace, \u00e0 t-il dit.<\/p>\n<p>Lucas Patterson a pr\u00e9cis\u00e9 que la police de Collegedale d\u00e9tenait un suspect dans un b\u00e2timent de l&rsquo;association YMCA dans la localit\u00e9. Il a \u00e9t\u00e9 plac\u00e9 en garde \u00e0 vue, a dit encore Patterson, mais il n&rsquo;a pas \u00e9t\u00e9 arr\u00eat\u00e9. Lucas Patterson a indiqu\u00e9 que l&rsquo;homme en question n&rsquo;avait pas fr\u00e9quent\u00e9 Southern University depuis des ann\u00e9es.<\/p>\n<p>Un porte parole de la police de Collegedale n&rsquo;a pas imm\u00e9diatement r\u00e9pondu aux requ\u00eates faites pour des commentaires sur la question.<\/p>\n<p>Les \u00e9tudiants ainsi que le personnel ont \u00e9t\u00e9 invit\u00e9s \u00e0 verrouiller leurs portes et \u00e0 se tenir \u00e9loign\u00e9s des fen\u00eatres, a pr\u00e9cis\u00e9 Lucas Patterson. L&rsquo;\u00e9cole primaire et l&rsquo;\u00e9cole secondaire Adventistes toutes proches ont fait aussi l&rsquo;objet d&rsquo;une mesure de confinement, de m\u00eame que la librairie Adventiste du coin. Personne n&rsquo;a \u00e9t\u00e9 bless\u00e9 au cours de l&rsquo;incident, a encore dit Patterson.<\/p>\n<p>\u00ab\u00a0Nous prenons les menaces tr\u00e8s au s\u00e9rieux, c&rsquo;est pourquoi nous errons du c\u00f4t\u00e9 de la pr\u00e9caution afin d\u2019assurer la protection des gens,\u00a0\u00bb a dit Patterson. \u00a0\u00bb Bien sur, cela a constitu\u00e9 un inconv\u00e9nient, mais cet inconv\u00e9nient n&rsquo;est rien en r\u00e9alit\u00e9 par rapport au besoin de prot\u00e9ger.\u00a0\u00bb<\/p>\n<p>L&rsquo;universit\u00e9 organisera une rencontre \u00e0 l&rsquo;\u00e9glise du campus ce soir \u00e0 18h pour parler de l&rsquo;incident et r\u00e9pondre aux questions des \u00e9tudiants et du personnel. \u00ab\u00a0\u00c0 travers les m\u00e9dias sociaux, nous avons pris connaissance de certaines rumeurs qui se sont av\u00e9r\u00e9s infond\u00e9es,\u00a0\u00bb a dit Lucas Patterson. Durant le confinement, la police de Collegedale a r\u00e9pondu aux d\u00e9clarations faisant \u00e9tat de tirs d&rsquo;armes \u00e0 feu sur le campus de Southern University, d&rsquo;apr\u00e8s ce qu\u2019indique un communiqu\u00e9 de l&rsquo;\u00e9tablissement. La police n&rsquo;a trouv\u00e9 aucune preuve permettant de donner du cr\u00e9dit \u00e0 ces informations.<\/p>\n<p>Lucas Patterson \u00e0 indiqu\u00e9 qu&rsquo;un service de relation d&rsquo;aide \u00e9tait disponible en permanence sur le campus et les administrateurs de l&rsquo;\u00e9cole ont demand\u00e9 aux conseillers de \u00ab\u00a0se lib\u00e9rer\u00a0\u00bb pour donner la priorit\u00e9 aux \u00e9tudiants d\u00e9sireux de recevoir un soutien psychologique suite \u00e0 l&rsquo;incident d&rsquo;aujourd&rsquo;hui.<\/p>\n<p>Le nombre d&rsquo;\u00e9tudiants inscrits \u00e0 Southern University est d&rsquo;environ 3300 &#8211; plus de 2500 d&rsquo;entre eux vivent sur le campus ou aux alentour du campus. L&rsquo;\u00e9cole fonctionne depuis 1892, elle \u00e9tait connue \u00e0 l&rsquo;\u00e9poque sous le nom de Graysville Academy.<\/p>\n<p>Traduction: Patrick Luciathe<\/p>\n","protected":false},"excerpt":{"rendered":"<p>Un campus universitaire Adventiste dans l&rsquo;\u00e9tat du Tennessee aux \u00c9tats Unis a \u00e9t\u00e9 plac\u00e9 en confinement pendant plus de deux heures apr\u00e8s que les responsables de la s\u00e9curit\u00e9 sur le campus ait re\u00e7u une alerte concernant une \u00ab\u00a0menace apparente\u00a0\u00bb contre l&rsquo;universit\u00e9, \u00e0 indiqu\u00e9 un porte parole de l&rsquo;universit\u00e9.<\/p>\n","protected":false},"author":1,"featured_media":22522,"comment_status":"closed","ping_status":"closed","sticky":false,"template":"","format":"standard","meta":{"_acf_changed":false,"footnotes":""},"categories":[18],"tags":[],"class_list":["post-31861","post","type-post","status-publish","format-standard","has-post-thumbnail","hentry","category-nouvelles-de-leglise-mondiale"],"acf":[],"yoast_head":"<!-- This site is optimized with the Yoast SEO plugin v27.3 - https:\/\/yoast.com\/product\/yoast-seo-wordpress\/ -->\n<title>La police d\u00e9tient un suspect apr\u00e8s qu&#039;un campus Adventiste aux \u00e9tats Unis ait \u00e9t\u00e9 plac\u00e9 en confinement - \u00c9glise Adventiste Du Septieme Jour - Inter Am\u00e9rique Division<\/title>\n<meta name=\"robots\" content=\"index, follow, max-snippet:-1, max-image-preview:large, max-video-preview:-1\" \/>\n<link rel=\"canonical\" href=\"https:\/\/interamerica.org\/fr\/2014\/01\/la-police-detient-un-suspect-apres-quun-campus-adventiste-aux-etats-unis-ait-ete-place-en-confinement\/\" \/>\n<meta property=\"og:locale\" content=\"fr_FR\" \/>\n<meta property=\"og:type\" content=\"article\" \/>\n<meta property=\"og:title\" content=\"La police d\u00e9tient un suspect apr\u00e8s qu&#039;un campus Adventiste aux \u00e9tats Unis ait \u00e9t\u00e9 plac\u00e9 en confinement - \u00c9glise Adventiste Du Septieme Jour - Inter Am\u00e9rique Division\" \/>\n<meta property=\"og:description\" content=\"Un campus universitaire Adventiste dans l&#039;\u00e9tat du Tennessee aux \u00c9tats Unis a \u00e9t\u00e9 plac\u00e9 en confinement pendant plus de deux heures apr\u00e8s que les responsables de la s\u00e9curit\u00e9 sur le campus ait re\u00e7u une alerte concernant une &quot;menace apparente&quot; contre l&#039;universit\u00e9, \u00e0 indiqu\u00e9 un porte parole de l&#039;universit\u00e9.\" \/>\n<meta property=\"og:url\" content=\"https:\/\/interamerica.org\/fr\/2014\/01\/la-police-detient-un-suspect-apres-quun-campus-adventiste-aux-etats-unis-ait-ete-place-en-confinement\/\" \/>\n<meta property=\"og:site_name\" content=\"\u00c9glise Adventiste Du Septieme Jour - Inter Am\u00e9rique Division\" \/>\n<meta property=\"article:published_time\" content=\"2014-01-24T04:00:00+00:00\" \/>\n<meta property=\"og:image\" content=\"https:\/\/interamerica.org\/wp-content\/uploads\/2017\/06\/csm_southern-lock-web_03fff1a978.jpg\" \/>\n\t<meta property=\"og:image:width\" content=\"400\" \/>\n\t<meta property=\"og:image:height\" content=\"300\" \/>\n\t<meta property=\"og:image:type\" content=\"image\/jpeg\" \/>\n<meta name=\"author\" content=\"Lorenzo Verduzco\" \/>\n<meta name=\"twitter:card\" content=\"summary_large_image\" \/>\n<meta name=\"twitter:label1\" content=\"\u00c9crit par\" \/>\n\t<meta name=\"twitter:data1\" content=\"Lorenzo Verduzco\" \/>\n\t<meta name=\"twitter:label2\" content=\"Dur\u00e9e de lecture estim\u00e9e\" \/>\n\t<meta name=\"twitter:data2\" content=\"3 minutes\" \/>\n<script type=\"application\/ld+json\" class=\"yoast-schema-graph\">{\"@context\":\"https:\\\/\\\/schema.org\",\"@graph\":[{\"@type\":\"Article\",\"@id\":\"https:\\\/\\\/interamerica.org\\\/fr\\\/2014\\\/01\\\/la-police-detient-un-suspect-apres-quun-campus-adventiste-aux-etats-unis-ait-ete-place-en-confinement\\\/#article\",\"isPartOf\":{\"@id\":\"https:\\\/\\\/interamerica.org\\\/fr\\\/2014\\\/01\\\/la-police-detient-un-suspect-apres-quun-campus-adventiste-aux-etats-unis-ait-ete-place-en-confinement\\\/\"},\"author\":{\"name\":\"Lorenzo Verduzco\",\"@id\":\"https:\\\/\\\/interamerica.org\\\/fr\\\/#\\\/schema\\\/person\\\/68ede8bdc292885bb76c1e3810e73c39\"},\"headline\":\"La police d\u00e9tient un suspect apr\u00e8s qu&rsquo;un campus Adventiste aux \u00e9tats Unis ait \u00e9t\u00e9 plac\u00e9 en confinement\",\"datePublished\":\"2014-01-24T04:00:00+00:00\",\"mainEntityOfPage\":{\"@id\":\"https:\\\/\\\/interamerica.org\\\/fr\\\/2014\\\/01\\\/la-police-detient-un-suspect-apres-quun-campus-adventiste-aux-etats-unis-ait-ete-place-en-confinement\\\/\"},\"wordCount\":694,\"image\":{\"@id\":\"https:\\\/\\\/interamerica.org\\\/fr\\\/2014\\\/01\\\/la-police-detient-un-suspect-apres-quun-campus-adventiste-aux-etats-unis-ait-ete-place-en-confinement\\\/#primaryimage\"},\"thumbnailUrl\":\"https:\\\/\\\/interamerica.org\\\/wp-content\\\/uploads\\\/2017\\\/06\\\/csm_southern-lock-web_03fff1a978.jpg\",\"articleSection\":[\"Nouvelles de l'\u00c9glise mondiale\"],\"inLanguage\":\"fr-FR\"},{\"@type\":\"WebPage\",\"@id\":\"https:\\\/\\\/interamerica.org\\\/fr\\\/2014\\\/01\\\/la-police-detient-un-suspect-apres-quun-campus-adventiste-aux-etats-unis-ait-ete-place-en-confinement\\\/\",\"url\":\"https:\\\/\\\/interamerica.org\\\/fr\\\/2014\\\/01\\\/la-police-detient-un-suspect-apres-quun-campus-adventiste-aux-etats-unis-ait-ete-place-en-confinement\\\/\",\"name\":\"La police d\u00e9tient un suspect apr\u00e8s qu'un campus Adventiste aux \u00e9tats Unis ait \u00e9t\u00e9 plac\u00e9 en confinement - \u00c9glise Adventiste Du Septieme Jour - Inter Am\u00e9rique Division\",\"isPartOf\":{\"@id\":\"https:\\\/\\\/interamerica.org\\\/fr\\\/#website\"},\"primaryImageOfPage\":{\"@id\":\"https:\\\/\\\/interamerica.org\\\/fr\\\/2014\\\/01\\\/la-police-detient-un-suspect-apres-quun-campus-adventiste-aux-etats-unis-ait-ete-place-en-confinement\\\/#primaryimage\"},\"image\":{\"@id\":\"https:\\\/\\\/interamerica.org\\\/fr\\\/2014\\\/01\\\/la-police-detient-un-suspect-apres-quun-campus-adventiste-aux-etats-unis-ait-ete-place-en-confinement\\\/#primaryimage\"},\"thumbnailUrl\":\"https:\\\/\\\/interamerica.org\\\/wp-content\\\/uploads\\\/2017\\\/06\\\/csm_southern-lock-web_03fff1a978.jpg\",\"datePublished\":\"2014-01-24T04:00:00+00:00\",\"author\":{\"@id\":\"https:\\\/\\\/interamerica.org\\\/fr\\\/#\\\/schema\\\/person\\\/68ede8bdc292885bb76c1e3810e73c39\"},\"breadcrumb\":{\"@id\":\"https:\\\/\\\/interamerica.org\\\/fr\\\/2014\\\/01\\\/la-police-detient-un-suspect-apres-quun-campus-adventiste-aux-etats-unis-ait-ete-place-en-confinement\\\/#breadcrumb\"},\"inLanguage\":\"fr-FR\",\"potentialAction\":[{\"@type\":\"ReadAction\",\"target\":[\"https:\\\/\\\/interamerica.org\\\/fr\\\/2014\\\/01\\\/la-police-detient-un-suspect-apres-quun-campus-adventiste-aux-etats-unis-ait-ete-place-en-confinement\\\/\"]}]},{\"@type\":\"ImageObject\",\"inLanguage\":\"fr-FR\",\"@id\":\"https:\\\/\\\/interamerica.org\\\/fr\\\/2014\\\/01\\\/la-police-detient-un-suspect-apres-quun-campus-adventiste-aux-etats-unis-ait-ete-place-en-confinement\\\/#primaryimage\",\"url\":\"https:\\\/\\\/interamerica.org\\\/wp-content\\\/uploads\\\/2017\\\/06\\\/csm_southern-lock-web_03fff1a978.jpg\",\"contentUrl\":\"https:\\\/\\\/interamerica.org\\\/wp-content\\\/uploads\\\/2017\\\/06\\\/csm_southern-lock-web_03fff1a978.jpg\",\"width\":400,\"height\":300},{\"@type\":\"BreadcrumbList\",\"@id\":\"https:\\\/\\\/interamerica.org\\\/fr\\\/2014\\\/01\\\/la-police-detient-un-suspect-apres-quun-campus-adventiste-aux-etats-unis-ait-ete-place-en-confinement\\\/#breadcrumb\",\"itemListElement\":[{\"@type\":\"ListItem\",\"position\":1,\"name\":\"Home\",\"item\":\"https:\\\/\\\/interamerica.org\\\/fr\\\/\"},{\"@type\":\"ListItem\",\"position\":2,\"name\":\"La police d\u00e9tient un suspect apr\u00e8s qu&rsquo;un campus Adventiste aux \u00e9tats Unis ait \u00e9t\u00e9 plac\u00e9 en confinement\"}]},{\"@type\":\"WebSite\",\"@id\":\"https:\\\/\\\/interamerica.org\\\/fr\\\/#website\",\"url\":\"https:\\\/\\\/interamerica.org\\\/fr\\\/\",\"name\":\"\u00c9glise Adventiste Du Septieme Jour - Inter Am\u00e9rique Division\",\"description\":\"\",\"potentialAction\":[{\"@type\":\"SearchAction\",\"target\":{\"@type\":\"EntryPoint\",\"urlTemplate\":\"https:\\\/\\\/interamerica.org\\\/fr\\\/?s={search_term_string}\"},\"query-input\":{\"@type\":\"PropertyValueSpecification\",\"valueRequired\":true,\"valueName\":\"search_term_string\"}}],\"inLanguage\":\"fr-FR\"},{\"@type\":\"Person\",\"@id\":\"https:\\\/\\\/interamerica.org\\\/fr\\\/#\\\/schema\\\/person\\\/68ede8bdc292885bb76c1e3810e73c39\",\"name\":\"Lorenzo Verduzco\",\"image\":{\"@type\":\"ImageObject\",\"inLanguage\":\"fr-FR\",\"@id\":\"https:\\\/\\\/secure.gravatar.com\\\/avatar\\\/fb81a55b6218459490a9c1dc841a34909185b81904c5337b4b27f7a6fd60c49e?s=96&d=mm&r=g\",\"url\":\"https:\\\/\\\/secure.gravatar.com\\\/avatar\\\/fb81a55b6218459490a9c1dc841a34909185b81904c5337b4b27f7a6fd60c49e?s=96&d=mm&r=g\",\"contentUrl\":\"https:\\\/\\\/secure.gravatar.com\\\/avatar\\\/fb81a55b6218459490a9c1dc841a34909185b81904c5337b4b27f7a6fd60c49e?s=96&d=mm&r=g\",\"caption\":\"Lorenzo Verduzco\"}}]}<\/script>\n<!-- \/ Yoast SEO plugin. -->","yoast_head_json":{"title":"La police d\u00e9tient un suspect apr\u00e8s qu'un campus Adventiste aux \u00e9tats Unis ait \u00e9t\u00e9 plac\u00e9 en confinement - \u00c9glise Adventiste Du Septieme Jour - Inter Am\u00e9rique Division","robots":{"index":"index","follow":"follow","max-snippet":"max-snippet:-1","max-image-preview":"max-image-preview:large","max-video-preview":"max-video-preview:-1"},"canonical":"https:\/\/interamerica.org\/fr\/2014\/01\/la-police-detient-un-suspect-apres-quun-campus-adventiste-aux-etats-unis-ait-ete-place-en-confinement\/","og_locale":"fr_FR","og_type":"article","og_title":"La police d\u00e9tient un suspect apr\u00e8s qu'un campus Adventiste aux \u00e9tats Unis ait \u00e9t\u00e9 plac\u00e9 en confinement - \u00c9glise Adventiste Du Septieme Jour - Inter Am\u00e9rique Division","og_description":"Un campus universitaire Adventiste dans l'\u00e9tat du Tennessee aux \u00c9tats Unis a \u00e9t\u00e9 plac\u00e9 en confinement pendant plus de deux heures apr\u00e8s que les responsables de la s\u00e9curit\u00e9 sur le campus ait re\u00e7u une alerte concernant une \"menace apparente\" contre l'universit\u00e9, \u00e0 indiqu\u00e9 un porte parole de l'universit\u00e9.","og_url":"https:\/\/interamerica.org\/fr\/2014\/01\/la-police-detient-un-suspect-apres-quun-campus-adventiste-aux-etats-unis-ait-ete-place-en-confinement\/","og_site_name":"\u00c9glise Adventiste Du Septieme Jour - Inter Am\u00e9rique Division","article_published_time":"2014-01-24T04:00:00+00:00","og_image":[{"width":400,"height":300,"url":"https:\/\/interamerica.org\/wp-content\/uploads\/2017\/06\/csm_southern-lock-web_03fff1a978.jpg","type":"image\/jpeg"}],"author":"Lorenzo Verduzco","twitter_card":"summary_large_image","twitter_misc":{"\u00c9crit par":"Lorenzo Verduzco","Dur\u00e9e de lecture estim\u00e9e":"3 minutes"},"schema":{"@context":"https:\/\/schema.org","@graph":[{"@type":"Article","@id":"https:\/\/interamerica.org\/fr\/2014\/01\/la-police-detient-un-suspect-apres-quun-campus-adventiste-aux-etats-unis-ait-ete-place-en-confinement\/#article","isPartOf":{"@id":"https:\/\/interamerica.org\/fr\/2014\/01\/la-police-detient-un-suspect-apres-quun-campus-adventiste-aux-etats-unis-ait-ete-place-en-confinement\/"},"author":{"name":"Lorenzo Verduzco","@id":"https:\/\/interamerica.org\/fr\/#\/schema\/person\/68ede8bdc292885bb76c1e3810e73c39"},"headline":"La police d\u00e9tient un suspect apr\u00e8s qu&rsquo;un campus Adventiste aux \u00e9tats Unis ait \u00e9t\u00e9 plac\u00e9 en confinement","datePublished":"2014-01-24T04:00:00+00:00","mainEntityOfPage":{"@id":"https:\/\/interamerica.org\/fr\/2014\/01\/la-police-detient-un-suspect-apres-quun-campus-adventiste-aux-etats-unis-ait-ete-place-en-confinement\/"},"wordCount":694,"image":{"@id":"https:\/\/interamerica.org\/fr\/2014\/01\/la-police-detient-un-suspect-apres-quun-campus-adventiste-aux-etats-unis-ait-ete-place-en-confinement\/#primaryimage"},"thumbnailUrl":"https:\/\/interamerica.org\/wp-content\/uploads\/2017\/06\/csm_southern-lock-web_03fff1a978.jpg","articleSection":["Nouvelles de l'\u00c9glise mondiale"],"inLanguage":"fr-FR"},{"@type":"WebPage","@id":"https:\/\/interamerica.org\/fr\/2014\/01\/la-police-detient-un-suspect-apres-quun-campus-adventiste-aux-etats-unis-ait-ete-place-en-confinement\/","url":"https:\/\/interamerica.org\/fr\/2014\/01\/la-police-detient-un-suspect-apres-quun-campus-adventiste-aux-etats-unis-ait-ete-place-en-confinement\/","name":"La police d\u00e9tient un suspect apr\u00e8s qu'un campus Adventiste aux \u00e9tats Unis ait \u00e9t\u00e9 plac\u00e9 en confinement - \u00c9glise Adventiste Du Septieme Jour - Inter Am\u00e9rique Division","isPartOf":{"@id":"https:\/\/interamerica.org\/fr\/#website"},"primaryImageOfPage":{"@id":"https:\/\/interamerica.org\/fr\/2014\/01\/la-police-detient-un-suspect-apres-quun-campus-adventiste-aux-etats-unis-ait-ete-place-en-confinement\/#primaryimage"},"image":{"@id":"https:\/\/interamerica.org\/fr\/2014\/01\/la-police-detient-un-suspect-apres-quun-campus-adventiste-aux-etats-unis-ait-ete-place-en-confinement\/#primaryimage"},"thumbnailUrl":"https:\/\/interamerica.org\/wp-content\/uploads\/2017\/06\/csm_southern-lock-web_03fff1a978.jpg","datePublished":"2014-01-24T04:00:00+00:00","author":{"@id":"https:\/\/interamerica.org\/fr\/#\/schema\/person\/68ede8bdc292885bb76c1e3810e73c39"},"breadcrumb":{"@id":"https:\/\/interamerica.org\/fr\/2014\/01\/la-police-detient-un-suspect-apres-quun-campus-adventiste-aux-etats-unis-ait-ete-place-en-confinement\/#breadcrumb"},"inLanguage":"fr-FR","potentialAction":[{"@type":"ReadAction","target":["https:\/\/interamerica.org\/fr\/2014\/01\/la-police-detient-un-suspect-apres-quun-campus-adventiste-aux-etats-unis-ait-ete-place-en-confinement\/"]}]},{"@type":"ImageObject","inLanguage":"fr-FR","@id":"https:\/\/interamerica.org\/fr\/2014\/01\/la-police-detient-un-suspect-apres-quun-campus-adventiste-aux-etats-unis-ait-ete-place-en-confinement\/#primaryimage","url":"https:\/\/interamerica.org\/wp-content\/uploads\/2017\/06\/csm_southern-lock-web_03fff1a978.jpg","contentUrl":"https:\/\/interamerica.org\/wp-content\/uploads\/2017\/06\/csm_southern-lock-web_03fff1a978.jpg","width":400,"height":300},{"@type":"BreadcrumbList","@id":"https:\/\/interamerica.org\/fr\/2014\/01\/la-police-detient-un-suspect-apres-quun-campus-adventiste-aux-etats-unis-ait-ete-place-en-confinement\/#breadcrumb","itemListElement":[{"@type":"ListItem","position":1,"name":"Home","item":"https:\/\/interamerica.org\/fr\/"},{"@type":"ListItem","position":2,"name":"La police d\u00e9tient un suspect apr\u00e8s qu&rsquo;un campus Adventiste aux \u00e9tats Unis ait \u00e9t\u00e9 plac\u00e9 en confinement"}]},{"@type":"WebSite","@id":"https:\/\/interamerica.org\/fr\/#website","url":"https:\/\/interamerica.org\/fr\/","name":"\u00c9glise Adventiste Du Septieme Jour - Inter Am\u00e9rique Division","description":"","potentialAction":[{"@type":"SearchAction","target":{"@type":"EntryPoint","urlTemplate":"https:\/\/interamerica.org\/fr\/?s={search_term_string}"},"query-input":{"@type":"PropertyValueSpecification","valueRequired":true,"valueName":"search_term_string"}}],"inLanguage":"fr-FR"},{"@type":"Person","@id":"https:\/\/interamerica.org\/fr\/#\/schema\/person\/68ede8bdc292885bb76c1e3810e73c39","name":"Lorenzo Verduzco","image":{"@type":"ImageObject","inLanguage":"fr-FR","@id":"https:\/\/secure.gravatar.com\/avatar\/fb81a55b6218459490a9c1dc841a34909185b81904c5337b4b27f7a6fd60c49e?s=96&d=mm&r=g","url":"https:\/\/secure.gravatar.com\/avatar\/fb81a55b6218459490a9c1dc841a34909185b81904c5337b4b27f7a6fd60c49e?s=96&d=mm&r=g","contentUrl":"https:\/\/secure.gravatar.com\/avatar\/fb81a55b6218459490a9c1dc841a34909185b81904c5337b4b27f7a6fd60c49e?s=96&d=mm&r=g","caption":"Lorenzo Verduzco"}}]}},"_links":{"self":[{"href":"https:\/\/interamerica.org\/fr\/wp-json\/wp\/v2\/posts\/31861","targetHints":{"allow":["GET"]}}],"collection":[{"href":"https:\/\/interamerica.org\/fr\/wp-json\/wp\/v2\/posts"}],"about":[{"href":"https:\/\/interamerica.org\/fr\/wp-json\/wp\/v2\/types\/post"}],"author":[{"embeddable":true,"href":"https:\/\/interamerica.org\/fr\/wp-json\/wp\/v2\/users\/1"}],"replies":[{"embeddable":true,"href":"https:\/\/interamerica.org\/fr\/wp-json\/wp\/v2\/comments?post=31861"}],"version-history":[{"count":0,"href":"https:\/\/interamerica.org\/fr\/wp-json\/wp\/v2\/posts\/31861\/revisions"}],"wp:featuredmedia":[{"embeddable":true,"href":"https:\/\/interamerica.org\/fr\/wp-json\/wp\/v2\/media\/22522"}],"wp:attachment":[{"href":"https:\/\/interamerica.org\/fr\/wp-json\/wp\/v2\/media?parent=31861"}],"wp:term":[{"taxonomy":"category","embeddable":true,"href":"https:\/\/interamerica.org\/fr\/wp-json\/wp\/v2\/categories?post=31861"},{"taxonomy":"post_tag","embeddable":true,"href":"https:\/\/interamerica.org\/fr\/wp-json\/wp\/v2\/tags?post=31861"}],"curies":[{"name":"wp","href":"https:\/\/api.w.org\/{rel}","templated":true}]}}