{"id":31862,"date":"2014-01-24T00:00:00","date_gmt":"2014-01-24T04:00:00","guid":{"rendered":"http:\/\/192.81.217.108\/interamerica\/2014\/01\/une-conference-academique-en-espagne-promeut-la-tolerance-envers-les-minorites-religieuses\/"},"modified":"2021-07-28T15:07:47","modified_gmt":"2021-07-28T19:07:47","slug":"une-conference-academique-en-espagne-promeut-la-tolerance-envers-les-minorites-religieuses","status":"publish","type":"post","link":"https:\/\/interamerica.org\/fr\/2014\/01\/une-conference-academique-en-espagne-promeut-la-tolerance-envers-les-minorites-religieuses\/","title":{"rendered":"Une conf\u00e9rence acad\u00e9mique en Espagne promeut la tol\u00e9rance envers les minorit\u00e9s religieuses"},"content":{"rendered":"<p>23 janvier 2014 &#8211; Silver Spring, Maryland, \u00c9tats Unis &#8230;ANN<\/p>\n<p>Les d\u00e9fenseurs de la libert\u00e9 religieuse en Europe esp\u00e8rent qu&rsquo;une conf\u00e9rence acad\u00e9mique qui s&rsquo;est tenue en Espagne la semaine derni\u00e8re pourra faire en sorte que l&rsquo;on reconnaisse davantage la cause de la libert\u00e9 religieuse envers les minorit\u00e9s religieuses dans la nation et dans les pays voisins.<\/p>\n<p>L&rsquo;Association Internationale pour la D\u00e9fense de la Libert\u00e9 Religieuse (AIDLR) et l&rsquo;Institut des Droits de l&rsquo;Homme de l&rsquo;universit\u00e9 publique la plus cot\u00e9e d&rsquo;Espagne ont organis\u00e9 la premi\u00e8re Conf\u00e9rence Internationale sur la Libert\u00e9 Religieuse et les Minorit\u00e9s Religieuses du 17 au 20 janvier.<\/p>\n<p>Le programme a attir\u00e9 des dizaines de chercheurs \u00e9minents, des personnalit\u00e9s politiques ainsi que des juristes &#8211; parmi lesquels des Adventistes du Septi\u00e8me jour &#8211; sur l\u2019immense campus de l&rsquo;universit\u00e9 Complutense de Madrid, une universit\u00e9 vieille de sept si\u00e8cles.<\/p>\n<p>S\u2019exprimant lors de la conf\u00e9rence, Alexy Koshemyakov, responsable du D\u00e9partement des Minorit\u00e9s Nationales et de l\u2019Anti-discrimination au Conseil de l\u2019Europe \u00e0 Strasbourg, a plaid\u00e9 en faveur de la mise en place d\u2019une institution sp\u00e9cifique en Europe dont le but serait de traiter des questions relatives \u00e0 la libert\u00e9 religieuse.<\/p>\n<p>Il a \u00e9galement fait un bref survol des derniers d\u00e9veloppements dans le domaine du dialogue interreligieux en Europe.<\/p>\n<p>Peut \u00eatre que cela ouvrira un jour la porte \u00e0 la possibilit\u00e9 d\u2019avoir une journ\u00e9e de la libert\u00e9 religieuse dans le pays, \u00bb a d\u00e9clar\u00e9 John Graz, secr\u00e9taire g\u00e9n\u00e9ral de l\u2019Association Internationale de la Libert\u00e9 Religieuse.<\/p>\n<p>Une centaine d\u2019\u00e9tudiants de la Facult\u00e9 de Droit de l\u2019Universit\u00e9 Complutense de Madrid, qui accueillait le programme, ont rejoint les participants pour les discussions de l\u2019apr\u00e8s midi.<\/p>\n<p>La conf\u00e9rence s\u2019est essentiellement pr\u00e9occup\u00e9e de trouver l\u2019\u00e9quilibre appropri\u00e9 entre les besoins des minorit\u00e9s religieuses et ceux de la soci\u00e9t\u00e9 en g\u00e9n\u00e9ral.<\/p>\n<p>Dr Jeremy Gunn, professeur d\u2019Etudes Internationales \u00e0 l\u2019Universit\u00e9 Al Akhawayn au Maroc, a indiqu\u00e9 que quelques uns des \u00ab plus grands conflits \u00bb se produisent \u00e0 l\u2019int\u00e9rieur plut\u00f4t qu\u2019entre les confessions religieuses, lorsque les courants religieux s\u2019engagent dans une lutte pour augmenter leur influence.<\/p>\n<p>\u00ab Il existe des minorit\u00e9s m\u00eame au sein des religions, \u00bb a dit Dr Gunn. \u00ab La tol\u00e9rance et le respect devraient \u00eatre les valeurs fondatrices de chaque groupe. \u00bb<\/p>\n<p>Les participants ont aussi discut\u00e9 de la fa\u00e7on dont les gouvernements, les confessions religieuses, le monde acad\u00e9mique et la soci\u00e9t\u00e9 civile peuvent promouvoir et prot\u00e9ger la libert\u00e9 religieuse.<\/p>\n<p>Belen Alfaro, ambassadeur itin\u00e9rant pour l\u2019Alliance des Civilisations des Nations Unies, a mis en lumi\u00e8re le besoin d\u2019avoir \u00ab une culture de la paix qui combatte l\u2019intol\u00e9rance par le dialogue. \u00bb<\/p>\n<p>Le pr\u00e9sident de l\u2019AIDLR, Bruno Vertallier, partage cet avis. \u00ab Mon souhait est que nous puissions \u00e9tablir de nouvelles passerelles pour la libert\u00e9 religieuse, la tol\u00e9rance et le respect \u00e0 travers le dialogue, \u00bb a t-il dit.<\/p>\n<p>Ganoune Diop, agent de liaison de l\u2019Eglise Adventiste mondiale aupr\u00e8s Nations Unies, a d\u00e9clar\u00e9 qu\u2019il est essentiel de se rappeler que la dignit\u00e9 est au centre m\u00eame de tous les droits humains, y compris la libert\u00e9 religieuse.<\/p>\n<p>\u00ab La dignit\u00e9 est un sceau sacr\u00e9 et divin, \u00bb a dit Ganoune Diop. \u00ab Tout \u00eatre humain a de la dignit\u00e9 parce que tout \u00eatre humain a \u00e9t\u00e9 cr\u00e9\u00e9 \u00e0 l\u2019image de Dieu. \u00bb<\/p>\n<p>Lorsque la question de la politique publique a \u00e9t\u00e9 pos\u00e9e, Harri Kuhalampi, un repr\u00e9sentant du D\u00e9partement de la Culture et de l\u2019Education du Parlement Europ\u00e9en, a fait remarquer que les attitudes personnelles en mati\u00e8re de tol\u00e9rance, d\u2019hospitalit\u00e9 et de respect sont \u00e9galement vitales.<\/p>\n<p>\u00ab La coop\u00e9ration au sein des communaut\u00e9s est aussi importante que la l\u00e9gislation gouvernementale, \u00bb a t-il ajout\u00e9.<\/p>\n<p>Heiner Bielefeldt, rapporteur sp\u00e9cial des Nations Unies sur la libert\u00e9 de croyance et de religion, a lui rappel\u00e9 que la libert\u00e9 religieuse est dynamique, pas statique. Lorsque l\u2019attention et la prise de conscience diminuent, la libert\u00e9 religieuse aussi peut diminuer, a t-il dit.<\/p>\n<p>Au programme de la conf\u00e9rence il y avait aussi une visite de la ville historique de Toledo, une ville que les organisateurs ont qualifi\u00e9 \u00ab d\u2019oasis \u00bb de la tol\u00e9rance religieuse entre les Chr\u00e9tiens, les Musulmans et les Juifs. De nombreuses synagogues, mosqu\u00e9es et \u00e9glises datant du 10\u00e8me si\u00e8cle servent maintenant de mus\u00e9es.<\/p>\n<p>L\u2019\u00e9glise Adventiste Centrale de Madrid a accueilli un concert sur la libert\u00e9 religieuse lors de la derni\u00e8re soir\u00e9e de la conf\u00e9rence, qui a attir\u00e9 environ 500 membres de la communaut\u00e9. L\u2019organisateur, Liviu Olteanu, a consid\u00e9r\u00e9 l\u2019\u00e9glise comme un lieu appropri\u00e9 pour la tenue d\u2019un programme mettant l\u2019emphase sur les droits des minorit\u00e9s religieuses.<\/p>\n<p>L\u2019Espagne est \u00e0 94 pourcent Catholique. L\u2019Eglise Adventiste du Septi\u00e8me jour qui compte 16000 membres dans le pays est parmi les autres confessions religieuses qui repr\u00e9sentent 6 pourcent de la population.<\/p>\n<p>L\u2019Association Internationale pour la D\u00e9fense de la Libert\u00e9 Religieuse est une organisation non gouvernementale bas\u00e9e \u00e0 Berne. L\u2019organisation se consacre \u00e0 la d\u00e9fense de la libert\u00e9 de pens\u00e9e et publie un journal annuel intitul\u00e9 \u00ab Conscience et Libert\u00e9. \u00bb<\/p>\n<p>Traduction: Patrick luciathe<\/p>\n","protected":false},"excerpt":{"rendered":"<p>Les d\u00e9fenseurs de la libert\u00e9 religieuse en Europe esp\u00e8rent qu&rsquo;une conf\u00e9rence acad\u00e9mique qui s&rsquo;est tenue en Espagne la semaine derni\u00e8re pourra faire en sorte que l&rsquo;on reconnaisse davantage la cause de la libert\u00e9 religieuse envers les minorit\u00e9s religieuses dans la nation et dans les pays voisins.<\/p>\n","protected":false},"author":1,"featured_media":0,"comment_status":"closed","ping_status":"closed","sticky":false,"template":"","format":"standard","meta":{"_acf_changed":false,"footnotes":""},"categories":[18],"tags":[],"class_list":["post-31862","post","type-post","status-publish","format-standard","hentry","category-nouvelles-de-leglise-mondiale"],"acf":[],"yoast_head":"<!-- This site is optimized with the Yoast SEO plugin v27.3 - https:\/\/yoast.com\/product\/yoast-seo-wordpress\/ -->\n<title>Une conf\u00e9rence acad\u00e9mique en Espagne promeut la tol\u00e9rance envers les minorit\u00e9s religieuses - \u00c9glise Adventiste Du Septieme Jour - Inter Am\u00e9rique Division<\/title>\n<meta name=\"robots\" content=\"index, follow, max-snippet:-1, max-image-preview:large, max-video-preview:-1\" \/>\n<link rel=\"canonical\" href=\"https:\/\/interamerica.org\/fr\/2014\/01\/une-conference-academique-en-espagne-promeut-la-tolerance-envers-les-minorites-religieuses\/\" \/>\n<meta property=\"og:locale\" content=\"fr_FR\" \/>\n<meta property=\"og:type\" content=\"article\" \/>\n<meta property=\"og:title\" content=\"Une conf\u00e9rence acad\u00e9mique en Espagne promeut la tol\u00e9rance envers les minorit\u00e9s religieuses - \u00c9glise Adventiste Du Septieme Jour - Inter Am\u00e9rique Division\" \/>\n<meta property=\"og:description\" content=\"Les d\u00e9fenseurs de la libert\u00e9 religieuse en Europe esp\u00e8rent qu&#039;une conf\u00e9rence acad\u00e9mique qui s&#039;est tenue en Espagne la semaine derni\u00e8re pourra faire en sorte que l&#039;on reconnaisse davantage la cause de la libert\u00e9 religieuse envers les minorit\u00e9s religieuses dans la nation et dans les pays voisins.\" \/>\n<meta property=\"og:url\" content=\"https:\/\/interamerica.org\/fr\/2014\/01\/une-conference-academique-en-espagne-promeut-la-tolerance-envers-les-minorites-religieuses\/\" \/>\n<meta property=\"og:site_name\" content=\"\u00c9glise Adventiste Du Septieme Jour - Inter Am\u00e9rique Division\" \/>\n<meta property=\"article:published_time\" content=\"2014-01-24T04:00:00+00:00\" \/>\n<meta property=\"article:modified_time\" content=\"2021-07-28T19:07:47+00:00\" \/>\n<meta name=\"author\" content=\"Lorenzo Verduzco\" \/>\n<meta name=\"twitter:card\" content=\"summary_large_image\" \/>\n<meta name=\"twitter:label1\" content=\"\u00c9crit par\" \/>\n\t<meta name=\"twitter:data1\" content=\"Lorenzo Verduzco\" \/>\n\t<meta name=\"twitter:label2\" content=\"Dur\u00e9e de lecture estim\u00e9e\" \/>\n\t<meta name=\"twitter:data2\" content=\"4 minutes\" \/>\n<script type=\"application\/ld+json\" class=\"yoast-schema-graph\">{\"@context\":\"https:\\\/\\\/schema.org\",\"@graph\":[{\"@type\":\"Article\",\"@id\":\"https:\\\/\\\/interamerica.org\\\/fr\\\/2014\\\/01\\\/une-conference-academique-en-espagne-promeut-la-tolerance-envers-les-minorites-religieuses\\\/#article\",\"isPartOf\":{\"@id\":\"https:\\\/\\\/interamerica.org\\\/fr\\\/2014\\\/01\\\/une-conference-academique-en-espagne-promeut-la-tolerance-envers-les-minorites-religieuses\\\/\"},\"author\":{\"name\":\"Lorenzo Verduzco\",\"@id\":\"https:\\\/\\\/interamerica.org\\\/fr\\\/#\\\/schema\\\/person\\\/68ede8bdc292885bb76c1e3810e73c39\"},\"headline\":\"Une conf\u00e9rence acad\u00e9mique en Espagne promeut la tol\u00e9rance envers les minorit\u00e9s religieuses\",\"datePublished\":\"2014-01-24T04:00:00+00:00\",\"dateModified\":\"2021-07-28T19:07:47+00:00\",\"mainEntityOfPage\":{\"@id\":\"https:\\\/\\\/interamerica.org\\\/fr\\\/2014\\\/01\\\/une-conference-academique-en-espagne-promeut-la-tolerance-envers-les-minorites-religieuses\\\/\"},\"wordCount\":913,\"articleSection\":[\"Nouvelles de l'\u00c9glise mondiale\"],\"inLanguage\":\"fr-FR\"},{\"@type\":\"WebPage\",\"@id\":\"https:\\\/\\\/interamerica.org\\\/fr\\\/2014\\\/01\\\/une-conference-academique-en-espagne-promeut-la-tolerance-envers-les-minorites-religieuses\\\/\",\"url\":\"https:\\\/\\\/interamerica.org\\\/fr\\\/2014\\\/01\\\/une-conference-academique-en-espagne-promeut-la-tolerance-envers-les-minorites-religieuses\\\/\",\"name\":\"Une conf\u00e9rence acad\u00e9mique en Espagne promeut la tol\u00e9rance envers les minorit\u00e9s religieuses - \u00c9glise Adventiste Du Septieme Jour - Inter Am\u00e9rique Division\",\"isPartOf\":{\"@id\":\"https:\\\/\\\/interamerica.org\\\/fr\\\/#website\"},\"datePublished\":\"2014-01-24T04:00:00+00:00\",\"dateModified\":\"2021-07-28T19:07:47+00:00\",\"author\":{\"@id\":\"https:\\\/\\\/interamerica.org\\\/fr\\\/#\\\/schema\\\/person\\\/68ede8bdc292885bb76c1e3810e73c39\"},\"breadcrumb\":{\"@id\":\"https:\\\/\\\/interamerica.org\\\/fr\\\/2014\\\/01\\\/une-conference-academique-en-espagne-promeut-la-tolerance-envers-les-minorites-religieuses\\\/#breadcrumb\"},\"inLanguage\":\"fr-FR\",\"potentialAction\":[{\"@type\":\"ReadAction\",\"target\":[\"https:\\\/\\\/interamerica.org\\\/fr\\\/2014\\\/01\\\/une-conference-academique-en-espagne-promeut-la-tolerance-envers-les-minorites-religieuses\\\/\"]}]},{\"@type\":\"BreadcrumbList\",\"@id\":\"https:\\\/\\\/interamerica.org\\\/fr\\\/2014\\\/01\\\/une-conference-academique-en-espagne-promeut-la-tolerance-envers-les-minorites-religieuses\\\/#breadcrumb\",\"itemListElement\":[{\"@type\":\"ListItem\",\"position\":1,\"name\":\"Home\",\"item\":\"https:\\\/\\\/interamerica.org\\\/fr\\\/\"},{\"@type\":\"ListItem\",\"position\":2,\"name\":\"Une conf\u00e9rence acad\u00e9mique en Espagne promeut la tol\u00e9rance envers les minorit\u00e9s religieuses\"}]},{\"@type\":\"WebSite\",\"@id\":\"https:\\\/\\\/interamerica.org\\\/fr\\\/#website\",\"url\":\"https:\\\/\\\/interamerica.org\\\/fr\\\/\",\"name\":\"\u00c9glise Adventiste Du Septieme Jour - Inter Am\u00e9rique Division\",\"description\":\"\",\"potentialAction\":[{\"@type\":\"SearchAction\",\"target\":{\"@type\":\"EntryPoint\",\"urlTemplate\":\"https:\\\/\\\/interamerica.org\\\/fr\\\/?s={search_term_string}\"},\"query-input\":{\"@type\":\"PropertyValueSpecification\",\"valueRequired\":true,\"valueName\":\"search_term_string\"}}],\"inLanguage\":\"fr-FR\"},{\"@type\":\"Person\",\"@id\":\"https:\\\/\\\/interamerica.org\\\/fr\\\/#\\\/schema\\\/person\\\/68ede8bdc292885bb76c1e3810e73c39\",\"name\":\"Lorenzo Verduzco\",\"image\":{\"@type\":\"ImageObject\",\"inLanguage\":\"fr-FR\",\"@id\":\"https:\\\/\\\/secure.gravatar.com\\\/avatar\\\/fb81a55b6218459490a9c1dc841a34909185b81904c5337b4b27f7a6fd60c49e?s=96&d=mm&r=g\",\"url\":\"https:\\\/\\\/secure.gravatar.com\\\/avatar\\\/fb81a55b6218459490a9c1dc841a34909185b81904c5337b4b27f7a6fd60c49e?s=96&d=mm&r=g\",\"contentUrl\":\"https:\\\/\\\/secure.gravatar.com\\\/avatar\\\/fb81a55b6218459490a9c1dc841a34909185b81904c5337b4b27f7a6fd60c49e?s=96&d=mm&r=g\",\"caption\":\"Lorenzo Verduzco\"}}]}<\/script>\n<!-- \/ Yoast SEO plugin. -->","yoast_head_json":{"title":"Une conf\u00e9rence acad\u00e9mique en Espagne promeut la tol\u00e9rance envers les minorit\u00e9s religieuses - \u00c9glise Adventiste Du Septieme Jour - Inter Am\u00e9rique Division","robots":{"index":"index","follow":"follow","max-snippet":"max-snippet:-1","max-image-preview":"max-image-preview:large","max-video-preview":"max-video-preview:-1"},"canonical":"https:\/\/interamerica.org\/fr\/2014\/01\/une-conference-academique-en-espagne-promeut-la-tolerance-envers-les-minorites-religieuses\/","og_locale":"fr_FR","og_type":"article","og_title":"Une conf\u00e9rence acad\u00e9mique en Espagne promeut la tol\u00e9rance envers les minorit\u00e9s religieuses - \u00c9glise Adventiste Du Septieme Jour - Inter Am\u00e9rique Division","og_description":"Les d\u00e9fenseurs de la libert\u00e9 religieuse en Europe esp\u00e8rent qu'une conf\u00e9rence acad\u00e9mique qui s'est tenue en Espagne la semaine derni\u00e8re pourra faire en sorte que l'on reconnaisse davantage la cause de la libert\u00e9 religieuse envers les minorit\u00e9s religieuses dans la nation et dans les pays voisins.","og_url":"https:\/\/interamerica.org\/fr\/2014\/01\/une-conference-academique-en-espagne-promeut-la-tolerance-envers-les-minorites-religieuses\/","og_site_name":"\u00c9glise Adventiste Du Septieme Jour - Inter Am\u00e9rique Division","article_published_time":"2014-01-24T04:00:00+00:00","article_modified_time":"2021-07-28T19:07:47+00:00","author":"Lorenzo Verduzco","twitter_card":"summary_large_image","twitter_misc":{"\u00c9crit par":"Lorenzo Verduzco","Dur\u00e9e de lecture estim\u00e9e":"4 minutes"},"schema":{"@context":"https:\/\/schema.org","@graph":[{"@type":"Article","@id":"https:\/\/interamerica.org\/fr\/2014\/01\/une-conference-academique-en-espagne-promeut-la-tolerance-envers-les-minorites-religieuses\/#article","isPartOf":{"@id":"https:\/\/interamerica.org\/fr\/2014\/01\/une-conference-academique-en-espagne-promeut-la-tolerance-envers-les-minorites-religieuses\/"},"author":{"name":"Lorenzo Verduzco","@id":"https:\/\/interamerica.org\/fr\/#\/schema\/person\/68ede8bdc292885bb76c1e3810e73c39"},"headline":"Une conf\u00e9rence acad\u00e9mique en Espagne promeut la tol\u00e9rance envers les minorit\u00e9s religieuses","datePublished":"2014-01-24T04:00:00+00:00","dateModified":"2021-07-28T19:07:47+00:00","mainEntityOfPage":{"@id":"https:\/\/interamerica.org\/fr\/2014\/01\/une-conference-academique-en-espagne-promeut-la-tolerance-envers-les-minorites-religieuses\/"},"wordCount":913,"articleSection":["Nouvelles de l'\u00c9glise mondiale"],"inLanguage":"fr-FR"},{"@type":"WebPage","@id":"https:\/\/interamerica.org\/fr\/2014\/01\/une-conference-academique-en-espagne-promeut-la-tolerance-envers-les-minorites-religieuses\/","url":"https:\/\/interamerica.org\/fr\/2014\/01\/une-conference-academique-en-espagne-promeut-la-tolerance-envers-les-minorites-religieuses\/","name":"Une conf\u00e9rence acad\u00e9mique en Espagne promeut la tol\u00e9rance envers les minorit\u00e9s religieuses - \u00c9glise Adventiste Du Septieme Jour - Inter Am\u00e9rique Division","isPartOf":{"@id":"https:\/\/interamerica.org\/fr\/#website"},"datePublished":"2014-01-24T04:00:00+00:00","dateModified":"2021-07-28T19:07:47+00:00","author":{"@id":"https:\/\/interamerica.org\/fr\/#\/schema\/person\/68ede8bdc292885bb76c1e3810e73c39"},"breadcrumb":{"@id":"https:\/\/interamerica.org\/fr\/2014\/01\/une-conference-academique-en-espagne-promeut-la-tolerance-envers-les-minorites-religieuses\/#breadcrumb"},"inLanguage":"fr-FR","potentialAction":[{"@type":"ReadAction","target":["https:\/\/interamerica.org\/fr\/2014\/01\/une-conference-academique-en-espagne-promeut-la-tolerance-envers-les-minorites-religieuses\/"]}]},{"@type":"BreadcrumbList","@id":"https:\/\/interamerica.org\/fr\/2014\/01\/une-conference-academique-en-espagne-promeut-la-tolerance-envers-les-minorites-religieuses\/#breadcrumb","itemListElement":[{"@type":"ListItem","position":1,"name":"Home","item":"https:\/\/interamerica.org\/fr\/"},{"@type":"ListItem","position":2,"name":"Une conf\u00e9rence acad\u00e9mique en Espagne promeut la tol\u00e9rance envers les minorit\u00e9s religieuses"}]},{"@type":"WebSite","@id":"https:\/\/interamerica.org\/fr\/#website","url":"https:\/\/interamerica.org\/fr\/","name":"\u00c9glise Adventiste Du Septieme Jour - Inter Am\u00e9rique Division","description":"","potentialAction":[{"@type":"SearchAction","target":{"@type":"EntryPoint","urlTemplate":"https:\/\/interamerica.org\/fr\/?s={search_term_string}"},"query-input":{"@type":"PropertyValueSpecification","valueRequired":true,"valueName":"search_term_string"}}],"inLanguage":"fr-FR"},{"@type":"Person","@id":"https:\/\/interamerica.org\/fr\/#\/schema\/person\/68ede8bdc292885bb76c1e3810e73c39","name":"Lorenzo Verduzco","image":{"@type":"ImageObject","inLanguage":"fr-FR","@id":"https:\/\/secure.gravatar.com\/avatar\/fb81a55b6218459490a9c1dc841a34909185b81904c5337b4b27f7a6fd60c49e?s=96&d=mm&r=g","url":"https:\/\/secure.gravatar.com\/avatar\/fb81a55b6218459490a9c1dc841a34909185b81904c5337b4b27f7a6fd60c49e?s=96&d=mm&r=g","contentUrl":"https:\/\/secure.gravatar.com\/avatar\/fb81a55b6218459490a9c1dc841a34909185b81904c5337b4b27f7a6fd60c49e?s=96&d=mm&r=g","caption":"Lorenzo Verduzco"}}]}},"_links":{"self":[{"href":"https:\/\/interamerica.org\/fr\/wp-json\/wp\/v2\/posts\/31862","targetHints":{"allow":["GET"]}}],"collection":[{"href":"https:\/\/interamerica.org\/fr\/wp-json\/wp\/v2\/posts"}],"about":[{"href":"https:\/\/interamerica.org\/fr\/wp-json\/wp\/v2\/types\/post"}],"author":[{"embeddable":true,"href":"https:\/\/interamerica.org\/fr\/wp-json\/wp\/v2\/users\/1"}],"replies":[{"embeddable":true,"href":"https:\/\/interamerica.org\/fr\/wp-json\/wp\/v2\/comments?post=31862"}],"version-history":[{"count":0,"href":"https:\/\/interamerica.org\/fr\/wp-json\/wp\/v2\/posts\/31862\/revisions"}],"wp:attachment":[{"href":"https:\/\/interamerica.org\/fr\/wp-json\/wp\/v2\/media?parent=31862"}],"wp:term":[{"taxonomy":"category","embeddable":true,"href":"https:\/\/interamerica.org\/fr\/wp-json\/wp\/v2\/categories?post=31862"},{"taxonomy":"post_tag","embeddable":true,"href":"https:\/\/interamerica.org\/fr\/wp-json\/wp\/v2\/tags?post=31862"}],"curies":[{"name":"wp","href":"https:\/\/api.w.org\/{rel}","templated":true}]}}