{"id":31863,"date":"2014-01-29T00:00:00","date_gmt":"2014-01-29T04:00:00","guid":{"rendered":"http:\/\/192.81.217.108\/interamerica\/2014\/01\/inter-amerique-leglise-demarre-la-semaine-de-priere-virtuelle-pour-les-familles-pastorales\/"},"modified":"2014-01-29T00:00:00","modified_gmt":"2014-01-29T04:00:00","slug":"inter-amerique-leglise-demarre-la-semaine-de-priere-virtuelle-pour-les-familles-pastorales","status":"publish","type":"post","link":"https:\/\/interamerica.org\/fr\/2014\/01\/inter-amerique-leglise-demarre-la-semaine-de-priere-virtuelle-pour-les-familles-pastorales\/","title":{"rendered":"Inter Am\u00e9rique : L\u2019\u00e9glise d\u00e9marre la semaine de pri\u00e8re virtuelle pour les familles pastorales"},"content":{"rendered":"<p>29 Janvier 2014 \u2013 Miami, Floride, Etats Unis\u2026Libna Stevens\/DIA<\/p>\n<p>L\u2019Eglise Adventiste du Septi\u00e8me jour en Inter Am\u00e9rique d\u00e9marre sur internet une semaine de pri\u00e8re virtuelle pour les 3200 familles pastorales du territoire \u00e0 partir de ce weekend. L\u2019\u00e9v\u00e8nement sp\u00e9cial en ligne d\u00e9butera avec un programme en direct du si\u00e8ge de la Division Inter Am\u00e9ricaine (DIA) \u00e0 Miami en Floride le 31 janvier 2014.<\/p>\n<a href=\"\/interamerica\/wp-content\/uploads\/2017\/06\/Head_Banner_Pastor_WeekPray_FR.jpg\" rel=\"fancybox\" title=\"Inter Am\u00e9rique : L\u2019\u00e9glise d\u00e9marre la semaine de pri\u00e8re virtuelle pour les familles pastorales\"><img decoding=\"async\" class=\"size-medium wp-image-10457 \" title=\"Head_Banner_Pastor_WeekPray_FR\" src=\"\/interamerica\/wp-content\/uploads\/2017\/06\/Head_Banner_Pastor_WeekPray_FR-300x117.jpg\" alt=\"\" width=\"300\" height=\"117\" \/><\/a>\n<p>\u00ab Notre principale pr\u00e9occupation est de consolider l\u2019unit\u00e9 du pasteur et de sa famille, de nous assurer qu\u2019ils sachent que nous accordons de l\u2019importance \u00e0 leur minist\u00e8re et que nous nous soucions de leur bien-\u00eatre en g\u00e9n\u00e9ral, \u00bb a d\u00e9clar\u00e9 pasteur Hector Sanchez, secr\u00e9taire de l\u2019association pastorale pour l\u2019Eglise Adventiste en Inter Am\u00e9rique et l\u2019un des organisateurs du programme.<\/p>\n<p>Les pasteurs de la DIA ont la responsabilit\u00e9 de deux, trois, quatre et jusqu\u2019\u00e0 10 \u00e9glises \u00e0 travers le territoire, a expliqu\u00e9 pasteur Sanchez, il est donc important de mettre l\u2019accent sur le fait qu\u2019ils ont besoin de faire une pause et de prendre le temps d\u2019\u00eatre nourris en tant que famille. \u00bb<\/p>\n<p>La semaine de pri\u00e8re d\u00e9butera le 31 janvier avec un programme en direct \u00e0 19h30 (heure de Miami), et se poursuivra avec des programmes pr\u00e9enregistr\u00e9s jusqu\u2019au 7 f\u00e9vrier. Les programmes pourront \u00eatre vus et t\u00e9l\u00e9charg\u00e9s de telle sorte que les familles puissent se r\u00e9unir au moment qui leur convient le mieux chaque soir de la semaine.<\/p>\n<p>\u00ab Nous voulons encourager tous les membres de la famille pastorale \u00e0 se rapprocher du Seigneur et \u00e0 consolider les liens qui les unissent en tant que famille afin qu\u2019ils puissent apporter \u00e0 l\u2019\u00e9glise un soutien ad\u00e9quat, \u00bb a d\u00e9clar\u00e9 pasteur Pedro Iglesias, directeur des minist\u00e8res de la famille pour l\u2019Eglise Adventiste en Inter Am\u00e9rique et co-organisateur du programme.<\/p>\n<p>Les messages devant \u00eatre pr\u00e9sent\u00e9s traiteront de la famille pastorale en g\u00e9n\u00e9ral, du mariage pastoral, du pasteur en tant qu\u2019\u00e9poux, de l\u2019\u00e9pouse du pasteur, des enfants du pasteur, de la pratique de la d\u00e9votion pour la famille pastorale, et bien plus encore.<\/p>\n<p>La semaine de pri\u00e8re virtuelle se terminera avec un programme en direct le sabbat 8 f\u00e9vrier 2014 \u00e0 16h30, heure de Miami. Les programmes en direct retransmis le 31 janvier et le 8 f\u00e9vrier le seront en anglais, espagnol et fran\u00e7ais.<\/p>\n<p>Pour voir les programmes en direct et les programmes pr\u00e9enregistr\u00e9s, visitez notre canal en ligne en cliquant <a href=\"http:\/\/webcast.interamerica.org\/schedule.\">ICI<\/a><\/p>\n<p>Traduction: Patrick Luciathe<\/p>\n","protected":false},"excerpt":{"rendered":"<p>L\u2019Eglise Adventiste du Septi\u00e8me jour en Inter Am\u00e9rique d\u00e9marre sur internet une semaine de pri\u00e8re virtuelle pour les 3200 familles pastorales du territoire \u00e0 partir de ce weekend. L\u2019\u00e9v\u00e8nement sp\u00e9cial en ligne d\u00e9butera avec un programme en direct du si\u00e8ge de la Division Inter Am\u00e9ricaine (DIA) \u00e0 Miami en Floride le 31 janvier 2014.<\/p>\n","protected":false},"author":1,"featured_media":31864,"comment_status":"closed","ping_status":"closed","sticky":false,"template":"","format":"standard","meta":{"_acf_changed":false,"footnotes":""},"categories":[20],"tags":[],"class_list":["post-31863","post","type-post","status-publish","format-standard","has-post-thumbnail","hentry","category-nouvelles-du-siege-de-la-division"],"acf":[],"yoast_head":"<!-- This site is optimized with the Yoast SEO plugin v27.3 - https:\/\/yoast.com\/product\/yoast-seo-wordpress\/ -->\n<title>Inter Am\u00e9rique : L\u2019\u00e9glise d\u00e9marre la semaine de pri\u00e8re virtuelle pour les familles pastorales - \u00c9glise Adventiste Du Septieme Jour - Inter Am\u00e9rique Division<\/title>\n<meta name=\"robots\" content=\"index, follow, max-snippet:-1, max-image-preview:large, max-video-preview:-1\" \/>\n<link rel=\"canonical\" href=\"https:\/\/interamerica.org\/fr\/2014\/01\/inter-amerique-leglise-demarre-la-semaine-de-priere-virtuelle-pour-les-familles-pastorales\/\" \/>\n<meta property=\"og:locale\" content=\"fr_FR\" \/>\n<meta property=\"og:type\" content=\"article\" \/>\n<meta property=\"og:title\" content=\"Inter Am\u00e9rique : L\u2019\u00e9glise d\u00e9marre la semaine de pri\u00e8re virtuelle pour les familles pastorales - \u00c9glise Adventiste Du Septieme Jour - Inter Am\u00e9rique Division\" \/>\n<meta property=\"og:description\" content=\"L\u2019Eglise Adventiste du Septi\u00e8me jour en Inter Am\u00e9rique d\u00e9marre sur internet une semaine de pri\u00e8re virtuelle pour les 3200 familles pastorales du territoire \u00e0 partir de ce weekend. L\u2019\u00e9v\u00e8nement sp\u00e9cial en ligne d\u00e9butera avec un programme en direct du si\u00e8ge de la Division Inter Am\u00e9ricaine (DIA) \u00e0 Miami en Floride le 31 janvier 2014.\" \/>\n<meta property=\"og:url\" content=\"https:\/\/interamerica.org\/fr\/2014\/01\/inter-amerique-leglise-demarre-la-semaine-de-priere-virtuelle-pour-les-familles-pastorales\/\" \/>\n<meta property=\"og:site_name\" content=\"\u00c9glise Adventiste Du Septieme Jour - Inter Am\u00e9rique Division\" \/>\n<meta property=\"article:published_time\" content=\"2014-01-29T04:00:00+00:00\" \/>\n<meta property=\"og:image\" content=\"https:\/\/interamerica.org\/wp-content\/uploads\/2017\/06\/Head_Banner_Pastor_WeekPray_FR.jpg\" \/>\n\t<meta property=\"og:image:width\" content=\"640\" \/>\n\t<meta property=\"og:image:height\" content=\"250\" \/>\n\t<meta property=\"og:image:type\" content=\"image\/jpeg\" \/>\n<meta name=\"author\" content=\"Lorenzo Verduzco\" \/>\n<meta name=\"twitter:card\" content=\"summary_large_image\" \/>\n<meta name=\"twitter:label1\" content=\"\u00c9crit par\" \/>\n\t<meta name=\"twitter:data1\" content=\"Lorenzo Verduzco\" \/>\n\t<meta name=\"twitter:label2\" content=\"Dur\u00e9e de lecture estim\u00e9e\" \/>\n\t<meta name=\"twitter:data2\" content=\"2 minutes\" \/>\n<script type=\"application\/ld+json\" class=\"yoast-schema-graph\">{\"@context\":\"https:\\\/\\\/schema.org\",\"@graph\":[{\"@type\":\"Article\",\"@id\":\"https:\\\/\\\/interamerica.org\\\/fr\\\/2014\\\/01\\\/inter-amerique-leglise-demarre-la-semaine-de-priere-virtuelle-pour-les-familles-pastorales\\\/#article\",\"isPartOf\":{\"@id\":\"https:\\\/\\\/interamerica.org\\\/fr\\\/2014\\\/01\\\/inter-amerique-leglise-demarre-la-semaine-de-priere-virtuelle-pour-les-familles-pastorales\\\/\"},\"author\":{\"name\":\"Lorenzo Verduzco\",\"@id\":\"https:\\\/\\\/interamerica.org\\\/fr\\\/#\\\/schema\\\/person\\\/68ede8bdc292885bb76c1e3810e73c39\"},\"headline\":\"Inter Am\u00e9rique : L\u2019\u00e9glise d\u00e9marre la semaine de pri\u00e8re virtuelle pour les familles pastorales\",\"datePublished\":\"2014-01-29T04:00:00+00:00\",\"mainEntityOfPage\":{\"@id\":\"https:\\\/\\\/interamerica.org\\\/fr\\\/2014\\\/01\\\/inter-amerique-leglise-demarre-la-semaine-de-priere-virtuelle-pour-les-familles-pastorales\\\/\"},\"wordCount\":444,\"image\":{\"@id\":\"https:\\\/\\\/interamerica.org\\\/fr\\\/2014\\\/01\\\/inter-amerique-leglise-demarre-la-semaine-de-priere-virtuelle-pour-les-familles-pastorales\\\/#primaryimage\"},\"thumbnailUrl\":\"https:\\\/\\\/interamerica.org\\\/wp-content\\\/uploads\\\/2017\\\/06\\\/Head_Banner_Pastor_WeekPray_FR.jpg\",\"articleSection\":[\"Nouvelles du si\u00e8ge de la division\"],\"inLanguage\":\"fr-FR\"},{\"@type\":\"WebPage\",\"@id\":\"https:\\\/\\\/interamerica.org\\\/fr\\\/2014\\\/01\\\/inter-amerique-leglise-demarre-la-semaine-de-priere-virtuelle-pour-les-familles-pastorales\\\/\",\"url\":\"https:\\\/\\\/interamerica.org\\\/fr\\\/2014\\\/01\\\/inter-amerique-leglise-demarre-la-semaine-de-priere-virtuelle-pour-les-familles-pastorales\\\/\",\"name\":\"Inter Am\u00e9rique : L\u2019\u00e9glise d\u00e9marre la semaine de pri\u00e8re virtuelle pour les familles pastorales - \u00c9glise Adventiste Du Septieme Jour - Inter Am\u00e9rique Division\",\"isPartOf\":{\"@id\":\"https:\\\/\\\/interamerica.org\\\/fr\\\/#website\"},\"primaryImageOfPage\":{\"@id\":\"https:\\\/\\\/interamerica.org\\\/fr\\\/2014\\\/01\\\/inter-amerique-leglise-demarre-la-semaine-de-priere-virtuelle-pour-les-familles-pastorales\\\/#primaryimage\"},\"image\":{\"@id\":\"https:\\\/\\\/interamerica.org\\\/fr\\\/2014\\\/01\\\/inter-amerique-leglise-demarre-la-semaine-de-priere-virtuelle-pour-les-familles-pastorales\\\/#primaryimage\"},\"thumbnailUrl\":\"https:\\\/\\\/interamerica.org\\\/wp-content\\\/uploads\\\/2017\\\/06\\\/Head_Banner_Pastor_WeekPray_FR.jpg\",\"datePublished\":\"2014-01-29T04:00:00+00:00\",\"author\":{\"@id\":\"https:\\\/\\\/interamerica.org\\\/fr\\\/#\\\/schema\\\/person\\\/68ede8bdc292885bb76c1e3810e73c39\"},\"breadcrumb\":{\"@id\":\"https:\\\/\\\/interamerica.org\\\/fr\\\/2014\\\/01\\\/inter-amerique-leglise-demarre-la-semaine-de-priere-virtuelle-pour-les-familles-pastorales\\\/#breadcrumb\"},\"inLanguage\":\"fr-FR\",\"potentialAction\":[{\"@type\":\"ReadAction\",\"target\":[\"https:\\\/\\\/interamerica.org\\\/fr\\\/2014\\\/01\\\/inter-amerique-leglise-demarre-la-semaine-de-priere-virtuelle-pour-les-familles-pastorales\\\/\"]}]},{\"@type\":\"ImageObject\",\"inLanguage\":\"fr-FR\",\"@id\":\"https:\\\/\\\/interamerica.org\\\/fr\\\/2014\\\/01\\\/inter-amerique-leglise-demarre-la-semaine-de-priere-virtuelle-pour-les-familles-pastorales\\\/#primaryimage\",\"url\":\"https:\\\/\\\/interamerica.org\\\/wp-content\\\/uploads\\\/2017\\\/06\\\/Head_Banner_Pastor_WeekPray_FR.jpg\",\"contentUrl\":\"https:\\\/\\\/interamerica.org\\\/wp-content\\\/uploads\\\/2017\\\/06\\\/Head_Banner_Pastor_WeekPray_FR.jpg\",\"width\":640,\"height\":250},{\"@type\":\"BreadcrumbList\",\"@id\":\"https:\\\/\\\/interamerica.org\\\/fr\\\/2014\\\/01\\\/inter-amerique-leglise-demarre-la-semaine-de-priere-virtuelle-pour-les-familles-pastorales\\\/#breadcrumb\",\"itemListElement\":[{\"@type\":\"ListItem\",\"position\":1,\"name\":\"Home\",\"item\":\"https:\\\/\\\/interamerica.org\\\/fr\\\/\"},{\"@type\":\"ListItem\",\"position\":2,\"name\":\"Inter Am\u00e9rique : L\u2019\u00e9glise d\u00e9marre la semaine de pri\u00e8re virtuelle pour les familles pastorales\"}]},{\"@type\":\"WebSite\",\"@id\":\"https:\\\/\\\/interamerica.org\\\/fr\\\/#website\",\"url\":\"https:\\\/\\\/interamerica.org\\\/fr\\\/\",\"name\":\"\u00c9glise Adventiste Du Septieme Jour - Inter Am\u00e9rique Division\",\"description\":\"\",\"potentialAction\":[{\"@type\":\"SearchAction\",\"target\":{\"@type\":\"EntryPoint\",\"urlTemplate\":\"https:\\\/\\\/interamerica.org\\\/fr\\\/?s={search_term_string}\"},\"query-input\":{\"@type\":\"PropertyValueSpecification\",\"valueRequired\":true,\"valueName\":\"search_term_string\"}}],\"inLanguage\":\"fr-FR\"},{\"@type\":\"Person\",\"@id\":\"https:\\\/\\\/interamerica.org\\\/fr\\\/#\\\/schema\\\/person\\\/68ede8bdc292885bb76c1e3810e73c39\",\"name\":\"Lorenzo Verduzco\",\"image\":{\"@type\":\"ImageObject\",\"inLanguage\":\"fr-FR\",\"@id\":\"https:\\\/\\\/secure.gravatar.com\\\/avatar\\\/fb81a55b6218459490a9c1dc841a34909185b81904c5337b4b27f7a6fd60c49e?s=96&d=mm&r=g\",\"url\":\"https:\\\/\\\/secure.gravatar.com\\\/avatar\\\/fb81a55b6218459490a9c1dc841a34909185b81904c5337b4b27f7a6fd60c49e?s=96&d=mm&r=g\",\"contentUrl\":\"https:\\\/\\\/secure.gravatar.com\\\/avatar\\\/fb81a55b6218459490a9c1dc841a34909185b81904c5337b4b27f7a6fd60c49e?s=96&d=mm&r=g\",\"caption\":\"Lorenzo Verduzco\"}}]}<\/script>\n<!-- \/ Yoast SEO plugin. -->","yoast_head_json":{"title":"Inter Am\u00e9rique : L\u2019\u00e9glise d\u00e9marre la semaine de pri\u00e8re virtuelle pour les familles pastorales - \u00c9glise Adventiste Du Septieme Jour - Inter Am\u00e9rique Division","robots":{"index":"index","follow":"follow","max-snippet":"max-snippet:-1","max-image-preview":"max-image-preview:large","max-video-preview":"max-video-preview:-1"},"canonical":"https:\/\/interamerica.org\/fr\/2014\/01\/inter-amerique-leglise-demarre-la-semaine-de-priere-virtuelle-pour-les-familles-pastorales\/","og_locale":"fr_FR","og_type":"article","og_title":"Inter Am\u00e9rique : L\u2019\u00e9glise d\u00e9marre la semaine de pri\u00e8re virtuelle pour les familles pastorales - \u00c9glise Adventiste Du Septieme Jour - Inter Am\u00e9rique Division","og_description":"L\u2019Eglise Adventiste du Septi\u00e8me jour en Inter Am\u00e9rique d\u00e9marre sur internet une semaine de pri\u00e8re virtuelle pour les 3200 familles pastorales du territoire \u00e0 partir de ce weekend. L\u2019\u00e9v\u00e8nement sp\u00e9cial en ligne d\u00e9butera avec un programme en direct du si\u00e8ge de la Division Inter Am\u00e9ricaine (DIA) \u00e0 Miami en Floride le 31 janvier 2014.","og_url":"https:\/\/interamerica.org\/fr\/2014\/01\/inter-amerique-leglise-demarre-la-semaine-de-priere-virtuelle-pour-les-familles-pastorales\/","og_site_name":"\u00c9glise Adventiste Du Septieme Jour - Inter Am\u00e9rique Division","article_published_time":"2014-01-29T04:00:00+00:00","og_image":[{"width":640,"height":250,"url":"https:\/\/interamerica.org\/wp-content\/uploads\/2017\/06\/Head_Banner_Pastor_WeekPray_FR.jpg","type":"image\/jpeg"}],"author":"Lorenzo Verduzco","twitter_card":"summary_large_image","twitter_misc":{"\u00c9crit par":"Lorenzo Verduzco","Dur\u00e9e de lecture estim\u00e9e":"2 minutes"},"schema":{"@context":"https:\/\/schema.org","@graph":[{"@type":"Article","@id":"https:\/\/interamerica.org\/fr\/2014\/01\/inter-amerique-leglise-demarre-la-semaine-de-priere-virtuelle-pour-les-familles-pastorales\/#article","isPartOf":{"@id":"https:\/\/interamerica.org\/fr\/2014\/01\/inter-amerique-leglise-demarre-la-semaine-de-priere-virtuelle-pour-les-familles-pastorales\/"},"author":{"name":"Lorenzo Verduzco","@id":"https:\/\/interamerica.org\/fr\/#\/schema\/person\/68ede8bdc292885bb76c1e3810e73c39"},"headline":"Inter Am\u00e9rique : L\u2019\u00e9glise d\u00e9marre la semaine de pri\u00e8re virtuelle pour les familles pastorales","datePublished":"2014-01-29T04:00:00+00:00","mainEntityOfPage":{"@id":"https:\/\/interamerica.org\/fr\/2014\/01\/inter-amerique-leglise-demarre-la-semaine-de-priere-virtuelle-pour-les-familles-pastorales\/"},"wordCount":444,"image":{"@id":"https:\/\/interamerica.org\/fr\/2014\/01\/inter-amerique-leglise-demarre-la-semaine-de-priere-virtuelle-pour-les-familles-pastorales\/#primaryimage"},"thumbnailUrl":"https:\/\/interamerica.org\/wp-content\/uploads\/2017\/06\/Head_Banner_Pastor_WeekPray_FR.jpg","articleSection":["Nouvelles du si\u00e8ge de la division"],"inLanguage":"fr-FR"},{"@type":"WebPage","@id":"https:\/\/interamerica.org\/fr\/2014\/01\/inter-amerique-leglise-demarre-la-semaine-de-priere-virtuelle-pour-les-familles-pastorales\/","url":"https:\/\/interamerica.org\/fr\/2014\/01\/inter-amerique-leglise-demarre-la-semaine-de-priere-virtuelle-pour-les-familles-pastorales\/","name":"Inter Am\u00e9rique : L\u2019\u00e9glise d\u00e9marre la semaine de pri\u00e8re virtuelle pour les familles pastorales - \u00c9glise Adventiste Du Septieme Jour - Inter Am\u00e9rique Division","isPartOf":{"@id":"https:\/\/interamerica.org\/fr\/#website"},"primaryImageOfPage":{"@id":"https:\/\/interamerica.org\/fr\/2014\/01\/inter-amerique-leglise-demarre-la-semaine-de-priere-virtuelle-pour-les-familles-pastorales\/#primaryimage"},"image":{"@id":"https:\/\/interamerica.org\/fr\/2014\/01\/inter-amerique-leglise-demarre-la-semaine-de-priere-virtuelle-pour-les-familles-pastorales\/#primaryimage"},"thumbnailUrl":"https:\/\/interamerica.org\/wp-content\/uploads\/2017\/06\/Head_Banner_Pastor_WeekPray_FR.jpg","datePublished":"2014-01-29T04:00:00+00:00","author":{"@id":"https:\/\/interamerica.org\/fr\/#\/schema\/person\/68ede8bdc292885bb76c1e3810e73c39"},"breadcrumb":{"@id":"https:\/\/interamerica.org\/fr\/2014\/01\/inter-amerique-leglise-demarre-la-semaine-de-priere-virtuelle-pour-les-familles-pastorales\/#breadcrumb"},"inLanguage":"fr-FR","potentialAction":[{"@type":"ReadAction","target":["https:\/\/interamerica.org\/fr\/2014\/01\/inter-amerique-leglise-demarre-la-semaine-de-priere-virtuelle-pour-les-familles-pastorales\/"]}]},{"@type":"ImageObject","inLanguage":"fr-FR","@id":"https:\/\/interamerica.org\/fr\/2014\/01\/inter-amerique-leglise-demarre-la-semaine-de-priere-virtuelle-pour-les-familles-pastorales\/#primaryimage","url":"https:\/\/interamerica.org\/wp-content\/uploads\/2017\/06\/Head_Banner_Pastor_WeekPray_FR.jpg","contentUrl":"https:\/\/interamerica.org\/wp-content\/uploads\/2017\/06\/Head_Banner_Pastor_WeekPray_FR.jpg","width":640,"height":250},{"@type":"BreadcrumbList","@id":"https:\/\/interamerica.org\/fr\/2014\/01\/inter-amerique-leglise-demarre-la-semaine-de-priere-virtuelle-pour-les-familles-pastorales\/#breadcrumb","itemListElement":[{"@type":"ListItem","position":1,"name":"Home","item":"https:\/\/interamerica.org\/fr\/"},{"@type":"ListItem","position":2,"name":"Inter Am\u00e9rique : L\u2019\u00e9glise d\u00e9marre la semaine de pri\u00e8re virtuelle pour les familles pastorales"}]},{"@type":"WebSite","@id":"https:\/\/interamerica.org\/fr\/#website","url":"https:\/\/interamerica.org\/fr\/","name":"\u00c9glise Adventiste Du Septieme Jour - Inter Am\u00e9rique Division","description":"","potentialAction":[{"@type":"SearchAction","target":{"@type":"EntryPoint","urlTemplate":"https:\/\/interamerica.org\/fr\/?s={search_term_string}"},"query-input":{"@type":"PropertyValueSpecification","valueRequired":true,"valueName":"search_term_string"}}],"inLanguage":"fr-FR"},{"@type":"Person","@id":"https:\/\/interamerica.org\/fr\/#\/schema\/person\/68ede8bdc292885bb76c1e3810e73c39","name":"Lorenzo Verduzco","image":{"@type":"ImageObject","inLanguage":"fr-FR","@id":"https:\/\/secure.gravatar.com\/avatar\/fb81a55b6218459490a9c1dc841a34909185b81904c5337b4b27f7a6fd60c49e?s=96&d=mm&r=g","url":"https:\/\/secure.gravatar.com\/avatar\/fb81a55b6218459490a9c1dc841a34909185b81904c5337b4b27f7a6fd60c49e?s=96&d=mm&r=g","contentUrl":"https:\/\/secure.gravatar.com\/avatar\/fb81a55b6218459490a9c1dc841a34909185b81904c5337b4b27f7a6fd60c49e?s=96&d=mm&r=g","caption":"Lorenzo Verduzco"}}]}},"_links":{"self":[{"href":"https:\/\/interamerica.org\/fr\/wp-json\/wp\/v2\/posts\/31863","targetHints":{"allow":["GET"]}}],"collection":[{"href":"https:\/\/interamerica.org\/fr\/wp-json\/wp\/v2\/posts"}],"about":[{"href":"https:\/\/interamerica.org\/fr\/wp-json\/wp\/v2\/types\/post"}],"author":[{"embeddable":true,"href":"https:\/\/interamerica.org\/fr\/wp-json\/wp\/v2\/users\/1"}],"replies":[{"embeddable":true,"href":"https:\/\/interamerica.org\/fr\/wp-json\/wp\/v2\/comments?post=31863"}],"version-history":[{"count":0,"href":"https:\/\/interamerica.org\/fr\/wp-json\/wp\/v2\/posts\/31863\/revisions"}],"wp:featuredmedia":[{"embeddable":true,"href":"https:\/\/interamerica.org\/fr\/wp-json\/wp\/v2\/media\/31864"}],"wp:attachment":[{"href":"https:\/\/interamerica.org\/fr\/wp-json\/wp\/v2\/media?parent=31863"}],"wp:term":[{"taxonomy":"category","embeddable":true,"href":"https:\/\/interamerica.org\/fr\/wp-json\/wp\/v2\/categories?post=31863"},{"taxonomy":"post_tag","embeddable":true,"href":"https:\/\/interamerica.org\/fr\/wp-json\/wp\/v2\/tags?post=31863"}],"curies":[{"name":"wp","href":"https:\/\/api.w.org\/{rel}","templated":true}]}}