{"id":31867,"date":"2014-02-01T00:00:00","date_gmt":"2014-02-01T04:00:00","guid":{"rendered":"http:\/\/192.81.217.108\/interamerica\/2014\/02\/des-eruptions-volcaniques-paralysent-les-communautes-vivant-dans-la-montagne-du-nord-de-sumatra\/"},"modified":"2014-02-01T00:00:00","modified_gmt":"2014-02-01T04:00:00","slug":"des-eruptions-volcaniques-paralysent-les-communautes-vivant-dans-la-montagne-du-nord-de-sumatra","status":"publish","type":"post","link":"https:\/\/interamerica.org\/fr\/2014\/02\/des-eruptions-volcaniques-paralysent-les-communautes-vivant-dans-la-montagne-du-nord-de-sumatra\/","title":{"rendered":"Des \u00e9ruptions volcaniques paralysent les communaut\u00e9s vivant dans la montagne du Nord de Sumatra"},"content":{"rendered":"<p>30 janvier 2014 \u2013 Silver Spring, Maryland, Etats Unis\u2026ANN<\/p>\n<div id=\"attachment_10511\" style=\"width: 310px\" class=\"wp-caption alignright\"><a href=\"\/interamerica\/wp-content\/uploads\/2017\/06\/csm_volcano-web_cc0455cd10.jpg\" rel=\"fancybox\" title=\"Des \u00e9ruptions volcaniques paralysent les communaut\u00e9s vivant dans la montagne du Nord de Sumatra\"><img fetchpriority=\"high\" decoding=\"async\" aria-describedby=\"caption-attachment-10511\" class=\"size-medium wp-image-10511\" src=\"\/interamerica\/wp-content\/uploads\/2017\/06\/csm_volcano-web_cc0455cd10-300x224.jpg\" alt=\"\" width=\"300\" height=\"224\" \/><\/a><p id=\"caption-attachment-10511\" class=\"wp-caption-text\">Joseph Peranginangin, pr\u00e9sident de l\u2019Union Mission de l\u2019Ouest de l\u2019Indon\u00e9sie, visite Berastepu, un village dans la province Nord de Sumatra en Indon\u00e9sie, o\u00f9 les terres agricoles des Adventistes ont \u00e9t\u00e9 d\u00e9truites par des cendres volcaniques. Le Mont Sinabang, dans l\u2019arri\u00e8re plan, est entr\u00e9 en \u00e9ruption pendant tout le mois. Image de la Division de l\u2019Asie Pacifique Sud\/ANN.<\/p><\/div>\n<p>Les \u00e9coles Adventistes du Septi\u00e8me jour dans l\u2019ouest de l\u2019Indon\u00e9sie sont parmi les institutions servant d\u2019abris au lendemain d\u2019une s\u00e9rie d\u2019\u00e9ruptions volcaniques majeures qui ont caus\u00e9 le d\u00e9placement de plus de 25000 personnes et ont laiss\u00e9 les villages environnants dans la cendre et la boue.<\/p>\n<p>Le Mont Sinabang, dans le Nord de Sumatra est entr\u00e9 en \u00e9ruption plusieurs fois la semaine derni\u00e8re, crachant dans l\u2019atmosph\u00e8re, \u00e0 plus de 5000 m\u00e8tres de hauteur, de la lave, des cendres volcaniques et des gaz, et affectant les communaut\u00e9s bien \u00e0 l\u2019ext\u00e9rieur de la zone de danger \u00e9tablie autour du volcan.<\/p>\n<p>La montagne est entr\u00e9e en \u00e9ruption de mani\u00e8re intermittente depuis le mois de septembre, mais son activit\u00e9 s\u2019est intensifi\u00e9e ce mois ci. Des sources locales indiquent que la lave coule en continu depuis la mi-janvier, et qu\u2019il y a eu plus de 200 \u00e9ruptions enregistr\u00e9es en une semaine.<\/p>\n<p>Trois des 37 \u00e9glises Adventistes situ\u00e9es pr\u00e8s du Mont Sinabang ont subi des d\u00e9g\u00e2ts lors de la derni\u00e8re s\u00e9rie d\u2019\u00e9ruptions, ont indiqu\u00e9 les responsables locaux de l\u2019\u00e9glise.<\/p>\n<p>\u00ab Avec ces \u00e9ruptions en continu, l\u2019\u00e9valuation des d\u00e9g\u00e2ts n\u2019est pas envisageable, et par cons\u00e9quent il est difficile de d\u00e9terminer l\u2019\u00e9tendue des d\u00e9g\u00e2ts subis par les \u00e9glises et les maisons, \u00bb a d\u00e9clar\u00e9 Trisawaty Sinuhaji, un pasteur Adventiste.<\/p>\n<p>Les \u00e9coles Adventistes \u00e0 Sumbul Kaban Jahe h\u00e9bergent quelques 700 personnes d\u00e9plac\u00e9es. Il y a un besoin urgent de m\u00e9dicaments, de couvertures, de v\u00eatements et d\u2019eau potable, d\u2019apr\u00e8s les dirigeants de l\u2019\u00e9glise.<\/p>\n<p>Les \u00e9glises Adventistes de l\u2019Ouest de l\u2019Indon\u00e9sie ont r\u00e9colt\u00e9 le 25 janvier dernier, une offrande destin\u00e9e \u00e0 aider les familles qui ont \u00e9t\u00e9 d\u00e9plac\u00e9es \u00e0 cause de l\u2019\u00e9ruption. Les offrandes iront \u00e9galement \u00e0 ceux qui ont \u00e9t\u00e9 touch\u00e9s par les inondations \u00e0 Jakarta et \u00e0 Manado au d\u00e9but de ce mois.<\/p>\n<p>Le Mont Sinabang est l\u2019un des 130 volcans actifs en Indon\u00e9sie. Avant 2010, le volcan \u00e9tait en sommeil depuis des si\u00e8cles.<\/p>\n<p>Traduction: Patrick Luciathe<\/p>\n","protected":false},"excerpt":{"rendered":"<p>Les \u00e9coles Adventistes du Septi\u00e8me jour dans l\u2019ouest de l\u2019Indon\u00e9sie sont parmi les institutions servant d\u2019abris au lendemain d\u2019une s\u00e9rie d\u2019\u00e9ruptions volcaniques majeures qui ont caus\u00e9 le d\u00e9placement de plus de 25000 personnes et ont laiss\u00e9 les villages environnants dans la cendre et la boue.<\/p>\n","protected":false},"author":1,"featured_media":22535,"comment_status":"closed","ping_status":"closed","sticky":false,"template":"","format":"standard","meta":{"_acf_changed":false,"footnotes":""},"categories":[18],"tags":[],"class_list":["post-31867","post","type-post","status-publish","format-standard","has-post-thumbnail","hentry","category-nouvelles-de-leglise-mondiale"],"acf":[],"yoast_head":"<!-- This site is optimized with the Yoast SEO plugin v27.3 - https:\/\/yoast.com\/product\/yoast-seo-wordpress\/ -->\n<title>Des \u00e9ruptions volcaniques paralysent les communaut\u00e9s vivant dans la montagne du Nord de Sumatra - \u00c9glise Adventiste Du Septieme Jour - Inter Am\u00e9rique Division<\/title>\n<meta name=\"robots\" content=\"index, follow, max-snippet:-1, max-image-preview:large, max-video-preview:-1\" \/>\n<link rel=\"canonical\" href=\"https:\/\/interamerica.org\/fr\/2014\/02\/des-eruptions-volcaniques-paralysent-les-communautes-vivant-dans-la-montagne-du-nord-de-sumatra\/\" \/>\n<meta property=\"og:locale\" content=\"fr_FR\" \/>\n<meta property=\"og:type\" content=\"article\" \/>\n<meta property=\"og:title\" content=\"Des \u00e9ruptions volcaniques paralysent les communaut\u00e9s vivant dans la montagne du Nord de Sumatra - \u00c9glise Adventiste Du Septieme Jour - Inter Am\u00e9rique Division\" \/>\n<meta property=\"og:description\" content=\"Les \u00e9coles Adventistes du Septi\u00e8me jour dans l\u2019ouest de l\u2019Indon\u00e9sie sont parmi les institutions servant d\u2019abris au lendemain d\u2019une s\u00e9rie d\u2019\u00e9ruptions volcaniques majeures qui ont caus\u00e9 le d\u00e9placement de plus de 25000 personnes et ont laiss\u00e9 les villages environnants dans la cendre et la boue.\" \/>\n<meta property=\"og:url\" content=\"https:\/\/interamerica.org\/fr\/2014\/02\/des-eruptions-volcaniques-paralysent-les-communautes-vivant-dans-la-montagne-du-nord-de-sumatra\/\" \/>\n<meta property=\"og:site_name\" content=\"\u00c9glise Adventiste Du Septieme Jour - Inter Am\u00e9rique Division\" \/>\n<meta property=\"article:published_time\" content=\"2014-02-01T04:00:00+00:00\" \/>\n<meta property=\"og:image\" content=\"https:\/\/interamerica.org\/wp-content\/uploads\/2017\/06\/csm_volcano-web_cc0455cd10.jpg\" \/>\n\t<meta property=\"og:image:width\" content=\"400\" \/>\n\t<meta property=\"og:image:height\" content=\"299\" \/>\n\t<meta property=\"og:image:type\" content=\"image\/jpeg\" \/>\n<meta name=\"author\" content=\"Lorenzo Verduzco\" \/>\n<meta name=\"twitter:card\" content=\"summary_large_image\" \/>\n<meta name=\"twitter:label1\" content=\"\u00c9crit par\" \/>\n\t<meta name=\"twitter:data1\" content=\"Lorenzo Verduzco\" \/>\n\t<meta name=\"twitter:label2\" content=\"Dur\u00e9e de lecture estim\u00e9e\" \/>\n\t<meta name=\"twitter:data2\" content=\"2 minutes\" \/>\n<script type=\"application\/ld+json\" class=\"yoast-schema-graph\">{\"@context\":\"https:\\\/\\\/schema.org\",\"@graph\":[{\"@type\":\"Article\",\"@id\":\"https:\\\/\\\/interamerica.org\\\/fr\\\/2014\\\/02\\\/des-eruptions-volcaniques-paralysent-les-communautes-vivant-dans-la-montagne-du-nord-de-sumatra\\\/#article\",\"isPartOf\":{\"@id\":\"https:\\\/\\\/interamerica.org\\\/fr\\\/2014\\\/02\\\/des-eruptions-volcaniques-paralysent-les-communautes-vivant-dans-la-montagne-du-nord-de-sumatra\\\/\"},\"author\":{\"name\":\"Lorenzo Verduzco\",\"@id\":\"https:\\\/\\\/interamerica.org\\\/fr\\\/#\\\/schema\\\/person\\\/68ede8bdc292885bb76c1e3810e73c39\"},\"headline\":\"Des \u00e9ruptions volcaniques paralysent les communaut\u00e9s vivant dans la montagne du Nord de Sumatra\",\"datePublished\":\"2014-02-01T04:00:00+00:00\",\"mainEntityOfPage\":{\"@id\":\"https:\\\/\\\/interamerica.org\\\/fr\\\/2014\\\/02\\\/des-eruptions-volcaniques-paralysent-les-communautes-vivant-dans-la-montagne-du-nord-de-sumatra\\\/\"},\"wordCount\":458,\"image\":{\"@id\":\"https:\\\/\\\/interamerica.org\\\/fr\\\/2014\\\/02\\\/des-eruptions-volcaniques-paralysent-les-communautes-vivant-dans-la-montagne-du-nord-de-sumatra\\\/#primaryimage\"},\"thumbnailUrl\":\"https:\\\/\\\/interamerica.org\\\/wp-content\\\/uploads\\\/2017\\\/06\\\/csm_volcano-web_cc0455cd10.jpg\",\"articleSection\":[\"Nouvelles de l'\u00c9glise mondiale\"],\"inLanguage\":\"fr-FR\"},{\"@type\":\"WebPage\",\"@id\":\"https:\\\/\\\/interamerica.org\\\/fr\\\/2014\\\/02\\\/des-eruptions-volcaniques-paralysent-les-communautes-vivant-dans-la-montagne-du-nord-de-sumatra\\\/\",\"url\":\"https:\\\/\\\/interamerica.org\\\/fr\\\/2014\\\/02\\\/des-eruptions-volcaniques-paralysent-les-communautes-vivant-dans-la-montagne-du-nord-de-sumatra\\\/\",\"name\":\"Des \u00e9ruptions volcaniques paralysent les communaut\u00e9s vivant dans la montagne du Nord de Sumatra - \u00c9glise Adventiste Du Septieme Jour - Inter Am\u00e9rique Division\",\"isPartOf\":{\"@id\":\"https:\\\/\\\/interamerica.org\\\/fr\\\/#website\"},\"primaryImageOfPage\":{\"@id\":\"https:\\\/\\\/interamerica.org\\\/fr\\\/2014\\\/02\\\/des-eruptions-volcaniques-paralysent-les-communautes-vivant-dans-la-montagne-du-nord-de-sumatra\\\/#primaryimage\"},\"image\":{\"@id\":\"https:\\\/\\\/interamerica.org\\\/fr\\\/2014\\\/02\\\/des-eruptions-volcaniques-paralysent-les-communautes-vivant-dans-la-montagne-du-nord-de-sumatra\\\/#primaryimage\"},\"thumbnailUrl\":\"https:\\\/\\\/interamerica.org\\\/wp-content\\\/uploads\\\/2017\\\/06\\\/csm_volcano-web_cc0455cd10.jpg\",\"datePublished\":\"2014-02-01T04:00:00+00:00\",\"author\":{\"@id\":\"https:\\\/\\\/interamerica.org\\\/fr\\\/#\\\/schema\\\/person\\\/68ede8bdc292885bb76c1e3810e73c39\"},\"breadcrumb\":{\"@id\":\"https:\\\/\\\/interamerica.org\\\/fr\\\/2014\\\/02\\\/des-eruptions-volcaniques-paralysent-les-communautes-vivant-dans-la-montagne-du-nord-de-sumatra\\\/#breadcrumb\"},\"inLanguage\":\"fr-FR\",\"potentialAction\":[{\"@type\":\"ReadAction\",\"target\":[\"https:\\\/\\\/interamerica.org\\\/fr\\\/2014\\\/02\\\/des-eruptions-volcaniques-paralysent-les-communautes-vivant-dans-la-montagne-du-nord-de-sumatra\\\/\"]}]},{\"@type\":\"ImageObject\",\"inLanguage\":\"fr-FR\",\"@id\":\"https:\\\/\\\/interamerica.org\\\/fr\\\/2014\\\/02\\\/des-eruptions-volcaniques-paralysent-les-communautes-vivant-dans-la-montagne-du-nord-de-sumatra\\\/#primaryimage\",\"url\":\"https:\\\/\\\/interamerica.org\\\/wp-content\\\/uploads\\\/2017\\\/06\\\/csm_volcano-web_cc0455cd10.jpg\",\"contentUrl\":\"https:\\\/\\\/interamerica.org\\\/wp-content\\\/uploads\\\/2017\\\/06\\\/csm_volcano-web_cc0455cd10.jpg\",\"width\":400,\"height\":299},{\"@type\":\"BreadcrumbList\",\"@id\":\"https:\\\/\\\/interamerica.org\\\/fr\\\/2014\\\/02\\\/des-eruptions-volcaniques-paralysent-les-communautes-vivant-dans-la-montagne-du-nord-de-sumatra\\\/#breadcrumb\",\"itemListElement\":[{\"@type\":\"ListItem\",\"position\":1,\"name\":\"Home\",\"item\":\"https:\\\/\\\/interamerica.org\\\/fr\\\/\"},{\"@type\":\"ListItem\",\"position\":2,\"name\":\"Des \u00e9ruptions volcaniques paralysent les communaut\u00e9s vivant dans la montagne du Nord de Sumatra\"}]},{\"@type\":\"WebSite\",\"@id\":\"https:\\\/\\\/interamerica.org\\\/fr\\\/#website\",\"url\":\"https:\\\/\\\/interamerica.org\\\/fr\\\/\",\"name\":\"\u00c9glise Adventiste Du Septieme Jour - Inter Am\u00e9rique Division\",\"description\":\"\",\"potentialAction\":[{\"@type\":\"SearchAction\",\"target\":{\"@type\":\"EntryPoint\",\"urlTemplate\":\"https:\\\/\\\/interamerica.org\\\/fr\\\/?s={search_term_string}\"},\"query-input\":{\"@type\":\"PropertyValueSpecification\",\"valueRequired\":true,\"valueName\":\"search_term_string\"}}],\"inLanguage\":\"fr-FR\"},{\"@type\":\"Person\",\"@id\":\"https:\\\/\\\/interamerica.org\\\/fr\\\/#\\\/schema\\\/person\\\/68ede8bdc292885bb76c1e3810e73c39\",\"name\":\"Lorenzo Verduzco\",\"image\":{\"@type\":\"ImageObject\",\"inLanguage\":\"fr-FR\",\"@id\":\"https:\\\/\\\/secure.gravatar.com\\\/avatar\\\/fb81a55b6218459490a9c1dc841a34909185b81904c5337b4b27f7a6fd60c49e?s=96&d=mm&r=g\",\"url\":\"https:\\\/\\\/secure.gravatar.com\\\/avatar\\\/fb81a55b6218459490a9c1dc841a34909185b81904c5337b4b27f7a6fd60c49e?s=96&d=mm&r=g\",\"contentUrl\":\"https:\\\/\\\/secure.gravatar.com\\\/avatar\\\/fb81a55b6218459490a9c1dc841a34909185b81904c5337b4b27f7a6fd60c49e?s=96&d=mm&r=g\",\"caption\":\"Lorenzo Verduzco\"}}]}<\/script>\n<!-- \/ Yoast SEO plugin. -->","yoast_head_json":{"title":"Des \u00e9ruptions volcaniques paralysent les communaut\u00e9s vivant dans la montagne du Nord de Sumatra - \u00c9glise Adventiste Du Septieme Jour - Inter Am\u00e9rique Division","robots":{"index":"index","follow":"follow","max-snippet":"max-snippet:-1","max-image-preview":"max-image-preview:large","max-video-preview":"max-video-preview:-1"},"canonical":"https:\/\/interamerica.org\/fr\/2014\/02\/des-eruptions-volcaniques-paralysent-les-communautes-vivant-dans-la-montagne-du-nord-de-sumatra\/","og_locale":"fr_FR","og_type":"article","og_title":"Des \u00e9ruptions volcaniques paralysent les communaut\u00e9s vivant dans la montagne du Nord de Sumatra - \u00c9glise Adventiste Du Septieme Jour - Inter Am\u00e9rique Division","og_description":"Les \u00e9coles Adventistes du Septi\u00e8me jour dans l\u2019ouest de l\u2019Indon\u00e9sie sont parmi les institutions servant d\u2019abris au lendemain d\u2019une s\u00e9rie d\u2019\u00e9ruptions volcaniques majeures qui ont caus\u00e9 le d\u00e9placement de plus de 25000 personnes et ont laiss\u00e9 les villages environnants dans la cendre et la boue.","og_url":"https:\/\/interamerica.org\/fr\/2014\/02\/des-eruptions-volcaniques-paralysent-les-communautes-vivant-dans-la-montagne-du-nord-de-sumatra\/","og_site_name":"\u00c9glise Adventiste Du Septieme Jour - Inter Am\u00e9rique Division","article_published_time":"2014-02-01T04:00:00+00:00","og_image":[{"width":400,"height":299,"url":"https:\/\/interamerica.org\/wp-content\/uploads\/2017\/06\/csm_volcano-web_cc0455cd10.jpg","type":"image\/jpeg"}],"author":"Lorenzo Verduzco","twitter_card":"summary_large_image","twitter_misc":{"\u00c9crit par":"Lorenzo Verduzco","Dur\u00e9e de lecture estim\u00e9e":"2 minutes"},"schema":{"@context":"https:\/\/schema.org","@graph":[{"@type":"Article","@id":"https:\/\/interamerica.org\/fr\/2014\/02\/des-eruptions-volcaniques-paralysent-les-communautes-vivant-dans-la-montagne-du-nord-de-sumatra\/#article","isPartOf":{"@id":"https:\/\/interamerica.org\/fr\/2014\/02\/des-eruptions-volcaniques-paralysent-les-communautes-vivant-dans-la-montagne-du-nord-de-sumatra\/"},"author":{"name":"Lorenzo Verduzco","@id":"https:\/\/interamerica.org\/fr\/#\/schema\/person\/68ede8bdc292885bb76c1e3810e73c39"},"headline":"Des \u00e9ruptions volcaniques paralysent les communaut\u00e9s vivant dans la montagne du Nord de Sumatra","datePublished":"2014-02-01T04:00:00+00:00","mainEntityOfPage":{"@id":"https:\/\/interamerica.org\/fr\/2014\/02\/des-eruptions-volcaniques-paralysent-les-communautes-vivant-dans-la-montagne-du-nord-de-sumatra\/"},"wordCount":458,"image":{"@id":"https:\/\/interamerica.org\/fr\/2014\/02\/des-eruptions-volcaniques-paralysent-les-communautes-vivant-dans-la-montagne-du-nord-de-sumatra\/#primaryimage"},"thumbnailUrl":"https:\/\/interamerica.org\/wp-content\/uploads\/2017\/06\/csm_volcano-web_cc0455cd10.jpg","articleSection":["Nouvelles de l'\u00c9glise mondiale"],"inLanguage":"fr-FR"},{"@type":"WebPage","@id":"https:\/\/interamerica.org\/fr\/2014\/02\/des-eruptions-volcaniques-paralysent-les-communautes-vivant-dans-la-montagne-du-nord-de-sumatra\/","url":"https:\/\/interamerica.org\/fr\/2014\/02\/des-eruptions-volcaniques-paralysent-les-communautes-vivant-dans-la-montagne-du-nord-de-sumatra\/","name":"Des \u00e9ruptions volcaniques paralysent les communaut\u00e9s vivant dans la montagne du Nord de Sumatra - \u00c9glise Adventiste Du Septieme Jour - Inter Am\u00e9rique Division","isPartOf":{"@id":"https:\/\/interamerica.org\/fr\/#website"},"primaryImageOfPage":{"@id":"https:\/\/interamerica.org\/fr\/2014\/02\/des-eruptions-volcaniques-paralysent-les-communautes-vivant-dans-la-montagne-du-nord-de-sumatra\/#primaryimage"},"image":{"@id":"https:\/\/interamerica.org\/fr\/2014\/02\/des-eruptions-volcaniques-paralysent-les-communautes-vivant-dans-la-montagne-du-nord-de-sumatra\/#primaryimage"},"thumbnailUrl":"https:\/\/interamerica.org\/wp-content\/uploads\/2017\/06\/csm_volcano-web_cc0455cd10.jpg","datePublished":"2014-02-01T04:00:00+00:00","author":{"@id":"https:\/\/interamerica.org\/fr\/#\/schema\/person\/68ede8bdc292885bb76c1e3810e73c39"},"breadcrumb":{"@id":"https:\/\/interamerica.org\/fr\/2014\/02\/des-eruptions-volcaniques-paralysent-les-communautes-vivant-dans-la-montagne-du-nord-de-sumatra\/#breadcrumb"},"inLanguage":"fr-FR","potentialAction":[{"@type":"ReadAction","target":["https:\/\/interamerica.org\/fr\/2014\/02\/des-eruptions-volcaniques-paralysent-les-communautes-vivant-dans-la-montagne-du-nord-de-sumatra\/"]}]},{"@type":"ImageObject","inLanguage":"fr-FR","@id":"https:\/\/interamerica.org\/fr\/2014\/02\/des-eruptions-volcaniques-paralysent-les-communautes-vivant-dans-la-montagne-du-nord-de-sumatra\/#primaryimage","url":"https:\/\/interamerica.org\/wp-content\/uploads\/2017\/06\/csm_volcano-web_cc0455cd10.jpg","contentUrl":"https:\/\/interamerica.org\/wp-content\/uploads\/2017\/06\/csm_volcano-web_cc0455cd10.jpg","width":400,"height":299},{"@type":"BreadcrumbList","@id":"https:\/\/interamerica.org\/fr\/2014\/02\/des-eruptions-volcaniques-paralysent-les-communautes-vivant-dans-la-montagne-du-nord-de-sumatra\/#breadcrumb","itemListElement":[{"@type":"ListItem","position":1,"name":"Home","item":"https:\/\/interamerica.org\/fr\/"},{"@type":"ListItem","position":2,"name":"Des \u00e9ruptions volcaniques paralysent les communaut\u00e9s vivant dans la montagne du Nord de Sumatra"}]},{"@type":"WebSite","@id":"https:\/\/interamerica.org\/fr\/#website","url":"https:\/\/interamerica.org\/fr\/","name":"\u00c9glise Adventiste Du Septieme Jour - Inter Am\u00e9rique Division","description":"","potentialAction":[{"@type":"SearchAction","target":{"@type":"EntryPoint","urlTemplate":"https:\/\/interamerica.org\/fr\/?s={search_term_string}"},"query-input":{"@type":"PropertyValueSpecification","valueRequired":true,"valueName":"search_term_string"}}],"inLanguage":"fr-FR"},{"@type":"Person","@id":"https:\/\/interamerica.org\/fr\/#\/schema\/person\/68ede8bdc292885bb76c1e3810e73c39","name":"Lorenzo Verduzco","image":{"@type":"ImageObject","inLanguage":"fr-FR","@id":"https:\/\/secure.gravatar.com\/avatar\/fb81a55b6218459490a9c1dc841a34909185b81904c5337b4b27f7a6fd60c49e?s=96&d=mm&r=g","url":"https:\/\/secure.gravatar.com\/avatar\/fb81a55b6218459490a9c1dc841a34909185b81904c5337b4b27f7a6fd60c49e?s=96&d=mm&r=g","contentUrl":"https:\/\/secure.gravatar.com\/avatar\/fb81a55b6218459490a9c1dc841a34909185b81904c5337b4b27f7a6fd60c49e?s=96&d=mm&r=g","caption":"Lorenzo Verduzco"}}]}},"_links":{"self":[{"href":"https:\/\/interamerica.org\/fr\/wp-json\/wp\/v2\/posts\/31867","targetHints":{"allow":["GET"]}}],"collection":[{"href":"https:\/\/interamerica.org\/fr\/wp-json\/wp\/v2\/posts"}],"about":[{"href":"https:\/\/interamerica.org\/fr\/wp-json\/wp\/v2\/types\/post"}],"author":[{"embeddable":true,"href":"https:\/\/interamerica.org\/fr\/wp-json\/wp\/v2\/users\/1"}],"replies":[{"embeddable":true,"href":"https:\/\/interamerica.org\/fr\/wp-json\/wp\/v2\/comments?post=31867"}],"version-history":[{"count":0,"href":"https:\/\/interamerica.org\/fr\/wp-json\/wp\/v2\/posts\/31867\/revisions"}],"wp:featuredmedia":[{"embeddable":true,"href":"https:\/\/interamerica.org\/fr\/wp-json\/wp\/v2\/media\/22535"}],"wp:attachment":[{"href":"https:\/\/interamerica.org\/fr\/wp-json\/wp\/v2\/media?parent=31867"}],"wp:term":[{"taxonomy":"category","embeddable":true,"href":"https:\/\/interamerica.org\/fr\/wp-json\/wp\/v2\/categories?post=31867"},{"taxonomy":"post_tag","embeddable":true,"href":"https:\/\/interamerica.org\/fr\/wp-json\/wp\/v2\/tags?post=31867"}],"curies":[{"name":"wp","href":"https:\/\/api.w.org\/{rel}","templated":true}]}}