{"id":31868,"date":"2014-02-03T00:00:00","date_gmt":"2014-02-03T04:00:00","guid":{"rendered":"http:\/\/192.81.217.108\/interamerica\/2014\/02\/inter-amerique-leglise-lance-la-semaine-de-priere-virtuelle-pour-les-familles-pastorales\/"},"modified":"2014-02-03T00:00:00","modified_gmt":"2014-02-03T04:00:00","slug":"inter-amerique-leglise-lance-la-semaine-de-priere-virtuelle-pour-les-familles-pastorales","status":"publish","type":"post","link":"https:\/\/interamerica.org\/fr\/2014\/02\/inter-amerique-leglise-lance-la-semaine-de-priere-virtuelle-pour-les-familles-pastorales\/","title":{"rendered":"Inter Am\u00e9rique : L\u2019\u00e9glise lance la semaine de pri\u00e8re virtuelle pour les familles pastorales"},"content":{"rendered":"<div id=\"attachment_10533\" style=\"width: 600px\" class=\"wp-caption aligncenter\"><a href=\"\/interamerica\/wp-content\/uploads\/2017\/06\/PastoralWeekofPrayer.png\" rel=\"fancybox\" title=\"Inter Am\u00e9rique : L\u2019\u00e9glise lance la semaine de pri\u00e8re virtuelle pour les familles pastorales\"><img fetchpriority=\"high\" decoding=\"async\" aria-describedby=\"caption-attachment-10533\" class=\"size-full wp-image-10533\" src=\"\/interamerica\/wp-content\/uploads\/2017\/06\/PastoralWeekofPrayer.png\" alt=\"\" width=\"590\" height=\"406\" \/><\/a><p id=\"caption-attachment-10533\" class=\"wp-caption-text\">Les leaders de la Division Inter Am\u00e9ricaine ont ouvert la premi\u00e8re semaine de pri\u00e8re virtuelle pour les familles pastorales le 31 janvier 2014 depuis Miami en Floride. Les plus de 3200 pasteurs ainsi que leurs familles sur l\u2019ensemble du territoire, pourront voir depuis chez eux le programme en direct ainsi que les autres programmes diffus\u00e9s en ligne pendant la semaine. Image de Libna Stevens\/DIA.<\/p><\/div>\n<p>2 F\u00e9vrier 2014 \u2013 Miami, Floride, Etats Unis\u2026Libna Stevens\/DIA<\/p>\n<p>L\u2019Inter Am\u00e9rique a lanc\u00e9 sa premi\u00e8re semaine de pri\u00e8re virtuelle pour des milliers de familles pastorales dans tout le territoire de l\u2019Eglise Adventiste du Septi\u00e8me jour le 31 janvier, en direct du si\u00e8ge de la Division Inter Am\u00e9ricaine (DIA) \u00e0 Miami en Floride.<\/p>\n<div id=\"attachment_10535\" style=\"width: 325px\" class=\"wp-caption alignleft\"><a href=\"\/interamerica\/wp-content\/uploads\/2017\/06\/Wilsons-online.png\" rel=\"fancybox\" title=\"Inter Am\u00e9rique : L\u2019\u00e9glise lance la semaine de pri\u00e8re virtuelle pour les familles pastorales\"><img decoding=\"async\" aria-describedby=\"caption-attachment-10535\" class=\"size-full wp-image-10535\" src=\"\/interamerica\/wp-content\/uploads\/2017\/06\/Wilsons-online.png\" alt=\"\" width=\"315\" height=\"206\" \/><\/a><p id=\"caption-attachment-10535\" class=\"wp-caption-text\">Le pr\u00e9sident de l\u2019Eglise Adventiste mondiale, pasteur Ted N.C. Wilson et son \u00e9pouse Nancy ont encourag\u00e9 les pasteurs et leurs familles dans toute la DIA \u00e0 demeurer fermes dans le Seigneur et \u00e0 prendre le temps de lire et de r\u00e9clamer les promesses contenues dans la parole de Dieu.<\/p><\/div>\n<p>Les leaders de l\u2019\u00e9glise esp\u00e9raient toucher les 3200 foyers pastoraux afin de promouvoir l\u2019unit\u00e9 de leurs familles et aussi de remercier les pasteurs et leurs familles pour le travail infatigable qu\u2019ils accomplissent pour prendre soin des plus de 19000 \u00e9glises et groupes dans la DIA.<\/p>\n<p>\u00ab Notre principal objectif avec cette semaine de pri\u00e8re est d\u2019encourager chaque pasteur \u00e0 continuer de s\u2019assurer du salut de sa famille et de celui des membres d\u2019\u00e9glise, \u00bb a d\u00e9clar\u00e9 Dr Elie henry, secr\u00e9taire ex\u00e9cutif de l\u2019Eglise Adventiste en Inter Am\u00e9rique, alors qu\u2019il \u00e9tait entour\u00e9 sur la plateforme des responsables de l\u2019association pastorale, des minist\u00e8res de la famille et de la Siema.<\/p>\n<p>Dans un message vid\u00e9o pr\u00e9enregistr\u00e9, le pr\u00e9sident de l\u2019Eglise Adventiste mondiale, pasteur Ted N.C. Wilson et son \u00e9pouse Nancy, ont pr\u00e9sent\u00e9 leurs salutations aux pasteurs et \u00e0 leurs familles et ont salu\u00e9 leur d\u00e9vouement \u00e0 leur lourde t\u00e2che.<\/p>\n<p>\u00ab Alors que vous consid\u00e9rez l\u2019\u0153uvre vitale que vous avez chacun \u00e9t\u00e9 appel\u00e9s \u00e0 accomplir, je veux vous encourager \u00e0 avancer dans la joie et la force du Seigneur ! Gardez toujours \u00e0 l\u2019esprit cette merveilleuse promesse contenue dans N\u00e9h\u00e9mie 8 :10 : \u00ab Ne vous affligez pas, car la joie de l\u2019Eternel sera votre force ! \u00bb<\/p>\n<p>Pasteur Wilson a motiv\u00e9 les pasteurs et leurs familles \u00e0 demeurer forts dans le Seigneur et \u00ab prenez le temps de lire et de r\u00e9clamer les promesses contenues dans la parole de Dieu, reconsacrez vous et vos familles, priez pour le r\u00e9veil et la r\u00e9forme au niveau personnel et dans la vie de l\u2019\u00e9glise, \u00bb leur a t-il dit avant que lui et son \u00e9pouse ne prient pour les familles.<\/p>\n<div id=\"attachment_10537\" style=\"width: 325px\" class=\"wp-caption alignright\"><a href=\"\/interamerica\/wp-content\/uploads\/2017\/06\/Leito-pastoralfamilyonline.png\" rel=\"fancybox\" title=\"Inter Am\u00e9rique : L\u2019\u00e9glise lance la semaine de pri\u00e8re virtuelle pour les familles pastorales\"><img decoding=\"async\" aria-describedby=\"caption-attachment-10537\" class=\"size-full wp-image-10537\" src=\"\/interamerica\/wp-content\/uploads\/2017\/06\/Leito-pastoralfamilyonline.png\" alt=\"\" width=\"315\" height=\"231\" \/><\/a><p id=\"caption-attachment-10537\" class=\"wp-caption-text\">Pasteur Isra\u00ebl Leito, pr\u00e9sident de la DIA, a rappel\u00e9 aux pasteurs de renouveler leur engagement envers Dieu, mais aussi leur r\u00e9ponse \u00e0 l\u2019appel et de reconsacrer leur vie et leurs familles \u00e0 Dieu \u00e0 l\u2019occasion du programme en ligne, alors que ses petits-enfants Xiomara et Isra\u00ebl observaient.<\/p><\/div>\n<p>Au cours de son message, pasteur Isra\u00ebl Leito, pr\u00e9sident de l\u2019Eglise Adventiste en Inter Am\u00e9rique, a men\u00e9 une r\u00e9flexion sur le minist\u00e8re de J\u00e9sus pendant qu\u2019Il \u00e9tait sur la terre et l\u2019\u00e9norme responsabilit\u00e9 qu\u2019ont les pasteurs alors qu\u2019ils dirigent le peuple de Dieu.<\/p>\n<p>\u00ab Dieu est le leader supr\u00eame et Il nous utilise pour exercer un leadership aupr\u00e8s de son peuple, \u00bb a dit pasteur Leito. \u00ab Dieu s\u2019attend \u00e0 ce que nous dirigions son peuple avec la m\u00eame tendresse dont Il a fait preuve, avec le m\u00eame amour qu\u2019Il a d\u00e9montr\u00e9, cherchant toujours le salut des autres. \u00bb<\/p>\n<p>Pasteur Leito a rappel\u00e9 aux pasteurs qu\u2019ils devraient garder \u00e0 l\u2019esprit que tout ce \u00ab que touche un pasteur devient une partie de son appel. \u00bb L\u2019appel commence avec les parents, depuis les personnes avec qui ils sont en relation, \u00e0 l\u2019\u00e9pouse qui accepte le m\u00eame appel et les enfants qui composent la famille pastorale, jusqu\u2019aux membres d\u2019\u00e9glise et \u00e0 la communaut\u00e9 avoisinante.<\/p>\n<p>\u00ab Renouvelez votre engagement envers Dieu, renouvelez votre r\u00e9ponse \u00e0 l\u2019appel, soyez reconnaissants envers vos parents, \u00e9pouses et enfants, adorez le Seigneur, servez le Seigneur et soyez fid\u00e8le au Seigneur au cours de cette semaine de recons\u00e9cration \u00e0 notre Dieu, \u00bb a conclu pasteur Leito, entour\u00e9 de belle fille Leticia, et de ses petits-enfants Ebony, Xiomara et Isra\u00ebl.<\/p>\n<div id=\"attachment_10536\" style=\"width: 325px\" class=\"wp-caption alignleft\"><a href=\"\/interamerica\/wp-content\/uploads\/2017\/06\/EbonyLeito.png\" rel=\"fancybox\" title=\"Inter Am\u00e9rique : L\u2019\u00e9glise lance la semaine de pri\u00e8re virtuelle pour les familles pastorales\"><img loading=\"lazy\" decoding=\"async\" aria-describedby=\"caption-attachment-10536\" class=\"size-full wp-image-10536\" src=\"\/interamerica\/wp-content\/uploads\/2017\/06\/EbonyLeito.png\" alt=\"\" width=\"315\" height=\"195\" \/><\/a><p id=\"caption-attachment-10536\" class=\"wp-caption-text\">Ebony Leito, petite-fille d\u2019Isra\u00ebl Leito, pr\u00e9sident de la DIA, chante \u00e0 l\u2019occasion du programme en ligne.<\/p><\/div>\n<p>Au menu du programme d\u2019une heure, il y avait des lectures de la Bible, des pri\u00e8res et de la musique.<\/p>\n<p>Les pasteurs de la DIA ont la charge de deux, trois, quatre, voire m\u00eame jusqu\u2019\u00e0 10 congr\u00e9gations dans le territoire, a expliqu\u00e9 pasteur Hector Sanchez, secr\u00e9taire de l\u2019association pastorale pour l\u2019Eglise Adventiste en Inter Am\u00e9rique, donc, \u00ab il est important de mettre l\u2019accent sur le fait qu\u2019ils ont besoin de faire une pause et de prendre le temps d\u2019\u00eatre nourris en tant que famille \u00e0 l\u2019occasion de cette semaine de pri\u00e8re cette ann\u00e9e. \u00bb<\/p>\n<p>Il s\u2019agit d\u2019encourager chaque membre de la famille pastorale, a d\u00e9clar\u00e9 pasteur Pedro Iglesias, directeur des minist\u00e8res de la famille pour l\u2019Eglise Adventiste en Inter Am\u00e9rique et coorganisateur du programme. \u00ab Nous souhaitons que les familles se rapprochent du Seigneur et consolident leurs liens en tant que famille de telle sorte qu\u2019ils puissent apporter un soutien convenable \u00e0 l\u2019\u00e9glise. \u00bb<\/p>\n<p>Des messages pr\u00e9enregistr\u00e9s pour le reste de la semaine de pri\u00e8re traiteront de la famille pastorale en g\u00e9n\u00e9ral, du mariage pastoral, du pasteur en tant qu\u2019\u00e9poux, de l\u2019\u00e9pouse du pasteur, de ses enfants, de ses habitudes dans le domaine de la d\u00e9votion pour sa famille, et bien plus encore. Les programmes peuvent \u00eatre vus et t\u00e9l\u00e9charg\u00e9s en anglais, espagnol et fran\u00e7ais sur notre canal en ligne en cliquant <a href=\"http:\/\/webcast.interamerica.org\/schedule\">ICI<\/a><\/p>\n<p>L\u2019Inter Am\u00e9rique cl\u00f4turera sa semaine de pri\u00e8re pastorale avec un programme en direct le sabbat 8 f\u00e9vrier 2014 \u00e0 16h30, heure de Miami. Le programme en direct sera retransmis en anglais, espagnol et fran\u00e7ais, <a href=\"http:\/\/webcast.interamerica.org\/\">ICI<\/a><\/p>\n<p>Pour voir des photos du programme du 31 janvier en ligne, Cliquez <a href=\"http:\/\/www.flickr.com\/photos\/interamerica\/12279550253\/in\/photostream\/\">ICI<\/a><\/p>\n<p>Traduction: Patrick Luciathe<\/p>\n","protected":false},"excerpt":{"rendered":"<p>L\u2019Inter Am\u00e9rique a lanc\u00e9 sa premi\u00e8re semaine de pri\u00e8re virtuelle pour des milliers de familles pastorales dans tout le territoire de l\u2019Eglise Adventiste du Septi\u00e8me jour le 31 janvier, en direct du si\u00e8ge de la Division Inter Am\u00e9ricaine (DIA) \u00e0 Miami en Floride.<\/p>\n","protected":false},"author":1,"featured_media":22540,"comment_status":"closed","ping_status":"closed","sticky":false,"template":"","format":"standard","meta":{"_acf_changed":false,"footnotes":""},"categories":[20],"tags":[],"class_list":["post-31868","post","type-post","status-publish","format-standard","has-post-thumbnail","hentry","category-nouvelles-du-siege-de-la-division"],"acf":[],"yoast_head":"<!-- This site is optimized with the Yoast SEO plugin v27.3 - https:\/\/yoast.com\/product\/yoast-seo-wordpress\/ -->\n<title>Inter Am\u00e9rique : L\u2019\u00e9glise lance la semaine de pri\u00e8re virtuelle pour les familles pastorales - \u00c9glise Adventiste Du Septieme Jour - Inter Am\u00e9rique Division<\/title>\n<meta name=\"robots\" content=\"index, follow, max-snippet:-1, max-image-preview:large, max-video-preview:-1\" \/>\n<link rel=\"canonical\" href=\"https:\/\/interamerica.org\/fr\/2014\/02\/inter-amerique-leglise-lance-la-semaine-de-priere-virtuelle-pour-les-familles-pastorales\/\" \/>\n<meta property=\"og:locale\" content=\"fr_FR\" \/>\n<meta property=\"og:type\" content=\"article\" \/>\n<meta property=\"og:title\" content=\"Inter Am\u00e9rique : L\u2019\u00e9glise lance la semaine de pri\u00e8re virtuelle pour les familles pastorales - \u00c9glise Adventiste Du Septieme Jour - Inter Am\u00e9rique Division\" \/>\n<meta property=\"og:description\" content=\"L\u2019Inter Am\u00e9rique a lanc\u00e9 sa premi\u00e8re semaine de pri\u00e8re virtuelle pour des milliers de familles pastorales dans tout le territoire de l\u2019Eglise Adventiste du Septi\u00e8me jour le 31 janvier, en direct du si\u00e8ge de la Division Inter Am\u00e9ricaine (DIA) \u00e0 Miami en Floride.\" \/>\n<meta property=\"og:url\" content=\"https:\/\/interamerica.org\/fr\/2014\/02\/inter-amerique-leglise-lance-la-semaine-de-priere-virtuelle-pour-les-familles-pastorales\/\" \/>\n<meta property=\"og:site_name\" content=\"\u00c9glise Adventiste Du Septieme Jour - Inter Am\u00e9rique Division\" \/>\n<meta property=\"article:published_time\" content=\"2014-02-03T04:00:00+00:00\" \/>\n<meta property=\"og:image\" content=\"https:\/\/interamerica.org\/wp-content\/uploads\/2017\/06\/OnlineWeekprayerstudio.png\" \/>\n\t<meta property=\"og:image:width\" content=\"315\" \/>\n\t<meta property=\"og:image:height\" content=\"216\" \/>\n\t<meta property=\"og:image:type\" content=\"image\/png\" \/>\n<meta name=\"author\" content=\"Lorenzo Verduzco\" \/>\n<meta name=\"twitter:card\" content=\"summary_large_image\" \/>\n<meta name=\"twitter:label1\" content=\"\u00c9crit par\" \/>\n\t<meta name=\"twitter:data1\" content=\"Lorenzo Verduzco\" \/>\n\t<meta name=\"twitter:label2\" content=\"Dur\u00e9e de lecture estim\u00e9e\" \/>\n\t<meta name=\"twitter:data2\" content=\"6 minutes\" \/>\n<script type=\"application\/ld+json\" class=\"yoast-schema-graph\">{\"@context\":\"https:\\\/\\\/schema.org\",\"@graph\":[{\"@type\":\"Article\",\"@id\":\"https:\\\/\\\/interamerica.org\\\/fr\\\/2014\\\/02\\\/inter-amerique-leglise-lance-la-semaine-de-priere-virtuelle-pour-les-familles-pastorales\\\/#article\",\"isPartOf\":{\"@id\":\"https:\\\/\\\/interamerica.org\\\/fr\\\/2014\\\/02\\\/inter-amerique-leglise-lance-la-semaine-de-priere-virtuelle-pour-les-familles-pastorales\\\/\"},\"author\":{\"name\":\"Lorenzo Verduzco\",\"@id\":\"https:\\\/\\\/interamerica.org\\\/fr\\\/#\\\/schema\\\/person\\\/68ede8bdc292885bb76c1e3810e73c39\"},\"headline\":\"Inter Am\u00e9rique : L\u2019\u00e9glise lance la semaine de pri\u00e8re virtuelle pour les familles pastorales\",\"datePublished\":\"2014-02-03T04:00:00+00:00\",\"mainEntityOfPage\":{\"@id\":\"https:\\\/\\\/interamerica.org\\\/fr\\\/2014\\\/02\\\/inter-amerique-leglise-lance-la-semaine-de-priere-virtuelle-pour-les-familles-pastorales\\\/\"},\"wordCount\":1116,\"image\":{\"@id\":\"https:\\\/\\\/interamerica.org\\\/fr\\\/2014\\\/02\\\/inter-amerique-leglise-lance-la-semaine-de-priere-virtuelle-pour-les-familles-pastorales\\\/#primaryimage\"},\"thumbnailUrl\":\"https:\\\/\\\/interamerica.org\\\/wp-content\\\/uploads\\\/2017\\\/06\\\/OnlineWeekprayerstudio.png\",\"articleSection\":[\"Nouvelles du si\u00e8ge de la division\"],\"inLanguage\":\"fr-FR\"},{\"@type\":\"WebPage\",\"@id\":\"https:\\\/\\\/interamerica.org\\\/fr\\\/2014\\\/02\\\/inter-amerique-leglise-lance-la-semaine-de-priere-virtuelle-pour-les-familles-pastorales\\\/\",\"url\":\"https:\\\/\\\/interamerica.org\\\/fr\\\/2014\\\/02\\\/inter-amerique-leglise-lance-la-semaine-de-priere-virtuelle-pour-les-familles-pastorales\\\/\",\"name\":\"Inter Am\u00e9rique : L\u2019\u00e9glise lance la semaine de pri\u00e8re virtuelle pour les familles pastorales - \u00c9glise Adventiste Du Septieme Jour - Inter Am\u00e9rique Division\",\"isPartOf\":{\"@id\":\"https:\\\/\\\/interamerica.org\\\/fr\\\/#website\"},\"primaryImageOfPage\":{\"@id\":\"https:\\\/\\\/interamerica.org\\\/fr\\\/2014\\\/02\\\/inter-amerique-leglise-lance-la-semaine-de-priere-virtuelle-pour-les-familles-pastorales\\\/#primaryimage\"},\"image\":{\"@id\":\"https:\\\/\\\/interamerica.org\\\/fr\\\/2014\\\/02\\\/inter-amerique-leglise-lance-la-semaine-de-priere-virtuelle-pour-les-familles-pastorales\\\/#primaryimage\"},\"thumbnailUrl\":\"https:\\\/\\\/interamerica.org\\\/wp-content\\\/uploads\\\/2017\\\/06\\\/OnlineWeekprayerstudio.png\",\"datePublished\":\"2014-02-03T04:00:00+00:00\",\"author\":{\"@id\":\"https:\\\/\\\/interamerica.org\\\/fr\\\/#\\\/schema\\\/person\\\/68ede8bdc292885bb76c1e3810e73c39\"},\"breadcrumb\":{\"@id\":\"https:\\\/\\\/interamerica.org\\\/fr\\\/2014\\\/02\\\/inter-amerique-leglise-lance-la-semaine-de-priere-virtuelle-pour-les-familles-pastorales\\\/#breadcrumb\"},\"inLanguage\":\"fr-FR\",\"potentialAction\":[{\"@type\":\"ReadAction\",\"target\":[\"https:\\\/\\\/interamerica.org\\\/fr\\\/2014\\\/02\\\/inter-amerique-leglise-lance-la-semaine-de-priere-virtuelle-pour-les-familles-pastorales\\\/\"]}]},{\"@type\":\"ImageObject\",\"inLanguage\":\"fr-FR\",\"@id\":\"https:\\\/\\\/interamerica.org\\\/fr\\\/2014\\\/02\\\/inter-amerique-leglise-lance-la-semaine-de-priere-virtuelle-pour-les-familles-pastorales\\\/#primaryimage\",\"url\":\"https:\\\/\\\/interamerica.org\\\/wp-content\\\/uploads\\\/2017\\\/06\\\/OnlineWeekprayerstudio.png\",\"contentUrl\":\"https:\\\/\\\/interamerica.org\\\/wp-content\\\/uploads\\\/2017\\\/06\\\/OnlineWeekprayerstudio.png\",\"width\":315,\"height\":216},{\"@type\":\"BreadcrumbList\",\"@id\":\"https:\\\/\\\/interamerica.org\\\/fr\\\/2014\\\/02\\\/inter-amerique-leglise-lance-la-semaine-de-priere-virtuelle-pour-les-familles-pastorales\\\/#breadcrumb\",\"itemListElement\":[{\"@type\":\"ListItem\",\"position\":1,\"name\":\"Home\",\"item\":\"https:\\\/\\\/interamerica.org\\\/fr\\\/\"},{\"@type\":\"ListItem\",\"position\":2,\"name\":\"Inter Am\u00e9rique : L\u2019\u00e9glise lance la semaine de pri\u00e8re virtuelle pour les familles pastorales\"}]},{\"@type\":\"WebSite\",\"@id\":\"https:\\\/\\\/interamerica.org\\\/fr\\\/#website\",\"url\":\"https:\\\/\\\/interamerica.org\\\/fr\\\/\",\"name\":\"\u00c9glise Adventiste Du Septieme Jour - Inter Am\u00e9rique Division\",\"description\":\"\",\"potentialAction\":[{\"@type\":\"SearchAction\",\"target\":{\"@type\":\"EntryPoint\",\"urlTemplate\":\"https:\\\/\\\/interamerica.org\\\/fr\\\/?s={search_term_string}\"},\"query-input\":{\"@type\":\"PropertyValueSpecification\",\"valueRequired\":true,\"valueName\":\"search_term_string\"}}],\"inLanguage\":\"fr-FR\"},{\"@type\":\"Person\",\"@id\":\"https:\\\/\\\/interamerica.org\\\/fr\\\/#\\\/schema\\\/person\\\/68ede8bdc292885bb76c1e3810e73c39\",\"name\":\"Lorenzo Verduzco\",\"image\":{\"@type\":\"ImageObject\",\"inLanguage\":\"fr-FR\",\"@id\":\"https:\\\/\\\/secure.gravatar.com\\\/avatar\\\/fb81a55b6218459490a9c1dc841a34909185b81904c5337b4b27f7a6fd60c49e?s=96&d=mm&r=g\",\"url\":\"https:\\\/\\\/secure.gravatar.com\\\/avatar\\\/fb81a55b6218459490a9c1dc841a34909185b81904c5337b4b27f7a6fd60c49e?s=96&d=mm&r=g\",\"contentUrl\":\"https:\\\/\\\/secure.gravatar.com\\\/avatar\\\/fb81a55b6218459490a9c1dc841a34909185b81904c5337b4b27f7a6fd60c49e?s=96&d=mm&r=g\",\"caption\":\"Lorenzo Verduzco\"}}]}<\/script>\n<!-- \/ Yoast SEO plugin. -->","yoast_head_json":{"title":"Inter Am\u00e9rique : L\u2019\u00e9glise lance la semaine de pri\u00e8re virtuelle pour les familles pastorales - \u00c9glise Adventiste Du Septieme Jour - Inter Am\u00e9rique Division","robots":{"index":"index","follow":"follow","max-snippet":"max-snippet:-1","max-image-preview":"max-image-preview:large","max-video-preview":"max-video-preview:-1"},"canonical":"https:\/\/interamerica.org\/fr\/2014\/02\/inter-amerique-leglise-lance-la-semaine-de-priere-virtuelle-pour-les-familles-pastorales\/","og_locale":"fr_FR","og_type":"article","og_title":"Inter Am\u00e9rique : L\u2019\u00e9glise lance la semaine de pri\u00e8re virtuelle pour les familles pastorales - \u00c9glise Adventiste Du Septieme Jour - Inter Am\u00e9rique Division","og_description":"L\u2019Inter Am\u00e9rique a lanc\u00e9 sa premi\u00e8re semaine de pri\u00e8re virtuelle pour des milliers de familles pastorales dans tout le territoire de l\u2019Eglise Adventiste du Septi\u00e8me jour le 31 janvier, en direct du si\u00e8ge de la Division Inter Am\u00e9ricaine (DIA) \u00e0 Miami en Floride.","og_url":"https:\/\/interamerica.org\/fr\/2014\/02\/inter-amerique-leglise-lance-la-semaine-de-priere-virtuelle-pour-les-familles-pastorales\/","og_site_name":"\u00c9glise Adventiste Du Septieme Jour - Inter Am\u00e9rique Division","article_published_time":"2014-02-03T04:00:00+00:00","og_image":[{"width":315,"height":216,"url":"https:\/\/interamerica.org\/wp-content\/uploads\/2017\/06\/OnlineWeekprayerstudio.png","type":"image\/png"}],"author":"Lorenzo Verduzco","twitter_card":"summary_large_image","twitter_misc":{"\u00c9crit par":"Lorenzo Verduzco","Dur\u00e9e de lecture estim\u00e9e":"6 minutes"},"schema":{"@context":"https:\/\/schema.org","@graph":[{"@type":"Article","@id":"https:\/\/interamerica.org\/fr\/2014\/02\/inter-amerique-leglise-lance-la-semaine-de-priere-virtuelle-pour-les-familles-pastorales\/#article","isPartOf":{"@id":"https:\/\/interamerica.org\/fr\/2014\/02\/inter-amerique-leglise-lance-la-semaine-de-priere-virtuelle-pour-les-familles-pastorales\/"},"author":{"name":"Lorenzo Verduzco","@id":"https:\/\/interamerica.org\/fr\/#\/schema\/person\/68ede8bdc292885bb76c1e3810e73c39"},"headline":"Inter Am\u00e9rique : L\u2019\u00e9glise lance la semaine de pri\u00e8re virtuelle pour les familles pastorales","datePublished":"2014-02-03T04:00:00+00:00","mainEntityOfPage":{"@id":"https:\/\/interamerica.org\/fr\/2014\/02\/inter-amerique-leglise-lance-la-semaine-de-priere-virtuelle-pour-les-familles-pastorales\/"},"wordCount":1116,"image":{"@id":"https:\/\/interamerica.org\/fr\/2014\/02\/inter-amerique-leglise-lance-la-semaine-de-priere-virtuelle-pour-les-familles-pastorales\/#primaryimage"},"thumbnailUrl":"https:\/\/interamerica.org\/wp-content\/uploads\/2017\/06\/OnlineWeekprayerstudio.png","articleSection":["Nouvelles du si\u00e8ge de la division"],"inLanguage":"fr-FR"},{"@type":"WebPage","@id":"https:\/\/interamerica.org\/fr\/2014\/02\/inter-amerique-leglise-lance-la-semaine-de-priere-virtuelle-pour-les-familles-pastorales\/","url":"https:\/\/interamerica.org\/fr\/2014\/02\/inter-amerique-leglise-lance-la-semaine-de-priere-virtuelle-pour-les-familles-pastorales\/","name":"Inter Am\u00e9rique : L\u2019\u00e9glise lance la semaine de pri\u00e8re virtuelle pour les familles pastorales - \u00c9glise Adventiste Du Septieme Jour - Inter Am\u00e9rique Division","isPartOf":{"@id":"https:\/\/interamerica.org\/fr\/#website"},"primaryImageOfPage":{"@id":"https:\/\/interamerica.org\/fr\/2014\/02\/inter-amerique-leglise-lance-la-semaine-de-priere-virtuelle-pour-les-familles-pastorales\/#primaryimage"},"image":{"@id":"https:\/\/interamerica.org\/fr\/2014\/02\/inter-amerique-leglise-lance-la-semaine-de-priere-virtuelle-pour-les-familles-pastorales\/#primaryimage"},"thumbnailUrl":"https:\/\/interamerica.org\/wp-content\/uploads\/2017\/06\/OnlineWeekprayerstudio.png","datePublished":"2014-02-03T04:00:00+00:00","author":{"@id":"https:\/\/interamerica.org\/fr\/#\/schema\/person\/68ede8bdc292885bb76c1e3810e73c39"},"breadcrumb":{"@id":"https:\/\/interamerica.org\/fr\/2014\/02\/inter-amerique-leglise-lance-la-semaine-de-priere-virtuelle-pour-les-familles-pastorales\/#breadcrumb"},"inLanguage":"fr-FR","potentialAction":[{"@type":"ReadAction","target":["https:\/\/interamerica.org\/fr\/2014\/02\/inter-amerique-leglise-lance-la-semaine-de-priere-virtuelle-pour-les-familles-pastorales\/"]}]},{"@type":"ImageObject","inLanguage":"fr-FR","@id":"https:\/\/interamerica.org\/fr\/2014\/02\/inter-amerique-leglise-lance-la-semaine-de-priere-virtuelle-pour-les-familles-pastorales\/#primaryimage","url":"https:\/\/interamerica.org\/wp-content\/uploads\/2017\/06\/OnlineWeekprayerstudio.png","contentUrl":"https:\/\/interamerica.org\/wp-content\/uploads\/2017\/06\/OnlineWeekprayerstudio.png","width":315,"height":216},{"@type":"BreadcrumbList","@id":"https:\/\/interamerica.org\/fr\/2014\/02\/inter-amerique-leglise-lance-la-semaine-de-priere-virtuelle-pour-les-familles-pastorales\/#breadcrumb","itemListElement":[{"@type":"ListItem","position":1,"name":"Home","item":"https:\/\/interamerica.org\/fr\/"},{"@type":"ListItem","position":2,"name":"Inter Am\u00e9rique : L\u2019\u00e9glise lance la semaine de pri\u00e8re virtuelle pour les familles pastorales"}]},{"@type":"WebSite","@id":"https:\/\/interamerica.org\/fr\/#website","url":"https:\/\/interamerica.org\/fr\/","name":"\u00c9glise Adventiste Du Septieme Jour - Inter Am\u00e9rique Division","description":"","potentialAction":[{"@type":"SearchAction","target":{"@type":"EntryPoint","urlTemplate":"https:\/\/interamerica.org\/fr\/?s={search_term_string}"},"query-input":{"@type":"PropertyValueSpecification","valueRequired":true,"valueName":"search_term_string"}}],"inLanguage":"fr-FR"},{"@type":"Person","@id":"https:\/\/interamerica.org\/fr\/#\/schema\/person\/68ede8bdc292885bb76c1e3810e73c39","name":"Lorenzo Verduzco","image":{"@type":"ImageObject","inLanguage":"fr-FR","@id":"https:\/\/secure.gravatar.com\/avatar\/fb81a55b6218459490a9c1dc841a34909185b81904c5337b4b27f7a6fd60c49e?s=96&d=mm&r=g","url":"https:\/\/secure.gravatar.com\/avatar\/fb81a55b6218459490a9c1dc841a34909185b81904c5337b4b27f7a6fd60c49e?s=96&d=mm&r=g","contentUrl":"https:\/\/secure.gravatar.com\/avatar\/fb81a55b6218459490a9c1dc841a34909185b81904c5337b4b27f7a6fd60c49e?s=96&d=mm&r=g","caption":"Lorenzo Verduzco"}}]}},"_links":{"self":[{"href":"https:\/\/interamerica.org\/fr\/wp-json\/wp\/v2\/posts\/31868","targetHints":{"allow":["GET"]}}],"collection":[{"href":"https:\/\/interamerica.org\/fr\/wp-json\/wp\/v2\/posts"}],"about":[{"href":"https:\/\/interamerica.org\/fr\/wp-json\/wp\/v2\/types\/post"}],"author":[{"embeddable":true,"href":"https:\/\/interamerica.org\/fr\/wp-json\/wp\/v2\/users\/1"}],"replies":[{"embeddable":true,"href":"https:\/\/interamerica.org\/fr\/wp-json\/wp\/v2\/comments?post=31868"}],"version-history":[{"count":0,"href":"https:\/\/interamerica.org\/fr\/wp-json\/wp\/v2\/posts\/31868\/revisions"}],"wp:featuredmedia":[{"embeddable":true,"href":"https:\/\/interamerica.org\/fr\/wp-json\/wp\/v2\/media\/22540"}],"wp:attachment":[{"href":"https:\/\/interamerica.org\/fr\/wp-json\/wp\/v2\/media?parent=31868"}],"wp:term":[{"taxonomy":"category","embeddable":true,"href":"https:\/\/interamerica.org\/fr\/wp-json\/wp\/v2\/categories?post=31868"},{"taxonomy":"post_tag","embeddable":true,"href":"https:\/\/interamerica.org\/fr\/wp-json\/wp\/v2\/tags?post=31868"}],"curies":[{"name":"wp","href":"https:\/\/api.w.org\/{rel}","templated":true}]}}