{"id":31869,"date":"2014-03-04T00:00:00","date_gmt":"2014-03-04T04:00:00","guid":{"rendered":"http:\/\/192.81.217.108\/interamerica\/2014\/03\/en-angleterre-les-parents-dont-le-bebe-est-mort-de-malnutrition-ne-pratiquaient-pas-le-regime-alimentaire-recommande-par-les-adventistes\/"},"modified":"2014-03-04T00:00:00","modified_gmt":"2014-03-04T04:00:00","slug":"en-angleterre-les-parents-dont-le-bebe-est-mort-de-malnutrition-ne-pratiquaient-pas-le-regime-alimentaire-recommande-par-les-adventistes","status":"publish","type":"post","link":"https:\/\/interamerica.org\/fr\/2014\/03\/en-angleterre-les-parents-dont-le-bebe-est-mort-de-malnutrition-ne-pratiquaient-pas-le-regime-alimentaire-recommande-par-les-adventistes\/","title":{"rendered":"En Angleterre, les parents dont le b\u00e9b\u00e9 est mort de malnutrition ne pratiquaient pas le r\u00e9gime alimentaire recommand\u00e9 par les Adventistes"},"content":{"rendered":"<p>4 F\u00e9vrier 2014 \u2013 Silver Spring, Maryland, Etats Unis\u2026ANN<\/p>\n<div id=\"attachment_10554\" style=\"width: 310px\" class=\"wp-caption alignleft\"><a href=\"\/interamerica\/wp-content\/uploads\/2017\/06\/uk-lgflag.gif\" rel=\"fancybox\" title=\"En Angleterre, les parents dont le b\u00e9b\u00e9 est mort de malnutrition ne pratiquaient pas le r\u00e9gime alimentaire recommand\u00e9 par les Adventistes\"><img decoding=\"async\" aria-describedby=\"caption-attachment-10554\" class=\"size-medium wp-image-10554\" src=\"\/interamerica\/wp-content\/uploads\/2017\/06\/uk-lgflag-300x150.gif\" alt=\"\" width=\"300\" height=\"150\" \/><\/a><p id=\"caption-attachment-10554\" class=\"wp-caption-text\">Le drapeau du Royaume Uni. Source : www.cia.gov<\/p><\/div>\n<p>Un incident qui s\u2019est produit en Angleterre a caus\u00e9 le d\u00e9c\u00e8s par malnutrition d\u2019un b\u00e9b\u00e9, ce qui a attir\u00e9 l\u2019attention des m\u00e9dias qui se sont int\u00e9ress\u00e9s \u00e0 ce qu\u2019est la compr\u00e9hension ad\u00e9quate des recommandations de l\u2019Eglise Adventiste du Septi\u00e8me jour en mati\u00e8re d\u2019alimentation. Les responsables de l\u2019Eglise Adventiste ont r\u00e9pondu en pr\u00e9cisant qu\u2019un r\u00e9gime alimentaire \u00e9quilibr\u00e9 \u2013 ce que recommande l\u2019\u00e9glise \u2013 aurait pu emp\u00eacher cette trag\u00e9die.<\/p>\n<p>Nkosiyapha Kunene et son \u00e9pouse Virginia ont plaid\u00e9 coupable dans un tribunal le mois dernier suite \u00e0 des accusations d\u2019homicide involontaire apr\u00e8s que leur fils de cinq mois soit d\u00e9c\u00e9d\u00e9 de rachitisme en 2012. L\u2019accusation a soutenu que le couple a soumis son b\u00e9b\u00e9 \u00e0 un \u00ab r\u00e9gime alimentaire strict dans le cadre de leur foi, \u00bb d\u2019apr\u00e8s ce qu\u2019indiquent les reportages des m\u00e9dias.<\/p>\n<p>L\u2019Union Britannique de l\u2019Eglise Adventiste a publi\u00e9 un <a href=\"http:\/\/adventist.org.uk\/news\/2014\/2014-buc\/adventists-respond-to-manslaughter-of-ndingeko-kunene\">communiqu\u00e9<\/a> la semaine derni\u00e8re indiquant que bien que le couple ait \u00e9t\u00e9 inscrit comme membres de la d\u00e9nomination au moment de leur mariage en 2009, \u00ab il ne semble pas qu\u2019ils aient fr\u00e9quent\u00e9 une \u00e9glise Adventiste en particulier de mani\u00e8re r\u00e9guli\u00e8re apr\u00e8s cette p\u00e9riode. \u00bb<\/p>\n<p>\u00ab Il semblerait que durant cette p\u00e9riode, des influences ext\u00e9rieures aient entrain\u00e9 la famille loin de leur base spirituelle et des conseils et soutiens appropri\u00e9s qu\u2019ils auraient pu recevoir dans une communaut\u00e9 Adventiste solidaire, \u00bb a d\u00e9clar\u00e9 Sharon Platt-McDonald, directrice des minist\u00e8res de la sant\u00e9 pour l\u2019Union Britannique. \u00ab Cela malheureusement les a amen\u00e9 \u00e0 faire des choix sanitaires qui n\u2019\u00e9taient vraiment pas les meilleurs pour leur enfant. Nous sommes tr\u00e8s tristes d\u2019apprendre cette trag\u00e9die. \u00bb<\/p>\n<p>Sharon Platt-McDonald a d\u00e9clar\u00e9 que les professionnels de sant\u00e9 Adventistes \u00ab conseilleraient toujours les membres d\u2019\u00e9glise \u00e0 rechercher et \u00e0 \u00e9couter les conseils des m\u00e9decins. \u00bb Elle a indiqu\u00e9 que la d\u00e9nomination fait r\u00e9guli\u00e8rement des pr\u00e9sentations sur la sant\u00e9 pour les membres d\u2019\u00e9glise et le grand public.<\/p>\n<p>Le rachitisme est le r\u00e9sultat d\u2019une d\u00e9ficience s\u00e9v\u00e8re en vitamine D, \u00e9l\u00e9ment qui aide le corps \u00e0 absorber le calcium.<\/p>\n<p>\u00ab Soumettre les gens \u00e0 un r\u00e9gime alimentaire extr\u00eame, d\u00e9s\u00e9quilibr\u00e9, et non \u00e9tay\u00e9 par des \u00e9l\u00e9ments av\u00e9r\u00e9s, n\u2019a jamais fait partie des positions de l\u2019\u00e9glise, \u00bb a d\u00e9clar\u00e9 Dr Peter Landless, directeur des minist\u00e8res de la sant\u00e9 pour l\u2019Eglise Adventiste mondiale. \u00ab Nous continuons de recommander le meilleur r\u00e9gime alimentaire envisageable dans les territoires g\u00e9ographiques o\u00f9 se trouvent les gens. \u00bb<\/p>\n<p>Une des recommandations de l\u2019Eglise Adventiste a dit Dr Landless, est d\u2019avoir un r\u00e9gime alimentaire \u00e9quilibr\u00e9 qui inclut des suppl\u00e9ments lorsque cela est n\u00e9cessaire. Ce n\u2019est pas rare au stade de la petite enfance, \u00ab a t-il expliqu\u00e9.<\/p>\n<p>Les Adventistes se sont distingu\u00e9s au cours de ces derni\u00e8res ann\u00e9es comme formant le groupe de personnes vivant le plus longtemps \u00e0 jamais avoir \u00e9t\u00e9 \u00e9tudi\u00e9s. Les r\u00e9sultats pr\u00e9liminaires d\u2019une \u00e9tude en cours sur les Adventistes aux Etats unis ont \u00e9t\u00e9 <a href=\"http:\/\/news.adventist.org\/all-news\/news\/go\/2013-06-04\/us-study-of-adventists-finds-vegetarians-live-longer\/\">largement relay\u00e9s <\/a> par les principaux organes de presse internationaux l\u2019ann\u00e9e derni\u00e8re. L\u2019\u00e9tude, sponsoris\u00e9e en partie par l\u2019Institut National de la Sant\u00e9, a confirm\u00e9 les b\u00e9n\u00e9fices du r\u00e9gime v\u00e9g\u00e9tarien.<\/p>\n<p>En 2008, l\u2019auteur du livre \u00ab Les Zones Bleues \u00bb Dan Buettner, a beaucoup \u00e9crit sur les principes de sant\u00e9 des Adventistes, leur vie, plus longue et en meilleure sant\u00e9.<\/p>\n<p>Traduction: Patrick Luciathe<\/p>\n","protected":false},"excerpt":{"rendered":"<p>Un incident qui s\u2019est produit en Angleterre a caus\u00e9 le d\u00e9c\u00e8s par malnutrition d\u2019un b\u00e9b\u00e9, ce qui a attir\u00e9 l\u2019attention des m\u00e9dias qui se sont int\u00e9ress\u00e9s \u00e0 ce qu\u2019est la compr\u00e9hension ad\u00e9quate des recommandations de l\u2019Eglise Adventiste du Septi\u00e8me jour en mati\u00e8re d\u2019alimentation. Les responsables de l\u2019Eglise Adventiste ont r\u00e9pondu en pr\u00e9cisant qu\u2019un r\u00e9gime alimentaire \u00e9quilibr\u00e9 \u2013 ce que recommande l\u2019\u00e9glise \u2013 aurait pu emp\u00eacher cette trag\u00e9die.<\/p>\n","protected":false},"author":1,"featured_media":0,"comment_status":"closed","ping_status":"closed","sticky":false,"template":"","format":"standard","meta":{"_acf_changed":false,"footnotes":""},"categories":[18],"tags":[],"class_list":["post-31869","post","type-post","status-publish","format-standard","hentry","category-nouvelles-de-leglise-mondiale"],"acf":[],"yoast_head":"<!-- This site is optimized with the Yoast SEO plugin v27.3 - https:\/\/yoast.com\/product\/yoast-seo-wordpress\/ -->\n<title>En Angleterre, les parents dont le b\u00e9b\u00e9 est mort de malnutrition ne pratiquaient pas le r\u00e9gime alimentaire recommand\u00e9 par les Adventistes - \u00c9glise Adventiste Du Septieme Jour - Inter Am\u00e9rique Division<\/title>\n<meta name=\"robots\" content=\"index, follow, max-snippet:-1, max-image-preview:large, max-video-preview:-1\" \/>\n<link rel=\"canonical\" href=\"https:\/\/interamerica.org\/fr\/2014\/03\/en-angleterre-les-parents-dont-le-bebe-est-mort-de-malnutrition-ne-pratiquaient-pas-le-regime-alimentaire-recommande-par-les-adventistes\/\" \/>\n<meta property=\"og:locale\" content=\"fr_FR\" \/>\n<meta property=\"og:type\" content=\"article\" \/>\n<meta property=\"og:title\" content=\"En Angleterre, les parents dont le b\u00e9b\u00e9 est mort de malnutrition ne pratiquaient pas le r\u00e9gime alimentaire recommand\u00e9 par les Adventistes - \u00c9glise Adventiste Du Septieme Jour - Inter Am\u00e9rique Division\" \/>\n<meta property=\"og:description\" content=\"Un incident qui s\u2019est produit en Angleterre a caus\u00e9 le d\u00e9c\u00e8s par malnutrition d\u2019un b\u00e9b\u00e9, ce qui a attir\u00e9 l\u2019attention des m\u00e9dias qui se sont int\u00e9ress\u00e9s \u00e0 ce qu\u2019est la compr\u00e9hension ad\u00e9quate des recommandations de l\u2019Eglise Adventiste du Septi\u00e8me jour en mati\u00e8re d\u2019alimentation. Les responsables de l\u2019Eglise Adventiste ont r\u00e9pondu en pr\u00e9cisant qu\u2019un r\u00e9gime alimentaire \u00e9quilibr\u00e9 \u2013 ce que recommande l\u2019\u00e9glise \u2013 aurait pu emp\u00eacher cette trag\u00e9die.\" \/>\n<meta property=\"og:url\" content=\"https:\/\/interamerica.org\/fr\/2014\/03\/en-angleterre-les-parents-dont-le-bebe-est-mort-de-malnutrition-ne-pratiquaient-pas-le-regime-alimentaire-recommande-par-les-adventistes\/\" \/>\n<meta property=\"og:site_name\" content=\"\u00c9glise Adventiste Du Septieme Jour - Inter Am\u00e9rique Division\" \/>\n<meta property=\"article:published_time\" content=\"2014-03-04T04:00:00+00:00\" \/>\n<meta name=\"author\" content=\"Lorenzo Verduzco\" \/>\n<meta name=\"twitter:card\" content=\"summary_large_image\" \/>\n<meta name=\"twitter:label1\" content=\"\u00c9crit par\" \/>\n\t<meta name=\"twitter:data1\" content=\"Lorenzo Verduzco\" \/>\n\t<meta name=\"twitter:label2\" content=\"Dur\u00e9e de lecture estim\u00e9e\" \/>\n\t<meta name=\"twitter:data2\" content=\"3 minutes\" \/>\n<script type=\"application\/ld+json\" class=\"yoast-schema-graph\">{\"@context\":\"https:\\\/\\\/schema.org\",\"@graph\":[{\"@type\":\"Article\",\"@id\":\"https:\\\/\\\/interamerica.org\\\/fr\\\/2014\\\/03\\\/en-angleterre-les-parents-dont-le-bebe-est-mort-de-malnutrition-ne-pratiquaient-pas-le-regime-alimentaire-recommande-par-les-adventistes\\\/#article\",\"isPartOf\":{\"@id\":\"https:\\\/\\\/interamerica.org\\\/fr\\\/2014\\\/03\\\/en-angleterre-les-parents-dont-le-bebe-est-mort-de-malnutrition-ne-pratiquaient-pas-le-regime-alimentaire-recommande-par-les-adventistes\\\/\"},\"author\":{\"name\":\"Lorenzo Verduzco\",\"@id\":\"https:\\\/\\\/interamerica.org\\\/fr\\\/#\\\/schema\\\/person\\\/68ede8bdc292885bb76c1e3810e73c39\"},\"headline\":\"En Angleterre, les parents dont le b\u00e9b\u00e9 est mort de malnutrition ne pratiquaient pas le r\u00e9gime alimentaire recommand\u00e9 par les Adventistes\",\"datePublished\":\"2014-03-04T04:00:00+00:00\",\"mainEntityOfPage\":{\"@id\":\"https:\\\/\\\/interamerica.org\\\/fr\\\/2014\\\/03\\\/en-angleterre-les-parents-dont-le-bebe-est-mort-de-malnutrition-ne-pratiquaient-pas-le-regime-alimentaire-recommande-par-les-adventistes\\\/\"},\"wordCount\":655,\"articleSection\":[\"Nouvelles de l'\u00c9glise mondiale\"],\"inLanguage\":\"fr-FR\"},{\"@type\":\"WebPage\",\"@id\":\"https:\\\/\\\/interamerica.org\\\/fr\\\/2014\\\/03\\\/en-angleterre-les-parents-dont-le-bebe-est-mort-de-malnutrition-ne-pratiquaient-pas-le-regime-alimentaire-recommande-par-les-adventistes\\\/\",\"url\":\"https:\\\/\\\/interamerica.org\\\/fr\\\/2014\\\/03\\\/en-angleterre-les-parents-dont-le-bebe-est-mort-de-malnutrition-ne-pratiquaient-pas-le-regime-alimentaire-recommande-par-les-adventistes\\\/\",\"name\":\"En Angleterre, les parents dont le b\u00e9b\u00e9 est mort de malnutrition ne pratiquaient pas le r\u00e9gime alimentaire recommand\u00e9 par les Adventistes - \u00c9glise Adventiste Du Septieme Jour - Inter Am\u00e9rique Division\",\"isPartOf\":{\"@id\":\"https:\\\/\\\/interamerica.org\\\/fr\\\/#website\"},\"datePublished\":\"2014-03-04T04:00:00+00:00\",\"author\":{\"@id\":\"https:\\\/\\\/interamerica.org\\\/fr\\\/#\\\/schema\\\/person\\\/68ede8bdc292885bb76c1e3810e73c39\"},\"breadcrumb\":{\"@id\":\"https:\\\/\\\/interamerica.org\\\/fr\\\/2014\\\/03\\\/en-angleterre-les-parents-dont-le-bebe-est-mort-de-malnutrition-ne-pratiquaient-pas-le-regime-alimentaire-recommande-par-les-adventistes\\\/#breadcrumb\"},\"inLanguage\":\"fr-FR\",\"potentialAction\":[{\"@type\":\"ReadAction\",\"target\":[\"https:\\\/\\\/interamerica.org\\\/fr\\\/2014\\\/03\\\/en-angleterre-les-parents-dont-le-bebe-est-mort-de-malnutrition-ne-pratiquaient-pas-le-regime-alimentaire-recommande-par-les-adventistes\\\/\"]}]},{\"@type\":\"BreadcrumbList\",\"@id\":\"https:\\\/\\\/interamerica.org\\\/fr\\\/2014\\\/03\\\/en-angleterre-les-parents-dont-le-bebe-est-mort-de-malnutrition-ne-pratiquaient-pas-le-regime-alimentaire-recommande-par-les-adventistes\\\/#breadcrumb\",\"itemListElement\":[{\"@type\":\"ListItem\",\"position\":1,\"name\":\"Home\",\"item\":\"https:\\\/\\\/interamerica.org\\\/fr\\\/\"},{\"@type\":\"ListItem\",\"position\":2,\"name\":\"En Angleterre, les parents dont le b\u00e9b\u00e9 est mort de malnutrition ne pratiquaient pas le r\u00e9gime alimentaire recommand\u00e9 par les Adventistes\"}]},{\"@type\":\"WebSite\",\"@id\":\"https:\\\/\\\/interamerica.org\\\/fr\\\/#website\",\"url\":\"https:\\\/\\\/interamerica.org\\\/fr\\\/\",\"name\":\"\u00c9glise Adventiste Du Septieme Jour - Inter Am\u00e9rique Division\",\"description\":\"\",\"potentialAction\":[{\"@type\":\"SearchAction\",\"target\":{\"@type\":\"EntryPoint\",\"urlTemplate\":\"https:\\\/\\\/interamerica.org\\\/fr\\\/?s={search_term_string}\"},\"query-input\":{\"@type\":\"PropertyValueSpecification\",\"valueRequired\":true,\"valueName\":\"search_term_string\"}}],\"inLanguage\":\"fr-FR\"},{\"@type\":\"Person\",\"@id\":\"https:\\\/\\\/interamerica.org\\\/fr\\\/#\\\/schema\\\/person\\\/68ede8bdc292885bb76c1e3810e73c39\",\"name\":\"Lorenzo Verduzco\",\"image\":{\"@type\":\"ImageObject\",\"inLanguage\":\"fr-FR\",\"@id\":\"https:\\\/\\\/secure.gravatar.com\\\/avatar\\\/fb81a55b6218459490a9c1dc841a34909185b81904c5337b4b27f7a6fd60c49e?s=96&d=mm&r=g\",\"url\":\"https:\\\/\\\/secure.gravatar.com\\\/avatar\\\/fb81a55b6218459490a9c1dc841a34909185b81904c5337b4b27f7a6fd60c49e?s=96&d=mm&r=g\",\"contentUrl\":\"https:\\\/\\\/secure.gravatar.com\\\/avatar\\\/fb81a55b6218459490a9c1dc841a34909185b81904c5337b4b27f7a6fd60c49e?s=96&d=mm&r=g\",\"caption\":\"Lorenzo Verduzco\"}}]}<\/script>\n<!-- \/ Yoast SEO plugin. -->","yoast_head_json":{"title":"En Angleterre, les parents dont le b\u00e9b\u00e9 est mort de malnutrition ne pratiquaient pas le r\u00e9gime alimentaire recommand\u00e9 par les Adventistes - \u00c9glise Adventiste Du Septieme Jour - Inter Am\u00e9rique Division","robots":{"index":"index","follow":"follow","max-snippet":"max-snippet:-1","max-image-preview":"max-image-preview:large","max-video-preview":"max-video-preview:-1"},"canonical":"https:\/\/interamerica.org\/fr\/2014\/03\/en-angleterre-les-parents-dont-le-bebe-est-mort-de-malnutrition-ne-pratiquaient-pas-le-regime-alimentaire-recommande-par-les-adventistes\/","og_locale":"fr_FR","og_type":"article","og_title":"En Angleterre, les parents dont le b\u00e9b\u00e9 est mort de malnutrition ne pratiquaient pas le r\u00e9gime alimentaire recommand\u00e9 par les Adventistes - \u00c9glise Adventiste Du Septieme Jour - Inter Am\u00e9rique Division","og_description":"Un incident qui s\u2019est produit en Angleterre a caus\u00e9 le d\u00e9c\u00e8s par malnutrition d\u2019un b\u00e9b\u00e9, ce qui a attir\u00e9 l\u2019attention des m\u00e9dias qui se sont int\u00e9ress\u00e9s \u00e0 ce qu\u2019est la compr\u00e9hension ad\u00e9quate des recommandations de l\u2019Eglise Adventiste du Septi\u00e8me jour en mati\u00e8re d\u2019alimentation. Les responsables de l\u2019Eglise Adventiste ont r\u00e9pondu en pr\u00e9cisant qu\u2019un r\u00e9gime alimentaire \u00e9quilibr\u00e9 \u2013 ce que recommande l\u2019\u00e9glise \u2013 aurait pu emp\u00eacher cette trag\u00e9die.","og_url":"https:\/\/interamerica.org\/fr\/2014\/03\/en-angleterre-les-parents-dont-le-bebe-est-mort-de-malnutrition-ne-pratiquaient-pas-le-regime-alimentaire-recommande-par-les-adventistes\/","og_site_name":"\u00c9glise Adventiste Du Septieme Jour - Inter Am\u00e9rique Division","article_published_time":"2014-03-04T04:00:00+00:00","author":"Lorenzo Verduzco","twitter_card":"summary_large_image","twitter_misc":{"\u00c9crit par":"Lorenzo Verduzco","Dur\u00e9e de lecture estim\u00e9e":"3 minutes"},"schema":{"@context":"https:\/\/schema.org","@graph":[{"@type":"Article","@id":"https:\/\/interamerica.org\/fr\/2014\/03\/en-angleterre-les-parents-dont-le-bebe-est-mort-de-malnutrition-ne-pratiquaient-pas-le-regime-alimentaire-recommande-par-les-adventistes\/#article","isPartOf":{"@id":"https:\/\/interamerica.org\/fr\/2014\/03\/en-angleterre-les-parents-dont-le-bebe-est-mort-de-malnutrition-ne-pratiquaient-pas-le-regime-alimentaire-recommande-par-les-adventistes\/"},"author":{"name":"Lorenzo Verduzco","@id":"https:\/\/interamerica.org\/fr\/#\/schema\/person\/68ede8bdc292885bb76c1e3810e73c39"},"headline":"En Angleterre, les parents dont le b\u00e9b\u00e9 est mort de malnutrition ne pratiquaient pas le r\u00e9gime alimentaire recommand\u00e9 par les Adventistes","datePublished":"2014-03-04T04:00:00+00:00","mainEntityOfPage":{"@id":"https:\/\/interamerica.org\/fr\/2014\/03\/en-angleterre-les-parents-dont-le-bebe-est-mort-de-malnutrition-ne-pratiquaient-pas-le-regime-alimentaire-recommande-par-les-adventistes\/"},"wordCount":655,"articleSection":["Nouvelles de l'\u00c9glise mondiale"],"inLanguage":"fr-FR"},{"@type":"WebPage","@id":"https:\/\/interamerica.org\/fr\/2014\/03\/en-angleterre-les-parents-dont-le-bebe-est-mort-de-malnutrition-ne-pratiquaient-pas-le-regime-alimentaire-recommande-par-les-adventistes\/","url":"https:\/\/interamerica.org\/fr\/2014\/03\/en-angleterre-les-parents-dont-le-bebe-est-mort-de-malnutrition-ne-pratiquaient-pas-le-regime-alimentaire-recommande-par-les-adventistes\/","name":"En Angleterre, les parents dont le b\u00e9b\u00e9 est mort de malnutrition ne pratiquaient pas le r\u00e9gime alimentaire recommand\u00e9 par les Adventistes - \u00c9glise Adventiste Du Septieme Jour - Inter Am\u00e9rique Division","isPartOf":{"@id":"https:\/\/interamerica.org\/fr\/#website"},"datePublished":"2014-03-04T04:00:00+00:00","author":{"@id":"https:\/\/interamerica.org\/fr\/#\/schema\/person\/68ede8bdc292885bb76c1e3810e73c39"},"breadcrumb":{"@id":"https:\/\/interamerica.org\/fr\/2014\/03\/en-angleterre-les-parents-dont-le-bebe-est-mort-de-malnutrition-ne-pratiquaient-pas-le-regime-alimentaire-recommande-par-les-adventistes\/#breadcrumb"},"inLanguage":"fr-FR","potentialAction":[{"@type":"ReadAction","target":["https:\/\/interamerica.org\/fr\/2014\/03\/en-angleterre-les-parents-dont-le-bebe-est-mort-de-malnutrition-ne-pratiquaient-pas-le-regime-alimentaire-recommande-par-les-adventistes\/"]}]},{"@type":"BreadcrumbList","@id":"https:\/\/interamerica.org\/fr\/2014\/03\/en-angleterre-les-parents-dont-le-bebe-est-mort-de-malnutrition-ne-pratiquaient-pas-le-regime-alimentaire-recommande-par-les-adventistes\/#breadcrumb","itemListElement":[{"@type":"ListItem","position":1,"name":"Home","item":"https:\/\/interamerica.org\/fr\/"},{"@type":"ListItem","position":2,"name":"En Angleterre, les parents dont le b\u00e9b\u00e9 est mort de malnutrition ne pratiquaient pas le r\u00e9gime alimentaire recommand\u00e9 par les Adventistes"}]},{"@type":"WebSite","@id":"https:\/\/interamerica.org\/fr\/#website","url":"https:\/\/interamerica.org\/fr\/","name":"\u00c9glise Adventiste Du Septieme Jour - Inter Am\u00e9rique Division","description":"","potentialAction":[{"@type":"SearchAction","target":{"@type":"EntryPoint","urlTemplate":"https:\/\/interamerica.org\/fr\/?s={search_term_string}"},"query-input":{"@type":"PropertyValueSpecification","valueRequired":true,"valueName":"search_term_string"}}],"inLanguage":"fr-FR"},{"@type":"Person","@id":"https:\/\/interamerica.org\/fr\/#\/schema\/person\/68ede8bdc292885bb76c1e3810e73c39","name":"Lorenzo Verduzco","image":{"@type":"ImageObject","inLanguage":"fr-FR","@id":"https:\/\/secure.gravatar.com\/avatar\/fb81a55b6218459490a9c1dc841a34909185b81904c5337b4b27f7a6fd60c49e?s=96&d=mm&r=g","url":"https:\/\/secure.gravatar.com\/avatar\/fb81a55b6218459490a9c1dc841a34909185b81904c5337b4b27f7a6fd60c49e?s=96&d=mm&r=g","contentUrl":"https:\/\/secure.gravatar.com\/avatar\/fb81a55b6218459490a9c1dc841a34909185b81904c5337b4b27f7a6fd60c49e?s=96&d=mm&r=g","caption":"Lorenzo Verduzco"}}]}},"_links":{"self":[{"href":"https:\/\/interamerica.org\/fr\/wp-json\/wp\/v2\/posts\/31869","targetHints":{"allow":["GET"]}}],"collection":[{"href":"https:\/\/interamerica.org\/fr\/wp-json\/wp\/v2\/posts"}],"about":[{"href":"https:\/\/interamerica.org\/fr\/wp-json\/wp\/v2\/types\/post"}],"author":[{"embeddable":true,"href":"https:\/\/interamerica.org\/fr\/wp-json\/wp\/v2\/users\/1"}],"replies":[{"embeddable":true,"href":"https:\/\/interamerica.org\/fr\/wp-json\/wp\/v2\/comments?post=31869"}],"version-history":[{"count":0,"href":"https:\/\/interamerica.org\/fr\/wp-json\/wp\/v2\/posts\/31869\/revisions"}],"wp:attachment":[{"href":"https:\/\/interamerica.org\/fr\/wp-json\/wp\/v2\/media?parent=31869"}],"wp:term":[{"taxonomy":"category","embeddable":true,"href":"https:\/\/interamerica.org\/fr\/wp-json\/wp\/v2\/categories?post=31869"},{"taxonomy":"post_tag","embeddable":true,"href":"https:\/\/interamerica.org\/fr\/wp-json\/wp\/v2\/tags?post=31869"}],"curies":[{"name":"wp","href":"https:\/\/api.w.org\/{rel}","templated":true}]}}