{"id":31870,"date":"2014-02-04T12:55:36","date_gmt":"2014-02-04T16:55:36","guid":{"rendered":"http:\/\/192.81.217.108\/interamerica\/?p=31870\/"},"modified":"2017-11-07T23:57:23","modified_gmt":"2017-11-08T03:57:23","slug":"en-ukraine-les-adventistes-partagent-le-message-despoir-au-milieu-de-la-crise-politique","status":"publish","type":"post","link":"https:\/\/interamerica.org\/fr\/2014\/02\/en-ukraine-les-adventistes-partagent-le-message-despoir-au-milieu-de-la-crise-politique\/","title":{"rendered":"En Ukraine, les Adventistes partagent le message d\u2019espoir au milieu de la crise politique"},"content":{"rendered":"<p>3 F\u00e9vrier 2014 \u2013 Kiev, Ukraine\u2026Yuriy Kuzmenko\/ANN<\/p>\n<div id=\"attachment_10557\" style=\"width: 310px\" class=\"wp-caption alignleft\"><a href=\"\/interamerica\/wp-content\/uploads\/2017\/06\/ukraine.jpeg\" rel=\"fancybox\" title=\"En Ukraine, les Adventistes partagent le message d\u2019espoir au milieu de la crise politique\"><img fetchpriority=\"high\" decoding=\"async\" aria-describedby=\"caption-attachment-10557\" class=\"size-medium wp-image-10557\" src=\"\/interamerica\/wp-content\/uploads\/2017\/06\/ukraine.jpeg\" alt=\"\" width=\"300\" height=\"168\" \/><\/a><p id=\"caption-attachment-10557\" class=\"wp-caption-text\">Le 2 f\u00e9vrier dernier, sur la Place de l\u2019Ind\u00e9pendance, les opposants manifestent en faveur de liens plus \u00e9troits avec l\u2019Europe et aussi de la fin de la pr\u00e9sidence de Yanukovych. La direction de l\u2019Eglise Adventiste en Europe encourage vivement les membres d\u2019\u00e9glise \u00e0 ne pas attiser l\u2019agitation politique actuelle que connait le pays. Image Ponds5\/ANN.<\/p><\/div>\n<p>Un programme d\u2019action missionnaire organis\u00e9 par l\u2019Eglise Adventiste du Septi\u00e8me jour en Ukraine se poursuit en d\u00e9pit de la crise politique dans laquelle s\u2019enfonce de plus en plus ce pays de l\u2019Europe de l\u2019Est.<\/p>\n<p>Plus de 150 repr\u00e9sentants \u00e9vang\u00e9listes, missionnaires m\u00e9dicaux et pasteurs se trouvent \u00e0 Kiev pour aider \u00e0 r\u00e9pondre aux besoins physiques et spirituels des habitants. \u00ab Kiev : Ville d\u2019Espoir \u00bb propose des outils pour cesser de fumer, une aide aux alcooliques, une assistance pour la gestion du diab\u00e8te, de l\u2019\u00e9ducation sanitaire post-natale et des soins oculaires. Les Adventistes organisent \u00e9galement des concerts de musique Chr\u00e9tienne et distribuent des livres et des invitations pour des \u00e9tudes compl\u00e9mentaires. Des milliers de r\u00e9sidents ont visit\u00e9 des kiosques sur la nutrition et des centaines d\u2019autres se sont inscrits pour suivre des \u00e9tudes bibliques.<\/p>\n<p>Pendant ce temps, Viktor Alekseenko, pr\u00e9sident de l\u2019Eglise Adventiste en Ukraine, r\u00e9it\u00e8re son appel invitant les Adventistes \u00e0 prier pour leur pays et \u00e0 \u00e9viter de provoquer l\u2019hostilit\u00e9 \u2013 dans les rues et sur les m\u00e9dias sociaux o\u00f9 il a invit\u00e9 les membres \u00e0 ne pas poster des commentaires incendiaires.<\/p>\n<p>\u00ab Encouragez plut\u00f4t les gens \u00e0 r\u00e9soudre les conflits pacifiquement, \u00bb a d\u00e9clar\u00e9 Alekseenko. Les Adventistes, a t-il ajout\u00e9, devraient trouver des moyens d\u2019exprimer leurs position civiles et politiques dans le cadre de ce que permet la loi et dans le respect des droits de la personne.<\/p>\n<p>Des mois de manifestations de grande ampleur en Ukraine ont conduit \u00e0 des affrontements violents entre les opposants et la police au cours des r\u00e9centes semaines. Dimanche, les leaders de l\u2019opposition ont appel\u00e9 \u00e0 l\u2019intervention de la communaut\u00e9 internationale, d\u2019apr\u00e8s ce qu\u2019a indiqu\u00e9 la BBC.<\/p>\n<p>Les opposants continuent de r\u00e9clamer le d\u00e9part du pr\u00e9sident Viktor Yanukovych et aussi des liens plus \u00e9troits avec l\u2019Union Europ\u00e9enne. Les troubles en Ukraine ont d\u00e9but\u00e9 en Novembre lorsque le pr\u00e9sident Yanukovych a class\u00e9 un accord commercial planifi\u00e9 avec l\u2019Union Europ\u00e9enne pour privil\u00e9gier un pr\u00eat de la Russie.<\/p>\n<p>Aucun Adventiste du Septi\u00e8me jour n\u2019a \u00e9t\u00e9 arr\u00eat\u00e9 ou bless\u00e9 pendant les conflits en cours, ont indiqu\u00e9 les leaders locaux de l\u2019\u00e9glise. Ils ont \u00e9galement expliqu\u00e9 que les services de culte n\u2019ont pas \u00e9t\u00e9 interrompus dans les 25 congr\u00e9gations Adventistes de Kiev.<\/p>\n<p>\u00ab Kiev : Ville d\u2019Espoir \u00bb se poursuit jusqu\u2019en Mars et d\u00e9bouchera sur une campagne d\u2019\u00e9vang\u00e9lisation de dix jours.<\/p>\n<p>Il y a environ 52000 Adventistes en Ukraine qui adorent dans 900 \u00e9glises et 300 groupes.<\/p>\n<p>Traduction: Patrick Luciathe<\/p>\n","protected":false},"excerpt":{"rendered":"<p>Un programme d\u2019action missionnaire organis\u00e9 par l\u2019Eglise Adventiste du Septi\u00e8me jour en Ukraine se poursuit en d\u00e9pit de la crise politique dans laquelle s\u2019enfonce de plus en plus ce pays de l\u2019Europe de l\u2019Est.<\/p>\n","protected":false},"author":1,"featured_media":22560,"comment_status":"closed","ping_status":"closed","sticky":false,"template":"","format":"standard","meta":{"_acf_changed":false,"footnotes":""},"categories":[18],"tags":[],"class_list":["post-31870","post","type-post","status-publish","format-standard","has-post-thumbnail","hentry","category-nouvelles-de-leglise-mondiale"],"acf":[],"yoast_head":"<!-- This site is optimized with the Yoast SEO plugin v27.3 - https:\/\/yoast.com\/product\/yoast-seo-wordpress\/ -->\n<title>En Ukraine, les Adventistes partagent le message d\u2019espoir au milieu de la crise politique - \u00c9glise Adventiste Du Septieme Jour - Inter Am\u00e9rique Division<\/title>\n<meta name=\"robots\" content=\"index, follow, max-snippet:-1, max-image-preview:large, max-video-preview:-1\" \/>\n<link rel=\"canonical\" href=\"https:\/\/interamerica.org\/fr\/2014\/02\/en-ukraine-les-adventistes-partagent-le-message-despoir-au-milieu-de-la-crise-politique\/\" \/>\n<meta property=\"og:locale\" content=\"fr_FR\" \/>\n<meta property=\"og:type\" content=\"article\" \/>\n<meta property=\"og:title\" content=\"En Ukraine, les Adventistes partagent le message d\u2019espoir au milieu de la crise politique - \u00c9glise Adventiste Du Septieme Jour - Inter Am\u00e9rique Division\" \/>\n<meta property=\"og:description\" content=\"Un programme d\u2019action missionnaire organis\u00e9 par l\u2019Eglise Adventiste du Septi\u00e8me jour en Ukraine se poursuit en d\u00e9pit de la crise politique dans laquelle s\u2019enfonce de plus en plus ce pays de l\u2019Europe de l\u2019Est.\" \/>\n<meta property=\"og:url\" content=\"https:\/\/interamerica.org\/fr\/2014\/02\/en-ukraine-les-adventistes-partagent-le-message-despoir-au-milieu-de-la-crise-politique\/\" \/>\n<meta property=\"og:site_name\" content=\"\u00c9glise Adventiste Du Septieme Jour - Inter Am\u00e9rique Division\" \/>\n<meta property=\"article:published_time\" content=\"2014-02-04T16:55:36+00:00\" \/>\n<meta property=\"article:modified_time\" content=\"2017-11-08T03:57:23+00:00\" \/>\n<meta property=\"og:image\" content=\"https:\/\/interamerica.org\/wp-content\/uploads\/2017\/06\/ukraine.jpeg\" \/>\n\t<meta property=\"og:image:width\" content=\"1806\" \/>\n\t<meta property=\"og:image:height\" content=\"1015\" \/>\n\t<meta property=\"og:image:type\" content=\"image\/jpeg\" \/>\n<meta name=\"author\" content=\"Lorenzo Verduzco\" \/>\n<meta name=\"twitter:card\" content=\"summary_large_image\" \/>\n<meta name=\"twitter:label1\" content=\"\u00c9crit par\" \/>\n\t<meta name=\"twitter:data1\" content=\"Lorenzo Verduzco\" \/>\n\t<meta name=\"twitter:label2\" content=\"Dur\u00e9e de lecture estim\u00e9e\" \/>\n\t<meta name=\"twitter:data2\" content=\"3 minutes\" \/>\n<script type=\"application\/ld+json\" class=\"yoast-schema-graph\">{\"@context\":\"https:\\\/\\\/schema.org\",\"@graph\":[{\"@type\":\"Article\",\"@id\":\"https:\\\/\\\/interamerica.org\\\/fr\\\/2014\\\/02\\\/en-ukraine-les-adventistes-partagent-le-message-despoir-au-milieu-de-la-crise-politique\\\/#article\",\"isPartOf\":{\"@id\":\"https:\\\/\\\/interamerica.org\\\/fr\\\/2014\\\/02\\\/en-ukraine-les-adventistes-partagent-le-message-despoir-au-milieu-de-la-crise-politique\\\/\"},\"author\":{\"name\":\"Lorenzo Verduzco\",\"@id\":\"https:\\\/\\\/interamerica.org\\\/fr\\\/#\\\/schema\\\/person\\\/68ede8bdc292885bb76c1e3810e73c39\"},\"headline\":\"En Ukraine, les Adventistes partagent le message d\u2019espoir au milieu de la crise politique\",\"datePublished\":\"2014-02-04T16:55:36+00:00\",\"dateModified\":\"2017-11-08T03:57:23+00:00\",\"mainEntityOfPage\":{\"@id\":\"https:\\\/\\\/interamerica.org\\\/fr\\\/2014\\\/02\\\/en-ukraine-les-adventistes-partagent-le-message-despoir-au-milieu-de-la-crise-politique\\\/\"},\"wordCount\":528,\"image\":{\"@id\":\"https:\\\/\\\/interamerica.org\\\/fr\\\/2014\\\/02\\\/en-ukraine-les-adventistes-partagent-le-message-despoir-au-milieu-de-la-crise-politique\\\/#primaryimage\"},\"thumbnailUrl\":\"https:\\\/\\\/interamerica.org\\\/wp-content\\\/uploads\\\/2017\\\/06\\\/ukraine.jpeg\",\"articleSection\":[\"Nouvelles de l'\u00c9glise mondiale\"],\"inLanguage\":\"fr-FR\"},{\"@type\":\"WebPage\",\"@id\":\"https:\\\/\\\/interamerica.org\\\/fr\\\/2014\\\/02\\\/en-ukraine-les-adventistes-partagent-le-message-despoir-au-milieu-de-la-crise-politique\\\/\",\"url\":\"https:\\\/\\\/interamerica.org\\\/fr\\\/2014\\\/02\\\/en-ukraine-les-adventistes-partagent-le-message-despoir-au-milieu-de-la-crise-politique\\\/\",\"name\":\"En Ukraine, les Adventistes partagent le message d\u2019espoir au milieu de la crise politique - \u00c9glise Adventiste Du Septieme Jour - Inter Am\u00e9rique Division\",\"isPartOf\":{\"@id\":\"https:\\\/\\\/interamerica.org\\\/fr\\\/#website\"},\"primaryImageOfPage\":{\"@id\":\"https:\\\/\\\/interamerica.org\\\/fr\\\/2014\\\/02\\\/en-ukraine-les-adventistes-partagent-le-message-despoir-au-milieu-de-la-crise-politique\\\/#primaryimage\"},\"image\":{\"@id\":\"https:\\\/\\\/interamerica.org\\\/fr\\\/2014\\\/02\\\/en-ukraine-les-adventistes-partagent-le-message-despoir-au-milieu-de-la-crise-politique\\\/#primaryimage\"},\"thumbnailUrl\":\"https:\\\/\\\/interamerica.org\\\/wp-content\\\/uploads\\\/2017\\\/06\\\/ukraine.jpeg\",\"datePublished\":\"2014-02-04T16:55:36+00:00\",\"dateModified\":\"2017-11-08T03:57:23+00:00\",\"author\":{\"@id\":\"https:\\\/\\\/interamerica.org\\\/fr\\\/#\\\/schema\\\/person\\\/68ede8bdc292885bb76c1e3810e73c39\"},\"breadcrumb\":{\"@id\":\"https:\\\/\\\/interamerica.org\\\/fr\\\/2014\\\/02\\\/en-ukraine-les-adventistes-partagent-le-message-despoir-au-milieu-de-la-crise-politique\\\/#breadcrumb\"},\"inLanguage\":\"fr-FR\",\"potentialAction\":[{\"@type\":\"ReadAction\",\"target\":[\"https:\\\/\\\/interamerica.org\\\/fr\\\/2014\\\/02\\\/en-ukraine-les-adventistes-partagent-le-message-despoir-au-milieu-de-la-crise-politique\\\/\"]}]},{\"@type\":\"ImageObject\",\"inLanguage\":\"fr-FR\",\"@id\":\"https:\\\/\\\/interamerica.org\\\/fr\\\/2014\\\/02\\\/en-ukraine-les-adventistes-partagent-le-message-despoir-au-milieu-de-la-crise-politique\\\/#primaryimage\",\"url\":\"https:\\\/\\\/interamerica.org\\\/wp-content\\\/uploads\\\/2017\\\/06\\\/ukraine.jpeg\",\"contentUrl\":\"https:\\\/\\\/interamerica.org\\\/wp-content\\\/uploads\\\/2017\\\/06\\\/ukraine.jpeg\",\"width\":1806,\"height\":1015},{\"@type\":\"BreadcrumbList\",\"@id\":\"https:\\\/\\\/interamerica.org\\\/fr\\\/2014\\\/02\\\/en-ukraine-les-adventistes-partagent-le-message-despoir-au-milieu-de-la-crise-politique\\\/#breadcrumb\",\"itemListElement\":[{\"@type\":\"ListItem\",\"position\":1,\"name\":\"Home\",\"item\":\"https:\\\/\\\/interamerica.org\\\/fr\\\/\"},{\"@type\":\"ListItem\",\"position\":2,\"name\":\"En Ukraine, les Adventistes partagent le message d\u2019espoir au milieu de la crise politique\"}]},{\"@type\":\"WebSite\",\"@id\":\"https:\\\/\\\/interamerica.org\\\/fr\\\/#website\",\"url\":\"https:\\\/\\\/interamerica.org\\\/fr\\\/\",\"name\":\"\u00c9glise Adventiste Du Septieme Jour - Inter Am\u00e9rique Division\",\"description\":\"\",\"potentialAction\":[{\"@type\":\"SearchAction\",\"target\":{\"@type\":\"EntryPoint\",\"urlTemplate\":\"https:\\\/\\\/interamerica.org\\\/fr\\\/?s={search_term_string}\"},\"query-input\":{\"@type\":\"PropertyValueSpecification\",\"valueRequired\":true,\"valueName\":\"search_term_string\"}}],\"inLanguage\":\"fr-FR\"},{\"@type\":\"Person\",\"@id\":\"https:\\\/\\\/interamerica.org\\\/fr\\\/#\\\/schema\\\/person\\\/68ede8bdc292885bb76c1e3810e73c39\",\"name\":\"Lorenzo Verduzco\",\"image\":{\"@type\":\"ImageObject\",\"inLanguage\":\"fr-FR\",\"@id\":\"https:\\\/\\\/secure.gravatar.com\\\/avatar\\\/fb81a55b6218459490a9c1dc841a34909185b81904c5337b4b27f7a6fd60c49e?s=96&d=mm&r=g\",\"url\":\"https:\\\/\\\/secure.gravatar.com\\\/avatar\\\/fb81a55b6218459490a9c1dc841a34909185b81904c5337b4b27f7a6fd60c49e?s=96&d=mm&r=g\",\"contentUrl\":\"https:\\\/\\\/secure.gravatar.com\\\/avatar\\\/fb81a55b6218459490a9c1dc841a34909185b81904c5337b4b27f7a6fd60c49e?s=96&d=mm&r=g\",\"caption\":\"Lorenzo Verduzco\"}}]}<\/script>\n<!-- \/ Yoast SEO plugin. -->","yoast_head_json":{"title":"En Ukraine, les Adventistes partagent le message d\u2019espoir au milieu de la crise politique - \u00c9glise Adventiste Du Septieme Jour - Inter Am\u00e9rique Division","robots":{"index":"index","follow":"follow","max-snippet":"max-snippet:-1","max-image-preview":"max-image-preview:large","max-video-preview":"max-video-preview:-1"},"canonical":"https:\/\/interamerica.org\/fr\/2014\/02\/en-ukraine-les-adventistes-partagent-le-message-despoir-au-milieu-de-la-crise-politique\/","og_locale":"fr_FR","og_type":"article","og_title":"En Ukraine, les Adventistes partagent le message d\u2019espoir au milieu de la crise politique - \u00c9glise Adventiste Du Septieme Jour - Inter Am\u00e9rique Division","og_description":"Un programme d\u2019action missionnaire organis\u00e9 par l\u2019Eglise Adventiste du Septi\u00e8me jour en Ukraine se poursuit en d\u00e9pit de la crise politique dans laquelle s\u2019enfonce de plus en plus ce pays de l\u2019Europe de l\u2019Est.","og_url":"https:\/\/interamerica.org\/fr\/2014\/02\/en-ukraine-les-adventistes-partagent-le-message-despoir-au-milieu-de-la-crise-politique\/","og_site_name":"\u00c9glise Adventiste Du Septieme Jour - Inter Am\u00e9rique Division","article_published_time":"2014-02-04T16:55:36+00:00","article_modified_time":"2017-11-08T03:57:23+00:00","og_image":[{"width":1806,"height":1015,"url":"https:\/\/interamerica.org\/wp-content\/uploads\/2017\/06\/ukraine.jpeg","type":"image\/jpeg"}],"author":"Lorenzo Verduzco","twitter_card":"summary_large_image","twitter_misc":{"\u00c9crit par":"Lorenzo Verduzco","Dur\u00e9e de lecture estim\u00e9e":"3 minutes"},"schema":{"@context":"https:\/\/schema.org","@graph":[{"@type":"Article","@id":"https:\/\/interamerica.org\/fr\/2014\/02\/en-ukraine-les-adventistes-partagent-le-message-despoir-au-milieu-de-la-crise-politique\/#article","isPartOf":{"@id":"https:\/\/interamerica.org\/fr\/2014\/02\/en-ukraine-les-adventistes-partagent-le-message-despoir-au-milieu-de-la-crise-politique\/"},"author":{"name":"Lorenzo Verduzco","@id":"https:\/\/interamerica.org\/fr\/#\/schema\/person\/68ede8bdc292885bb76c1e3810e73c39"},"headline":"En Ukraine, les Adventistes partagent le message d\u2019espoir au milieu de la crise politique","datePublished":"2014-02-04T16:55:36+00:00","dateModified":"2017-11-08T03:57:23+00:00","mainEntityOfPage":{"@id":"https:\/\/interamerica.org\/fr\/2014\/02\/en-ukraine-les-adventistes-partagent-le-message-despoir-au-milieu-de-la-crise-politique\/"},"wordCount":528,"image":{"@id":"https:\/\/interamerica.org\/fr\/2014\/02\/en-ukraine-les-adventistes-partagent-le-message-despoir-au-milieu-de-la-crise-politique\/#primaryimage"},"thumbnailUrl":"https:\/\/interamerica.org\/wp-content\/uploads\/2017\/06\/ukraine.jpeg","articleSection":["Nouvelles de l'\u00c9glise mondiale"],"inLanguage":"fr-FR"},{"@type":"WebPage","@id":"https:\/\/interamerica.org\/fr\/2014\/02\/en-ukraine-les-adventistes-partagent-le-message-despoir-au-milieu-de-la-crise-politique\/","url":"https:\/\/interamerica.org\/fr\/2014\/02\/en-ukraine-les-adventistes-partagent-le-message-despoir-au-milieu-de-la-crise-politique\/","name":"En Ukraine, les Adventistes partagent le message d\u2019espoir au milieu de la crise politique - \u00c9glise Adventiste Du Septieme Jour - Inter Am\u00e9rique Division","isPartOf":{"@id":"https:\/\/interamerica.org\/fr\/#website"},"primaryImageOfPage":{"@id":"https:\/\/interamerica.org\/fr\/2014\/02\/en-ukraine-les-adventistes-partagent-le-message-despoir-au-milieu-de-la-crise-politique\/#primaryimage"},"image":{"@id":"https:\/\/interamerica.org\/fr\/2014\/02\/en-ukraine-les-adventistes-partagent-le-message-despoir-au-milieu-de-la-crise-politique\/#primaryimage"},"thumbnailUrl":"https:\/\/interamerica.org\/wp-content\/uploads\/2017\/06\/ukraine.jpeg","datePublished":"2014-02-04T16:55:36+00:00","dateModified":"2017-11-08T03:57:23+00:00","author":{"@id":"https:\/\/interamerica.org\/fr\/#\/schema\/person\/68ede8bdc292885bb76c1e3810e73c39"},"breadcrumb":{"@id":"https:\/\/interamerica.org\/fr\/2014\/02\/en-ukraine-les-adventistes-partagent-le-message-despoir-au-milieu-de-la-crise-politique\/#breadcrumb"},"inLanguage":"fr-FR","potentialAction":[{"@type":"ReadAction","target":["https:\/\/interamerica.org\/fr\/2014\/02\/en-ukraine-les-adventistes-partagent-le-message-despoir-au-milieu-de-la-crise-politique\/"]}]},{"@type":"ImageObject","inLanguage":"fr-FR","@id":"https:\/\/interamerica.org\/fr\/2014\/02\/en-ukraine-les-adventistes-partagent-le-message-despoir-au-milieu-de-la-crise-politique\/#primaryimage","url":"https:\/\/interamerica.org\/wp-content\/uploads\/2017\/06\/ukraine.jpeg","contentUrl":"https:\/\/interamerica.org\/wp-content\/uploads\/2017\/06\/ukraine.jpeg","width":1806,"height":1015},{"@type":"BreadcrumbList","@id":"https:\/\/interamerica.org\/fr\/2014\/02\/en-ukraine-les-adventistes-partagent-le-message-despoir-au-milieu-de-la-crise-politique\/#breadcrumb","itemListElement":[{"@type":"ListItem","position":1,"name":"Home","item":"https:\/\/interamerica.org\/fr\/"},{"@type":"ListItem","position":2,"name":"En Ukraine, les Adventistes partagent le message d\u2019espoir au milieu de la crise politique"}]},{"@type":"WebSite","@id":"https:\/\/interamerica.org\/fr\/#website","url":"https:\/\/interamerica.org\/fr\/","name":"\u00c9glise Adventiste Du Septieme Jour - Inter Am\u00e9rique Division","description":"","potentialAction":[{"@type":"SearchAction","target":{"@type":"EntryPoint","urlTemplate":"https:\/\/interamerica.org\/fr\/?s={search_term_string}"},"query-input":{"@type":"PropertyValueSpecification","valueRequired":true,"valueName":"search_term_string"}}],"inLanguage":"fr-FR"},{"@type":"Person","@id":"https:\/\/interamerica.org\/fr\/#\/schema\/person\/68ede8bdc292885bb76c1e3810e73c39","name":"Lorenzo Verduzco","image":{"@type":"ImageObject","inLanguage":"fr-FR","@id":"https:\/\/secure.gravatar.com\/avatar\/fb81a55b6218459490a9c1dc841a34909185b81904c5337b4b27f7a6fd60c49e?s=96&d=mm&r=g","url":"https:\/\/secure.gravatar.com\/avatar\/fb81a55b6218459490a9c1dc841a34909185b81904c5337b4b27f7a6fd60c49e?s=96&d=mm&r=g","contentUrl":"https:\/\/secure.gravatar.com\/avatar\/fb81a55b6218459490a9c1dc841a34909185b81904c5337b4b27f7a6fd60c49e?s=96&d=mm&r=g","caption":"Lorenzo Verduzco"}}]}},"_links":{"self":[{"href":"https:\/\/interamerica.org\/fr\/wp-json\/wp\/v2\/posts\/31870","targetHints":{"allow":["GET"]}}],"collection":[{"href":"https:\/\/interamerica.org\/fr\/wp-json\/wp\/v2\/posts"}],"about":[{"href":"https:\/\/interamerica.org\/fr\/wp-json\/wp\/v2\/types\/post"}],"author":[{"embeddable":true,"href":"https:\/\/interamerica.org\/fr\/wp-json\/wp\/v2\/users\/1"}],"replies":[{"embeddable":true,"href":"https:\/\/interamerica.org\/fr\/wp-json\/wp\/v2\/comments?post=31870"}],"version-history":[{"count":0,"href":"https:\/\/interamerica.org\/fr\/wp-json\/wp\/v2\/posts\/31870\/revisions"}],"wp:featuredmedia":[{"embeddable":true,"href":"https:\/\/interamerica.org\/fr\/wp-json\/wp\/v2\/media\/22560"}],"wp:attachment":[{"href":"https:\/\/interamerica.org\/fr\/wp-json\/wp\/v2\/media?parent=31870"}],"wp:term":[{"taxonomy":"category","embeddable":true,"href":"https:\/\/interamerica.org\/fr\/wp-json\/wp\/v2\/categories?post=31870"},{"taxonomy":"post_tag","embeddable":true,"href":"https:\/\/interamerica.org\/fr\/wp-json\/wp\/v2\/tags?post=31870"}],"curies":[{"name":"wp","href":"https:\/\/api.w.org\/{rel}","templated":true}]}}